{"id":120869,"date":"2025-06-03T09:05:52","date_gmt":"2025-06-03T07:05:52","guid":{"rendered":"https:\/\/swissbaker.ch\/?p=120869"},"modified":"2025-06-05T15:32:15","modified_gmt":"2025-06-05T13:32:15","slug":"plats-personnalises-grace-au-pain-local","status":"publish","type":"post","link":"https:\/\/swissbaker.ch\/fr\/panissimo-news\/plats-personnalises-grace-au-pain-local\/","title":{"rendered":"plats personnalis\u00e9s gr\u00e2ce au pain local"},"content":{"rendered":"\n<p><strong>A La Chaux-de-Fonds (NE), le restaurant Jindamour a fait le choix d\u2019acheter son pain dans une boulangerie locale, Du Pain \u00d4 Chocolat by Mitaill\u00e9. Une volont\u00e9 de favoriser les circuits courts et d\u2019amener de la cr\u00e9ativit\u00e9 dans les plats propos\u00e9s \u00e0 la client\u00e8le.<\/strong><\/p>\n\n\n\n<p>D\u2019aussi loin qu\u2019ils se souviennent, le pain a toujours fait partie de leur quotidien. \u00abNous avions toujours du pain frais \u00e0 la maison. Cette habitude vient de mes parents et s\u00fbrement de leurs parents avant eux. Aujourd\u2019hui, avec mon m\u00e9tier, le pain est naturellement mon quotidien\u00bb, explique Patrice Mitaill\u00e9, propri\u00e9taire de la boulangerie-confiserie Du Pain \u00d4 Chocolat \u00e0 La Chaux-de-Fonds. <\/p>\n\n\n\n<figure class=\"wp-block-image size-large\"><img decoding=\"async\" width=\"801\" height=\"1024\" src=\"https:\/\/swissbaker.ch\/wp-content\/uploads\/2025\/06\/11_2_mitaille-801x1024.jpg\" alt=\"\" class=\"wp-image-120851\" srcset=\"https:\/\/swissbaker.ch\/wp-content\/uploads\/2025\/06\/11_2_mitaille-801x1024.jpg 801w, https:\/\/swissbaker.ch\/wp-content\/uploads\/2025\/06\/11_2_mitaille-768x982.jpg 768w, https:\/\/swissbaker.ch\/wp-content\/uploads\/2025\/06\/11_2_mitaille.jpg 1000w\" sizes=\"(max-width: 801px) 100vw, 801px\" \/><figcaption class=\"wp-element-caption\"><em>Muri\u00e8le et Patrice Mitaill\u00e9, de la boulangerie \u00abDu Pain \u00d4 Chocolat<\/em>\u00bb<\/figcaption><\/figure>\n\n\n\n<p>\u00abPour moi aussi, le pain rev\u00eat une importance particuli\u00e8re. Il n\u2019y a pas un repas sans pain \u00e0 la maison. J\u2019ai la certitude que la bonne r\u00e9putation d\u2019un restaurant passe aussi par la qualit\u00e9 du pain servi \u00e0 table. Raison pour laquelle nous produisons notre propre pain traditionnel en suivant une recette kurde. Pour le reste, je fais enti\u00e8rement confiance \u00e0 la boulangerie de Patrice et Muri\u00e8le\u00bb, rench\u00e9rit Ayfer Ummel, g\u00e9rante du restaurant Jindamour qu\u2019elle exploite depuis d\u00e9but avril\u202f2025 apr\u00e8s avoir g\u00e9r\u00e9 le caf\u00e9-restaurant ABC de la cit\u00e9 horlog\u00e8re durant de nombreuses ann\u00e9es.<\/p>\n\n\n\n<p>Situ\u00e9 au centre-ville de La Chaux-de-Fonds, Jindamour propose une carte aux saveurs m\u00e9diterran\u00e9ennes et orientales, ainsi que des burgers originaux tant dans leur go\u00fbt que dans leur forme. \u00abNous privil\u00e9gions les produits frais et de proximit\u00e9. Nous pr\u00e9parons nous-m\u00eames nos l\u00e9gumes kimchi qui donnent un go\u00fbt unique \u00e0 nos burgers. Pour le pain, il \u00e9tait impensable de ne pas se fournir aupr\u00e8s d\u2019une boulangerie locale. J\u2019en ai test\u00e9 plusieurs et la qualit\u00e9 des produits de Patrice et Muri\u00e8le Mitaill\u00e9 m\u2019a tout de suite convaincue. <\/p>\n\n\n\n<figure class=\"wp-block-image size-large\"><img decoding=\"async\" width=\"1024\" height=\"608\" src=\"https:\/\/swissbaker.ch\/wp-content\/uploads\/2025\/06\/11_2_mitaille_jindamour-1024x608.jpg\" alt=\"\" class=\"wp-image-120861\" srcset=\"https:\/\/swissbaker.ch\/wp-content\/uploads\/2025\/06\/11_2_mitaille_jindamour-1024x608.jpg 1024w, https:\/\/swissbaker.ch\/wp-content\/uploads\/2025\/06\/11_2_mitaille_jindamour-768x456.jpg 768w, https:\/\/swissbaker.ch\/wp-content\/uploads\/2025\/06\/11_2_mitaille_jindamour.jpg 1200w\" sizes=\"(max-width: 1024px) 100vw, 1024px\" \/><figcaption class=\"wp-element-caption\"><em>Les boulangers-confiseurs Patrice et Muri\u00e8le Mitaill\u00e9 et la restauratrice Ayfer Ummel partagent la m\u00eame philosophie: promouvoir les produits de proximit\u00e9!<\/em><\/figcaption><\/figure>\n\n\n\n<p>Tr\u00e8s vite, nous avons constat\u00e9 que nous partageons la m\u00eame philosophie: promouvoir les produits de proximit\u00e9! Nous avons eu un excellent contact qui nous a permis de b\u00e2tir une relation de confiance\u2009\u00bb, explique Ayfer Ummel. \u00abLes tenanciers qui exploitaient l\u2019\u00e9tablissement avant la cr\u00e9ation de Jindamour \u00e9taient d\u00e9j\u00e0 nos clients. Lorsqu\u2019Ayfer est venue nous voir, nous avons organis\u00e9 une d\u00e9gustation de nos diff\u00e9rents produits et ils lui ont plu. Nous sommes tr\u00e8s contents de poursuivre ce partenariat avec elle\u00bb, pr\u00e9cise Muri\u00e8le Mitaill\u00e9.<\/p>\n\n\n\n<h2 class=\"wp-block-heading\" id=\"h-du-pain-sur-mesure\">Du pain sur mesure<\/h2>\n\n\n\n<p>Viennoiseries pour le matin, pains pour focaccias et pains sans gluten destin\u00e9s aux services de midi et du soir, la vari\u00e9t\u00e9 des livraisons permet de satisfaire une large client\u00e8le. Mais la collaboration mise aussi sur l\u2019originalit\u00e9 avec un pain sp\u00e9cialement con\u00e7u pour les burgers. \u00abC\u2019est un pain \u00e0 base de p\u00e2te feuillet\u00e9e en forme d\u2019escargot. Cela nous permet de proposer un produit diff\u00e9rent \u00e0 nos clients, de nous d\u00e9marquer de la concurrence. J\u2019ai vraiment trouv\u00e9 sympa que cette boulangerie soit d\u2019accord de concevoir ce pain pour nous. C\u2019est un produit de grande qualit\u00e9 et nous nous sentons redevables de le magnifier pour cr\u00e9er un burger d\u2019exception. <\/p>\n\n\n\n<figure class=\"wp-block-image size-large\"><img decoding=\"async\" width=\"1024\" height=\"608\" src=\"https:\/\/swissbaker.ch\/wp-content\/uploads\/2025\/06\/11_2_restaurant_burger-1024x608.jpg\" alt=\"\" class=\"wp-image-120855\" srcset=\"https:\/\/swissbaker.ch\/wp-content\/uploads\/2025\/06\/11_2_restaurant_burger-1024x608.jpg 1024w, https:\/\/swissbaker.ch\/wp-content\/uploads\/2025\/06\/11_2_restaurant_burger-768x456.jpg 768w, https:\/\/swissbaker.ch\/wp-content\/uploads\/2025\/06\/11_2_restaurant_burger.jpg 1200w\" sizes=\"(max-width: 1024px) 100vw, 1024px\" \/><figcaption class=\"wp-element-caption\"><em>Produits en petite quantit\u00e9 et en p\u00e2te feuillet\u00e9e, les pains des burgers \u00e0 la forme d\u2019escargot ont sp\u00e9cialement \u00e9t\u00e9 con\u00e7us pour le restaurant Jindamour.<\/em><\/figcaption><\/figure>\n\n\n\n<p>A mes yeux, c\u2019est tr\u00e8s important\u00bb, explique la restauratrice. Et Patrice Mitaill\u00e9 de poursuivre: \u00abC\u2019est un pain tr\u00e8s sp\u00e9cifique produit en petites quantit\u00e9s. On pourrait se dire que ce n\u2019est pas une op\u00e9ration commerciale tr\u00e8s rentable, mais l\u2019int\u00e9r\u00eat est ailleurs. Nos \u00e9quipes peuvent ainsi travailler sur un produit diff\u00e9rent et casser la routine. C\u2019est tr\u00e8s valorisant de permettre \u00e0 nos collaboratrices et collaborateurs d\u2019apprendre de nouvelles choses, d\u2019innover, de se surpasser. J\u2019avoue que c\u2019est aussi une petite fiert\u00e9 de manger de tels burgers en sachant que le pain provient de ma boulangerie.\u00bb Afin de garantir une fra\u00eecheur optimale, les produits sont livr\u00e9s chaque matin, du lundi au samedi, directement au restaurant.<\/p>\n\n\n\n<h2 class=\"wp-block-heading\" id=\"h-une-provenance-clairement-affichee\">Une provenance clairement affich\u00e9e<\/h2>\n\n\n\n<p>Si depuis le 1er\u202ff\u00e9vrier 2025, les restaurateurs suisses sont oblig\u00e9s d\u2019indiquer \u00e0 leur client\u00e8le le pays de provenance du pain et des produits de boulangerie, Ayfer Ummel fait un pas suppl\u00e9mentaire pour faire conna\u00eetre ses fournisseurs. Le nom de la boulangerie Du Pain \u00d4 Chocolat figure sur un \u00e9criteau \u00e0 l\u2019int\u00e9rieur du restaurant, ce qui permet aux clients d\u2019identifier les artisans.<\/p>\n\n\n\n<figure class=\"wp-block-image size-large\"><img decoding=\"async\" width=\"1024\" height=\"608\" src=\"https:\/\/swissbaker.ch\/wp-content\/uploads\/2025\/06\/11_2_restaurant_jindamour-1024x608.jpg\" alt=\"\" class=\"wp-image-120849\" srcset=\"https:\/\/swissbaker.ch\/wp-content\/uploads\/2025\/06\/11_2_restaurant_jindamour-1024x608.jpg 1024w, https:\/\/swissbaker.ch\/wp-content\/uploads\/2025\/06\/11_2_restaurant_jindamour-768x456.jpg 768w, https:\/\/swissbaker.ch\/wp-content\/uploads\/2025\/06\/11_2_restaurant_jindamour.jpg 1200w\" sizes=\"(max-width: 1024px) 100vw, 1024px\" \/><figcaption class=\"wp-element-caption\"><em>Ayfer Ummel, g\u00e9rante du restaurant Jindamour<\/em><\/figcaption><\/figure>\n\n\n\n<p>La g\u00e9rante entend faire rayonner plus largement encore les collaborations qu\u2019elle entretient avec les producteurs locaux. \u00abNotre site internet est encore en pr\u00e9paration mais il est d\u00e9j\u00e0 pr\u00e9vu qu\u2019il contienne les noms de nos fournisseurs r\u00e9gionaux. Cette liste a deux buts. Le premier est de r\u00e9f\u00e9rencer les produits que nous proposons \u00e0 nos clients en valorisant le savoir-faire des producteurs. C\u2019est un gage de qualit\u00e9. Le second est de montrer que nous privil\u00e9gions les circuits courts, non seulement pour le pain, mais aussi pour la viande, le poisson, les l\u00e9gumes, etc. Cela fait des ann\u00e9es que je travaille de cette mani\u00e8re et ma client\u00e8le y est tr\u00e8s sensible.\u00bb<\/p>\n\n\n\n<p>Pour Patrice et Muri\u00e8le Mitaill\u00e9, l\u2019obligation pour les restaurateurs d\u2019indiquer la provenance du pain n\u2019a pas eu de grandes r\u00e9percussions sur leur chiffre d\u2019affaires, m\u00eame s\u2019ils reconnaissent que c\u2019est un avantage pour faire conna\u00eetre le nom de leur entreprise. \u00abNotre activit\u00e9 principale se d\u00e9roule dans notre boulangerie et l\u2019indication de provenance dans les restaurants ne joue donc pas un grand r\u00f4le. <\/p>\n\n\n\n<div style=\"height:26px\" aria-hidden=\"true\" class=\"wp-block-spacer\"><\/div>\n\n\n\n<blockquote class=\"wp-block-quote\">\n<p style=\"font-size:22px;font-style:italic;font-weight:600\">\u00abCette obligation d\u2019indiquer la provenance (\u2026) montre quels restaurateurs jouent le jeu.\u00bb<\/p>\n\n\n\n<p><strong>Patrice et Muri\u00e8le Mitaill\u00e9<\/strong><\/p>\n<\/blockquote>\n\n\n\n<div style=\"height:24px\" aria-hidden=\"true\" class=\"wp-block-spacer\"><\/div>\n\n\n\n<p>En revanche, cette obligation permet une r\u00e9elle transparence et montre quels restaurateurs jouent le jeu de la proximit\u00e9 et qui ne le fait pas. Tout est histoire de volont\u00e9 et de la place que l\u2019on donne au pain dans son restaurant. Certains \u00e9tablissements n\u2019ont besoin de pain que pour accompagner les plats, d\u2019autres vont en faire un des ingr\u00e9dients principaux de leurs mets. Je ne porte pas de jugement sur ces diff\u00e9rentes utilisations, mais elles ont in\u00e9vitablement un impact sur l\u2019importance que les restaurateurs mettent \u00e0 indiquer la provenance du produit.\u00bb<\/p>\n\n\n\n<figure class=\"wp-block-image size-large\"><img decoding=\"async\" width=\"1024\" height=\"608\" src=\"https:\/\/swissbaker.ch\/wp-content\/uploads\/2025\/06\/11_2_restaurant_provonance-1024x608.jpg\" alt=\"\" class=\"wp-image-120857\" srcset=\"https:\/\/swissbaker.ch\/wp-content\/uploads\/2025\/06\/11_2_restaurant_provonance-1024x608.jpg 1024w, https:\/\/swissbaker.ch\/wp-content\/uploads\/2025\/06\/11_2_restaurant_provonance-768x456.jpg 768w, https:\/\/swissbaker.ch\/wp-content\/uploads\/2025\/06\/11_2_restaurant_provonance.jpg 1200w\" sizes=\"(max-width: 1024px) 100vw, 1024px\" \/><figcaption class=\"wp-element-caption\"><em> l\u2019indication de provenance au restaurant Jindamour<\/em><\/figcaption><\/figure>\n\n\n\n<h2 class=\"wp-block-heading\" id=\"h-gagner-en-visibilite\">Gagner en visibilit\u00e9<\/h2>\n\n\n\n<p>Souvent consid\u00e9r\u00e9 comme le \u00abparent pauvre\u00bb de la gastronomie, le pain gagne en visibilit\u00e9 gr\u00e2ce \u00e0 l\u2019obligation d\u2019indiquer sa provenance. C\u2019est en tous cas l\u2019avis d\u2019Ayfer Ummel. \u00abEn tant que client, il est normal de recevoir un panier de pain lorsque je passe ma commande et c\u2019est souvent la premi\u00e8re chose que je mange en attendant de recevoir mon plat. C\u2019est une porte d\u2019entr\u00e9e dans le menu mais aussi une carte de visite du restaurant. Il est donc important qu\u2019il soit frais, de qualit\u00e9 et que sa provenance soit identifiable. J\u2019attends cela en tant que cliente. Alors comme restauratrice, je me dois d\u2019\u00eatre attentive \u00e0 la place r\u00e9serv\u00e9e au pain comme je le fais pour toutes les autres denr\u00e9es servies \u00e0 mes clients.\u00bb Une attention particuli\u00e8re qui permet de renforcer le partenariat entre producteurs et restaurateurs. <\/p>\n\n\n\n<p><a href=\"http:\/\/dupainochocolat.ch\/\" target=\"_blank\" rel=\"noreferrer noopener\"><strong>dupainochocolat.ch<\/strong><\/a><\/p>\n\n\n\n<p><a href=\"http:\/\/jindamour.ch\/\" target=\"_blank\" rel=\"noreferrer noopener\"><strong>jindamour.ch<\/strong><\/a><\/p>\n\n\n\n<p class=\"has-text-align-right\"><em>Pierre Jenny<\/em><\/p>\n\n\n\n<hr class=\"wp-block-separator has-alpha-channel-opacity\"\/>\n\n\n\n<h3 class=\"wp-block-heading\" id=\"h-nouvelle-serie-pain-amp-gastronomie-dans-panissimo\">Nouvelle s\u00e9rie \u00abPain &amp; gastronomie\u00bb dans Panissimo<\/h3>\n\n\n\n<p>L\u2019obligation de d\u00e9clarer l\u2019origine du pain et des produits de boulangerie fine s\u2019appliquant \u00e9galement \u00e0 la restauration depuis ce mois, c\u2019est l\u2019occasion id\u00e9ale pour aborder le sujet dans Panissimo. Certains restaurateurs et restauratrices montrent l\u2019exemple en mettant en sc\u00e8ne le pain avec style, par exemple avec du sel marin et de l\u2019huile d\u2019olive de qualit\u00e9, ou en l\u2019int\u00e9grant dans leurs menus tout en mentionnant la boulangerie-confiserie. Cette s\u00e9rie a pour but d\u2019augmenter la valorisation du pain et d\u2019inciter les restaurateurs, les restauratrices et les membres de la BCS \u00e0 mentionner, outre le pays d\u2019origine, la boulangerie-confiserie \u2013 comme pour la viande ou le vin. Nous y pr\u00e9sentons des exemples inspirants.<\/p>\n","protected":false},"excerpt":{"rendered":"<p>A La Chaux-de-Fonds (NE), le restaurant Jindamour a fait le choix d\u2019acheter son pain dans une boulangerie locale, Du Pain \u00d4 Chocolat by Mitaill\u00e9. Une volont\u00e9 de favoriser les circuits courts et d\u2019amener de la cr\u00e9ativit\u00e9 dans les plats propos\u00e9s \u00e0 la client\u00e8le.<\/p>\n","protected":false},"author":5,"featured_media":120849,"comment_status":"closed","ping_status":"closed","sticky":true,"template":"","format":"standard","meta":{"_acf_changed":false,"footnotes":""},"categories":[775],"tags":[971,973,972],"class_list":["post-120869","post","type-post","status-publish","format-standard","has-post-thumbnail","hentry","category-pain-gastronomie","tag-du-pain-o-chocolat-by-mitaille-2","tag-la-chaux-de-fonds-2","tag-restaurant-jindamour-2"],"acf":[],"yoast_head":"<!-- This site is optimized with the Yoast SEO Premium plugin v26.8 (Yoast SEO v26.8) - https:\/\/yoast.com\/product\/yoast-seo-premium-wordpress\/ -->\n<title>plats personnalis\u00e9s gr\u00e2ce au pain local | SBC<\/title>\n<meta name=\"robots\" content=\"index, follow, max-snippet:-1, max-image-preview:large, max-video-preview:-1\" \/>\n<link rel=\"canonical\" href=\"https:\/\/swissbaker.ch\/fr\/panissimo-news\/plats-personnalises-grace-au-pain-local\/\" \/>\n<meta property=\"og:locale\" content=\"fr_FR\" \/>\n<meta property=\"og:type\" content=\"article\" \/>\n<meta property=\"og:title\" content=\"plats personnalis\u00e9s gr\u00e2ce au pain local\" \/>\n<meta property=\"og:description\" content=\"A La Chaux-de-Fonds (NE), le restaurant Jindamour a fait le choix d\u2019acheter son pain dans une boulangerie locale, Du Pain \u00d4 Chocolat by Mitaill\u00e9. Une volont\u00e9 de favoriser les circuits courts et d\u2019amener de la cr\u00e9ativit\u00e9 dans les plats propos\u00e9s \u00e0 la client\u00e8le.\" \/>\n<meta property=\"og:url\" content=\"https:\/\/swissbaker.ch\/fr\/panissimo-news\/plats-personnalises-grace-au-pain-local\/\" \/>\n<meta property=\"og:site_name\" content=\"SBC\" \/>\n<meta property=\"article:publisher\" content=\"https:\/\/www.facebook.com\/swissbaker.ch\" \/>\n<meta property=\"article:published_time\" content=\"2025-06-03T07:05:52+00:00\" \/>\n<meta property=\"article:modified_time\" content=\"2025-06-05T13:32:15+00:00\" \/>\n<meta property=\"og:image\" content=\"https:\/\/swissbaker.ch\/wp-content\/uploads\/2025\/06\/11_2_restaurant_jindamour.jpg\" \/>\n\t<meta property=\"og:image:width\" content=\"1200\" \/>\n\t<meta property=\"og:image:height\" content=\"712\" \/>\n\t<meta property=\"og:image:type\" content=\"image\/jpeg\" \/>\n<meta name=\"author\" content=\"Simon Nussbaum\" \/>\n<meta name=\"twitter:card\" content=\"summary_large_image\" \/>\n<meta name=\"twitter:creator\" content=\"@ch_swissbaker\" \/>\n<meta name=\"twitter:site\" content=\"@ch_swissbaker\" \/>\n<meta name=\"twitter:label1\" content=\"Written by\" \/>\n\t<meta name=\"twitter:data1\" content=\"Simon Nussbaum\" \/>\n\t<meta name=\"twitter:label2\" content=\"Est. reading time\" \/>\n\t<meta name=\"twitter:data2\" content=\"7 minutes\" \/>\n<script type=\"application\/ld+json\" class=\"yoast-schema-graph\">{\"@context\":\"https:\/\/schema.org\",\"@graph\":[{\"@type\":\"Article\",\"@id\":\"https:\/\/swissbaker.ch\/fr\/panissimo-news\/plats-personnalises-grace-au-pain-local\/#article\",\"isPartOf\":{\"@id\":\"https:\/\/swissbaker.ch\/fr\/panissimo-news\/plats-personnalises-grace-au-pain-local\/\"},\"author\":{\"name\":\"Simon Nussbaum\",\"@id\":\"https:\/\/swissbaker.ch\/fr\/#\/schema\/person\/74bd327b08c18ca6042c02ff6f0ed5e2\"},\"headline\":\"plats personnalis\u00e9s gr\u00e2ce au pain local\",\"datePublished\":\"2025-06-03T07:05:52+00:00\",\"dateModified\":\"2025-06-05T13:32:15+00:00\",\"mainEntityOfPage\":{\"@id\":\"https:\/\/swissbaker.ch\/fr\/panissimo-news\/plats-personnalises-grace-au-pain-local\/\"},\"wordCount\":1422,\"publisher\":{\"@id\":\"https:\/\/swissbaker.ch\/fr\/#organization\"},\"image\":{\"@id\":\"https:\/\/swissbaker.ch\/fr\/panissimo-news\/plats-personnalises-grace-au-pain-local\/#primaryimage\"},\"thumbnailUrl\":\"https:\/\/swissbaker.ch\/wp-content\/uploads\/2025\/06\/11_2_restaurant_jindamour.jpg\",\"keywords\":[\"Du Pain \u00d4 Chocolat by Mitaill\u00e9\",\"La Chaux-de-Fonds\",\"Restaurant Jindamour\"],\"articleSection\":[\"Pain &amp; gastronomie\"],\"inLanguage\":\"fr-FR\"},{\"@type\":\"WebPage\",\"@id\":\"https:\/\/swissbaker.ch\/fr\/panissimo-news\/plats-personnalises-grace-au-pain-local\/\",\"url\":\"https:\/\/swissbaker.ch\/fr\/panissimo-news\/plats-personnalises-grace-au-pain-local\/\",\"name\":\"plats personnalis\u00e9s gr\u00e2ce au pain local | SBC\",\"isPartOf\":{\"@id\":\"https:\/\/swissbaker.ch\/fr\/#website\"},\"primaryImageOfPage\":{\"@id\":\"https:\/\/swissbaker.ch\/fr\/panissimo-news\/plats-personnalises-grace-au-pain-local\/#primaryimage\"},\"image\":{\"@id\":\"https:\/\/swissbaker.ch\/fr\/panissimo-news\/plats-personnalises-grace-au-pain-local\/#primaryimage\"},\"thumbnailUrl\":\"https:\/\/swissbaker.ch\/wp-content\/uploads\/2025\/06\/11_2_restaurant_jindamour.jpg\",\"datePublished\":\"2025-06-03T07:05:52+00:00\",\"dateModified\":\"2025-06-05T13:32:15+00:00\",\"breadcrumb\":{\"@id\":\"https:\/\/swissbaker.ch\/fr\/panissimo-news\/plats-personnalises-grace-au-pain-local\/#breadcrumb\"},\"inLanguage\":\"fr-FR\",\"potentialAction\":[{\"@type\":\"ReadAction\",\"target\":[\"https:\/\/swissbaker.ch\/fr\/panissimo-news\/plats-personnalises-grace-au-pain-local\/\"]}]},{\"@type\":\"ImageObject\",\"inLanguage\":\"fr-FR\",\"@id\":\"https:\/\/swissbaker.ch\/fr\/panissimo-news\/plats-personnalises-grace-au-pain-local\/#primaryimage\",\"url\":\"https:\/\/swissbaker.ch\/wp-content\/uploads\/2025\/06\/11_2_restaurant_jindamour.jpg\",\"contentUrl\":\"https:\/\/swissbaker.ch\/wp-content\/uploads\/2025\/06\/11_2_restaurant_jindamour.jpg\",\"width\":1200,\"height\":712},{\"@type\":\"BreadcrumbList\",\"@id\":\"https:\/\/swissbaker.ch\/fr\/panissimo-news\/plats-personnalises-grace-au-pain-local\/#breadcrumb\",\"itemListElement\":[{\"@type\":\"ListItem\",\"position\":1,\"name\":\"\",\"item\":\"https:\/\/swissbaker.ch\/fr\/\"},{\"@type\":\"ListItem\",\"position\":2,\"name\":\"Pain &amp; gastronomie\",\"item\":\"https:\/\/swissbaker.ch\/fr\/panissimo-news\/category\/pain-gastronomie\/\"},{\"@type\":\"ListItem\",\"position\":3,\"name\":\"plats personnalis\u00e9s gr\u00e2ce au pain local\"}]},{\"@type\":\"WebSite\",\"@id\":\"https:\/\/swissbaker.ch\/fr\/#website\",\"url\":\"https:\/\/swissbaker.ch\/fr\/\",\"name\":\"SBC\",\"description\":\"\",\"publisher\":{\"@id\":\"https:\/\/swissbaker.ch\/fr\/#organization\"},\"potentialAction\":[{\"@type\":\"SearchAction\",\"target\":{\"@type\":\"EntryPoint\",\"urlTemplate\":\"https:\/\/swissbaker.ch\/fr\/?s={search_term_string}\"},\"query-input\":{\"@type\":\"PropertyValueSpecification\",\"valueRequired\":true,\"valueName\":\"search_term_string\"}}],\"inLanguage\":\"fr-FR\"},{\"@type\":\"Organization\",\"@id\":\"https:\/\/swissbaker.ch\/fr\/#organization\",\"name\":\"Schweizerischer B\u00e4cker-Confiseurmeister-Verband\",\"url\":\"https:\/\/swissbaker.ch\/fr\/\",\"logo\":{\"@type\":\"ImageObject\",\"inLanguage\":\"fr-FR\",\"@id\":\"https:\/\/swissbaker.ch\/fr\/#\/schema\/logo\/image\/\",\"url\":\"https:\/\/swissbaker.ch\/wp-content\/uploads\/2022\/04\/sbc-logo-yoast.jpg\",\"contentUrl\":\"https:\/\/swissbaker.ch\/wp-content\/uploads\/2022\/04\/sbc-logo-yoast.jpg\",\"width\":512,\"height\":512,\"caption\":\"Schweizerischer B\u00e4cker-Confiseurmeister-Verband\"},\"image\":{\"@id\":\"https:\/\/swissbaker.ch\/fr\/#\/schema\/logo\/image\/\"},\"sameAs\":[\"https:\/\/www.facebook.com\/swissbaker.ch\",\"https:\/\/x.com\/ch_swissbaker\"]},{\"@type\":\"Person\",\"@id\":\"https:\/\/swissbaker.ch\/fr\/#\/schema\/person\/74bd327b08c18ca6042c02ff6f0ed5e2\",\"name\":\"Simon Nussbaum\",\"image\":{\"@type\":\"ImageObject\",\"inLanguage\":\"fr-FR\",\"@id\":\"https:\/\/swissbaker.ch\/fr\/#\/schema\/person\/image\/\",\"url\":\"https:\/\/secure.gravatar.com\/avatar\/df0eced3bb556c806cb760cf503ade1ed1df25b4104d80d6fd28d93a9509aa12?s=96&d=mm&r=g\",\"contentUrl\":\"https:\/\/secure.gravatar.com\/avatar\/df0eced3bb556c806cb760cf503ade1ed1df25b4104d80d6fd28d93a9509aa12?s=96&d=mm&r=g\",\"caption\":\"Simon Nussbaum\"},\"url\":\"https:\/\/swissbaker.ch\/fr\/panissimo-news\/author\/simon-nussbaum\/\"}]}<\/script>\n<!-- \/ Yoast SEO Premium plugin. -->","yoast_head_json":{"title":"plats personnalis\u00e9s gr\u00e2ce au pain local | SBC","robots":{"index":"index","follow":"follow","max-snippet":"max-snippet:-1","max-image-preview":"max-image-preview:large","max-video-preview":"max-video-preview:-1"},"canonical":"https:\/\/swissbaker.ch\/fr\/panissimo-news\/plats-personnalises-grace-au-pain-local\/","og_locale":"fr_FR","og_type":"article","og_title":"plats personnalis\u00e9s gr\u00e2ce au pain local","og_description":"A La Chaux-de-Fonds (NE), le restaurant Jindamour a fait le choix d\u2019acheter son pain dans une boulangerie locale, Du Pain \u00d4 Chocolat by Mitaill\u00e9. Une volont\u00e9 de favoriser les circuits courts et d\u2019amener de la cr\u00e9ativit\u00e9 dans les plats propos\u00e9s \u00e0 la client\u00e8le.","og_url":"https:\/\/swissbaker.ch\/fr\/panissimo-news\/plats-personnalises-grace-au-pain-local\/","og_site_name":"SBC","article_publisher":"https:\/\/www.facebook.com\/swissbaker.ch","article_published_time":"2025-06-03T07:05:52+00:00","article_modified_time":"2025-06-05T13:32:15+00:00","og_image":[{"width":1200,"height":712,"url":"https:\/\/swissbaker.ch\/wp-content\/uploads\/2025\/06\/11_2_restaurant_jindamour.jpg","type":"image\/jpeg"}],"author":"Simon Nussbaum","twitter_card":"summary_large_image","twitter_creator":"@ch_swissbaker","twitter_site":"@ch_swissbaker","twitter_misc":{"Written by":"Simon Nussbaum","Est. reading time":"7 minutes"},"schema":{"@context":"https:\/\/schema.org","@graph":[{"@type":"Article","@id":"https:\/\/swissbaker.ch\/fr\/panissimo-news\/plats-personnalises-grace-au-pain-local\/#article","isPartOf":{"@id":"https:\/\/swissbaker.ch\/fr\/panissimo-news\/plats-personnalises-grace-au-pain-local\/"},"author":{"name":"Simon Nussbaum","@id":"https:\/\/swissbaker.ch\/fr\/#\/schema\/person\/74bd327b08c18ca6042c02ff6f0ed5e2"},"headline":"plats personnalis\u00e9s gr\u00e2ce au pain local","datePublished":"2025-06-03T07:05:52+00:00","dateModified":"2025-06-05T13:32:15+00:00","mainEntityOfPage":{"@id":"https:\/\/swissbaker.ch\/fr\/panissimo-news\/plats-personnalises-grace-au-pain-local\/"},"wordCount":1422,"publisher":{"@id":"https:\/\/swissbaker.ch\/fr\/#organization"},"image":{"@id":"https:\/\/swissbaker.ch\/fr\/panissimo-news\/plats-personnalises-grace-au-pain-local\/#primaryimage"},"thumbnailUrl":"https:\/\/swissbaker.ch\/wp-content\/uploads\/2025\/06\/11_2_restaurant_jindamour.jpg","keywords":["Du Pain \u00d4 Chocolat by Mitaill\u00e9","La Chaux-de-Fonds","Restaurant Jindamour"],"articleSection":["Pain &amp; gastronomie"],"inLanguage":"fr-FR"},{"@type":"WebPage","@id":"https:\/\/swissbaker.ch\/fr\/panissimo-news\/plats-personnalises-grace-au-pain-local\/","url":"https:\/\/swissbaker.ch\/fr\/panissimo-news\/plats-personnalises-grace-au-pain-local\/","name":"plats personnalis\u00e9s gr\u00e2ce au pain local | SBC","isPartOf":{"@id":"https:\/\/swissbaker.ch\/fr\/#website"},"primaryImageOfPage":{"@id":"https:\/\/swissbaker.ch\/fr\/panissimo-news\/plats-personnalises-grace-au-pain-local\/#primaryimage"},"image":{"@id":"https:\/\/swissbaker.ch\/fr\/panissimo-news\/plats-personnalises-grace-au-pain-local\/#primaryimage"},"thumbnailUrl":"https:\/\/swissbaker.ch\/wp-content\/uploads\/2025\/06\/11_2_restaurant_jindamour.jpg","datePublished":"2025-06-03T07:05:52+00:00","dateModified":"2025-06-05T13:32:15+00:00","breadcrumb":{"@id":"https:\/\/swissbaker.ch\/fr\/panissimo-news\/plats-personnalises-grace-au-pain-local\/#breadcrumb"},"inLanguage":"fr-FR","potentialAction":[{"@type":"ReadAction","target":["https:\/\/swissbaker.ch\/fr\/panissimo-news\/plats-personnalises-grace-au-pain-local\/"]}]},{"@type":"ImageObject","inLanguage":"fr-FR","@id":"https:\/\/swissbaker.ch\/fr\/panissimo-news\/plats-personnalises-grace-au-pain-local\/#primaryimage","url":"https:\/\/swissbaker.ch\/wp-content\/uploads\/2025\/06\/11_2_restaurant_jindamour.jpg","contentUrl":"https:\/\/swissbaker.ch\/wp-content\/uploads\/2025\/06\/11_2_restaurant_jindamour.jpg","width":1200,"height":712},{"@type":"BreadcrumbList","@id":"https:\/\/swissbaker.ch\/fr\/panissimo-news\/plats-personnalises-grace-au-pain-local\/#breadcrumb","itemListElement":[{"@type":"ListItem","position":1,"name":"","item":"https:\/\/swissbaker.ch\/fr\/"},{"@type":"ListItem","position":2,"name":"Pain &amp; gastronomie","item":"https:\/\/swissbaker.ch\/fr\/panissimo-news\/category\/pain-gastronomie\/"},{"@type":"ListItem","position":3,"name":"plats personnalis\u00e9s gr\u00e2ce au pain local"}]},{"@type":"WebSite","@id":"https:\/\/swissbaker.ch\/fr\/#website","url":"https:\/\/swissbaker.ch\/fr\/","name":"SBC","description":"","publisher":{"@id":"https:\/\/swissbaker.ch\/fr\/#organization"},"potentialAction":[{"@type":"SearchAction","target":{"@type":"EntryPoint","urlTemplate":"https:\/\/swissbaker.ch\/fr\/?s={search_term_string}"},"query-input":{"@type":"PropertyValueSpecification","valueRequired":true,"valueName":"search_term_string"}}],"inLanguage":"fr-FR"},{"@type":"Organization","@id":"https:\/\/swissbaker.ch\/fr\/#organization","name":"Schweizerischer B\u00e4cker-Confiseurmeister-Verband","url":"https:\/\/swissbaker.ch\/fr\/","logo":{"@type":"ImageObject","inLanguage":"fr-FR","@id":"https:\/\/swissbaker.ch\/fr\/#\/schema\/logo\/image\/","url":"https:\/\/swissbaker.ch\/wp-content\/uploads\/2022\/04\/sbc-logo-yoast.jpg","contentUrl":"https:\/\/swissbaker.ch\/wp-content\/uploads\/2022\/04\/sbc-logo-yoast.jpg","width":512,"height":512,"caption":"Schweizerischer B\u00e4cker-Confiseurmeister-Verband"},"image":{"@id":"https:\/\/swissbaker.ch\/fr\/#\/schema\/logo\/image\/"},"sameAs":["https:\/\/www.facebook.com\/swissbaker.ch","https:\/\/x.com\/ch_swissbaker"]},{"@type":"Person","@id":"https:\/\/swissbaker.ch\/fr\/#\/schema\/person\/74bd327b08c18ca6042c02ff6f0ed5e2","name":"Simon Nussbaum","image":{"@type":"ImageObject","inLanguage":"fr-FR","@id":"https:\/\/swissbaker.ch\/fr\/#\/schema\/person\/image\/","url":"https:\/\/secure.gravatar.com\/avatar\/df0eced3bb556c806cb760cf503ade1ed1df25b4104d80d6fd28d93a9509aa12?s=96&d=mm&r=g","contentUrl":"https:\/\/secure.gravatar.com\/avatar\/df0eced3bb556c806cb760cf503ade1ed1df25b4104d80d6fd28d93a9509aa12?s=96&d=mm&r=g","caption":"Simon Nussbaum"},"url":"https:\/\/swissbaker.ch\/fr\/panissimo-news\/author\/simon-nussbaum\/"}]}},"_links":{"self":[{"href":"https:\/\/swissbaker.ch\/fr\/wp-json\/wp\/v2\/posts\/120869","targetHints":{"allow":["GET"]}}],"collection":[{"href":"https:\/\/swissbaker.ch\/fr\/wp-json\/wp\/v2\/posts"}],"about":[{"href":"https:\/\/swissbaker.ch\/fr\/wp-json\/wp\/v2\/types\/post"}],"author":[{"embeddable":true,"href":"https:\/\/swissbaker.ch\/fr\/wp-json\/wp\/v2\/users\/5"}],"replies":[{"embeddable":true,"href":"https:\/\/swissbaker.ch\/fr\/wp-json\/wp\/v2\/comments?post=120869"}],"version-history":[{"count":0,"href":"https:\/\/swissbaker.ch\/fr\/wp-json\/wp\/v2\/posts\/120869\/revisions"}],"wp:featuredmedia":[{"embeddable":true,"href":"https:\/\/swissbaker.ch\/fr\/wp-json\/wp\/v2\/media\/120849"}],"wp:attachment":[{"href":"https:\/\/swissbaker.ch\/fr\/wp-json\/wp\/v2\/media?parent=120869"}],"wp:term":[{"taxonomy":"category","embeddable":true,"href":"https:\/\/swissbaker.ch\/fr\/wp-json\/wp\/v2\/categories?post=120869"},{"taxonomy":"post_tag","embeddable":true,"href":"https:\/\/swissbaker.ch\/fr\/wp-json\/wp\/v2\/tags?post=120869"}],"curies":[{"name":"wp","href":"https:\/\/api.w.org\/{rel}","templated":true}]}}