{"id":120194,"date":"2025-05-14T16:58:39","date_gmt":"2025-05-14T14:58:39","guid":{"rendered":"https:\/\/swissbaker.ch\/?p=120194"},"modified":"2025-05-15T15:11:11","modified_gmt":"2025-05-15T13:11:11","slug":"la-premiere-du-president-fornerod","status":"publish","type":"post","link":"https:\/\/swissbaker.ch\/fr\/panissimo-news\/la-premiere-du-president-fornerod\/","title":{"rendered":"La premi\u00e8re du pr\u00e9sident Fornerod"},"content":{"rendered":"\n<p><strong>Les d\u00e9l\u00e9gu\u00e9s de l\u2019Association romande des artisans boulangers-p\u00e2tissiers-confiseurs (ARABPC) ont tenu leur assembl\u00e9e g\u00e9n\u00e9rale au Centre romand de comp\u00e9tences boulangers-confiseurs \u00e0 Yverdon-les-Bains (VD), le 6\u202fmai. Il s\u2019agissait des premi\u00e8res assises du Vaudois G\u00e9rard Fornerod au poste de pr\u00e9sident.<\/strong><br><\/p>\n\n\n\n<h2 class=\"wp-block-heading\" id=\"h-echange-partage-entraide\">Echange, partage, entraide<\/h2>\n\n\n\n<p>Les 37 repr\u00e9sentants cantonaux et invit\u00e9s ont notamment eu connaissance des multiples activit\u00e9s qui ont occup\u00e9 et occuperont les commissions mises en place l\u2019ann\u00e9e derni\u00e8re. Parmi celles-ci, la commission Avenir et formation planche sur la constitution d\u2019une \u00e9quipe pour la Coupe du monde de la boulangerie en octobre \u00e0 Nantes (F), sur l\u2019organisation d\u2019apr\u00e8s-midi rencontre de la vente ou sur la mise en place d\u2019une journ\u00e9e d\u2019\u00e9changes destin\u00e9e aux formateurs.<\/p>\n\n\n\n<p>Image et promotion souhaite \u00e9duquer le public \u00e0 la richesse gustative du secteur au travers d\u2019ateliers sensoriels. \u00ab\u2009L\u2019id\u00e9e est d\u2019amener les gens \u00e0 d\u00e9guster un pain ou un chocolat, un peu comme un vin. Nous esp\u00e9rons pouvoir cr\u00e9er un lien \u00e9motionnel avec les consommateurs\u2009\u00bb, a expliqu\u00e9 sa responsable Marie Perriard.<\/p>\n\n\n\n<p>Du c\u00f4t\u00e9 de Soutien aux membres, la commission a mis sur pied des journ\u00e9es de r\u00e9seautage. Apr\u00e8s une premi\u00e8re \u00e0 Troitorrents (VS), trois autres sont \u00e0 venir, dont une \u00e0 Bottens (VD), le 19\u202fmai sur la gestion d\u2019une \u00e9quipe. Le groupe emmen\u00e9 par Fabienne Germanier-Nicod pr\u00e9pare aussi un kit destin\u00e9 \u00e0 accompagner les artisans \u00e0 l\u2019ouverture d\u2019un commerce. \u00ab\u2009Il progresse petit \u00e0 petit. Chacune de nos rencontres est l\u2019occasion d\u2019y ajouter de nouveaux \u00e9l\u00e9ments utiles et concrets\u2009\u00bb, a-t-elle pr\u00e9cis\u00e9.<\/p>\n\n\n\n<h2 class=\"wp-block-heading\" id=\"h-soutenez-activement-votre-ecole\">\u00abSoutenez activement votre \u00e9cole\u00bb<\/h2>\n\n\n\n<p>Dans les divers, le pr\u00e9sident de la BCS Silvan Hotz a profit\u00e9 de la tenue de l\u2019assembl\u00e9e dans l\u2019enceinte des locaux abritant Richemont Romandie, pour rappeler l\u2019importance de la structure de formation. \u00ab\u2009Comme je l\u2019ai dit lors de son inauguration, cette \u00e9cole francophone est n\u00e9cessaire pour le bon fonctionnement de la formation dans toute la Suisse, mais je ne peux me battre seul pour son maintien. Vous devez y participer activement. Il ne sert \u00e0 rien de s\u2019investir pour rempoter une fleur si on ne l\u2019arrose pas par la suite. (\u2026) Soutenez activement, votre, notre \u00e9cole.\u2009\u00bb L\u2019association suisse travaille d\u2019ailleurs sur son avenir et celui de la fa\u00eeti\u00e8re, dans le cadre de processus strat\u00e9giques.<\/p>\n\n\n\n<p>Cyril Bezen\u00e7on, artisan \u00e0 Goumoens-la-Ville (VD), a pr\u00e9sent\u00e9 l\u2019Espace du bl\u00e9 au pain, en tant que pr\u00e9sident de la Coop\u00e9rative des boulangers du Gros-de-Vaud. Budg\u00e9t\u00e9 \u00e0 14\u202fmillions de francs, cet espace devrait servir de vitrine pour la fili\u00e8re avec notamment un mus\u00e9e, une boulangerie, un magasin et une surface d\u2019exposition. Son inauguration est esp\u00e9r\u00e9e pour 2028 \u00e0 Echallens (VD), \u00e0 l\u2019occasion de la prochaine F\u00eate du bl\u00e9 et du pain.<\/p>\n\n\n\n<p>A signaler que l\u2019assembl\u00e9e a accept\u00e9 les comptes 2024, le budget 2025 et les cotisations 2026. Un ap\u00e9ritif d\u00eenatoire concoct\u00e9 par le Swiss Bakery Champion, Christophe Ackermann de Grandson (VD) a cl\u00f4tur\u00e9 la matin\u00e9e.<\/p>\n\n\n\n<p><a href=\"https:\/\/swissbaker.ch\/fr\/panissimo-news\/galerie\/lassemblee-des-delegues-de-larabpc-2025\/\"><strong>Galerie de photos&#8230;\u00bb<\/strong><\/a><\/p>\n\n\n\n<p class=\"has-text-align-right\"><em>Johann Ruppen<\/em><\/p>\n","protected":false},"excerpt":{"rendered":"<p>Les d\u00e9l\u00e9gu\u00e9s de l\u2019Association romande des artisans boulangers-p\u00e2tissiers-confiseurs (ARABPC) ont tenu leur assembl\u00e9e g\u00e9n\u00e9rale au Centre romand de comp\u00e9tences boulangers-confiseurs \u00e0 Yverdon-les-Bains (VD), le 6\u202fmai. Il s\u2019agissait des premi\u00e8res assises du Vaudois G\u00e9rard Fornerod au poste de pr\u00e9sident.<\/p>\n","protected":false},"author":5,"featured_media":120199,"comment_status":"closed","ping_status":"closed","sticky":true,"template":"","format":"standard","meta":{"_acf_changed":false,"footnotes":""},"categories":[41,40],"tags":[],"class_list":["post-120194","post","type-post","status-publish","format-standard","has-post-thumbnail","hentry","category-association","category-des-cantons"],"acf":[],"yoast_head":"<!-- This site is optimized with the Yoast SEO Premium plugin v26.8 (Yoast SEO v26.8) - https:\/\/yoast.com\/product\/yoast-seo-premium-wordpress\/ -->\n<title>La premi\u00e8re du pr\u00e9sident Fornerod | SBC<\/title>\n<meta name=\"robots\" content=\"index, follow, max-snippet:-1, max-image-preview:large, max-video-preview:-1\" \/>\n<link rel=\"canonical\" href=\"https:\/\/swissbaker.ch\/fr\/panissimo-news\/la-premiere-du-president-fornerod\/\" \/>\n<meta property=\"og:locale\" content=\"fr_FR\" \/>\n<meta property=\"og:type\" content=\"article\" \/>\n<meta property=\"og:title\" content=\"La premi\u00e8re du pr\u00e9sident Fornerod\" \/>\n<meta property=\"og:description\" content=\"Les d\u00e9l\u00e9gu\u00e9s de l\u2019Association romande des artisans boulangers-p\u00e2tissiers-confiseurs (ARABPC) ont tenu leur assembl\u00e9e g\u00e9n\u00e9rale au Centre romand de comp\u00e9tences boulangers-confiseurs \u00e0 Yverdon-les-Bains (VD), le 6\u202fmai. Il s\u2019agissait des premi\u00e8res assises du Vaudois G\u00e9rard Fornerod au poste de pr\u00e9sident.\" \/>\n<meta property=\"og:url\" content=\"https:\/\/swissbaker.ch\/fr\/panissimo-news\/la-premiere-du-president-fornerod\/\" \/>\n<meta property=\"og:site_name\" content=\"SBC\" \/>\n<meta property=\"article:publisher\" content=\"https:\/\/www.facebook.com\/swissbaker.ch\" \/>\n<meta property=\"article:published_time\" content=\"2025-05-14T14:58:39+00:00\" \/>\n<meta property=\"article:modified_time\" content=\"2025-05-15T13:11:11+00:00\" \/>\n<meta property=\"og:image\" content=\"https:\/\/swissbaker.ch\/wp-content\/uploads\/2025\/05\/10_1_gv_arabpc_bilan.jpg\" \/>\n\t<meta property=\"og:image:width\" content=\"1200\" \/>\n\t<meta property=\"og:image:height\" content=\"712\" \/>\n\t<meta property=\"og:image:type\" content=\"image\/jpeg\" \/>\n<meta name=\"author\" content=\"Simon Nussbaum\" \/>\n<meta name=\"twitter:card\" content=\"summary_large_image\" \/>\n<meta name=\"twitter:creator\" content=\"@ch_swissbaker\" \/>\n<meta name=\"twitter:site\" content=\"@ch_swissbaker\" \/>\n<meta name=\"twitter:label1\" content=\"Written by\" \/>\n\t<meta name=\"twitter:data1\" content=\"Simon Nussbaum\" \/>\n\t<meta name=\"twitter:label2\" content=\"Est. reading time\" \/>\n\t<meta name=\"twitter:data2\" content=\"3 minutes\" \/>\n<script type=\"application\/ld+json\" class=\"yoast-schema-graph\">{\"@context\":\"https:\/\/schema.org\",\"@graph\":[{\"@type\":\"Article\",\"@id\":\"https:\/\/swissbaker.ch\/fr\/panissimo-news\/la-premiere-du-president-fornerod\/#article\",\"isPartOf\":{\"@id\":\"https:\/\/swissbaker.ch\/fr\/panissimo-news\/la-premiere-du-president-fornerod\/\"},\"author\":{\"name\":\"Simon Nussbaum\",\"@id\":\"https:\/\/swissbaker.ch\/fr\/#\/schema\/person\/74bd327b08c18ca6042c02ff6f0ed5e2\"},\"headline\":\"La premi\u00e8re du pr\u00e9sident Fornerod\",\"datePublished\":\"2025-05-14T14:58:39+00:00\",\"dateModified\":\"2025-05-15T13:11:11+00:00\",\"mainEntityOfPage\":{\"@id\":\"https:\/\/swissbaker.ch\/fr\/panissimo-news\/la-premiere-du-president-fornerod\/\"},\"wordCount\":533,\"publisher\":{\"@id\":\"https:\/\/swissbaker.ch\/fr\/#organization\"},\"image\":{\"@id\":\"https:\/\/swissbaker.ch\/fr\/panissimo-news\/la-premiere-du-president-fornerod\/#primaryimage\"},\"thumbnailUrl\":\"https:\/\/swissbaker.ch\/wp-content\/uploads\/2025\/05\/10_1_gv_arabpc_bilan.jpg\",\"articleSection\":[\"Association\",\"Des cantons\"],\"inLanguage\":\"fr-FR\"},{\"@type\":\"WebPage\",\"@id\":\"https:\/\/swissbaker.ch\/fr\/panissimo-news\/la-premiere-du-president-fornerod\/\",\"url\":\"https:\/\/swissbaker.ch\/fr\/panissimo-news\/la-premiere-du-president-fornerod\/\",\"name\":\"La premi\u00e8re du pr\u00e9sident Fornerod | SBC\",\"isPartOf\":{\"@id\":\"https:\/\/swissbaker.ch\/fr\/#website\"},\"primaryImageOfPage\":{\"@id\":\"https:\/\/swissbaker.ch\/fr\/panissimo-news\/la-premiere-du-president-fornerod\/#primaryimage\"},\"image\":{\"@id\":\"https:\/\/swissbaker.ch\/fr\/panissimo-news\/la-premiere-du-president-fornerod\/#primaryimage\"},\"thumbnailUrl\":\"https:\/\/swissbaker.ch\/wp-content\/uploads\/2025\/05\/10_1_gv_arabpc_bilan.jpg\",\"datePublished\":\"2025-05-14T14:58:39+00:00\",\"dateModified\":\"2025-05-15T13:11:11+00:00\",\"breadcrumb\":{\"@id\":\"https:\/\/swissbaker.ch\/fr\/panissimo-news\/la-premiere-du-president-fornerod\/#breadcrumb\"},\"inLanguage\":\"fr-FR\",\"potentialAction\":[{\"@type\":\"ReadAction\",\"target\":[\"https:\/\/swissbaker.ch\/fr\/panissimo-news\/la-premiere-du-president-fornerod\/\"]}]},{\"@type\":\"ImageObject\",\"inLanguage\":\"fr-FR\",\"@id\":\"https:\/\/swissbaker.ch\/fr\/panissimo-news\/la-premiere-du-president-fornerod\/#primaryimage\",\"url\":\"https:\/\/swissbaker.ch\/wp-content\/uploads\/2025\/05\/10_1_gv_arabpc_bilan.jpg\",\"contentUrl\":\"https:\/\/swissbaker.ch\/wp-content\/uploads\/2025\/05\/10_1_gv_arabpc_bilan.jpg\",\"width\":1200,\"height\":712},{\"@type\":\"BreadcrumbList\",\"@id\":\"https:\/\/swissbaker.ch\/fr\/panissimo-news\/la-premiere-du-president-fornerod\/#breadcrumb\",\"itemListElement\":[{\"@type\":\"ListItem\",\"position\":1,\"name\":\"\",\"item\":\"https:\/\/swissbaker.ch\/fr\/\"},{\"@type\":\"ListItem\",\"position\":2,\"name\":\"Association\",\"item\":\"https:\/\/swissbaker.ch\/fr\/panissimo-news\/category\/association\/\"},{\"@type\":\"ListItem\",\"position\":3,\"name\":\"La premi\u00e8re du pr\u00e9sident Fornerod\"}]},{\"@type\":\"WebSite\",\"@id\":\"https:\/\/swissbaker.ch\/fr\/#website\",\"url\":\"https:\/\/swissbaker.ch\/fr\/\",\"name\":\"SBC\",\"description\":\"\",\"publisher\":{\"@id\":\"https:\/\/swissbaker.ch\/fr\/#organization\"},\"potentialAction\":[{\"@type\":\"SearchAction\",\"target\":{\"@type\":\"EntryPoint\",\"urlTemplate\":\"https:\/\/swissbaker.ch\/fr\/?s={search_term_string}\"},\"query-input\":{\"@type\":\"PropertyValueSpecification\",\"valueRequired\":true,\"valueName\":\"search_term_string\"}}],\"inLanguage\":\"fr-FR\"},{\"@type\":\"Organization\",\"@id\":\"https:\/\/swissbaker.ch\/fr\/#organization\",\"name\":\"Schweizerischer B\u00e4cker-Confiseurmeister-Verband\",\"url\":\"https:\/\/swissbaker.ch\/fr\/\",\"logo\":{\"@type\":\"ImageObject\",\"inLanguage\":\"fr-FR\",\"@id\":\"https:\/\/swissbaker.ch\/fr\/#\/schema\/logo\/image\/\",\"url\":\"https:\/\/swissbaker.ch\/wp-content\/uploads\/2022\/04\/sbc-logo-yoast.jpg\",\"contentUrl\":\"https:\/\/swissbaker.ch\/wp-content\/uploads\/2022\/04\/sbc-logo-yoast.jpg\",\"width\":512,\"height\":512,\"caption\":\"Schweizerischer B\u00e4cker-Confiseurmeister-Verband\"},\"image\":{\"@id\":\"https:\/\/swissbaker.ch\/fr\/#\/schema\/logo\/image\/\"},\"sameAs\":[\"https:\/\/www.facebook.com\/swissbaker.ch\",\"https:\/\/x.com\/ch_swissbaker\"]},{\"@type\":\"Person\",\"@id\":\"https:\/\/swissbaker.ch\/fr\/#\/schema\/person\/74bd327b08c18ca6042c02ff6f0ed5e2\",\"name\":\"Simon Nussbaum\",\"image\":{\"@type\":\"ImageObject\",\"inLanguage\":\"fr-FR\",\"@id\":\"https:\/\/swissbaker.ch\/fr\/#\/schema\/person\/image\/\",\"url\":\"https:\/\/secure.gravatar.com\/avatar\/df0eced3bb556c806cb760cf503ade1ed1df25b4104d80d6fd28d93a9509aa12?s=96&d=mm&r=g\",\"contentUrl\":\"https:\/\/secure.gravatar.com\/avatar\/df0eced3bb556c806cb760cf503ade1ed1df25b4104d80d6fd28d93a9509aa12?s=96&d=mm&r=g\",\"caption\":\"Simon Nussbaum\"},\"url\":\"https:\/\/swissbaker.ch\/fr\/panissimo-news\/author\/simon-nussbaum\/\"}]}<\/script>\n<!-- \/ Yoast SEO Premium plugin. -->","yoast_head_json":{"title":"La premi\u00e8re du pr\u00e9sident Fornerod | SBC","robots":{"index":"index","follow":"follow","max-snippet":"max-snippet:-1","max-image-preview":"max-image-preview:large","max-video-preview":"max-video-preview:-1"},"canonical":"https:\/\/swissbaker.ch\/fr\/panissimo-news\/la-premiere-du-president-fornerod\/","og_locale":"fr_FR","og_type":"article","og_title":"La premi\u00e8re du pr\u00e9sident Fornerod","og_description":"Les d\u00e9l\u00e9gu\u00e9s de l\u2019Association romande des artisans boulangers-p\u00e2tissiers-confiseurs (ARABPC) ont tenu leur assembl\u00e9e g\u00e9n\u00e9rale au Centre romand de comp\u00e9tences boulangers-confiseurs \u00e0 Yverdon-les-Bains (VD), le 6\u202fmai. Il s\u2019agissait des premi\u00e8res assises du Vaudois G\u00e9rard Fornerod au poste de pr\u00e9sident.","og_url":"https:\/\/swissbaker.ch\/fr\/panissimo-news\/la-premiere-du-president-fornerod\/","og_site_name":"SBC","article_publisher":"https:\/\/www.facebook.com\/swissbaker.ch","article_published_time":"2025-05-14T14:58:39+00:00","article_modified_time":"2025-05-15T13:11:11+00:00","og_image":[{"width":1200,"height":712,"url":"https:\/\/swissbaker.ch\/wp-content\/uploads\/2025\/05\/10_1_gv_arabpc_bilan.jpg","type":"image\/jpeg"}],"author":"Simon Nussbaum","twitter_card":"summary_large_image","twitter_creator":"@ch_swissbaker","twitter_site":"@ch_swissbaker","twitter_misc":{"Written by":"Simon Nussbaum","Est. reading time":"3 minutes"},"schema":{"@context":"https:\/\/schema.org","@graph":[{"@type":"Article","@id":"https:\/\/swissbaker.ch\/fr\/panissimo-news\/la-premiere-du-president-fornerod\/#article","isPartOf":{"@id":"https:\/\/swissbaker.ch\/fr\/panissimo-news\/la-premiere-du-president-fornerod\/"},"author":{"name":"Simon Nussbaum","@id":"https:\/\/swissbaker.ch\/fr\/#\/schema\/person\/74bd327b08c18ca6042c02ff6f0ed5e2"},"headline":"La premi\u00e8re du pr\u00e9sident Fornerod","datePublished":"2025-05-14T14:58:39+00:00","dateModified":"2025-05-15T13:11:11+00:00","mainEntityOfPage":{"@id":"https:\/\/swissbaker.ch\/fr\/panissimo-news\/la-premiere-du-president-fornerod\/"},"wordCount":533,"publisher":{"@id":"https:\/\/swissbaker.ch\/fr\/#organization"},"image":{"@id":"https:\/\/swissbaker.ch\/fr\/panissimo-news\/la-premiere-du-president-fornerod\/#primaryimage"},"thumbnailUrl":"https:\/\/swissbaker.ch\/wp-content\/uploads\/2025\/05\/10_1_gv_arabpc_bilan.jpg","articleSection":["Association","Des cantons"],"inLanguage":"fr-FR"},{"@type":"WebPage","@id":"https:\/\/swissbaker.ch\/fr\/panissimo-news\/la-premiere-du-president-fornerod\/","url":"https:\/\/swissbaker.ch\/fr\/panissimo-news\/la-premiere-du-president-fornerod\/","name":"La premi\u00e8re du pr\u00e9sident Fornerod | SBC","isPartOf":{"@id":"https:\/\/swissbaker.ch\/fr\/#website"},"primaryImageOfPage":{"@id":"https:\/\/swissbaker.ch\/fr\/panissimo-news\/la-premiere-du-president-fornerod\/#primaryimage"},"image":{"@id":"https:\/\/swissbaker.ch\/fr\/panissimo-news\/la-premiere-du-president-fornerod\/#primaryimage"},"thumbnailUrl":"https:\/\/swissbaker.ch\/wp-content\/uploads\/2025\/05\/10_1_gv_arabpc_bilan.jpg","datePublished":"2025-05-14T14:58:39+00:00","dateModified":"2025-05-15T13:11:11+00:00","breadcrumb":{"@id":"https:\/\/swissbaker.ch\/fr\/panissimo-news\/la-premiere-du-president-fornerod\/#breadcrumb"},"inLanguage":"fr-FR","potentialAction":[{"@type":"ReadAction","target":["https:\/\/swissbaker.ch\/fr\/panissimo-news\/la-premiere-du-president-fornerod\/"]}]},{"@type":"ImageObject","inLanguage":"fr-FR","@id":"https:\/\/swissbaker.ch\/fr\/panissimo-news\/la-premiere-du-president-fornerod\/#primaryimage","url":"https:\/\/swissbaker.ch\/wp-content\/uploads\/2025\/05\/10_1_gv_arabpc_bilan.jpg","contentUrl":"https:\/\/swissbaker.ch\/wp-content\/uploads\/2025\/05\/10_1_gv_arabpc_bilan.jpg","width":1200,"height":712},{"@type":"BreadcrumbList","@id":"https:\/\/swissbaker.ch\/fr\/panissimo-news\/la-premiere-du-president-fornerod\/#breadcrumb","itemListElement":[{"@type":"ListItem","position":1,"name":"","item":"https:\/\/swissbaker.ch\/fr\/"},{"@type":"ListItem","position":2,"name":"Association","item":"https:\/\/swissbaker.ch\/fr\/panissimo-news\/category\/association\/"},{"@type":"ListItem","position":3,"name":"La premi\u00e8re du pr\u00e9sident Fornerod"}]},{"@type":"WebSite","@id":"https:\/\/swissbaker.ch\/fr\/#website","url":"https:\/\/swissbaker.ch\/fr\/","name":"SBC","description":"","publisher":{"@id":"https:\/\/swissbaker.ch\/fr\/#organization"},"potentialAction":[{"@type":"SearchAction","target":{"@type":"EntryPoint","urlTemplate":"https:\/\/swissbaker.ch\/fr\/?s={search_term_string}"},"query-input":{"@type":"PropertyValueSpecification","valueRequired":true,"valueName":"search_term_string"}}],"inLanguage":"fr-FR"},{"@type":"Organization","@id":"https:\/\/swissbaker.ch\/fr\/#organization","name":"Schweizerischer B\u00e4cker-Confiseurmeister-Verband","url":"https:\/\/swissbaker.ch\/fr\/","logo":{"@type":"ImageObject","inLanguage":"fr-FR","@id":"https:\/\/swissbaker.ch\/fr\/#\/schema\/logo\/image\/","url":"https:\/\/swissbaker.ch\/wp-content\/uploads\/2022\/04\/sbc-logo-yoast.jpg","contentUrl":"https:\/\/swissbaker.ch\/wp-content\/uploads\/2022\/04\/sbc-logo-yoast.jpg","width":512,"height":512,"caption":"Schweizerischer B\u00e4cker-Confiseurmeister-Verband"},"image":{"@id":"https:\/\/swissbaker.ch\/fr\/#\/schema\/logo\/image\/"},"sameAs":["https:\/\/www.facebook.com\/swissbaker.ch","https:\/\/x.com\/ch_swissbaker"]},{"@type":"Person","@id":"https:\/\/swissbaker.ch\/fr\/#\/schema\/person\/74bd327b08c18ca6042c02ff6f0ed5e2","name":"Simon Nussbaum","image":{"@type":"ImageObject","inLanguage":"fr-FR","@id":"https:\/\/swissbaker.ch\/fr\/#\/schema\/person\/image\/","url":"https:\/\/secure.gravatar.com\/avatar\/df0eced3bb556c806cb760cf503ade1ed1df25b4104d80d6fd28d93a9509aa12?s=96&d=mm&r=g","contentUrl":"https:\/\/secure.gravatar.com\/avatar\/df0eced3bb556c806cb760cf503ade1ed1df25b4104d80d6fd28d93a9509aa12?s=96&d=mm&r=g","caption":"Simon Nussbaum"},"url":"https:\/\/swissbaker.ch\/fr\/panissimo-news\/author\/simon-nussbaum\/"}]}},"_links":{"self":[{"href":"https:\/\/swissbaker.ch\/fr\/wp-json\/wp\/v2\/posts\/120194","targetHints":{"allow":["GET"]}}],"collection":[{"href":"https:\/\/swissbaker.ch\/fr\/wp-json\/wp\/v2\/posts"}],"about":[{"href":"https:\/\/swissbaker.ch\/fr\/wp-json\/wp\/v2\/types\/post"}],"author":[{"embeddable":true,"href":"https:\/\/swissbaker.ch\/fr\/wp-json\/wp\/v2\/users\/5"}],"replies":[{"embeddable":true,"href":"https:\/\/swissbaker.ch\/fr\/wp-json\/wp\/v2\/comments?post=120194"}],"version-history":[{"count":0,"href":"https:\/\/swissbaker.ch\/fr\/wp-json\/wp\/v2\/posts\/120194\/revisions"}],"wp:featuredmedia":[{"embeddable":true,"href":"https:\/\/swissbaker.ch\/fr\/wp-json\/wp\/v2\/media\/120199"}],"wp:attachment":[{"href":"https:\/\/swissbaker.ch\/fr\/wp-json\/wp\/v2\/media?parent=120194"}],"wp:term":[{"taxonomy":"category","embeddable":true,"href":"https:\/\/swissbaker.ch\/fr\/wp-json\/wp\/v2\/categories?post=120194"},{"taxonomy":"post_tag","embeddable":true,"href":"https:\/\/swissbaker.ch\/fr\/wp-json\/wp\/v2\/tags?post=120194"}],"curies":[{"name":"wp","href":"https:\/\/api.w.org\/{rel}","templated":true}]}}