{"id":120179,"date":"2025-05-14T13:45:26","date_gmt":"2025-05-14T11:45:26","guid":{"rendered":"https:\/\/swissbaker.ch\/?p=120179"},"modified":"2025-05-14T14:27:48","modified_gmt":"2025-05-14T12:27:48","slug":"le-fil-orange","status":"publish","type":"post","link":"https:\/\/swissbaker.ch\/fr\/panissimo-news\/le-fil-orange\/","title":{"rendered":"Le fil orange"},"content":{"rendered":"\n<p><strong>Un fil orange s\u2019\u00e9tend dans l\u2019ensemble de l\u2019Oberland zurichois\u2009; de Wald \u00e0 Kemptthal. Il s\u2019agit de l\u2019identit\u00e9 visuelle de la p\u00e2tisserie Voland. Le propri\u00e9taire, Ren\u00e9 Schweizer, explique sa raison d\u2019\u00eatre et le r\u00f4le que joue \u00e0 cet effet le motif de papier d\u00e9coup\u00e9.<\/strong><\/p>\n\n\n\n<p>L\u2019explication est d\u2019une simplicit\u00e9 rafra\u00eechissante\u2009: \u00abJ\u2019adorais d\u00e9j\u00e0 l\u2019orange quand j\u2019\u00e9tais enfant\u00bb, avoue malicieusement Ren\u00e9 Schweizer, propri\u00e9taire de la p\u00e2tisserie Voland. La couleur orange est un \u00e9l\u00e9ment central et fixe de l\u2019image de l\u2019entreprise, que l\u2019on appelle \u00abcorporate design\u00bb dans le jargon professionnel, et se retrouve partout dans les locaux de l\u2019entreprise. Le boulanger-confiseur aime y ajouter des accents dor\u00e9s. \u00abChez Voland, il n\u2019y a rien d\u2019argent\u00e9, car l\u2019argent est le premier perdant\u00bb, claironne-t-il en haussant un sourcil.<\/p>\n\n\n\n<figure class=\"wp-block-image size-large\"><img decoding=\"async\" width=\"1024\" height=\"608\" src=\"https:\/\/swissbaker.ch\/wp-content\/uploads\/2025\/05\/10_1_voland_rene_schweizer_2-1024x608.jpg\" alt=\"\" class=\"wp-image-120171\" srcset=\"https:\/\/swissbaker.ch\/wp-content\/uploads\/2025\/05\/10_1_voland_rene_schweizer_2-1024x608.jpg 1024w, https:\/\/swissbaker.ch\/wp-content\/uploads\/2025\/05\/10_1_voland_rene_schweizer_2-768x456.jpg 768w, https:\/\/swissbaker.ch\/wp-content\/uploads\/2025\/05\/10_1_voland_rene_schweizer_2.jpg 1200w\" sizes=\"(max-width: 1024px) 100vw, 1024px\" \/><figcaption class=\"wp-element-caption\"><em>A la p\u00e2tisserie Voland, le \u00abcorporate design\u00bb orne m\u00eame le propri\u00e9taire Ren\u00e9 Schweizer.<\/em><\/figcaption><\/figure>\n\n\n\n<p>Cette attitude confiante est voulue et \u00e9troitement li\u00e9e \u00e0 la profession de Ren\u00e9 Schweizer: \u00abAutrefois, le boulanger \u00e9tait la personne la plus importante du village\u00bb, dit-il. Ce message s\u2019adresse donc aussi \u00e0 ses coll\u00e8gues. \u00abNous voulons continuer \u00e0 nous en r\u00e9jouir et \u00e0 nous engager ensemble pour la branche\u00bb. Il r\u00e9sume son attitude en ces termes\u2009: \u00abJe suis fier d\u2019\u00eatre boulanger-p\u00e2tissier-confiseur\u00bb.<\/p>\n\n\n\n<h2 class=\"wp-block-heading\" id=\"h-un-fil-jusque-sur-la-piste\">Un fil jusque sur la piste<\/h2>\n\n\n\n<p>Pour faire encore mieux passer ce message, il ne se contente pas de suivre actuellement une formation de sommelier du pain, mais soigne aussi consciemment l\u2019image de son exploitation. Outre la couleur orange, l\u2019identit\u00e9 visuelle de Voland comprend \u00e9galement un motif de papier d\u00e9coup\u00e9. \u00ab\u2009Comme notre produit phare, le \u00ab\u2009Baumerfladen\u2009\u00bb, la d\u00e9coupe aux ciseaux est une tradition suisse\u2009\u00bb, explique Ren\u00e9 Schweizer. Il l\u2019a \u00e9labor\u00e9 en collaboration avec Gleis1, l\u2019agence graphique de Pawi. L\u2019agence aide \u00e0 la cr\u00e9ation de designs, de campagnes et d\u2019emballages.<\/p>\n\n\n\n<p><a href=\"http:\/\/baumerfladen.ch\" target=\"_blank\" rel=\"noreferrer noopener\"><strong>baumerfladen.ch<\/strong><\/a><\/p>\n\n\n\n<p><em>&#8230; Lizez l&#8217;article complet dans Panissimo du 16 mai 2025.<\/em><\/p>\n\n\n\n<p class=\"has-text-align-right\"><em>Diego Schwerzmann<\/em><\/p>\n","protected":false},"excerpt":{"rendered":"<p>Un fil orange s\u2019\u00e9tend dans l\u2019ensemble de l\u2019Oberland zurichois\u2009; de Wald \u00e0 Kemptthal. Il s\u2019agit de l\u2019identit\u00e9 visuelle de la p\u00e2tisserie Voland. Le propri\u00e9taire, Ren\u00e9 Schweizer, explique sa raison d\u2019\u00eatre et le r\u00f4le que joue \u00e0 cet effet le motif de papier d\u00e9coup\u00e9.<\/p>\n","protected":false},"author":5,"featured_media":120173,"comment_status":"closed","ping_status":"closed","sticky":true,"template":"","format":"standard","meta":{"_acf_changed":false,"footnotes":""},"categories":[42],"tags":[930,928,929],"class_list":["post-120179","post","type-post","status-publish","format-standard","has-post-thumbnail","hentry","category-boulangeries-confiseries","tag-baumerfladen-2","tag-konditorei-voland-2","tag-rene-schweizer-2"],"acf":[],"yoast_head":"<!-- This site is optimized with the Yoast SEO Premium plugin v26.8 (Yoast SEO v26.8) - https:\/\/yoast.com\/product\/yoast-seo-premium-wordpress\/ -->\n<title>Le fil orange | SBC<\/title>\n<meta name=\"description\" content=\"Un fil orange s\u2019\u00e9tend dans l\u2019ensemble de l\u2019Oberland zurichois\u2009; de Wald \u00e0 Kemptthal. Il s\u2019agit de l\u2019identit\u00e9 visuelle de la p\u00e2tisserie Voland.\" \/>\n<meta name=\"robots\" content=\"index, follow, max-snippet:-1, max-image-preview:large, max-video-preview:-1\" \/>\n<link rel=\"canonical\" href=\"https:\/\/swissbaker.ch\/fr\/panissimo-news\/le-fil-orange\/\" \/>\n<meta property=\"og:locale\" content=\"fr_FR\" \/>\n<meta property=\"og:type\" content=\"article\" \/>\n<meta property=\"og:title\" content=\"Le fil orange\" \/>\n<meta property=\"og:description\" content=\"Un fil orange s\u2019\u00e9tend dans l\u2019ensemble de l\u2019Oberland zurichois\u2009; de Wald \u00e0 Kemptthal. Il s\u2019agit de l\u2019identit\u00e9 visuelle de la p\u00e2tisserie Voland.\" \/>\n<meta property=\"og:url\" content=\"https:\/\/swissbaker.ch\/fr\/panissimo-news\/le-fil-orange\/\" \/>\n<meta property=\"og:site_name\" content=\"SBC\" \/>\n<meta property=\"article:publisher\" content=\"https:\/\/www.facebook.com\/swissbaker.ch\" \/>\n<meta property=\"article:published_time\" content=\"2025-05-14T11:45:26+00:00\" \/>\n<meta property=\"article:modified_time\" content=\"2025-05-14T12:27:48+00:00\" \/>\n<meta property=\"og:image\" content=\"https:\/\/swissbaker.ch\/wp-content\/uploads\/2025\/05\/10_1_voland.jpg\" \/>\n\t<meta property=\"og:image:width\" content=\"1200\" \/>\n\t<meta property=\"og:image:height\" content=\"712\" \/>\n\t<meta property=\"og:image:type\" content=\"image\/jpeg\" \/>\n<meta name=\"author\" content=\"Simon Nussbaum\" \/>\n<meta name=\"twitter:card\" content=\"summary_large_image\" \/>\n<meta name=\"twitter:creator\" content=\"@ch_swissbaker\" \/>\n<meta name=\"twitter:site\" content=\"@ch_swissbaker\" \/>\n<meta name=\"twitter:label1\" content=\"Written by\" \/>\n\t<meta name=\"twitter:data1\" content=\"Simon Nussbaum\" \/>\n\t<meta name=\"twitter:label2\" content=\"Est. reading time\" \/>\n\t<meta name=\"twitter:data2\" content=\"2 minutes\" \/>\n<script type=\"application\/ld+json\" class=\"yoast-schema-graph\">{\"@context\":\"https:\/\/schema.org\",\"@graph\":[{\"@type\":\"Article\",\"@id\":\"https:\/\/swissbaker.ch\/fr\/panissimo-news\/le-fil-orange\/#article\",\"isPartOf\":{\"@id\":\"https:\/\/swissbaker.ch\/fr\/panissimo-news\/le-fil-orange\/\"},\"author\":{\"name\":\"Simon Nussbaum\",\"@id\":\"https:\/\/swissbaker.ch\/fr\/#\/schema\/person\/74bd327b08c18ca6042c02ff6f0ed5e2\"},\"headline\":\"Le fil orange\",\"datePublished\":\"2025-05-14T11:45:26+00:00\",\"dateModified\":\"2025-05-14T12:27:48+00:00\",\"mainEntityOfPage\":{\"@id\":\"https:\/\/swissbaker.ch\/fr\/panissimo-news\/le-fil-orange\/\"},\"wordCount\":338,\"publisher\":{\"@id\":\"https:\/\/swissbaker.ch\/fr\/#organization\"},\"image\":{\"@id\":\"https:\/\/swissbaker.ch\/fr\/panissimo-news\/le-fil-orange\/#primaryimage\"},\"thumbnailUrl\":\"https:\/\/swissbaker.ch\/wp-content\/uploads\/2025\/05\/10_1_voland.jpg\",\"keywords\":[\"Baumerfladen\",\"Konditorei Voland\",\"R\u00e9ne Schweizer\"],\"articleSection\":[\"Boulangeries\/Confiseries\"],\"inLanguage\":\"fr-FR\"},{\"@type\":\"WebPage\",\"@id\":\"https:\/\/swissbaker.ch\/fr\/panissimo-news\/le-fil-orange\/\",\"url\":\"https:\/\/swissbaker.ch\/fr\/panissimo-news\/le-fil-orange\/\",\"name\":\"Le fil orange | SBC\",\"isPartOf\":{\"@id\":\"https:\/\/swissbaker.ch\/fr\/#website\"},\"primaryImageOfPage\":{\"@id\":\"https:\/\/swissbaker.ch\/fr\/panissimo-news\/le-fil-orange\/#primaryimage\"},\"image\":{\"@id\":\"https:\/\/swissbaker.ch\/fr\/panissimo-news\/le-fil-orange\/#primaryimage\"},\"thumbnailUrl\":\"https:\/\/swissbaker.ch\/wp-content\/uploads\/2025\/05\/10_1_voland.jpg\",\"datePublished\":\"2025-05-14T11:45:26+00:00\",\"dateModified\":\"2025-05-14T12:27:48+00:00\",\"description\":\"Un fil orange s\u2019\u00e9tend dans l\u2019ensemble de l\u2019Oberland zurichois\u2009; de Wald \u00e0 Kemptthal. Il s\u2019agit de l\u2019identit\u00e9 visuelle de la p\u00e2tisserie Voland.\",\"breadcrumb\":{\"@id\":\"https:\/\/swissbaker.ch\/fr\/panissimo-news\/le-fil-orange\/#breadcrumb\"},\"inLanguage\":\"fr-FR\",\"potentialAction\":[{\"@type\":\"ReadAction\",\"target\":[\"https:\/\/swissbaker.ch\/fr\/panissimo-news\/le-fil-orange\/\"]}]},{\"@type\":\"ImageObject\",\"inLanguage\":\"fr-FR\",\"@id\":\"https:\/\/swissbaker.ch\/fr\/panissimo-news\/le-fil-orange\/#primaryimage\",\"url\":\"https:\/\/swissbaker.ch\/wp-content\/uploads\/2025\/05\/10_1_voland.jpg\",\"contentUrl\":\"https:\/\/swissbaker.ch\/wp-content\/uploads\/2025\/05\/10_1_voland.jpg\",\"width\":1200,\"height\":712},{\"@type\":\"BreadcrumbList\",\"@id\":\"https:\/\/swissbaker.ch\/fr\/panissimo-news\/le-fil-orange\/#breadcrumb\",\"itemListElement\":[{\"@type\":\"ListItem\",\"position\":1,\"name\":\"\",\"item\":\"https:\/\/swissbaker.ch\/fr\/\"},{\"@type\":\"ListItem\",\"position\":2,\"name\":\"Boulangeries\/Confiseries\",\"item\":\"https:\/\/swissbaker.ch\/fr\/panissimo-news\/category\/boulangeries-confiseries\/\"},{\"@type\":\"ListItem\",\"position\":3,\"name\":\"Le fil orange\"}]},{\"@type\":\"WebSite\",\"@id\":\"https:\/\/swissbaker.ch\/fr\/#website\",\"url\":\"https:\/\/swissbaker.ch\/fr\/\",\"name\":\"SBC\",\"description\":\"\",\"publisher\":{\"@id\":\"https:\/\/swissbaker.ch\/fr\/#organization\"},\"potentialAction\":[{\"@type\":\"SearchAction\",\"target\":{\"@type\":\"EntryPoint\",\"urlTemplate\":\"https:\/\/swissbaker.ch\/fr\/?s={search_term_string}\"},\"query-input\":{\"@type\":\"PropertyValueSpecification\",\"valueRequired\":true,\"valueName\":\"search_term_string\"}}],\"inLanguage\":\"fr-FR\"},{\"@type\":\"Organization\",\"@id\":\"https:\/\/swissbaker.ch\/fr\/#organization\",\"name\":\"Schweizerischer B\u00e4cker-Confiseurmeister-Verband\",\"url\":\"https:\/\/swissbaker.ch\/fr\/\",\"logo\":{\"@type\":\"ImageObject\",\"inLanguage\":\"fr-FR\",\"@id\":\"https:\/\/swissbaker.ch\/fr\/#\/schema\/logo\/image\/\",\"url\":\"https:\/\/swissbaker.ch\/wp-content\/uploads\/2022\/04\/sbc-logo-yoast.jpg\",\"contentUrl\":\"https:\/\/swissbaker.ch\/wp-content\/uploads\/2022\/04\/sbc-logo-yoast.jpg\",\"width\":512,\"height\":512,\"caption\":\"Schweizerischer B\u00e4cker-Confiseurmeister-Verband\"},\"image\":{\"@id\":\"https:\/\/swissbaker.ch\/fr\/#\/schema\/logo\/image\/\"},\"sameAs\":[\"https:\/\/www.facebook.com\/swissbaker.ch\",\"https:\/\/x.com\/ch_swissbaker\"]},{\"@type\":\"Person\",\"@id\":\"https:\/\/swissbaker.ch\/fr\/#\/schema\/person\/74bd327b08c18ca6042c02ff6f0ed5e2\",\"name\":\"Simon Nussbaum\",\"image\":{\"@type\":\"ImageObject\",\"inLanguage\":\"fr-FR\",\"@id\":\"https:\/\/swissbaker.ch\/fr\/#\/schema\/person\/image\/\",\"url\":\"https:\/\/secure.gravatar.com\/avatar\/df0eced3bb556c806cb760cf503ade1ed1df25b4104d80d6fd28d93a9509aa12?s=96&d=mm&r=g\",\"contentUrl\":\"https:\/\/secure.gravatar.com\/avatar\/df0eced3bb556c806cb760cf503ade1ed1df25b4104d80d6fd28d93a9509aa12?s=96&d=mm&r=g\",\"caption\":\"Simon Nussbaum\"},\"url\":\"https:\/\/swissbaker.ch\/fr\/panissimo-news\/author\/simon-nussbaum\/\"}]}<\/script>\n<!-- \/ Yoast SEO Premium plugin. -->","yoast_head_json":{"title":"Le fil orange | SBC","description":"Un fil orange s\u2019\u00e9tend dans l\u2019ensemble de l\u2019Oberland zurichois\u2009; de Wald \u00e0 Kemptthal. Il s\u2019agit de l\u2019identit\u00e9 visuelle de la p\u00e2tisserie Voland.","robots":{"index":"index","follow":"follow","max-snippet":"max-snippet:-1","max-image-preview":"max-image-preview:large","max-video-preview":"max-video-preview:-1"},"canonical":"https:\/\/swissbaker.ch\/fr\/panissimo-news\/le-fil-orange\/","og_locale":"fr_FR","og_type":"article","og_title":"Le fil orange","og_description":"Un fil orange s\u2019\u00e9tend dans l\u2019ensemble de l\u2019Oberland zurichois\u2009; de Wald \u00e0 Kemptthal. Il s\u2019agit de l\u2019identit\u00e9 visuelle de la p\u00e2tisserie Voland.","og_url":"https:\/\/swissbaker.ch\/fr\/panissimo-news\/le-fil-orange\/","og_site_name":"SBC","article_publisher":"https:\/\/www.facebook.com\/swissbaker.ch","article_published_time":"2025-05-14T11:45:26+00:00","article_modified_time":"2025-05-14T12:27:48+00:00","og_image":[{"width":1200,"height":712,"url":"https:\/\/swissbaker.ch\/wp-content\/uploads\/2025\/05\/10_1_voland.jpg","type":"image\/jpeg"}],"author":"Simon Nussbaum","twitter_card":"summary_large_image","twitter_creator":"@ch_swissbaker","twitter_site":"@ch_swissbaker","twitter_misc":{"Written by":"Simon Nussbaum","Est. reading time":"2 minutes"},"schema":{"@context":"https:\/\/schema.org","@graph":[{"@type":"Article","@id":"https:\/\/swissbaker.ch\/fr\/panissimo-news\/le-fil-orange\/#article","isPartOf":{"@id":"https:\/\/swissbaker.ch\/fr\/panissimo-news\/le-fil-orange\/"},"author":{"name":"Simon Nussbaum","@id":"https:\/\/swissbaker.ch\/fr\/#\/schema\/person\/74bd327b08c18ca6042c02ff6f0ed5e2"},"headline":"Le fil orange","datePublished":"2025-05-14T11:45:26+00:00","dateModified":"2025-05-14T12:27:48+00:00","mainEntityOfPage":{"@id":"https:\/\/swissbaker.ch\/fr\/panissimo-news\/le-fil-orange\/"},"wordCount":338,"publisher":{"@id":"https:\/\/swissbaker.ch\/fr\/#organization"},"image":{"@id":"https:\/\/swissbaker.ch\/fr\/panissimo-news\/le-fil-orange\/#primaryimage"},"thumbnailUrl":"https:\/\/swissbaker.ch\/wp-content\/uploads\/2025\/05\/10_1_voland.jpg","keywords":["Baumerfladen","Konditorei Voland","R\u00e9ne Schweizer"],"articleSection":["Boulangeries\/Confiseries"],"inLanguage":"fr-FR"},{"@type":"WebPage","@id":"https:\/\/swissbaker.ch\/fr\/panissimo-news\/le-fil-orange\/","url":"https:\/\/swissbaker.ch\/fr\/panissimo-news\/le-fil-orange\/","name":"Le fil orange | SBC","isPartOf":{"@id":"https:\/\/swissbaker.ch\/fr\/#website"},"primaryImageOfPage":{"@id":"https:\/\/swissbaker.ch\/fr\/panissimo-news\/le-fil-orange\/#primaryimage"},"image":{"@id":"https:\/\/swissbaker.ch\/fr\/panissimo-news\/le-fil-orange\/#primaryimage"},"thumbnailUrl":"https:\/\/swissbaker.ch\/wp-content\/uploads\/2025\/05\/10_1_voland.jpg","datePublished":"2025-05-14T11:45:26+00:00","dateModified":"2025-05-14T12:27:48+00:00","description":"Un fil orange s\u2019\u00e9tend dans l\u2019ensemble de l\u2019Oberland zurichois\u2009; de Wald \u00e0 Kemptthal. Il s\u2019agit de l\u2019identit\u00e9 visuelle de la p\u00e2tisserie Voland.","breadcrumb":{"@id":"https:\/\/swissbaker.ch\/fr\/panissimo-news\/le-fil-orange\/#breadcrumb"},"inLanguage":"fr-FR","potentialAction":[{"@type":"ReadAction","target":["https:\/\/swissbaker.ch\/fr\/panissimo-news\/le-fil-orange\/"]}]},{"@type":"ImageObject","inLanguage":"fr-FR","@id":"https:\/\/swissbaker.ch\/fr\/panissimo-news\/le-fil-orange\/#primaryimage","url":"https:\/\/swissbaker.ch\/wp-content\/uploads\/2025\/05\/10_1_voland.jpg","contentUrl":"https:\/\/swissbaker.ch\/wp-content\/uploads\/2025\/05\/10_1_voland.jpg","width":1200,"height":712},{"@type":"BreadcrumbList","@id":"https:\/\/swissbaker.ch\/fr\/panissimo-news\/le-fil-orange\/#breadcrumb","itemListElement":[{"@type":"ListItem","position":1,"name":"","item":"https:\/\/swissbaker.ch\/fr\/"},{"@type":"ListItem","position":2,"name":"Boulangeries\/Confiseries","item":"https:\/\/swissbaker.ch\/fr\/panissimo-news\/category\/boulangeries-confiseries\/"},{"@type":"ListItem","position":3,"name":"Le fil orange"}]},{"@type":"WebSite","@id":"https:\/\/swissbaker.ch\/fr\/#website","url":"https:\/\/swissbaker.ch\/fr\/","name":"SBC","description":"","publisher":{"@id":"https:\/\/swissbaker.ch\/fr\/#organization"},"potentialAction":[{"@type":"SearchAction","target":{"@type":"EntryPoint","urlTemplate":"https:\/\/swissbaker.ch\/fr\/?s={search_term_string}"},"query-input":{"@type":"PropertyValueSpecification","valueRequired":true,"valueName":"search_term_string"}}],"inLanguage":"fr-FR"},{"@type":"Organization","@id":"https:\/\/swissbaker.ch\/fr\/#organization","name":"Schweizerischer B\u00e4cker-Confiseurmeister-Verband","url":"https:\/\/swissbaker.ch\/fr\/","logo":{"@type":"ImageObject","inLanguage":"fr-FR","@id":"https:\/\/swissbaker.ch\/fr\/#\/schema\/logo\/image\/","url":"https:\/\/swissbaker.ch\/wp-content\/uploads\/2022\/04\/sbc-logo-yoast.jpg","contentUrl":"https:\/\/swissbaker.ch\/wp-content\/uploads\/2022\/04\/sbc-logo-yoast.jpg","width":512,"height":512,"caption":"Schweizerischer B\u00e4cker-Confiseurmeister-Verband"},"image":{"@id":"https:\/\/swissbaker.ch\/fr\/#\/schema\/logo\/image\/"},"sameAs":["https:\/\/www.facebook.com\/swissbaker.ch","https:\/\/x.com\/ch_swissbaker"]},{"@type":"Person","@id":"https:\/\/swissbaker.ch\/fr\/#\/schema\/person\/74bd327b08c18ca6042c02ff6f0ed5e2","name":"Simon Nussbaum","image":{"@type":"ImageObject","inLanguage":"fr-FR","@id":"https:\/\/swissbaker.ch\/fr\/#\/schema\/person\/image\/","url":"https:\/\/secure.gravatar.com\/avatar\/df0eced3bb556c806cb760cf503ade1ed1df25b4104d80d6fd28d93a9509aa12?s=96&d=mm&r=g","contentUrl":"https:\/\/secure.gravatar.com\/avatar\/df0eced3bb556c806cb760cf503ade1ed1df25b4104d80d6fd28d93a9509aa12?s=96&d=mm&r=g","caption":"Simon Nussbaum"},"url":"https:\/\/swissbaker.ch\/fr\/panissimo-news\/author\/simon-nussbaum\/"}]}},"_links":{"self":[{"href":"https:\/\/swissbaker.ch\/fr\/wp-json\/wp\/v2\/posts\/120179","targetHints":{"allow":["GET"]}}],"collection":[{"href":"https:\/\/swissbaker.ch\/fr\/wp-json\/wp\/v2\/posts"}],"about":[{"href":"https:\/\/swissbaker.ch\/fr\/wp-json\/wp\/v2\/types\/post"}],"author":[{"embeddable":true,"href":"https:\/\/swissbaker.ch\/fr\/wp-json\/wp\/v2\/users\/5"}],"replies":[{"embeddable":true,"href":"https:\/\/swissbaker.ch\/fr\/wp-json\/wp\/v2\/comments?post=120179"}],"version-history":[{"count":0,"href":"https:\/\/swissbaker.ch\/fr\/wp-json\/wp\/v2\/posts\/120179\/revisions"}],"wp:featuredmedia":[{"embeddable":true,"href":"https:\/\/swissbaker.ch\/fr\/wp-json\/wp\/v2\/media\/120173"}],"wp:attachment":[{"href":"https:\/\/swissbaker.ch\/fr\/wp-json\/wp\/v2\/media?parent=120179"}],"wp:term":[{"taxonomy":"category","embeddable":true,"href":"https:\/\/swissbaker.ch\/fr\/wp-json\/wp\/v2\/categories?post=120179"},{"taxonomy":"post_tag","embeddable":true,"href":"https:\/\/swissbaker.ch\/fr\/wp-json\/wp\/v2\/tags?post=120179"}],"curies":[{"name":"wp","href":"https:\/\/api.w.org\/{rel}","templated":true}]}}