{"id":120163,"date":"2025-05-14T11:17:54","date_gmt":"2025-05-14T09:17:54","guid":{"rendered":"https:\/\/swissbaker.ch\/?p=120163"},"modified":"2025-05-14T11:21:49","modified_gmt":"2025-05-14T09:21:49","slug":"centre-de-distribution-pistor-ouvert","status":"publish","type":"post","link":"https:\/\/swissbaker.ch\/fr\/panissimo-news\/centre-de-distribution-pistor-ouvert\/","title":{"rendered":"Centre de distribution Pistor ouvert"},"content":{"rendered":"\n<p><strong>Apr\u00e8s presque un an de travaux, le nouveau centre de distribution de Pistor est entr\u00e9 en activit\u00e9 lundi \u00e0 Sennwald (SG). Les clients de Suisse orientale seront approvisionn\u00e9s depuis ce dernier. <\/strong><\/p>\n\n\n\n<p>\u00abLe d\u00e9marrage s\u2019est d\u00e9roul\u00e9 sans accrocs\u00bb, se r\u00e9jouit Richard Betschart, responsable de la logistique. Le centre raccourcit les trajets et assure des livraisons durables.<\/p>\n\n\n\n<h2 class=\"wp-block-heading\" id=\"h-developpement-durable-en-point-de-mire\">D\u00e9veloppement durable en point de mire<\/h2>\n\n\n\n<p>Durant la nuit, Pistor transporte les marchandises par train, de son si\u00e8ge \u00e0 Rothenburg (LU) vers Sennwald, avant de les redistribuer par camion. Cela correspond \u00e0 une \u00e9conomie de plus de 400\u2009000 kilom\u00e8tres par route chaque ann\u00e9e, selon le communiqu\u00e9. Par ailleurs, le b\u00e2timent est construit en bois, ce qui r\u00e9duit les \u00e9missions de CO2 de 670 tonnes. Il comprend une installation de production d\u2019\u00e9nergie solaire, un accumulateur de chaleur ainsi qu\u2019une station de lavage des camions et des wagons fonctionnant \u00e0 l\u2019eau de pluie.<\/p>\n\n\n\n<p>Le grossiste pr\u00e9voit jusqu\u2019\u00e0 85 tonnes de livraisons par jour au d\u00e9part de Sennwald. Les collaborateurs sur le site sont au nombre de 21, majoritairement des chauffeurs de camion. Trois des 14 v\u00e9hicules sont \u00e9lectriques, et ce nombre devrait \u00eatre port\u00e9 \u00e0 huit dans les prochaines ann\u00e9es.<\/p>\n\n\n\n<p class=\"has-text-align-right\"><em>com\u2009\/\u2009Pan<\/em><\/p>\n","protected":false},"excerpt":{"rendered":"<p>Apr\u00e8s presque un an de travaux, le nouveau centre de distribution de Pistor est entr\u00e9 en activit\u00e9 lundi \u00e0 Sennwald (SG). Les clients de Suisse orientale seront approvisionn\u00e9s depuis ce dernier. <\/p>\n","protected":false},"author":5,"featured_media":120161,"comment_status":"closed","ping_status":"closed","sticky":true,"template":"","format":"standard","meta":{"_acf_changed":false,"footnotes":""},"categories":[39],"tags":[922,923],"class_list":["post-120163","post","type-post","status-publish","format-standard","has-post-thumbnail","hentry","category-de-la-branche","tag-pistor-2","tag-sennwald-2"],"acf":[],"yoast_head":"<!-- This site is optimized with the Yoast SEO Premium plugin v26.8 (Yoast SEO v26.8) - https:\/\/yoast.com\/product\/yoast-seo-premium-wordpress\/ -->\n<title>Centre de distribution Pistor ouvert | SBC<\/title>\n<meta name=\"robots\" content=\"index, follow, max-snippet:-1, max-image-preview:large, max-video-preview:-1\" \/>\n<link rel=\"canonical\" href=\"https:\/\/swissbaker.ch\/fr\/panissimo-news\/centre-de-distribution-pistor-ouvert\/\" \/>\n<meta property=\"og:locale\" content=\"fr_FR\" \/>\n<meta property=\"og:type\" content=\"article\" \/>\n<meta property=\"og:title\" content=\"Centre de distribution Pistor ouvert\" \/>\n<meta property=\"og:description\" content=\"Apr\u00e8s presque un an de travaux, le nouveau centre de distribution de Pistor est entr\u00e9 en activit\u00e9 lundi \u00e0 Sennwald (SG). Les clients de Suisse orientale seront approvisionn\u00e9s depuis ce dernier.\" \/>\n<meta property=\"og:url\" content=\"https:\/\/swissbaker.ch\/fr\/panissimo-news\/centre-de-distribution-pistor-ouvert\/\" \/>\n<meta property=\"og:site_name\" content=\"SBC\" \/>\n<meta property=\"article:publisher\" content=\"https:\/\/www.facebook.com\/swissbaker.ch\" \/>\n<meta property=\"article:published_time\" content=\"2025-05-14T09:17:54+00:00\" \/>\n<meta property=\"article:modified_time\" content=\"2025-05-14T09:21:49+00:00\" \/>\n<meta property=\"og:image\" content=\"https:\/\/swissbaker.ch\/wp-content\/uploads\/2025\/05\/10_1_pistor_vz_ost.gif\" \/>\n\t<meta property=\"og:image:width\" content=\"1200\" \/>\n\t<meta property=\"og:image:height\" content=\"712\" \/>\n\t<meta property=\"og:image:type\" content=\"image\/gif\" \/>\n<meta name=\"author\" content=\"Simon Nussbaum\" \/>\n<meta name=\"twitter:card\" content=\"summary_large_image\" \/>\n<meta name=\"twitter:creator\" content=\"@ch_swissbaker\" \/>\n<meta name=\"twitter:site\" content=\"@ch_swissbaker\" \/>\n<meta name=\"twitter:label1\" content=\"Written by\" \/>\n\t<meta name=\"twitter:data1\" content=\"Simon Nussbaum\" \/>\n\t<meta name=\"twitter:label2\" content=\"Est. reading time\" \/>\n\t<meta name=\"twitter:data2\" content=\"1 minute\" \/>\n<script type=\"application\/ld+json\" class=\"yoast-schema-graph\">{\"@context\":\"https:\/\/schema.org\",\"@graph\":[{\"@type\":\"Article\",\"@id\":\"https:\/\/swissbaker.ch\/fr\/panissimo-news\/centre-de-distribution-pistor-ouvert\/#article\",\"isPartOf\":{\"@id\":\"https:\/\/swissbaker.ch\/fr\/panissimo-news\/centre-de-distribution-pistor-ouvert\/\"},\"author\":{\"name\":\"Simon Nussbaum\",\"@id\":\"https:\/\/swissbaker.ch\/fr\/#\/schema\/person\/74bd327b08c18ca6042c02ff6f0ed5e2\"},\"headline\":\"Centre de distribution Pistor ouvert\",\"datePublished\":\"2025-05-14T09:17:54+00:00\",\"dateModified\":\"2025-05-14T09:21:49+00:00\",\"mainEntityOfPage\":{\"@id\":\"https:\/\/swissbaker.ch\/fr\/panissimo-news\/centre-de-distribution-pistor-ouvert\/\"},\"wordCount\":209,\"publisher\":{\"@id\":\"https:\/\/swissbaker.ch\/fr\/#organization\"},\"image\":{\"@id\":\"https:\/\/swissbaker.ch\/fr\/panissimo-news\/centre-de-distribution-pistor-ouvert\/#primaryimage\"},\"thumbnailUrl\":\"https:\/\/swissbaker.ch\/wp-content\/uploads\/2025\/05\/10_1_pistor_vz_ost.gif\",\"keywords\":[\"Pistor\",\"Sennwald\"],\"articleSection\":[\"De la branche\"],\"inLanguage\":\"fr-FR\"},{\"@type\":\"WebPage\",\"@id\":\"https:\/\/swissbaker.ch\/fr\/panissimo-news\/centre-de-distribution-pistor-ouvert\/\",\"url\":\"https:\/\/swissbaker.ch\/fr\/panissimo-news\/centre-de-distribution-pistor-ouvert\/\",\"name\":\"Centre de distribution Pistor ouvert | SBC\",\"isPartOf\":{\"@id\":\"https:\/\/swissbaker.ch\/fr\/#website\"},\"primaryImageOfPage\":{\"@id\":\"https:\/\/swissbaker.ch\/fr\/panissimo-news\/centre-de-distribution-pistor-ouvert\/#primaryimage\"},\"image\":{\"@id\":\"https:\/\/swissbaker.ch\/fr\/panissimo-news\/centre-de-distribution-pistor-ouvert\/#primaryimage\"},\"thumbnailUrl\":\"https:\/\/swissbaker.ch\/wp-content\/uploads\/2025\/05\/10_1_pistor_vz_ost.gif\",\"datePublished\":\"2025-05-14T09:17:54+00:00\",\"dateModified\":\"2025-05-14T09:21:49+00:00\",\"breadcrumb\":{\"@id\":\"https:\/\/swissbaker.ch\/fr\/panissimo-news\/centre-de-distribution-pistor-ouvert\/#breadcrumb\"},\"inLanguage\":\"fr-FR\",\"potentialAction\":[{\"@type\":\"ReadAction\",\"target\":[\"https:\/\/swissbaker.ch\/fr\/panissimo-news\/centre-de-distribution-pistor-ouvert\/\"]}]},{\"@type\":\"ImageObject\",\"inLanguage\":\"fr-FR\",\"@id\":\"https:\/\/swissbaker.ch\/fr\/panissimo-news\/centre-de-distribution-pistor-ouvert\/#primaryimage\",\"url\":\"https:\/\/swissbaker.ch\/wp-content\/uploads\/2025\/05\/10_1_pistor_vz_ost.gif\",\"contentUrl\":\"https:\/\/swissbaker.ch\/wp-content\/uploads\/2025\/05\/10_1_pistor_vz_ost.gif\",\"width\":1200,\"height\":712},{\"@type\":\"BreadcrumbList\",\"@id\":\"https:\/\/swissbaker.ch\/fr\/panissimo-news\/centre-de-distribution-pistor-ouvert\/#breadcrumb\",\"itemListElement\":[{\"@type\":\"ListItem\",\"position\":1,\"name\":\"\",\"item\":\"https:\/\/swissbaker.ch\/fr\/\"},{\"@type\":\"ListItem\",\"position\":2,\"name\":\"De la branche\",\"item\":\"https:\/\/swissbaker.ch\/fr\/panissimo-news\/category\/de-la-branche\/\"},{\"@type\":\"ListItem\",\"position\":3,\"name\":\"Centre de distribution Pistor ouvert\"}]},{\"@type\":\"WebSite\",\"@id\":\"https:\/\/swissbaker.ch\/fr\/#website\",\"url\":\"https:\/\/swissbaker.ch\/fr\/\",\"name\":\"SBC\",\"description\":\"\",\"publisher\":{\"@id\":\"https:\/\/swissbaker.ch\/fr\/#organization\"},\"potentialAction\":[{\"@type\":\"SearchAction\",\"target\":{\"@type\":\"EntryPoint\",\"urlTemplate\":\"https:\/\/swissbaker.ch\/fr\/?s={search_term_string}\"},\"query-input\":{\"@type\":\"PropertyValueSpecification\",\"valueRequired\":true,\"valueName\":\"search_term_string\"}}],\"inLanguage\":\"fr-FR\"},{\"@type\":\"Organization\",\"@id\":\"https:\/\/swissbaker.ch\/fr\/#organization\",\"name\":\"Schweizerischer B\u00e4cker-Confiseurmeister-Verband\",\"url\":\"https:\/\/swissbaker.ch\/fr\/\",\"logo\":{\"@type\":\"ImageObject\",\"inLanguage\":\"fr-FR\",\"@id\":\"https:\/\/swissbaker.ch\/fr\/#\/schema\/logo\/image\/\",\"url\":\"https:\/\/swissbaker.ch\/wp-content\/uploads\/2022\/04\/sbc-logo-yoast.jpg\",\"contentUrl\":\"https:\/\/swissbaker.ch\/wp-content\/uploads\/2022\/04\/sbc-logo-yoast.jpg\",\"width\":512,\"height\":512,\"caption\":\"Schweizerischer B\u00e4cker-Confiseurmeister-Verband\"},\"image\":{\"@id\":\"https:\/\/swissbaker.ch\/fr\/#\/schema\/logo\/image\/\"},\"sameAs\":[\"https:\/\/www.facebook.com\/swissbaker.ch\",\"https:\/\/x.com\/ch_swissbaker\"]},{\"@type\":\"Person\",\"@id\":\"https:\/\/swissbaker.ch\/fr\/#\/schema\/person\/74bd327b08c18ca6042c02ff6f0ed5e2\",\"name\":\"Simon Nussbaum\",\"image\":{\"@type\":\"ImageObject\",\"inLanguage\":\"fr-FR\",\"@id\":\"https:\/\/swissbaker.ch\/fr\/#\/schema\/person\/image\/\",\"url\":\"https:\/\/secure.gravatar.com\/avatar\/df0eced3bb556c806cb760cf503ade1ed1df25b4104d80d6fd28d93a9509aa12?s=96&d=mm&r=g\",\"contentUrl\":\"https:\/\/secure.gravatar.com\/avatar\/df0eced3bb556c806cb760cf503ade1ed1df25b4104d80d6fd28d93a9509aa12?s=96&d=mm&r=g\",\"caption\":\"Simon Nussbaum\"},\"url\":\"https:\/\/swissbaker.ch\/fr\/panissimo-news\/author\/simon-nussbaum\/\"}]}<\/script>\n<!-- \/ Yoast SEO Premium plugin. -->","yoast_head_json":{"title":"Centre de distribution Pistor ouvert | SBC","robots":{"index":"index","follow":"follow","max-snippet":"max-snippet:-1","max-image-preview":"max-image-preview:large","max-video-preview":"max-video-preview:-1"},"canonical":"https:\/\/swissbaker.ch\/fr\/panissimo-news\/centre-de-distribution-pistor-ouvert\/","og_locale":"fr_FR","og_type":"article","og_title":"Centre de distribution Pistor ouvert","og_description":"Apr\u00e8s presque un an de travaux, le nouveau centre de distribution de Pistor est entr\u00e9 en activit\u00e9 lundi \u00e0 Sennwald (SG). Les clients de Suisse orientale seront approvisionn\u00e9s depuis ce dernier.","og_url":"https:\/\/swissbaker.ch\/fr\/panissimo-news\/centre-de-distribution-pistor-ouvert\/","og_site_name":"SBC","article_publisher":"https:\/\/www.facebook.com\/swissbaker.ch","article_published_time":"2025-05-14T09:17:54+00:00","article_modified_time":"2025-05-14T09:21:49+00:00","og_image":[{"width":1200,"height":712,"url":"https:\/\/swissbaker.ch\/wp-content\/uploads\/2025\/05\/10_1_pistor_vz_ost.gif","type":"image\/gif"}],"author":"Simon Nussbaum","twitter_card":"summary_large_image","twitter_creator":"@ch_swissbaker","twitter_site":"@ch_swissbaker","twitter_misc":{"Written by":"Simon Nussbaum","Est. reading time":"1 minute"},"schema":{"@context":"https:\/\/schema.org","@graph":[{"@type":"Article","@id":"https:\/\/swissbaker.ch\/fr\/panissimo-news\/centre-de-distribution-pistor-ouvert\/#article","isPartOf":{"@id":"https:\/\/swissbaker.ch\/fr\/panissimo-news\/centre-de-distribution-pistor-ouvert\/"},"author":{"name":"Simon Nussbaum","@id":"https:\/\/swissbaker.ch\/fr\/#\/schema\/person\/74bd327b08c18ca6042c02ff6f0ed5e2"},"headline":"Centre de distribution Pistor ouvert","datePublished":"2025-05-14T09:17:54+00:00","dateModified":"2025-05-14T09:21:49+00:00","mainEntityOfPage":{"@id":"https:\/\/swissbaker.ch\/fr\/panissimo-news\/centre-de-distribution-pistor-ouvert\/"},"wordCount":209,"publisher":{"@id":"https:\/\/swissbaker.ch\/fr\/#organization"},"image":{"@id":"https:\/\/swissbaker.ch\/fr\/panissimo-news\/centre-de-distribution-pistor-ouvert\/#primaryimage"},"thumbnailUrl":"https:\/\/swissbaker.ch\/wp-content\/uploads\/2025\/05\/10_1_pistor_vz_ost.gif","keywords":["Pistor","Sennwald"],"articleSection":["De la branche"],"inLanguage":"fr-FR"},{"@type":"WebPage","@id":"https:\/\/swissbaker.ch\/fr\/panissimo-news\/centre-de-distribution-pistor-ouvert\/","url":"https:\/\/swissbaker.ch\/fr\/panissimo-news\/centre-de-distribution-pistor-ouvert\/","name":"Centre de distribution Pistor ouvert | SBC","isPartOf":{"@id":"https:\/\/swissbaker.ch\/fr\/#website"},"primaryImageOfPage":{"@id":"https:\/\/swissbaker.ch\/fr\/panissimo-news\/centre-de-distribution-pistor-ouvert\/#primaryimage"},"image":{"@id":"https:\/\/swissbaker.ch\/fr\/panissimo-news\/centre-de-distribution-pistor-ouvert\/#primaryimage"},"thumbnailUrl":"https:\/\/swissbaker.ch\/wp-content\/uploads\/2025\/05\/10_1_pistor_vz_ost.gif","datePublished":"2025-05-14T09:17:54+00:00","dateModified":"2025-05-14T09:21:49+00:00","breadcrumb":{"@id":"https:\/\/swissbaker.ch\/fr\/panissimo-news\/centre-de-distribution-pistor-ouvert\/#breadcrumb"},"inLanguage":"fr-FR","potentialAction":[{"@type":"ReadAction","target":["https:\/\/swissbaker.ch\/fr\/panissimo-news\/centre-de-distribution-pistor-ouvert\/"]}]},{"@type":"ImageObject","inLanguage":"fr-FR","@id":"https:\/\/swissbaker.ch\/fr\/panissimo-news\/centre-de-distribution-pistor-ouvert\/#primaryimage","url":"https:\/\/swissbaker.ch\/wp-content\/uploads\/2025\/05\/10_1_pistor_vz_ost.gif","contentUrl":"https:\/\/swissbaker.ch\/wp-content\/uploads\/2025\/05\/10_1_pistor_vz_ost.gif","width":1200,"height":712},{"@type":"BreadcrumbList","@id":"https:\/\/swissbaker.ch\/fr\/panissimo-news\/centre-de-distribution-pistor-ouvert\/#breadcrumb","itemListElement":[{"@type":"ListItem","position":1,"name":"","item":"https:\/\/swissbaker.ch\/fr\/"},{"@type":"ListItem","position":2,"name":"De la branche","item":"https:\/\/swissbaker.ch\/fr\/panissimo-news\/category\/de-la-branche\/"},{"@type":"ListItem","position":3,"name":"Centre de distribution Pistor ouvert"}]},{"@type":"WebSite","@id":"https:\/\/swissbaker.ch\/fr\/#website","url":"https:\/\/swissbaker.ch\/fr\/","name":"SBC","description":"","publisher":{"@id":"https:\/\/swissbaker.ch\/fr\/#organization"},"potentialAction":[{"@type":"SearchAction","target":{"@type":"EntryPoint","urlTemplate":"https:\/\/swissbaker.ch\/fr\/?s={search_term_string}"},"query-input":{"@type":"PropertyValueSpecification","valueRequired":true,"valueName":"search_term_string"}}],"inLanguage":"fr-FR"},{"@type":"Organization","@id":"https:\/\/swissbaker.ch\/fr\/#organization","name":"Schweizerischer B\u00e4cker-Confiseurmeister-Verband","url":"https:\/\/swissbaker.ch\/fr\/","logo":{"@type":"ImageObject","inLanguage":"fr-FR","@id":"https:\/\/swissbaker.ch\/fr\/#\/schema\/logo\/image\/","url":"https:\/\/swissbaker.ch\/wp-content\/uploads\/2022\/04\/sbc-logo-yoast.jpg","contentUrl":"https:\/\/swissbaker.ch\/wp-content\/uploads\/2022\/04\/sbc-logo-yoast.jpg","width":512,"height":512,"caption":"Schweizerischer B\u00e4cker-Confiseurmeister-Verband"},"image":{"@id":"https:\/\/swissbaker.ch\/fr\/#\/schema\/logo\/image\/"},"sameAs":["https:\/\/www.facebook.com\/swissbaker.ch","https:\/\/x.com\/ch_swissbaker"]},{"@type":"Person","@id":"https:\/\/swissbaker.ch\/fr\/#\/schema\/person\/74bd327b08c18ca6042c02ff6f0ed5e2","name":"Simon Nussbaum","image":{"@type":"ImageObject","inLanguage":"fr-FR","@id":"https:\/\/swissbaker.ch\/fr\/#\/schema\/person\/image\/","url":"https:\/\/secure.gravatar.com\/avatar\/df0eced3bb556c806cb760cf503ade1ed1df25b4104d80d6fd28d93a9509aa12?s=96&d=mm&r=g","contentUrl":"https:\/\/secure.gravatar.com\/avatar\/df0eced3bb556c806cb760cf503ade1ed1df25b4104d80d6fd28d93a9509aa12?s=96&d=mm&r=g","caption":"Simon Nussbaum"},"url":"https:\/\/swissbaker.ch\/fr\/panissimo-news\/author\/simon-nussbaum\/"}]}},"_links":{"self":[{"href":"https:\/\/swissbaker.ch\/fr\/wp-json\/wp\/v2\/posts\/120163","targetHints":{"allow":["GET"]}}],"collection":[{"href":"https:\/\/swissbaker.ch\/fr\/wp-json\/wp\/v2\/posts"}],"about":[{"href":"https:\/\/swissbaker.ch\/fr\/wp-json\/wp\/v2\/types\/post"}],"author":[{"embeddable":true,"href":"https:\/\/swissbaker.ch\/fr\/wp-json\/wp\/v2\/users\/5"}],"replies":[{"embeddable":true,"href":"https:\/\/swissbaker.ch\/fr\/wp-json\/wp\/v2\/comments?post=120163"}],"version-history":[{"count":0,"href":"https:\/\/swissbaker.ch\/fr\/wp-json\/wp\/v2\/posts\/120163\/revisions"}],"wp:featuredmedia":[{"embeddable":true,"href":"https:\/\/swissbaker.ch\/fr\/wp-json\/wp\/v2\/media\/120161"}],"wp:attachment":[{"href":"https:\/\/swissbaker.ch\/fr\/wp-json\/wp\/v2\/media?parent=120163"}],"wp:term":[{"taxonomy":"category","embeddable":true,"href":"https:\/\/swissbaker.ch\/fr\/wp-json\/wp\/v2\/categories?post=120163"},{"taxonomy":"post_tag","embeddable":true,"href":"https:\/\/swissbaker.ch\/fr\/wp-json\/wp\/v2\/tags?post=120163"}],"curies":[{"name":"wp","href":"https:\/\/api.w.org\/{rel}","templated":true}]}}