{"id":119954,"date":"2025-05-05T15:59:08","date_gmt":"2025-05-05T13:59:08","guid":{"rendered":"https:\/\/swissbaker.ch\/?p=119954"},"modified":"2025-05-05T16:29:04","modified_gmt":"2025-05-05T14:29:04","slug":"hommage-aux-mamans-signe-moutarlier","status":"publish","type":"post","link":"https:\/\/swissbaker.ch\/fr\/panissimo-news\/hommage-aux-mamans-signe-moutarlier\/","title":{"rendered":"Hommage aux mamans sign\u00e9 Moutarlier"},"content":{"rendered":"\n<p><strong>A l\u2019occasion de la f\u00eate des M\u00e8res, Lucien Moutarlier, laur\u00e9at d\u2019un M\u00e9rite culinaire d\u2019honneur cette ann\u00e9e, d\u00e9voile les douces et d\u00e9licates cr\u00e9ations de sa maison. <\/strong><\/p>\n\n\n\n<p>Le p\u00e2tissier venu de Nantes (F) s\u2019est install\u00e9 \u00e0 Chexbres (VD) en 1985 avec son \u00e9pouse Angela. Ils ont transmis passion et savoir-faire \u00e0 leurs trois fils, avant de r\u00e9cemment leur passer la main. Christophe, Damien et S\u00e9bastien sont d\u00e9sormais aux commandes de Moutarlier les artisans du go\u00fbt et de ses cinq points de vente.<\/p>\n\n\n\n<h2 class=\"wp-block-heading\" id=\"h-quatre-decennies-d-artisanat-patissier\">Quatre d\u00e9cennies d\u2019artisanat p\u00e2tissier<\/h2>\n\n\n\n<p>Arriv\u00e9 de Nantes (F), Lucien Moutarlier (ci-contre) envisageait de rester en Suisse quelques ann\u00e9es. \u00ab\u2009Mais, ma femme Angela a ador\u00e9 le Lavaux et nous sommes rest\u00e9s\u2009\u00bb, pr\u00e9cise le p\u00e2tissier-confiseur. Le couple a alors ouvert sa premi\u00e8re enseigne en 1985, \u00e0 Chexbres (VD).<\/p>\n\n\n<div class=\"wp-block-image\">\n<figure class=\"aligncenter size-full\"><img decoding=\"async\" width=\"345\" height=\"431\" src=\"https:\/\/swissbaker.ch\/wp-content\/uploads\/2025\/05\/lucien_moutalier.jpg\" alt=\"\" class=\"wp-image-119945\"\/><figcaption class=\"wp-element-caption\"><em>Lucien Moutarlier<\/em><\/figcaption><\/figure>\n<\/div>\n\n\n<p>En pr\u00e8s de quatre d\u00e9cennies, la maison s\u2019est agrandie. Membre de la prestigieuse association de p\u00e2tissiers Relais Desserts, elle compte 80 collaborateurs et cinq points de vente proposent ses sp\u00e9cialit\u00e9s. A la boutique historique se sont ajout\u00e9es celles de Lutry (VD), de Lausanne, de Montreux et de Noville (VD). Vaisseau amiral de Moutarlier les artisans du go\u00fbt inaugur\u00e9 en 2019, cette derni\u00e8re (photo ci-dessous) abrite d\u00e9sormais la manufacture, dont les installations de torr\u00e9faction de cacao.<\/p>\n\n\n\n<figure class=\"wp-block-image size-large\"><img decoding=\"async\" width=\"1024\" height=\"665\" src=\"https:\/\/swissbaker.ch\/wp-content\/uploads\/2025\/05\/9_2_moutalier_labo-1024x665.jpg\" alt=\"\" class=\"wp-image-119940\" srcset=\"https:\/\/swissbaker.ch\/wp-content\/uploads\/2025\/05\/9_2_moutalier_labo-1024x665.jpg 1024w, https:\/\/swissbaker.ch\/wp-content\/uploads\/2025\/05\/9_2_moutalier_labo-768x499.jpg 768w, https:\/\/swissbaker.ch\/wp-content\/uploads\/2025\/05\/9_2_moutalier_labo.jpg 1200w\" sizes=\"(max-width: 1024px) 100vw, 1024px\" \/><\/figure>\n\n\n\n<p>En mars, Lucien Moutarlier a re\u00e7u un M\u00e9rite culinaire d\u2019honneur pour l\u2019ensemble de sa carri\u00e8re p\u00e2tissi\u00e8re. Ses enfants, Christophe, Damien et S\u00e9bastien Moutarlier, ont repris le flambeau.<\/p>\n\n\n\n<ul class=\"wp-block-list\">\n<li><a href=\"https:\/\/swissbaker.ch\/fr\/panissimo-news\/au-firmamentde-la-gastronomie-suisse\/\"><strong>Article \u00abAu firmament de la gastronomie suisse\u00bb<\/strong><\/a><\/li>\n\n\n\n<li><a href=\"http:\/\/moutarlier.ch\"><strong>moutarlier.ch<\/strong><\/a><\/li>\n<\/ul>\n\n\n\n<h2 class=\"wp-block-heading\" id=\"h-creations-pour-la-fete-des-meres\">Cr\u00e9ations pour la f\u00eate des M\u00e8res<\/h2>\n\n\n\n<figure class=\"wp-block-image size-full\"><img decoding=\"async\" width=\"730\" height=\"640\" src=\"https:\/\/swissbaker.ch\/wp-content\/uploads\/2025\/05\/9_2_fete_de_mere_moutaliers_2025_himmberherz.jpg\" alt=\"\" class=\"wp-image-119932\"\/><figcaption class=\"wp-element-caption\"><em>Mon c\u0153ur macaron\u2009: biscuit macaron, cr\u00e8me l\u00e9g\u00e8re \u00e0 l\u2019eau de rose, litchis et framboises fra\u00eeches.<\/em><\/figcaption><\/figure>\n\n\n\n<figure class=\"wp-block-image size-full\"><img decoding=\"async\" width=\"730\" height=\"640\" src=\"https:\/\/swissbaker.ch\/wp-content\/uploads\/2025\/05\/9_2_fete_de_mere_moutaliers_2025.jpg\" alt=\"\" class=\"wp-image-119928\"\/><figcaption class=\"wp-element-caption\"><em>Entremets Saint-Honor\u00e9\u2009: p\u00e2te feuillet\u00e9e, cr\u00e8me l\u00e9g\u00e8re vanille, choux caram\u00e9lis\u00e9s \u00e0 la vanille, chantilly vanille.<\/em><\/figcaption><\/figure>\n\n\n\n<figure class=\"wp-block-image size-full\"><img decoding=\"async\" width=\"730\" height=\"640\" src=\"https:\/\/swissbaker.ch\/wp-content\/uploads\/2025\/05\/9_2_fete_de_mere_moutaliers_2025_herz.jpg\" alt=\"\" class=\"wp-image-119930\"\/><figcaption class=\"wp-element-caption\"><em>Entremets mousse framboise: mousse framboise, confit framboise, g\u00e9noise aux amandes.<\/em><\/figcaption><\/figure>\n\n\n\n<figure class=\"wp-block-image size-full\"><img decoding=\"async\" width=\"730\" height=\"640\" src=\"https:\/\/swissbaker.ch\/wp-content\/uploads\/2025\/05\/9_2_fete_de_mere_moutaliers_2025_schuh.jpg\" alt=\"\" class=\"wp-image-119936\"\/><figcaption class=\"wp-element-caption\"><em>Escarpin\u2009: m\u00e9lange de bonbons, chocolat, ganache, pralin\u00e9.<\/em><\/figcaption><\/figure>\n\n\n\n<p class=\"has-text-align-right\"><em>Johann Ruppen<\/em><\/p>\n\n\n\n<p><\/p>\n","protected":false},"excerpt":{"rendered":"<p>A l\u2019occasion de la f\u00eate des M\u00e8res, Lucien Moutarlier, laur\u00e9at d\u2019un M\u00e9rite culinaire d\u2019honneur cette ann\u00e9e, d\u00e9voile les douces et d\u00e9licates cr\u00e9ations de sa maison. <\/p>\n","protected":false},"author":5,"featured_media":119938,"comment_status":"closed","ping_status":"closed","sticky":true,"template":"","format":"standard","meta":{"_acf_changed":false,"footnotes":""},"categories":[42],"tags":[915,894,914],"class_list":["post-119954","post","type-post","status-publish","format-standard","has-post-thumbnail","hentry","category-boulangeries-confiseries","tag-creations-pour-la-fete-des-meres","tag-lucien-moutarlier-2","tag-merite-culinaire-dhonneur-2"],"acf":[],"yoast_head":"<!-- This site is optimized with the Yoast SEO Premium plugin v26.8 (Yoast SEO v26.8) - https:\/\/yoast.com\/product\/yoast-seo-premium-wordpress\/ -->\n<title>Hommage aux mamans sign\u00e9 Moutarlier | SBC<\/title>\n<meta name=\"robots\" content=\"index, follow, max-snippet:-1, max-image-preview:large, max-video-preview:-1\" \/>\n<link rel=\"canonical\" href=\"https:\/\/swissbaker.ch\/fr\/panissimo-news\/hommage-aux-mamans-signe-moutarlier\/\" \/>\n<meta property=\"og:locale\" content=\"fr_FR\" \/>\n<meta property=\"og:type\" content=\"article\" \/>\n<meta property=\"og:title\" content=\"Hommage aux mamans sign\u00e9 Moutarlier\" \/>\n<meta property=\"og:description\" content=\"A l\u2019occasion de la f\u00eate des M\u00e8res, Lucien Moutarlier, laur\u00e9at d\u2019un M\u00e9rite culinaire d\u2019honneur cette ann\u00e9e, d\u00e9voile les douces et d\u00e9licates cr\u00e9ations de sa maison.\" \/>\n<meta property=\"og:url\" content=\"https:\/\/swissbaker.ch\/fr\/panissimo-news\/hommage-aux-mamans-signe-moutarlier\/\" \/>\n<meta property=\"og:site_name\" content=\"SBC\" \/>\n<meta property=\"article:publisher\" content=\"https:\/\/www.facebook.com\/swissbaker.ch\" \/>\n<meta property=\"article:published_time\" content=\"2025-05-05T13:59:08+00:00\" \/>\n<meta property=\"article:modified_time\" content=\"2025-05-05T14:29:04+00:00\" \/>\n<meta property=\"og:image\" content=\"https:\/\/swissbaker.ch\/wp-content\/uploads\/2025\/05\/9_2_moutalier_head.jpg\" \/>\n\t<meta property=\"og:image:width\" content=\"1200\" \/>\n\t<meta property=\"og:image:height\" content=\"712\" \/>\n\t<meta property=\"og:image:type\" content=\"image\/jpeg\" \/>\n<meta name=\"author\" content=\"Simon Nussbaum\" \/>\n<meta name=\"twitter:card\" content=\"summary_large_image\" \/>\n<meta name=\"twitter:creator\" content=\"@ch_swissbaker\" \/>\n<meta name=\"twitter:site\" content=\"@ch_swissbaker\" \/>\n<meta name=\"twitter:label1\" content=\"Written by\" \/>\n\t<meta name=\"twitter:data1\" content=\"Simon Nussbaum\" \/>\n\t<meta name=\"twitter:label2\" content=\"Est. reading time\" \/>\n\t<meta name=\"twitter:data2\" content=\"2 minutes\" \/>\n<script type=\"application\/ld+json\" class=\"yoast-schema-graph\">{\"@context\":\"https:\/\/schema.org\",\"@graph\":[{\"@type\":\"Article\",\"@id\":\"https:\/\/swissbaker.ch\/fr\/panissimo-news\/hommage-aux-mamans-signe-moutarlier\/#article\",\"isPartOf\":{\"@id\":\"https:\/\/swissbaker.ch\/fr\/panissimo-news\/hommage-aux-mamans-signe-moutarlier\/\"},\"author\":{\"name\":\"Simon Nussbaum\",\"@id\":\"https:\/\/swissbaker.ch\/fr\/#\/schema\/person\/74bd327b08c18ca6042c02ff6f0ed5e2\"},\"headline\":\"Hommage aux mamans sign\u00e9 Moutarlier\",\"datePublished\":\"2025-05-05T13:59:08+00:00\",\"dateModified\":\"2025-05-05T14:29:04+00:00\",\"mainEntityOfPage\":{\"@id\":\"https:\/\/swissbaker.ch\/fr\/panissimo-news\/hommage-aux-mamans-signe-moutarlier\/\"},\"wordCount\":351,\"publisher\":{\"@id\":\"https:\/\/swissbaker.ch\/fr\/#organization\"},\"image\":{\"@id\":\"https:\/\/swissbaker.ch\/fr\/panissimo-news\/hommage-aux-mamans-signe-moutarlier\/#primaryimage\"},\"thumbnailUrl\":\"https:\/\/swissbaker.ch\/wp-content\/uploads\/2025\/05\/9_2_moutalier_head.jpg\",\"keywords\":[\"Cr\u00e9ations pour la f\u00eate des M\u00e8res\",\"Lucien Moutarlier\",\"M\u00e9rite culinaire d\u2019honneur\"],\"articleSection\":[\"Boulangeries\/Confiseries\"],\"inLanguage\":\"fr-FR\"},{\"@type\":\"WebPage\",\"@id\":\"https:\/\/swissbaker.ch\/fr\/panissimo-news\/hommage-aux-mamans-signe-moutarlier\/\",\"url\":\"https:\/\/swissbaker.ch\/fr\/panissimo-news\/hommage-aux-mamans-signe-moutarlier\/\",\"name\":\"Hommage aux mamans sign\u00e9 Moutarlier | SBC\",\"isPartOf\":{\"@id\":\"https:\/\/swissbaker.ch\/fr\/#website\"},\"primaryImageOfPage\":{\"@id\":\"https:\/\/swissbaker.ch\/fr\/panissimo-news\/hommage-aux-mamans-signe-moutarlier\/#primaryimage\"},\"image\":{\"@id\":\"https:\/\/swissbaker.ch\/fr\/panissimo-news\/hommage-aux-mamans-signe-moutarlier\/#primaryimage\"},\"thumbnailUrl\":\"https:\/\/swissbaker.ch\/wp-content\/uploads\/2025\/05\/9_2_moutalier_head.jpg\",\"datePublished\":\"2025-05-05T13:59:08+00:00\",\"dateModified\":\"2025-05-05T14:29:04+00:00\",\"breadcrumb\":{\"@id\":\"https:\/\/swissbaker.ch\/fr\/panissimo-news\/hommage-aux-mamans-signe-moutarlier\/#breadcrumb\"},\"inLanguage\":\"fr-FR\",\"potentialAction\":[{\"@type\":\"ReadAction\",\"target\":[\"https:\/\/swissbaker.ch\/fr\/panissimo-news\/hommage-aux-mamans-signe-moutarlier\/\"]}]},{\"@type\":\"ImageObject\",\"inLanguage\":\"fr-FR\",\"@id\":\"https:\/\/swissbaker.ch\/fr\/panissimo-news\/hommage-aux-mamans-signe-moutarlier\/#primaryimage\",\"url\":\"https:\/\/swissbaker.ch\/wp-content\/uploads\/2025\/05\/9_2_moutalier_head.jpg\",\"contentUrl\":\"https:\/\/swissbaker.ch\/wp-content\/uploads\/2025\/05\/9_2_moutalier_head.jpg\",\"width\":1200,\"height\":712},{\"@type\":\"BreadcrumbList\",\"@id\":\"https:\/\/swissbaker.ch\/fr\/panissimo-news\/hommage-aux-mamans-signe-moutarlier\/#breadcrumb\",\"itemListElement\":[{\"@type\":\"ListItem\",\"position\":1,\"name\":\"\",\"item\":\"https:\/\/swissbaker.ch\/fr\/\"},{\"@type\":\"ListItem\",\"position\":2,\"name\":\"Boulangeries\/Confiseries\",\"item\":\"https:\/\/swissbaker.ch\/fr\/panissimo-news\/category\/boulangeries-confiseries\/\"},{\"@type\":\"ListItem\",\"position\":3,\"name\":\"Hommage aux mamans sign\u00e9 Moutarlier\"}]},{\"@type\":\"WebSite\",\"@id\":\"https:\/\/swissbaker.ch\/fr\/#website\",\"url\":\"https:\/\/swissbaker.ch\/fr\/\",\"name\":\"SBC\",\"description\":\"\",\"publisher\":{\"@id\":\"https:\/\/swissbaker.ch\/fr\/#organization\"},\"potentialAction\":[{\"@type\":\"SearchAction\",\"target\":{\"@type\":\"EntryPoint\",\"urlTemplate\":\"https:\/\/swissbaker.ch\/fr\/?s={search_term_string}\"},\"query-input\":{\"@type\":\"PropertyValueSpecification\",\"valueRequired\":true,\"valueName\":\"search_term_string\"}}],\"inLanguage\":\"fr-FR\"},{\"@type\":\"Organization\",\"@id\":\"https:\/\/swissbaker.ch\/fr\/#organization\",\"name\":\"Schweizerischer B\u00e4cker-Confiseurmeister-Verband\",\"url\":\"https:\/\/swissbaker.ch\/fr\/\",\"logo\":{\"@type\":\"ImageObject\",\"inLanguage\":\"fr-FR\",\"@id\":\"https:\/\/swissbaker.ch\/fr\/#\/schema\/logo\/image\/\",\"url\":\"https:\/\/swissbaker.ch\/wp-content\/uploads\/2022\/04\/sbc-logo-yoast.jpg\",\"contentUrl\":\"https:\/\/swissbaker.ch\/wp-content\/uploads\/2022\/04\/sbc-logo-yoast.jpg\",\"width\":512,\"height\":512,\"caption\":\"Schweizerischer B\u00e4cker-Confiseurmeister-Verband\"},\"image\":{\"@id\":\"https:\/\/swissbaker.ch\/fr\/#\/schema\/logo\/image\/\"},\"sameAs\":[\"https:\/\/www.facebook.com\/swissbaker.ch\",\"https:\/\/x.com\/ch_swissbaker\"]},{\"@type\":\"Person\",\"@id\":\"https:\/\/swissbaker.ch\/fr\/#\/schema\/person\/74bd327b08c18ca6042c02ff6f0ed5e2\",\"name\":\"Simon Nussbaum\",\"image\":{\"@type\":\"ImageObject\",\"inLanguage\":\"fr-FR\",\"@id\":\"https:\/\/swissbaker.ch\/fr\/#\/schema\/person\/image\/\",\"url\":\"https:\/\/secure.gravatar.com\/avatar\/df0eced3bb556c806cb760cf503ade1ed1df25b4104d80d6fd28d93a9509aa12?s=96&d=mm&r=g\",\"contentUrl\":\"https:\/\/secure.gravatar.com\/avatar\/df0eced3bb556c806cb760cf503ade1ed1df25b4104d80d6fd28d93a9509aa12?s=96&d=mm&r=g\",\"caption\":\"Simon Nussbaum\"},\"url\":\"https:\/\/swissbaker.ch\/fr\/panissimo-news\/author\/simon-nussbaum\/\"}]}<\/script>\n<!-- \/ Yoast SEO Premium plugin. -->","yoast_head_json":{"title":"Hommage aux mamans sign\u00e9 Moutarlier | SBC","robots":{"index":"index","follow":"follow","max-snippet":"max-snippet:-1","max-image-preview":"max-image-preview:large","max-video-preview":"max-video-preview:-1"},"canonical":"https:\/\/swissbaker.ch\/fr\/panissimo-news\/hommage-aux-mamans-signe-moutarlier\/","og_locale":"fr_FR","og_type":"article","og_title":"Hommage aux mamans sign\u00e9 Moutarlier","og_description":"A l\u2019occasion de la f\u00eate des M\u00e8res, Lucien Moutarlier, laur\u00e9at d\u2019un M\u00e9rite culinaire d\u2019honneur cette ann\u00e9e, d\u00e9voile les douces et d\u00e9licates cr\u00e9ations de sa maison.","og_url":"https:\/\/swissbaker.ch\/fr\/panissimo-news\/hommage-aux-mamans-signe-moutarlier\/","og_site_name":"SBC","article_publisher":"https:\/\/www.facebook.com\/swissbaker.ch","article_published_time":"2025-05-05T13:59:08+00:00","article_modified_time":"2025-05-05T14:29:04+00:00","og_image":[{"width":1200,"height":712,"url":"https:\/\/swissbaker.ch\/wp-content\/uploads\/2025\/05\/9_2_moutalier_head.jpg","type":"image\/jpeg"}],"author":"Simon Nussbaum","twitter_card":"summary_large_image","twitter_creator":"@ch_swissbaker","twitter_site":"@ch_swissbaker","twitter_misc":{"Written by":"Simon Nussbaum","Est. reading time":"2 minutes"},"schema":{"@context":"https:\/\/schema.org","@graph":[{"@type":"Article","@id":"https:\/\/swissbaker.ch\/fr\/panissimo-news\/hommage-aux-mamans-signe-moutarlier\/#article","isPartOf":{"@id":"https:\/\/swissbaker.ch\/fr\/panissimo-news\/hommage-aux-mamans-signe-moutarlier\/"},"author":{"name":"Simon Nussbaum","@id":"https:\/\/swissbaker.ch\/fr\/#\/schema\/person\/74bd327b08c18ca6042c02ff6f0ed5e2"},"headline":"Hommage aux mamans sign\u00e9 Moutarlier","datePublished":"2025-05-05T13:59:08+00:00","dateModified":"2025-05-05T14:29:04+00:00","mainEntityOfPage":{"@id":"https:\/\/swissbaker.ch\/fr\/panissimo-news\/hommage-aux-mamans-signe-moutarlier\/"},"wordCount":351,"publisher":{"@id":"https:\/\/swissbaker.ch\/fr\/#organization"},"image":{"@id":"https:\/\/swissbaker.ch\/fr\/panissimo-news\/hommage-aux-mamans-signe-moutarlier\/#primaryimage"},"thumbnailUrl":"https:\/\/swissbaker.ch\/wp-content\/uploads\/2025\/05\/9_2_moutalier_head.jpg","keywords":["Cr\u00e9ations pour la f\u00eate des M\u00e8res","Lucien Moutarlier","M\u00e9rite culinaire d\u2019honneur"],"articleSection":["Boulangeries\/Confiseries"],"inLanguage":"fr-FR"},{"@type":"WebPage","@id":"https:\/\/swissbaker.ch\/fr\/panissimo-news\/hommage-aux-mamans-signe-moutarlier\/","url":"https:\/\/swissbaker.ch\/fr\/panissimo-news\/hommage-aux-mamans-signe-moutarlier\/","name":"Hommage aux mamans sign\u00e9 Moutarlier | SBC","isPartOf":{"@id":"https:\/\/swissbaker.ch\/fr\/#website"},"primaryImageOfPage":{"@id":"https:\/\/swissbaker.ch\/fr\/panissimo-news\/hommage-aux-mamans-signe-moutarlier\/#primaryimage"},"image":{"@id":"https:\/\/swissbaker.ch\/fr\/panissimo-news\/hommage-aux-mamans-signe-moutarlier\/#primaryimage"},"thumbnailUrl":"https:\/\/swissbaker.ch\/wp-content\/uploads\/2025\/05\/9_2_moutalier_head.jpg","datePublished":"2025-05-05T13:59:08+00:00","dateModified":"2025-05-05T14:29:04+00:00","breadcrumb":{"@id":"https:\/\/swissbaker.ch\/fr\/panissimo-news\/hommage-aux-mamans-signe-moutarlier\/#breadcrumb"},"inLanguage":"fr-FR","potentialAction":[{"@type":"ReadAction","target":["https:\/\/swissbaker.ch\/fr\/panissimo-news\/hommage-aux-mamans-signe-moutarlier\/"]}]},{"@type":"ImageObject","inLanguage":"fr-FR","@id":"https:\/\/swissbaker.ch\/fr\/panissimo-news\/hommage-aux-mamans-signe-moutarlier\/#primaryimage","url":"https:\/\/swissbaker.ch\/wp-content\/uploads\/2025\/05\/9_2_moutalier_head.jpg","contentUrl":"https:\/\/swissbaker.ch\/wp-content\/uploads\/2025\/05\/9_2_moutalier_head.jpg","width":1200,"height":712},{"@type":"BreadcrumbList","@id":"https:\/\/swissbaker.ch\/fr\/panissimo-news\/hommage-aux-mamans-signe-moutarlier\/#breadcrumb","itemListElement":[{"@type":"ListItem","position":1,"name":"","item":"https:\/\/swissbaker.ch\/fr\/"},{"@type":"ListItem","position":2,"name":"Boulangeries\/Confiseries","item":"https:\/\/swissbaker.ch\/fr\/panissimo-news\/category\/boulangeries-confiseries\/"},{"@type":"ListItem","position":3,"name":"Hommage aux mamans sign\u00e9 Moutarlier"}]},{"@type":"WebSite","@id":"https:\/\/swissbaker.ch\/fr\/#website","url":"https:\/\/swissbaker.ch\/fr\/","name":"SBC","description":"","publisher":{"@id":"https:\/\/swissbaker.ch\/fr\/#organization"},"potentialAction":[{"@type":"SearchAction","target":{"@type":"EntryPoint","urlTemplate":"https:\/\/swissbaker.ch\/fr\/?s={search_term_string}"},"query-input":{"@type":"PropertyValueSpecification","valueRequired":true,"valueName":"search_term_string"}}],"inLanguage":"fr-FR"},{"@type":"Organization","@id":"https:\/\/swissbaker.ch\/fr\/#organization","name":"Schweizerischer B\u00e4cker-Confiseurmeister-Verband","url":"https:\/\/swissbaker.ch\/fr\/","logo":{"@type":"ImageObject","inLanguage":"fr-FR","@id":"https:\/\/swissbaker.ch\/fr\/#\/schema\/logo\/image\/","url":"https:\/\/swissbaker.ch\/wp-content\/uploads\/2022\/04\/sbc-logo-yoast.jpg","contentUrl":"https:\/\/swissbaker.ch\/wp-content\/uploads\/2022\/04\/sbc-logo-yoast.jpg","width":512,"height":512,"caption":"Schweizerischer B\u00e4cker-Confiseurmeister-Verband"},"image":{"@id":"https:\/\/swissbaker.ch\/fr\/#\/schema\/logo\/image\/"},"sameAs":["https:\/\/www.facebook.com\/swissbaker.ch","https:\/\/x.com\/ch_swissbaker"]},{"@type":"Person","@id":"https:\/\/swissbaker.ch\/fr\/#\/schema\/person\/74bd327b08c18ca6042c02ff6f0ed5e2","name":"Simon Nussbaum","image":{"@type":"ImageObject","inLanguage":"fr-FR","@id":"https:\/\/swissbaker.ch\/fr\/#\/schema\/person\/image\/","url":"https:\/\/secure.gravatar.com\/avatar\/df0eced3bb556c806cb760cf503ade1ed1df25b4104d80d6fd28d93a9509aa12?s=96&d=mm&r=g","contentUrl":"https:\/\/secure.gravatar.com\/avatar\/df0eced3bb556c806cb760cf503ade1ed1df25b4104d80d6fd28d93a9509aa12?s=96&d=mm&r=g","caption":"Simon Nussbaum"},"url":"https:\/\/swissbaker.ch\/fr\/panissimo-news\/author\/simon-nussbaum\/"}]}},"_links":{"self":[{"href":"https:\/\/swissbaker.ch\/fr\/wp-json\/wp\/v2\/posts\/119954","targetHints":{"allow":["GET"]}}],"collection":[{"href":"https:\/\/swissbaker.ch\/fr\/wp-json\/wp\/v2\/posts"}],"about":[{"href":"https:\/\/swissbaker.ch\/fr\/wp-json\/wp\/v2\/types\/post"}],"author":[{"embeddable":true,"href":"https:\/\/swissbaker.ch\/fr\/wp-json\/wp\/v2\/users\/5"}],"replies":[{"embeddable":true,"href":"https:\/\/swissbaker.ch\/fr\/wp-json\/wp\/v2\/comments?post=119954"}],"version-history":[{"count":0,"href":"https:\/\/swissbaker.ch\/fr\/wp-json\/wp\/v2\/posts\/119954\/revisions"}],"wp:featuredmedia":[{"embeddable":true,"href":"https:\/\/swissbaker.ch\/fr\/wp-json\/wp\/v2\/media\/119938"}],"wp:attachment":[{"href":"https:\/\/swissbaker.ch\/fr\/wp-json\/wp\/v2\/media?parent=119954"}],"wp:term":[{"taxonomy":"category","embeddable":true,"href":"https:\/\/swissbaker.ch\/fr\/wp-json\/wp\/v2\/categories?post=119954"},{"taxonomy":"post_tag","embeddable":true,"href":"https:\/\/swissbaker.ch\/fr\/wp-json\/wp\/v2\/tags?post=119954"}],"curies":[{"name":"wp","href":"https:\/\/api.w.org\/{rel}","templated":true}]}}