{"id":119729,"date":"2025-04-24T16:37:42","date_gmt":"2025-04-24T14:37:42","guid":{"rendered":"https:\/\/swissbaker.ch\/?p=119729"},"modified":"2025-04-24T16:38:46","modified_gmt":"2025-04-24T14:38:46","slug":"produire-malgre-le-black-out","status":"publish","type":"post","link":"https:\/\/swissbaker.ch\/fr\/panissimo-news\/produire-malgre-le-black-out\/","title":{"rendered":"Produire malgr\u00e9 le black-out"},"content":{"rendered":"\n<p><strong>Malgr\u00e9 une panne d&#8217;\u00e9lectricit\u00e9, des masses de neige et l\u2019isolement du village \u00e0 P\u00e2ques, la boulangerie Fuchs \u00e0 Zermatt (VS) a maintenu son activit\u00e9 dans des conditions difficiles, avec beaucoup d&#8217;engagement, d&#8217;esprit d&#8217;\u00e9quipe et parfois sans \u00e9lectricit\u00e9. Elle a ainsi assur\u00e9 l&#8217;approvisionnement de la population et des touristes en l&#8217;un des aliments les plus importants: le pain<\/strong><strong>.<\/strong><\/p>\n\n\n\n<p>Alors que beaucoup s&#8217;attendaient \u00e0 sentir le parfum des fleurs printani\u00e8res pendant la p\u00e9riode de P\u00e2ques, Zermatt a d\u00fb faire face \u00e0 des chutes de neige abondantes, une panne d&#8217;\u00e9lectricit\u00e9 et un isolement temporaire du reste de la Suisse. Le village \u00e9tait en grande partie accessible uniquement de mani\u00e8re limit\u00e9e, voire pas du tout, et dans la vall\u00e9e, plus rien n&#8217;\u00e9tait comme d&#8217;habitude: pas de lumi\u00e8re, pas de caisses dans les magasins, pas d\u2019acc\u00e8s \u00e0 internet, pas d&#8217;infrastructures courantes. Les portes des magasins sont rest\u00e9es ferm\u00e9es.<\/p>\n\n\n\n<p>Il n\u2019en a pas \u00e9t\u00e9 de m\u00eame pour la boulangerie Fuchs: l&#8217;entreprise familiale de Zermatt est rest\u00e9e ouverte malgr\u00e9 les conditions difficiles. \u00abSans \u00e9lectricit\u00e9, sans caisse, sans confort \u2013 mais avec beaucoup de passion et de solidarit\u00e9\u00bb, pouvait-on lire dans un message publi\u00e9 sur les r\u00e9seaux sociaux. Et ce n&#8217;est pas peu dire: la cuisson s&#8217;est faite sans \u00e9lectricit\u00e9, la vente sans lumi\u00e8re et l&#8217;argent a \u00e9t\u00e9 rendu manuellement. Le magasin est rest\u00e9 ouvert alors que les supermarch\u00e9s du village \u00e9taient ferm\u00e9s.<\/p>\n\n\n\n<p>Zermatt a \u00e9t\u00e9 priv\u00e9 d&#8217;\u00e9lectricit\u00e9 pendant 36\u00a0heures. La boulangerie Fuchs a quant \u00e0 elle pu disposer d\u2019une alimentation \u00e9lectrique de secours apr\u00e8s 14\u00a0heures. La panne s&#8217;est produite dans la nuit du mercredi au Jeudi saint, \u00e0 2\u00a0heures du matin. Une partie des produits \u00e9tait d\u00e9j\u00e0 confectionn\u00e9e. \u00abNous avons d\u00fb improviser\u00bb, explique Philipp Fuchs \u00e0 Panissimo. Il a fallu faire preuve de beaucoup de savoir-faire et de doigt\u00e9.<\/p>\n\n\n\n<p>Ce n&#8217;est pas la premi\u00e8re fois que Sandra et Philipp Fuchs vivent une telle situation. En hiver 2018, la c\u00e9l\u00e8bre station touristique valaisanne avait d\u00e9j\u00e0 \u00e9t\u00e9 compl\u00e8tement coup\u00e9e du monde.<\/p>\n\n\n\n<h2 class=\"wp-block-heading\" id=\"h-le-pain-un-produit-de-premiere-necessite\"><strong>Le pain, un produit de premi\u00e8re n\u00e9cessit\u00e9<\/strong><\/h2>\n\n\n\n<p>On souligne souvent que les boulangeries font partie des services de premi\u00e8re n\u00e9cessit\u00e9, mais cela a rarement \u00e9t\u00e9 aussi \u00e9vident que ces derniers jours \u00e0 Zermatt. Le jeudi matin, apr\u00e8s la panne de courant, la client\u00e8le \u2013 compos\u00e9e de touristes bloqu\u00e9s dans la station, mais aussi d\u2019indig\u00e8nes \u2013 faisait la queue. L&#8217;\u00e9quipe de la boulangerie Fuchs a \u00e9t\u00e9 litt\u00e9ralement assaillie, mais elle a tenu bon.<\/p>\n\n\n\n<p>Dans le village soumis \u00e0 l\u2019\u00e9tat d\u2019urgence pendant plusieurs jours, la boulangerie locale a assur\u00e9 l&#8217;approvisionnement en pain et produits de boulangerie. Et selon Philipp Fuchs: \u00abDans les situations de crise, la production artisanale locale est non seulement r\u00e9sistante, mais aussi d\u2019importance syst\u00e9mique.\u00bb<\/p>\n\n\n\n<h2 class=\"wp-block-heading\" id=\"h-un-engagement-au-dela-des-attentes\"><strong>Un engagement au-del\u00e0 des attentes<\/strong><\/h2>\n\n\n\n<p>Ce qui s&#8217;est pass\u00e9 dans les coulisses m\u00e9rite le respect: le personnel est venu pendant son temps libre, a travaill\u00e9 dans le froid de la boulangerie et aid\u00e9 l\u00e0 o\u00f9 c&#8217;\u00e9tait n\u00e9cessaire. \u00abNous avons \u00e9t\u00e9 l\u00e0 tant pour la population locale que pour la client\u00e8le\u00bb, souligne Philipp Fuchs. Au final, on se souviendra autant du pain, que de la volont\u00e9 de pr\u00e9server une certaine normalit\u00e9. Juste \u00e0 temps pour le week-end de P\u00e2ques, Fuchs a pu proposer non seulement du pain frais, mais aussi de d\u00e9licieux lapins en chocolat. Un petit signe festif, au milieu de la neige.<\/p>\n\n\n\n<p class=\"has-text-align-right\"><em>Claudia Vernocchi<\/em><\/p>\n\n\n\n<p><a id=\"_msocom_1\"><\/a><\/p>\n","protected":false},"excerpt":{"rendered":"<p>Malgr\u00e9 une panne d&#8217;\u00e9lectricit\u00e9, des masses de neige et l\u2019isolement du village \u00e0 P\u00e2ques, la boulangerie Fuchs \u00e0 Zermatt (VS) a maintenu son activit\u00e9 dans des conditions difficiles, avec beaucoup d&#8217;engagement, d&#8217;esprit d&#8217;\u00e9quipe et parfois sans \u00e9lectricit\u00e9. Elle a ainsi assur\u00e9 l&#8217;approvisionnement de la population et des touristes en l&#8217;un des aliments les plus importants: le pain. Alors que beaucoup [&hellip;]<\/p>\n","protected":false},"author":8,"featured_media":119732,"comment_status":"closed","ping_status":"closed","sticky":true,"template":"","format":"standard","meta":{"_acf_changed":false,"footnotes":""},"categories":[52,40],"tags":[876,880,878,877],"class_list":["post-119729","post","type-post","status-publish","format-standard","has-post-thumbnail","hentry","category-actuel","category-des-cantons","tag-cantons","tag-energie","tag-fuchs","tag-zermatt"],"acf":[],"yoast_head":"<!-- This site is optimized with the Yoast SEO Premium plugin v26.8 (Yoast SEO v26.8) - https:\/\/yoast.com\/product\/yoast-seo-premium-wordpress\/ -->\n<title>Produire malgr\u00e9 le black-out | SBC<\/title>\n<meta name=\"robots\" content=\"index, follow, max-snippet:-1, max-image-preview:large, max-video-preview:-1\" \/>\n<link rel=\"canonical\" href=\"https:\/\/swissbaker.ch\/fr\/panissimo-news\/produire-malgre-le-black-out\/\" \/>\n<meta property=\"og:locale\" content=\"fr_FR\" \/>\n<meta property=\"og:type\" content=\"article\" \/>\n<meta property=\"og:title\" content=\"Produire malgr\u00e9 le black-out\" \/>\n<meta property=\"og:description\" content=\"Malgr\u00e9 une panne d&#8217;\u00e9lectricit\u00e9, des masses de neige et l\u2019isolement du village \u00e0 P\u00e2ques, la boulangerie Fuchs \u00e0 Zermatt (VS) a maintenu son activit\u00e9 dans des conditions difficiles, avec beaucoup d&#8217;engagement, d&#8217;esprit d&#8217;\u00e9quipe et parfois sans \u00e9lectricit\u00e9. Elle a ainsi assur\u00e9 l&#8217;approvisionnement de la population et des touristes en l&#8217;un des aliments les plus importants: le pain. Alors que beaucoup [&hellip;]\" \/>\n<meta property=\"og:url\" content=\"https:\/\/swissbaker.ch\/fr\/panissimo-news\/produire-malgre-le-black-out\/\" \/>\n<meta property=\"og:site_name\" content=\"SBC\" \/>\n<meta property=\"article:publisher\" content=\"https:\/\/www.facebook.com\/swissbaker.ch\" \/>\n<meta property=\"article:published_time\" content=\"2025-04-24T14:37:42+00:00\" \/>\n<meta property=\"article:modified_time\" content=\"2025-04-24T14:38:46+00:00\" \/>\n<meta property=\"og:image\" content=\"https:\/\/swissbaker.ch\/wp-content\/uploads\/2025\/04\/f72492b4-42e1-4e38-9376-4f908f4955ae.jpg\" \/>\n\t<meta property=\"og:image:width\" content=\"1080\" \/>\n\t<meta property=\"og:image:height\" content=\"1920\" \/>\n\t<meta property=\"og:image:type\" content=\"image\/jpeg\" \/>\n<meta name=\"author\" content=\"Johann Ruppen\" \/>\n<meta name=\"twitter:card\" content=\"summary_large_image\" \/>\n<meta name=\"twitter:creator\" content=\"@ch_swissbaker\" \/>\n<meta name=\"twitter:site\" content=\"@ch_swissbaker\" \/>\n<meta name=\"twitter:label1\" content=\"Written by\" \/>\n\t<meta name=\"twitter:data1\" content=\"Johann Ruppen\" \/>\n\t<meta name=\"twitter:label2\" content=\"Est. reading time\" \/>\n\t<meta name=\"twitter:data2\" content=\"3 minutes\" \/>\n<script type=\"application\/ld+json\" class=\"yoast-schema-graph\">{\"@context\":\"https:\/\/schema.org\",\"@graph\":[{\"@type\":\"Article\",\"@id\":\"https:\/\/swissbaker.ch\/fr\/panissimo-news\/produire-malgre-le-black-out\/#article\",\"isPartOf\":{\"@id\":\"https:\/\/swissbaker.ch\/fr\/panissimo-news\/produire-malgre-le-black-out\/\"},\"author\":{\"name\":\"Johann Ruppen\",\"@id\":\"https:\/\/swissbaker.ch\/fr\/#\/schema\/person\/abb9dbbf5af9443c30618295ec9cb74e\"},\"headline\":\"Produire malgr\u00e9 le black-out\",\"datePublished\":\"2025-04-24T14:37:42+00:00\",\"dateModified\":\"2025-04-24T14:38:46+00:00\",\"mainEntityOfPage\":{\"@id\":\"https:\/\/swissbaker.ch\/fr\/panissimo-news\/produire-malgre-le-black-out\/\"},\"wordCount\":605,\"publisher\":{\"@id\":\"https:\/\/swissbaker.ch\/fr\/#organization\"},\"image\":{\"@id\":\"https:\/\/swissbaker.ch\/fr\/panissimo-news\/produire-malgre-le-black-out\/#primaryimage\"},\"thumbnailUrl\":\"https:\/\/swissbaker.ch\/wp-content\/uploads\/2025\/04\/f72492b4-42e1-4e38-9376-4f908f4955ae.jpg\",\"keywords\":[\"Cantons\",\"\u00e9nergie\",\"Fuchs\",\"Zermatt\"],\"articleSection\":[\"Actuel\",\"Des cantons\"],\"inLanguage\":\"fr-FR\"},{\"@type\":\"WebPage\",\"@id\":\"https:\/\/swissbaker.ch\/fr\/panissimo-news\/produire-malgre-le-black-out\/\",\"url\":\"https:\/\/swissbaker.ch\/fr\/panissimo-news\/produire-malgre-le-black-out\/\",\"name\":\"Produire malgr\u00e9 le black-out | SBC\",\"isPartOf\":{\"@id\":\"https:\/\/swissbaker.ch\/fr\/#website\"},\"primaryImageOfPage\":{\"@id\":\"https:\/\/swissbaker.ch\/fr\/panissimo-news\/produire-malgre-le-black-out\/#primaryimage\"},\"image\":{\"@id\":\"https:\/\/swissbaker.ch\/fr\/panissimo-news\/produire-malgre-le-black-out\/#primaryimage\"},\"thumbnailUrl\":\"https:\/\/swissbaker.ch\/wp-content\/uploads\/2025\/04\/f72492b4-42e1-4e38-9376-4f908f4955ae.jpg\",\"datePublished\":\"2025-04-24T14:37:42+00:00\",\"dateModified\":\"2025-04-24T14:38:46+00:00\",\"breadcrumb\":{\"@id\":\"https:\/\/swissbaker.ch\/fr\/panissimo-news\/produire-malgre-le-black-out\/#breadcrumb\"},\"inLanguage\":\"fr-FR\",\"potentialAction\":[{\"@type\":\"ReadAction\",\"target\":[\"https:\/\/swissbaker.ch\/fr\/panissimo-news\/produire-malgre-le-black-out\/\"]}]},{\"@type\":\"ImageObject\",\"inLanguage\":\"fr-FR\",\"@id\":\"https:\/\/swissbaker.ch\/fr\/panissimo-news\/produire-malgre-le-black-out\/#primaryimage\",\"url\":\"https:\/\/swissbaker.ch\/wp-content\/uploads\/2025\/04\/f72492b4-42e1-4e38-9376-4f908f4955ae.jpg\",\"contentUrl\":\"https:\/\/swissbaker.ch\/wp-content\/uploads\/2025\/04\/f72492b4-42e1-4e38-9376-4f908f4955ae.jpg\",\"width\":1080,\"height\":1920},{\"@type\":\"BreadcrumbList\",\"@id\":\"https:\/\/swissbaker.ch\/fr\/panissimo-news\/produire-malgre-le-black-out\/#breadcrumb\",\"itemListElement\":[{\"@type\":\"ListItem\",\"position\":1,\"name\":\"\",\"item\":\"https:\/\/swissbaker.ch\/fr\/\"},{\"@type\":\"ListItem\",\"position\":2,\"name\":\"Actuel\",\"item\":\"https:\/\/swissbaker.ch\/fr\/panissimo-news\/category\/actuel\/\"},{\"@type\":\"ListItem\",\"position\":3,\"name\":\"Produire malgr\u00e9 le black-out\"}]},{\"@type\":\"WebSite\",\"@id\":\"https:\/\/swissbaker.ch\/fr\/#website\",\"url\":\"https:\/\/swissbaker.ch\/fr\/\",\"name\":\"SBC\",\"description\":\"\",\"publisher\":{\"@id\":\"https:\/\/swissbaker.ch\/fr\/#organization\"},\"potentialAction\":[{\"@type\":\"SearchAction\",\"target\":{\"@type\":\"EntryPoint\",\"urlTemplate\":\"https:\/\/swissbaker.ch\/fr\/?s={search_term_string}\"},\"query-input\":{\"@type\":\"PropertyValueSpecification\",\"valueRequired\":true,\"valueName\":\"search_term_string\"}}],\"inLanguage\":\"fr-FR\"},{\"@type\":\"Organization\",\"@id\":\"https:\/\/swissbaker.ch\/fr\/#organization\",\"name\":\"Schweizerischer B\u00e4cker-Confiseurmeister-Verband\",\"url\":\"https:\/\/swissbaker.ch\/fr\/\",\"logo\":{\"@type\":\"ImageObject\",\"inLanguage\":\"fr-FR\",\"@id\":\"https:\/\/swissbaker.ch\/fr\/#\/schema\/logo\/image\/\",\"url\":\"https:\/\/swissbaker.ch\/wp-content\/uploads\/2022\/04\/sbc-logo-yoast.jpg\",\"contentUrl\":\"https:\/\/swissbaker.ch\/wp-content\/uploads\/2022\/04\/sbc-logo-yoast.jpg\",\"width\":512,\"height\":512,\"caption\":\"Schweizerischer B\u00e4cker-Confiseurmeister-Verband\"},\"image\":{\"@id\":\"https:\/\/swissbaker.ch\/fr\/#\/schema\/logo\/image\/\"},\"sameAs\":[\"https:\/\/www.facebook.com\/swissbaker.ch\",\"https:\/\/x.com\/ch_swissbaker\"]},{\"@type\":\"Person\",\"@id\":\"https:\/\/swissbaker.ch\/fr\/#\/schema\/person\/abb9dbbf5af9443c30618295ec9cb74e\",\"name\":\"Johann Ruppen\",\"image\":{\"@type\":\"ImageObject\",\"inLanguage\":\"fr-FR\",\"@id\":\"https:\/\/swissbaker.ch\/fr\/#\/schema\/person\/image\/\",\"url\":\"https:\/\/secure.gravatar.com\/avatar\/779632f9a53a98ad01f956c0ab0333a9abed519eb0a7248909af8cf14497dedd?s=96&d=mm&r=g\",\"contentUrl\":\"https:\/\/secure.gravatar.com\/avatar\/779632f9a53a98ad01f956c0ab0333a9abed519eb0a7248909af8cf14497dedd?s=96&d=mm&r=g\",\"caption\":\"Johann Ruppen\"},\"sameAs\":[\"http:\/\/swissbaker.ch\"],\"url\":\"https:\/\/swissbaker.ch\/fr\/panissimo-news\/author\/johann-ruppenswissbaker-ch\/\"}]}<\/script>\n<!-- \/ Yoast SEO Premium plugin. -->","yoast_head_json":{"title":"Produire malgr\u00e9 le black-out | SBC","robots":{"index":"index","follow":"follow","max-snippet":"max-snippet:-1","max-image-preview":"max-image-preview:large","max-video-preview":"max-video-preview:-1"},"canonical":"https:\/\/swissbaker.ch\/fr\/panissimo-news\/produire-malgre-le-black-out\/","og_locale":"fr_FR","og_type":"article","og_title":"Produire malgr\u00e9 le black-out","og_description":"Malgr\u00e9 une panne d&#8217;\u00e9lectricit\u00e9, des masses de neige et l\u2019isolement du village \u00e0 P\u00e2ques, la boulangerie Fuchs \u00e0 Zermatt (VS) a maintenu son activit\u00e9 dans des conditions difficiles, avec beaucoup d&#8217;engagement, d&#8217;esprit d&#8217;\u00e9quipe et parfois sans \u00e9lectricit\u00e9. Elle a ainsi assur\u00e9 l&#8217;approvisionnement de la population et des touristes en l&#8217;un des aliments les plus importants: le pain. Alors que beaucoup [&hellip;]","og_url":"https:\/\/swissbaker.ch\/fr\/panissimo-news\/produire-malgre-le-black-out\/","og_site_name":"SBC","article_publisher":"https:\/\/www.facebook.com\/swissbaker.ch","article_published_time":"2025-04-24T14:37:42+00:00","article_modified_time":"2025-04-24T14:38:46+00:00","og_image":[{"width":1080,"height":1920,"url":"https:\/\/swissbaker.ch\/wp-content\/uploads\/2025\/04\/f72492b4-42e1-4e38-9376-4f908f4955ae.jpg","type":"image\/jpeg"}],"author":"Johann Ruppen","twitter_card":"summary_large_image","twitter_creator":"@ch_swissbaker","twitter_site":"@ch_swissbaker","twitter_misc":{"Written by":"Johann Ruppen","Est. reading time":"3 minutes"},"schema":{"@context":"https:\/\/schema.org","@graph":[{"@type":"Article","@id":"https:\/\/swissbaker.ch\/fr\/panissimo-news\/produire-malgre-le-black-out\/#article","isPartOf":{"@id":"https:\/\/swissbaker.ch\/fr\/panissimo-news\/produire-malgre-le-black-out\/"},"author":{"name":"Johann Ruppen","@id":"https:\/\/swissbaker.ch\/fr\/#\/schema\/person\/abb9dbbf5af9443c30618295ec9cb74e"},"headline":"Produire malgr\u00e9 le black-out","datePublished":"2025-04-24T14:37:42+00:00","dateModified":"2025-04-24T14:38:46+00:00","mainEntityOfPage":{"@id":"https:\/\/swissbaker.ch\/fr\/panissimo-news\/produire-malgre-le-black-out\/"},"wordCount":605,"publisher":{"@id":"https:\/\/swissbaker.ch\/fr\/#organization"},"image":{"@id":"https:\/\/swissbaker.ch\/fr\/panissimo-news\/produire-malgre-le-black-out\/#primaryimage"},"thumbnailUrl":"https:\/\/swissbaker.ch\/wp-content\/uploads\/2025\/04\/f72492b4-42e1-4e38-9376-4f908f4955ae.jpg","keywords":["Cantons","\u00e9nergie","Fuchs","Zermatt"],"articleSection":["Actuel","Des cantons"],"inLanguage":"fr-FR"},{"@type":"WebPage","@id":"https:\/\/swissbaker.ch\/fr\/panissimo-news\/produire-malgre-le-black-out\/","url":"https:\/\/swissbaker.ch\/fr\/panissimo-news\/produire-malgre-le-black-out\/","name":"Produire malgr\u00e9 le black-out | SBC","isPartOf":{"@id":"https:\/\/swissbaker.ch\/fr\/#website"},"primaryImageOfPage":{"@id":"https:\/\/swissbaker.ch\/fr\/panissimo-news\/produire-malgre-le-black-out\/#primaryimage"},"image":{"@id":"https:\/\/swissbaker.ch\/fr\/panissimo-news\/produire-malgre-le-black-out\/#primaryimage"},"thumbnailUrl":"https:\/\/swissbaker.ch\/wp-content\/uploads\/2025\/04\/f72492b4-42e1-4e38-9376-4f908f4955ae.jpg","datePublished":"2025-04-24T14:37:42+00:00","dateModified":"2025-04-24T14:38:46+00:00","breadcrumb":{"@id":"https:\/\/swissbaker.ch\/fr\/panissimo-news\/produire-malgre-le-black-out\/#breadcrumb"},"inLanguage":"fr-FR","potentialAction":[{"@type":"ReadAction","target":["https:\/\/swissbaker.ch\/fr\/panissimo-news\/produire-malgre-le-black-out\/"]}]},{"@type":"ImageObject","inLanguage":"fr-FR","@id":"https:\/\/swissbaker.ch\/fr\/panissimo-news\/produire-malgre-le-black-out\/#primaryimage","url":"https:\/\/swissbaker.ch\/wp-content\/uploads\/2025\/04\/f72492b4-42e1-4e38-9376-4f908f4955ae.jpg","contentUrl":"https:\/\/swissbaker.ch\/wp-content\/uploads\/2025\/04\/f72492b4-42e1-4e38-9376-4f908f4955ae.jpg","width":1080,"height":1920},{"@type":"BreadcrumbList","@id":"https:\/\/swissbaker.ch\/fr\/panissimo-news\/produire-malgre-le-black-out\/#breadcrumb","itemListElement":[{"@type":"ListItem","position":1,"name":"","item":"https:\/\/swissbaker.ch\/fr\/"},{"@type":"ListItem","position":2,"name":"Actuel","item":"https:\/\/swissbaker.ch\/fr\/panissimo-news\/category\/actuel\/"},{"@type":"ListItem","position":3,"name":"Produire malgr\u00e9 le black-out"}]},{"@type":"WebSite","@id":"https:\/\/swissbaker.ch\/fr\/#website","url":"https:\/\/swissbaker.ch\/fr\/","name":"SBC","description":"","publisher":{"@id":"https:\/\/swissbaker.ch\/fr\/#organization"},"potentialAction":[{"@type":"SearchAction","target":{"@type":"EntryPoint","urlTemplate":"https:\/\/swissbaker.ch\/fr\/?s={search_term_string}"},"query-input":{"@type":"PropertyValueSpecification","valueRequired":true,"valueName":"search_term_string"}}],"inLanguage":"fr-FR"},{"@type":"Organization","@id":"https:\/\/swissbaker.ch\/fr\/#organization","name":"Schweizerischer B\u00e4cker-Confiseurmeister-Verband","url":"https:\/\/swissbaker.ch\/fr\/","logo":{"@type":"ImageObject","inLanguage":"fr-FR","@id":"https:\/\/swissbaker.ch\/fr\/#\/schema\/logo\/image\/","url":"https:\/\/swissbaker.ch\/wp-content\/uploads\/2022\/04\/sbc-logo-yoast.jpg","contentUrl":"https:\/\/swissbaker.ch\/wp-content\/uploads\/2022\/04\/sbc-logo-yoast.jpg","width":512,"height":512,"caption":"Schweizerischer B\u00e4cker-Confiseurmeister-Verband"},"image":{"@id":"https:\/\/swissbaker.ch\/fr\/#\/schema\/logo\/image\/"},"sameAs":["https:\/\/www.facebook.com\/swissbaker.ch","https:\/\/x.com\/ch_swissbaker"]},{"@type":"Person","@id":"https:\/\/swissbaker.ch\/fr\/#\/schema\/person\/abb9dbbf5af9443c30618295ec9cb74e","name":"Johann Ruppen","image":{"@type":"ImageObject","inLanguage":"fr-FR","@id":"https:\/\/swissbaker.ch\/fr\/#\/schema\/person\/image\/","url":"https:\/\/secure.gravatar.com\/avatar\/779632f9a53a98ad01f956c0ab0333a9abed519eb0a7248909af8cf14497dedd?s=96&d=mm&r=g","contentUrl":"https:\/\/secure.gravatar.com\/avatar\/779632f9a53a98ad01f956c0ab0333a9abed519eb0a7248909af8cf14497dedd?s=96&d=mm&r=g","caption":"Johann Ruppen"},"sameAs":["http:\/\/swissbaker.ch"],"url":"https:\/\/swissbaker.ch\/fr\/panissimo-news\/author\/johann-ruppenswissbaker-ch\/"}]}},"_links":{"self":[{"href":"https:\/\/swissbaker.ch\/fr\/wp-json\/wp\/v2\/posts\/119729","targetHints":{"allow":["GET"]}}],"collection":[{"href":"https:\/\/swissbaker.ch\/fr\/wp-json\/wp\/v2\/posts"}],"about":[{"href":"https:\/\/swissbaker.ch\/fr\/wp-json\/wp\/v2\/types\/post"}],"author":[{"embeddable":true,"href":"https:\/\/swissbaker.ch\/fr\/wp-json\/wp\/v2\/users\/8"}],"replies":[{"embeddable":true,"href":"https:\/\/swissbaker.ch\/fr\/wp-json\/wp\/v2\/comments?post=119729"}],"version-history":[{"count":0,"href":"https:\/\/swissbaker.ch\/fr\/wp-json\/wp\/v2\/posts\/119729\/revisions"}],"wp:featuredmedia":[{"embeddable":true,"href":"https:\/\/swissbaker.ch\/fr\/wp-json\/wp\/v2\/media\/119732"}],"wp:attachment":[{"href":"https:\/\/swissbaker.ch\/fr\/wp-json\/wp\/v2\/media?parent=119729"}],"wp:term":[{"taxonomy":"category","embeddable":true,"href":"https:\/\/swissbaker.ch\/fr\/wp-json\/wp\/v2\/categories?post=119729"},{"taxonomy":"post_tag","embeddable":true,"href":"https:\/\/swissbaker.ch\/fr\/wp-json\/wp\/v2\/tags?post=119729"}],"curies":[{"name":"wp","href":"https:\/\/api.w.org\/{rel}","templated":true}]}}