{"id":119426,"date":"2025-04-15T08:47:09","date_gmt":"2025-04-15T06:47:09","guid":{"rendered":"https:\/\/swissbaker.ch\/?p=119426"},"modified":"2025-04-15T09:17:35","modified_gmt":"2025-04-15T07:17:35","slug":"montre-qui-tu-es-et-pourquoi-tu-aimes-ton-metier","status":"publish","type":"post","link":"https:\/\/swissbaker.ch\/fr\/panissimo-news\/montre-qui-tu-es-et-pourquoi-tu-aimes-ton-metier\/","title":{"rendered":"Montre qui tu es et pourquoi tu aimes ton m\u00e9tier!"},"content":{"rendered":"\n<p><strong>Forte du succ\u00e8s des pr\u00e9c\u00e9dentes, la cinqui\u00e8me vague de la campagne de promotion de la rel\u00e8ve de la BCS sera lanc\u00e9e d\u00e9but ao\u00fbt. Les apprentis et apprenties y contribueront de mani\u00e8re significative en r\u00e9alisant des vid\u00e9os de leur cru.<\/strong><\/p>\n\n\n\n<p>Le concept est le suivant: les apprentis et apprenties tournent dans leur entreprise de formation de petites vid\u00e9os (60 secondes maximum) sur leur m\u00e9tier de boulanger-p\u00e2tissier-confiseur\/boulang\u00e8re-p\u00e2tissi\u00e8re-confiseuse ou de gestionnaire du commerce de d\u00e9tail, en d\u00e9voilant leurs t\u00e2ches de pr\u00e9dilection et les raisons pour lesquelles ils aiment leur travail. La BCS publie ces vid\u00e9os du 6 ao\u00fbt au 3 septembre environ sur les r\u00e9seaux sociaux des boulangers-confiseurs suisses: Instagram, Facebook et TikTok. L\u2019objectif est ensuite de parvenir au plus de partages, de likes et de publications possible.<\/p>\n\n\n\n<h2 class=\"wp-block-heading\" id=\"h-contenu-video\">Contenu vid\u00e9o<\/h2>\n\n\n\n<p><strong>Montre qui tu es et pourquoi tu aimes ton m\u00e9tier!<\/strong><\/p>\n\n\n\n<p><strong>Pr\u00e9sente-toi bri\u00e8vement:<\/strong><\/p>\n\n\n\n<ul class=\"wp-block-list\">\n<li>nom, m\u00e9tier et orientation, ann\u00e9e d\u2019apprentissage, entreprise de formation et lieu.<\/li>\n<\/ul>\n\n\n\n<p><strong>R\u00e9ponds aux questions ci-apr\u00e8s.<\/strong><\/p>\n\n\n\n<ul class=\"wp-block-list\">\n<li>Pourquoi as-tu choisi cette formation?<\/li>\n\n\n\n<li>Qu\u2019est-ce qui te pla\u00eet le plus dans ton m\u00e9tier?<\/li>\n\n\n\n<li>Quelles sont tes t\u00e2ches de pr\u00e9dilection?<\/li>\n\n\n\n<li>\u2026 Ou dis ce que tu veux sur ton m\u00e9tier!<\/li>\n<\/ul>\n\n\n\n<p><strong>Capture l\u2019ambiance de travail<\/strong><\/p>\n\n\n\n<ul class=\"wp-block-list\">\n<li>Montre ton lieu de travail et donne un aper\u00e7u de l\u2019ambiance quiy r\u00e8gne! Veille \u00e0 ce que l\u2019arri\u00e8re-plan soit bien rang\u00e9.<\/li>\n<\/ul>\n\n\n\n<h2 class=\"wp-block-heading\" id=\"h-generation-z\">G\u00e9n\u00e9ration Z<\/h2>\n\n\n\n<p>L\u2019objectif est toujours d\u2019attirer la g\u00e9n\u00e9ration Z vers les m\u00e9tiers de la boulangerie-confiserie gr\u00e2ce \u00e0 une campagne en ligne sp\u00e9cifique au groupe cible. Cette tranche d\u2019\u00e2ge recherche un travail valorisant et accorde de l\u2019importance \u00e0 la cr\u00e9ativit\u00e9, \u00e0 l\u2019artisanat et \u00e0 la durabilit\u00e9, autant d\u2019aspects que nos m\u00e9tiers offrent. \u00ab Plus qu\u2019un m\u00e9tier \u2013 un vrai bonheur! \u00bb<\/p>\n\n\n\n<h2 class=\"wp-block-heading\" id=\"h-la-participation-et-l-envoi-de-videos-sont-possibles-des-maintenant\">La participation et l\u2019envoi de vid\u00e9os sont possibles d\u00e8s maintenant<\/h2>\n\n\n\n<p>Nous attendons avec impatience les vid\u00e9os, \u00e0 envoyer par courriel<br>\u00e0 l\u2019adresse <a href=\"mailto:sarah.rosch@swissbaker.ch\">sarah.rosch@swissbaker.ch<\/a> ou via <a href=\"http:\/\/wetransfer.com\">wetransfer.com<\/a>.<\/p>\n\n\n\n<div class=\"wp-block-file\"><a id=\"wp-block-file--media-9975f329-259b-4728-b374-7cdd0edeb05b\" href=\"https:\/\/swissbaker.ch\/wp-content\/uploads\/2025\/04\/factsheet_video-aktion-forme-deine-zukunft_f.pdf\"><strong>Informations compl\u00e9mentaires&#8230;\u00bb<\/strong><\/a><\/div>\n\n\n\n<p>Merci beaucoup!<\/p>\n\n\n\n<p class=\"has-text-align-right\"><em>BCS<\/em><\/p>\n","protected":false},"excerpt":{"rendered":"<p>Forte du succ\u00e8s des pr\u00e9c\u00e9dentes, la cinqui\u00e8me vague de la campagne de promotion de la rel\u00e8ve de la BCS sera lanc\u00e9e d\u00e9but ao\u00fbt. Les apprentis et apprenties y contribueront de mani\u00e8re significative en r\u00e9alisant des vid\u00e9os de leur cru.<\/p>\n","protected":false},"author":5,"featured_media":119427,"comment_status":"closed","ping_status":"closed","sticky":true,"template":"","format":"standard","meta":{"_acf_changed":false,"footnotes":""},"categories":[47],"tags":[],"class_list":["post-119426","post","type-post","status-publish","format-standard","has-post-thumbnail","hentry","category-formation-releve"],"acf":[],"yoast_head":"<!-- This site is optimized with the Yoast SEO Premium plugin v26.8 (Yoast SEO v26.8) - https:\/\/yoast.com\/product\/yoast-seo-premium-wordpress\/ -->\n<title>Montre qui tu es et pourquoi tu aimes ton m\u00e9tier! | SBC<\/title>\n<meta name=\"robots\" content=\"index, follow, max-snippet:-1, max-image-preview:large, max-video-preview:-1\" \/>\n<link rel=\"canonical\" href=\"https:\/\/swissbaker.ch\/fr\/panissimo-news\/montre-qui-tu-es-et-pourquoi-tu-aimes-ton-metier\/\" \/>\n<meta property=\"og:locale\" content=\"fr_FR\" \/>\n<meta property=\"og:type\" content=\"article\" \/>\n<meta property=\"og:title\" content=\"Montre qui tu es et pourquoi tu aimes ton m\u00e9tier!\" \/>\n<meta property=\"og:description\" content=\"Forte du succ\u00e8s des pr\u00e9c\u00e9dentes, la cinqui\u00e8me vague de la campagne de promotion de la rel\u00e8ve de la BCS sera lanc\u00e9e d\u00e9but ao\u00fbt. Les apprentis et apprenties y contribueront de mani\u00e8re significative en r\u00e9alisant des vid\u00e9os de leur cru.\" \/>\n<meta property=\"og:url\" content=\"https:\/\/swissbaker.ch\/fr\/panissimo-news\/montre-qui-tu-es-et-pourquoi-tu-aimes-ton-metier\/\" \/>\n<meta property=\"og:site_name\" content=\"SBC\" \/>\n<meta property=\"article:publisher\" content=\"https:\/\/www.facebook.com\/swissbaker.ch\" \/>\n<meta property=\"article:published_time\" content=\"2025-04-15T06:47:09+00:00\" \/>\n<meta property=\"article:modified_time\" content=\"2025-04-15T07:17:35+00:00\" \/>\n<meta property=\"og:image\" content=\"https:\/\/swissbaker.ch\/wp-content\/uploads\/2025\/04\/selfmade_videos_fr.jpg\" \/>\n\t<meta property=\"og:image:width\" content=\"1200\" \/>\n\t<meta property=\"og:image:height\" content=\"712\" \/>\n\t<meta property=\"og:image:type\" content=\"image\/jpeg\" \/>\n<meta name=\"author\" content=\"Simon Nussbaum\" \/>\n<meta name=\"twitter:card\" content=\"summary_large_image\" \/>\n<meta name=\"twitter:creator\" content=\"@ch_swissbaker\" \/>\n<meta name=\"twitter:site\" content=\"@ch_swissbaker\" \/>\n<meta name=\"twitter:label1\" content=\"Written by\" \/>\n\t<meta name=\"twitter:data1\" content=\"Simon Nussbaum\" \/>\n\t<meta name=\"twitter:label2\" content=\"Est. reading time\" \/>\n\t<meta name=\"twitter:data2\" content=\"2 minutes\" \/>\n<script type=\"application\/ld+json\" class=\"yoast-schema-graph\">{\"@context\":\"https:\/\/schema.org\",\"@graph\":[{\"@type\":\"Article\",\"@id\":\"https:\/\/swissbaker.ch\/fr\/panissimo-news\/montre-qui-tu-es-et-pourquoi-tu-aimes-ton-metier\/#article\",\"isPartOf\":{\"@id\":\"https:\/\/swissbaker.ch\/fr\/panissimo-news\/montre-qui-tu-es-et-pourquoi-tu-aimes-ton-metier\/\"},\"author\":{\"name\":\"Simon Nussbaum\",\"@id\":\"https:\/\/swissbaker.ch\/fr\/#\/schema\/person\/74bd327b08c18ca6042c02ff6f0ed5e2\"},\"headline\":\"Montre qui tu es et pourquoi tu aimes ton m\u00e9tier!\",\"datePublished\":\"2025-04-15T06:47:09+00:00\",\"dateModified\":\"2025-04-15T07:17:35+00:00\",\"mainEntityOfPage\":{\"@id\":\"https:\/\/swissbaker.ch\/fr\/panissimo-news\/montre-qui-tu-es-et-pourquoi-tu-aimes-ton-metier\/\"},\"wordCount\":371,\"publisher\":{\"@id\":\"https:\/\/swissbaker.ch\/fr\/#organization\"},\"image\":{\"@id\":\"https:\/\/swissbaker.ch\/fr\/panissimo-news\/montre-qui-tu-es-et-pourquoi-tu-aimes-ton-metier\/#primaryimage\"},\"thumbnailUrl\":\"https:\/\/swissbaker.ch\/wp-content\/uploads\/2025\/04\/selfmade_videos_fr.jpg\",\"articleSection\":[\"Formation\/Rel\u00e8ve\"],\"inLanguage\":\"fr-FR\"},{\"@type\":\"WebPage\",\"@id\":\"https:\/\/swissbaker.ch\/fr\/panissimo-news\/montre-qui-tu-es-et-pourquoi-tu-aimes-ton-metier\/\",\"url\":\"https:\/\/swissbaker.ch\/fr\/panissimo-news\/montre-qui-tu-es-et-pourquoi-tu-aimes-ton-metier\/\",\"name\":\"Montre qui tu es et pourquoi tu aimes ton m\u00e9tier! | SBC\",\"isPartOf\":{\"@id\":\"https:\/\/swissbaker.ch\/fr\/#website\"},\"primaryImageOfPage\":{\"@id\":\"https:\/\/swissbaker.ch\/fr\/panissimo-news\/montre-qui-tu-es-et-pourquoi-tu-aimes-ton-metier\/#primaryimage\"},\"image\":{\"@id\":\"https:\/\/swissbaker.ch\/fr\/panissimo-news\/montre-qui-tu-es-et-pourquoi-tu-aimes-ton-metier\/#primaryimage\"},\"thumbnailUrl\":\"https:\/\/swissbaker.ch\/wp-content\/uploads\/2025\/04\/selfmade_videos_fr.jpg\",\"datePublished\":\"2025-04-15T06:47:09+00:00\",\"dateModified\":\"2025-04-15T07:17:35+00:00\",\"breadcrumb\":{\"@id\":\"https:\/\/swissbaker.ch\/fr\/panissimo-news\/montre-qui-tu-es-et-pourquoi-tu-aimes-ton-metier\/#breadcrumb\"},\"inLanguage\":\"fr-FR\",\"potentialAction\":[{\"@type\":\"ReadAction\",\"target\":[\"https:\/\/swissbaker.ch\/fr\/panissimo-news\/montre-qui-tu-es-et-pourquoi-tu-aimes-ton-metier\/\"]}]},{\"@type\":\"ImageObject\",\"inLanguage\":\"fr-FR\",\"@id\":\"https:\/\/swissbaker.ch\/fr\/panissimo-news\/montre-qui-tu-es-et-pourquoi-tu-aimes-ton-metier\/#primaryimage\",\"url\":\"https:\/\/swissbaker.ch\/wp-content\/uploads\/2025\/04\/selfmade_videos_fr.jpg\",\"contentUrl\":\"https:\/\/swissbaker.ch\/wp-content\/uploads\/2025\/04\/selfmade_videos_fr.jpg\",\"width\":1200,\"height\":712},{\"@type\":\"BreadcrumbList\",\"@id\":\"https:\/\/swissbaker.ch\/fr\/panissimo-news\/montre-qui-tu-es-et-pourquoi-tu-aimes-ton-metier\/#breadcrumb\",\"itemListElement\":[{\"@type\":\"ListItem\",\"position\":1,\"name\":\"\",\"item\":\"https:\/\/swissbaker.ch\/fr\/\"},{\"@type\":\"ListItem\",\"position\":2,\"name\":\"Formation\/Rel\u00e8ve\",\"item\":\"https:\/\/swissbaker.ch\/fr\/panissimo-news\/category\/formation-releve\/\"},{\"@type\":\"ListItem\",\"position\":3,\"name\":\"Montre qui tu es et pourquoi tu aimes ton m\u00e9tier!\"}]},{\"@type\":\"WebSite\",\"@id\":\"https:\/\/swissbaker.ch\/fr\/#website\",\"url\":\"https:\/\/swissbaker.ch\/fr\/\",\"name\":\"SBC\",\"description\":\"\",\"publisher\":{\"@id\":\"https:\/\/swissbaker.ch\/fr\/#organization\"},\"potentialAction\":[{\"@type\":\"SearchAction\",\"target\":{\"@type\":\"EntryPoint\",\"urlTemplate\":\"https:\/\/swissbaker.ch\/fr\/?s={search_term_string}\"},\"query-input\":{\"@type\":\"PropertyValueSpecification\",\"valueRequired\":true,\"valueName\":\"search_term_string\"}}],\"inLanguage\":\"fr-FR\"},{\"@type\":\"Organization\",\"@id\":\"https:\/\/swissbaker.ch\/fr\/#organization\",\"name\":\"Schweizerischer B\u00e4cker-Confiseurmeister-Verband\",\"url\":\"https:\/\/swissbaker.ch\/fr\/\",\"logo\":{\"@type\":\"ImageObject\",\"inLanguage\":\"fr-FR\",\"@id\":\"https:\/\/swissbaker.ch\/fr\/#\/schema\/logo\/image\/\",\"url\":\"https:\/\/swissbaker.ch\/wp-content\/uploads\/2022\/04\/sbc-logo-yoast.jpg\",\"contentUrl\":\"https:\/\/swissbaker.ch\/wp-content\/uploads\/2022\/04\/sbc-logo-yoast.jpg\",\"width\":512,\"height\":512,\"caption\":\"Schweizerischer B\u00e4cker-Confiseurmeister-Verband\"},\"image\":{\"@id\":\"https:\/\/swissbaker.ch\/fr\/#\/schema\/logo\/image\/\"},\"sameAs\":[\"https:\/\/www.facebook.com\/swissbaker.ch\",\"https:\/\/x.com\/ch_swissbaker\"]},{\"@type\":\"Person\",\"@id\":\"https:\/\/swissbaker.ch\/fr\/#\/schema\/person\/74bd327b08c18ca6042c02ff6f0ed5e2\",\"name\":\"Simon Nussbaum\",\"image\":{\"@type\":\"ImageObject\",\"inLanguage\":\"fr-FR\",\"@id\":\"https:\/\/swissbaker.ch\/fr\/#\/schema\/person\/image\/\",\"url\":\"https:\/\/secure.gravatar.com\/avatar\/df0eced3bb556c806cb760cf503ade1ed1df25b4104d80d6fd28d93a9509aa12?s=96&d=mm&r=g\",\"contentUrl\":\"https:\/\/secure.gravatar.com\/avatar\/df0eced3bb556c806cb760cf503ade1ed1df25b4104d80d6fd28d93a9509aa12?s=96&d=mm&r=g\",\"caption\":\"Simon Nussbaum\"},\"url\":\"https:\/\/swissbaker.ch\/fr\/panissimo-news\/author\/simon-nussbaum\/\"}]}<\/script>\n<!-- \/ Yoast SEO Premium plugin. -->","yoast_head_json":{"title":"Montre qui tu es et pourquoi tu aimes ton m\u00e9tier! | SBC","robots":{"index":"index","follow":"follow","max-snippet":"max-snippet:-1","max-image-preview":"max-image-preview:large","max-video-preview":"max-video-preview:-1"},"canonical":"https:\/\/swissbaker.ch\/fr\/panissimo-news\/montre-qui-tu-es-et-pourquoi-tu-aimes-ton-metier\/","og_locale":"fr_FR","og_type":"article","og_title":"Montre qui tu es et pourquoi tu aimes ton m\u00e9tier!","og_description":"Forte du succ\u00e8s des pr\u00e9c\u00e9dentes, la cinqui\u00e8me vague de la campagne de promotion de la rel\u00e8ve de la BCS sera lanc\u00e9e d\u00e9but ao\u00fbt. Les apprentis et apprenties y contribueront de mani\u00e8re significative en r\u00e9alisant des vid\u00e9os de leur cru.","og_url":"https:\/\/swissbaker.ch\/fr\/panissimo-news\/montre-qui-tu-es-et-pourquoi-tu-aimes-ton-metier\/","og_site_name":"SBC","article_publisher":"https:\/\/www.facebook.com\/swissbaker.ch","article_published_time":"2025-04-15T06:47:09+00:00","article_modified_time":"2025-04-15T07:17:35+00:00","og_image":[{"width":1200,"height":712,"url":"https:\/\/swissbaker.ch\/wp-content\/uploads\/2025\/04\/selfmade_videos_fr.jpg","type":"image\/jpeg"}],"author":"Simon Nussbaum","twitter_card":"summary_large_image","twitter_creator":"@ch_swissbaker","twitter_site":"@ch_swissbaker","twitter_misc":{"Written by":"Simon Nussbaum","Est. reading time":"2 minutes"},"schema":{"@context":"https:\/\/schema.org","@graph":[{"@type":"Article","@id":"https:\/\/swissbaker.ch\/fr\/panissimo-news\/montre-qui-tu-es-et-pourquoi-tu-aimes-ton-metier\/#article","isPartOf":{"@id":"https:\/\/swissbaker.ch\/fr\/panissimo-news\/montre-qui-tu-es-et-pourquoi-tu-aimes-ton-metier\/"},"author":{"name":"Simon Nussbaum","@id":"https:\/\/swissbaker.ch\/fr\/#\/schema\/person\/74bd327b08c18ca6042c02ff6f0ed5e2"},"headline":"Montre qui tu es et pourquoi tu aimes ton m\u00e9tier!","datePublished":"2025-04-15T06:47:09+00:00","dateModified":"2025-04-15T07:17:35+00:00","mainEntityOfPage":{"@id":"https:\/\/swissbaker.ch\/fr\/panissimo-news\/montre-qui-tu-es-et-pourquoi-tu-aimes-ton-metier\/"},"wordCount":371,"publisher":{"@id":"https:\/\/swissbaker.ch\/fr\/#organization"},"image":{"@id":"https:\/\/swissbaker.ch\/fr\/panissimo-news\/montre-qui-tu-es-et-pourquoi-tu-aimes-ton-metier\/#primaryimage"},"thumbnailUrl":"https:\/\/swissbaker.ch\/wp-content\/uploads\/2025\/04\/selfmade_videos_fr.jpg","articleSection":["Formation\/Rel\u00e8ve"],"inLanguage":"fr-FR"},{"@type":"WebPage","@id":"https:\/\/swissbaker.ch\/fr\/panissimo-news\/montre-qui-tu-es-et-pourquoi-tu-aimes-ton-metier\/","url":"https:\/\/swissbaker.ch\/fr\/panissimo-news\/montre-qui-tu-es-et-pourquoi-tu-aimes-ton-metier\/","name":"Montre qui tu es et pourquoi tu aimes ton m\u00e9tier! | SBC","isPartOf":{"@id":"https:\/\/swissbaker.ch\/fr\/#website"},"primaryImageOfPage":{"@id":"https:\/\/swissbaker.ch\/fr\/panissimo-news\/montre-qui-tu-es-et-pourquoi-tu-aimes-ton-metier\/#primaryimage"},"image":{"@id":"https:\/\/swissbaker.ch\/fr\/panissimo-news\/montre-qui-tu-es-et-pourquoi-tu-aimes-ton-metier\/#primaryimage"},"thumbnailUrl":"https:\/\/swissbaker.ch\/wp-content\/uploads\/2025\/04\/selfmade_videos_fr.jpg","datePublished":"2025-04-15T06:47:09+00:00","dateModified":"2025-04-15T07:17:35+00:00","breadcrumb":{"@id":"https:\/\/swissbaker.ch\/fr\/panissimo-news\/montre-qui-tu-es-et-pourquoi-tu-aimes-ton-metier\/#breadcrumb"},"inLanguage":"fr-FR","potentialAction":[{"@type":"ReadAction","target":["https:\/\/swissbaker.ch\/fr\/panissimo-news\/montre-qui-tu-es-et-pourquoi-tu-aimes-ton-metier\/"]}]},{"@type":"ImageObject","inLanguage":"fr-FR","@id":"https:\/\/swissbaker.ch\/fr\/panissimo-news\/montre-qui-tu-es-et-pourquoi-tu-aimes-ton-metier\/#primaryimage","url":"https:\/\/swissbaker.ch\/wp-content\/uploads\/2025\/04\/selfmade_videos_fr.jpg","contentUrl":"https:\/\/swissbaker.ch\/wp-content\/uploads\/2025\/04\/selfmade_videos_fr.jpg","width":1200,"height":712},{"@type":"BreadcrumbList","@id":"https:\/\/swissbaker.ch\/fr\/panissimo-news\/montre-qui-tu-es-et-pourquoi-tu-aimes-ton-metier\/#breadcrumb","itemListElement":[{"@type":"ListItem","position":1,"name":"","item":"https:\/\/swissbaker.ch\/fr\/"},{"@type":"ListItem","position":2,"name":"Formation\/Rel\u00e8ve","item":"https:\/\/swissbaker.ch\/fr\/panissimo-news\/category\/formation-releve\/"},{"@type":"ListItem","position":3,"name":"Montre qui tu es et pourquoi tu aimes ton m\u00e9tier!"}]},{"@type":"WebSite","@id":"https:\/\/swissbaker.ch\/fr\/#website","url":"https:\/\/swissbaker.ch\/fr\/","name":"SBC","description":"","publisher":{"@id":"https:\/\/swissbaker.ch\/fr\/#organization"},"potentialAction":[{"@type":"SearchAction","target":{"@type":"EntryPoint","urlTemplate":"https:\/\/swissbaker.ch\/fr\/?s={search_term_string}"},"query-input":{"@type":"PropertyValueSpecification","valueRequired":true,"valueName":"search_term_string"}}],"inLanguage":"fr-FR"},{"@type":"Organization","@id":"https:\/\/swissbaker.ch\/fr\/#organization","name":"Schweizerischer B\u00e4cker-Confiseurmeister-Verband","url":"https:\/\/swissbaker.ch\/fr\/","logo":{"@type":"ImageObject","inLanguage":"fr-FR","@id":"https:\/\/swissbaker.ch\/fr\/#\/schema\/logo\/image\/","url":"https:\/\/swissbaker.ch\/wp-content\/uploads\/2022\/04\/sbc-logo-yoast.jpg","contentUrl":"https:\/\/swissbaker.ch\/wp-content\/uploads\/2022\/04\/sbc-logo-yoast.jpg","width":512,"height":512,"caption":"Schweizerischer B\u00e4cker-Confiseurmeister-Verband"},"image":{"@id":"https:\/\/swissbaker.ch\/fr\/#\/schema\/logo\/image\/"},"sameAs":["https:\/\/www.facebook.com\/swissbaker.ch","https:\/\/x.com\/ch_swissbaker"]},{"@type":"Person","@id":"https:\/\/swissbaker.ch\/fr\/#\/schema\/person\/74bd327b08c18ca6042c02ff6f0ed5e2","name":"Simon Nussbaum","image":{"@type":"ImageObject","inLanguage":"fr-FR","@id":"https:\/\/swissbaker.ch\/fr\/#\/schema\/person\/image\/","url":"https:\/\/secure.gravatar.com\/avatar\/df0eced3bb556c806cb760cf503ade1ed1df25b4104d80d6fd28d93a9509aa12?s=96&d=mm&r=g","contentUrl":"https:\/\/secure.gravatar.com\/avatar\/df0eced3bb556c806cb760cf503ade1ed1df25b4104d80d6fd28d93a9509aa12?s=96&d=mm&r=g","caption":"Simon Nussbaum"},"url":"https:\/\/swissbaker.ch\/fr\/panissimo-news\/author\/simon-nussbaum\/"}]}},"_links":{"self":[{"href":"https:\/\/swissbaker.ch\/fr\/wp-json\/wp\/v2\/posts\/119426","targetHints":{"allow":["GET"]}}],"collection":[{"href":"https:\/\/swissbaker.ch\/fr\/wp-json\/wp\/v2\/posts"}],"about":[{"href":"https:\/\/swissbaker.ch\/fr\/wp-json\/wp\/v2\/types\/post"}],"author":[{"embeddable":true,"href":"https:\/\/swissbaker.ch\/fr\/wp-json\/wp\/v2\/users\/5"}],"replies":[{"embeddable":true,"href":"https:\/\/swissbaker.ch\/fr\/wp-json\/wp\/v2\/comments?post=119426"}],"version-history":[{"count":0,"href":"https:\/\/swissbaker.ch\/fr\/wp-json\/wp\/v2\/posts\/119426\/revisions"}],"wp:featuredmedia":[{"embeddable":true,"href":"https:\/\/swissbaker.ch\/fr\/wp-json\/wp\/v2\/media\/119427"}],"wp:attachment":[{"href":"https:\/\/swissbaker.ch\/fr\/wp-json\/wp\/v2\/media?parent=119426"}],"wp:term":[{"taxonomy":"category","embeddable":true,"href":"https:\/\/swissbaker.ch\/fr\/wp-json\/wp\/v2\/categories?post=119426"},{"taxonomy":"post_tag","embeddable":true,"href":"https:\/\/swissbaker.ch\/fr\/wp-json\/wp\/v2\/tags?post=119426"}],"curies":[{"name":"wp","href":"https:\/\/api.w.org\/{rel}","templated":true}]}}