{"id":118699,"date":"2025-03-27T08:39:25","date_gmt":"2025-03-27T07:39:25","guid":{"rendered":"https:\/\/swissbaker.ch\/?p=118699"},"modified":"2025-03-27T12:57:52","modified_gmt":"2025-03-27T11:57:52","slug":"coup-de-jeune-au-vieux-pays","status":"publish","type":"post","link":"https:\/\/swissbaker.ch\/fr\/panissimo-news\/coup-de-jeune-au-vieux-pays\/","title":{"rendered":"Coup de jeune au Vieux Pays"},"content":{"rendered":"\n<p><strong>Mercredi 26 mars \u00e0 Fully (VS), les boulangers-confiseurs et les chevaliers valaisans ont \u00e9lu leur comit\u00e9 respectif. Leurs particularit\u00e9s r\u00e9sident dans leur jeunesse et une pr\u00e9sidence bic\u00e9phale pour les premiers.<\/strong><\/p>\n\n\n\n<p>Les membres de l\u2019\u00e9quipe dirigeante de l\u2019Association valaisanne des artisans boulangers-p\u00e2tissiers-confiseurs sont Magalie Pellet (sortant, Boulangerie Alphonse Pellet, Uvrier), Augustin Salamin (sortant, Boulangerie Salamin, Grimentz), Baptiste Debons (entrant, DB Les Artisans, Savi\u00e8se), Christophe Delasalle (entrant, La Boulan\u2019Tine, Troistorrents), Barth\u00e9l\u00e9my Dev\u00e8nes (entrant, Da Oue Boulangerie, Haute Nendaz), Stefano Gobbi (entrant, Le 1955, St-Pierre-de-Clages), Paul W\u00fcst (entrant, Feinb\u00e4ckerei W\u00fcst, Gampel). MM. Delasalle et W\u00fcst se partagent le poste de pr\u00e9sident, et remplacent Albert Michellod (d\u00e9missionnaire).<\/p>\n\n\n<div class=\"wp-block-image\">\n<figure class=\"aligncenter size-large is-resized\"><img decoding=\"async\" width=\"1024\" height=\"683\" src=\"https:\/\/swissbaker.ch\/wp-content\/uploads\/2025\/03\/ga5b0448-1024x683.jpg\" alt=\"\" class=\"wp-image-118761\" style=\"width:485px;height:auto\" srcset=\"https:\/\/swissbaker.ch\/wp-content\/uploads\/2025\/03\/ga5b0448-1024x683.jpg 1024w, https:\/\/swissbaker.ch\/wp-content\/uploads\/2025\/03\/ga5b0448-768x512.jpg 768w, https:\/\/swissbaker.ch\/wp-content\/uploads\/2025\/03\/ga5b0448-1536x1024.jpg 1536w, https:\/\/swissbaker.ch\/wp-content\/uploads\/2025\/03\/ga5b0448-2048x1365.jpg 2048w\" sizes=\"(max-width: 1024px) 100vw, 1024px\" \/><figcaption class=\"wp-element-caption\"><em>Christophe Delasalle et Paul W\u00fcst se partagent le poste de pr\u00e9sident<\/em>.<\/figcaption><\/figure>\n<\/div>\n\n\n<p>Du c\u00f4t\u00e9 comit\u00e9 de la Confr\u00e9rie valaisanne des chevaliers du bon pain, si\u00e8gent d\u00e9sormais Elie Michelet (sortant, La Brioche, Haute-Nendaz), Christian Balet (sortant), Stefano Gobbi (entrant) et Paul W\u00fcst (entrant). M. Gobbi est le nouveau grand ma\u00eetre et succ\u00e8de \u00e0 Albert Salamin (d\u00e9missionnaire).<\/p>\n\n\n<div class=\"wp-block-image\">\n<figure class=\"aligncenter size-large is-resized\"><img decoding=\"async\" width=\"1024\" height=\"683\" src=\"https:\/\/swissbaker.ch\/wp-content\/uploads\/2025\/03\/2w3a4109-1024x683.jpg\" alt=\"\" class=\"wp-image-118713\" style=\"width:455px;height:auto\" srcset=\"https:\/\/swissbaker.ch\/wp-content\/uploads\/2025\/03\/2w3a4109-1024x683.jpg 1024w, https:\/\/swissbaker.ch\/wp-content\/uploads\/2025\/03\/2w3a4109-768x512.jpg 768w, https:\/\/swissbaker.ch\/wp-content\/uploads\/2025\/03\/2w3a4109-1536x1024.jpg 1536w, https:\/\/swissbaker.ch\/wp-content\/uploads\/2025\/03\/2w3a4109-2048x1365.jpg 2048w\" sizes=\"(max-width: 1024px) 100vw, 1024px\" \/><figcaption class=\"wp-element-caption\"><em>Stefano Gobbi est le nouveau grand ma\u00eetre<\/em>.<\/figcaption><\/figure>\n<\/div>\n\n\n<p><em>Plus d\u2019infos dans le prochain Panissimo<\/em><\/p>\n\n\n\n<p><a href=\"https:\/\/swissbaker.ch\/fr\/panissimo-news\/galerie\/generalversammlung-des-walliser-kantonalverbandes-und-der-chevaliers-du-bon-pain-in-fully\/\" target=\"_blank\" rel=\"noreferrer noopener\"><strong>Galerie de photos&#8230;\u00bb<\/strong><\/a><\/p>\n\n\n\n<p class=\"has-text-align-right\"><em>Johann Ruppen<\/em><\/p>\n","protected":false},"excerpt":{"rendered":"<p>Mercredi 26 mars \u00e0 Fully (VS), les boulangers-confiseurs et les chevaliers valaisans ont \u00e9lu leur comit\u00e9 respectif. Leurs particularit\u00e9s r\u00e9sident dans leur jeunesse et une pr\u00e9sidence bic\u00e9phale pour les premiers.<\/p>\n","protected":false},"author":5,"featured_media":118783,"comment_status":"closed","ping_status":"closed","sticky":true,"template":"","format":"standard","meta":{"_acf_changed":false,"footnotes":""},"categories":[40],"tags":[],"class_list":["post-118699","post","type-post","status-publish","format-standard","has-post-thumbnail","hentry","category-des-cantons"],"acf":[],"yoast_head":"<!-- This site is optimized with the Yoast SEO Premium plugin v26.8 (Yoast SEO v26.8) - https:\/\/yoast.com\/product\/yoast-seo-premium-wordpress\/ -->\n<title>Coup de jeune au Vieux Pays | SBC<\/title>\n<meta name=\"robots\" content=\"index, follow, max-snippet:-1, max-image-preview:large, max-video-preview:-1\" \/>\n<link rel=\"canonical\" href=\"https:\/\/swissbaker.ch\/fr\/panissimo-news\/coup-de-jeune-au-vieux-pays\/\" \/>\n<meta property=\"og:locale\" content=\"fr_FR\" \/>\n<meta property=\"og:type\" content=\"article\" \/>\n<meta property=\"og:title\" content=\"Coup de jeune au Vieux Pays\" \/>\n<meta property=\"og:description\" content=\"Mercredi 26 mars \u00e0 Fully (VS), les boulangers-confiseurs et les chevaliers valaisans ont \u00e9lu leur comit\u00e9 respectif. Leurs particularit\u00e9s r\u00e9sident dans leur jeunesse et une pr\u00e9sidence bic\u00e9phale pour les premiers.\" \/>\n<meta property=\"og:url\" content=\"https:\/\/swissbaker.ch\/fr\/panissimo-news\/coup-de-jeune-au-vieux-pays\/\" \/>\n<meta property=\"og:site_name\" content=\"SBC\" \/>\n<meta property=\"article:publisher\" content=\"https:\/\/www.facebook.com\/swissbaker.ch\" \/>\n<meta property=\"article:published_time\" content=\"2025-03-27T07:39:25+00:00\" \/>\n<meta property=\"article:modified_time\" content=\"2025-03-27T11:57:52+00:00\" \/>\n<meta property=\"og:image\" content=\"https:\/\/swissbaker.ch\/wp-content\/uploads\/2025\/03\/6_2_ag_valais_2025_2.jpg\" \/>\n\t<meta property=\"og:image:width\" content=\"1200\" \/>\n\t<meta property=\"og:image:height\" content=\"712\" \/>\n\t<meta property=\"og:image:type\" content=\"image\/jpeg\" \/>\n<meta name=\"author\" content=\"Simon Nussbaum\" \/>\n<meta name=\"twitter:card\" content=\"summary_large_image\" \/>\n<meta name=\"twitter:creator\" content=\"@ch_swissbaker\" \/>\n<meta name=\"twitter:site\" content=\"@ch_swissbaker\" \/>\n<meta name=\"twitter:label1\" content=\"Written by\" \/>\n\t<meta name=\"twitter:data1\" content=\"Simon Nussbaum\" \/>\n\t<meta name=\"twitter:label2\" content=\"Est. reading time\" \/>\n\t<meta name=\"twitter:data2\" content=\"1 minute\" \/>\n<script type=\"application\/ld+json\" class=\"yoast-schema-graph\">{\"@context\":\"https:\/\/schema.org\",\"@graph\":[{\"@type\":\"Article\",\"@id\":\"https:\/\/swissbaker.ch\/fr\/panissimo-news\/coup-de-jeune-au-vieux-pays\/#article\",\"isPartOf\":{\"@id\":\"https:\/\/swissbaker.ch\/fr\/panissimo-news\/coup-de-jeune-au-vieux-pays\/\"},\"author\":{\"name\":\"Simon Nussbaum\",\"@id\":\"https:\/\/swissbaker.ch\/fr\/#\/schema\/person\/74bd327b08c18ca6042c02ff6f0ed5e2\"},\"headline\":\"Coup de jeune au Vieux Pays\",\"datePublished\":\"2025-03-27T07:39:25+00:00\",\"dateModified\":\"2025-03-27T11:57:52+00:00\",\"mainEntityOfPage\":{\"@id\":\"https:\/\/swissbaker.ch\/fr\/panissimo-news\/coup-de-jeune-au-vieux-pays\/\"},\"wordCount\":207,\"publisher\":{\"@id\":\"https:\/\/swissbaker.ch\/fr\/#organization\"},\"image\":{\"@id\":\"https:\/\/swissbaker.ch\/fr\/panissimo-news\/coup-de-jeune-au-vieux-pays\/#primaryimage\"},\"thumbnailUrl\":\"https:\/\/swissbaker.ch\/wp-content\/uploads\/2025\/03\/6_2_ag_valais_2025_2.jpg\",\"articleSection\":[\"Des cantons\"],\"inLanguage\":\"fr-FR\"},{\"@type\":\"WebPage\",\"@id\":\"https:\/\/swissbaker.ch\/fr\/panissimo-news\/coup-de-jeune-au-vieux-pays\/\",\"url\":\"https:\/\/swissbaker.ch\/fr\/panissimo-news\/coup-de-jeune-au-vieux-pays\/\",\"name\":\"Coup de jeune au Vieux Pays | SBC\",\"isPartOf\":{\"@id\":\"https:\/\/swissbaker.ch\/fr\/#website\"},\"primaryImageOfPage\":{\"@id\":\"https:\/\/swissbaker.ch\/fr\/panissimo-news\/coup-de-jeune-au-vieux-pays\/#primaryimage\"},\"image\":{\"@id\":\"https:\/\/swissbaker.ch\/fr\/panissimo-news\/coup-de-jeune-au-vieux-pays\/#primaryimage\"},\"thumbnailUrl\":\"https:\/\/swissbaker.ch\/wp-content\/uploads\/2025\/03\/6_2_ag_valais_2025_2.jpg\",\"datePublished\":\"2025-03-27T07:39:25+00:00\",\"dateModified\":\"2025-03-27T11:57:52+00:00\",\"breadcrumb\":{\"@id\":\"https:\/\/swissbaker.ch\/fr\/panissimo-news\/coup-de-jeune-au-vieux-pays\/#breadcrumb\"},\"inLanguage\":\"fr-FR\",\"potentialAction\":[{\"@type\":\"ReadAction\",\"target\":[\"https:\/\/swissbaker.ch\/fr\/panissimo-news\/coup-de-jeune-au-vieux-pays\/\"]}]},{\"@type\":\"ImageObject\",\"inLanguage\":\"fr-FR\",\"@id\":\"https:\/\/swissbaker.ch\/fr\/panissimo-news\/coup-de-jeune-au-vieux-pays\/#primaryimage\",\"url\":\"https:\/\/swissbaker.ch\/wp-content\/uploads\/2025\/03\/6_2_ag_valais_2025_2.jpg\",\"contentUrl\":\"https:\/\/swissbaker.ch\/wp-content\/uploads\/2025\/03\/6_2_ag_valais_2025_2.jpg\",\"width\":1200,\"height\":712},{\"@type\":\"BreadcrumbList\",\"@id\":\"https:\/\/swissbaker.ch\/fr\/panissimo-news\/coup-de-jeune-au-vieux-pays\/#breadcrumb\",\"itemListElement\":[{\"@type\":\"ListItem\",\"position\":1,\"name\":\"\",\"item\":\"https:\/\/swissbaker.ch\/fr\/\"},{\"@type\":\"ListItem\",\"position\":2,\"name\":\"Des cantons\",\"item\":\"https:\/\/swissbaker.ch\/fr\/panissimo-news\/category\/des-cantons\/\"},{\"@type\":\"ListItem\",\"position\":3,\"name\":\"Coup de jeune au Vieux Pays\"}]},{\"@type\":\"WebSite\",\"@id\":\"https:\/\/swissbaker.ch\/fr\/#website\",\"url\":\"https:\/\/swissbaker.ch\/fr\/\",\"name\":\"SBC\",\"description\":\"\",\"publisher\":{\"@id\":\"https:\/\/swissbaker.ch\/fr\/#organization\"},\"potentialAction\":[{\"@type\":\"SearchAction\",\"target\":{\"@type\":\"EntryPoint\",\"urlTemplate\":\"https:\/\/swissbaker.ch\/fr\/?s={search_term_string}\"},\"query-input\":{\"@type\":\"PropertyValueSpecification\",\"valueRequired\":true,\"valueName\":\"search_term_string\"}}],\"inLanguage\":\"fr-FR\"},{\"@type\":\"Organization\",\"@id\":\"https:\/\/swissbaker.ch\/fr\/#organization\",\"name\":\"Schweizerischer B\u00e4cker-Confiseurmeister-Verband\",\"url\":\"https:\/\/swissbaker.ch\/fr\/\",\"logo\":{\"@type\":\"ImageObject\",\"inLanguage\":\"fr-FR\",\"@id\":\"https:\/\/swissbaker.ch\/fr\/#\/schema\/logo\/image\/\",\"url\":\"https:\/\/swissbaker.ch\/wp-content\/uploads\/2022\/04\/sbc-logo-yoast.jpg\",\"contentUrl\":\"https:\/\/swissbaker.ch\/wp-content\/uploads\/2022\/04\/sbc-logo-yoast.jpg\",\"width\":512,\"height\":512,\"caption\":\"Schweizerischer B\u00e4cker-Confiseurmeister-Verband\"},\"image\":{\"@id\":\"https:\/\/swissbaker.ch\/fr\/#\/schema\/logo\/image\/\"},\"sameAs\":[\"https:\/\/www.facebook.com\/swissbaker.ch\",\"https:\/\/x.com\/ch_swissbaker\"]},{\"@type\":\"Person\",\"@id\":\"https:\/\/swissbaker.ch\/fr\/#\/schema\/person\/74bd327b08c18ca6042c02ff6f0ed5e2\",\"name\":\"Simon Nussbaum\",\"image\":{\"@type\":\"ImageObject\",\"inLanguage\":\"fr-FR\",\"@id\":\"https:\/\/swissbaker.ch\/fr\/#\/schema\/person\/image\/\",\"url\":\"https:\/\/secure.gravatar.com\/avatar\/df0eced3bb556c806cb760cf503ade1ed1df25b4104d80d6fd28d93a9509aa12?s=96&d=mm&r=g\",\"contentUrl\":\"https:\/\/secure.gravatar.com\/avatar\/df0eced3bb556c806cb760cf503ade1ed1df25b4104d80d6fd28d93a9509aa12?s=96&d=mm&r=g\",\"caption\":\"Simon Nussbaum\"},\"url\":\"https:\/\/swissbaker.ch\/fr\/panissimo-news\/author\/simon-nussbaum\/\"}]}<\/script>\n<!-- \/ Yoast SEO Premium plugin. -->","yoast_head_json":{"title":"Coup de jeune au Vieux Pays | SBC","robots":{"index":"index","follow":"follow","max-snippet":"max-snippet:-1","max-image-preview":"max-image-preview:large","max-video-preview":"max-video-preview:-1"},"canonical":"https:\/\/swissbaker.ch\/fr\/panissimo-news\/coup-de-jeune-au-vieux-pays\/","og_locale":"fr_FR","og_type":"article","og_title":"Coup de jeune au Vieux Pays","og_description":"Mercredi 26 mars \u00e0 Fully (VS), les boulangers-confiseurs et les chevaliers valaisans ont \u00e9lu leur comit\u00e9 respectif. Leurs particularit\u00e9s r\u00e9sident dans leur jeunesse et une pr\u00e9sidence bic\u00e9phale pour les premiers.","og_url":"https:\/\/swissbaker.ch\/fr\/panissimo-news\/coup-de-jeune-au-vieux-pays\/","og_site_name":"SBC","article_publisher":"https:\/\/www.facebook.com\/swissbaker.ch","article_published_time":"2025-03-27T07:39:25+00:00","article_modified_time":"2025-03-27T11:57:52+00:00","og_image":[{"width":1200,"height":712,"url":"https:\/\/swissbaker.ch\/wp-content\/uploads\/2025\/03\/6_2_ag_valais_2025_2.jpg","type":"image\/jpeg"}],"author":"Simon Nussbaum","twitter_card":"summary_large_image","twitter_creator":"@ch_swissbaker","twitter_site":"@ch_swissbaker","twitter_misc":{"Written by":"Simon Nussbaum","Est. reading time":"1 minute"},"schema":{"@context":"https:\/\/schema.org","@graph":[{"@type":"Article","@id":"https:\/\/swissbaker.ch\/fr\/panissimo-news\/coup-de-jeune-au-vieux-pays\/#article","isPartOf":{"@id":"https:\/\/swissbaker.ch\/fr\/panissimo-news\/coup-de-jeune-au-vieux-pays\/"},"author":{"name":"Simon Nussbaum","@id":"https:\/\/swissbaker.ch\/fr\/#\/schema\/person\/74bd327b08c18ca6042c02ff6f0ed5e2"},"headline":"Coup de jeune au Vieux Pays","datePublished":"2025-03-27T07:39:25+00:00","dateModified":"2025-03-27T11:57:52+00:00","mainEntityOfPage":{"@id":"https:\/\/swissbaker.ch\/fr\/panissimo-news\/coup-de-jeune-au-vieux-pays\/"},"wordCount":207,"publisher":{"@id":"https:\/\/swissbaker.ch\/fr\/#organization"},"image":{"@id":"https:\/\/swissbaker.ch\/fr\/panissimo-news\/coup-de-jeune-au-vieux-pays\/#primaryimage"},"thumbnailUrl":"https:\/\/swissbaker.ch\/wp-content\/uploads\/2025\/03\/6_2_ag_valais_2025_2.jpg","articleSection":["Des cantons"],"inLanguage":"fr-FR"},{"@type":"WebPage","@id":"https:\/\/swissbaker.ch\/fr\/panissimo-news\/coup-de-jeune-au-vieux-pays\/","url":"https:\/\/swissbaker.ch\/fr\/panissimo-news\/coup-de-jeune-au-vieux-pays\/","name":"Coup de jeune au Vieux Pays | SBC","isPartOf":{"@id":"https:\/\/swissbaker.ch\/fr\/#website"},"primaryImageOfPage":{"@id":"https:\/\/swissbaker.ch\/fr\/panissimo-news\/coup-de-jeune-au-vieux-pays\/#primaryimage"},"image":{"@id":"https:\/\/swissbaker.ch\/fr\/panissimo-news\/coup-de-jeune-au-vieux-pays\/#primaryimage"},"thumbnailUrl":"https:\/\/swissbaker.ch\/wp-content\/uploads\/2025\/03\/6_2_ag_valais_2025_2.jpg","datePublished":"2025-03-27T07:39:25+00:00","dateModified":"2025-03-27T11:57:52+00:00","breadcrumb":{"@id":"https:\/\/swissbaker.ch\/fr\/panissimo-news\/coup-de-jeune-au-vieux-pays\/#breadcrumb"},"inLanguage":"fr-FR","potentialAction":[{"@type":"ReadAction","target":["https:\/\/swissbaker.ch\/fr\/panissimo-news\/coup-de-jeune-au-vieux-pays\/"]}]},{"@type":"ImageObject","inLanguage":"fr-FR","@id":"https:\/\/swissbaker.ch\/fr\/panissimo-news\/coup-de-jeune-au-vieux-pays\/#primaryimage","url":"https:\/\/swissbaker.ch\/wp-content\/uploads\/2025\/03\/6_2_ag_valais_2025_2.jpg","contentUrl":"https:\/\/swissbaker.ch\/wp-content\/uploads\/2025\/03\/6_2_ag_valais_2025_2.jpg","width":1200,"height":712},{"@type":"BreadcrumbList","@id":"https:\/\/swissbaker.ch\/fr\/panissimo-news\/coup-de-jeune-au-vieux-pays\/#breadcrumb","itemListElement":[{"@type":"ListItem","position":1,"name":"","item":"https:\/\/swissbaker.ch\/fr\/"},{"@type":"ListItem","position":2,"name":"Des cantons","item":"https:\/\/swissbaker.ch\/fr\/panissimo-news\/category\/des-cantons\/"},{"@type":"ListItem","position":3,"name":"Coup de jeune au Vieux Pays"}]},{"@type":"WebSite","@id":"https:\/\/swissbaker.ch\/fr\/#website","url":"https:\/\/swissbaker.ch\/fr\/","name":"SBC","description":"","publisher":{"@id":"https:\/\/swissbaker.ch\/fr\/#organization"},"potentialAction":[{"@type":"SearchAction","target":{"@type":"EntryPoint","urlTemplate":"https:\/\/swissbaker.ch\/fr\/?s={search_term_string}"},"query-input":{"@type":"PropertyValueSpecification","valueRequired":true,"valueName":"search_term_string"}}],"inLanguage":"fr-FR"},{"@type":"Organization","@id":"https:\/\/swissbaker.ch\/fr\/#organization","name":"Schweizerischer B\u00e4cker-Confiseurmeister-Verband","url":"https:\/\/swissbaker.ch\/fr\/","logo":{"@type":"ImageObject","inLanguage":"fr-FR","@id":"https:\/\/swissbaker.ch\/fr\/#\/schema\/logo\/image\/","url":"https:\/\/swissbaker.ch\/wp-content\/uploads\/2022\/04\/sbc-logo-yoast.jpg","contentUrl":"https:\/\/swissbaker.ch\/wp-content\/uploads\/2022\/04\/sbc-logo-yoast.jpg","width":512,"height":512,"caption":"Schweizerischer B\u00e4cker-Confiseurmeister-Verband"},"image":{"@id":"https:\/\/swissbaker.ch\/fr\/#\/schema\/logo\/image\/"},"sameAs":["https:\/\/www.facebook.com\/swissbaker.ch","https:\/\/x.com\/ch_swissbaker"]},{"@type":"Person","@id":"https:\/\/swissbaker.ch\/fr\/#\/schema\/person\/74bd327b08c18ca6042c02ff6f0ed5e2","name":"Simon Nussbaum","image":{"@type":"ImageObject","inLanguage":"fr-FR","@id":"https:\/\/swissbaker.ch\/fr\/#\/schema\/person\/image\/","url":"https:\/\/secure.gravatar.com\/avatar\/df0eced3bb556c806cb760cf503ade1ed1df25b4104d80d6fd28d93a9509aa12?s=96&d=mm&r=g","contentUrl":"https:\/\/secure.gravatar.com\/avatar\/df0eced3bb556c806cb760cf503ade1ed1df25b4104d80d6fd28d93a9509aa12?s=96&d=mm&r=g","caption":"Simon Nussbaum"},"url":"https:\/\/swissbaker.ch\/fr\/panissimo-news\/author\/simon-nussbaum\/"}]}},"_links":{"self":[{"href":"https:\/\/swissbaker.ch\/fr\/wp-json\/wp\/v2\/posts\/118699","targetHints":{"allow":["GET"]}}],"collection":[{"href":"https:\/\/swissbaker.ch\/fr\/wp-json\/wp\/v2\/posts"}],"about":[{"href":"https:\/\/swissbaker.ch\/fr\/wp-json\/wp\/v2\/types\/post"}],"author":[{"embeddable":true,"href":"https:\/\/swissbaker.ch\/fr\/wp-json\/wp\/v2\/users\/5"}],"replies":[{"embeddable":true,"href":"https:\/\/swissbaker.ch\/fr\/wp-json\/wp\/v2\/comments?post=118699"}],"version-history":[{"count":0,"href":"https:\/\/swissbaker.ch\/fr\/wp-json\/wp\/v2\/posts\/118699\/revisions"}],"wp:featuredmedia":[{"embeddable":true,"href":"https:\/\/swissbaker.ch\/fr\/wp-json\/wp\/v2\/media\/118783"}],"wp:attachment":[{"href":"https:\/\/swissbaker.ch\/fr\/wp-json\/wp\/v2\/media?parent=118699"}],"wp:term":[{"taxonomy":"category","embeddable":true,"href":"https:\/\/swissbaker.ch\/fr\/wp-json\/wp\/v2\/categories?post=118699"},{"taxonomy":"post_tag","embeddable":true,"href":"https:\/\/swissbaker.ch\/fr\/wp-json\/wp\/v2\/tags?post=118699"}],"curies":[{"name":"wp","href":"https:\/\/api.w.org\/{rel}","templated":true}]}}