{"id":118226,"date":"2025-03-21T12:48:17","date_gmt":"2025-03-21T11:48:17","guid":{"rendered":"https:\/\/swissbaker.ch\/?p=118226"},"modified":"2025-03-21T12:59:37","modified_gmt":"2025-03-21T11:59:37","slug":"la-succession-dentrepriseune-tache-herculeenne","status":"publish","type":"post","link":"https:\/\/swissbaker.ch\/fr\/panissimo-news\/la-succession-dentrepriseune-tache-herculeenne\/","title":{"rendered":"La succession d\u2019entreprise,une t\u00e2che hercul\u00e9enne"},"content":{"rendered":"\n<p><strong>Le secteur de la boulangerie et de la confiserie est en pleine mutation depuis un certain temps\u2009: les petites entreprises disparaissent parfois compl\u00e8tement\u2009; dans certains cas, seuls les points de vente sont maintenus sous forme de filiales de grandes entreprises. L\u2019une des raisons \u00e0 cela\u2009: l\u2019absence de successeur.<\/strong><\/p>\n\n\n\n<p>Souvent, le sujet d\u00e9licat de la succession est repouss\u00e9 aux calendes grecques. En s\u2019y int\u00e9ressant suffisamment t\u00f4t, il est possible d\u2019am\u00e9liorer consid\u00e9rablement la situation et de poursuivre l\u2019histoire de l\u2019entreprise. Il est important d\u2019avoir une vision globale et de suivre une proc\u00e9dure structur\u00e9e selon un plan clair. C\u2019est essentiel pour assurer l\u2019avenir de l\u2019entreprise.<\/p>\n\n\n\n<div style=\"height:28px\" aria-hidden=\"true\" class=\"wp-block-spacer\"><\/div>\n\n\n\n<div class=\"wp-block-media-text is-stacked-on-mobile\" style=\"grid-template-columns:28% auto\"><figure class=\"wp-block-media-text__media\"><img decoding=\"async\" width=\"292\" height=\"292\" src=\"https:\/\/swissbaker.ch\/wp-content\/uploads\/2024\/01\/markus-koster-1.jpg\" alt=\"\" class=\"wp-image-74340 size-full\" srcset=\"https:\/\/swissbaker.ch\/wp-content\/uploads\/2024\/01\/markus-koster-1.jpg 292w, https:\/\/swissbaker.ch\/wp-content\/uploads\/2024\/01\/markus-koster-1-150x150.jpg 150w\" sizes=\"(max-width: 292px) 100vw, 292px\" \/><\/figure><div class=\"wp-block-media-text__content\">\n<p class=\"has-text-color has-link-color wp-elements-fc282dcaaca3cc7a1103b879860e0f69\" style=\"color:#cc9933;font-size:22px;font-style:italic;font-weight:600\">\u00abLa transmission d\u2019une entreprise est un processus qui comporte des aspects notamment \u00e9motionnels.\u00bb<\/p>\n\n\n\n<p class=\"has-text-color has-link-color wp-elements-dbfa08b0b1587159bba022f29f3cb543\" style=\"color:#cc9933\"><strong>Markus Koster<\/strong><\/p>\n<\/div><\/div>\n\n\n\n<div style=\"height:26px\" aria-hidden=\"true\" class=\"wp-block-spacer\"><\/div>\n\n\n\n<p>La transmission d\u2019une entreprise \u00e0 la g\u00e9n\u00e9ration suivante ou \u00e0 un successeur externe est un processus complexe qui comporte des aspects \u00e0 la fois strat\u00e9giques et \u00e9motionnels. Les discussions \u00e9motionnelles sont in\u00e9vitables, en particulier dans le cas de successions familiales, et posent souvent de grandes difficult\u00e9s aux personnes concern\u00e9es. Cet article vise \u00e0 mettre en lumi\u00e8re les points essentiels pour une succession r\u00e9ussie.<\/p>\n\n\n\n<h2 class=\"wp-block-heading\" id=\"h-planification-a-l-avance\">Planification \u00e0 l\u2019avance<\/h2>\n\n\n\n<p>Tout le monde le sait\u2009: les entrepreneurs ne doivent pas attendre qu\u2019il soit trop tard, mais \u00e9laborer \u00e0 temps un plan de succession. Il faut trouver la personne id\u00e9ale, transmettre le savoir et clarifier les aspects juridiques et fiscaux. Id\u00e9alement, ce processus commence environ cinq \u00e0 dix ans avant la cession pr\u00e9vue. Pendant cette p\u00e9riode, l\u2019entreprise peut se pr\u00e9parer aux changements. L\u2019exp\u00e9rience montre qu\u2019il est d\u00e8s lors important de se faire accompagner par des experts externes. Cela permet de prendre des d\u00e9cisions m\u00fbrement r\u00e9fl\u00e9chies, sans pression de temps, et d\u2019\u00e9viter des probl\u00e8mes f\u00e2cheux.<\/p>\n\n\n\n<h2 class=\"wp-block-heading\" id=\"h-le-bon-choix\">Le bon choix<\/h2>\n\n\n\n<p>Sans successeur, pas de succession\u2009: le choix de la bonne personne est donc probablement le point le plus important. Cette personne peut venir de l\u2019entreprise ou de l\u2019ext\u00e9rieur.<br>Dans le cas d\u2019une solution interne, l\u2019entreprise est transmise \u00e0 un membre de la famille ou \u00e0 un collaborateur de longue date. Cette solution est souvent privil\u00e9gi\u00e9e. Cependant, des conflits familiaux et personnels peuvent rendre la transmission difficile, en particulier si les besoins d\u2019autres membres de la famille doivent \u00eatre pris en compte. Il s\u2019agit alors de clarifier les diff\u00e9rents aspects avec toutes les personnes concern\u00e9es. Il est \u00e9galement important de proc\u00e9der \u00e0 une \u00e9valuation objective des qualifications professionnelles du successeur. Il ne suffit pas d\u2019avoir un lien familial pour assurer la r\u00e9ussite d\u2019une entreprise \u00e0 l\u2019avenir.<\/p>\n\n\n\n<p>En cas de succession externe, l\u2019entreprise est transmise \u00e0 un tiers ou \u00e0 une \u00e9quipe de direction externe. Les solutions externes apportent souvent des id\u00e9es fra\u00eeches et un nouveau savoir-faire, mais peuvent aussi modifier la philosophie et la culture de l\u2019entreprise. C\u2019est la raison pour laquelle, lors du choix d\u2019un successeur externe, il est important de clarifier si et sous quelle forme les objectifs et les valeurs de l\u2019entreprise seront poursuivis. Les discussions approfondies montrent souvent que ce point est extr\u00eamement important pour la g\u00e9n\u00e9ration sortante, notamment en ce qui concerne la s\u00e9curit\u00e9 des emplois.<\/p>\n\n\n\n<h2 class=\"wp-block-heading\" id=\"h-qualifications-professionnelles-et-personnelles\">Qualifications professionnelles et personnelles<\/h2>\n\n\n\n<p>Que la succession soit interne ou externe, il faut prendre en compte les qualifications professionnelles et personnelles ainsi que les comp\u00e9tences en mati\u00e8re de gestion. Il est \u00e9galement essentiel de pouvoir traiter des questions strat\u00e9giques. Les qualit\u00e9s personnelles sont aussi primordiales pour \u00e9tablir une relation de confiance avec le personnel, la client\u00e8le et les partenaires commerciaux.<\/p>\n\n\n\n<h2 class=\"wp-block-heading\" id=\"h-aspects-fiscaux-et-juridiques\">Aspects fiscaux et juridiques<\/h2>\n\n\n\n<p>Les aspects fiscaux et juridiques sont souvent n\u00e9glig\u00e9s, alors que les cons\u00e9quences peuvent \u00eatre importantes. Il est donc recommand\u00e9 de se faire conseiller en temps utile sur ces questions afin de trouver la meilleure structure pour la transmission, tout en minimisant les charges fiscales \u00e9ventuelles ou en r\u00e9alisant des avantages fiscaux.<\/p>\n\n\n\n<h2 class=\"wp-block-heading\" id=\"h-evaluation-de-l-entreprise-et-financement\">Evaluation de l\u2019entreprise et financement<\/h2>\n\n\n\n<p>L\u2019\u00e9valuation de l\u2019entreprise doit \u00eatre \u00e9quitable pour le vendeur comme pour l\u2019acheteur, afin que la succession puisse \u00eatre durable. Les valeurs mat\u00e9rielles et immat\u00e9rielles, telles que la client\u00e8le ou les recettes sp\u00e9ciales, doivent \u00eatre prises en consid\u00e9ration \u00e0 cet \u00e9gard.<\/p>\n\n\n\n<div style=\"height:28px\" aria-hidden=\"true\" class=\"wp-block-spacer\"><\/div>\n\n\n\n<blockquote class=\"wp-block-quote\">\n<p style=\"font-size:22px;font-style:italic;font-weight:600\">\u00abDans la plupart des cas, le financement repr\u00e9sente le plus grand d\u00e9fi.\u00bb<\/p>\n\n\n\n<p><strong>Markus Koster<\/strong><\/p>\n<\/blockquote>\n\n\n\n<div style=\"height:26px\" aria-hidden=\"true\" class=\"wp-block-spacer\"><\/div>\n\n\n\n<p>Dans la plupart des cas, le financement de la succession repr\u00e9sente le plus grand d\u00e9fi. Outre les cr\u00e9dits bancaires souvent limit\u00e9s, des pr\u00eats de tiers ou de la part du vendeur sont donc n\u00e9cessaires. Ceux-ci sont amortis sur une p\u00e9riode d\u00e9termin\u00e9e. Par cons\u00e9quent, une planification financi\u00e8re pr\u00e9coce et minutieuse est indispensable.<\/p>\n\n\n\n<h2 class=\"wp-block-heading\" id=\"h-communication-et-transparence\">Communication et transparence<\/h2>\n\n\n\n<p>Pendant la remise de l\u2019entreprise, il faut \u00e9galement pr\u00eater attention aux parties prenantes qui ne sont pas directement impliqu\u00e9es\u2009: les membres de la famille, le personnel, la client\u00e8le et les partenaires commerciaux ne doivent pas \u00eatre laiss\u00e9s dans l\u2019incertitude pendant ce processus qui est souvent long. Une communication ouverte et transparente est n\u00e9cessaire pour \u00e9viter les incertitudes et cr\u00e9er un climat de confiance. En informant r\u00e9guli\u00e8rement le personnel des changements pr\u00e9vus, on peut \u00e9viter des fluctuations co\u00fbteuses et chronophages.<\/p>\n\n\n\n<h2 class=\"wp-block-heading\" id=\"h-un-processus-continu\">Un processus continu<\/h2>\n\n\n\n<p>Id\u00e9alement, l\u2019entrepreneur reste disponible en tant que mentor apr\u00e8s la passation de pouvoir pour soutenir son successeur en cas de besoin. Dans de nombreux cas, la passation de pouvoir ne s\u2019ach\u00e8ve pas avec la signature du contrat. Le successeur peut ainsi asseoir son entreprise sur des bases solides. <\/p>\n\n\n\n<h2 class=\"wp-block-heading\" id=\"h-en-conclusion\">En conclusion<\/h2>\n\n\n\n<p>La succession est un processus complexe et multidimensionnel qui englobe \u00e0 la fois la strat\u00e9gie \u00e0 long terme et le plan personnel et \u00e9motionnel. Une planification minutieuse et une mise en \u0153uvre en temps utile sont essentielles pour assurer La r\u00e9ussite de la cession d\u2019entreprise. Les propri\u00e9taires d\u2019entreprise doivent se pencher suffisamment t\u00f4t sur tous les aspects importants, tels que le choix du successeur, l\u2019\u00e9valuation de l\u2019entreprise, les questions fiscales et la communication, afin de garantir une transition en douceur et de garantir l\u2019avenir de l\u2019entreprise.<\/p>\n\n\n\n<p class=\"has-text-align-right\"><em>Markus Koster,<br>directeur de SBC Fiduciaire SA<\/em><\/p>\n","protected":false},"excerpt":{"rendered":"<p>Le secteur de la boulangerie et de la confiserie est en pleine mutation depuis un certain temps\u2009: les petites entreprises disparaissent parfois compl\u00e8tement\u2009; dans certains cas, seuls les points de vente sont maintenus sous forme de filiales de grandes entreprises. L\u2019une des raisons \u00e0 cela\u2009: l\u2019absence de successeur.<\/p>\n","protected":false},"author":5,"featured_media":118219,"comment_status":"closed","ping_status":"closed","sticky":true,"template":"","format":"standard","meta":{"_acf_changed":false,"footnotes":""},"categories":[54],"tags":[],"class_list":["post-118226","post","type-post","status-publish","format-standard","has-post-thumbnail","hentry","category-conseils"],"acf":[],"yoast_head":"<!-- This site is optimized with the Yoast SEO Premium plugin v26.8 (Yoast SEO v26.8) - https:\/\/yoast.com\/product\/yoast-seo-premium-wordpress\/ -->\n<title>La succession d\u2019entreprise,une t\u00e2che hercul\u00e9enne | SBC<\/title>\n<meta name=\"robots\" content=\"index, follow, max-snippet:-1, max-image-preview:large, max-video-preview:-1\" \/>\n<link rel=\"canonical\" href=\"https:\/\/swissbaker.ch\/fr\/panissimo-news\/la-succession-dentrepriseune-tache-herculeenne\/\" \/>\n<meta property=\"og:locale\" content=\"fr_FR\" \/>\n<meta property=\"og:type\" content=\"article\" \/>\n<meta property=\"og:title\" content=\"La succession d\u2019entreprise,une t\u00e2che hercul\u00e9enne\" \/>\n<meta property=\"og:description\" content=\"Le secteur de la boulangerie et de la confiserie est en pleine mutation depuis un certain temps\u2009: les petites entreprises disparaissent parfois compl\u00e8tement\u2009; dans certains cas, seuls les points de vente sont maintenus sous forme de filiales de grandes entreprises. L\u2019une des raisons \u00e0 cela\u2009: l\u2019absence de successeur.\" \/>\n<meta property=\"og:url\" content=\"https:\/\/swissbaker.ch\/fr\/panissimo-news\/la-succession-dentrepriseune-tache-herculeenne\/\" \/>\n<meta property=\"og:site_name\" content=\"SBC\" \/>\n<meta property=\"article:publisher\" content=\"https:\/\/www.facebook.com\/swissbaker.ch\" \/>\n<meta property=\"article:published_time\" content=\"2025-03-21T11:48:17+00:00\" \/>\n<meta property=\"article:modified_time\" content=\"2025-03-21T11:59:37+00:00\" \/>\n<meta property=\"og:image\" content=\"https:\/\/swissbaker.ch\/wp-content\/uploads\/2025\/03\/6_2_schluesseluebergabe.jpg\" \/>\n\t<meta property=\"og:image:width\" content=\"1200\" \/>\n\t<meta property=\"og:image:height\" content=\"712\" \/>\n\t<meta property=\"og:image:type\" content=\"image\/jpeg\" \/>\n<meta name=\"author\" content=\"Simon Nussbaum\" \/>\n<meta name=\"twitter:card\" content=\"summary_large_image\" \/>\n<meta name=\"twitter:creator\" content=\"@ch_swissbaker\" \/>\n<meta name=\"twitter:site\" content=\"@ch_swissbaker\" \/>\n<meta name=\"twitter:label1\" content=\"Written by\" \/>\n\t<meta name=\"twitter:data1\" content=\"Simon Nussbaum\" \/>\n\t<meta name=\"twitter:label2\" content=\"Est. reading time\" \/>\n\t<meta name=\"twitter:data2\" content=\"5 minutes\" \/>\n<script type=\"application\/ld+json\" class=\"yoast-schema-graph\">{\"@context\":\"https:\/\/schema.org\",\"@graph\":[{\"@type\":\"Article\",\"@id\":\"https:\/\/swissbaker.ch\/fr\/panissimo-news\/la-succession-dentrepriseune-tache-herculeenne\/#article\",\"isPartOf\":{\"@id\":\"https:\/\/swissbaker.ch\/fr\/panissimo-news\/la-succession-dentrepriseune-tache-herculeenne\/\"},\"author\":{\"name\":\"Simon Nussbaum\",\"@id\":\"https:\/\/swissbaker.ch\/fr\/#\/schema\/person\/74bd327b08c18ca6042c02ff6f0ed5e2\"},\"headline\":\"La succession d\u2019entreprise,une t\u00e2che hercul\u00e9enne\",\"datePublished\":\"2025-03-21T11:48:17+00:00\",\"dateModified\":\"2025-03-21T11:59:37+00:00\",\"mainEntityOfPage\":{\"@id\":\"https:\/\/swissbaker.ch\/fr\/panissimo-news\/la-succession-dentrepriseune-tache-herculeenne\/\"},\"wordCount\":1077,\"publisher\":{\"@id\":\"https:\/\/swissbaker.ch\/fr\/#organization\"},\"image\":{\"@id\":\"https:\/\/swissbaker.ch\/fr\/panissimo-news\/la-succession-dentrepriseune-tache-herculeenne\/#primaryimage\"},\"thumbnailUrl\":\"https:\/\/swissbaker.ch\/wp-content\/uploads\/2025\/03\/6_2_schluesseluebergabe.jpg\",\"articleSection\":[\"Conseils\"],\"inLanguage\":\"fr-FR\"},{\"@type\":\"WebPage\",\"@id\":\"https:\/\/swissbaker.ch\/fr\/panissimo-news\/la-succession-dentrepriseune-tache-herculeenne\/\",\"url\":\"https:\/\/swissbaker.ch\/fr\/panissimo-news\/la-succession-dentrepriseune-tache-herculeenne\/\",\"name\":\"La succession d\u2019entreprise,une t\u00e2che hercul\u00e9enne | SBC\",\"isPartOf\":{\"@id\":\"https:\/\/swissbaker.ch\/fr\/#website\"},\"primaryImageOfPage\":{\"@id\":\"https:\/\/swissbaker.ch\/fr\/panissimo-news\/la-succession-dentrepriseune-tache-herculeenne\/#primaryimage\"},\"image\":{\"@id\":\"https:\/\/swissbaker.ch\/fr\/panissimo-news\/la-succession-dentrepriseune-tache-herculeenne\/#primaryimage\"},\"thumbnailUrl\":\"https:\/\/swissbaker.ch\/wp-content\/uploads\/2025\/03\/6_2_schluesseluebergabe.jpg\",\"datePublished\":\"2025-03-21T11:48:17+00:00\",\"dateModified\":\"2025-03-21T11:59:37+00:00\",\"breadcrumb\":{\"@id\":\"https:\/\/swissbaker.ch\/fr\/panissimo-news\/la-succession-dentrepriseune-tache-herculeenne\/#breadcrumb\"},\"inLanguage\":\"fr-FR\",\"potentialAction\":[{\"@type\":\"ReadAction\",\"target\":[\"https:\/\/swissbaker.ch\/fr\/panissimo-news\/la-succession-dentrepriseune-tache-herculeenne\/\"]}]},{\"@type\":\"ImageObject\",\"inLanguage\":\"fr-FR\",\"@id\":\"https:\/\/swissbaker.ch\/fr\/panissimo-news\/la-succession-dentrepriseune-tache-herculeenne\/#primaryimage\",\"url\":\"https:\/\/swissbaker.ch\/wp-content\/uploads\/2025\/03\/6_2_schluesseluebergabe.jpg\",\"contentUrl\":\"https:\/\/swissbaker.ch\/wp-content\/uploads\/2025\/03\/6_2_schluesseluebergabe.jpg\",\"width\":1200,\"height\":712},{\"@type\":\"BreadcrumbList\",\"@id\":\"https:\/\/swissbaker.ch\/fr\/panissimo-news\/la-succession-dentrepriseune-tache-herculeenne\/#breadcrumb\",\"itemListElement\":[{\"@type\":\"ListItem\",\"position\":1,\"name\":\"\",\"item\":\"https:\/\/swissbaker.ch\/fr\/\"},{\"@type\":\"ListItem\",\"position\":2,\"name\":\"Conseils\",\"item\":\"https:\/\/swissbaker.ch\/fr\/panissimo-news\/category\/conseils\/\"},{\"@type\":\"ListItem\",\"position\":3,\"name\":\"La succession d\u2019entreprise,une t\u00e2che hercul\u00e9enne\"}]},{\"@type\":\"WebSite\",\"@id\":\"https:\/\/swissbaker.ch\/fr\/#website\",\"url\":\"https:\/\/swissbaker.ch\/fr\/\",\"name\":\"SBC\",\"description\":\"\",\"publisher\":{\"@id\":\"https:\/\/swissbaker.ch\/fr\/#organization\"},\"potentialAction\":[{\"@type\":\"SearchAction\",\"target\":{\"@type\":\"EntryPoint\",\"urlTemplate\":\"https:\/\/swissbaker.ch\/fr\/?s={search_term_string}\"},\"query-input\":{\"@type\":\"PropertyValueSpecification\",\"valueRequired\":true,\"valueName\":\"search_term_string\"}}],\"inLanguage\":\"fr-FR\"},{\"@type\":\"Organization\",\"@id\":\"https:\/\/swissbaker.ch\/fr\/#organization\",\"name\":\"Schweizerischer B\u00e4cker-Confiseurmeister-Verband\",\"url\":\"https:\/\/swissbaker.ch\/fr\/\",\"logo\":{\"@type\":\"ImageObject\",\"inLanguage\":\"fr-FR\",\"@id\":\"https:\/\/swissbaker.ch\/fr\/#\/schema\/logo\/image\/\",\"url\":\"https:\/\/swissbaker.ch\/wp-content\/uploads\/2022\/04\/sbc-logo-yoast.jpg\",\"contentUrl\":\"https:\/\/swissbaker.ch\/wp-content\/uploads\/2022\/04\/sbc-logo-yoast.jpg\",\"width\":512,\"height\":512,\"caption\":\"Schweizerischer B\u00e4cker-Confiseurmeister-Verband\"},\"image\":{\"@id\":\"https:\/\/swissbaker.ch\/fr\/#\/schema\/logo\/image\/\"},\"sameAs\":[\"https:\/\/www.facebook.com\/swissbaker.ch\",\"https:\/\/x.com\/ch_swissbaker\"]},{\"@type\":\"Person\",\"@id\":\"https:\/\/swissbaker.ch\/fr\/#\/schema\/person\/74bd327b08c18ca6042c02ff6f0ed5e2\",\"name\":\"Simon Nussbaum\",\"image\":{\"@type\":\"ImageObject\",\"inLanguage\":\"fr-FR\",\"@id\":\"https:\/\/swissbaker.ch\/fr\/#\/schema\/person\/image\/\",\"url\":\"https:\/\/secure.gravatar.com\/avatar\/df0eced3bb556c806cb760cf503ade1ed1df25b4104d80d6fd28d93a9509aa12?s=96&d=mm&r=g\",\"contentUrl\":\"https:\/\/secure.gravatar.com\/avatar\/df0eced3bb556c806cb760cf503ade1ed1df25b4104d80d6fd28d93a9509aa12?s=96&d=mm&r=g\",\"caption\":\"Simon Nussbaum\"},\"url\":\"https:\/\/swissbaker.ch\/fr\/panissimo-news\/author\/simon-nussbaum\/\"}]}<\/script>\n<!-- \/ Yoast SEO Premium plugin. -->","yoast_head_json":{"title":"La succession d\u2019entreprise,une t\u00e2che hercul\u00e9enne | SBC","robots":{"index":"index","follow":"follow","max-snippet":"max-snippet:-1","max-image-preview":"max-image-preview:large","max-video-preview":"max-video-preview:-1"},"canonical":"https:\/\/swissbaker.ch\/fr\/panissimo-news\/la-succession-dentrepriseune-tache-herculeenne\/","og_locale":"fr_FR","og_type":"article","og_title":"La succession d\u2019entreprise,une t\u00e2che hercul\u00e9enne","og_description":"Le secteur de la boulangerie et de la confiserie est en pleine mutation depuis un certain temps\u2009: les petites entreprises disparaissent parfois compl\u00e8tement\u2009; dans certains cas, seuls les points de vente sont maintenus sous forme de filiales de grandes entreprises. L\u2019une des raisons \u00e0 cela\u2009: l\u2019absence de successeur.","og_url":"https:\/\/swissbaker.ch\/fr\/panissimo-news\/la-succession-dentrepriseune-tache-herculeenne\/","og_site_name":"SBC","article_publisher":"https:\/\/www.facebook.com\/swissbaker.ch","article_published_time":"2025-03-21T11:48:17+00:00","article_modified_time":"2025-03-21T11:59:37+00:00","og_image":[{"width":1200,"height":712,"url":"https:\/\/swissbaker.ch\/wp-content\/uploads\/2025\/03\/6_2_schluesseluebergabe.jpg","type":"image\/jpeg"}],"author":"Simon Nussbaum","twitter_card":"summary_large_image","twitter_creator":"@ch_swissbaker","twitter_site":"@ch_swissbaker","twitter_misc":{"Written by":"Simon Nussbaum","Est. reading time":"5 minutes"},"schema":{"@context":"https:\/\/schema.org","@graph":[{"@type":"Article","@id":"https:\/\/swissbaker.ch\/fr\/panissimo-news\/la-succession-dentrepriseune-tache-herculeenne\/#article","isPartOf":{"@id":"https:\/\/swissbaker.ch\/fr\/panissimo-news\/la-succession-dentrepriseune-tache-herculeenne\/"},"author":{"name":"Simon Nussbaum","@id":"https:\/\/swissbaker.ch\/fr\/#\/schema\/person\/74bd327b08c18ca6042c02ff6f0ed5e2"},"headline":"La succession d\u2019entreprise,une t\u00e2che hercul\u00e9enne","datePublished":"2025-03-21T11:48:17+00:00","dateModified":"2025-03-21T11:59:37+00:00","mainEntityOfPage":{"@id":"https:\/\/swissbaker.ch\/fr\/panissimo-news\/la-succession-dentrepriseune-tache-herculeenne\/"},"wordCount":1077,"publisher":{"@id":"https:\/\/swissbaker.ch\/fr\/#organization"},"image":{"@id":"https:\/\/swissbaker.ch\/fr\/panissimo-news\/la-succession-dentrepriseune-tache-herculeenne\/#primaryimage"},"thumbnailUrl":"https:\/\/swissbaker.ch\/wp-content\/uploads\/2025\/03\/6_2_schluesseluebergabe.jpg","articleSection":["Conseils"],"inLanguage":"fr-FR"},{"@type":"WebPage","@id":"https:\/\/swissbaker.ch\/fr\/panissimo-news\/la-succession-dentrepriseune-tache-herculeenne\/","url":"https:\/\/swissbaker.ch\/fr\/panissimo-news\/la-succession-dentrepriseune-tache-herculeenne\/","name":"La succession d\u2019entreprise,une t\u00e2che hercul\u00e9enne | SBC","isPartOf":{"@id":"https:\/\/swissbaker.ch\/fr\/#website"},"primaryImageOfPage":{"@id":"https:\/\/swissbaker.ch\/fr\/panissimo-news\/la-succession-dentrepriseune-tache-herculeenne\/#primaryimage"},"image":{"@id":"https:\/\/swissbaker.ch\/fr\/panissimo-news\/la-succession-dentrepriseune-tache-herculeenne\/#primaryimage"},"thumbnailUrl":"https:\/\/swissbaker.ch\/wp-content\/uploads\/2025\/03\/6_2_schluesseluebergabe.jpg","datePublished":"2025-03-21T11:48:17+00:00","dateModified":"2025-03-21T11:59:37+00:00","breadcrumb":{"@id":"https:\/\/swissbaker.ch\/fr\/panissimo-news\/la-succession-dentrepriseune-tache-herculeenne\/#breadcrumb"},"inLanguage":"fr-FR","potentialAction":[{"@type":"ReadAction","target":["https:\/\/swissbaker.ch\/fr\/panissimo-news\/la-succession-dentrepriseune-tache-herculeenne\/"]}]},{"@type":"ImageObject","inLanguage":"fr-FR","@id":"https:\/\/swissbaker.ch\/fr\/panissimo-news\/la-succession-dentrepriseune-tache-herculeenne\/#primaryimage","url":"https:\/\/swissbaker.ch\/wp-content\/uploads\/2025\/03\/6_2_schluesseluebergabe.jpg","contentUrl":"https:\/\/swissbaker.ch\/wp-content\/uploads\/2025\/03\/6_2_schluesseluebergabe.jpg","width":1200,"height":712},{"@type":"BreadcrumbList","@id":"https:\/\/swissbaker.ch\/fr\/panissimo-news\/la-succession-dentrepriseune-tache-herculeenne\/#breadcrumb","itemListElement":[{"@type":"ListItem","position":1,"name":"","item":"https:\/\/swissbaker.ch\/fr\/"},{"@type":"ListItem","position":2,"name":"Conseils","item":"https:\/\/swissbaker.ch\/fr\/panissimo-news\/category\/conseils\/"},{"@type":"ListItem","position":3,"name":"La succession d\u2019entreprise,une t\u00e2che hercul\u00e9enne"}]},{"@type":"WebSite","@id":"https:\/\/swissbaker.ch\/fr\/#website","url":"https:\/\/swissbaker.ch\/fr\/","name":"SBC","description":"","publisher":{"@id":"https:\/\/swissbaker.ch\/fr\/#organization"},"potentialAction":[{"@type":"SearchAction","target":{"@type":"EntryPoint","urlTemplate":"https:\/\/swissbaker.ch\/fr\/?s={search_term_string}"},"query-input":{"@type":"PropertyValueSpecification","valueRequired":true,"valueName":"search_term_string"}}],"inLanguage":"fr-FR"},{"@type":"Organization","@id":"https:\/\/swissbaker.ch\/fr\/#organization","name":"Schweizerischer B\u00e4cker-Confiseurmeister-Verband","url":"https:\/\/swissbaker.ch\/fr\/","logo":{"@type":"ImageObject","inLanguage":"fr-FR","@id":"https:\/\/swissbaker.ch\/fr\/#\/schema\/logo\/image\/","url":"https:\/\/swissbaker.ch\/wp-content\/uploads\/2022\/04\/sbc-logo-yoast.jpg","contentUrl":"https:\/\/swissbaker.ch\/wp-content\/uploads\/2022\/04\/sbc-logo-yoast.jpg","width":512,"height":512,"caption":"Schweizerischer B\u00e4cker-Confiseurmeister-Verband"},"image":{"@id":"https:\/\/swissbaker.ch\/fr\/#\/schema\/logo\/image\/"},"sameAs":["https:\/\/www.facebook.com\/swissbaker.ch","https:\/\/x.com\/ch_swissbaker"]},{"@type":"Person","@id":"https:\/\/swissbaker.ch\/fr\/#\/schema\/person\/74bd327b08c18ca6042c02ff6f0ed5e2","name":"Simon Nussbaum","image":{"@type":"ImageObject","inLanguage":"fr-FR","@id":"https:\/\/swissbaker.ch\/fr\/#\/schema\/person\/image\/","url":"https:\/\/secure.gravatar.com\/avatar\/df0eced3bb556c806cb760cf503ade1ed1df25b4104d80d6fd28d93a9509aa12?s=96&d=mm&r=g","contentUrl":"https:\/\/secure.gravatar.com\/avatar\/df0eced3bb556c806cb760cf503ade1ed1df25b4104d80d6fd28d93a9509aa12?s=96&d=mm&r=g","caption":"Simon Nussbaum"},"url":"https:\/\/swissbaker.ch\/fr\/panissimo-news\/author\/simon-nussbaum\/"}]}},"_links":{"self":[{"href":"https:\/\/swissbaker.ch\/fr\/wp-json\/wp\/v2\/posts\/118226","targetHints":{"allow":["GET"]}}],"collection":[{"href":"https:\/\/swissbaker.ch\/fr\/wp-json\/wp\/v2\/posts"}],"about":[{"href":"https:\/\/swissbaker.ch\/fr\/wp-json\/wp\/v2\/types\/post"}],"author":[{"embeddable":true,"href":"https:\/\/swissbaker.ch\/fr\/wp-json\/wp\/v2\/users\/5"}],"replies":[{"embeddable":true,"href":"https:\/\/swissbaker.ch\/fr\/wp-json\/wp\/v2\/comments?post=118226"}],"version-history":[{"count":0,"href":"https:\/\/swissbaker.ch\/fr\/wp-json\/wp\/v2\/posts\/118226\/revisions"}],"wp:featuredmedia":[{"embeddable":true,"href":"https:\/\/swissbaker.ch\/fr\/wp-json\/wp\/v2\/media\/118219"}],"wp:attachment":[{"href":"https:\/\/swissbaker.ch\/fr\/wp-json\/wp\/v2\/media?parent=118226"}],"wp:term":[{"taxonomy":"category","embeddable":true,"href":"https:\/\/swissbaker.ch\/fr\/wp-json\/wp\/v2\/categories?post=118226"},{"taxonomy":"post_tag","embeddable":true,"href":"https:\/\/swissbaker.ch\/fr\/wp-json\/wp\/v2\/tags?post=118226"}],"curies":[{"name":"wp","href":"https:\/\/api.w.org\/{rel}","templated":true}]}}