{"id":117958,"date":"2025-03-19T15:45:02","date_gmt":"2025-03-19T14:45:02","guid":{"rendered":"https:\/\/swissbaker.ch\/?p=117958"},"modified":"2025-03-20T11:51:50","modified_gmt":"2025-03-20T10:51:50","slug":"deux-rendez-vous-sectoriels","status":"publish","type":"post","link":"https:\/\/swissbaker.ch\/fr\/panissimo-news\/deux-rendez-vous-sectoriels\/","title":{"rendered":"Deux rendez-vous sectoriels"},"content":{"rendered":"\n<p><strong>Le 139e congr\u00e8s de l\u2019Association suisse des patrons boulangers-confiseurs (BCS) aura lieu cette ann\u00e9e le mardi 17\u202fjuin au centre de congr\u00e8s de Bernexpo AG. La veille, les d\u00e9l\u00e9gu\u00e9s et les membres de la BCS profiteront du troisi\u00e8me \u00e9v\u00e8nement de r\u00e9seautage.<\/strong><\/p>\n\n\n\n<p>Le comit\u00e9 central est heureux d\u2019inviter qui de droit au congr\u00e8s de la BCS qui se tiendra le mardi 17\u202fjuin 2025 au centre de congr\u00e8s de Bernexpo AG. La premi\u00e8re partie, l\u2019assembl\u00e9e des d\u00e9l\u00e9gu\u00e9s et d\u00e9l\u00e9gu\u00e9es, comprendra l\u2018ordre du jour ordinaire, y compris l\u2019\u00e9lection r\u00e9guli\u00e8re du pr\u00e9sident de la BCS et des membres du comit\u00e9 central, l\u2019arriv\u00e9e de nos h\u00f4tes et partenaires sectoriels \u00e9tant pr\u00e9vue pour la pause caf\u00e9. <\/p>\n\n\n\n<p>Dans le cadre de la deuxi\u00e8me partie, consacr\u00e9e aux hommages et remises de prix, les laur\u00e9ates des dipl\u00f4mes des WorldSkills sont invit\u00e9es \u00e0 monter sur sc\u00e8ne. Le point d\u2019orgue de la manifestation sera la remise de la couronne boulang\u00e8re, qui r\u00e9compensera pour la treizi\u00e8me fois une personnalit\u00e9 phare de notre secteur. La rationalisation de l\u2019organisation et la pause entre les deux parties du congr\u00e8s permettent de consacrer plus de temps \u00e0 des discussions passionnantes.<\/p>\n\n\n\n<h2 class=\"wp-block-heading\" id=\"h-le-rendez-vous-des-membres\">Le rendez-vous des membres<\/h2>\n\n\n\n<p>La veille d\u00e9j\u00e0, les participants \u00e0 la troisi\u00e8me manifestation de r\u00e9seautage se voulant une source d\u2019inspiration pour les d\u00e9l\u00e9gu\u00e9s, les d\u00e9l\u00e9gu\u00e9es et les membres. Au restaurant Allmend ou sur sa terrasse (Bernexpo AG), les participants savourent un souper avec beaucoup de temps pour les \u00e9changes. Profitez de ces deux rendez-vous sectoriels.<\/p>\n\n\n\n<h2 class=\"wp-block-heading\" id=\"h-programme-ordre-du-jour-et-inscription\">Programme, ordre du jour et inscription<\/h2>\n\n\n\n<p>Le programme et le formulaire d\u2019inscription sont disponibles en ligne. L\u2019ordre du jour et les documents y relatifs le seront pour leur part 30 jours avant le congr\u00e8s. Tous les membres de la BCS, y compris les membres d\u2019honneur, sont les bienvenus. Les inscriptions en ligne sont ouvertes jusqu\u2019au 16\u202fmai. Il est \u00e9galement possible de s\u2019inscrire \u00e0 l\u2019\u00e9v\u00e8nement de r\u00e9seautage sans participer au congr\u00e8s.<\/p>\n\n\n\n<p><a href=\"http:\/\/swissbaker.ch\/congres\" target=\"_blank\" rel=\"noreferrer noopener\"><strong>Info et inscription congr\u00e8s&#8230;\u00bb<\/strong><\/a><\/p>\n\n\n\n<p class=\"has-text-align-right\"><em>SBC<\/em><\/p>\n\n\n\n<p><\/p>\n","protected":false},"excerpt":{"rendered":"<p>Le 139e congr\u00e8s de l\u2019Association suisse des patrons boulangers-confiseurs (BCS) aura lieu cette ann\u00e9e le mardi 17\u202fjuin au centre de congr\u00e8s de Bernexpo AG. La veille, les d\u00e9l\u00e9gu\u00e9s et les membres de la BCS profiteront du troisi\u00e8me \u00e9v\u00e8nement de r\u00e9seautage.<\/p>\n","protected":false},"author":5,"featured_media":117385,"comment_status":"closed","ping_status":"closed","sticky":true,"template":"","format":"standard","meta":{"_acf_changed":false,"footnotes":""},"categories":[41,46],"tags":[],"class_list":["post-117958","post","type-post","status-publish","format-standard","has-post-thumbnail","hentry","category-association","category-evenement"],"acf":[],"yoast_head":"<!-- This site is optimized with the Yoast SEO Premium plugin v26.8 (Yoast SEO v26.8) - https:\/\/yoast.com\/product\/yoast-seo-premium-wordpress\/ -->\n<title>Deux rendez-vous sectoriels | SBC<\/title>\n<meta name=\"robots\" content=\"index, follow, max-snippet:-1, max-image-preview:large, max-video-preview:-1\" \/>\n<link rel=\"canonical\" href=\"https:\/\/swissbaker.ch\/fr\/panissimo-news\/deux-rendez-vous-sectoriels\/\" \/>\n<meta property=\"og:locale\" content=\"fr_FR\" \/>\n<meta property=\"og:type\" content=\"article\" \/>\n<meta property=\"og:title\" content=\"Deux rendez-vous sectoriels\" \/>\n<meta property=\"og:description\" content=\"Le 139e congr\u00e8s de l\u2019Association suisse des patrons boulangers-confiseurs (BCS) aura lieu cette ann\u00e9e le mardi 17\u202fjuin au centre de congr\u00e8s de Bernexpo AG. La veille, les d\u00e9l\u00e9gu\u00e9s et les membres de la BCS profiteront du troisi\u00e8me \u00e9v\u00e8nement de r\u00e9seautage.\" \/>\n<meta property=\"og:url\" content=\"https:\/\/swissbaker.ch\/fr\/panissimo-news\/deux-rendez-vous-sectoriels\/\" \/>\n<meta property=\"og:site_name\" content=\"SBC\" \/>\n<meta property=\"article:publisher\" content=\"https:\/\/www.facebook.com\/swissbaker.ch\" \/>\n<meta property=\"article:published_time\" content=\"2025-03-19T14:45:02+00:00\" \/>\n<meta property=\"article:modified_time\" content=\"2025-03-20T10:51:50+00:00\" \/>\n<meta property=\"og:image\" content=\"https:\/\/swissbaker.ch\/wp-content\/uploads\/2025\/02\/kongress_2025_anriss.jpg\" \/>\n\t<meta property=\"og:image:width\" content=\"1200\" \/>\n\t<meta property=\"og:image:height\" content=\"712\" \/>\n\t<meta property=\"og:image:type\" content=\"image\/jpeg\" \/>\n<meta name=\"author\" content=\"Simon Nussbaum\" \/>\n<meta name=\"twitter:card\" content=\"summary_large_image\" \/>\n<meta name=\"twitter:creator\" content=\"@ch_swissbaker\" \/>\n<meta name=\"twitter:site\" content=\"@ch_swissbaker\" \/>\n<meta name=\"twitter:label1\" content=\"Written by\" \/>\n\t<meta name=\"twitter:data1\" content=\"Simon Nussbaum\" \/>\n\t<meta name=\"twitter:label2\" content=\"Est. reading time\" \/>\n\t<meta name=\"twitter:data2\" content=\"2 minutes\" \/>\n<script type=\"application\/ld+json\" class=\"yoast-schema-graph\">{\"@context\":\"https:\/\/schema.org\",\"@graph\":[{\"@type\":\"Article\",\"@id\":\"https:\/\/swissbaker.ch\/fr\/panissimo-news\/deux-rendez-vous-sectoriels\/#article\",\"isPartOf\":{\"@id\":\"https:\/\/swissbaker.ch\/fr\/panissimo-news\/deux-rendez-vous-sectoriels\/\"},\"author\":{\"name\":\"Simon Nussbaum\",\"@id\":\"https:\/\/swissbaker.ch\/fr\/#\/schema\/person\/74bd327b08c18ca6042c02ff6f0ed5e2\"},\"headline\":\"Deux rendez-vous sectoriels\",\"datePublished\":\"2025-03-19T14:45:02+00:00\",\"dateModified\":\"2025-03-20T10:51:50+00:00\",\"mainEntityOfPage\":{\"@id\":\"https:\/\/swissbaker.ch\/fr\/panissimo-news\/deux-rendez-vous-sectoriels\/\"},\"wordCount\":374,\"publisher\":{\"@id\":\"https:\/\/swissbaker.ch\/fr\/#organization\"},\"image\":{\"@id\":\"https:\/\/swissbaker.ch\/fr\/panissimo-news\/deux-rendez-vous-sectoriels\/#primaryimage\"},\"thumbnailUrl\":\"https:\/\/swissbaker.ch\/wp-content\/uploads\/2025\/02\/kongress_2025_anriss.jpg\",\"articleSection\":[\"Association\",\"Ev\u00e9nement\"],\"inLanguage\":\"fr-FR\"},{\"@type\":\"WebPage\",\"@id\":\"https:\/\/swissbaker.ch\/fr\/panissimo-news\/deux-rendez-vous-sectoriels\/\",\"url\":\"https:\/\/swissbaker.ch\/fr\/panissimo-news\/deux-rendez-vous-sectoriels\/\",\"name\":\"Deux rendez-vous sectoriels | SBC\",\"isPartOf\":{\"@id\":\"https:\/\/swissbaker.ch\/fr\/#website\"},\"primaryImageOfPage\":{\"@id\":\"https:\/\/swissbaker.ch\/fr\/panissimo-news\/deux-rendez-vous-sectoriels\/#primaryimage\"},\"image\":{\"@id\":\"https:\/\/swissbaker.ch\/fr\/panissimo-news\/deux-rendez-vous-sectoriels\/#primaryimage\"},\"thumbnailUrl\":\"https:\/\/swissbaker.ch\/wp-content\/uploads\/2025\/02\/kongress_2025_anriss.jpg\",\"datePublished\":\"2025-03-19T14:45:02+00:00\",\"dateModified\":\"2025-03-20T10:51:50+00:00\",\"breadcrumb\":{\"@id\":\"https:\/\/swissbaker.ch\/fr\/panissimo-news\/deux-rendez-vous-sectoriels\/#breadcrumb\"},\"inLanguage\":\"fr-FR\",\"potentialAction\":[{\"@type\":\"ReadAction\",\"target\":[\"https:\/\/swissbaker.ch\/fr\/panissimo-news\/deux-rendez-vous-sectoriels\/\"]}]},{\"@type\":\"ImageObject\",\"inLanguage\":\"fr-FR\",\"@id\":\"https:\/\/swissbaker.ch\/fr\/panissimo-news\/deux-rendez-vous-sectoriels\/#primaryimage\",\"url\":\"https:\/\/swissbaker.ch\/wp-content\/uploads\/2025\/02\/kongress_2025_anriss.jpg\",\"contentUrl\":\"https:\/\/swissbaker.ch\/wp-content\/uploads\/2025\/02\/kongress_2025_anriss.jpg\",\"width\":1200,\"height\":712},{\"@type\":\"BreadcrumbList\",\"@id\":\"https:\/\/swissbaker.ch\/fr\/panissimo-news\/deux-rendez-vous-sectoriels\/#breadcrumb\",\"itemListElement\":[{\"@type\":\"ListItem\",\"position\":1,\"name\":\"\",\"item\":\"https:\/\/swissbaker.ch\/fr\/\"},{\"@type\":\"ListItem\",\"position\":2,\"name\":\"Association\",\"item\":\"https:\/\/swissbaker.ch\/fr\/panissimo-news\/category\/association\/\"},{\"@type\":\"ListItem\",\"position\":3,\"name\":\"Deux rendez-vous sectoriels\"}]},{\"@type\":\"WebSite\",\"@id\":\"https:\/\/swissbaker.ch\/fr\/#website\",\"url\":\"https:\/\/swissbaker.ch\/fr\/\",\"name\":\"SBC\",\"description\":\"\",\"publisher\":{\"@id\":\"https:\/\/swissbaker.ch\/fr\/#organization\"},\"potentialAction\":[{\"@type\":\"SearchAction\",\"target\":{\"@type\":\"EntryPoint\",\"urlTemplate\":\"https:\/\/swissbaker.ch\/fr\/?s={search_term_string}\"},\"query-input\":{\"@type\":\"PropertyValueSpecification\",\"valueRequired\":true,\"valueName\":\"search_term_string\"}}],\"inLanguage\":\"fr-FR\"},{\"@type\":\"Organization\",\"@id\":\"https:\/\/swissbaker.ch\/fr\/#organization\",\"name\":\"Schweizerischer B\u00e4cker-Confiseurmeister-Verband\",\"url\":\"https:\/\/swissbaker.ch\/fr\/\",\"logo\":{\"@type\":\"ImageObject\",\"inLanguage\":\"fr-FR\",\"@id\":\"https:\/\/swissbaker.ch\/fr\/#\/schema\/logo\/image\/\",\"url\":\"https:\/\/swissbaker.ch\/wp-content\/uploads\/2022\/04\/sbc-logo-yoast.jpg\",\"contentUrl\":\"https:\/\/swissbaker.ch\/wp-content\/uploads\/2022\/04\/sbc-logo-yoast.jpg\",\"width\":512,\"height\":512,\"caption\":\"Schweizerischer B\u00e4cker-Confiseurmeister-Verband\"},\"image\":{\"@id\":\"https:\/\/swissbaker.ch\/fr\/#\/schema\/logo\/image\/\"},\"sameAs\":[\"https:\/\/www.facebook.com\/swissbaker.ch\",\"https:\/\/x.com\/ch_swissbaker\"]},{\"@type\":\"Person\",\"@id\":\"https:\/\/swissbaker.ch\/fr\/#\/schema\/person\/74bd327b08c18ca6042c02ff6f0ed5e2\",\"name\":\"Simon Nussbaum\",\"image\":{\"@type\":\"ImageObject\",\"inLanguage\":\"fr-FR\",\"@id\":\"https:\/\/swissbaker.ch\/fr\/#\/schema\/person\/image\/\",\"url\":\"https:\/\/secure.gravatar.com\/avatar\/df0eced3bb556c806cb760cf503ade1ed1df25b4104d80d6fd28d93a9509aa12?s=96&d=mm&r=g\",\"contentUrl\":\"https:\/\/secure.gravatar.com\/avatar\/df0eced3bb556c806cb760cf503ade1ed1df25b4104d80d6fd28d93a9509aa12?s=96&d=mm&r=g\",\"caption\":\"Simon Nussbaum\"},\"url\":\"https:\/\/swissbaker.ch\/fr\/panissimo-news\/author\/simon-nussbaum\/\"}]}<\/script>\n<!-- \/ Yoast SEO Premium plugin. -->","yoast_head_json":{"title":"Deux rendez-vous sectoriels | SBC","robots":{"index":"index","follow":"follow","max-snippet":"max-snippet:-1","max-image-preview":"max-image-preview:large","max-video-preview":"max-video-preview:-1"},"canonical":"https:\/\/swissbaker.ch\/fr\/panissimo-news\/deux-rendez-vous-sectoriels\/","og_locale":"fr_FR","og_type":"article","og_title":"Deux rendez-vous sectoriels","og_description":"Le 139e congr\u00e8s de l\u2019Association suisse des patrons boulangers-confiseurs (BCS) aura lieu cette ann\u00e9e le mardi 17\u202fjuin au centre de congr\u00e8s de Bernexpo AG. La veille, les d\u00e9l\u00e9gu\u00e9s et les membres de la BCS profiteront du troisi\u00e8me \u00e9v\u00e8nement de r\u00e9seautage.","og_url":"https:\/\/swissbaker.ch\/fr\/panissimo-news\/deux-rendez-vous-sectoriels\/","og_site_name":"SBC","article_publisher":"https:\/\/www.facebook.com\/swissbaker.ch","article_published_time":"2025-03-19T14:45:02+00:00","article_modified_time":"2025-03-20T10:51:50+00:00","og_image":[{"width":1200,"height":712,"url":"https:\/\/swissbaker.ch\/wp-content\/uploads\/2025\/02\/kongress_2025_anriss.jpg","type":"image\/jpeg"}],"author":"Simon Nussbaum","twitter_card":"summary_large_image","twitter_creator":"@ch_swissbaker","twitter_site":"@ch_swissbaker","twitter_misc":{"Written by":"Simon Nussbaum","Est. reading time":"2 minutes"},"schema":{"@context":"https:\/\/schema.org","@graph":[{"@type":"Article","@id":"https:\/\/swissbaker.ch\/fr\/panissimo-news\/deux-rendez-vous-sectoriels\/#article","isPartOf":{"@id":"https:\/\/swissbaker.ch\/fr\/panissimo-news\/deux-rendez-vous-sectoriels\/"},"author":{"name":"Simon Nussbaum","@id":"https:\/\/swissbaker.ch\/fr\/#\/schema\/person\/74bd327b08c18ca6042c02ff6f0ed5e2"},"headline":"Deux rendez-vous sectoriels","datePublished":"2025-03-19T14:45:02+00:00","dateModified":"2025-03-20T10:51:50+00:00","mainEntityOfPage":{"@id":"https:\/\/swissbaker.ch\/fr\/panissimo-news\/deux-rendez-vous-sectoriels\/"},"wordCount":374,"publisher":{"@id":"https:\/\/swissbaker.ch\/fr\/#organization"},"image":{"@id":"https:\/\/swissbaker.ch\/fr\/panissimo-news\/deux-rendez-vous-sectoriels\/#primaryimage"},"thumbnailUrl":"https:\/\/swissbaker.ch\/wp-content\/uploads\/2025\/02\/kongress_2025_anriss.jpg","articleSection":["Association","Ev\u00e9nement"],"inLanguage":"fr-FR"},{"@type":"WebPage","@id":"https:\/\/swissbaker.ch\/fr\/panissimo-news\/deux-rendez-vous-sectoriels\/","url":"https:\/\/swissbaker.ch\/fr\/panissimo-news\/deux-rendez-vous-sectoriels\/","name":"Deux rendez-vous sectoriels | SBC","isPartOf":{"@id":"https:\/\/swissbaker.ch\/fr\/#website"},"primaryImageOfPage":{"@id":"https:\/\/swissbaker.ch\/fr\/panissimo-news\/deux-rendez-vous-sectoriels\/#primaryimage"},"image":{"@id":"https:\/\/swissbaker.ch\/fr\/panissimo-news\/deux-rendez-vous-sectoriels\/#primaryimage"},"thumbnailUrl":"https:\/\/swissbaker.ch\/wp-content\/uploads\/2025\/02\/kongress_2025_anriss.jpg","datePublished":"2025-03-19T14:45:02+00:00","dateModified":"2025-03-20T10:51:50+00:00","breadcrumb":{"@id":"https:\/\/swissbaker.ch\/fr\/panissimo-news\/deux-rendez-vous-sectoriels\/#breadcrumb"},"inLanguage":"fr-FR","potentialAction":[{"@type":"ReadAction","target":["https:\/\/swissbaker.ch\/fr\/panissimo-news\/deux-rendez-vous-sectoriels\/"]}]},{"@type":"ImageObject","inLanguage":"fr-FR","@id":"https:\/\/swissbaker.ch\/fr\/panissimo-news\/deux-rendez-vous-sectoriels\/#primaryimage","url":"https:\/\/swissbaker.ch\/wp-content\/uploads\/2025\/02\/kongress_2025_anriss.jpg","contentUrl":"https:\/\/swissbaker.ch\/wp-content\/uploads\/2025\/02\/kongress_2025_anriss.jpg","width":1200,"height":712},{"@type":"BreadcrumbList","@id":"https:\/\/swissbaker.ch\/fr\/panissimo-news\/deux-rendez-vous-sectoriels\/#breadcrumb","itemListElement":[{"@type":"ListItem","position":1,"name":"","item":"https:\/\/swissbaker.ch\/fr\/"},{"@type":"ListItem","position":2,"name":"Association","item":"https:\/\/swissbaker.ch\/fr\/panissimo-news\/category\/association\/"},{"@type":"ListItem","position":3,"name":"Deux rendez-vous sectoriels"}]},{"@type":"WebSite","@id":"https:\/\/swissbaker.ch\/fr\/#website","url":"https:\/\/swissbaker.ch\/fr\/","name":"SBC","description":"","publisher":{"@id":"https:\/\/swissbaker.ch\/fr\/#organization"},"potentialAction":[{"@type":"SearchAction","target":{"@type":"EntryPoint","urlTemplate":"https:\/\/swissbaker.ch\/fr\/?s={search_term_string}"},"query-input":{"@type":"PropertyValueSpecification","valueRequired":true,"valueName":"search_term_string"}}],"inLanguage":"fr-FR"},{"@type":"Organization","@id":"https:\/\/swissbaker.ch\/fr\/#organization","name":"Schweizerischer B\u00e4cker-Confiseurmeister-Verband","url":"https:\/\/swissbaker.ch\/fr\/","logo":{"@type":"ImageObject","inLanguage":"fr-FR","@id":"https:\/\/swissbaker.ch\/fr\/#\/schema\/logo\/image\/","url":"https:\/\/swissbaker.ch\/wp-content\/uploads\/2022\/04\/sbc-logo-yoast.jpg","contentUrl":"https:\/\/swissbaker.ch\/wp-content\/uploads\/2022\/04\/sbc-logo-yoast.jpg","width":512,"height":512,"caption":"Schweizerischer B\u00e4cker-Confiseurmeister-Verband"},"image":{"@id":"https:\/\/swissbaker.ch\/fr\/#\/schema\/logo\/image\/"},"sameAs":["https:\/\/www.facebook.com\/swissbaker.ch","https:\/\/x.com\/ch_swissbaker"]},{"@type":"Person","@id":"https:\/\/swissbaker.ch\/fr\/#\/schema\/person\/74bd327b08c18ca6042c02ff6f0ed5e2","name":"Simon Nussbaum","image":{"@type":"ImageObject","inLanguage":"fr-FR","@id":"https:\/\/swissbaker.ch\/fr\/#\/schema\/person\/image\/","url":"https:\/\/secure.gravatar.com\/avatar\/df0eced3bb556c806cb760cf503ade1ed1df25b4104d80d6fd28d93a9509aa12?s=96&d=mm&r=g","contentUrl":"https:\/\/secure.gravatar.com\/avatar\/df0eced3bb556c806cb760cf503ade1ed1df25b4104d80d6fd28d93a9509aa12?s=96&d=mm&r=g","caption":"Simon Nussbaum"},"url":"https:\/\/swissbaker.ch\/fr\/panissimo-news\/author\/simon-nussbaum\/"}]}},"_links":{"self":[{"href":"https:\/\/swissbaker.ch\/fr\/wp-json\/wp\/v2\/posts\/117958","targetHints":{"allow":["GET"]}}],"collection":[{"href":"https:\/\/swissbaker.ch\/fr\/wp-json\/wp\/v2\/posts"}],"about":[{"href":"https:\/\/swissbaker.ch\/fr\/wp-json\/wp\/v2\/types\/post"}],"author":[{"embeddable":true,"href":"https:\/\/swissbaker.ch\/fr\/wp-json\/wp\/v2\/users\/5"}],"replies":[{"embeddable":true,"href":"https:\/\/swissbaker.ch\/fr\/wp-json\/wp\/v2\/comments?post=117958"}],"version-history":[{"count":0,"href":"https:\/\/swissbaker.ch\/fr\/wp-json\/wp\/v2\/posts\/117958\/revisions"}],"wp:featuredmedia":[{"embeddable":true,"href":"https:\/\/swissbaker.ch\/fr\/wp-json\/wp\/v2\/media\/117385"}],"wp:attachment":[{"href":"https:\/\/swissbaker.ch\/fr\/wp-json\/wp\/v2\/media?parent=117958"}],"wp:term":[{"taxonomy":"category","embeddable":true,"href":"https:\/\/swissbaker.ch\/fr\/wp-json\/wp\/v2\/categories?post=117958"},{"taxonomy":"post_tag","embeddable":true,"href":"https:\/\/swissbaker.ch\/fr\/wp-json\/wp\/v2\/tags?post=117958"}],"curies":[{"name":"wp","href":"https:\/\/api.w.org\/{rel}","templated":true}]}}