{"id":117695,"date":"2025-03-10T15:15:51","date_gmt":"2025-03-10T14:15:51","guid":{"rendered":"https:\/\/swissbaker.ch\/?p=117695"},"modified":"2025-03-10T15:32:28","modified_gmt":"2025-03-10T14:32:28","slug":"plus-que-du-shopping","status":"publish","type":"post","link":"https:\/\/swissbaker.ch\/fr\/panissimo-news\/plus-que-du-shopping\/","title":{"rendered":"Plus que du shopping"},"content":{"rendered":"\n<p><strong>Qu\u2019est-ce qui fait vraiment la r\u00e9ussite d\u2019une exp\u00e9rience de vente\u2009? Monika B\u00f6sch, conseill\u00e8re en commerce de d\u00e9tail \u00e0 l\u2019Ecole professionnelle Richemont de Lucerne, donne un aper\u00e7u pr\u00e9cieux de l\u2019art de l\u2019accueil et montre comment les comp\u00e9tences de vente font toute la diff\u00e9rence.<\/strong><\/p>\n\n\n\n<p>Les points les plus importants sont r\u00e9sum\u00e9s ci-apr\u00e8s.<\/p>\n\n\n\n<h3 class=\"wp-block-heading\" id=\"h-accueil-et-competences-de-vente\">Accueil et comp\u00e9tences de vente<\/h3>\n\n\n\n<p>La formule du succ\u00e8s en vente de notre secteur est la suivante\u2009: un sourire chaleureux, un accueil franc, l\u2019odeur all\u00e9chante des croissants fra\u00eechement sortis du four et le bourdonnement apaisant de la machine \u00e0 caf\u00e9\u2009; autant de petits moments pr\u00e9cieux qui transforment un simple achat en une v\u00e9ritable exp\u00e9rience.<\/p>\n\n\n\n<h3 class=\"wp-block-heading\" id=\"h-la-valeur-sous-estimee-du-contact-personnel\">La valeur sous-estim\u00e9e du contact personnel<\/h3>\n\n\n\n<p>Que vaut un contact personnel inspirant et procurant un r\u00e9el sentiment de bien-\u00eatre lors de l\u2019achat quotidien d\u2019un croissant ou d\u2019un caf\u00e9 \u00e0 l\u2019emporter\u2009? Plus que beaucoup ne le pensent\u2009! La client\u00e8le ne vient pas que pour les produits de qualit\u00e9, inconsciemment, la rencontre unique en son genre, l\u2019ambiance et la r\u00e9ception l\u2019attirent \u00e9galement. Une atmosph\u00e8re chaleureuse, une h\u00f4tesse comp\u00e9tente et attentive et une conversation riche en messages remarquables font toute la diff\u00e9rence\u2009; et n\u2019ont en r\u00e9alit\u00e9 pas<br>de prix.<\/p>\n\n\n\n<figure class=\"wp-block-image size-full\"><img decoding=\"async\" width=\"1000\" height=\"884\" src=\"https:\/\/swissbaker.ch\/wp-content\/uploads\/2025\/03\/5_1_moni_boesch.jpg\" alt=\"\" class=\"wp-image-117690\" srcset=\"https:\/\/swissbaker.ch\/wp-content\/uploads\/2025\/03\/5_1_moni_boesch.jpg 1000w, https:\/\/swissbaker.ch\/wp-content\/uploads\/2025\/03\/5_1_moni_boesch-768x679.jpg 768w\" sizes=\"(max-width: 1000px) 100vw, 1000px\" \/><figcaption class=\"wp-element-caption\"><em>Monika B\u00f6sch, conseill\u00e8re en commerce de d\u00e9tail \u00e0 l\u2019Ecole professionnelle Richemont de Lucerne<\/em><\/figcaption><\/figure>\n\n\n\n<h3 class=\"wp-block-heading\" id=\"h-des-defis-au-quotidien\">Des d\u00e9fis au quotidien<\/h3>\n\n\n\n<p>Cependant, la r\u00e9alit\u00e9 est souvent diff\u00e9rente\u2009: la pression du temps, les ressources limit\u00e9es en personnel et le manque de connaissances sp\u00e9cialis\u00e9es placent la vente face \u00e0 de grands d\u00e9fis. Dans le stress du quotidien, la routine prend le dessus et supplante le flair hospitalier. Or, ce sont pr\u00e9cis\u00e9ment les h\u00e9ros de la vente, authentiques et enthousiastes, qui font le lien entre l\u2019artisanat de la production et les moments gourmands partag\u00e9s avec la client\u00e8le.<\/p>\n\n\n\n<blockquote class=\"wp-block-quote\">\n<p style=\"font-size:22px;font-style:italic;font-weight:600\">L\u2019accueil n\u2019est pas une vertu d\u00e9mod\u00e9e. C\u2019est le facteur de r\u00e9ussite de l\u2019avenir\u2009!<\/p>\n<\/blockquote>\n\n\n\n<p> L\u2019attitude int\u00e9rieure et la conception de la vente font la diff\u00e9rence d\u00e9cisive dans l\u2019exp\u00e9rience client\u00e8le.<\/p>\n\n\n\n<h3 class=\"wp-block-heading\" id=\"h-creer-un-sentiment-de-bien-etre\">Cr\u00e9er un sentiment de bien-\u00eatre<\/h3>\n\n\n\n<p>Tout commence par un aimable sourire. Alli\u00e9 \u00e0 une communication valorisante et \u00e0 un v\u00e9ritable int\u00e9r\u00eat pour le client, les produits et l\u2019\u00e9quipe, il cr\u00e9e la confiance et un lien fort. Une atmosph\u00e8re chaleureuse et un service attentif transforment l\u2019achat en une exp\u00e9rience savoureuse.<\/p>\n\n\n\n<h3 class=\"wp-block-heading\" id=\"h-la-force-de-vente-par-la-competence\">La force de vente par la comp\u00e9tence<\/h3>\n\n\n\n<p>Un entretien de vente r\u00e9ussi n\u2019est pas le fruit du hasard. Il suit une strat\u00e9gie claire. Des conseils adapt\u00e9s visent \u00e0 la fois \u00e0 informer et \u00e0 inspirer.<\/p>\n\n\n\n<h3 class=\"wp-block-heading\" id=\"h-vente-complementaire-et-alternative\">Vente compl\u00e9mentaire et alternative<\/h3>\n\n\n\n<p>Cet entretien de vente r\u00e9ussi repose sur une structure claire, des conseils attentifs \u00e0 la client\u00e8le et une pr\u00e9sentation efficace des produits. Les ventes compl\u00e9mentaires et alternatives cibl\u00e9es ainsi qu\u2019une communication ax\u00e9e sur les besoins permettent d\u2019optimiser l\u2019exp\u00e9rience d\u2019achat et le succ\u00e8s de la vente.<\/p>\n\n\n\n<h3 class=\"wp-block-heading\" id=\"h-reveler-la-flamme\">R\u00e9v\u00e9ler la flamme<\/h3>\n\n\n\n<p>La passion pour les produits et l\u2019artisanat est contagieuse. Celui qui vend avec amour cr\u00e9e des liens \u00e9motionnels entre le client et le moment gourmand.<\/p>\n\n\n\n<p>Les messages clairs sur des produits et des histoires gourmandes nous permettent pour leur part de nous d\u00e9marquer et de souligner le caract\u00e8re unique de nos produits. Cette ambiance shopping inspirante suscite des \u00e9motions et rend l\u2019exp\u00e9rience d\u2019achat inoubliable et durable.<\/p>\n\n\n\n<h3 class=\"wp-block-heading\" id=\"h-ambassadrice-du-gout-et-experte-en-vente\">Ambassadrice du go\u00fbt et experte en vente<\/h3>\n\n\n\n<p>Ma passion pour les produits uniques et le v\u00e9ritable artisanat me pousse \u00e0 renforcer la visibilit\u00e9 et la valorisation de la vente. Gr\u00e2ce \u00e0 mon expertise, mon sens pratique et mon enthousiasme, je m\u2019engage \u00e0 ce que la vente soit consid\u00e9r\u00e9e pour ce qu\u2019elle est\u2009: un pont entre le v\u00e9ritable artisanat et un moment gourmand inoubliable pour la client\u00e8le.<\/p>\n\n\n\n<p>Car au final, ce ne sont pas seulement les croissants fra\u00eechement sortis du four et la douce odeur de caf\u00e9 qui comptent\u2009; ce sont les personnes qui cr\u00e9ent ces moments gourmands avec passion, comp\u00e9tence et plaisir. <\/p>\n\n\n\n<p class=\"has-text-align-right\"><em>Monika Boesch<\/em><\/p>\n\n\n\n<p><strong>Conseils\u2009: <\/strong><br><a href=\"http:\/\/richemont.swiss\/fr\/prestationscommerce-de-detail\" target=\"_blank\" rel=\"noreferrer noopener\">richemont.swiss\/fr\/prestationscommerce-de-detail<\/a><\/p>\n\n\n\n<p><\/p>\n","protected":false},"excerpt":{"rendered":"<p>Qu\u2019est-ce qui fait vraiment la r\u00e9ussite d\u2019une exp\u00e9rience de vente\u2009? Monika B\u00f6sch, conseill\u00e8re en commerce de d\u00e9tail \u00e0 l\u2019Ecole professionnelle Richemont de Lucerne, donne un aper\u00e7u pr\u00e9cieux de l\u2019art de l\u2019accueil et montre comment les comp\u00e9tences de vente font toute la diff\u00e9rence.<\/p>\n","protected":false},"author":5,"featured_media":117688,"comment_status":"closed","ping_status":"closed","sticky":false,"template":"","format":"standard","meta":{"_acf_changed":false,"footnotes":""},"categories":[54,50],"tags":[],"class_list":["post-117695","post","type-post","status-publish","format-standard","has-post-thumbnail","hentry","category-conseils","category-vente-marketing"],"acf":[],"yoast_head":"<!-- This site is optimized with the Yoast SEO Premium plugin v26.8 (Yoast SEO v26.8) - https:\/\/yoast.com\/product\/yoast-seo-premium-wordpress\/ -->\n<title>Plus que du shopping | SBC<\/title>\n<meta name=\"robots\" content=\"index, follow, max-snippet:-1, max-image-preview:large, max-video-preview:-1\" \/>\n<link rel=\"canonical\" href=\"https:\/\/swissbaker.ch\/fr\/panissimo-news\/plus-que-du-shopping\/\" \/>\n<meta property=\"og:locale\" content=\"fr_FR\" \/>\n<meta property=\"og:type\" content=\"article\" \/>\n<meta property=\"og:title\" content=\"Plus que du shopping\" \/>\n<meta property=\"og:description\" content=\"Qu\u2019est-ce qui fait vraiment la r\u00e9ussite d\u2019une exp\u00e9rience de vente\u2009? Monika B\u00f6sch, conseill\u00e8re en commerce de d\u00e9tail \u00e0 l\u2019Ecole professionnelle Richemont de Lucerne, donne un aper\u00e7u pr\u00e9cieux de l\u2019art de l\u2019accueil et montre comment les comp\u00e9tences de vente font toute la diff\u00e9rence.\" \/>\n<meta property=\"og:url\" content=\"https:\/\/swissbaker.ch\/fr\/panissimo-news\/plus-que-du-shopping\/\" \/>\n<meta property=\"og:site_name\" content=\"SBC\" \/>\n<meta property=\"article:publisher\" content=\"https:\/\/www.facebook.com\/swissbaker.ch\" \/>\n<meta property=\"article:published_time\" content=\"2025-03-10T14:15:51+00:00\" \/>\n<meta property=\"article:modified_time\" content=\"2025-03-10T14:32:28+00:00\" \/>\n<meta property=\"og:image\" content=\"https:\/\/swissbaker.ch\/wp-content\/uploads\/2025\/03\/5_1_verkauf_moni_boesch.jpg\" \/>\n\t<meta property=\"og:image:width\" content=\"1200\" \/>\n\t<meta property=\"og:image:height\" content=\"712\" \/>\n\t<meta property=\"og:image:type\" content=\"image\/jpeg\" \/>\n<meta name=\"author\" content=\"Simon Nussbaum\" \/>\n<meta name=\"twitter:card\" content=\"summary_large_image\" \/>\n<meta name=\"twitter:creator\" content=\"@ch_swissbaker\" \/>\n<meta name=\"twitter:site\" content=\"@ch_swissbaker\" \/>\n<meta name=\"twitter:label1\" content=\"Written by\" \/>\n\t<meta name=\"twitter:data1\" content=\"Simon Nussbaum\" \/>\n\t<meta name=\"twitter:label2\" content=\"Est. reading time\" \/>\n\t<meta name=\"twitter:data2\" content=\"4 minutes\" \/>\n<script type=\"application\/ld+json\" class=\"yoast-schema-graph\">{\"@context\":\"https:\/\/schema.org\",\"@graph\":[{\"@type\":\"Article\",\"@id\":\"https:\/\/swissbaker.ch\/fr\/panissimo-news\/plus-que-du-shopping\/#article\",\"isPartOf\":{\"@id\":\"https:\/\/swissbaker.ch\/fr\/panissimo-news\/plus-que-du-shopping\/\"},\"author\":{\"name\":\"Simon Nussbaum\",\"@id\":\"https:\/\/swissbaker.ch\/fr\/#\/schema\/person\/74bd327b08c18ca6042c02ff6f0ed5e2\"},\"headline\":\"Plus que du shopping\",\"datePublished\":\"2025-03-10T14:15:51+00:00\",\"dateModified\":\"2025-03-10T14:32:28+00:00\",\"mainEntityOfPage\":{\"@id\":\"https:\/\/swissbaker.ch\/fr\/panissimo-news\/plus-que-du-shopping\/\"},\"wordCount\":730,\"publisher\":{\"@id\":\"https:\/\/swissbaker.ch\/fr\/#organization\"},\"image\":{\"@id\":\"https:\/\/swissbaker.ch\/fr\/panissimo-news\/plus-que-du-shopping\/#primaryimage\"},\"thumbnailUrl\":\"https:\/\/swissbaker.ch\/wp-content\/uploads\/2025\/03\/5_1_verkauf_moni_boesch.jpg\",\"articleSection\":[\"Conseils\",\"Vente\/Marketing\"],\"inLanguage\":\"fr-FR\"},{\"@type\":\"WebPage\",\"@id\":\"https:\/\/swissbaker.ch\/fr\/panissimo-news\/plus-que-du-shopping\/\",\"url\":\"https:\/\/swissbaker.ch\/fr\/panissimo-news\/plus-que-du-shopping\/\",\"name\":\"Plus que du shopping | SBC\",\"isPartOf\":{\"@id\":\"https:\/\/swissbaker.ch\/fr\/#website\"},\"primaryImageOfPage\":{\"@id\":\"https:\/\/swissbaker.ch\/fr\/panissimo-news\/plus-que-du-shopping\/#primaryimage\"},\"image\":{\"@id\":\"https:\/\/swissbaker.ch\/fr\/panissimo-news\/plus-que-du-shopping\/#primaryimage\"},\"thumbnailUrl\":\"https:\/\/swissbaker.ch\/wp-content\/uploads\/2025\/03\/5_1_verkauf_moni_boesch.jpg\",\"datePublished\":\"2025-03-10T14:15:51+00:00\",\"dateModified\":\"2025-03-10T14:32:28+00:00\",\"breadcrumb\":{\"@id\":\"https:\/\/swissbaker.ch\/fr\/panissimo-news\/plus-que-du-shopping\/#breadcrumb\"},\"inLanguage\":\"fr-FR\",\"potentialAction\":[{\"@type\":\"ReadAction\",\"target\":[\"https:\/\/swissbaker.ch\/fr\/panissimo-news\/plus-que-du-shopping\/\"]}]},{\"@type\":\"ImageObject\",\"inLanguage\":\"fr-FR\",\"@id\":\"https:\/\/swissbaker.ch\/fr\/panissimo-news\/plus-que-du-shopping\/#primaryimage\",\"url\":\"https:\/\/swissbaker.ch\/wp-content\/uploads\/2025\/03\/5_1_verkauf_moni_boesch.jpg\",\"contentUrl\":\"https:\/\/swissbaker.ch\/wp-content\/uploads\/2025\/03\/5_1_verkauf_moni_boesch.jpg\",\"width\":1200,\"height\":712},{\"@type\":\"BreadcrumbList\",\"@id\":\"https:\/\/swissbaker.ch\/fr\/panissimo-news\/plus-que-du-shopping\/#breadcrumb\",\"itemListElement\":[{\"@type\":\"ListItem\",\"position\":1,\"name\":\"\",\"item\":\"https:\/\/swissbaker.ch\/fr\/\"},{\"@type\":\"ListItem\",\"position\":2,\"name\":\"Vente\/Marketing\",\"item\":\"https:\/\/swissbaker.ch\/fr\/panissimo-news\/category\/vente-marketing\/\"},{\"@type\":\"ListItem\",\"position\":3,\"name\":\"Plus que du shopping\"}]},{\"@type\":\"WebSite\",\"@id\":\"https:\/\/swissbaker.ch\/fr\/#website\",\"url\":\"https:\/\/swissbaker.ch\/fr\/\",\"name\":\"SBC\",\"description\":\"\",\"publisher\":{\"@id\":\"https:\/\/swissbaker.ch\/fr\/#organization\"},\"potentialAction\":[{\"@type\":\"SearchAction\",\"target\":{\"@type\":\"EntryPoint\",\"urlTemplate\":\"https:\/\/swissbaker.ch\/fr\/?s={search_term_string}\"},\"query-input\":{\"@type\":\"PropertyValueSpecification\",\"valueRequired\":true,\"valueName\":\"search_term_string\"}}],\"inLanguage\":\"fr-FR\"},{\"@type\":\"Organization\",\"@id\":\"https:\/\/swissbaker.ch\/fr\/#organization\",\"name\":\"Schweizerischer B\u00e4cker-Confiseurmeister-Verband\",\"url\":\"https:\/\/swissbaker.ch\/fr\/\",\"logo\":{\"@type\":\"ImageObject\",\"inLanguage\":\"fr-FR\",\"@id\":\"https:\/\/swissbaker.ch\/fr\/#\/schema\/logo\/image\/\",\"url\":\"https:\/\/swissbaker.ch\/wp-content\/uploads\/2022\/04\/sbc-logo-yoast.jpg\",\"contentUrl\":\"https:\/\/swissbaker.ch\/wp-content\/uploads\/2022\/04\/sbc-logo-yoast.jpg\",\"width\":512,\"height\":512,\"caption\":\"Schweizerischer B\u00e4cker-Confiseurmeister-Verband\"},\"image\":{\"@id\":\"https:\/\/swissbaker.ch\/fr\/#\/schema\/logo\/image\/\"},\"sameAs\":[\"https:\/\/www.facebook.com\/swissbaker.ch\",\"https:\/\/x.com\/ch_swissbaker\"]},{\"@type\":\"Person\",\"@id\":\"https:\/\/swissbaker.ch\/fr\/#\/schema\/person\/74bd327b08c18ca6042c02ff6f0ed5e2\",\"name\":\"Simon Nussbaum\",\"image\":{\"@type\":\"ImageObject\",\"inLanguage\":\"fr-FR\",\"@id\":\"https:\/\/swissbaker.ch\/fr\/#\/schema\/person\/image\/\",\"url\":\"https:\/\/secure.gravatar.com\/avatar\/df0eced3bb556c806cb760cf503ade1ed1df25b4104d80d6fd28d93a9509aa12?s=96&d=mm&r=g\",\"contentUrl\":\"https:\/\/secure.gravatar.com\/avatar\/df0eced3bb556c806cb760cf503ade1ed1df25b4104d80d6fd28d93a9509aa12?s=96&d=mm&r=g\",\"caption\":\"Simon Nussbaum\"},\"url\":\"https:\/\/swissbaker.ch\/fr\/panissimo-news\/author\/simon-nussbaum\/\"}]}<\/script>\n<!-- \/ Yoast SEO Premium plugin. -->","yoast_head_json":{"title":"Plus que du shopping | SBC","robots":{"index":"index","follow":"follow","max-snippet":"max-snippet:-1","max-image-preview":"max-image-preview:large","max-video-preview":"max-video-preview:-1"},"canonical":"https:\/\/swissbaker.ch\/fr\/panissimo-news\/plus-que-du-shopping\/","og_locale":"fr_FR","og_type":"article","og_title":"Plus que du shopping","og_description":"Qu\u2019est-ce qui fait vraiment la r\u00e9ussite d\u2019une exp\u00e9rience de vente\u2009? Monika B\u00f6sch, conseill\u00e8re en commerce de d\u00e9tail \u00e0 l\u2019Ecole professionnelle Richemont de Lucerne, donne un aper\u00e7u pr\u00e9cieux de l\u2019art de l\u2019accueil et montre comment les comp\u00e9tences de vente font toute la diff\u00e9rence.","og_url":"https:\/\/swissbaker.ch\/fr\/panissimo-news\/plus-que-du-shopping\/","og_site_name":"SBC","article_publisher":"https:\/\/www.facebook.com\/swissbaker.ch","article_published_time":"2025-03-10T14:15:51+00:00","article_modified_time":"2025-03-10T14:32:28+00:00","og_image":[{"width":1200,"height":712,"url":"https:\/\/swissbaker.ch\/wp-content\/uploads\/2025\/03\/5_1_verkauf_moni_boesch.jpg","type":"image\/jpeg"}],"author":"Simon Nussbaum","twitter_card":"summary_large_image","twitter_creator":"@ch_swissbaker","twitter_site":"@ch_swissbaker","twitter_misc":{"Written by":"Simon Nussbaum","Est. reading time":"4 minutes"},"schema":{"@context":"https:\/\/schema.org","@graph":[{"@type":"Article","@id":"https:\/\/swissbaker.ch\/fr\/panissimo-news\/plus-que-du-shopping\/#article","isPartOf":{"@id":"https:\/\/swissbaker.ch\/fr\/panissimo-news\/plus-que-du-shopping\/"},"author":{"name":"Simon Nussbaum","@id":"https:\/\/swissbaker.ch\/fr\/#\/schema\/person\/74bd327b08c18ca6042c02ff6f0ed5e2"},"headline":"Plus que du shopping","datePublished":"2025-03-10T14:15:51+00:00","dateModified":"2025-03-10T14:32:28+00:00","mainEntityOfPage":{"@id":"https:\/\/swissbaker.ch\/fr\/panissimo-news\/plus-que-du-shopping\/"},"wordCount":730,"publisher":{"@id":"https:\/\/swissbaker.ch\/fr\/#organization"},"image":{"@id":"https:\/\/swissbaker.ch\/fr\/panissimo-news\/plus-que-du-shopping\/#primaryimage"},"thumbnailUrl":"https:\/\/swissbaker.ch\/wp-content\/uploads\/2025\/03\/5_1_verkauf_moni_boesch.jpg","articleSection":["Conseils","Vente\/Marketing"],"inLanguage":"fr-FR"},{"@type":"WebPage","@id":"https:\/\/swissbaker.ch\/fr\/panissimo-news\/plus-que-du-shopping\/","url":"https:\/\/swissbaker.ch\/fr\/panissimo-news\/plus-que-du-shopping\/","name":"Plus que du shopping | SBC","isPartOf":{"@id":"https:\/\/swissbaker.ch\/fr\/#website"},"primaryImageOfPage":{"@id":"https:\/\/swissbaker.ch\/fr\/panissimo-news\/plus-que-du-shopping\/#primaryimage"},"image":{"@id":"https:\/\/swissbaker.ch\/fr\/panissimo-news\/plus-que-du-shopping\/#primaryimage"},"thumbnailUrl":"https:\/\/swissbaker.ch\/wp-content\/uploads\/2025\/03\/5_1_verkauf_moni_boesch.jpg","datePublished":"2025-03-10T14:15:51+00:00","dateModified":"2025-03-10T14:32:28+00:00","breadcrumb":{"@id":"https:\/\/swissbaker.ch\/fr\/panissimo-news\/plus-que-du-shopping\/#breadcrumb"},"inLanguage":"fr-FR","potentialAction":[{"@type":"ReadAction","target":["https:\/\/swissbaker.ch\/fr\/panissimo-news\/plus-que-du-shopping\/"]}]},{"@type":"ImageObject","inLanguage":"fr-FR","@id":"https:\/\/swissbaker.ch\/fr\/panissimo-news\/plus-que-du-shopping\/#primaryimage","url":"https:\/\/swissbaker.ch\/wp-content\/uploads\/2025\/03\/5_1_verkauf_moni_boesch.jpg","contentUrl":"https:\/\/swissbaker.ch\/wp-content\/uploads\/2025\/03\/5_1_verkauf_moni_boesch.jpg","width":1200,"height":712},{"@type":"BreadcrumbList","@id":"https:\/\/swissbaker.ch\/fr\/panissimo-news\/plus-que-du-shopping\/#breadcrumb","itemListElement":[{"@type":"ListItem","position":1,"name":"","item":"https:\/\/swissbaker.ch\/fr\/"},{"@type":"ListItem","position":2,"name":"Vente\/Marketing","item":"https:\/\/swissbaker.ch\/fr\/panissimo-news\/category\/vente-marketing\/"},{"@type":"ListItem","position":3,"name":"Plus que du shopping"}]},{"@type":"WebSite","@id":"https:\/\/swissbaker.ch\/fr\/#website","url":"https:\/\/swissbaker.ch\/fr\/","name":"SBC","description":"","publisher":{"@id":"https:\/\/swissbaker.ch\/fr\/#organization"},"potentialAction":[{"@type":"SearchAction","target":{"@type":"EntryPoint","urlTemplate":"https:\/\/swissbaker.ch\/fr\/?s={search_term_string}"},"query-input":{"@type":"PropertyValueSpecification","valueRequired":true,"valueName":"search_term_string"}}],"inLanguage":"fr-FR"},{"@type":"Organization","@id":"https:\/\/swissbaker.ch\/fr\/#organization","name":"Schweizerischer B\u00e4cker-Confiseurmeister-Verband","url":"https:\/\/swissbaker.ch\/fr\/","logo":{"@type":"ImageObject","inLanguage":"fr-FR","@id":"https:\/\/swissbaker.ch\/fr\/#\/schema\/logo\/image\/","url":"https:\/\/swissbaker.ch\/wp-content\/uploads\/2022\/04\/sbc-logo-yoast.jpg","contentUrl":"https:\/\/swissbaker.ch\/wp-content\/uploads\/2022\/04\/sbc-logo-yoast.jpg","width":512,"height":512,"caption":"Schweizerischer B\u00e4cker-Confiseurmeister-Verband"},"image":{"@id":"https:\/\/swissbaker.ch\/fr\/#\/schema\/logo\/image\/"},"sameAs":["https:\/\/www.facebook.com\/swissbaker.ch","https:\/\/x.com\/ch_swissbaker"]},{"@type":"Person","@id":"https:\/\/swissbaker.ch\/fr\/#\/schema\/person\/74bd327b08c18ca6042c02ff6f0ed5e2","name":"Simon Nussbaum","image":{"@type":"ImageObject","inLanguage":"fr-FR","@id":"https:\/\/swissbaker.ch\/fr\/#\/schema\/person\/image\/","url":"https:\/\/secure.gravatar.com\/avatar\/df0eced3bb556c806cb760cf503ade1ed1df25b4104d80d6fd28d93a9509aa12?s=96&d=mm&r=g","contentUrl":"https:\/\/secure.gravatar.com\/avatar\/df0eced3bb556c806cb760cf503ade1ed1df25b4104d80d6fd28d93a9509aa12?s=96&d=mm&r=g","caption":"Simon Nussbaum"},"url":"https:\/\/swissbaker.ch\/fr\/panissimo-news\/author\/simon-nussbaum\/"}]}},"_links":{"self":[{"href":"https:\/\/swissbaker.ch\/fr\/wp-json\/wp\/v2\/posts\/117695","targetHints":{"allow":["GET"]}}],"collection":[{"href":"https:\/\/swissbaker.ch\/fr\/wp-json\/wp\/v2\/posts"}],"about":[{"href":"https:\/\/swissbaker.ch\/fr\/wp-json\/wp\/v2\/types\/post"}],"author":[{"embeddable":true,"href":"https:\/\/swissbaker.ch\/fr\/wp-json\/wp\/v2\/users\/5"}],"replies":[{"embeddable":true,"href":"https:\/\/swissbaker.ch\/fr\/wp-json\/wp\/v2\/comments?post=117695"}],"version-history":[{"count":0,"href":"https:\/\/swissbaker.ch\/fr\/wp-json\/wp\/v2\/posts\/117695\/revisions"}],"wp:featuredmedia":[{"embeddable":true,"href":"https:\/\/swissbaker.ch\/fr\/wp-json\/wp\/v2\/media\/117688"}],"wp:attachment":[{"href":"https:\/\/swissbaker.ch\/fr\/wp-json\/wp\/v2\/media?parent=117695"}],"wp:term":[{"taxonomy":"category","embeddable":true,"href":"https:\/\/swissbaker.ch\/fr\/wp-json\/wp\/v2\/categories?post=117695"},{"taxonomy":"post_tag","embeddable":true,"href":"https:\/\/swissbaker.ch\/fr\/wp-json\/wp\/v2\/tags?post=117695"}],"curies":[{"name":"wp","href":"https:\/\/api.w.org\/{rel}","templated":true}]}}