{"id":116977,"date":"2025-02-20T14:04:02","date_gmt":"2025-02-20T13:04:02","guid":{"rendered":"https:\/\/swissbaker.ch\/?p=116977"},"modified":"2025-02-21T07:51:20","modified_gmt":"2025-02-21T06:51:20","slug":"la-voie-de-la-reussite","status":"publish","type":"post","link":"https:\/\/swissbaker.ch\/fr\/panissimo-news\/la-voie-de-la-reussite\/","title":{"rendered":"La voie de la r\u00e9ussite"},"content":{"rendered":"\n<p><strong>Au d\u00e9but de l&#8217;ann\u00e9e, l&#8217;histoire de l&#8217;entreprise traditionnelle lucernoise Bachmann est parue sous forme de livre: \u00abDie Bachmanns \u2013 eine Familie von Gr\u00fcndern\u00bb (\u00abLes Bachmann \u2013 une famille de fondateurs\u00bb). <\/strong>&nbsp;<strong>L&#8217;auteur Bernhard Ruetz revient de mani\u00e8re divertissante sur 130&nbsp;ann\u00e9es impressionnantes. Ce voyage dans le temps, illustr\u00e9 de nombreuses photos, offre \u00e9galement un aper\u00e7u passionnant de l&#8217;histoire de notre secteur.<\/strong><\/p>\n\n\n\n<p><a id=\"_msocom_1\"><\/a>\u00abPanissimo\u00bb a rencontr\u00e9 Raymond Bachmann, \u00e2g\u00e9 de 88 ans, \u00e0 Lucerne pour une interview. Au d\u00e9but des ann\u00e9es 1970, il a repris l&#8217;entreprise de son p\u00e8re Hans en troisi\u00e8me g\u00e9n\u00e9ration. Ce fut le coup d&#8217;envoi d&#8217;une incroyable success story: d&#8217;une boulangerie de quartier de Lucerne \u00e0 une entreprise leader dans le secteur de la boulangerie-confiserie dans toute la Suisse.<\/p>\n\n\n\n<p>En collaboration avec Bernhard Ruetz, historien et biographe d&#8217;entreprise renomm\u00e9, Raymond Bachmann a effectu\u00e9 des recherches pendant deux ans, fouill\u00e9 des caisses de photos et visit\u00e9 des biblioth\u00e8ques et des archives. Avant de commencer l&#8217;entretien dans l&#8217;une des salles de r\u00e9union du si\u00e8ge social de Bachmann \u00e0 Lucerne, le pionnier \u00e0 succ\u00e8s du secteur nous fait visiter les locaux de la gare de Lucerne et une partie de la production Bachmann. Bien qu&#8217;il ne soit plus membre du conseil d&#8217;administration depuis peu, il est au courant de tout ce qui se passe dans l&#8217;entreprise. <\/p>\n\n\n\n<p>Et sa fiert\u00e9 envers ses deux fils, Matthias et Raphael, ainsi que sa belle-fille Juliane, premi\u00e8re femme \u00e0 avoir \u00e9t\u00e9 sacr\u00e9e championne du monde de p\u00e2tisserie en 1999, transpara\u00eet r\u00e9guli\u00e8rement. <\/p>\n\n\n\n<p>Raymond Bachmann applique \u00e9galement la culture du tutoiement au sein de l\u2019entreprise. Les r\u00e9actions de certains collaborateurs sont pourtant h\u00e9sitantes, le recours \u00e0 un \u00abvous\u00bb poli ou \u00e0 un simple \u00abbonjour\u00bb n\u2019\u00e9tant pas inhabituel. \u00abJe leur dis \u00e0 chaque fois: le Seigneur est au ciel; tutoie-moi!\u00bb, dit le Lucernois en riant, montrant une fois de plus son approche charmante et pragmatique des gens.<\/p>\n\n\n\n<p><strong>Le livre contient de nombreuses photos et informations de fond sur Bachmann, mais aussi sur le secteur. Comment les recherches se sont-elles d\u00e9roul\u00e9es?<\/strong><br><strong>Raymond Bachmann:<\/strong> Je n&#8217;ai jamais rien \u00e9crit. Mais j&#8217;ai toujours archiv\u00e9 des articles de presse et de nombreux autres documents sur Bachmann. Ces informations ont \u00e9t\u00e9 utiles pour nos recherches. Il nous a fallu deux ans pour tout rassembler.<\/p>\n\n\n\n<hr class=\"wp-block-separator has-alpha-channel-opacity\"\/>\n\n\n\n<p><mark style=\"background-color:#ffffff;color:#c29a4b\" class=\"has-inline-color\"><strong>Extrait du livre<br>\u00abA la demande de la m\u00e8re, le jeune vicaire Raymund Erni baptise le deuxi\u00e8me enfant de Hans et Lina Bachmann \u00e0 la Hofkirche de Lucerne. L&#8217;eccl\u00e9siastique propose que le baptis\u00e9 porte son nom, un souhait auquel les parents acc\u00e8dent volontiers.\u00bb <\/strong><\/mark><\/p>\n\n\n\n<hr class=\"wp-block-separator has-alpha-channel-opacity\"\/>\n\n\n\n<p><strong>Ton nom \u00e9tait \u00e0 l&#8217;origine Raimund Anton Bruno Joseph Bachmann. Un graphiste t&#8217;a conseill\u00e9 de ne plus t&#8217;appeler que Raymond \u00e0 l&#8217;avenir. Pour quelle raison? <\/strong><br>Il \u00e9tait d\u2019avis que mon nom ne convenait pas pour des pralin\u00e9s. Il fallait que cela sonne plus fran\u00e7ais. La couleur de l&#8217;entreprise a \u00e9galement \u00e9t\u00e9 modifi\u00e9e. Du brun au rose.<\/p>\n\n\n<div class=\"wp-block-image\">\n<figure class=\"aligncenter size-large is-resized\"><img decoding=\"async\" width=\"860\" height=\"1024\" src=\"https:\/\/swissbaker.ch\/wp-content\/uploads\/2025\/02\/raymond-bachman-europatorte-1974-860x1024.jpg\" alt=\"\" class=\"wp-image-116991\" style=\"width:438px;height:auto\" srcset=\"https:\/\/swissbaker.ch\/wp-content\/uploads\/2025\/02\/raymond-bachman-europatorte-1974-860x1024.jpg 860w, https:\/\/swissbaker.ch\/wp-content\/uploads\/2025\/02\/raymond-bachman-europatorte-1974-768x915.jpg 768w, https:\/\/swissbaker.ch\/wp-content\/uploads\/2025\/02\/raymond-bachman-europatorte-1974-1289x1536.jpg 1289w, https:\/\/swissbaker.ch\/wp-content\/uploads\/2025\/02\/raymond-bachman-europatorte-1974.jpg 1417w\" sizes=\"(max-width: 860px) 100vw, 860px\" \/><figcaption class=\"wp-element-caption\"><em>Raymond Bachmann 1973<\/em><\/figcaption><\/figure>\n<\/div>\n\n\n<p><strong>Qu&#8217;est-ce qui t&#8217;a particuli\u00e8rement impressionn\u00e9 dans ton travail de recherche?<\/strong><br>J&#8217;ai beaucoup de respect pour la grande connaissance du secteur de l\u2019historien Bernhard Ruetz. Il a d\u00e9pass\u00e9 nos attentes. Il a eu un bon flair et n&#8217;a utilis\u00e9 que des informations enti\u00e8rement d\u00e9montrables.<\/p>\n\n\n\n<p><strong>Y a-t-il des contenus que tu n&#8217;as d\u00e9lib\u00e9r\u00e9ment pas publi\u00e9s? <\/strong><br>Le livre se concentre d\u00e9lib\u00e9r\u00e9ment sur nos r\u00e9alisations et nos innovations en tant qu&#8217;entreprise. Nous n&#8217;avons pris en compte les informations familiales que dans la mesure o\u00f9 elles \u00e9taient importantes pour le d\u00e9veloppement de l&#8217;entreprise.<\/p>\n\n\n\n<hr class=\"wp-block-separator has-alpha-channel-opacity\"\/>\n\n\n\n<p class=\"has-text-color has-link-color wp-elements-d4e967310d2b227279fc2485af5e50d5\" style=\"color:#cc9933\"><strong><mark style=\"background-color:rgba(0, 0, 0, 0);color:#c29a4b\" class=\"has-inline-color\">Extrait du livre <\/mark><\/strong><br><strong>Pour les boulangers, le degr\u00e9 \u00e9lev\u00e9 de mouture de la farine et la nouvelle interdiction de vente de pain frais ont \u00e9t\u00e9 particuli\u00e8rement d\u00e9cisifs. (\u2026) Le contr\u00f4leur des denr\u00e9es alimentaires passe r\u00e9guli\u00e8rement dans l&#8217;entreprise de Hans Bachmann. Il compte chaque petit pain et le compare \u00e0 la fiche de travail, puis p\u00e8se les pains pour d\u00e9terminer, en fonction de leur teneur en eau, s&#8217;ils sont frais et si le d\u00e9lai de vente de 48 heures apr\u00e8s cuisson a \u00e9t\u00e9 respect\u00e9. \u00abA l\u2019approche du contr\u00f4leur, nous retirions rapidement les pains frais de la vitrine et de l&#8217;\u00e9talage\u00bb, raconte Hanni Bachmann (la s\u0153ur de Raymond Bachmann).<\/strong><\/p>\n\n\n\n<hr class=\"wp-block-separator has-alpha-channel-opacity\"\/>\n\n\n\n<p><strong>Le livre d\u00e9crit \u00e9galement les ann\u00e9es de la Seconde Guerre mondiale. Une p\u00e9riode d\u00e9cisive pour toi\u2026<\/strong>Nous, les enfants Bachmann, allions \u00e0 v\u00e9lo avec notre p\u00e8re chez des parents dans une ferme \u00e0 Ettiswil (LU), \u00e0 35 kilom\u00e8tres de chez nous, chercher des \u0153ufs pour la cuisson. Mon p\u00e8re contournait ainsi la politique rigoureuse de contingentement des autorit\u00e9s. Mais nous devions faire attention \u00e0 ne pas nous faire prendre. Notre p\u00e8re pla\u00e7ait donc toujours quelques pruneaux sur les \u0153ufs. Mais j&#8217;ai aussi fait quelques blagues \u00e0 l\u2019\u00e9poque.<\/p>\n\n\n\n<p><strong>Aurais-tu un exemple pour nos lecteurs?<\/strong><br>Pendant la guerre, il n&#8217;y avait pratiquement pas de voitures ni de bus. Nous pouvions jouer dans la rue sans \u00eatre g\u00ean\u00e9s. Souvent, les riverains \u00e9taient toutefois d\u00e9rang\u00e9s par le bruit des enfants. Quand les ballons volaient dans le jardin du voisin, il les emportait. Pour me venger, je tirais sur ses tulipes avec un fusil \u00e0 air comprim\u00e9.<\/p>\n\n\n\n<hr class=\"wp-block-separator has-alpha-channel-opacity\"\/>\n\n\n\n<p><mark style=\"background-color:#ffffff;color:#c29a4b\" class=\"has-inline-color\"><strong>Extrait du livre<br>Au fur et \u00e0 mesure que la guerre avance, les boulangers sont soumis \u00e0 de nouvelles prescriptions de l&#8217;Etat. Pour stabiliser les recettes f\u00e9d\u00e9rales, l&#8217;imp\u00f4t sur la consommation des marchandises payantes, appel\u00e9 imp\u00f4t sur le chiffre d&#8217;affaires (ICHA), est introduit en 1941. Il s&#8217;\u00e9l\u00e8ve \u00e0 2 centimes par franc. Hanni Bachmann n&#8217;est alors pas encore \u00e0 l&#8217;\u00e9cole primaire, mais elle sait bien calculer mentalement et aide d\u00e9j\u00e0 sa m\u00e8re \u00e0 fixer les prix des produits de boulangerie.<\/strong><\/mark><\/p>\n\n\n\n<hr class=\"wp-block-separator has-alpha-channel-opacity\"\/>\n\n\n\n<p><strong>Dans le livre, il est \u00e9crit que tu as d\u00fb passer un test d&#8217;aptitude. Pour quelle raison?<\/strong><br>Il y en a m\u00eame eu deux. M\u00eame si le m\u00e9tier de boulanger me plaisait et que j&#8217;aidais souvent \u00e0 la boulangerie, il n\u2019\u00e9tait nullement certain pour mes parents que je reprenne l&#8217;entreprise plus tard. A la fin de l&#8217;\u00e9cole primaire, mon p\u00e8re a fait \u00e9tablir par le \u00abPraktisch-Psychologischen Institut Z\u00fcrich\u00bb un certificat d&#8217;aptitude stipulant que j\u2019\u00e9tais un gar\u00e7on intelligent, \u00e9veill\u00e9 et plut\u00f4t plus dou\u00e9 que la moyenne, bien dispos\u00e9, bien \u00e9lev\u00e9 et civilis\u00e9, &nbsp;vraisemblablement vou\u00e9 \u00e0 \u00e9voluer dans le domaine des sciences naturelles et techniques. Mais quand j\u2019\u00e9tais petit, ma grande s\u0153ur me disait d\u00e9j\u00e0 que j\u2019\u00e9tais un boulanger en devenir! &nbsp;<\/p>\n\n\n\n<p><strong>Malgr\u00e9 tout, tu n&#8217;as pas pu reprendre imm\u00e9diatement l&#8217;entreprise de ton p\u00e8re, car il exigeait que tu te maries d&#8217;abord. Une chance en fin de compte\u2026<\/strong><br>\u2026 oui, oui&#8230; \u00e0 l&#8217;\u00e9poque, je n&#8217;aurais pas eu de femme \u00e0 \u00e9pouser (rires). Je ne me suis mari\u00e9 qu&#8217;\u00e0 34 ans.<\/p>\n\n\n\n<p><strong>Au lieu de la boulangerie de ton p\u00e8re, tu as repris une confiserie dans le v\u00e9n\u00e9rable h\u00f4tel Monopol \u2013 juste \u00e0 c\u00f4t\u00e9 de la gare de Lucerne\u2026<\/strong><br>\u2026 j&#8217;\u00e9tais convaincu que l&#8217;emplacement \u00e9tait excellent. J&#8217;ai repris l&#8217;affaire de Wendelin Baumann, qui \u00e9tait alors une sommit\u00e9 dans le domaine de la confiserie.<\/p>\n\n\n\n<p><strong>Il fallait beaucoup de courage pour faire ce pas \u00e0 25 ans\u2026 <\/strong><br> \u2026&nbsp; oui, c&#8217;est vrai. Deux ans apr\u00e8s la reprise, j&#8217;ai commenc\u00e9 \u00e0 manquer d&#8217;assurance. Des souris couraient dans la vitrine. L&#8217;entreprise Cailler m&#8217;avait propos\u00e9 d&#8217;y entrer en tant que chocolatier. \u00abDois-je changer de voie?\u00bb, me suis-je demand\u00e9. Mais l&#8217;artisanat me tenait \u00e0 c\u0153ur. Puis la maladie de mon p\u00e8re est arriv\u00e9e, j&#8217;ai d\u00fb prendre une d\u00e9cision \u00e0 court terme et j&#8217;ai repris la boulangerie Bachmann. &nbsp;<\/p>\n\n\n\n<hr class=\"wp-block-separator has-alpha-channel-opacity\"\/>\n\n\n\n<p class=\"has-text-color has-link-color wp-elements-7efdb6f72ce86caafd747dbbf2444118\" style=\"color:#cc9933\"><mark style=\"color: rgb(194, 154, 75);\" class=\"has-inline-color\"><strong style=\"\"><span style=\"background-color: rgb(255, 255, 255);\">Extrait du livre<br><\/span><\/strong><\/mark><strong>Les ann\u00e9es 1970 resteront dans l&#8217;histoire comme une d\u00e9cennie de crise \u00e9conomique. La Suisse est particuli\u00e8rement touch\u00e9e par la r\u00e9cession cons\u00e9cutive \u00e0 la crise p\u00e9troli\u00e8re, et c&#8217;est surtout le secteur de la construction, tr\u00e8s gourmand en personnel, qui conna\u00eet des difficult\u00e9s. (\u2026) Dans le secteur de la boulangerie, le prix fix\u00e9 pour un kilogramme de pain bis triple entre 1960 et 1980. Mais dans le m\u00eame temps, le nombre total de boulangeries en Suisse diminue massivement, passant d&#8217;un peu plus de 6000 \u00e0 4000. Dans la ville de Lucerne, le recul est encore plus drastique. Le nombre de boulangeries-p\u00e2tisseries diminue de moiti\u00e9, passant \u00e0 30, et celui des p\u00e2tisseries-confiseries chute m\u00eame de plus de deux tiers, passant \u00e0 sept \u00e9tablissements. Pendant ce temps, les grands distributeurs continuent \u00e0 s\u2019am\u00e9liorer: ils attirent les clients avec des prix plus bas pour le pain et \u00e9largissent leur assortiment avec des produits de boulangerie sucr\u00e9s, des p\u00e2tisseries et des chocolats de marque. <\/strong><\/p>\n\n\n\n<hr class=\"wp-block-separator has-alpha-channel-opacity\"\/>\n\n\n\n<figure class=\"wp-block-image size-large is-resized\"><img decoding=\"async\" width=\"1024\" height=\"683\" src=\"https:\/\/swissbaker.ch\/wp-content\/uploads\/2025\/02\/bachmann-88-1024x683.jpg\" alt=\"\" class=\"wp-image-116788\" style=\"width:840px;height:auto\" srcset=\"https:\/\/swissbaker.ch\/wp-content\/uploads\/2025\/02\/bachmann-88-1024x683.jpg 1024w, https:\/\/swissbaker.ch\/wp-content\/uploads\/2025\/02\/bachmann-88-768x512.jpg 768w, https:\/\/swissbaker.ch\/wp-content\/uploads\/2025\/02\/bachmann-88-1536x1024.jpg 1536w, https:\/\/swissbaker.ch\/wp-content\/uploads\/2025\/02\/bachmann-88-2048x1365.jpg 2048w\" sizes=\"(max-width: 1024px) 100vw, 1024px\" \/><figcaption class=\"wp-element-caption\"><em>Plein d&#8217;\u00e9nergie : Raymond Bachmann (au centre) avec ses fils Matthias (\u00e0 gauche) et Raphael.<\/em><\/figcaption><\/figure>\n\n\n\n<p><strong>Dans les ann\u00e9es 1970, la Suisse a connu une grande crise \u00e9conomique. La situation n&#8217;\u00e9tait pas rose, dans notre branche \u00e9galement. Comment as-tu surmont\u00e9 cette p\u00e9riode?<\/strong><br>Nous avions la chance d&#8217;\u00eatre propri\u00e9taires de l&#8217;immeuble. Je ne payais pas de loyer \u00e0 l&#8217;\u00e9poque et nous avions un excellent r\u00e9seau.<\/p>\n\n\n\n<p><strong>Tu as investi durant les ann\u00e9es de crise. Bachmann a ouvert sa premi\u00e8re filiale dans un centre commercial en&nbsp;1975\u2026<\/strong><br>C&#8217;est aussi ce qu&#8217;a \u00e9crit Bernhard Ruetz, nous avons rarement r\u00e9agi comme la plupart des autres. J&#8217;ai toujours trouv\u00e9 une solution. Nous avons \u00e9t\u00e9 les premiers \u00e0 ouvrir une filiale dans un centre commercial.<\/p>\n\n\n\n<p><strong>Il y a eu une part de chance, mais aussi et surtout du courage et un excellent sens des affaires, n&#8217;est-ce pas?<\/strong><br>(rires). J&#8217;ai men\u00e9 des actions sp\u00e9ciales. Je savais quand avaient lieu les r\u00e9unions de r\u00e9daction dans les m\u00e9dias de notre r\u00e9gion. Si un sujet \u00e9tait d&#8217;actualit\u00e9, j&#8217;envoyais une p\u00e2tisserie ou d&#8217;autres produits du magasin en lien avec le sujet. Une page enti\u00e8re m&#8217;est consacr\u00e9e dans le livre du Luzerner Tagblatt&nbsp;\u2026<\/p>\n\n\n\n<p>L&#8217;un de mes petits-enfants souhaite faire un apprentissage dans notre secteur. Il est tr\u00e8s emball\u00e9 par le livre et l&#8217;a m\u00eame lu deux fois. Il a \u00e9t\u00e9 impressionn\u00e9 par tout ce que j&#8217;ai v\u00e9cu et accompli.<br><a id=\"_msocom_1\"><\/a><\/p>\n\n\n\n<hr class=\"wp-block-separator has-alpha-channel-opacity\"\/>\n\n\n\n<p><mark style=\"background-color: rgba(0, 0, 0, 0);\" class=\"has-inline-color\"><font color=\"#c29a4b\"><b>Extrait du livre<br><\/b><\/font><\/mark><strong><mark style=\"background-color:rgba(0, 0, 0, 0);color:#c29a4b\" class=\"has-inline-color\">Raymond Bachmann est un ma\u00eetre de la mise en sc\u00e8ne de soi. Tr\u00e8s t\u00f4t, il applique le slogan marketing: \u00abFais-le bien et fais-le savoir.\u00bb Il sait qu&#8217;une pr\u00e9sence m\u00e9diatique permanente favorise son entreprise et lui permet d&#8217;attirer une nouvelle client\u00e8le. Sa nature spontan\u00e9e, ouverte et cr\u00e9ative lui est tr\u00e8s utile. Ses id\u00e9es de sp\u00e9cialit\u00e9s, de g\u00e2teaux et d&#8217;actions sont apparemment in\u00e9puisables. Lors d&#8217;\u00e9v\u00e9nements publics, Raymond Bachmann pose souvent en tant que confiseur \u00e0 l&#8217;air joyeux, en tenue de travail, avec un gros g\u00e2teau. L&#8217;inauguration de la place de l&#8217;Europe pr\u00e8s de l&#8217;actuel Centre de culture et de congr\u00e8s KKL en 1983 n\u2019est qu\u2019un exemple de ses apparitions m\u00e9diatiques. A l\u2019occasion de la c\u00e9r\u00e9monie en pr\u00e9sence de personnalit\u00e9s politiques lucernoises, Raymond Bachmann offre aux organisateurs un g\u00e2teau europ\u00e9en de 45 kilogrammes.<\/mark><\/strong><\/p>\n\n\n\n<hr class=\"wp-block-separator has-alpha-channel-opacity\"\/>\n\n\n\n<p><strong>De quoi es-tu particuli\u00e8rement fier?<\/strong><br>Je suis tr\u00e8s fier de ce que mes fils ont accompli et d\u00e9velopp\u00e9 avec ma belle-fille Juliane! Matthias et Raphael ont voyag\u00e9 dans de nombreux pays et acquis une pr\u00e9cieuse exp\u00e9rience professionnelle en tant que boulangers et confiseurs. Il y a vingt ans, ils sont rentr\u00e9s au pays et ont repris l&#8217;entreprise.<\/p>\n\n\n\n<p><strong>En 2018, Bachmann a fait le pas de s&#8217;installer \u00e0 Zurich, \u00e0 la prestigieuse Bahnhofstrasse. Est-ce l\u2019apog\u00e9e ou allez-vous aller encore plus loin?<\/strong><br>Nous ne nous arr\u00eaterons pas l\u00e0. Un grand projet est la construction d&#8217;un nouveau site de production.<\/p>\n\n\n\n<p><strong>As-tu encore un souhait \u00e0 l\u2019attention du secteur ou de l&#8217;association?<\/strong><br>Il faudrait absolument rajeunir la direction de l\u2019association. Mais je suis conscient que ce n&#8217;est pas facile. Les jeunes membres ont besoin de leur \u00e9nergie pour d\u00e9velopper leur entreprise.<\/p>\n\n\n\n<p class=\"has-text-align-right\"><em>Interview: Claudia Vernocchi<\/em><\/p>\n\n\n\n<div style=\"height:27px\" aria-hidden=\"true\" class=\"wp-block-spacer\"><\/div>\n\n\n\n<hr class=\"wp-block-separator has-alpha-channel-opacity\"\/>\n\n\n\n<h6 class=\"wp-block-heading\" id=\"h-les-etapes-charnieres-de-la-famille-bachmann\"><strong><strong>Les \u00e9tapes charni\u00e8res de la famille Bachmann<\/strong><\/strong><\/h6>\n\n\n\n<p><strong>1897: <\/strong>Johann Bachmann et Anton Bachmann reprennent la boulangerie Stadtm\u00fchle de Josef H\u00fcgi \u00e0 Sursee (LU).<\/p>\n\n\n\n<p><strong>1900:<\/strong> Sursee compte 2597 habitants, 7 boulangeries, 2 p\u00e2tisseries;<br>les paysans paient en nature, souvent les boulangers produisent pour le compte des paysans.<\/p>\n\n\n\n<p><strong>1917: <\/strong>Premi\u00e8re Guerre mondiale: interdiction de la vente de pain frais<\/p>\n\n\n\n<p><strong>1920:<\/strong> Anton Bachmann reprend une nouvelle entreprise \u00e0 Sursee.<\/p>\n\n\n\n<p><strong>1931\/33:<\/strong> vente de la boulangerie de Sursee et refondation \u00e0 Sarnen (OW)<\/p>\n\n\n\n<p><strong>1934:<\/strong> reprise et refondation de la boulangerie Bachmann dans le quartier de Wesemlin \u00e0 Lucerne<\/p>\n\n\n\n<p><strong>1936:<\/strong> naissance de Raimund Anton Bruno Joseph Bachmann<br>Nombre d&#8217;employ\u00e9s dans la boulangerie Bachmann: 6 \u00e0 8<\/p>\n\n\n\n<p><strong>1938\/39:<\/strong> chiffre d&#8217;affaires 71000 francs, b\u00e9n\u00e9fice net 4500 francs<\/p>\n\n\n\n<p><strong>Juillet 1943 \u00e0 Lucerne:<\/strong> 52800 habitants, 54 boulangeries, 20 p\u00e2tisseries<\/p>\n\n\n\n<p><strong>Ann\u00e9es 1950:<\/strong> Raymond Bachmann fait son apprentissage de boulanger chez Aschinger \u00e0 Schaffhouse, son apprentissage de confiseur \u00e0 la confiserie Rohr \u00e0 Gen\u00e8ve<\/p>\n\n\n\n<p>Autres postes de travail: confiserie Bachmann \u00e0 B\u00e2le, confiserie Honold \u00e0 Zurich<\/p>\n\n\n\n<p><strong>1962:<\/strong> fondation de la confiserie Raymond Bachmann \u00e0 l&#8217;h\u00f4tel Monopol pr\u00e8s de la gare de Lucerne<\/p>\n\n\n\n<p><strong>1963:<\/strong> premi\u00e8re filiale de la confiserie Bachmann \u00e0 l&#8217;h\u00f4tel Sankt Gotthard-Terminus \u00e0 Lucerne<\/p>\n\n\n\n<p><strong>1964:<\/strong> reprise de la boulangerie-p\u00e2tisserie Bachmann \u00e0 Wesemlin \u00e0 Lucerne et int\u00e9gration dans l&#8217;entreprise de confiserie de Raymond Bachmann<\/p>\n\n\n\n<p><strong>1968:<\/strong> ouverture du premier magasin sp\u00e9cialis\u00e9 dans la vieille ville de Lucerne<\/p>\n\n\n\n<p><strong>1969<\/strong>: mariage avec Margrit Bieri<\/p>\n\n\n\n<p><strong>1972:<\/strong> ouverture de la confiserie \u00abBonbonni\u00e8re\u00bb \u00e0 la gare de Lucerne<\/p>\n\n\n\n<p><strong>1976:<\/strong> ouverture d&#8217;un magasin sp\u00e9cialis\u00e9 avec caf\u00e9 dans le centre commercial d&#8217;Emmen (LU)<\/p>\n\n\n\n<p><strong>1997: <\/strong>Bachmann se lance dans le commerce \u00e9lectronique avec une boutique en ligne<\/p>\n\n\n\n<p><strong>2013:<\/strong> ouverture du premier magasin sp\u00e9cialis\u00e9 \u00e0 Zurich, dans le centre commercial Sihlcity<\/p>\n\n\n\n<p><strong>2018:<\/strong> ouverture d&#8217;un magasin sp\u00e9cialis\u00e9 avec caf\u00e9 \u00e0 la Bahnhofstrasse de Zurich<\/p>\n\n\n\n<div style=\"height:33px\" aria-hidden=\"true\" class=\"wp-block-spacer\"><\/div>\n\n\n\n<hr class=\"wp-block-separator has-alpha-channel-opacity\"\/>\n\n\n\n<div class=\"wp-block-columns\">\n<div class=\"wp-block-column\" style=\"flex-basis:33.33%\">\n<figure class=\"wp-block-image size-full is-resized\"><img decoding=\"async\" width=\"750\" height=\"648\" src=\"https:\/\/swissbaker.ch\/wp-content\/uploads\/2025\/02\/cover-die-bachmanns.png\" alt=\"\" class=\"wp-image-116779\" style=\"width:327px;height:auto\"\/><\/figure>\n<\/div>\n\n\n\n<div class=\"wp-block-column\" style=\"flex-basis:66.66%\">\n<h6 class=\"wp-block-heading\" id=\"h-commander-le-livre\">Commander le livre<\/h6>\n\n\n\n<p>Pour en savoir plus sur l&#8217;entreprise traditionnelle Bachmann, par exemple sur la voiture Kalmar, la bonbonni\u00e8re de la gare de Lucerne, les fameux anges gardiens, l&#8217;inscription au Livre Guinness des records ou le m\u00e9diateur de la boulangerie-confiserie, le mieux est de lire le livre, qui peut \u00eatre command\u00e9\u2026<\/p>\n\n\n\n<p><strong>Bernhard Ruetz: <em>Die Bachmanns \u2013 eine Familie von Gr\u00fcndern<\/em><\/strong><br>Verlag Ars Biographica, 156 pages, Hardcover, ISBN 978-3-9525289-8-3<\/p>\n\n\n\n<p><strong>Commande:<\/strong> aupr\u00e8s de la <strong>Confiserie Bachmann<\/strong>: <a href=\"http:\/\/www.confiserie.ch\/buch\">www.confiserie.ch\/buch<\/a> ou soit aupr\u00e8s des \u00e9ditions Ars Biographica, <a href=\"https:\/\/www.arsbiographica.ch\/buecher\/\">www.arsbiographica.ch<\/a><\/p>\n<\/div>\n<\/div>\n\n\n\n<div style=\"height:30px\" aria-hidden=\"true\" class=\"wp-block-spacer\"><\/div>\n","protected":false},"excerpt":{"rendered":"<p>Au d\u00e9but de l&#8217;ann\u00e9e, l&#8217;histoire de l&#8217;entreprise traditionnelle lucernoise Bachmann est parue sous forme de livre: \u00abDie Bachmanns \u2013 eine Familie von Gr\u00fcndern\u00bb (\u00abLes Bachmann \u2013 une famille de fondateurs\u00bb). \u00a0L&#8217;auteur Bernhard Ruetz revient de mani\u00e8re divertissante sur 130\u00a0ann\u00e9es impressionnantes. Ce voyage dans le temps, illustr\u00e9 de nombreuses photos, offre \u00e9galement un aper\u00e7u passionnant de l&#8217;histoire de notre secteur.<\/p>\n","protected":false},"author":15,"featured_media":117029,"comment_status":"closed","ping_status":"closed","sticky":true,"template":"","format":"standard","meta":{"_acf_changed":false,"footnotes":""},"categories":[42,39],"tags":[],"class_list":["post-116977","post","type-post","status-publish","format-standard","has-post-thumbnail","hentry","category-boulangeries-confiseries","category-de-la-branche"],"acf":[],"yoast_head":"<!-- This site is optimized with the Yoast SEO Premium plugin v26.8 (Yoast SEO v26.8) - https:\/\/yoast.com\/product\/yoast-seo-premium-wordpress\/ -->\n<title>La voie de la r\u00e9ussite | SBC<\/title>\n<meta name=\"description\" content=\"Au d\u00e9but de l&#039;ann\u00e9e, l&#039;histoire de l&#039;entreprise traditionnelle Bachmann est parue. Ce livre offre un aper\u00e7u de l&#039;histoire de notre secteur.\" \/>\n<meta name=\"robots\" content=\"index, follow, max-snippet:-1, max-image-preview:large, max-video-preview:-1\" \/>\n<link rel=\"canonical\" href=\"https:\/\/swissbaker.ch\/fr\/panissimo-news\/la-voie-de-la-reussite\/\" \/>\n<meta property=\"og:locale\" content=\"fr_FR\" \/>\n<meta property=\"og:type\" content=\"article\" \/>\n<meta property=\"og:title\" content=\"La voie de la r\u00e9ussite\" \/>\n<meta property=\"og:description\" content=\"Au d\u00e9but de l&#039;ann\u00e9e, l&#039;histoire de l&#039;entreprise traditionnelle Bachmann est parue. Ce livre offre un aper\u00e7u de l&#039;histoire de notre secteur.\" \/>\n<meta property=\"og:url\" content=\"https:\/\/swissbaker.ch\/fr\/panissimo-news\/la-voie-de-la-reussite\/\" \/>\n<meta property=\"og:site_name\" content=\"SBC\" \/>\n<meta property=\"article:publisher\" content=\"https:\/\/www.facebook.com\/swissbaker.ch\" \/>\n<meta property=\"article:published_time\" content=\"2025-02-20T13:04:02+00:00\" \/>\n<meta property=\"article:modified_time\" content=\"2025-02-21T06:51:20+00:00\" \/>\n<meta property=\"og:image\" content=\"https:\/\/swissbaker.ch\/wp-content\/uploads\/2025\/02\/4_1_raymond_bachmann-1.jpg\" \/>\n\t<meta property=\"og:image:width\" content=\"1200\" \/>\n\t<meta property=\"og:image:height\" content=\"712\" \/>\n\t<meta property=\"og:image:type\" content=\"image\/jpeg\" \/>\n<meta name=\"author\" content=\"Diego Schwerzmann\" \/>\n<meta name=\"twitter:card\" content=\"summary_large_image\" \/>\n<meta name=\"twitter:creator\" content=\"@ch_swissbaker\" \/>\n<meta name=\"twitter:site\" content=\"@ch_swissbaker\" \/>\n<meta name=\"twitter:label1\" content=\"Written by\" \/>\n\t<meta name=\"twitter:data1\" content=\"Diego Schwerzmann\" \/>\n\t<meta name=\"twitter:label2\" content=\"Est. reading time\" \/>\n\t<meta name=\"twitter:data2\" content=\"12 minutes\" \/>\n<script type=\"application\/ld+json\" class=\"yoast-schema-graph\">{\"@context\":\"https:\/\/schema.org\",\"@graph\":[{\"@type\":\"Article\",\"@id\":\"https:\/\/swissbaker.ch\/fr\/panissimo-news\/la-voie-de-la-reussite\/#article\",\"isPartOf\":{\"@id\":\"https:\/\/swissbaker.ch\/fr\/panissimo-news\/la-voie-de-la-reussite\/\"},\"author\":{\"name\":\"Diego Schwerzmann\",\"@id\":\"https:\/\/swissbaker.ch\/fr\/#\/schema\/person\/cae241ac3dea35c6ff575148bc79c6fc\"},\"headline\":\"La voie de la r\u00e9ussite\",\"datePublished\":\"2025-02-20T13:04:02+00:00\",\"dateModified\":\"2025-02-21T06:51:20+00:00\",\"mainEntityOfPage\":{\"@id\":\"https:\/\/swissbaker.ch\/fr\/panissimo-news\/la-voie-de-la-reussite\/\"},\"wordCount\":2444,\"publisher\":{\"@id\":\"https:\/\/swissbaker.ch\/fr\/#organization\"},\"image\":{\"@id\":\"https:\/\/swissbaker.ch\/fr\/panissimo-news\/la-voie-de-la-reussite\/#primaryimage\"},\"thumbnailUrl\":\"https:\/\/swissbaker.ch\/wp-content\/uploads\/2025\/02\/4_1_raymond_bachmann-1.jpg\",\"articleSection\":[\"Boulangeries\/Confiseries\",\"De la branche\"],\"inLanguage\":\"fr-FR\"},{\"@type\":\"WebPage\",\"@id\":\"https:\/\/swissbaker.ch\/fr\/panissimo-news\/la-voie-de-la-reussite\/\",\"url\":\"https:\/\/swissbaker.ch\/fr\/panissimo-news\/la-voie-de-la-reussite\/\",\"name\":\"La voie de la r\u00e9ussite | SBC\",\"isPartOf\":{\"@id\":\"https:\/\/swissbaker.ch\/fr\/#website\"},\"primaryImageOfPage\":{\"@id\":\"https:\/\/swissbaker.ch\/fr\/panissimo-news\/la-voie-de-la-reussite\/#primaryimage\"},\"image\":{\"@id\":\"https:\/\/swissbaker.ch\/fr\/panissimo-news\/la-voie-de-la-reussite\/#primaryimage\"},\"thumbnailUrl\":\"https:\/\/swissbaker.ch\/wp-content\/uploads\/2025\/02\/4_1_raymond_bachmann-1.jpg\",\"datePublished\":\"2025-02-20T13:04:02+00:00\",\"dateModified\":\"2025-02-21T06:51:20+00:00\",\"description\":\"Au d\u00e9but de l'ann\u00e9e, l'histoire de l'entreprise traditionnelle Bachmann est parue. Ce livre offre un aper\u00e7u de l'histoire de notre secteur.\",\"breadcrumb\":{\"@id\":\"https:\/\/swissbaker.ch\/fr\/panissimo-news\/la-voie-de-la-reussite\/#breadcrumb\"},\"inLanguage\":\"fr-FR\",\"potentialAction\":[{\"@type\":\"ReadAction\",\"target\":[\"https:\/\/swissbaker.ch\/fr\/panissimo-news\/la-voie-de-la-reussite\/\"]}]},{\"@type\":\"ImageObject\",\"inLanguage\":\"fr-FR\",\"@id\":\"https:\/\/swissbaker.ch\/fr\/panissimo-news\/la-voie-de-la-reussite\/#primaryimage\",\"url\":\"https:\/\/swissbaker.ch\/wp-content\/uploads\/2025\/02\/4_1_raymond_bachmann-1.jpg\",\"contentUrl\":\"https:\/\/swissbaker.ch\/wp-content\/uploads\/2025\/02\/4_1_raymond_bachmann-1.jpg\",\"width\":1200,\"height\":712},{\"@type\":\"BreadcrumbList\",\"@id\":\"https:\/\/swissbaker.ch\/fr\/panissimo-news\/la-voie-de-la-reussite\/#breadcrumb\",\"itemListElement\":[{\"@type\":\"ListItem\",\"position\":1,\"name\":\"\",\"item\":\"https:\/\/swissbaker.ch\/fr\/\"},{\"@type\":\"ListItem\",\"position\":2,\"name\":\"De la branche\",\"item\":\"https:\/\/swissbaker.ch\/fr\/panissimo-news\/category\/de-la-branche\/\"},{\"@type\":\"ListItem\",\"position\":3,\"name\":\"La voie de la r\u00e9ussite\"}]},{\"@type\":\"WebSite\",\"@id\":\"https:\/\/swissbaker.ch\/fr\/#website\",\"url\":\"https:\/\/swissbaker.ch\/fr\/\",\"name\":\"SBC\",\"description\":\"\",\"publisher\":{\"@id\":\"https:\/\/swissbaker.ch\/fr\/#organization\"},\"potentialAction\":[{\"@type\":\"SearchAction\",\"target\":{\"@type\":\"EntryPoint\",\"urlTemplate\":\"https:\/\/swissbaker.ch\/fr\/?s={search_term_string}\"},\"query-input\":{\"@type\":\"PropertyValueSpecification\",\"valueRequired\":true,\"valueName\":\"search_term_string\"}}],\"inLanguage\":\"fr-FR\"},{\"@type\":\"Organization\",\"@id\":\"https:\/\/swissbaker.ch\/fr\/#organization\",\"name\":\"Schweizerischer B\u00e4cker-Confiseurmeister-Verband\",\"url\":\"https:\/\/swissbaker.ch\/fr\/\",\"logo\":{\"@type\":\"ImageObject\",\"inLanguage\":\"fr-FR\",\"@id\":\"https:\/\/swissbaker.ch\/fr\/#\/schema\/logo\/image\/\",\"url\":\"https:\/\/swissbaker.ch\/wp-content\/uploads\/2022\/04\/sbc-logo-yoast.jpg\",\"contentUrl\":\"https:\/\/swissbaker.ch\/wp-content\/uploads\/2022\/04\/sbc-logo-yoast.jpg\",\"width\":512,\"height\":512,\"caption\":\"Schweizerischer B\u00e4cker-Confiseurmeister-Verband\"},\"image\":{\"@id\":\"https:\/\/swissbaker.ch\/fr\/#\/schema\/logo\/image\/\"},\"sameAs\":[\"https:\/\/www.facebook.com\/swissbaker.ch\",\"https:\/\/x.com\/ch_swissbaker\"]},{\"@type\":\"Person\",\"@id\":\"https:\/\/swissbaker.ch\/fr\/#\/schema\/person\/cae241ac3dea35c6ff575148bc79c6fc\",\"name\":\"Diego Schwerzmann\",\"image\":{\"@type\":\"ImageObject\",\"inLanguage\":\"fr-FR\",\"@id\":\"https:\/\/swissbaker.ch\/fr\/#\/schema\/person\/image\/\",\"url\":\"https:\/\/secure.gravatar.com\/avatar\/41bc369b7d340bb06ddaa86c0442a37d3cfdf73381f0f0328f1028fa6a9f6bb5?s=96&d=mm&r=g\",\"contentUrl\":\"https:\/\/secure.gravatar.com\/avatar\/41bc369b7d340bb06ddaa86c0442a37d3cfdf73381f0f0328f1028fa6a9f6bb5?s=96&d=mm&r=g\",\"caption\":\"Diego Schwerzmann\"},\"url\":\"https:\/\/swissbaker.ch\/fr\/panissimo-news\/author\/diego-schwerzmann\/\"}]}<\/script>\n<!-- \/ Yoast SEO Premium plugin. -->","yoast_head_json":{"title":"La voie de la r\u00e9ussite | SBC","description":"Au d\u00e9but de l'ann\u00e9e, l'histoire de l'entreprise traditionnelle Bachmann est parue. Ce livre offre un aper\u00e7u de l'histoire de notre secteur.","robots":{"index":"index","follow":"follow","max-snippet":"max-snippet:-1","max-image-preview":"max-image-preview:large","max-video-preview":"max-video-preview:-1"},"canonical":"https:\/\/swissbaker.ch\/fr\/panissimo-news\/la-voie-de-la-reussite\/","og_locale":"fr_FR","og_type":"article","og_title":"La voie de la r\u00e9ussite","og_description":"Au d\u00e9but de l'ann\u00e9e, l'histoire de l'entreprise traditionnelle Bachmann est parue. Ce livre offre un aper\u00e7u de l'histoire de notre secteur.","og_url":"https:\/\/swissbaker.ch\/fr\/panissimo-news\/la-voie-de-la-reussite\/","og_site_name":"SBC","article_publisher":"https:\/\/www.facebook.com\/swissbaker.ch","article_published_time":"2025-02-20T13:04:02+00:00","article_modified_time":"2025-02-21T06:51:20+00:00","og_image":[{"width":1200,"height":712,"url":"https:\/\/swissbaker.ch\/wp-content\/uploads\/2025\/02\/4_1_raymond_bachmann-1.jpg","type":"image\/jpeg"}],"author":"Diego Schwerzmann","twitter_card":"summary_large_image","twitter_creator":"@ch_swissbaker","twitter_site":"@ch_swissbaker","twitter_misc":{"Written by":"Diego Schwerzmann","Est. reading time":"12 minutes"},"schema":{"@context":"https:\/\/schema.org","@graph":[{"@type":"Article","@id":"https:\/\/swissbaker.ch\/fr\/panissimo-news\/la-voie-de-la-reussite\/#article","isPartOf":{"@id":"https:\/\/swissbaker.ch\/fr\/panissimo-news\/la-voie-de-la-reussite\/"},"author":{"name":"Diego Schwerzmann","@id":"https:\/\/swissbaker.ch\/fr\/#\/schema\/person\/cae241ac3dea35c6ff575148bc79c6fc"},"headline":"La voie de la r\u00e9ussite","datePublished":"2025-02-20T13:04:02+00:00","dateModified":"2025-02-21T06:51:20+00:00","mainEntityOfPage":{"@id":"https:\/\/swissbaker.ch\/fr\/panissimo-news\/la-voie-de-la-reussite\/"},"wordCount":2444,"publisher":{"@id":"https:\/\/swissbaker.ch\/fr\/#organization"},"image":{"@id":"https:\/\/swissbaker.ch\/fr\/panissimo-news\/la-voie-de-la-reussite\/#primaryimage"},"thumbnailUrl":"https:\/\/swissbaker.ch\/wp-content\/uploads\/2025\/02\/4_1_raymond_bachmann-1.jpg","articleSection":["Boulangeries\/Confiseries","De la branche"],"inLanguage":"fr-FR"},{"@type":"WebPage","@id":"https:\/\/swissbaker.ch\/fr\/panissimo-news\/la-voie-de-la-reussite\/","url":"https:\/\/swissbaker.ch\/fr\/panissimo-news\/la-voie-de-la-reussite\/","name":"La voie de la r\u00e9ussite | SBC","isPartOf":{"@id":"https:\/\/swissbaker.ch\/fr\/#website"},"primaryImageOfPage":{"@id":"https:\/\/swissbaker.ch\/fr\/panissimo-news\/la-voie-de-la-reussite\/#primaryimage"},"image":{"@id":"https:\/\/swissbaker.ch\/fr\/panissimo-news\/la-voie-de-la-reussite\/#primaryimage"},"thumbnailUrl":"https:\/\/swissbaker.ch\/wp-content\/uploads\/2025\/02\/4_1_raymond_bachmann-1.jpg","datePublished":"2025-02-20T13:04:02+00:00","dateModified":"2025-02-21T06:51:20+00:00","description":"Au d\u00e9but de l'ann\u00e9e, l'histoire de l'entreprise traditionnelle Bachmann est parue. Ce livre offre un aper\u00e7u de l'histoire de notre secteur.","breadcrumb":{"@id":"https:\/\/swissbaker.ch\/fr\/panissimo-news\/la-voie-de-la-reussite\/#breadcrumb"},"inLanguage":"fr-FR","potentialAction":[{"@type":"ReadAction","target":["https:\/\/swissbaker.ch\/fr\/panissimo-news\/la-voie-de-la-reussite\/"]}]},{"@type":"ImageObject","inLanguage":"fr-FR","@id":"https:\/\/swissbaker.ch\/fr\/panissimo-news\/la-voie-de-la-reussite\/#primaryimage","url":"https:\/\/swissbaker.ch\/wp-content\/uploads\/2025\/02\/4_1_raymond_bachmann-1.jpg","contentUrl":"https:\/\/swissbaker.ch\/wp-content\/uploads\/2025\/02\/4_1_raymond_bachmann-1.jpg","width":1200,"height":712},{"@type":"BreadcrumbList","@id":"https:\/\/swissbaker.ch\/fr\/panissimo-news\/la-voie-de-la-reussite\/#breadcrumb","itemListElement":[{"@type":"ListItem","position":1,"name":"","item":"https:\/\/swissbaker.ch\/fr\/"},{"@type":"ListItem","position":2,"name":"De la branche","item":"https:\/\/swissbaker.ch\/fr\/panissimo-news\/category\/de-la-branche\/"},{"@type":"ListItem","position":3,"name":"La voie de la r\u00e9ussite"}]},{"@type":"WebSite","@id":"https:\/\/swissbaker.ch\/fr\/#website","url":"https:\/\/swissbaker.ch\/fr\/","name":"SBC","description":"","publisher":{"@id":"https:\/\/swissbaker.ch\/fr\/#organization"},"potentialAction":[{"@type":"SearchAction","target":{"@type":"EntryPoint","urlTemplate":"https:\/\/swissbaker.ch\/fr\/?s={search_term_string}"},"query-input":{"@type":"PropertyValueSpecification","valueRequired":true,"valueName":"search_term_string"}}],"inLanguage":"fr-FR"},{"@type":"Organization","@id":"https:\/\/swissbaker.ch\/fr\/#organization","name":"Schweizerischer B\u00e4cker-Confiseurmeister-Verband","url":"https:\/\/swissbaker.ch\/fr\/","logo":{"@type":"ImageObject","inLanguage":"fr-FR","@id":"https:\/\/swissbaker.ch\/fr\/#\/schema\/logo\/image\/","url":"https:\/\/swissbaker.ch\/wp-content\/uploads\/2022\/04\/sbc-logo-yoast.jpg","contentUrl":"https:\/\/swissbaker.ch\/wp-content\/uploads\/2022\/04\/sbc-logo-yoast.jpg","width":512,"height":512,"caption":"Schweizerischer B\u00e4cker-Confiseurmeister-Verband"},"image":{"@id":"https:\/\/swissbaker.ch\/fr\/#\/schema\/logo\/image\/"},"sameAs":["https:\/\/www.facebook.com\/swissbaker.ch","https:\/\/x.com\/ch_swissbaker"]},{"@type":"Person","@id":"https:\/\/swissbaker.ch\/fr\/#\/schema\/person\/cae241ac3dea35c6ff575148bc79c6fc","name":"Diego Schwerzmann","image":{"@type":"ImageObject","inLanguage":"fr-FR","@id":"https:\/\/swissbaker.ch\/fr\/#\/schema\/person\/image\/","url":"https:\/\/secure.gravatar.com\/avatar\/41bc369b7d340bb06ddaa86c0442a37d3cfdf73381f0f0328f1028fa6a9f6bb5?s=96&d=mm&r=g","contentUrl":"https:\/\/secure.gravatar.com\/avatar\/41bc369b7d340bb06ddaa86c0442a37d3cfdf73381f0f0328f1028fa6a9f6bb5?s=96&d=mm&r=g","caption":"Diego Schwerzmann"},"url":"https:\/\/swissbaker.ch\/fr\/panissimo-news\/author\/diego-schwerzmann\/"}]}},"_links":{"self":[{"href":"https:\/\/swissbaker.ch\/fr\/wp-json\/wp\/v2\/posts\/116977","targetHints":{"allow":["GET"]}}],"collection":[{"href":"https:\/\/swissbaker.ch\/fr\/wp-json\/wp\/v2\/posts"}],"about":[{"href":"https:\/\/swissbaker.ch\/fr\/wp-json\/wp\/v2\/types\/post"}],"author":[{"embeddable":true,"href":"https:\/\/swissbaker.ch\/fr\/wp-json\/wp\/v2\/users\/15"}],"replies":[{"embeddable":true,"href":"https:\/\/swissbaker.ch\/fr\/wp-json\/wp\/v2\/comments?post=116977"}],"version-history":[{"count":0,"href":"https:\/\/swissbaker.ch\/fr\/wp-json\/wp\/v2\/posts\/116977\/revisions"}],"wp:featuredmedia":[{"embeddable":true,"href":"https:\/\/swissbaker.ch\/fr\/wp-json\/wp\/v2\/media\/117029"}],"wp:attachment":[{"href":"https:\/\/swissbaker.ch\/fr\/wp-json\/wp\/v2\/media?parent=116977"}],"wp:term":[{"taxonomy":"category","embeddable":true,"href":"https:\/\/swissbaker.ch\/fr\/wp-json\/wp\/v2\/categories?post=116977"},{"taxonomy":"post_tag","embeddable":true,"href":"https:\/\/swissbaker.ch\/fr\/wp-json\/wp\/v2\/tags?post=116977"}],"curies":[{"name":"wp","href":"https:\/\/api.w.org\/{rel}","templated":true}]}}