{"id":116949,"date":"2025-02-19T10:54:16","date_gmt":"2025-02-19T09:54:16","guid":{"rendered":"https:\/\/swissbaker.ch\/?p=116949"},"modified":"2025-02-19T11:09:57","modified_gmt":"2025-02-19T10:09:57","slug":"le-lobbying-condamnable-ou-indispensable","status":"publish","type":"post","link":"https:\/\/swissbaker.ch\/fr\/panissimo-news\/le-lobbying-condamnable-ou-indispensable\/","title":{"rendered":"Le lobbying\u2009: condamnable ou indispensable\u2009?"},"content":{"rendered":"\n<p><strong>Le seul terme de lobbying suscite souvent la suspicion, mais il est essentiel pour de nombreux secteurs qui veulent faire entendre leurs pr\u00e9occupations en politique. La BCS aussi s\u2019engage activement pour d\u00e9fendre les int\u00e9r\u00eats de la branche des boulangeries-confiseries. Mais o\u00f9 se situe la fronti\u00e8re entre la repr\u00e9sentation l\u00e9gitime des int\u00e9r\u00eats et l\u2019exercice d\u2019une influence suspecte\u2009? Eclaircissement avec l\u2019ambassadeur, le conseiller national Lorenz Hess\u2026<\/strong><\/p>\n\n\n\n<p>Woodrow Wilson a \u00e9t\u00e9 le 28e pr\u00e9sident des \u00c9tats-Unis, de 1913 \u00e0 1921. On savait qu\u2019il se rendait souvent dans un h\u00f4tel de Washington le soir. Des personnes et des organisations l\u2019attendaient souvent dans le hall d\u2019entr\u00e9e de l\u2019h\u00f4tel \u2013 donc le lobby \u2013 pour le rencontrer et lui faire part de leurs pr\u00e9occupations. Ces personnes ont rapidement \u00e9t\u00e9 appel\u00e9es \u00ab\u2009lobbyistes\u2009\u00bb.<\/p>\n\n\n\n<p>Un tel sc\u00e9nario est bien s\u00fbr impensable de nos jours, mais le terme est rest\u00e9 pour d\u00e9signer quelqu\u2019un qui repr\u00e9sente des int\u00e9r\u00eats. Il a souvent une connotation n\u00e9gative. En effet, pour d\u00e9nigrer une branche ou un adversaire politique, on utilise les termes \u00ab\u2009lobby automobile\u2009\u00bb, \u00ab\u2009lobby pharmaceutique\u2009\u00bb ou \u00ab\u2009lobby environnemental\u2009\u00bb.<\/p>\n\n\n\n<h2 class=\"wp-block-heading\" id=\"h-le-lobbying-une-tache-centrale-des-associations\">Le lobbying, une t\u00e2che centrale des associations<\/h2>\n\n\n\n<p>Le lobbying, ou pour le dire de mani\u00e8re moins provocante, la repr\u00e9sentation des int\u00e9r\u00eats, est g\u00e9n\u00e9ralement exerc\u00e9 par les associations professionnelles. C\u2019est l\u2019une de leurs t\u00e2ches principales, comme c\u2019est le cas de la BCS. Les instruments utilis\u00e9s vont du travail m\u00e9diatique aux d\u00e9clarations, en passant par les recommandations de vote, les argumentaires et les entretiens personnels. Le groupe cible est avant tout constitu\u00e9 des membres du Parlement, mais aussi de l\u2019administration f\u00e9d\u00e9rale, qui est \u00e0 l\u2019origine de la l\u00e9gislation.<\/p>\n\n\n\n<p>Pour pouvoir entretenir un contact direct avec les parlementaires, il est pr\u00e9f\u00e9rable qu\u2019un repr\u00e9sentant d\u2019une association ait un droit d\u2019acc\u00e8s au b\u00e2timent du Parlement pendant les sessions. Chaque membre du Parlement peut attribuer deux badges de ce type s\u2019il le souhaite. Dans le cas de la BCS, c\u2019est Urs Wellauer-Boschung qui dispose de l\u2019un de mes badges depuis de nombreuses ann\u00e9es.<\/p>\n\n\n\n<h2 class=\"wp-block-heading\" id=\"h-lobbyiste-a-contrecoeur\">Lobbyiste \u00e0 contrec\u0153ur\u2009?<\/h2>\n\n\n\n<p>On me surnomme parfois le \u00ab\u2009lobbyiste des boulangers\u2009\u00bb. M\u00eame si je ne re\u00e7ois \u00e9videmment aucune compensation pour la remise de ces badges d\u2019acc\u00e8s, je n\u2019ai rien contre cette appellation\u2009! Je ne vois rien de mal \u00e0 ce que l\u2019une des principales branches de l\u2019industrie de consommation courante repr\u00e9sente au mieux ses int\u00e9r\u00eats. Il y a suffisamment de sujets importants \u00e0 traiter, comme l\u2019approvisionnement en \u00e9lectricit\u00e9, la l\u00e9gislation alimentaire, etc.<\/p>\n\n\n\n<div style=\"height:34px\" aria-hidden=\"true\" class=\"wp-block-spacer\"><\/div>\n\n\n\n<blockquote class=\"wp-block-quote\">\n<p class=\"has-text-color has-link-color wp-elements-7f4f78c8dc7c4e9e57cee033f97e52d7\" style=\"color:#cc9933;font-size:22px;font-style:italic;font-weight:600\">\u00ab La politique ne doit pas uniquement se pratiquer dans une tour d\u2019ivoire sur la Bundesplatz, sans lien avec le &lt;\u2009front &gt;. \u00bb<\/p>\n\n\n\n<p class=\"has-text-color has-link-color wp-elements-97835e9306e4be35f53838fab86e213d\" style=\"color:#cc9933\"><strong>Lorenz Hess<\/strong><\/p>\n<\/blockquote>\n\n\n\n<div style=\"height:29px\" aria-hidden=\"true\" class=\"wp-block-spacer\"><\/div>\n\n\n\n<p>La politique ne doit pas uniquement se pratiquer dans une tour d\u2019ivoire sur la Bundesplatz, sans lien avec le \u00ab\u2009front\u2009\u00bb. C\u2019est pourquoi nous avons \u00e9galement fond\u00e9 le groupe parlementaire Pain et confiserie\u2009; l\u2019un des innombrables groupes d\u2019int\u00e9r\u00eat au Parlement. Malgr\u00e9 tous les pr\u00e9jug\u00e9s, l\u2019id\u00e9e est assez simple\u2009: il s\u2019agit de r\u00e9unir des repr\u00e9sentants politiques et des repr\u00e9sentants de la branche pour que les premiers puissent entendre le point de vue des seconds sur les projets de loi et se faire une id\u00e9e de la r\u00e9alit\u00e9 du terrain. \u00c0 mon avis, c\u2019est m\u00eame le devoir des repr\u00e9sentants du peuple, m\u00eame si certains ne le voient pas de cet \u0153il.<\/p>\n\n\n\n<h2 class=\"wp-block-heading\" id=\"h-l-engagement-politique-commence-au-niveau-local\">L\u2019engagement politique commence au niveau local<\/h2>\n\n\n\n<p>L\u2019engagement au niveau f\u00e9d\u00e9ral est important et porte parfois ses fruits. Mais nous ne devons pas oublier que la politique commence \u00ab\u2009\u00e0 petite \u00e9chelle\u2009\u00bb, au niveau communal et cantonal, et que ce ne sont pas les \u00ab\u2009lobbyistes\u2009\u00bb qui sont alors sollicit\u00e9s, mais les membres de la BCS dans les villages et les villes.<\/p>\n\n\n\n<p>Je suis le premier \u00e0 comprendre qu\u2019il n\u2019est gu\u00e8re raisonnable de s\u2019engager en politique en plus de son activit\u00e9 professionnelle. Et pourtant, nous n\u2019avons pas le choix. Il n\u2019est pas n\u00e9cessaire d\u2019avoir un mandat ex\u00e9cutif ou parlementaire exigeant. On peut aussi agir au sein de commissions ou d\u2019associations professionnelles, par exemple. Alors, allons-y, \u00e0 tous les niveaux si possible\u2009!<\/p>\n\n\n\n<p class=\"has-text-align-right\"><br><em>Lorenz Hess <\/em><br><em>Ambassadeur du pain et du chocolat 2024\/25, <\/em><br><em>conseiller national bernois du Centre<\/em><\/p>\n\n\n\n<hr class=\"wp-block-separator has-alpha-channel-opacity\"\/>\n\n\n\n<p class=\"has-text-align-left\"><em>Le conseiller national bernois du centre Lorenz Hess est le pr\u00e9sident du groupe parlementaire Pain et confiserie. Il a \u00e9t\u00e9 \u00e9lu Ambassadeur du pain et du chocolat 2024 lors du congr\u00e8s de la BCS. M.\u202fHess a \u00e9t\u00e9 pendant de nombreuses ann\u00e9es pr\u00e9sident de la commune de Stettlen, dans la banlieue de Berne.<\/em><\/p>\n\n\n\n<p><\/p>\n","protected":false},"excerpt":{"rendered":"<p>Le seul terme de lobbying suscite souvent la suspicion, mais il est essentiel pour de nombreux secteurs qui veulent faire entendre leurs pr\u00e9occupations en politique. La BCS aussi s\u2019engage activement pour d\u00e9fendre les int\u00e9r\u00eats de la branche des boulangeries-confiseries. Mais o\u00f9 se situe la fronti\u00e8re entre la repr\u00e9sentation l\u00e9gitime des int\u00e9r\u00eats et l\u2019exercice d\u2019une influence suspecte\u2009? Eclaircissement avec l\u2019ambassadeur, le conseiller national Lorenz Hess\u2026<\/p>\n","protected":false},"author":5,"featured_media":83862,"comment_status":"closed","ping_status":"closed","sticky":true,"template":"","format":"standard","meta":{"_acf_changed":false,"footnotes":""},"categories":[44],"tags":[803,802,408],"class_list":["post-116949","post","type-post","status-publish","format-standard","has-post-thumbnail","hentry","category-droit-politique","tag-ambassadeur-du-pain-et-du-chocolat-2","tag-groupe-parlementaire-pain-et-confiserie-2","tag-lorenz-hess-2"],"acf":[],"yoast_head":"<!-- This site is optimized with the Yoast SEO Premium plugin v26.8 (Yoast SEO v26.8) - https:\/\/yoast.com\/product\/yoast-seo-premium-wordpress\/ -->\n<title>Le lobbying\u2009: condamnable ou indispensable\u2009? | SBC<\/title>\n<meta name=\"robots\" content=\"index, follow, max-snippet:-1, max-image-preview:large, max-video-preview:-1\" \/>\n<link rel=\"canonical\" href=\"https:\/\/swissbaker.ch\/fr\/panissimo-news\/le-lobbying-condamnable-ou-indispensable\/\" \/>\n<meta property=\"og:locale\" content=\"fr_FR\" \/>\n<meta property=\"og:type\" content=\"article\" \/>\n<meta property=\"og:title\" content=\"Le lobbying\u2009: condamnable ou indispensable\u2009?\" \/>\n<meta property=\"og:description\" content=\"Le seul terme de lobbying suscite souvent la suspicion, mais il est essentiel pour de nombreux secteurs qui veulent faire entendre leurs pr\u00e9occupations en politique. La BCS aussi s\u2019engage activement pour d\u00e9fendre les int\u00e9r\u00eats de la branche des boulangeries-confiseries. Mais o\u00f9 se situe la fronti\u00e8re entre la repr\u00e9sentation l\u00e9gitime des int\u00e9r\u00eats et l\u2019exercice d\u2019une influence suspecte\u2009? Eclaircissement avec l\u2019ambassadeur, le conseiller national Lorenz Hess\u2026\" \/>\n<meta property=\"og:url\" content=\"https:\/\/swissbaker.ch\/fr\/panissimo-news\/le-lobbying-condamnable-ou-indispensable\/\" \/>\n<meta property=\"og:site_name\" content=\"SBC\" \/>\n<meta property=\"article:publisher\" content=\"https:\/\/www.facebook.com\/swissbaker.ch\" \/>\n<meta property=\"article:published_time\" content=\"2025-02-19T09:54:16+00:00\" \/>\n<meta property=\"article:modified_time\" content=\"2025-02-19T10:09:57+00:00\" \/>\n<meta property=\"og:image\" content=\"https:\/\/swissbaker.ch\/wp-content\/uploads\/2024\/09\/lorenz_hess.jpg\" \/>\n\t<meta property=\"og:image:width\" content=\"1200\" \/>\n\t<meta property=\"og:image:height\" content=\"712\" \/>\n\t<meta property=\"og:image:type\" content=\"image\/jpeg\" \/>\n<meta name=\"author\" content=\"Simon Nussbaum\" \/>\n<meta name=\"twitter:card\" content=\"summary_large_image\" \/>\n<meta name=\"twitter:creator\" content=\"@ch_swissbaker\" \/>\n<meta name=\"twitter:site\" content=\"@ch_swissbaker\" \/>\n<meta name=\"twitter:label1\" content=\"Written by\" \/>\n\t<meta name=\"twitter:data1\" content=\"Simon Nussbaum\" \/>\n\t<meta name=\"twitter:label2\" content=\"Est. reading time\" \/>\n\t<meta name=\"twitter:data2\" content=\"4 minutes\" \/>\n<script type=\"application\/ld+json\" class=\"yoast-schema-graph\">{\"@context\":\"https:\/\/schema.org\",\"@graph\":[{\"@type\":\"Article\",\"@id\":\"https:\/\/swissbaker.ch\/fr\/panissimo-news\/le-lobbying-condamnable-ou-indispensable\/#article\",\"isPartOf\":{\"@id\":\"https:\/\/swissbaker.ch\/fr\/panissimo-news\/le-lobbying-condamnable-ou-indispensable\/\"},\"author\":{\"name\":\"Simon Nussbaum\",\"@id\":\"https:\/\/swissbaker.ch\/fr\/#\/schema\/person\/74bd327b08c18ca6042c02ff6f0ed5e2\"},\"headline\":\"Le lobbying\u2009: condamnable ou indispensable\u2009?\",\"datePublished\":\"2025-02-19T09:54:16+00:00\",\"dateModified\":\"2025-02-19T10:09:57+00:00\",\"mainEntityOfPage\":{\"@id\":\"https:\/\/swissbaker.ch\/fr\/panissimo-news\/le-lobbying-condamnable-ou-indispensable\/\"},\"wordCount\":816,\"publisher\":{\"@id\":\"https:\/\/swissbaker.ch\/fr\/#organization\"},\"image\":{\"@id\":\"https:\/\/swissbaker.ch\/fr\/panissimo-news\/le-lobbying-condamnable-ou-indispensable\/#primaryimage\"},\"thumbnailUrl\":\"https:\/\/swissbaker.ch\/wp-content\/uploads\/2024\/09\/lorenz_hess.jpg\",\"keywords\":[\"Ambassadeur du pain et du chocolat\",\"groupe parlementaire Pain et confiserie\",\"Lorenz Hess\"],\"articleSection\":[\"Droit &amp; politique\"],\"inLanguage\":\"fr-FR\"},{\"@type\":\"WebPage\",\"@id\":\"https:\/\/swissbaker.ch\/fr\/panissimo-news\/le-lobbying-condamnable-ou-indispensable\/\",\"url\":\"https:\/\/swissbaker.ch\/fr\/panissimo-news\/le-lobbying-condamnable-ou-indispensable\/\",\"name\":\"Le lobbying\u2009: condamnable ou indispensable\u2009? | SBC\",\"isPartOf\":{\"@id\":\"https:\/\/swissbaker.ch\/fr\/#website\"},\"primaryImageOfPage\":{\"@id\":\"https:\/\/swissbaker.ch\/fr\/panissimo-news\/le-lobbying-condamnable-ou-indispensable\/#primaryimage\"},\"image\":{\"@id\":\"https:\/\/swissbaker.ch\/fr\/panissimo-news\/le-lobbying-condamnable-ou-indispensable\/#primaryimage\"},\"thumbnailUrl\":\"https:\/\/swissbaker.ch\/wp-content\/uploads\/2024\/09\/lorenz_hess.jpg\",\"datePublished\":\"2025-02-19T09:54:16+00:00\",\"dateModified\":\"2025-02-19T10:09:57+00:00\",\"breadcrumb\":{\"@id\":\"https:\/\/swissbaker.ch\/fr\/panissimo-news\/le-lobbying-condamnable-ou-indispensable\/#breadcrumb\"},\"inLanguage\":\"fr-FR\",\"potentialAction\":[{\"@type\":\"ReadAction\",\"target\":[\"https:\/\/swissbaker.ch\/fr\/panissimo-news\/le-lobbying-condamnable-ou-indispensable\/\"]}]},{\"@type\":\"ImageObject\",\"inLanguage\":\"fr-FR\",\"@id\":\"https:\/\/swissbaker.ch\/fr\/panissimo-news\/le-lobbying-condamnable-ou-indispensable\/#primaryimage\",\"url\":\"https:\/\/swissbaker.ch\/wp-content\/uploads\/2024\/09\/lorenz_hess.jpg\",\"contentUrl\":\"https:\/\/swissbaker.ch\/wp-content\/uploads\/2024\/09\/lorenz_hess.jpg\",\"width\":1200,\"height\":712},{\"@type\":\"BreadcrumbList\",\"@id\":\"https:\/\/swissbaker.ch\/fr\/panissimo-news\/le-lobbying-condamnable-ou-indispensable\/#breadcrumb\",\"itemListElement\":[{\"@type\":\"ListItem\",\"position\":1,\"name\":\"\",\"item\":\"https:\/\/swissbaker.ch\/fr\/\"},{\"@type\":\"ListItem\",\"position\":2,\"name\":\"Droit &amp; politique\",\"item\":\"https:\/\/swissbaker.ch\/fr\/panissimo-news\/category\/droit-politique\/\"},{\"@type\":\"ListItem\",\"position\":3,\"name\":\"Le lobbying\u2009: condamnable ou indispensable\u2009?\"}]},{\"@type\":\"WebSite\",\"@id\":\"https:\/\/swissbaker.ch\/fr\/#website\",\"url\":\"https:\/\/swissbaker.ch\/fr\/\",\"name\":\"SBC\",\"description\":\"\",\"publisher\":{\"@id\":\"https:\/\/swissbaker.ch\/fr\/#organization\"},\"potentialAction\":[{\"@type\":\"SearchAction\",\"target\":{\"@type\":\"EntryPoint\",\"urlTemplate\":\"https:\/\/swissbaker.ch\/fr\/?s={search_term_string}\"},\"query-input\":{\"@type\":\"PropertyValueSpecification\",\"valueRequired\":true,\"valueName\":\"search_term_string\"}}],\"inLanguage\":\"fr-FR\"},{\"@type\":\"Organization\",\"@id\":\"https:\/\/swissbaker.ch\/fr\/#organization\",\"name\":\"Schweizerischer B\u00e4cker-Confiseurmeister-Verband\",\"url\":\"https:\/\/swissbaker.ch\/fr\/\",\"logo\":{\"@type\":\"ImageObject\",\"inLanguage\":\"fr-FR\",\"@id\":\"https:\/\/swissbaker.ch\/fr\/#\/schema\/logo\/image\/\",\"url\":\"https:\/\/swissbaker.ch\/wp-content\/uploads\/2022\/04\/sbc-logo-yoast.jpg\",\"contentUrl\":\"https:\/\/swissbaker.ch\/wp-content\/uploads\/2022\/04\/sbc-logo-yoast.jpg\",\"width\":512,\"height\":512,\"caption\":\"Schweizerischer B\u00e4cker-Confiseurmeister-Verband\"},\"image\":{\"@id\":\"https:\/\/swissbaker.ch\/fr\/#\/schema\/logo\/image\/\"},\"sameAs\":[\"https:\/\/www.facebook.com\/swissbaker.ch\",\"https:\/\/x.com\/ch_swissbaker\"]},{\"@type\":\"Person\",\"@id\":\"https:\/\/swissbaker.ch\/fr\/#\/schema\/person\/74bd327b08c18ca6042c02ff6f0ed5e2\",\"name\":\"Simon Nussbaum\",\"image\":{\"@type\":\"ImageObject\",\"inLanguage\":\"fr-FR\",\"@id\":\"https:\/\/swissbaker.ch\/fr\/#\/schema\/person\/image\/\",\"url\":\"https:\/\/secure.gravatar.com\/avatar\/df0eced3bb556c806cb760cf503ade1ed1df25b4104d80d6fd28d93a9509aa12?s=96&d=mm&r=g\",\"contentUrl\":\"https:\/\/secure.gravatar.com\/avatar\/df0eced3bb556c806cb760cf503ade1ed1df25b4104d80d6fd28d93a9509aa12?s=96&d=mm&r=g\",\"caption\":\"Simon Nussbaum\"},\"url\":\"https:\/\/swissbaker.ch\/fr\/panissimo-news\/author\/simon-nussbaum\/\"}]}<\/script>\n<!-- \/ Yoast SEO Premium plugin. -->","yoast_head_json":{"title":"Le lobbying\u2009: condamnable ou indispensable\u2009? | SBC","robots":{"index":"index","follow":"follow","max-snippet":"max-snippet:-1","max-image-preview":"max-image-preview:large","max-video-preview":"max-video-preview:-1"},"canonical":"https:\/\/swissbaker.ch\/fr\/panissimo-news\/le-lobbying-condamnable-ou-indispensable\/","og_locale":"fr_FR","og_type":"article","og_title":"Le lobbying\u2009: condamnable ou indispensable\u2009?","og_description":"Le seul terme de lobbying suscite souvent la suspicion, mais il est essentiel pour de nombreux secteurs qui veulent faire entendre leurs pr\u00e9occupations en politique. La BCS aussi s\u2019engage activement pour d\u00e9fendre les int\u00e9r\u00eats de la branche des boulangeries-confiseries. Mais o\u00f9 se situe la fronti\u00e8re entre la repr\u00e9sentation l\u00e9gitime des int\u00e9r\u00eats et l\u2019exercice d\u2019une influence suspecte\u2009? Eclaircissement avec l\u2019ambassadeur, le conseiller national Lorenz Hess\u2026","og_url":"https:\/\/swissbaker.ch\/fr\/panissimo-news\/le-lobbying-condamnable-ou-indispensable\/","og_site_name":"SBC","article_publisher":"https:\/\/www.facebook.com\/swissbaker.ch","article_published_time":"2025-02-19T09:54:16+00:00","article_modified_time":"2025-02-19T10:09:57+00:00","og_image":[{"width":1200,"height":712,"url":"https:\/\/swissbaker.ch\/wp-content\/uploads\/2024\/09\/lorenz_hess.jpg","type":"image\/jpeg"}],"author":"Simon Nussbaum","twitter_card":"summary_large_image","twitter_creator":"@ch_swissbaker","twitter_site":"@ch_swissbaker","twitter_misc":{"Written by":"Simon Nussbaum","Est. reading time":"4 minutes"},"schema":{"@context":"https:\/\/schema.org","@graph":[{"@type":"Article","@id":"https:\/\/swissbaker.ch\/fr\/panissimo-news\/le-lobbying-condamnable-ou-indispensable\/#article","isPartOf":{"@id":"https:\/\/swissbaker.ch\/fr\/panissimo-news\/le-lobbying-condamnable-ou-indispensable\/"},"author":{"name":"Simon Nussbaum","@id":"https:\/\/swissbaker.ch\/fr\/#\/schema\/person\/74bd327b08c18ca6042c02ff6f0ed5e2"},"headline":"Le lobbying\u2009: condamnable ou indispensable\u2009?","datePublished":"2025-02-19T09:54:16+00:00","dateModified":"2025-02-19T10:09:57+00:00","mainEntityOfPage":{"@id":"https:\/\/swissbaker.ch\/fr\/panissimo-news\/le-lobbying-condamnable-ou-indispensable\/"},"wordCount":816,"publisher":{"@id":"https:\/\/swissbaker.ch\/fr\/#organization"},"image":{"@id":"https:\/\/swissbaker.ch\/fr\/panissimo-news\/le-lobbying-condamnable-ou-indispensable\/#primaryimage"},"thumbnailUrl":"https:\/\/swissbaker.ch\/wp-content\/uploads\/2024\/09\/lorenz_hess.jpg","keywords":["Ambassadeur du pain et du chocolat","groupe parlementaire Pain et confiserie","Lorenz Hess"],"articleSection":["Droit &amp; politique"],"inLanguage":"fr-FR"},{"@type":"WebPage","@id":"https:\/\/swissbaker.ch\/fr\/panissimo-news\/le-lobbying-condamnable-ou-indispensable\/","url":"https:\/\/swissbaker.ch\/fr\/panissimo-news\/le-lobbying-condamnable-ou-indispensable\/","name":"Le lobbying\u2009: condamnable ou indispensable\u2009? | SBC","isPartOf":{"@id":"https:\/\/swissbaker.ch\/fr\/#website"},"primaryImageOfPage":{"@id":"https:\/\/swissbaker.ch\/fr\/panissimo-news\/le-lobbying-condamnable-ou-indispensable\/#primaryimage"},"image":{"@id":"https:\/\/swissbaker.ch\/fr\/panissimo-news\/le-lobbying-condamnable-ou-indispensable\/#primaryimage"},"thumbnailUrl":"https:\/\/swissbaker.ch\/wp-content\/uploads\/2024\/09\/lorenz_hess.jpg","datePublished":"2025-02-19T09:54:16+00:00","dateModified":"2025-02-19T10:09:57+00:00","breadcrumb":{"@id":"https:\/\/swissbaker.ch\/fr\/panissimo-news\/le-lobbying-condamnable-ou-indispensable\/#breadcrumb"},"inLanguage":"fr-FR","potentialAction":[{"@type":"ReadAction","target":["https:\/\/swissbaker.ch\/fr\/panissimo-news\/le-lobbying-condamnable-ou-indispensable\/"]}]},{"@type":"ImageObject","inLanguage":"fr-FR","@id":"https:\/\/swissbaker.ch\/fr\/panissimo-news\/le-lobbying-condamnable-ou-indispensable\/#primaryimage","url":"https:\/\/swissbaker.ch\/wp-content\/uploads\/2024\/09\/lorenz_hess.jpg","contentUrl":"https:\/\/swissbaker.ch\/wp-content\/uploads\/2024\/09\/lorenz_hess.jpg","width":1200,"height":712},{"@type":"BreadcrumbList","@id":"https:\/\/swissbaker.ch\/fr\/panissimo-news\/le-lobbying-condamnable-ou-indispensable\/#breadcrumb","itemListElement":[{"@type":"ListItem","position":1,"name":"","item":"https:\/\/swissbaker.ch\/fr\/"},{"@type":"ListItem","position":2,"name":"Droit &amp; politique","item":"https:\/\/swissbaker.ch\/fr\/panissimo-news\/category\/droit-politique\/"},{"@type":"ListItem","position":3,"name":"Le lobbying\u2009: condamnable ou indispensable\u2009?"}]},{"@type":"WebSite","@id":"https:\/\/swissbaker.ch\/fr\/#website","url":"https:\/\/swissbaker.ch\/fr\/","name":"SBC","description":"","publisher":{"@id":"https:\/\/swissbaker.ch\/fr\/#organization"},"potentialAction":[{"@type":"SearchAction","target":{"@type":"EntryPoint","urlTemplate":"https:\/\/swissbaker.ch\/fr\/?s={search_term_string}"},"query-input":{"@type":"PropertyValueSpecification","valueRequired":true,"valueName":"search_term_string"}}],"inLanguage":"fr-FR"},{"@type":"Organization","@id":"https:\/\/swissbaker.ch\/fr\/#organization","name":"Schweizerischer B\u00e4cker-Confiseurmeister-Verband","url":"https:\/\/swissbaker.ch\/fr\/","logo":{"@type":"ImageObject","inLanguage":"fr-FR","@id":"https:\/\/swissbaker.ch\/fr\/#\/schema\/logo\/image\/","url":"https:\/\/swissbaker.ch\/wp-content\/uploads\/2022\/04\/sbc-logo-yoast.jpg","contentUrl":"https:\/\/swissbaker.ch\/wp-content\/uploads\/2022\/04\/sbc-logo-yoast.jpg","width":512,"height":512,"caption":"Schweizerischer B\u00e4cker-Confiseurmeister-Verband"},"image":{"@id":"https:\/\/swissbaker.ch\/fr\/#\/schema\/logo\/image\/"},"sameAs":["https:\/\/www.facebook.com\/swissbaker.ch","https:\/\/x.com\/ch_swissbaker"]},{"@type":"Person","@id":"https:\/\/swissbaker.ch\/fr\/#\/schema\/person\/74bd327b08c18ca6042c02ff6f0ed5e2","name":"Simon Nussbaum","image":{"@type":"ImageObject","inLanguage":"fr-FR","@id":"https:\/\/swissbaker.ch\/fr\/#\/schema\/person\/image\/","url":"https:\/\/secure.gravatar.com\/avatar\/df0eced3bb556c806cb760cf503ade1ed1df25b4104d80d6fd28d93a9509aa12?s=96&d=mm&r=g","contentUrl":"https:\/\/secure.gravatar.com\/avatar\/df0eced3bb556c806cb760cf503ade1ed1df25b4104d80d6fd28d93a9509aa12?s=96&d=mm&r=g","caption":"Simon Nussbaum"},"url":"https:\/\/swissbaker.ch\/fr\/panissimo-news\/author\/simon-nussbaum\/"}]}},"_links":{"self":[{"href":"https:\/\/swissbaker.ch\/fr\/wp-json\/wp\/v2\/posts\/116949","targetHints":{"allow":["GET"]}}],"collection":[{"href":"https:\/\/swissbaker.ch\/fr\/wp-json\/wp\/v2\/posts"}],"about":[{"href":"https:\/\/swissbaker.ch\/fr\/wp-json\/wp\/v2\/types\/post"}],"author":[{"embeddable":true,"href":"https:\/\/swissbaker.ch\/fr\/wp-json\/wp\/v2\/users\/5"}],"replies":[{"embeddable":true,"href":"https:\/\/swissbaker.ch\/fr\/wp-json\/wp\/v2\/comments?post=116949"}],"version-history":[{"count":0,"href":"https:\/\/swissbaker.ch\/fr\/wp-json\/wp\/v2\/posts\/116949\/revisions"}],"wp:featuredmedia":[{"embeddable":true,"href":"https:\/\/swissbaker.ch\/fr\/wp-json\/wp\/v2\/media\/83862"}],"wp:attachment":[{"href":"https:\/\/swissbaker.ch\/fr\/wp-json\/wp\/v2\/media?parent=116949"}],"wp:term":[{"taxonomy":"category","embeddable":true,"href":"https:\/\/swissbaker.ch\/fr\/wp-json\/wp\/v2\/categories?post=116949"},{"taxonomy":"post_tag","embeddable":true,"href":"https:\/\/swissbaker.ch\/fr\/wp-json\/wp\/v2\/tags?post=116949"}],"curies":[{"name":"wp","href":"https:\/\/api.w.org\/{rel}","templated":true}]}}