{"id":116186,"date":"2025-01-27T15:56:17","date_gmt":"2025-01-27T14:56:17","guid":{"rendered":"https:\/\/swissbaker.ch\/?p=116186"},"modified":"2025-01-30T15:42:00","modified_gmt":"2025-01-30T14:42:00","slug":"2024-avec-un-bon-flow","status":"publish","type":"post","link":"https:\/\/swissbaker.ch\/fr\/panissimo-news\/2024-avec-un-bon-flow\/","title":{"rendered":"2024 avec un bon flow"},"content":{"rendered":"\n<p><strong>L&#8217;ann\u00e9e \u00e9coul\u00e9e a \u00e9t\u00e9 exceptionnelle pour Regina Gut, une entrepreneuse de Nidwald innovante et engag\u00e9e: elle n&#8217;a jamais eu autant de succ\u00e8s, mais aussi de d\u00e9fis \u00e0 relever. \u00ab2024 a eu un bon flow\u00bb, dit-elle r\u00e9trospectivement. Le chemin du succ\u00e8s de Gut&#8217;s Genuss a commenc\u00e9 au printemps avec son admission \u00e0 la \u00ab&nbsp;Zunft zur Pfistern&nbsp;\u00bb, pour atteindre un autre point culminant avec sa nomination \u00e0 la couronne boulang\u00e8re. Retour sur des mois remarquables\u2026<\/strong><\/p>\n\n\n\n<p>C\u2019est en mai&nbsp;2024 que des femmes ont \u00e9t\u00e9 admises pour la premi\u00e8re fois dans la \u00ab&nbsp;Zunft zur Pfistern&nbsp;\u00bb \u00e0 Lucerne. Parmi elles figurait Regina Gut, qui n\u2019a pas manqu\u00e9 de poster cette nouvelle avec une fiert\u00e9 justifi\u00e9e sur les r\u00e9seaux sociaux. Une autre \u00e9tape importante a \u00e9t\u00e9 sa qualification pour la finale de la couronne boulang\u00e8re lors du congr\u00e8s de la BCS en juin 2024. Pourquoi? Chez Gut&#8217;s Genuss \u00e0 Wolfenschiessen (NW), on confectionne tant des produits de boulangerie que de charcuterie, qui ont \u00e9t\u00e9 r\u00e9compens\u00e9s \u00e0 plusieurs reprises.<\/p>\n\n\n\n<h2 class=\"wp-block-heading\" id=\"h-lettre-de-felicitations-du-gouvernement\"><strong>Lettre de f\u00e9licitations du gouvernement<\/strong><\/h2>\n\n\n\n<p>Lors de la remise des prix, nombre de ses collaborateurs \u00e9taient pr\u00e9sents, v\u00eatus du polo vert typique de l&#8217;entreprise. \u00abC&#8217;est l&#8217;\u00e9quipe qui me porte\u00bb, explique Regina Gut lors de la visite de \u00abPanissimo\u00bb au si\u00e8ge principal \u00e0 Wolfenschiessen. La couronne boulang\u00e8re a \u00e9t\u00e9 remport\u00e9e par la boulangerie pirate de Gontenschwil (AG), tandis que les places d\u2019honneur sont revenues \u00e0 Toggenburger Brothandwerk de Neu St. Johann (SG) et \u00e0 l\u2019entreprise nidwaldienne. \u00abJe n&#8217;ai pas perdu l&#8217;or, j\u2019ai gagn\u00e9 l&#8217;argent\u00bb, souligne encore celle qui a re\u00e7u beaucoup d&#8217;estime de la part du secteur et de la r\u00e9gion. Des clients sont venus avec des fleurs et elle a re\u00e7u une lettre de f\u00e9licitations du gouvernement de Nidwald. Les m\u00e9dias r\u00e9gionaux ont \u00e9galement parl\u00e9 de cette distinction. Sur les r\u00e9seaux sociaux, Regina Gut a annonc\u00e9 sa place sur le podium et re\u00e7u de nombreuses r\u00e9actions.<\/p>\n\n\n\n<figure class=\"wp-block-image size-large\"><img decoding=\"async\" width=\"863\" height=\"1024\" src=\"https:\/\/swissbaker.ch\/wp-content\/uploads\/2025\/01\/2_2_regina_gut_3-863x1024.jpg\" alt=\"\" class=\"wp-image-116177\" srcset=\"https:\/\/swissbaker.ch\/wp-content\/uploads\/2025\/01\/2_2_regina_gut_3-863x1024.jpg 863w, https:\/\/swissbaker.ch\/wp-content\/uploads\/2025\/01\/2_2_regina_gut_3-768x911.jpg 768w, https:\/\/swissbaker.ch\/wp-content\/uploads\/2025\/01\/2_2_regina_gut_3.jpg 1200w\" sizes=\"(max-width: 863px) 100vw, 863px\" \/><\/figure>\n\n\n\n<p><em>Les membres du jury de la couronne boulang\u00e8re ont sign\u00e9 le livre d&#8217;or.<\/em><\/p>\n\n\n\n<div style=\"height:32px\" aria-hidden=\"true\" class=\"wp-block-spacer\"><\/div>\n\n\n\n<blockquote class=\"wp-block-quote\">\n<p><\/p>\n<\/blockquote>\n\n\n\n<blockquote class=\"wp-block-quote\">\n<p class=\"has-text-color has-link-color wp-elements-9942a0f263ee6078ddce68772eb1987d\" style=\"color:#cc9933;font-size:22px;font-style:italic;font-weight:600\">\u00ab Je n&#8217;ai pas perdu l&#8217;or, j\u2019ai gagn\u00e9 l&#8217;argent. \u00bb<\/p>\n\n\n\n<p class=\"has-text-color has-link-color wp-elements-869a892d7ce882847596bdba0806e606\" style=\"color:#cc9933\"><strong>Regina Gut<\/strong><\/p>\n<\/blockquote>\n\n\n\n<div style=\"height:27px\" aria-hidden=\"true\" class=\"wp-block-spacer\"><\/div>\n\n\n\n<h2 class=\"wp-block-heading\" id=\"h-autres-succes\"><strong>Autres succ\u00e8s<\/strong><\/h2>\n\n\n\n<p>Mais ce n&#8217;\u00e9tait que le d\u00e9but de la success story: cette entrepreneuse pleine d&#8217;initiative a \u00e9galement \u00e9t\u00e9 \u00e9lue pr\u00e9sidente des boulangers-confiseurs d\u2019Obwald et de Nidwald, cofond\u00e9 le label de qualit\u00e9 chornwald.ch, rejoint le conseil d&#8217;administration de Kornm\u00fchle Sachseln et remport\u00e9 de nombreuses m\u00e9dailles lors du Swiss Bakery Trophy \u00e0 Bulle. En novembre, elle a couronn\u00e9 ses performances en d\u00e9crochant l&#8217;or pour le pain d&#8217;\u00e9peautre d&#8217;Engelberg (OW) lors d&#8217;\u00abAlp&#8217;24\u00bb, le concours international Alpine Food Contest.<\/p>\n\n\n\n<h2 class=\"wp-block-heading\" id=\"h-une-nouvelle-filiale-avec-un-cafe\"><strong>Une nouvelle filiale avec un caf\u00e9<\/strong><\/h2>\n\n\n\n<p>Mais ce n&#8217;est pas tout. En \u00e9t\u00e9, apr\u00e8s seulement deux mois de pr\u00e9paration, elle a repris une boulangerie avec caf\u00e9 \u00e0 Engelberg, doublant ainsi le nombre d&#8217;employ\u00e9s. Regina Gut se souvient d&#8217;une p\u00e9riode intense qui a exig\u00e9 beaucoup d&#8217;elle et de son \u00e9quipe. Mais l\u2019investissement en a valu la peine: \u00abTout s&#8217;est bien pass\u00e9&nbsp;; et ce, gr\u00e2ce \u00e0 mon personnel!\u00bb<\/p>\n\n\n\n<h2 class=\"wp-block-heading\" id=\"h-passion-et-engagement\"><strong>Passion et engagement<\/strong><\/h2>\n\n\n\n<p>Ce succ\u00e8s n&#8217;est pas le fruit du hasard. Regina Gut allie de solides connaissances professionnelles \u2013 elle est sp\u00e9cialiste en marketing et a pass\u00e9 avec succ\u00e8s l&#8217;examen professionnel sup\u00e9rieur \u2013 \u00e0 un esprit d&#8217;entreprise, un engagement et un engouement sans faille pour son travail. Elle r\u00e9sume parfaitement la base de son succ\u00e8s sur le site internet de l&#8217;entreprise: \u00abNous fabriquons tous nos produits \u00e0 la main, avec beaucoup d&#8217;application et de passion.\u00bb<\/p>\n\n\n\n<p>Mais pour Gut, c&#8217;est surtout l&#8217;engagement qui compte. \u00abIl faut &lt;bosser&gt;\u00bb, souligne la professionnelle. \u00abOn n\u2019a rien sans rien!\u00bb Ce que l&#8217;on investit dans l&#8217;entreprise finit par revenir \u2013 la seule question est de savoir quand. Il est important d&#8217;avoir le courage de s&#8217;engager dans une nouvelle voie, car la concurrence ne dort jamais.<\/p>\n\n\n\n<h2 class=\"wp-block-heading\" id=\"h-rationalisation-de-l-assortiment\"><strong>Rationalisation de l&#8217;assortiment<\/strong><\/h2>\n\n\n\n<p>Lorsque Regina Gut a repris l&#8217;entreprise de Wolfenschiessen en 2017, elle a courageusement pos\u00e9 les jalons pour l&#8217;avenir: le magasin proposait auparavant aussi bien des produits de boulangerie que des produits commerciaux. Gut a rationalis\u00e9 l&#8217;assortiment et clairement mis l&#8217;accent sur la boulangerie et le caf\u00e9. \u00abJ&#8217;ai fait le m\u00e9nage et j&#8217;ai \u00e9limin\u00e9 ce qui devait l\u2019\u00eatre. Il faut un bon m\u00e9lange et une offre qui corresponde exactement \u00e0 la client\u00e8le\u00bb, explique-t-elle.<\/p>\n\n\n\n<h2 class=\"wp-block-heading\" id=\"h-promotion-de-l-image-grace-aux-reseaux-sociaux\"><strong>Promotion de l&#8217;image gr\u00e2ce aux r\u00e9seaux sociaux<\/strong><\/h2>\n\n\n\n<p>L&#8217;entrepreneuse mise aussi sciemment sur les canaux num\u00e9riques: \u00ab<a href=\"https:\/\/www.facebook.com\/GutsGenuss\" target=\"_blank\" rel=\"noreferrer noopener\">Facebook<\/a> et surtout <a href=\"https:\/\/www.instagram.com\/gutsgenuss\">Instagram<\/a> sont des ambassadeurs importants.\u00bb Elle cite en exemple son r\u00e9cent post avec des biscuits de No\u00ebl, qui a rencontr\u00e9 un grand succ\u00e8s: \u00abUne fois le post en ligne, les ventes ont augment\u00e9 de mani\u00e8re fulgurante.\u00bb Ces plates-formes ne doivent pas non plus \u00eatre sous-estim\u00e9es en termes d&#8217;image. Elle re\u00e7oit des candidatures spontan\u00e9es et n&#8217;a aucune difficult\u00e9 \u00e0 trouver des apprentis.<\/p>\n\n\n\n<div style=\"height:30px\" aria-hidden=\"true\" class=\"wp-block-spacer\"><\/div>\n\n\n\n<blockquote class=\"wp-block-quote\">\n<p class=\"has-text-color has-link-color wp-elements-4d9160d2ec41b3a5754cb3d27a3c4f6b\" style=\"color:#cc9933;font-size:22px;font-style:italic;font-weight:600\">\u00ab Facebook et surtout Instagram sont des ambassadeurs importants. \u00bb<\/p>\n\n\n\n<p class=\"has-text-color has-link-color wp-elements-869a892d7ce882847596bdba0806e606\" style=\"color:#cc9933\"><strong>Regina Gut<\/strong><\/p>\n<\/blockquote>\n\n\n\n<div style=\"height:24px\" aria-hidden=\"true\" class=\"wp-block-spacer\"><\/div>\n\n\n\n<p>Un autre facteur de succ\u00e8s est son lien avec les jeunes: les \u00e9l\u00e8ves peuvent gagner leur argent de poche chez Gut&#8217;s Genuss. Plut\u00f4t que d\u2019attendre le bus pendant une heure apr\u00e8s la fin des cours, certains donnent un coup de main \u00e0 la boulangerie, lavent des caisses ou d\u00e9coupent des coquins. Cette possibilit\u00e9 d&#8217;acqu\u00e9rir tr\u00e8s t\u00f4t une exp\u00e9rience pratique contribue non seulement \u00e0 encourager la rel\u00e8ve, mais aussi \u00e0 renforcer les liens avec la r\u00e9gion.<\/p>\n\n\n\n<p>Quel est le plus grand d\u00e9fi pour Regina Gut? \u00abAssurer l&#8217;\u00e9quilibre entre le travail et les loisirs\u00bb, r\u00e9pond-elle spontan\u00e9ment. Pour compenser, elle fait du sport et le fait avec passion: au printemps, elle participera au marathon de ski de l&#8217;Engadine. C&#8217;est d\u2019ailleurs pendant son temps libre qu&#8217;elle puise son inspiration et recueille de nombreuses nouvelles id\u00e9es. &nbsp;&nbsp;<\/p>\n\n\n\n<p>Et son souhait pour le secteur? \u00abVeillez sur vos gens. C&#8217;est toujours le plus beau secteur qui existe!\u00bb, dit-elle avec conviction.<\/p>\n\n\n\n<p class=\"has-text-align-right\"><em>Claudia Vernocchi<\/em><\/p>\n\n\n\n<hr class=\"wp-block-separator has-alpha-channel-opacity\"\/>\n\n\n\n<h2 class=\"wp-block-heading\" id=\"h-gut-s-genuss\">Gut\u2019s Genuss<\/h2>\n\n\n\n<ul class=\"wp-block-list\">\n<li>Cr\u00e9ation: 2011 (boucherie), 2017 (boulangerie)<\/li>\n\n\n\n<li>Points de vente: Wolfenschiessen (si\u00e8ge principal + production) Dallenwil, Engelberg (avec caf\u00e9)<\/li>\n\n\n\n<li>March\u00e9s: Lucerne (samedi), Stans et Engelberg (saisonnier)<\/li>\n\n\n\n<li>Sp\u00e9cialit\u00e9s: Nidwaldner Kilbikrapfen, pain au levain, Nidwaldner Kuhfladen, Engelf\u00fcgeli (nouveau), pain d\u2019\u00e9peautre d\u2019Engelberg, Nidwaldner \u00c4nis, Chili Burebratwurst<\/li>\n\n\n\n<li>Offre: pain et produits de boulangerie, p\u00e2tisserie, confiserie, charcuterie, catering<\/li>\n\n\n\n<li>Vert : la couleur pr\u00e9f\u00e9r\u00e9e de Regina Gut et la couleur de l&#8217;entreprise<\/li>\n\n\n\n<li>Nombre de collaborateurs : 35, dont seulement 7 \u00e0 100&nbsp;%.<\/li>\n\n\n\n<li>Nombre d&#8217;apprentis: 2 au fournil (1<sup>\u00e8re<\/sup> et 2<sup>e<\/sup>&nbsp;ann\u00e9es), 1 en vente \u00e0 partir de&nbsp;2025<\/li>\n<\/ul>\n\n\n\n<p><a href=\"http:\/\/guts-genuss.ch\" target=\"_blank\" rel=\"noreferrer noopener\">guts-genuss.ch<\/a><\/p>\n","protected":false},"excerpt":{"rendered":"<p>L&#8217;ann\u00e9e \u00e9coul\u00e9e a \u00e9t\u00e9 exceptionnelle pour Regina Gut, une entrepreneuse de Nidwald innovante et engag\u00e9e: elle n&#8217;a jamais eu autant de succ\u00e8s, mais aussi de d\u00e9fis \u00e0 relever. \u00ab2024 a eu un bon flow\u00bb, dit-elle r\u00e9trospectivement. Le chemin du succ\u00e8s de Gut&#8217;s Genuss a commenc\u00e9 au printemps avec son admission \u00e0 la \u00ab\u00a0Zunft zur Pfistern\u00a0\u00bb, pour atteindre un autre point culminant avec sa nomination \u00e0 la couronne boulang\u00e8re. Retour sur des mois remarquables\u2026<\/p>\n","protected":false},"author":5,"featured_media":116171,"comment_status":"closed","ping_status":"closed","sticky":true,"template":"","format":"standard","meta":{"_acf_changed":false,"footnotes":""},"categories":[42],"tags":[372,773,771,772],"class_list":["post-116186","post","type-post","status-publish","format-standard","has-post-thumbnail","hentry","category-boulangeries-confiseries","tag-couronne-boulangere","tag-guts-genuss-fr","tag-regina-gut-2","tag-wolfenschiessen-2"],"acf":[],"yoast_head":"<!-- This site is optimized with the Yoast SEO Premium plugin v26.8 (Yoast SEO v26.8) - https:\/\/yoast.com\/product\/yoast-seo-premium-wordpress\/ -->\n<title>2024 avec un bon flow | SBC<\/title>\n<meta name=\"description\" content=\"L&#039;ann\u00e9e \u00e9coul\u00e9e a \u00e9t\u00e9 exceptionnelle pour Regina Gut, une entrepreneuse de Nidwald innovante et engag\u00e9e: elle n&#039;a jamais eu autant de succ\u00e8s, mais aussi de d\u00e9fis \u00e0 relever.\" \/>\n<meta name=\"robots\" content=\"index, follow, max-snippet:-1, max-image-preview:large, max-video-preview:-1\" \/>\n<link rel=\"canonical\" href=\"https:\/\/swissbaker.ch\/fr\/panissimo-news\/2024-avec-un-bon-flow\/\" \/>\n<meta property=\"og:locale\" content=\"fr_FR\" \/>\n<meta property=\"og:type\" content=\"article\" \/>\n<meta property=\"og:title\" content=\"2024 avec un bon flow\" \/>\n<meta property=\"og:description\" content=\"L&#039;ann\u00e9e \u00e9coul\u00e9e a \u00e9t\u00e9 exceptionnelle pour Regina Gut, une entrepreneuse de Nidwald innovante et engag\u00e9e: elle n&#039;a jamais eu autant de succ\u00e8s, mais aussi de d\u00e9fis \u00e0 relever.\" \/>\n<meta property=\"og:url\" content=\"https:\/\/swissbaker.ch\/fr\/panissimo-news\/2024-avec-un-bon-flow\/\" \/>\n<meta property=\"og:site_name\" content=\"SBC\" \/>\n<meta property=\"article:publisher\" content=\"https:\/\/www.facebook.com\/swissbaker.ch\" \/>\n<meta property=\"article:published_time\" content=\"2025-01-27T14:56:17+00:00\" \/>\n<meta property=\"article:modified_time\" content=\"2025-01-30T14:42:00+00:00\" \/>\n<meta property=\"og:image\" content=\"https:\/\/swissbaker.ch\/wp-content\/uploads\/2025\/01\/2_2_regina_gut.jpg\" \/>\n\t<meta property=\"og:image:width\" content=\"1200\" \/>\n\t<meta property=\"og:image:height\" content=\"712\" \/>\n\t<meta property=\"og:image:type\" content=\"image\/jpeg\" \/>\n<meta name=\"author\" content=\"Simon Nussbaum\" \/>\n<meta name=\"twitter:card\" content=\"summary_large_image\" \/>\n<meta name=\"twitter:creator\" content=\"@ch_swissbaker\" \/>\n<meta name=\"twitter:site\" content=\"@ch_swissbaker\" \/>\n<meta name=\"twitter:label1\" content=\"Written by\" \/>\n\t<meta name=\"twitter:data1\" content=\"Simon Nussbaum\" \/>\n\t<meta name=\"twitter:label2\" content=\"Est. reading time\" \/>\n\t<meta name=\"twitter:data2\" content=\"5 minutes\" \/>\n<script type=\"application\/ld+json\" class=\"yoast-schema-graph\">{\"@context\":\"https:\/\/schema.org\",\"@graph\":[{\"@type\":\"Article\",\"@id\":\"https:\/\/swissbaker.ch\/fr\/panissimo-news\/2024-avec-un-bon-flow\/#article\",\"isPartOf\":{\"@id\":\"https:\/\/swissbaker.ch\/fr\/panissimo-news\/2024-avec-un-bon-flow\/\"},\"author\":{\"name\":\"Simon Nussbaum\",\"@id\":\"https:\/\/swissbaker.ch\/fr\/#\/schema\/person\/74bd327b08c18ca6042c02ff6f0ed5e2\"},\"headline\":\"2024 avec un bon flow\",\"datePublished\":\"2025-01-27T14:56:17+00:00\",\"dateModified\":\"2025-01-30T14:42:00+00:00\",\"mainEntityOfPage\":{\"@id\":\"https:\/\/swissbaker.ch\/fr\/panissimo-news\/2024-avec-un-bon-flow\/\"},\"wordCount\":1154,\"publisher\":{\"@id\":\"https:\/\/swissbaker.ch\/fr\/#organization\"},\"image\":{\"@id\":\"https:\/\/swissbaker.ch\/fr\/panissimo-news\/2024-avec-un-bon-flow\/#primaryimage\"},\"thumbnailUrl\":\"https:\/\/swissbaker.ch\/wp-content\/uploads\/2025\/01\/2_2_regina_gut.jpg\",\"keywords\":[\"Couronne boulang\u00e8re\",\"Gut\u2019s Genuss\",\"Regina Gut\",\"Wolfenschiessen\"],\"articleSection\":[\"Boulangeries\/Confiseries\"],\"inLanguage\":\"fr-FR\"},{\"@type\":\"WebPage\",\"@id\":\"https:\/\/swissbaker.ch\/fr\/panissimo-news\/2024-avec-un-bon-flow\/\",\"url\":\"https:\/\/swissbaker.ch\/fr\/panissimo-news\/2024-avec-un-bon-flow\/\",\"name\":\"2024 avec un bon flow | SBC\",\"isPartOf\":{\"@id\":\"https:\/\/swissbaker.ch\/fr\/#website\"},\"primaryImageOfPage\":{\"@id\":\"https:\/\/swissbaker.ch\/fr\/panissimo-news\/2024-avec-un-bon-flow\/#primaryimage\"},\"image\":{\"@id\":\"https:\/\/swissbaker.ch\/fr\/panissimo-news\/2024-avec-un-bon-flow\/#primaryimage\"},\"thumbnailUrl\":\"https:\/\/swissbaker.ch\/wp-content\/uploads\/2025\/01\/2_2_regina_gut.jpg\",\"datePublished\":\"2025-01-27T14:56:17+00:00\",\"dateModified\":\"2025-01-30T14:42:00+00:00\",\"description\":\"L'ann\u00e9e \u00e9coul\u00e9e a \u00e9t\u00e9 exceptionnelle pour Regina Gut, une entrepreneuse de Nidwald innovante et engag\u00e9e: elle n'a jamais eu autant de succ\u00e8s, mais aussi de d\u00e9fis \u00e0 relever.\",\"breadcrumb\":{\"@id\":\"https:\/\/swissbaker.ch\/fr\/panissimo-news\/2024-avec-un-bon-flow\/#breadcrumb\"},\"inLanguage\":\"fr-FR\",\"potentialAction\":[{\"@type\":\"ReadAction\",\"target\":[\"https:\/\/swissbaker.ch\/fr\/panissimo-news\/2024-avec-un-bon-flow\/\"]}]},{\"@type\":\"ImageObject\",\"inLanguage\":\"fr-FR\",\"@id\":\"https:\/\/swissbaker.ch\/fr\/panissimo-news\/2024-avec-un-bon-flow\/#primaryimage\",\"url\":\"https:\/\/swissbaker.ch\/wp-content\/uploads\/2025\/01\/2_2_regina_gut.jpg\",\"contentUrl\":\"https:\/\/swissbaker.ch\/wp-content\/uploads\/2025\/01\/2_2_regina_gut.jpg\",\"width\":1200,\"height\":712},{\"@type\":\"BreadcrumbList\",\"@id\":\"https:\/\/swissbaker.ch\/fr\/panissimo-news\/2024-avec-un-bon-flow\/#breadcrumb\",\"itemListElement\":[{\"@type\":\"ListItem\",\"position\":1,\"name\":\"\",\"item\":\"https:\/\/swissbaker.ch\/fr\/\"},{\"@type\":\"ListItem\",\"position\":2,\"name\":\"Boulangeries\/Confiseries\",\"item\":\"https:\/\/swissbaker.ch\/fr\/panissimo-news\/category\/boulangeries-confiseries\/\"},{\"@type\":\"ListItem\",\"position\":3,\"name\":\"2024 avec un bon flow\"}]},{\"@type\":\"WebSite\",\"@id\":\"https:\/\/swissbaker.ch\/fr\/#website\",\"url\":\"https:\/\/swissbaker.ch\/fr\/\",\"name\":\"SBC\",\"description\":\"\",\"publisher\":{\"@id\":\"https:\/\/swissbaker.ch\/fr\/#organization\"},\"potentialAction\":[{\"@type\":\"SearchAction\",\"target\":{\"@type\":\"EntryPoint\",\"urlTemplate\":\"https:\/\/swissbaker.ch\/fr\/?s={search_term_string}\"},\"query-input\":{\"@type\":\"PropertyValueSpecification\",\"valueRequired\":true,\"valueName\":\"search_term_string\"}}],\"inLanguage\":\"fr-FR\"},{\"@type\":\"Organization\",\"@id\":\"https:\/\/swissbaker.ch\/fr\/#organization\",\"name\":\"Schweizerischer B\u00e4cker-Confiseurmeister-Verband\",\"url\":\"https:\/\/swissbaker.ch\/fr\/\",\"logo\":{\"@type\":\"ImageObject\",\"inLanguage\":\"fr-FR\",\"@id\":\"https:\/\/swissbaker.ch\/fr\/#\/schema\/logo\/image\/\",\"url\":\"https:\/\/swissbaker.ch\/wp-content\/uploads\/2022\/04\/sbc-logo-yoast.jpg\",\"contentUrl\":\"https:\/\/swissbaker.ch\/wp-content\/uploads\/2022\/04\/sbc-logo-yoast.jpg\",\"width\":512,\"height\":512,\"caption\":\"Schweizerischer B\u00e4cker-Confiseurmeister-Verband\"},\"image\":{\"@id\":\"https:\/\/swissbaker.ch\/fr\/#\/schema\/logo\/image\/\"},\"sameAs\":[\"https:\/\/www.facebook.com\/swissbaker.ch\",\"https:\/\/x.com\/ch_swissbaker\"]},{\"@type\":\"Person\",\"@id\":\"https:\/\/swissbaker.ch\/fr\/#\/schema\/person\/74bd327b08c18ca6042c02ff6f0ed5e2\",\"name\":\"Simon Nussbaum\",\"image\":{\"@type\":\"ImageObject\",\"inLanguage\":\"fr-FR\",\"@id\":\"https:\/\/swissbaker.ch\/fr\/#\/schema\/person\/image\/\",\"url\":\"https:\/\/secure.gravatar.com\/avatar\/df0eced3bb556c806cb760cf503ade1ed1df25b4104d80d6fd28d93a9509aa12?s=96&d=mm&r=g\",\"contentUrl\":\"https:\/\/secure.gravatar.com\/avatar\/df0eced3bb556c806cb760cf503ade1ed1df25b4104d80d6fd28d93a9509aa12?s=96&d=mm&r=g\",\"caption\":\"Simon Nussbaum\"},\"url\":\"https:\/\/swissbaker.ch\/fr\/panissimo-news\/author\/simon-nussbaum\/\"}]}<\/script>\n<!-- \/ Yoast SEO Premium plugin. -->","yoast_head_json":{"title":"2024 avec un bon flow | SBC","description":"L'ann\u00e9e \u00e9coul\u00e9e a \u00e9t\u00e9 exceptionnelle pour Regina Gut, une entrepreneuse de Nidwald innovante et engag\u00e9e: elle n'a jamais eu autant de succ\u00e8s, mais aussi de d\u00e9fis \u00e0 relever.","robots":{"index":"index","follow":"follow","max-snippet":"max-snippet:-1","max-image-preview":"max-image-preview:large","max-video-preview":"max-video-preview:-1"},"canonical":"https:\/\/swissbaker.ch\/fr\/panissimo-news\/2024-avec-un-bon-flow\/","og_locale":"fr_FR","og_type":"article","og_title":"2024 avec un bon flow","og_description":"L'ann\u00e9e \u00e9coul\u00e9e a \u00e9t\u00e9 exceptionnelle pour Regina Gut, une entrepreneuse de Nidwald innovante et engag\u00e9e: elle n'a jamais eu autant de succ\u00e8s, mais aussi de d\u00e9fis \u00e0 relever.","og_url":"https:\/\/swissbaker.ch\/fr\/panissimo-news\/2024-avec-un-bon-flow\/","og_site_name":"SBC","article_publisher":"https:\/\/www.facebook.com\/swissbaker.ch","article_published_time":"2025-01-27T14:56:17+00:00","article_modified_time":"2025-01-30T14:42:00+00:00","og_image":[{"width":1200,"height":712,"url":"https:\/\/swissbaker.ch\/wp-content\/uploads\/2025\/01\/2_2_regina_gut.jpg","type":"image\/jpeg"}],"author":"Simon Nussbaum","twitter_card":"summary_large_image","twitter_creator":"@ch_swissbaker","twitter_site":"@ch_swissbaker","twitter_misc":{"Written by":"Simon Nussbaum","Est. reading time":"5 minutes"},"schema":{"@context":"https:\/\/schema.org","@graph":[{"@type":"Article","@id":"https:\/\/swissbaker.ch\/fr\/panissimo-news\/2024-avec-un-bon-flow\/#article","isPartOf":{"@id":"https:\/\/swissbaker.ch\/fr\/panissimo-news\/2024-avec-un-bon-flow\/"},"author":{"name":"Simon Nussbaum","@id":"https:\/\/swissbaker.ch\/fr\/#\/schema\/person\/74bd327b08c18ca6042c02ff6f0ed5e2"},"headline":"2024 avec un bon flow","datePublished":"2025-01-27T14:56:17+00:00","dateModified":"2025-01-30T14:42:00+00:00","mainEntityOfPage":{"@id":"https:\/\/swissbaker.ch\/fr\/panissimo-news\/2024-avec-un-bon-flow\/"},"wordCount":1154,"publisher":{"@id":"https:\/\/swissbaker.ch\/fr\/#organization"},"image":{"@id":"https:\/\/swissbaker.ch\/fr\/panissimo-news\/2024-avec-un-bon-flow\/#primaryimage"},"thumbnailUrl":"https:\/\/swissbaker.ch\/wp-content\/uploads\/2025\/01\/2_2_regina_gut.jpg","keywords":["Couronne boulang\u00e8re","Gut\u2019s Genuss","Regina Gut","Wolfenschiessen"],"articleSection":["Boulangeries\/Confiseries"],"inLanguage":"fr-FR"},{"@type":"WebPage","@id":"https:\/\/swissbaker.ch\/fr\/panissimo-news\/2024-avec-un-bon-flow\/","url":"https:\/\/swissbaker.ch\/fr\/panissimo-news\/2024-avec-un-bon-flow\/","name":"2024 avec un bon flow | SBC","isPartOf":{"@id":"https:\/\/swissbaker.ch\/fr\/#website"},"primaryImageOfPage":{"@id":"https:\/\/swissbaker.ch\/fr\/panissimo-news\/2024-avec-un-bon-flow\/#primaryimage"},"image":{"@id":"https:\/\/swissbaker.ch\/fr\/panissimo-news\/2024-avec-un-bon-flow\/#primaryimage"},"thumbnailUrl":"https:\/\/swissbaker.ch\/wp-content\/uploads\/2025\/01\/2_2_regina_gut.jpg","datePublished":"2025-01-27T14:56:17+00:00","dateModified":"2025-01-30T14:42:00+00:00","description":"L'ann\u00e9e \u00e9coul\u00e9e a \u00e9t\u00e9 exceptionnelle pour Regina Gut, une entrepreneuse de Nidwald innovante et engag\u00e9e: elle n'a jamais eu autant de succ\u00e8s, mais aussi de d\u00e9fis \u00e0 relever.","breadcrumb":{"@id":"https:\/\/swissbaker.ch\/fr\/panissimo-news\/2024-avec-un-bon-flow\/#breadcrumb"},"inLanguage":"fr-FR","potentialAction":[{"@type":"ReadAction","target":["https:\/\/swissbaker.ch\/fr\/panissimo-news\/2024-avec-un-bon-flow\/"]}]},{"@type":"ImageObject","inLanguage":"fr-FR","@id":"https:\/\/swissbaker.ch\/fr\/panissimo-news\/2024-avec-un-bon-flow\/#primaryimage","url":"https:\/\/swissbaker.ch\/wp-content\/uploads\/2025\/01\/2_2_regina_gut.jpg","contentUrl":"https:\/\/swissbaker.ch\/wp-content\/uploads\/2025\/01\/2_2_regina_gut.jpg","width":1200,"height":712},{"@type":"BreadcrumbList","@id":"https:\/\/swissbaker.ch\/fr\/panissimo-news\/2024-avec-un-bon-flow\/#breadcrumb","itemListElement":[{"@type":"ListItem","position":1,"name":"","item":"https:\/\/swissbaker.ch\/fr\/"},{"@type":"ListItem","position":2,"name":"Boulangeries\/Confiseries","item":"https:\/\/swissbaker.ch\/fr\/panissimo-news\/category\/boulangeries-confiseries\/"},{"@type":"ListItem","position":3,"name":"2024 avec un bon flow"}]},{"@type":"WebSite","@id":"https:\/\/swissbaker.ch\/fr\/#website","url":"https:\/\/swissbaker.ch\/fr\/","name":"SBC","description":"","publisher":{"@id":"https:\/\/swissbaker.ch\/fr\/#organization"},"potentialAction":[{"@type":"SearchAction","target":{"@type":"EntryPoint","urlTemplate":"https:\/\/swissbaker.ch\/fr\/?s={search_term_string}"},"query-input":{"@type":"PropertyValueSpecification","valueRequired":true,"valueName":"search_term_string"}}],"inLanguage":"fr-FR"},{"@type":"Organization","@id":"https:\/\/swissbaker.ch\/fr\/#organization","name":"Schweizerischer B\u00e4cker-Confiseurmeister-Verband","url":"https:\/\/swissbaker.ch\/fr\/","logo":{"@type":"ImageObject","inLanguage":"fr-FR","@id":"https:\/\/swissbaker.ch\/fr\/#\/schema\/logo\/image\/","url":"https:\/\/swissbaker.ch\/wp-content\/uploads\/2022\/04\/sbc-logo-yoast.jpg","contentUrl":"https:\/\/swissbaker.ch\/wp-content\/uploads\/2022\/04\/sbc-logo-yoast.jpg","width":512,"height":512,"caption":"Schweizerischer B\u00e4cker-Confiseurmeister-Verband"},"image":{"@id":"https:\/\/swissbaker.ch\/fr\/#\/schema\/logo\/image\/"},"sameAs":["https:\/\/www.facebook.com\/swissbaker.ch","https:\/\/x.com\/ch_swissbaker"]},{"@type":"Person","@id":"https:\/\/swissbaker.ch\/fr\/#\/schema\/person\/74bd327b08c18ca6042c02ff6f0ed5e2","name":"Simon Nussbaum","image":{"@type":"ImageObject","inLanguage":"fr-FR","@id":"https:\/\/swissbaker.ch\/fr\/#\/schema\/person\/image\/","url":"https:\/\/secure.gravatar.com\/avatar\/df0eced3bb556c806cb760cf503ade1ed1df25b4104d80d6fd28d93a9509aa12?s=96&d=mm&r=g","contentUrl":"https:\/\/secure.gravatar.com\/avatar\/df0eced3bb556c806cb760cf503ade1ed1df25b4104d80d6fd28d93a9509aa12?s=96&d=mm&r=g","caption":"Simon Nussbaum"},"url":"https:\/\/swissbaker.ch\/fr\/panissimo-news\/author\/simon-nussbaum\/"}]}},"_links":{"self":[{"href":"https:\/\/swissbaker.ch\/fr\/wp-json\/wp\/v2\/posts\/116186","targetHints":{"allow":["GET"]}}],"collection":[{"href":"https:\/\/swissbaker.ch\/fr\/wp-json\/wp\/v2\/posts"}],"about":[{"href":"https:\/\/swissbaker.ch\/fr\/wp-json\/wp\/v2\/types\/post"}],"author":[{"embeddable":true,"href":"https:\/\/swissbaker.ch\/fr\/wp-json\/wp\/v2\/users\/5"}],"replies":[{"embeddable":true,"href":"https:\/\/swissbaker.ch\/fr\/wp-json\/wp\/v2\/comments?post=116186"}],"version-history":[{"count":0,"href":"https:\/\/swissbaker.ch\/fr\/wp-json\/wp\/v2\/posts\/116186\/revisions"}],"wp:featuredmedia":[{"embeddable":true,"href":"https:\/\/swissbaker.ch\/fr\/wp-json\/wp\/v2\/media\/116171"}],"wp:attachment":[{"href":"https:\/\/swissbaker.ch\/fr\/wp-json\/wp\/v2\/media?parent=116186"}],"wp:term":[{"taxonomy":"category","embeddable":true,"href":"https:\/\/swissbaker.ch\/fr\/wp-json\/wp\/v2\/categories?post=116186"},{"taxonomy":"post_tag","embeddable":true,"href":"https:\/\/swissbaker.ch\/fr\/wp-json\/wp\/v2\/tags?post=116186"}],"curies":[{"name":"wp","href":"https:\/\/api.w.org\/{rel}","templated":true}]}}