{"id":116103,"date":"2025-01-23T13:51:36","date_gmt":"2025-01-23T12:51:36","guid":{"rendered":"https:\/\/swissbaker.ch\/?p=116103"},"modified":"2025-01-23T13:59:13","modified_gmt":"2025-01-23T12:59:13","slug":"la-huitieme-generation","status":"publish","type":"post","link":"https:\/\/swissbaker.ch\/fr\/panissimo-news\/la-huitieme-generation\/","title":{"rendered":"La huiti\u00e8me g\u00e9n\u00e9ration"},"content":{"rendered":"\n<p><strong>Andrin Meyer fait partie de la huiti\u00e8me g\u00e9n\u00e9ration d&#8217;une famille de boulangers. Ayant pratiquement grandi au fournil, il a toujours su qu&#8217;il voulait embrasser la carri\u00e8re familiale et travailler dans une boulangerie. Il explique dans cet article Our Future ce qu&#8217;il appr\u00e9cie dans le m\u00e9tier, comment il trouve l&#8217;\u00e9quilibre dans sa formation et quels sont ses projets d&#8217;avenir.<\/strong><\/p>\n\n\n\n<p>Je m&#8217;appelle Andrin Meyer, j&#8217;ai 17 ans et je suis en deuxi\u00e8me ann\u00e9e d&#8217;apprentissage de boulanger-p\u00e2tissier CFC \u00e0 la boulangerie pirate Sollberger de Gontenschwil (AG). J&#8217;ai d\u00e9couvert tr\u00e8s t\u00f4t ma passion pour l&#8217;artisanat: mon p\u00e8re dirige \u00e0 Hitzkirch la boulangerie Meyer et son caf\u00e9 depuis sept g\u00e9n\u00e9rations, et je passais d\u00e9j\u00e0 beaucoup de temps dans cette boulangerie lorsque j&#8217;\u00e9tais petit. Enfant, je p\u00e9trissais d\u00e9j\u00e0 la p\u00e2te pour ensuite aider \u00e0 l&#8217;\u00e9taler, ce qui a \u00e9veill\u00e9 en moi le d\u00e9sir d&#8217;apprendre cet art. Je sais que j&#8217;ai fait le bon choix de m\u00e9tier et je n&#8217;ai jamais eu d&#8217;autres aspirations professionnelles.<\/p>\n\n\n\n<h2 class=\"wp-block-heading\" id=\"h-un-grand-changement\"><strong>Un grand changement<\/strong><\/h2>\n\n\n\n<p>Les horaires de travail, en particulier le travail de nuit, ont \u00e9t\u00e9 un grand changement pour moi au d\u00e9but. Mais entre-temps, je m&#8217;y suis habitu\u00e9 et cela ne me d\u00e9range plus du tout.<br>Ce que je trouve plus difficile, c&#8217;est de concilier mes loisirs avec les horaires de travail particuliers. Comme les entra\u00eenements durent parfois jusqu&#8217;\u00e0 22 heures et que je dois me lever \u00e0 2 heures du matin, les nuits sont courtes. Il m&#8217;arrive donc de ne m&#8217;entra\u00eener que jusqu&#8217;\u00e0 21 heures. Heureusement, je n&#8217;ai aucun probl\u00e8me pour dormir l&#8217;apr\u00e8s-midi. Ce qui est bien, c&#8217;est que j&#8217;ai une chambre au sein de l&#8217;entreprise formatrice et que je peux m&#8217;y rendre en moto directement apr\u00e8s l&#8217;entra\u00eenement ou y dormir \u00e0 midi apr\u00e8s le travail, avant de rentrer chez moi.<\/p>\n\n\n\n<h2 class=\"wp-block-heading\" id=\"h-actif-et-creatif\"><strong>Actif et cr\u00e9atif<\/strong><\/h2>\n\n\n\n<p>J&#8217;aime ce m\u00e9tier parce qu\u2019il est actif. C&#8217;est agr\u00e9able de pouvoir \u00eatre cr\u00e9atif et de participer \u00e0 la fabrication des produits du d\u00e9but \u00e0 la fin. Qu&#8217;y a-t-il de mieux que l&#8217;odeur du pain fra\u00eechement cuit?<\/p>\n\n\n\n<p>\u00c0 l&#8217;\u00e9cole professionnelle, la formation dans le domaine cr\u00e9atif occupe une place assez importante, ce dont je n&#8217;avais pas vraiment conscience auparavant. Dans l&#8217;entreprise, on n&#8217;a pas du tout le temps de r\u00e9aliser des cr\u00e9ations en massepain aussi \u00e9labor\u00e9es. J&#8217;ai d\u00e9j\u00e0 suivi deux cours suppl\u00e9mentaires sur le massepain et cette ann\u00e9e, je vais participer \u00e0 deux cours sur les couvertures.<\/p>\n\n\n\n<p>L&#8217;automne dernier, j&#8217;ai particip\u00e9 \u00e0 Creativa depuis l&#8217;\u00e9cole professionnelle. Nous devions d\u00e9corer un g\u00e2teau et des cupcakes sur le th\u00e8me de Hollywood. Cela a pris beaucoup de temps. Il a d&#8217;abord fallu chercher des id\u00e9es, puis tout fabriquer pendant le temps libre. Pour finir, il y a eu une exposition et une remise de prix. J&#8217;ai beaucoup appris et j&#8217;ai aussi bien termin\u00e9.<\/p>\n\n\n\n<h2 class=\"wp-block-heading\" id=\"h-regard-vers-l-avenir\"><strong>Regard vers l\u2019avenir<\/strong><\/h2>\n\n\n\n<p>Mon objectif est de reprendre un jour la boulangerie de mon p\u00e8re. Mais c&#8217;est un grand pas et c&#8217;est encore loin. Je veux m&#8217;y pr\u00e9parer correctement. Pour l&#8217;instant, je me concentre sur la r\u00e9ussite de ma formation et sur le fait de continuer \u00e0 apprendre beaucoup de choses. Il a toujours \u00e9t\u00e9 clair que je ne ferais pas mon apprentissage chez mon p\u00e8re. C&#8217;est la raison pour laquelle j&#8217;ai effectu\u00e9 des stages dans d&#8217;autres entreprises. C&#8217;est la boulangerie pirate Sollberger qui m&#8217;a le plus plu, car j&#8217;ai vu que le travail dans une petite entreprise est vari\u00e9 et que la fabrication des produits y est plus manuelle et moins m\u00e9canique. J&#8217;ai beaucoup de chance avec mon entreprise formatrice. Mon chef est tr\u00e8s innovant et a beaucoup d&#8217;id\u00e9es. Je peux en profiter pleinement.<br>J&#8217;ai \u00e9galement l&#8217;intention de participer \u00e0 des formations continues et de continuer \u00e0 me d\u00e9velopper dans mon travail cr\u00e9atif.<\/p>\n\n\n\n<h2 class=\"wp-block-heading\" id=\"h-equilibre-entre-vie-professionnelle-et-vie-privee\"><strong>Equilibre entre vie professionnelle et vie priv\u00e9e<\/strong><\/h2>\n\n\n\n<p>En dehors du travail et de l&#8217;\u00e9cole, le sport est tr\u00e8s important pour moi. Je m&#8217;entra\u00eene plusieurs fois par semaine \u00e0 la gymnastique aux agr\u00e8s au sein du club de gymnastique local, le STV Hitzkirch. En ce moment, nous nous pr\u00e9parons pour la nouvelle saison de comp\u00e9tition. En musique, nous r\u00e9p\u00e9tons en groupe une chor\u00e9graphie aux barres parall\u00e8les et une autre au sol. Le point fort sera certainement notre participation \u00e0 la F\u00eate f\u00e9d\u00e9rale de gymnastique de Lausanne (VD), o\u00f9 nous montrerons notre savoir-faire.<br>Je suis aussi un skieur passionn\u00e9. En dehors du sport, je suis \u00e9galement moniteur dans la \u00abJungwacht\u00bb et j&#8217;aime passer du temps avec mes amis.<\/p>\n\n\n\n<p>Le m\u00e9tier de boulanger-p\u00e2tissier me comble, car il me permet \u00e0 la fois de travailler de mani\u00e8re artisanale et de m&#8217;\u00e9panouir sur le plan cr\u00e9atif. C&#8217;est pour moi un formidable m\u00e9lange de deux mondes, qui me procure joie et \u00e9panouissement. J&#8217;attends avec impatience les ann\u00e9es \u00e0 venir et me r\u00e9jouis d&#8217;\u00e9voluer.<\/p>\n\n\n\n<p class=\"has-text-align-right\"><em>Andrin Meyer<\/em><br><\/p>\n\n\n\n<p><a id=\"_msocom_1\"><\/a><\/p>\n","protected":false},"excerpt":{"rendered":"<p>Andrin Meyer fait partie de la huiti\u00e8me g\u00e9n\u00e9ration d&#8217;une famille de boulangers. Ayant pratiquement grandi au fournil, il a toujours su qu&#8217;il voulait embrasser la carri\u00e8re familiale et travailler dans une boulangerie. Il explique dans cet article Our Future ce qu&#8217;il appr\u00e9cie dans le m\u00e9tier, comment il trouve l&#8217;\u00e9quilibre dans sa formation et quels sont ses projets d&#8217;avenir.<\/p>\n","protected":false},"author":5,"featured_media":116099,"comment_status":"closed","ping_status":"closed","sticky":false,"template":"","format":"standard","meta":{"_acf_changed":false,"footnotes":""},"categories":[53],"tags":[],"class_list":["post-116103","post","type-post","status-publish","format-standard","has-post-thumbnail","hentry","category-our-future-fr"],"acf":[],"yoast_head":"<!-- This site is optimized with the Yoast SEO Premium plugin v26.8 (Yoast SEO v26.8) - https:\/\/yoast.com\/product\/yoast-seo-premium-wordpress\/ -->\n<title>La huiti\u00e8me g\u00e9n\u00e9ration | SBC<\/title>\n<meta name=\"robots\" content=\"index, follow, max-snippet:-1, max-image-preview:large, max-video-preview:-1\" \/>\n<link rel=\"canonical\" href=\"https:\/\/swissbaker.ch\/fr\/panissimo-news\/la-huitieme-generation\/\" \/>\n<meta property=\"og:locale\" content=\"fr_FR\" \/>\n<meta property=\"og:type\" content=\"article\" \/>\n<meta property=\"og:title\" content=\"La huiti\u00e8me g\u00e9n\u00e9ration\" \/>\n<meta property=\"og:description\" content=\"Andrin Meyer fait partie de la huiti\u00e8me g\u00e9n\u00e9ration d&#039;une famille de boulangers. Ayant pratiquement grandi au fournil, il a toujours su qu&#039;il voulait embrasser la carri\u00e8re familiale et travailler dans une boulangerie. Il explique dans cet article Our Future ce qu&#039;il appr\u00e9cie dans le m\u00e9tier, comment il trouve l&#039;\u00e9quilibre dans sa formation et quels sont ses projets d&#039;avenir.\" \/>\n<meta property=\"og:url\" content=\"https:\/\/swissbaker.ch\/fr\/panissimo-news\/la-huitieme-generation\/\" \/>\n<meta property=\"og:site_name\" content=\"SBC\" \/>\n<meta property=\"article:publisher\" content=\"https:\/\/www.facebook.com\/swissbaker.ch\" \/>\n<meta property=\"article:published_time\" content=\"2025-01-23T12:51:36+00:00\" \/>\n<meta property=\"article:modified_time\" content=\"2025-01-23T12:59:13+00:00\" \/>\n<meta property=\"og:image\" content=\"https:\/\/swissbaker.ch\/wp-content\/uploads\/2025\/01\/2_2_our_future.jpg\" \/>\n\t<meta property=\"og:image:width\" content=\"1200\" \/>\n\t<meta property=\"og:image:height\" content=\"712\" \/>\n\t<meta property=\"og:image:type\" content=\"image\/jpeg\" \/>\n<meta name=\"author\" content=\"Simon Nussbaum\" \/>\n<meta name=\"twitter:card\" content=\"summary_large_image\" \/>\n<meta name=\"twitter:creator\" content=\"@ch_swissbaker\" \/>\n<meta name=\"twitter:site\" content=\"@ch_swissbaker\" \/>\n<meta name=\"twitter:label1\" content=\"Written by\" \/>\n\t<meta name=\"twitter:data1\" content=\"Simon Nussbaum\" \/>\n\t<meta name=\"twitter:label2\" content=\"Est. reading time\" \/>\n\t<meta name=\"twitter:data2\" content=\"4 minutes\" \/>\n<script type=\"application\/ld+json\" class=\"yoast-schema-graph\">{\"@context\":\"https:\/\/schema.org\",\"@graph\":[{\"@type\":\"Article\",\"@id\":\"https:\/\/swissbaker.ch\/fr\/panissimo-news\/la-huitieme-generation\/#article\",\"isPartOf\":{\"@id\":\"https:\/\/swissbaker.ch\/fr\/panissimo-news\/la-huitieme-generation\/\"},\"author\":{\"name\":\"Simon Nussbaum\",\"@id\":\"https:\/\/swissbaker.ch\/fr\/#\/schema\/person\/74bd327b08c18ca6042c02ff6f0ed5e2\"},\"headline\":\"La huiti\u00e8me g\u00e9n\u00e9ration\",\"datePublished\":\"2025-01-23T12:51:36+00:00\",\"dateModified\":\"2025-01-23T12:59:13+00:00\",\"mainEntityOfPage\":{\"@id\":\"https:\/\/swissbaker.ch\/fr\/panissimo-news\/la-huitieme-generation\/\"},\"wordCount\":901,\"publisher\":{\"@id\":\"https:\/\/swissbaker.ch\/fr\/#organization\"},\"image\":{\"@id\":\"https:\/\/swissbaker.ch\/fr\/panissimo-news\/la-huitieme-generation\/#primaryimage\"},\"thumbnailUrl\":\"https:\/\/swissbaker.ch\/wp-content\/uploads\/2025\/01\/2_2_our_future.jpg\",\"articleSection\":[\"Our Future\"],\"inLanguage\":\"fr-FR\"},{\"@type\":\"WebPage\",\"@id\":\"https:\/\/swissbaker.ch\/fr\/panissimo-news\/la-huitieme-generation\/\",\"url\":\"https:\/\/swissbaker.ch\/fr\/panissimo-news\/la-huitieme-generation\/\",\"name\":\"La huiti\u00e8me g\u00e9n\u00e9ration | SBC\",\"isPartOf\":{\"@id\":\"https:\/\/swissbaker.ch\/fr\/#website\"},\"primaryImageOfPage\":{\"@id\":\"https:\/\/swissbaker.ch\/fr\/panissimo-news\/la-huitieme-generation\/#primaryimage\"},\"image\":{\"@id\":\"https:\/\/swissbaker.ch\/fr\/panissimo-news\/la-huitieme-generation\/#primaryimage\"},\"thumbnailUrl\":\"https:\/\/swissbaker.ch\/wp-content\/uploads\/2025\/01\/2_2_our_future.jpg\",\"datePublished\":\"2025-01-23T12:51:36+00:00\",\"dateModified\":\"2025-01-23T12:59:13+00:00\",\"breadcrumb\":{\"@id\":\"https:\/\/swissbaker.ch\/fr\/panissimo-news\/la-huitieme-generation\/#breadcrumb\"},\"inLanguage\":\"fr-FR\",\"potentialAction\":[{\"@type\":\"ReadAction\",\"target\":[\"https:\/\/swissbaker.ch\/fr\/panissimo-news\/la-huitieme-generation\/\"]}]},{\"@type\":\"ImageObject\",\"inLanguage\":\"fr-FR\",\"@id\":\"https:\/\/swissbaker.ch\/fr\/panissimo-news\/la-huitieme-generation\/#primaryimage\",\"url\":\"https:\/\/swissbaker.ch\/wp-content\/uploads\/2025\/01\/2_2_our_future.jpg\",\"contentUrl\":\"https:\/\/swissbaker.ch\/wp-content\/uploads\/2025\/01\/2_2_our_future.jpg\",\"width\":1200,\"height\":712},{\"@type\":\"BreadcrumbList\",\"@id\":\"https:\/\/swissbaker.ch\/fr\/panissimo-news\/la-huitieme-generation\/#breadcrumb\",\"itemListElement\":[{\"@type\":\"ListItem\",\"position\":1,\"name\":\"\",\"item\":\"https:\/\/swissbaker.ch\/fr\/\"},{\"@type\":\"ListItem\",\"position\":2,\"name\":\"Our Future\",\"item\":\"https:\/\/swissbaker.ch\/fr\/panissimo-news\/category\/our-future-fr\/\"},{\"@type\":\"ListItem\",\"position\":3,\"name\":\"La huiti\u00e8me g\u00e9n\u00e9ration\"}]},{\"@type\":\"WebSite\",\"@id\":\"https:\/\/swissbaker.ch\/fr\/#website\",\"url\":\"https:\/\/swissbaker.ch\/fr\/\",\"name\":\"SBC\",\"description\":\"\",\"publisher\":{\"@id\":\"https:\/\/swissbaker.ch\/fr\/#organization\"},\"potentialAction\":[{\"@type\":\"SearchAction\",\"target\":{\"@type\":\"EntryPoint\",\"urlTemplate\":\"https:\/\/swissbaker.ch\/fr\/?s={search_term_string}\"},\"query-input\":{\"@type\":\"PropertyValueSpecification\",\"valueRequired\":true,\"valueName\":\"search_term_string\"}}],\"inLanguage\":\"fr-FR\"},{\"@type\":\"Organization\",\"@id\":\"https:\/\/swissbaker.ch\/fr\/#organization\",\"name\":\"Schweizerischer B\u00e4cker-Confiseurmeister-Verband\",\"url\":\"https:\/\/swissbaker.ch\/fr\/\",\"logo\":{\"@type\":\"ImageObject\",\"inLanguage\":\"fr-FR\",\"@id\":\"https:\/\/swissbaker.ch\/fr\/#\/schema\/logo\/image\/\",\"url\":\"https:\/\/swissbaker.ch\/wp-content\/uploads\/2022\/04\/sbc-logo-yoast.jpg\",\"contentUrl\":\"https:\/\/swissbaker.ch\/wp-content\/uploads\/2022\/04\/sbc-logo-yoast.jpg\",\"width\":512,\"height\":512,\"caption\":\"Schweizerischer B\u00e4cker-Confiseurmeister-Verband\"},\"image\":{\"@id\":\"https:\/\/swissbaker.ch\/fr\/#\/schema\/logo\/image\/\"},\"sameAs\":[\"https:\/\/www.facebook.com\/swissbaker.ch\",\"https:\/\/x.com\/ch_swissbaker\"]},{\"@type\":\"Person\",\"@id\":\"https:\/\/swissbaker.ch\/fr\/#\/schema\/person\/74bd327b08c18ca6042c02ff6f0ed5e2\",\"name\":\"Simon Nussbaum\",\"image\":{\"@type\":\"ImageObject\",\"inLanguage\":\"fr-FR\",\"@id\":\"https:\/\/swissbaker.ch\/fr\/#\/schema\/person\/image\/\",\"url\":\"https:\/\/secure.gravatar.com\/avatar\/df0eced3bb556c806cb760cf503ade1ed1df25b4104d80d6fd28d93a9509aa12?s=96&d=mm&r=g\",\"contentUrl\":\"https:\/\/secure.gravatar.com\/avatar\/df0eced3bb556c806cb760cf503ade1ed1df25b4104d80d6fd28d93a9509aa12?s=96&d=mm&r=g\",\"caption\":\"Simon Nussbaum\"},\"url\":\"https:\/\/swissbaker.ch\/fr\/panissimo-news\/author\/simon-nussbaum\/\"}]}<\/script>\n<!-- \/ Yoast SEO Premium plugin. -->","yoast_head_json":{"title":"La huiti\u00e8me g\u00e9n\u00e9ration | SBC","robots":{"index":"index","follow":"follow","max-snippet":"max-snippet:-1","max-image-preview":"max-image-preview:large","max-video-preview":"max-video-preview:-1"},"canonical":"https:\/\/swissbaker.ch\/fr\/panissimo-news\/la-huitieme-generation\/","og_locale":"fr_FR","og_type":"article","og_title":"La huiti\u00e8me g\u00e9n\u00e9ration","og_description":"Andrin Meyer fait partie de la huiti\u00e8me g\u00e9n\u00e9ration d'une famille de boulangers. Ayant pratiquement grandi au fournil, il a toujours su qu'il voulait embrasser la carri\u00e8re familiale et travailler dans une boulangerie. Il explique dans cet article Our Future ce qu'il appr\u00e9cie dans le m\u00e9tier, comment il trouve l'\u00e9quilibre dans sa formation et quels sont ses projets d'avenir.","og_url":"https:\/\/swissbaker.ch\/fr\/panissimo-news\/la-huitieme-generation\/","og_site_name":"SBC","article_publisher":"https:\/\/www.facebook.com\/swissbaker.ch","article_published_time":"2025-01-23T12:51:36+00:00","article_modified_time":"2025-01-23T12:59:13+00:00","og_image":[{"width":1200,"height":712,"url":"https:\/\/swissbaker.ch\/wp-content\/uploads\/2025\/01\/2_2_our_future.jpg","type":"image\/jpeg"}],"author":"Simon Nussbaum","twitter_card":"summary_large_image","twitter_creator":"@ch_swissbaker","twitter_site":"@ch_swissbaker","twitter_misc":{"Written by":"Simon Nussbaum","Est. reading time":"4 minutes"},"schema":{"@context":"https:\/\/schema.org","@graph":[{"@type":"Article","@id":"https:\/\/swissbaker.ch\/fr\/panissimo-news\/la-huitieme-generation\/#article","isPartOf":{"@id":"https:\/\/swissbaker.ch\/fr\/panissimo-news\/la-huitieme-generation\/"},"author":{"name":"Simon Nussbaum","@id":"https:\/\/swissbaker.ch\/fr\/#\/schema\/person\/74bd327b08c18ca6042c02ff6f0ed5e2"},"headline":"La huiti\u00e8me g\u00e9n\u00e9ration","datePublished":"2025-01-23T12:51:36+00:00","dateModified":"2025-01-23T12:59:13+00:00","mainEntityOfPage":{"@id":"https:\/\/swissbaker.ch\/fr\/panissimo-news\/la-huitieme-generation\/"},"wordCount":901,"publisher":{"@id":"https:\/\/swissbaker.ch\/fr\/#organization"},"image":{"@id":"https:\/\/swissbaker.ch\/fr\/panissimo-news\/la-huitieme-generation\/#primaryimage"},"thumbnailUrl":"https:\/\/swissbaker.ch\/wp-content\/uploads\/2025\/01\/2_2_our_future.jpg","articleSection":["Our Future"],"inLanguage":"fr-FR"},{"@type":"WebPage","@id":"https:\/\/swissbaker.ch\/fr\/panissimo-news\/la-huitieme-generation\/","url":"https:\/\/swissbaker.ch\/fr\/panissimo-news\/la-huitieme-generation\/","name":"La huiti\u00e8me g\u00e9n\u00e9ration | SBC","isPartOf":{"@id":"https:\/\/swissbaker.ch\/fr\/#website"},"primaryImageOfPage":{"@id":"https:\/\/swissbaker.ch\/fr\/panissimo-news\/la-huitieme-generation\/#primaryimage"},"image":{"@id":"https:\/\/swissbaker.ch\/fr\/panissimo-news\/la-huitieme-generation\/#primaryimage"},"thumbnailUrl":"https:\/\/swissbaker.ch\/wp-content\/uploads\/2025\/01\/2_2_our_future.jpg","datePublished":"2025-01-23T12:51:36+00:00","dateModified":"2025-01-23T12:59:13+00:00","breadcrumb":{"@id":"https:\/\/swissbaker.ch\/fr\/panissimo-news\/la-huitieme-generation\/#breadcrumb"},"inLanguage":"fr-FR","potentialAction":[{"@type":"ReadAction","target":["https:\/\/swissbaker.ch\/fr\/panissimo-news\/la-huitieme-generation\/"]}]},{"@type":"ImageObject","inLanguage":"fr-FR","@id":"https:\/\/swissbaker.ch\/fr\/panissimo-news\/la-huitieme-generation\/#primaryimage","url":"https:\/\/swissbaker.ch\/wp-content\/uploads\/2025\/01\/2_2_our_future.jpg","contentUrl":"https:\/\/swissbaker.ch\/wp-content\/uploads\/2025\/01\/2_2_our_future.jpg","width":1200,"height":712},{"@type":"BreadcrumbList","@id":"https:\/\/swissbaker.ch\/fr\/panissimo-news\/la-huitieme-generation\/#breadcrumb","itemListElement":[{"@type":"ListItem","position":1,"name":"","item":"https:\/\/swissbaker.ch\/fr\/"},{"@type":"ListItem","position":2,"name":"Our Future","item":"https:\/\/swissbaker.ch\/fr\/panissimo-news\/category\/our-future-fr\/"},{"@type":"ListItem","position":3,"name":"La huiti\u00e8me g\u00e9n\u00e9ration"}]},{"@type":"WebSite","@id":"https:\/\/swissbaker.ch\/fr\/#website","url":"https:\/\/swissbaker.ch\/fr\/","name":"SBC","description":"","publisher":{"@id":"https:\/\/swissbaker.ch\/fr\/#organization"},"potentialAction":[{"@type":"SearchAction","target":{"@type":"EntryPoint","urlTemplate":"https:\/\/swissbaker.ch\/fr\/?s={search_term_string}"},"query-input":{"@type":"PropertyValueSpecification","valueRequired":true,"valueName":"search_term_string"}}],"inLanguage":"fr-FR"},{"@type":"Organization","@id":"https:\/\/swissbaker.ch\/fr\/#organization","name":"Schweizerischer B\u00e4cker-Confiseurmeister-Verband","url":"https:\/\/swissbaker.ch\/fr\/","logo":{"@type":"ImageObject","inLanguage":"fr-FR","@id":"https:\/\/swissbaker.ch\/fr\/#\/schema\/logo\/image\/","url":"https:\/\/swissbaker.ch\/wp-content\/uploads\/2022\/04\/sbc-logo-yoast.jpg","contentUrl":"https:\/\/swissbaker.ch\/wp-content\/uploads\/2022\/04\/sbc-logo-yoast.jpg","width":512,"height":512,"caption":"Schweizerischer B\u00e4cker-Confiseurmeister-Verband"},"image":{"@id":"https:\/\/swissbaker.ch\/fr\/#\/schema\/logo\/image\/"},"sameAs":["https:\/\/www.facebook.com\/swissbaker.ch","https:\/\/x.com\/ch_swissbaker"]},{"@type":"Person","@id":"https:\/\/swissbaker.ch\/fr\/#\/schema\/person\/74bd327b08c18ca6042c02ff6f0ed5e2","name":"Simon Nussbaum","image":{"@type":"ImageObject","inLanguage":"fr-FR","@id":"https:\/\/swissbaker.ch\/fr\/#\/schema\/person\/image\/","url":"https:\/\/secure.gravatar.com\/avatar\/df0eced3bb556c806cb760cf503ade1ed1df25b4104d80d6fd28d93a9509aa12?s=96&d=mm&r=g","contentUrl":"https:\/\/secure.gravatar.com\/avatar\/df0eced3bb556c806cb760cf503ade1ed1df25b4104d80d6fd28d93a9509aa12?s=96&d=mm&r=g","caption":"Simon Nussbaum"},"url":"https:\/\/swissbaker.ch\/fr\/panissimo-news\/author\/simon-nussbaum\/"}]}},"_links":{"self":[{"href":"https:\/\/swissbaker.ch\/fr\/wp-json\/wp\/v2\/posts\/116103","targetHints":{"allow":["GET"]}}],"collection":[{"href":"https:\/\/swissbaker.ch\/fr\/wp-json\/wp\/v2\/posts"}],"about":[{"href":"https:\/\/swissbaker.ch\/fr\/wp-json\/wp\/v2\/types\/post"}],"author":[{"embeddable":true,"href":"https:\/\/swissbaker.ch\/fr\/wp-json\/wp\/v2\/users\/5"}],"replies":[{"embeddable":true,"href":"https:\/\/swissbaker.ch\/fr\/wp-json\/wp\/v2\/comments?post=116103"}],"version-history":[{"count":0,"href":"https:\/\/swissbaker.ch\/fr\/wp-json\/wp\/v2\/posts\/116103\/revisions"}],"wp:featuredmedia":[{"embeddable":true,"href":"https:\/\/swissbaker.ch\/fr\/wp-json\/wp\/v2\/media\/116099"}],"wp:attachment":[{"href":"https:\/\/swissbaker.ch\/fr\/wp-json\/wp\/v2\/media?parent=116103"}],"wp:term":[{"taxonomy":"category","embeddable":true,"href":"https:\/\/swissbaker.ch\/fr\/wp-json\/wp\/v2\/categories?post=116103"},{"taxonomy":"post_tag","embeddable":true,"href":"https:\/\/swissbaker.ch\/fr\/wp-json\/wp\/v2\/tags?post=116103"}],"curies":[{"name":"wp","href":"https:\/\/api.w.org\/{rel}","templated":true}]}}