{"id":115907,"date":"2025-01-22T10:29:00","date_gmt":"2025-01-22T09:29:00","guid":{"rendered":"https:\/\/swissbaker.ch\/?p=115907"},"modified":"2025-01-24T08:25:30","modified_gmt":"2025-01-24T07:25:30","slug":"lorigine-suisse-fait-la-difference-rejoignez-le-mouvement","status":"publish","type":"post","link":"https:\/\/swissbaker.ch\/fr\/panissimo-news\/lorigine-suisse-fait-la-difference-rejoignez-le-mouvement\/","title":{"rendered":"L&#8217;origine suisse fait la diff\u00e9rence \u2013 rejoignez le mouvement !"},"content":{"rendered":"\n<p><strong>Les produits de boulangerie d\u2019origine suisse sont synonymes de fra\u00eecheur, de qualit\u00e9 ainsi que de production et de transformation responsables \u2013 des valeurs qui nous unissent toutes et tous. Pourtant, l\u2019importation de produits de boulangerie ne cesse d\u2019augmenter. \u00c0 partir de f\u00e9vrier 2025, la nouvelle obligation de d\u00e9claration cr\u00e9era de la transparence et permettra de choisir en toute connaissance de cause des produits d\u2019origine suisse lors de l\u2019achat de pain et de produits de boulangerie fine, pour plus de diversit\u00e9, de durabilit\u00e9 et d\u2019artisanat local. Avec la campagne \u00abRegarde bien, en achetant du pain\u00bb, l\u2019association Pain suisse envoie un signal fort, pour se r\u00e9galer en toute s\u00e9r\u00e9nit\u00e9. Participez \u00e0 la campagne et renforcez notre artisanat local !<\/strong><\/p>\n\n\n\n<p>Pas moins de 57 pour cent des Suissesses et des Suisses imaginent que le pain et les produits de boulangerie fine sont produits et cuits en Suisse. Et 75 pour cent des consommatrices et consommateurs pr\u00e9f\u00e8rent le pain suisse, qu\u2019ils associent \u00e0 la fra\u00eecheur, \u00e0 la qualit\u00e9, \u00e0 la diversit\u00e9, au go\u00fbt et \u00e0 une production responsable. Mais, dans les faits, l\u2019\u00e9volution est tout autre : l\u2019importation de produits de boulangerie a presque tripl\u00e9 au cours des 20 derni\u00e8res ann\u00e9es, pour atteindre 15&#8217;000 tonnes. Ce chiffre montre que tous les pains et produits de boulangerie fine ne proviennent pas de Suisse.<\/p>\n\n\n\n<p>\u00c0 partir du 1er f\u00e9vrier 2025, l\u2019obligation de d\u00e9clarer l\u2019origine du pain et des produits de boulangerie fine garantira plus de transparence lors de l\u2019achat de pain. Ainsi, les consommatrices et consommateurs pourront en toute connaissance de cause faire le choix de la qualit\u00e9 et de l\u2019artisanat suisses.<\/p>\n\n\n\n<h2 class=\"wp-block-heading\" id=\"h-la-campagne-regarde-bien-en-achetant-du-pain\">La campagne \u00abRegarde bien, en achetant du pain\u00bb<\/h2>\n\n\n\n<p>Du 10.02 au 24.02, l\u2019association Pain suisse soutient cette nouvelle directive en mati\u00e8re de transparence avec sa campagne nationale \u00abRegarde bien, en achetant du pain\u00bb, dont le message est le suivant : \u00abSuisse \u00bb \u00e0 l\u2019ext\u00e9rieur, ingr\u00e9dients suisses \u00e0 l\u2019int\u00e9rieur. \u00c0 travers diff\u00e9rents sujets, la campagne sensibilise les consommatrices et consommateurs lors de l\u2019achat de pain et les incite \u00e0 veiller \u00e0 l\u2019origine suisse des produits et \u00e0 promouvoir l\u2019artisanat local.<\/p>\n\n\n\n<figure class=\"wp-block-image size-large\"><img decoding=\"async\" width=\"1024\" height=\"478\" src=\"https:\/\/swissbaker.ch\/wp-content\/uploads\/2025\/01\/2_1_schweizerbrot_orignial_fr-1024x478.jpg\" alt=\"\" class=\"wp-image-115916\" srcset=\"https:\/\/swissbaker.ch\/wp-content\/uploads\/2025\/01\/2_1_schweizerbrot_orignial_fr-1024x478.jpg 1024w, https:\/\/swissbaker.ch\/wp-content\/uploads\/2025\/01\/2_1_schweizerbrot_orignial_fr-768x358.jpg 768w, https:\/\/swissbaker.ch\/wp-content\/uploads\/2025\/01\/2_1_schweizerbrot_orignial_fr.jpg 1200w\" sizes=\"(max-width: 1024px) 100vw, 1024px\" \/><figcaption class=\"wp-element-caption\"><em>\u00c0 partir du 10 f\u00e9vrier : diffusion de la nouvelle campagne en faveur du pain et des produits de boulangerie fine d\u2019origine suisse sur des affiches et des canaux en ligne.<\/em><\/figcaption><\/figure>\n\n\n\n<h2 class=\"wp-block-heading\" id=\"h-les-avantages-de-l-origine-suisse\">Les avantages de l&#8217;origine suisse<\/h2>\n\n\n\n<p>En choisissant des produits d\u2019origine suisse, les consommatrices et consommateurs b\u00e9n\u00e9ficient d\u2019un produit suisse de qualit\u00e9, fabriqu\u00e9 avec amour. Les avantages <\/p>\n\n\n\n<ul class=\"wp-block-list\">\n<li><strong>Plaisir et qualit\u00e9 :<\/strong> <br>Le pain suisse et les produits de boulangerie fine, qui se d\u00e9clinent en de nombreuses sp\u00e9cialit\u00e9s r\u00e9gionales et saisonni\u00e8res, s\u00e9duisent par leur go\u00fbt incomparable.<br><\/li>\n\n\n\n<li><strong>Diversit\u00e9 :<\/strong> <br>Avec pr\u00e8s de 300 sortes de pains au choix, il existe une vari\u00e9t\u00e9 pour accompagner chaque repas.<br><\/li>\n\n\n\n<li><strong>Durabilit\u00e9 :<\/strong> <br>La production \u00e9cologique et les circuits de transport courts contribuent efficacement \u00e0 la durabilit\u00e9.<br><\/li>\n\n\n\n<li><strong>Promotion de la cr\u00e9ation de valeur en Suisse :<\/strong> <br>En achetant du pain suisse, les consommatrices et consommateurs soutiennent la formation et l\u2019emploi \u00e0 tous les niveaux, des producteurs de c\u00e9r\u00e9ales aux boulangers, en passant par les meuniers.<\/li>\n<\/ul>\n\n\n\n<p class=\"has-text-align-right\"><em>Association Pain suisse<\/em><\/p>\n\n\n\n<hr class=\"wp-block-separator has-alpha-channel-opacity\"\/>\n\n\n\n<h3 class=\"wp-block-heading\" id=\"h-rejoignez-le-mouvement-et-envoyez-un-signal-fort\">Rejoignez le mouvement. Et envoyez un signal fort.<\/h3>\n\n\n\n<p>Participez activement \u00e0 la campagne et contribuez \u00e0 renforcer la sensibilisation en faveur du pain et des produits de boulangerie fine d\u2019origine suisse. Chaque d\u00e9cision compte, pour un artisanat boulanger suisse fort et durable. Le lien suivant vous permet d\u2019acc\u00e9der \u00e0 du mat\u00e9riel de communication utile pour une participation active.<br><a href=\"https:\/\/swissbaker.ch\/fr\/produktkategorie\/plakate-schweizer-brot-fr\/\" target=\"_blank\" rel=\"noreferrer noopener\"><strong>swissbaker.ch\/promoshop&#8230;\u00bb<\/strong><\/a><\/p>\n\n\n\n<p><\/p>\n\n\n\n<p><\/p>\n\n\n\n<p><\/p>\n\n\n\n<p><\/p>\n\n\n\n<p><\/p>\n\n\n\n<p><\/p>\n","protected":false},"excerpt":{"rendered":"<p>Les produits de boulangerie d\u2019origine suisse sont synonymes de fra\u00eecheur, de qualit\u00e9 ainsi que de<br \/>\nproduction et de transformation responsables \u2013 des valeurs qui nous unissent toutes et tous. Pourtant,<br \/>\nl\u2019importation de produits de boulangerie ne cesse d\u2019augmenter. \u00c0 partir de f\u00e9vrier 2025, la nouvelle<br \/>\nobligation de d\u00e9claration cr\u00e9era de la transparence et permettra de choisir en toute connaissance de<br \/>\ncause des produits d\u2019origine suisse lors de l\u2019achat de pain et de produits de boulangerie fine, pour plus<br \/>\nde diversit\u00e9, de durabilit\u00e9 et d\u2019artisanat local.<\/p>\n","protected":false},"author":5,"featured_media":116125,"comment_status":"closed","ping_status":"closed","sticky":true,"template":"","format":"standard","meta":{"_acf_changed":false,"footnotes":""},"categories":[50],"tags":[],"class_list":["post-115907","post","type-post","status-publish","format-standard","has-post-thumbnail","hentry","category-vente-marketing"],"acf":[],"yoast_head":"<!-- This site is optimized with the Yoast SEO Premium plugin v26.8 (Yoast SEO v26.8) - https:\/\/yoast.com\/product\/yoast-seo-premium-wordpress\/ -->\n<title>L&#039;origine suisse fait la diff\u00e9rence \u2013 rejoignez le mouvement ! | SBC<\/title>\n<meta name=\"robots\" content=\"index, follow, max-snippet:-1, max-image-preview:large, max-video-preview:-1\" \/>\n<link rel=\"canonical\" href=\"https:\/\/swissbaker.ch\/fr\/panissimo-news\/lorigine-suisse-fait-la-difference-rejoignez-le-mouvement\/\" \/>\n<meta property=\"og:locale\" content=\"fr_FR\" \/>\n<meta property=\"og:type\" content=\"article\" \/>\n<meta property=\"og:title\" content=\"L&#039;origine suisse fait la diff\u00e9rence \u2013 rejoignez le mouvement !\" \/>\n<meta property=\"og:description\" content=\"Les produits de boulangerie d\u2019origine suisse sont synonymes de fra\u00eecheur, de qualit\u00e9 ainsi que de production et de transformation responsables \u2013 des valeurs qui nous unissent toutes et tous. Pourtant, l\u2019importation de produits de boulangerie ne cesse d\u2019augmenter. \u00c0 partir de f\u00e9vrier 2025, la nouvelle obligation de d\u00e9claration cr\u00e9era de la transparence et permettra de choisir en toute connaissance de cause des produits d\u2019origine suisse lors de l\u2019achat de pain et de produits de boulangerie fine, pour plus de diversit\u00e9, de durabilit\u00e9 et d\u2019artisanat local.\" \/>\n<meta property=\"og:url\" content=\"https:\/\/swissbaker.ch\/fr\/panissimo-news\/lorigine-suisse-fait-la-difference-rejoignez-le-mouvement\/\" \/>\n<meta property=\"og:site_name\" content=\"SBC\" \/>\n<meta property=\"article:publisher\" content=\"https:\/\/www.facebook.com\/swissbaker.ch\" \/>\n<meta property=\"article:published_time\" content=\"2025-01-22T09:29:00+00:00\" \/>\n<meta property=\"article:modified_time\" content=\"2025-01-24T07:25:30+00:00\" \/>\n<meta property=\"og:image\" content=\"https:\/\/swissbaker.ch\/wp-content\/uploads\/2025\/01\/schweizerbrot_2025_f.jpg\" \/>\n\t<meta property=\"og:image:width\" content=\"1200\" \/>\n\t<meta property=\"og:image:height\" content=\"712\" \/>\n\t<meta property=\"og:image:type\" content=\"image\/jpeg\" \/>\n<meta name=\"author\" content=\"Simon Nussbaum\" \/>\n<meta name=\"twitter:card\" content=\"summary_large_image\" \/>\n<meta name=\"twitter:creator\" content=\"@ch_swissbaker\" \/>\n<meta name=\"twitter:site\" content=\"@ch_swissbaker\" \/>\n<meta name=\"twitter:label1\" content=\"Written by\" \/>\n\t<meta name=\"twitter:data1\" content=\"Simon Nussbaum\" \/>\n\t<meta name=\"twitter:label2\" content=\"Est. reading time\" \/>\n\t<meta name=\"twitter:data2\" content=\"3 minutes\" \/>\n<script type=\"application\/ld+json\" class=\"yoast-schema-graph\">{\"@context\":\"https:\/\/schema.org\",\"@graph\":[{\"@type\":\"Article\",\"@id\":\"https:\/\/swissbaker.ch\/fr\/panissimo-news\/lorigine-suisse-fait-la-difference-rejoignez-le-mouvement\/#article\",\"isPartOf\":{\"@id\":\"https:\/\/swissbaker.ch\/fr\/panissimo-news\/lorigine-suisse-fait-la-difference-rejoignez-le-mouvement\/\"},\"author\":{\"name\":\"Simon Nussbaum\",\"@id\":\"https:\/\/swissbaker.ch\/fr\/#\/schema\/person\/74bd327b08c18ca6042c02ff6f0ed5e2\"},\"headline\":\"L&#8217;origine suisse fait la diff\u00e9rence \u2013 rejoignez le mouvement !\",\"datePublished\":\"2025-01-22T09:29:00+00:00\",\"dateModified\":\"2025-01-24T07:25:30+00:00\",\"mainEntityOfPage\":{\"@id\":\"https:\/\/swissbaker.ch\/fr\/panissimo-news\/lorigine-suisse-fait-la-difference-rejoignez-le-mouvement\/\"},\"wordCount\":603,\"publisher\":{\"@id\":\"https:\/\/swissbaker.ch\/fr\/#organization\"},\"image\":{\"@id\":\"https:\/\/swissbaker.ch\/fr\/panissimo-news\/lorigine-suisse-fait-la-difference-rejoignez-le-mouvement\/#primaryimage\"},\"thumbnailUrl\":\"https:\/\/swissbaker.ch\/wp-content\/uploads\/2025\/01\/schweizerbrot_2025_f.jpg\",\"articleSection\":[\"Vente\/Marketing\"],\"inLanguage\":\"fr-FR\"},{\"@type\":\"WebPage\",\"@id\":\"https:\/\/swissbaker.ch\/fr\/panissimo-news\/lorigine-suisse-fait-la-difference-rejoignez-le-mouvement\/\",\"url\":\"https:\/\/swissbaker.ch\/fr\/panissimo-news\/lorigine-suisse-fait-la-difference-rejoignez-le-mouvement\/\",\"name\":\"L'origine suisse fait la diff\u00e9rence \u2013 rejoignez le mouvement ! | SBC\",\"isPartOf\":{\"@id\":\"https:\/\/swissbaker.ch\/fr\/#website\"},\"primaryImageOfPage\":{\"@id\":\"https:\/\/swissbaker.ch\/fr\/panissimo-news\/lorigine-suisse-fait-la-difference-rejoignez-le-mouvement\/#primaryimage\"},\"image\":{\"@id\":\"https:\/\/swissbaker.ch\/fr\/panissimo-news\/lorigine-suisse-fait-la-difference-rejoignez-le-mouvement\/#primaryimage\"},\"thumbnailUrl\":\"https:\/\/swissbaker.ch\/wp-content\/uploads\/2025\/01\/schweizerbrot_2025_f.jpg\",\"datePublished\":\"2025-01-22T09:29:00+00:00\",\"dateModified\":\"2025-01-24T07:25:30+00:00\",\"breadcrumb\":{\"@id\":\"https:\/\/swissbaker.ch\/fr\/panissimo-news\/lorigine-suisse-fait-la-difference-rejoignez-le-mouvement\/#breadcrumb\"},\"inLanguage\":\"fr-FR\",\"potentialAction\":[{\"@type\":\"ReadAction\",\"target\":[\"https:\/\/swissbaker.ch\/fr\/panissimo-news\/lorigine-suisse-fait-la-difference-rejoignez-le-mouvement\/\"]}]},{\"@type\":\"ImageObject\",\"inLanguage\":\"fr-FR\",\"@id\":\"https:\/\/swissbaker.ch\/fr\/panissimo-news\/lorigine-suisse-fait-la-difference-rejoignez-le-mouvement\/#primaryimage\",\"url\":\"https:\/\/swissbaker.ch\/wp-content\/uploads\/2025\/01\/schweizerbrot_2025_f.jpg\",\"contentUrl\":\"https:\/\/swissbaker.ch\/wp-content\/uploads\/2025\/01\/schweizerbrot_2025_f.jpg\",\"width\":1200,\"height\":712},{\"@type\":\"BreadcrumbList\",\"@id\":\"https:\/\/swissbaker.ch\/fr\/panissimo-news\/lorigine-suisse-fait-la-difference-rejoignez-le-mouvement\/#breadcrumb\",\"itemListElement\":[{\"@type\":\"ListItem\",\"position\":1,\"name\":\"\",\"item\":\"https:\/\/swissbaker.ch\/fr\/\"},{\"@type\":\"ListItem\",\"position\":2,\"name\":\"Vente\/Marketing\",\"item\":\"https:\/\/swissbaker.ch\/fr\/panissimo-news\/category\/vente-marketing\/\"},{\"@type\":\"ListItem\",\"position\":3,\"name\":\"L&#8217;origine suisse fait la diff\u00e9rence \u2013 rejoignez le mouvement !\"}]},{\"@type\":\"WebSite\",\"@id\":\"https:\/\/swissbaker.ch\/fr\/#website\",\"url\":\"https:\/\/swissbaker.ch\/fr\/\",\"name\":\"SBC\",\"description\":\"\",\"publisher\":{\"@id\":\"https:\/\/swissbaker.ch\/fr\/#organization\"},\"potentialAction\":[{\"@type\":\"SearchAction\",\"target\":{\"@type\":\"EntryPoint\",\"urlTemplate\":\"https:\/\/swissbaker.ch\/fr\/?s={search_term_string}\"},\"query-input\":{\"@type\":\"PropertyValueSpecification\",\"valueRequired\":true,\"valueName\":\"search_term_string\"}}],\"inLanguage\":\"fr-FR\"},{\"@type\":\"Organization\",\"@id\":\"https:\/\/swissbaker.ch\/fr\/#organization\",\"name\":\"Schweizerischer B\u00e4cker-Confiseurmeister-Verband\",\"url\":\"https:\/\/swissbaker.ch\/fr\/\",\"logo\":{\"@type\":\"ImageObject\",\"inLanguage\":\"fr-FR\",\"@id\":\"https:\/\/swissbaker.ch\/fr\/#\/schema\/logo\/image\/\",\"url\":\"https:\/\/swissbaker.ch\/wp-content\/uploads\/2022\/04\/sbc-logo-yoast.jpg\",\"contentUrl\":\"https:\/\/swissbaker.ch\/wp-content\/uploads\/2022\/04\/sbc-logo-yoast.jpg\",\"width\":512,\"height\":512,\"caption\":\"Schweizerischer B\u00e4cker-Confiseurmeister-Verband\"},\"image\":{\"@id\":\"https:\/\/swissbaker.ch\/fr\/#\/schema\/logo\/image\/\"},\"sameAs\":[\"https:\/\/www.facebook.com\/swissbaker.ch\",\"https:\/\/x.com\/ch_swissbaker\"]},{\"@type\":\"Person\",\"@id\":\"https:\/\/swissbaker.ch\/fr\/#\/schema\/person\/74bd327b08c18ca6042c02ff6f0ed5e2\",\"name\":\"Simon Nussbaum\",\"image\":{\"@type\":\"ImageObject\",\"inLanguage\":\"fr-FR\",\"@id\":\"https:\/\/swissbaker.ch\/fr\/#\/schema\/person\/image\/\",\"url\":\"https:\/\/secure.gravatar.com\/avatar\/df0eced3bb556c806cb760cf503ade1ed1df25b4104d80d6fd28d93a9509aa12?s=96&d=mm&r=g\",\"contentUrl\":\"https:\/\/secure.gravatar.com\/avatar\/df0eced3bb556c806cb760cf503ade1ed1df25b4104d80d6fd28d93a9509aa12?s=96&d=mm&r=g\",\"caption\":\"Simon Nussbaum\"},\"url\":\"https:\/\/swissbaker.ch\/fr\/panissimo-news\/author\/simon-nussbaum\/\"}]}<\/script>\n<!-- \/ Yoast SEO Premium plugin. -->","yoast_head_json":{"title":"L'origine suisse fait la diff\u00e9rence \u2013 rejoignez le mouvement ! | SBC","robots":{"index":"index","follow":"follow","max-snippet":"max-snippet:-1","max-image-preview":"max-image-preview:large","max-video-preview":"max-video-preview:-1"},"canonical":"https:\/\/swissbaker.ch\/fr\/panissimo-news\/lorigine-suisse-fait-la-difference-rejoignez-le-mouvement\/","og_locale":"fr_FR","og_type":"article","og_title":"L'origine suisse fait la diff\u00e9rence \u2013 rejoignez le mouvement !","og_description":"Les produits de boulangerie d\u2019origine suisse sont synonymes de fra\u00eecheur, de qualit\u00e9 ainsi que de production et de transformation responsables \u2013 des valeurs qui nous unissent toutes et tous. Pourtant, l\u2019importation de produits de boulangerie ne cesse d\u2019augmenter. \u00c0 partir de f\u00e9vrier 2025, la nouvelle obligation de d\u00e9claration cr\u00e9era de la transparence et permettra de choisir en toute connaissance de cause des produits d\u2019origine suisse lors de l\u2019achat de pain et de produits de boulangerie fine, pour plus de diversit\u00e9, de durabilit\u00e9 et d\u2019artisanat local.","og_url":"https:\/\/swissbaker.ch\/fr\/panissimo-news\/lorigine-suisse-fait-la-difference-rejoignez-le-mouvement\/","og_site_name":"SBC","article_publisher":"https:\/\/www.facebook.com\/swissbaker.ch","article_published_time":"2025-01-22T09:29:00+00:00","article_modified_time":"2025-01-24T07:25:30+00:00","og_image":[{"width":1200,"height":712,"url":"https:\/\/swissbaker.ch\/wp-content\/uploads\/2025\/01\/schweizerbrot_2025_f.jpg","type":"image\/jpeg"}],"author":"Simon Nussbaum","twitter_card":"summary_large_image","twitter_creator":"@ch_swissbaker","twitter_site":"@ch_swissbaker","twitter_misc":{"Written by":"Simon Nussbaum","Est. reading time":"3 minutes"},"schema":{"@context":"https:\/\/schema.org","@graph":[{"@type":"Article","@id":"https:\/\/swissbaker.ch\/fr\/panissimo-news\/lorigine-suisse-fait-la-difference-rejoignez-le-mouvement\/#article","isPartOf":{"@id":"https:\/\/swissbaker.ch\/fr\/panissimo-news\/lorigine-suisse-fait-la-difference-rejoignez-le-mouvement\/"},"author":{"name":"Simon Nussbaum","@id":"https:\/\/swissbaker.ch\/fr\/#\/schema\/person\/74bd327b08c18ca6042c02ff6f0ed5e2"},"headline":"L&#8217;origine suisse fait la diff\u00e9rence \u2013 rejoignez le mouvement !","datePublished":"2025-01-22T09:29:00+00:00","dateModified":"2025-01-24T07:25:30+00:00","mainEntityOfPage":{"@id":"https:\/\/swissbaker.ch\/fr\/panissimo-news\/lorigine-suisse-fait-la-difference-rejoignez-le-mouvement\/"},"wordCount":603,"publisher":{"@id":"https:\/\/swissbaker.ch\/fr\/#organization"},"image":{"@id":"https:\/\/swissbaker.ch\/fr\/panissimo-news\/lorigine-suisse-fait-la-difference-rejoignez-le-mouvement\/#primaryimage"},"thumbnailUrl":"https:\/\/swissbaker.ch\/wp-content\/uploads\/2025\/01\/schweizerbrot_2025_f.jpg","articleSection":["Vente\/Marketing"],"inLanguage":"fr-FR"},{"@type":"WebPage","@id":"https:\/\/swissbaker.ch\/fr\/panissimo-news\/lorigine-suisse-fait-la-difference-rejoignez-le-mouvement\/","url":"https:\/\/swissbaker.ch\/fr\/panissimo-news\/lorigine-suisse-fait-la-difference-rejoignez-le-mouvement\/","name":"L'origine suisse fait la diff\u00e9rence \u2013 rejoignez le mouvement ! | SBC","isPartOf":{"@id":"https:\/\/swissbaker.ch\/fr\/#website"},"primaryImageOfPage":{"@id":"https:\/\/swissbaker.ch\/fr\/panissimo-news\/lorigine-suisse-fait-la-difference-rejoignez-le-mouvement\/#primaryimage"},"image":{"@id":"https:\/\/swissbaker.ch\/fr\/panissimo-news\/lorigine-suisse-fait-la-difference-rejoignez-le-mouvement\/#primaryimage"},"thumbnailUrl":"https:\/\/swissbaker.ch\/wp-content\/uploads\/2025\/01\/schweizerbrot_2025_f.jpg","datePublished":"2025-01-22T09:29:00+00:00","dateModified":"2025-01-24T07:25:30+00:00","breadcrumb":{"@id":"https:\/\/swissbaker.ch\/fr\/panissimo-news\/lorigine-suisse-fait-la-difference-rejoignez-le-mouvement\/#breadcrumb"},"inLanguage":"fr-FR","potentialAction":[{"@type":"ReadAction","target":["https:\/\/swissbaker.ch\/fr\/panissimo-news\/lorigine-suisse-fait-la-difference-rejoignez-le-mouvement\/"]}]},{"@type":"ImageObject","inLanguage":"fr-FR","@id":"https:\/\/swissbaker.ch\/fr\/panissimo-news\/lorigine-suisse-fait-la-difference-rejoignez-le-mouvement\/#primaryimage","url":"https:\/\/swissbaker.ch\/wp-content\/uploads\/2025\/01\/schweizerbrot_2025_f.jpg","contentUrl":"https:\/\/swissbaker.ch\/wp-content\/uploads\/2025\/01\/schweizerbrot_2025_f.jpg","width":1200,"height":712},{"@type":"BreadcrumbList","@id":"https:\/\/swissbaker.ch\/fr\/panissimo-news\/lorigine-suisse-fait-la-difference-rejoignez-le-mouvement\/#breadcrumb","itemListElement":[{"@type":"ListItem","position":1,"name":"","item":"https:\/\/swissbaker.ch\/fr\/"},{"@type":"ListItem","position":2,"name":"Vente\/Marketing","item":"https:\/\/swissbaker.ch\/fr\/panissimo-news\/category\/vente-marketing\/"},{"@type":"ListItem","position":3,"name":"L&#8217;origine suisse fait la diff\u00e9rence \u2013 rejoignez le mouvement !"}]},{"@type":"WebSite","@id":"https:\/\/swissbaker.ch\/fr\/#website","url":"https:\/\/swissbaker.ch\/fr\/","name":"SBC","description":"","publisher":{"@id":"https:\/\/swissbaker.ch\/fr\/#organization"},"potentialAction":[{"@type":"SearchAction","target":{"@type":"EntryPoint","urlTemplate":"https:\/\/swissbaker.ch\/fr\/?s={search_term_string}"},"query-input":{"@type":"PropertyValueSpecification","valueRequired":true,"valueName":"search_term_string"}}],"inLanguage":"fr-FR"},{"@type":"Organization","@id":"https:\/\/swissbaker.ch\/fr\/#organization","name":"Schweizerischer B\u00e4cker-Confiseurmeister-Verband","url":"https:\/\/swissbaker.ch\/fr\/","logo":{"@type":"ImageObject","inLanguage":"fr-FR","@id":"https:\/\/swissbaker.ch\/fr\/#\/schema\/logo\/image\/","url":"https:\/\/swissbaker.ch\/wp-content\/uploads\/2022\/04\/sbc-logo-yoast.jpg","contentUrl":"https:\/\/swissbaker.ch\/wp-content\/uploads\/2022\/04\/sbc-logo-yoast.jpg","width":512,"height":512,"caption":"Schweizerischer B\u00e4cker-Confiseurmeister-Verband"},"image":{"@id":"https:\/\/swissbaker.ch\/fr\/#\/schema\/logo\/image\/"},"sameAs":["https:\/\/www.facebook.com\/swissbaker.ch","https:\/\/x.com\/ch_swissbaker"]},{"@type":"Person","@id":"https:\/\/swissbaker.ch\/fr\/#\/schema\/person\/74bd327b08c18ca6042c02ff6f0ed5e2","name":"Simon Nussbaum","image":{"@type":"ImageObject","inLanguage":"fr-FR","@id":"https:\/\/swissbaker.ch\/fr\/#\/schema\/person\/image\/","url":"https:\/\/secure.gravatar.com\/avatar\/df0eced3bb556c806cb760cf503ade1ed1df25b4104d80d6fd28d93a9509aa12?s=96&d=mm&r=g","contentUrl":"https:\/\/secure.gravatar.com\/avatar\/df0eced3bb556c806cb760cf503ade1ed1df25b4104d80d6fd28d93a9509aa12?s=96&d=mm&r=g","caption":"Simon Nussbaum"},"url":"https:\/\/swissbaker.ch\/fr\/panissimo-news\/author\/simon-nussbaum\/"}]}},"_links":{"self":[{"href":"https:\/\/swissbaker.ch\/fr\/wp-json\/wp\/v2\/posts\/115907","targetHints":{"allow":["GET"]}}],"collection":[{"href":"https:\/\/swissbaker.ch\/fr\/wp-json\/wp\/v2\/posts"}],"about":[{"href":"https:\/\/swissbaker.ch\/fr\/wp-json\/wp\/v2\/types\/post"}],"author":[{"embeddable":true,"href":"https:\/\/swissbaker.ch\/fr\/wp-json\/wp\/v2\/users\/5"}],"replies":[{"embeddable":true,"href":"https:\/\/swissbaker.ch\/fr\/wp-json\/wp\/v2\/comments?post=115907"}],"version-history":[{"count":0,"href":"https:\/\/swissbaker.ch\/fr\/wp-json\/wp\/v2\/posts\/115907\/revisions"}],"wp:featuredmedia":[{"embeddable":true,"href":"https:\/\/swissbaker.ch\/fr\/wp-json\/wp\/v2\/media\/116125"}],"wp:attachment":[{"href":"https:\/\/swissbaker.ch\/fr\/wp-json\/wp\/v2\/media?parent=115907"}],"wp:term":[{"taxonomy":"category","embeddable":true,"href":"https:\/\/swissbaker.ch\/fr\/wp-json\/wp\/v2\/categories?post=115907"},{"taxonomy":"post_tag","embeddable":true,"href":"https:\/\/swissbaker.ch\/fr\/wp-json\/wp\/v2\/tags?post=115907"}],"curies":[{"name":"wp","href":"https:\/\/api.w.org\/{rel}","templated":true}]}}