{"id":115748,"date":"2025-01-14T14:53:26","date_gmt":"2025-01-14T13:53:26","guid":{"rendered":"https:\/\/swissbaker.ch\/?p=115748"},"modified":"2025-01-14T15:04:39","modified_gmt":"2025-01-14T14:04:39","slug":"questions-a-adrian-knobel","status":"publish","type":"post","link":"https:\/\/swissbaker.ch\/fr\/panissimo-news\/questions-a-adrian-knobel\/","title":{"rendered":"Questions \u00e0 Adrian Knobel"},"content":{"rendered":"\n<p><strong>Lors du dernier congr\u00e8s de la BCS en juin, Adrian Knobel a \u00e9t\u00e9 \u00e9lu en tant que repr\u00e9sentant r\u00e9gional de la Suisse centrale au comit\u00e9 central. Nous lui avons demand\u00e9, \u00e0 l\u2019occasion d\u2019une pause entre deux r\u00e9unions, comment il avait v\u00e9cu le premier semestre et, en m\u00eame temps, nous projeter un peu dans l\u2019avenir avec lui.<\/strong><\/p>\n\n\n\n<p><strong>Adrian Knobel, Comment percevez-vous le travail au sein du comit\u00e9 central (CC)?<\/strong><br>En tant que membre fra\u00eechement \u00e9lu, je trouve les r\u00e9unions du CC tr\u00e8s passionnantes, j\u2019apprends beaucoup de choses sur l\u2019association, la branche et la politique.<\/p>\n\n\n\n<p><strong>Les discussions sont parfois controvers\u00e9es\u2026<\/strong><br>\u2026 Oui, c\u2019est vrai, les discussions sont parfois controvers\u00e9es, mais elles sont toujours constructives et fond\u00e9es. Les th\u00e8mes sont tr\u00e8s vari\u00e9s. Il est impressionnant de voir le concentr\u00e9 d\u2019expertise qui \u00e9mane de ce comit\u00e9. Les discussions vont souvent au fond des choses et se d\u00e9roulent de mani\u00e8re cibl\u00e9e.<\/p>\n\n\n\n<div style=\"height:27px\" aria-hidden=\"true\" class=\"wp-block-spacer\"><\/div>\n\n\n\n<blockquote class=\"wp-block-quote\">\n<p style=\"font-size:22px;font-style:italic;font-weight:600\">\u00abIl est impressionnant de voir le concentr\u00e9 d\u2019expertise qui \u00e9mane de ce comit\u00e9.\u00bb<\/p>\n\n\n\n<p><strong>Adrian Knobel<\/strong><\/p>\n<\/blockquote>\n\n\n\n<div style=\"height:26px\" aria-hidden=\"true\" class=\"wp-block-spacer\"><\/div>\n\n\n\n<p><strong>Cela demande certainement une pr\u00e9paration rigoureuse, surtout pour vous qui \u00eates relativement nouveau dans le comit\u00e9 \u2026<\/strong><br>\u2026 Oui, absolument. Une pr\u00e9paration consciencieuse est importante. Les documents de r\u00e9union doivent \u00eatre \u00e9tudi\u00e9s en d\u00e9tail afin de pouvoir classer correctement les sujets et participer aux discussions. Les \u00e9changes en dehors des r\u00e9unions officielles sont \u00e9galement tr\u00e8s pr\u00e9cieux\u2009; cela permet de renforcer le r\u00e9seau et d\u2019approfondir les opinions.<\/p>\n\n\n\n<p><strong>Quelque chose vous a surpris au CC\u2009?<\/strong><br>Pas vraiment, en fait. La collaboration correspond exactement \u00e0 mes attentes.<\/p>\n\n\n\n<p><strong>Qu\u2019est-ce qui vous a particuli\u00e8rement enthousiasm\u00e9\u2009?<\/strong><br>De voir avec quel engagement et quelle passion les membres du CC s\u2019investissent pour nos membres, pour notre branche, ind\u00e9pendamment du fait qu\u2019il s\u2019agisse d\u2019une petite exploitation ou d\u2019une plus grande entreprise. Ce faisant, les finances ne sont jamais perdues de vue. Cela \u00e9vite par exemple que des moyens financiers soient \u00ab\u2009dilapid\u00e9s\u2009\u00bb inutilement.<\/p>\n\n\n\n<p><strong>Qu\u2019est-ce qui devrait \u00eatre am\u00e9lior\u00e9 selon vous\u2009?<\/strong><br>(r\u00e9fl\u00e9chit) Pour l\u2019instant, je ne vois pas de n\u00e9cessit\u00e9 d\u2019agir. Les structures, les m\u00e9thodes de travail et les d\u00e9roulements fonctionnent bien. Je pense qu\u2019il est trop t\u00f4t pour proposer des am\u00e9liorations.<\/p>\n\n\n\n<p><strong>Quelles sont les t\u00e2ches les plus importantes auxquelles le CC doit s\u2019atteler\u2009?<\/strong><br>Le processus strat\u00e9gique lanc\u00e9 est certainement un d\u00e9fi. Lors de notre atelier de strat\u00e9gie, nous avons toutefois constat\u00e9 que beaucoup de points fonctionnaient parfaitement dans notre association. Certaines choses ne peuvent pas \u00eatre chang\u00e9es pour le moment. Les th\u00e8mes politiques restent un \u00e9norme d\u00e9fi. Le travail politique en particulier est malheureusement sous-estim\u00e9 par de nombreux membres.<\/p>\n\n\n\n<p><strong>Le manque de personnel qualifi\u00e9 est un grand th\u00e8me dans la branche. Que peut faire le CC dans ce domaine\u2009?<\/strong><br>Certes, la p\u00e9nurie de main-d\u2019\u0153uvre qualifi\u00e9e pr\u00e9occupe notre branche. Mais c\u2019est aussi \u00e0 chaque entreprise de faire de la publicit\u00e9 pour sa propre cause et de se poser les bonnes questions\u2009: suis-je suffisamment int\u00e9ressant en tant qu\u2019employeur\u2009? Mes collaborateurs et apprentis viennent-ils volontiers au travail\u2009? Comment se d\u00e9roule la collaboration au sein de l\u2019\u00e9quipe\u2009; et avec moi-m\u00eame\u2009? Au niveau du comit\u00e9 central, nous pouvons \u00e9valuer les chiffres, lancer des campagnes pour la rel\u00e8ve, proposer le plus de moyens publicitaires et de soutien possible, mais en fin de compte, chacun doit agir activement et faire preuve d\u2019initiative. <\/p>\n\n\n\n<p class=\"has-text-align-right\"><em>Interview: Claudia Vernocchi<\/em><\/p>\n","protected":false},"excerpt":{"rendered":"<p>Lors du dernier congr\u00e8s de la BCS en juin, Adrian Knobel a \u00e9t\u00e9 \u00e9lu en tant que repr\u00e9sentant r\u00e9gional de la Suisse centrale au comit\u00e9 central. Nous lui avons demand\u00e9, \u00e0 l\u2019occasion d\u2019une pause entre deux r\u00e9unions, comment il avait v\u00e9cu le premier semestre et, en m\u00eame temps, nous projeter un peu dans l\u2019avenir avec lui.<\/p>\n","protected":false},"author":5,"featured_media":79955,"comment_status":"closed","ping_status":"closed","sticky":false,"template":"","format":"standard","meta":{"_acf_changed":false,"footnotes":""},"categories":[41],"tags":[],"class_list":["post-115748","post","type-post","status-publish","format-standard","has-post-thumbnail","hentry","category-association"],"acf":[],"yoast_head":"<!-- This site is optimized with the Yoast SEO Premium plugin v26.8 (Yoast SEO v26.8) - https:\/\/yoast.com\/product\/yoast-seo-premium-wordpress\/ -->\n<title>Questions \u00e0 Adrian Knobel | SBC<\/title>\n<meta name=\"robots\" content=\"index, follow, max-snippet:-1, max-image-preview:large, max-video-preview:-1\" \/>\n<link rel=\"canonical\" href=\"https:\/\/swissbaker.ch\/fr\/panissimo-news\/questions-a-adrian-knobel\/\" \/>\n<meta property=\"og:locale\" content=\"fr_FR\" \/>\n<meta property=\"og:type\" content=\"article\" \/>\n<meta property=\"og:title\" content=\"Questions \u00e0 Adrian Knobel\" \/>\n<meta property=\"og:description\" content=\"Lors du dernier congr\u00e8s de la BCS en juin, Adrian Knobel a \u00e9t\u00e9 \u00e9lu en tant que repr\u00e9sentant r\u00e9gional de la Suisse centrale au comit\u00e9 central. Nous lui avons demand\u00e9, \u00e0 l\u2019occasion d\u2019une pause entre deux r\u00e9unions, comment il avait v\u00e9cu le premier semestre et, en m\u00eame temps, nous projeter un peu dans l\u2019avenir avec lui.\" \/>\n<meta property=\"og:url\" content=\"https:\/\/swissbaker.ch\/fr\/panissimo-news\/questions-a-adrian-knobel\/\" \/>\n<meta property=\"og:site_name\" content=\"SBC\" \/>\n<meta property=\"article:publisher\" content=\"https:\/\/www.facebook.com\/swissbaker.ch\" \/>\n<meta property=\"article:published_time\" content=\"2025-01-14T13:53:26+00:00\" \/>\n<meta property=\"article:modified_time\" content=\"2025-01-14T14:04:39+00:00\" \/>\n<meta property=\"og:image\" content=\"https:\/\/swissbaker.ch\/wp-content\/uploads\/2023\/03\/adrian_knobel.jpg\" \/>\n\t<meta property=\"og:image:width\" content=\"1200\" \/>\n\t<meta property=\"og:image:height\" content=\"712\" \/>\n\t<meta property=\"og:image:type\" content=\"image\/jpeg\" \/>\n<meta name=\"author\" content=\"Simon Nussbaum\" \/>\n<meta name=\"twitter:card\" content=\"summary_large_image\" \/>\n<meta name=\"twitter:creator\" content=\"@ch_swissbaker\" \/>\n<meta name=\"twitter:site\" content=\"@ch_swissbaker\" \/>\n<meta name=\"twitter:label1\" content=\"Written by\" \/>\n\t<meta name=\"twitter:data1\" content=\"Simon Nussbaum\" \/>\n\t<meta name=\"twitter:label2\" content=\"Est. reading time\" \/>\n\t<meta name=\"twitter:data2\" content=\"3 minutes\" \/>\n<script type=\"application\/ld+json\" class=\"yoast-schema-graph\">{\"@context\":\"https:\/\/schema.org\",\"@graph\":[{\"@type\":\"Article\",\"@id\":\"https:\/\/swissbaker.ch\/fr\/panissimo-news\/questions-a-adrian-knobel\/#article\",\"isPartOf\":{\"@id\":\"https:\/\/swissbaker.ch\/fr\/panissimo-news\/questions-a-adrian-knobel\/\"},\"author\":{\"name\":\"Simon Nussbaum\",\"@id\":\"https:\/\/swissbaker.ch\/fr\/#\/schema\/person\/74bd327b08c18ca6042c02ff6f0ed5e2\"},\"headline\":\"Questions \u00e0 Adrian Knobel\",\"datePublished\":\"2025-01-14T13:53:26+00:00\",\"dateModified\":\"2025-01-14T14:04:39+00:00\",\"mainEntityOfPage\":{\"@id\":\"https:\/\/swissbaker.ch\/fr\/panissimo-news\/questions-a-adrian-knobel\/\"},\"wordCount\":604,\"publisher\":{\"@id\":\"https:\/\/swissbaker.ch\/fr\/#organization\"},\"image\":{\"@id\":\"https:\/\/swissbaker.ch\/fr\/panissimo-news\/questions-a-adrian-knobel\/#primaryimage\"},\"thumbnailUrl\":\"https:\/\/swissbaker.ch\/wp-content\/uploads\/2023\/03\/adrian_knobel.jpg\",\"articleSection\":[\"Association\"],\"inLanguage\":\"fr-FR\"},{\"@type\":\"WebPage\",\"@id\":\"https:\/\/swissbaker.ch\/fr\/panissimo-news\/questions-a-adrian-knobel\/\",\"url\":\"https:\/\/swissbaker.ch\/fr\/panissimo-news\/questions-a-adrian-knobel\/\",\"name\":\"Questions \u00e0 Adrian Knobel | SBC\",\"isPartOf\":{\"@id\":\"https:\/\/swissbaker.ch\/fr\/#website\"},\"primaryImageOfPage\":{\"@id\":\"https:\/\/swissbaker.ch\/fr\/panissimo-news\/questions-a-adrian-knobel\/#primaryimage\"},\"image\":{\"@id\":\"https:\/\/swissbaker.ch\/fr\/panissimo-news\/questions-a-adrian-knobel\/#primaryimage\"},\"thumbnailUrl\":\"https:\/\/swissbaker.ch\/wp-content\/uploads\/2023\/03\/adrian_knobel.jpg\",\"datePublished\":\"2025-01-14T13:53:26+00:00\",\"dateModified\":\"2025-01-14T14:04:39+00:00\",\"breadcrumb\":{\"@id\":\"https:\/\/swissbaker.ch\/fr\/panissimo-news\/questions-a-adrian-knobel\/#breadcrumb\"},\"inLanguage\":\"fr-FR\",\"potentialAction\":[{\"@type\":\"ReadAction\",\"target\":[\"https:\/\/swissbaker.ch\/fr\/panissimo-news\/questions-a-adrian-knobel\/\"]}]},{\"@type\":\"ImageObject\",\"inLanguage\":\"fr-FR\",\"@id\":\"https:\/\/swissbaker.ch\/fr\/panissimo-news\/questions-a-adrian-knobel\/#primaryimage\",\"url\":\"https:\/\/swissbaker.ch\/wp-content\/uploads\/2023\/03\/adrian_knobel.jpg\",\"contentUrl\":\"https:\/\/swissbaker.ch\/wp-content\/uploads\/2023\/03\/adrian_knobel.jpg\",\"width\":1200,\"height\":712},{\"@type\":\"BreadcrumbList\",\"@id\":\"https:\/\/swissbaker.ch\/fr\/panissimo-news\/questions-a-adrian-knobel\/#breadcrumb\",\"itemListElement\":[{\"@type\":\"ListItem\",\"position\":1,\"name\":\"\",\"item\":\"https:\/\/swissbaker.ch\/fr\/\"},{\"@type\":\"ListItem\",\"position\":2,\"name\":\"Association\",\"item\":\"https:\/\/swissbaker.ch\/fr\/panissimo-news\/category\/association\/\"},{\"@type\":\"ListItem\",\"position\":3,\"name\":\"Questions \u00e0 Adrian Knobel\"}]},{\"@type\":\"WebSite\",\"@id\":\"https:\/\/swissbaker.ch\/fr\/#website\",\"url\":\"https:\/\/swissbaker.ch\/fr\/\",\"name\":\"SBC\",\"description\":\"\",\"publisher\":{\"@id\":\"https:\/\/swissbaker.ch\/fr\/#organization\"},\"potentialAction\":[{\"@type\":\"SearchAction\",\"target\":{\"@type\":\"EntryPoint\",\"urlTemplate\":\"https:\/\/swissbaker.ch\/fr\/?s={search_term_string}\"},\"query-input\":{\"@type\":\"PropertyValueSpecification\",\"valueRequired\":true,\"valueName\":\"search_term_string\"}}],\"inLanguage\":\"fr-FR\"},{\"@type\":\"Organization\",\"@id\":\"https:\/\/swissbaker.ch\/fr\/#organization\",\"name\":\"Schweizerischer B\u00e4cker-Confiseurmeister-Verband\",\"url\":\"https:\/\/swissbaker.ch\/fr\/\",\"logo\":{\"@type\":\"ImageObject\",\"inLanguage\":\"fr-FR\",\"@id\":\"https:\/\/swissbaker.ch\/fr\/#\/schema\/logo\/image\/\",\"url\":\"https:\/\/swissbaker.ch\/wp-content\/uploads\/2022\/04\/sbc-logo-yoast.jpg\",\"contentUrl\":\"https:\/\/swissbaker.ch\/wp-content\/uploads\/2022\/04\/sbc-logo-yoast.jpg\",\"width\":512,\"height\":512,\"caption\":\"Schweizerischer B\u00e4cker-Confiseurmeister-Verband\"},\"image\":{\"@id\":\"https:\/\/swissbaker.ch\/fr\/#\/schema\/logo\/image\/\"},\"sameAs\":[\"https:\/\/www.facebook.com\/swissbaker.ch\",\"https:\/\/x.com\/ch_swissbaker\"]},{\"@type\":\"Person\",\"@id\":\"https:\/\/swissbaker.ch\/fr\/#\/schema\/person\/74bd327b08c18ca6042c02ff6f0ed5e2\",\"name\":\"Simon Nussbaum\",\"image\":{\"@type\":\"ImageObject\",\"inLanguage\":\"fr-FR\",\"@id\":\"https:\/\/swissbaker.ch\/fr\/#\/schema\/person\/image\/\",\"url\":\"https:\/\/secure.gravatar.com\/avatar\/df0eced3bb556c806cb760cf503ade1ed1df25b4104d80d6fd28d93a9509aa12?s=96&d=mm&r=g\",\"contentUrl\":\"https:\/\/secure.gravatar.com\/avatar\/df0eced3bb556c806cb760cf503ade1ed1df25b4104d80d6fd28d93a9509aa12?s=96&d=mm&r=g\",\"caption\":\"Simon Nussbaum\"},\"url\":\"https:\/\/swissbaker.ch\/fr\/panissimo-news\/author\/simon-nussbaum\/\"}]}<\/script>\n<!-- \/ Yoast SEO Premium plugin. -->","yoast_head_json":{"title":"Questions \u00e0 Adrian Knobel | SBC","robots":{"index":"index","follow":"follow","max-snippet":"max-snippet:-1","max-image-preview":"max-image-preview:large","max-video-preview":"max-video-preview:-1"},"canonical":"https:\/\/swissbaker.ch\/fr\/panissimo-news\/questions-a-adrian-knobel\/","og_locale":"fr_FR","og_type":"article","og_title":"Questions \u00e0 Adrian Knobel","og_description":"Lors du dernier congr\u00e8s de la BCS en juin, Adrian Knobel a \u00e9t\u00e9 \u00e9lu en tant que repr\u00e9sentant r\u00e9gional de la Suisse centrale au comit\u00e9 central. Nous lui avons demand\u00e9, \u00e0 l\u2019occasion d\u2019une pause entre deux r\u00e9unions, comment il avait v\u00e9cu le premier semestre et, en m\u00eame temps, nous projeter un peu dans l\u2019avenir avec lui.","og_url":"https:\/\/swissbaker.ch\/fr\/panissimo-news\/questions-a-adrian-knobel\/","og_site_name":"SBC","article_publisher":"https:\/\/www.facebook.com\/swissbaker.ch","article_published_time":"2025-01-14T13:53:26+00:00","article_modified_time":"2025-01-14T14:04:39+00:00","og_image":[{"width":1200,"height":712,"url":"https:\/\/swissbaker.ch\/wp-content\/uploads\/2023\/03\/adrian_knobel.jpg","type":"image\/jpeg"}],"author":"Simon Nussbaum","twitter_card":"summary_large_image","twitter_creator":"@ch_swissbaker","twitter_site":"@ch_swissbaker","twitter_misc":{"Written by":"Simon Nussbaum","Est. reading time":"3 minutes"},"schema":{"@context":"https:\/\/schema.org","@graph":[{"@type":"Article","@id":"https:\/\/swissbaker.ch\/fr\/panissimo-news\/questions-a-adrian-knobel\/#article","isPartOf":{"@id":"https:\/\/swissbaker.ch\/fr\/panissimo-news\/questions-a-adrian-knobel\/"},"author":{"name":"Simon Nussbaum","@id":"https:\/\/swissbaker.ch\/fr\/#\/schema\/person\/74bd327b08c18ca6042c02ff6f0ed5e2"},"headline":"Questions \u00e0 Adrian Knobel","datePublished":"2025-01-14T13:53:26+00:00","dateModified":"2025-01-14T14:04:39+00:00","mainEntityOfPage":{"@id":"https:\/\/swissbaker.ch\/fr\/panissimo-news\/questions-a-adrian-knobel\/"},"wordCount":604,"publisher":{"@id":"https:\/\/swissbaker.ch\/fr\/#organization"},"image":{"@id":"https:\/\/swissbaker.ch\/fr\/panissimo-news\/questions-a-adrian-knobel\/#primaryimage"},"thumbnailUrl":"https:\/\/swissbaker.ch\/wp-content\/uploads\/2023\/03\/adrian_knobel.jpg","articleSection":["Association"],"inLanguage":"fr-FR"},{"@type":"WebPage","@id":"https:\/\/swissbaker.ch\/fr\/panissimo-news\/questions-a-adrian-knobel\/","url":"https:\/\/swissbaker.ch\/fr\/panissimo-news\/questions-a-adrian-knobel\/","name":"Questions \u00e0 Adrian Knobel | SBC","isPartOf":{"@id":"https:\/\/swissbaker.ch\/fr\/#website"},"primaryImageOfPage":{"@id":"https:\/\/swissbaker.ch\/fr\/panissimo-news\/questions-a-adrian-knobel\/#primaryimage"},"image":{"@id":"https:\/\/swissbaker.ch\/fr\/panissimo-news\/questions-a-adrian-knobel\/#primaryimage"},"thumbnailUrl":"https:\/\/swissbaker.ch\/wp-content\/uploads\/2023\/03\/adrian_knobel.jpg","datePublished":"2025-01-14T13:53:26+00:00","dateModified":"2025-01-14T14:04:39+00:00","breadcrumb":{"@id":"https:\/\/swissbaker.ch\/fr\/panissimo-news\/questions-a-adrian-knobel\/#breadcrumb"},"inLanguage":"fr-FR","potentialAction":[{"@type":"ReadAction","target":["https:\/\/swissbaker.ch\/fr\/panissimo-news\/questions-a-adrian-knobel\/"]}]},{"@type":"ImageObject","inLanguage":"fr-FR","@id":"https:\/\/swissbaker.ch\/fr\/panissimo-news\/questions-a-adrian-knobel\/#primaryimage","url":"https:\/\/swissbaker.ch\/wp-content\/uploads\/2023\/03\/adrian_knobel.jpg","contentUrl":"https:\/\/swissbaker.ch\/wp-content\/uploads\/2023\/03\/adrian_knobel.jpg","width":1200,"height":712},{"@type":"BreadcrumbList","@id":"https:\/\/swissbaker.ch\/fr\/panissimo-news\/questions-a-adrian-knobel\/#breadcrumb","itemListElement":[{"@type":"ListItem","position":1,"name":"","item":"https:\/\/swissbaker.ch\/fr\/"},{"@type":"ListItem","position":2,"name":"Association","item":"https:\/\/swissbaker.ch\/fr\/panissimo-news\/category\/association\/"},{"@type":"ListItem","position":3,"name":"Questions \u00e0 Adrian Knobel"}]},{"@type":"WebSite","@id":"https:\/\/swissbaker.ch\/fr\/#website","url":"https:\/\/swissbaker.ch\/fr\/","name":"SBC","description":"","publisher":{"@id":"https:\/\/swissbaker.ch\/fr\/#organization"},"potentialAction":[{"@type":"SearchAction","target":{"@type":"EntryPoint","urlTemplate":"https:\/\/swissbaker.ch\/fr\/?s={search_term_string}"},"query-input":{"@type":"PropertyValueSpecification","valueRequired":true,"valueName":"search_term_string"}}],"inLanguage":"fr-FR"},{"@type":"Organization","@id":"https:\/\/swissbaker.ch\/fr\/#organization","name":"Schweizerischer B\u00e4cker-Confiseurmeister-Verband","url":"https:\/\/swissbaker.ch\/fr\/","logo":{"@type":"ImageObject","inLanguage":"fr-FR","@id":"https:\/\/swissbaker.ch\/fr\/#\/schema\/logo\/image\/","url":"https:\/\/swissbaker.ch\/wp-content\/uploads\/2022\/04\/sbc-logo-yoast.jpg","contentUrl":"https:\/\/swissbaker.ch\/wp-content\/uploads\/2022\/04\/sbc-logo-yoast.jpg","width":512,"height":512,"caption":"Schweizerischer B\u00e4cker-Confiseurmeister-Verband"},"image":{"@id":"https:\/\/swissbaker.ch\/fr\/#\/schema\/logo\/image\/"},"sameAs":["https:\/\/www.facebook.com\/swissbaker.ch","https:\/\/x.com\/ch_swissbaker"]},{"@type":"Person","@id":"https:\/\/swissbaker.ch\/fr\/#\/schema\/person\/74bd327b08c18ca6042c02ff6f0ed5e2","name":"Simon Nussbaum","image":{"@type":"ImageObject","inLanguage":"fr-FR","@id":"https:\/\/swissbaker.ch\/fr\/#\/schema\/person\/image\/","url":"https:\/\/secure.gravatar.com\/avatar\/df0eced3bb556c806cb760cf503ade1ed1df25b4104d80d6fd28d93a9509aa12?s=96&d=mm&r=g","contentUrl":"https:\/\/secure.gravatar.com\/avatar\/df0eced3bb556c806cb760cf503ade1ed1df25b4104d80d6fd28d93a9509aa12?s=96&d=mm&r=g","caption":"Simon Nussbaum"},"url":"https:\/\/swissbaker.ch\/fr\/panissimo-news\/author\/simon-nussbaum\/"}]}},"_links":{"self":[{"href":"https:\/\/swissbaker.ch\/fr\/wp-json\/wp\/v2\/posts\/115748","targetHints":{"allow":["GET"]}}],"collection":[{"href":"https:\/\/swissbaker.ch\/fr\/wp-json\/wp\/v2\/posts"}],"about":[{"href":"https:\/\/swissbaker.ch\/fr\/wp-json\/wp\/v2\/types\/post"}],"author":[{"embeddable":true,"href":"https:\/\/swissbaker.ch\/fr\/wp-json\/wp\/v2\/users\/5"}],"replies":[{"embeddable":true,"href":"https:\/\/swissbaker.ch\/fr\/wp-json\/wp\/v2\/comments?post=115748"}],"version-history":[{"count":0,"href":"https:\/\/swissbaker.ch\/fr\/wp-json\/wp\/v2\/posts\/115748\/revisions"}],"wp:featuredmedia":[{"embeddable":true,"href":"https:\/\/swissbaker.ch\/fr\/wp-json\/wp\/v2\/media\/79955"}],"wp:attachment":[{"href":"https:\/\/swissbaker.ch\/fr\/wp-json\/wp\/v2\/media?parent=115748"}],"wp:term":[{"taxonomy":"category","embeddable":true,"href":"https:\/\/swissbaker.ch\/fr\/wp-json\/wp\/v2\/categories?post=115748"},{"taxonomy":"post_tag","embeddable":true,"href":"https:\/\/swissbaker.ch\/fr\/wp-json\/wp\/v2\/tags?post=115748"}],"curies":[{"name":"wp","href":"https:\/\/api.w.org\/{rel}","templated":true}]}}