{"id":11529,"date":"2022-05-23T14:21:00","date_gmt":"2022-05-23T12:21:00","guid":{"rendered":"https:\/\/swissbaker.ch\/?p=11529"},"modified":"2022-05-25T15:37:11","modified_gmt":"2022-05-25T13:37:11","slug":"vente-2022","status":"publish","type":"post","link":"https:\/\/swissbaker.ch\/fr\/panissimo-news\/vente-2022\/","title":{"rendered":"vente 2022+"},"content":{"rendered":"\n<p><strong>En ao\u00fbt, la premi\u00e8re formation pour les gestionnaires\/assistants du commerce de d\u00e9tail d\u00e9butera avec la vente 2022+. Une check-list a \u00e9t\u00e9 \u00e9tablie \u00e0 l\u2019intention des formatrices du secteur. Une astuce tir\u00e9e de ce travail est publi\u00e9e mensuellement, dans \u00ab\u2009Panissimo\u2009\u00bb et sur swissbaker.ch. C\u2019est avec celui-ci que se cl\u00f4ture cette s\u00e9rie d\u2019informations.<\/strong><\/p>\n\n\n\n<p>L\u2019activit\u00e9 de formation en tant que formatrice, formateur, sera renforc\u00e9e par de nouveaux instruments\u2009: un dossier de formation en ligne reli\u00e9 \u00e0 l\u2019\u00e9cole professionnelle ou l\u2019\u00e9valuation annuelle des apprentis en vue de la proc\u00e9dure de qualification, par exemple.<\/p>\n\n\n\n<p>Afin de se pr\u00e9parer au mieux \u00e0 la nouvelle mission de formation, il est indispensable de participer \u00e0 une formation d\u2019une journ\u00e9e en \u00e9t\u00e9 2022. Comme les besoins en formation sont tr\u00e8s importants et que les places seront limit\u00e9es,&nbsp;<a href=\"http:\/\/bit.ly\/3vR4rSD\" target=\"_blank\" rel=\"noreferrer noopener\">les inscriptions doivent se faire ici le plus rapidement possible.<\/a><\/p>\n\n\n\n<p>L\u2019acc\u00e8s \u00e0 la version d\u2019essai Konvink a d\u00e9j\u00e0 \u00e9t\u00e9 demand\u00e9 sur le site de la FCS\u2009? Si ce n\u2019est pas le cas, cela peut se faire ici\u2009:<br><a href=\"https:\/\/www.bds-fcs.ch\/fr\/Medias-digitaux\" target=\"_blank\" rel=\"noreferrer noopener\">bds-fcs.ch\/fr\/Medias-digitaux<\/a><\/p>\n\n\n\n<p><strong>Des questions\u2009?<\/strong><br>Marie Perriard, responsable du commerce de d\u00e9tail en Suisse romande\u2009:&nbsp;<a href=\"javascript:linkTo_UnCryptMailto('ocknvq,octkgBvctvgtkg0ej');\">marie(at)tarterie.ch<\/a><\/p>\n","protected":false},"excerpt":{"rendered":"<p>En ao\u00fbt, la premi\u00e8re formation pour les gestionnaires\/assistants du commerce de d\u00e9tail d\u00e9butera avec la vente 2022+. Une check-list a \u00e9t\u00e9 \u00e9tablie \u00e0 l\u2019intention des formatrices du secteur. Une astuce tir\u00e9e de ce travail est publi\u00e9e mensuellement, dans \u00ab\u2009Panissimo\u2009\u00bb et sur swissbaker.ch. C\u2019est avec celui-ci que se cl\u00f4ture cette s\u00e9rie d\u2019informations. L\u2019activit\u00e9 de formation en tant que formatrice, formateur, sera [&hellip;]<\/p>\n","protected":false},"author":1,"featured_media":11420,"comment_status":"open","ping_status":"closed","sticky":false,"template":"","format":"standard","meta":{"_acf_changed":false,"footnotes":""},"categories":[47,50],"tags":[],"class_list":["post-11529","post","type-post","status-publish","format-standard","has-post-thumbnail","hentry","category-formation-releve","category-vente-marketing"],"acf":[],"yoast_head":"<!-- This site is optimized with the Yoast SEO Premium plugin v26.8 (Yoast SEO v26.8) - https:\/\/yoast.com\/product\/yoast-seo-premium-wordpress\/ -->\n<title>vente 2022+ | SBC<\/title>\n<meta name=\"robots\" content=\"index, follow, max-snippet:-1, max-image-preview:large, max-video-preview:-1\" \/>\n<link rel=\"canonical\" href=\"https:\/\/swissbaker.ch\/fr\/panissimo-news\/vente-2022\/\" \/>\n<meta property=\"og:locale\" content=\"fr_FR\" \/>\n<meta property=\"og:type\" content=\"article\" \/>\n<meta property=\"og:title\" content=\"vente 2022+\" \/>\n<meta property=\"og:description\" content=\"En ao\u00fbt, la premi\u00e8re formation pour les gestionnaires\/assistants du commerce de d\u00e9tail d\u00e9butera avec la vente 2022+. Une check-list a \u00e9t\u00e9 \u00e9tablie \u00e0 l\u2019intention des formatrices du secteur. Une astuce tir\u00e9e de ce travail est publi\u00e9e mensuellement, dans \u00ab\u2009Panissimo\u2009\u00bb et sur swissbaker.ch. C\u2019est avec celui-ci que se cl\u00f4ture cette s\u00e9rie d\u2019informations. L\u2019activit\u00e9 de formation en tant que formatrice, formateur, sera [&hellip;]\" \/>\n<meta property=\"og:url\" content=\"https:\/\/swissbaker.ch\/fr\/panissimo-news\/vente-2022\/\" \/>\n<meta property=\"og:site_name\" content=\"SBC\" \/>\n<meta property=\"article:publisher\" content=\"https:\/\/www.facebook.com\/swissbaker.ch\" \/>\n<meta property=\"article:published_time\" content=\"2022-05-23T12:21:00+00:00\" \/>\n<meta property=\"article:modified_time\" content=\"2022-05-25T13:37:11+00:00\" \/>\n<meta property=\"og:image\" content=\"https:\/\/swissbaker.ch\/wp-content\/uploads\/2022\/05\/4_2_verkauf_2022plus_d.jpeg\" \/>\n\t<meta property=\"og:image:width\" content=\"800\" \/>\n\t<meta property=\"og:image:height\" content=\"474\" \/>\n\t<meta property=\"og:image:type\" content=\"image\/jpeg\" \/>\n<meta name=\"author\" content=\"azureart\" \/>\n<meta name=\"twitter:card\" content=\"summary_large_image\" \/>\n<meta name=\"twitter:creator\" content=\"@ch_swissbaker\" \/>\n<meta name=\"twitter:site\" content=\"@ch_swissbaker\" \/>\n<meta name=\"twitter:label1\" content=\"Written by\" \/>\n\t<meta name=\"twitter:data1\" content=\"azureart\" \/>\n\t<meta name=\"twitter:label2\" content=\"Est. reading time\" \/>\n\t<meta name=\"twitter:data2\" content=\"2 minutes\" \/>\n<script type=\"application\/ld+json\" class=\"yoast-schema-graph\">{\"@context\":\"https:\/\/schema.org\",\"@graph\":[{\"@type\":\"Article\",\"@id\":\"https:\/\/swissbaker.ch\/fr\/panissimo-news\/vente-2022\/#article\",\"isPartOf\":{\"@id\":\"https:\/\/swissbaker.ch\/fr\/panissimo-news\/vente-2022\/\"},\"author\":{\"name\":\"azureart\",\"@id\":\"https:\/\/swissbaker.ch\/fr\/#\/schema\/person\/058ac47619f7da53df62aba60f939b78\"},\"headline\":\"vente 2022+\",\"datePublished\":\"2022-05-23T12:21:00+00:00\",\"dateModified\":\"2022-05-25T13:37:11+00:00\",\"mainEntityOfPage\":{\"@id\":\"https:\/\/swissbaker.ch\/fr\/panissimo-news\/vente-2022\/\"},\"wordCount\":210,\"commentCount\":0,\"publisher\":{\"@id\":\"https:\/\/swissbaker.ch\/fr\/#organization\"},\"image\":{\"@id\":\"https:\/\/swissbaker.ch\/fr\/panissimo-news\/vente-2022\/#primaryimage\"},\"thumbnailUrl\":\"https:\/\/swissbaker.ch\/wp-content\/uploads\/2022\/05\/4_2_verkauf_2022plus_d.jpeg\",\"articleSection\":[\"Formation\/Rel\u00e8ve\",\"Vente\/Marketing\"],\"inLanguage\":\"fr-FR\",\"potentialAction\":[{\"@type\":\"CommentAction\",\"name\":\"Comment\",\"target\":[\"https:\/\/swissbaker.ch\/fr\/panissimo-news\/vente-2022\/#respond\"]}]},{\"@type\":\"WebPage\",\"@id\":\"https:\/\/swissbaker.ch\/fr\/panissimo-news\/vente-2022\/\",\"url\":\"https:\/\/swissbaker.ch\/fr\/panissimo-news\/vente-2022\/\",\"name\":\"vente 2022+ | SBC\",\"isPartOf\":{\"@id\":\"https:\/\/swissbaker.ch\/fr\/#website\"},\"primaryImageOfPage\":{\"@id\":\"https:\/\/swissbaker.ch\/fr\/panissimo-news\/vente-2022\/#primaryimage\"},\"image\":{\"@id\":\"https:\/\/swissbaker.ch\/fr\/panissimo-news\/vente-2022\/#primaryimage\"},\"thumbnailUrl\":\"https:\/\/swissbaker.ch\/wp-content\/uploads\/2022\/05\/4_2_verkauf_2022plus_d.jpeg\",\"datePublished\":\"2022-05-23T12:21:00+00:00\",\"dateModified\":\"2022-05-25T13:37:11+00:00\",\"breadcrumb\":{\"@id\":\"https:\/\/swissbaker.ch\/fr\/panissimo-news\/vente-2022\/#breadcrumb\"},\"inLanguage\":\"fr-FR\",\"potentialAction\":[{\"@type\":\"ReadAction\",\"target\":[\"https:\/\/swissbaker.ch\/fr\/panissimo-news\/vente-2022\/\"]}]},{\"@type\":\"ImageObject\",\"inLanguage\":\"fr-FR\",\"@id\":\"https:\/\/swissbaker.ch\/fr\/panissimo-news\/vente-2022\/#primaryimage\",\"url\":\"https:\/\/swissbaker.ch\/wp-content\/uploads\/2022\/05\/4_2_verkauf_2022plus_d.jpeg\",\"contentUrl\":\"https:\/\/swissbaker.ch\/wp-content\/uploads\/2022\/05\/4_2_verkauf_2022plus_d.jpeg\",\"width\":800,\"height\":474,\"caption\":\"vente 2022+\"},{\"@type\":\"BreadcrumbList\",\"@id\":\"https:\/\/swissbaker.ch\/fr\/panissimo-news\/vente-2022\/#breadcrumb\",\"itemListElement\":[{\"@type\":\"ListItem\",\"position\":1,\"name\":\"\",\"item\":\"https:\/\/swissbaker.ch\/fr\/\"},{\"@type\":\"ListItem\",\"position\":2,\"name\":\"Formation\/Rel\u00e8ve\",\"item\":\"https:\/\/swissbaker.ch\/fr\/panissimo-news\/category\/formation-releve\/\"},{\"@type\":\"ListItem\",\"position\":3,\"name\":\"vente 2022+\"}]},{\"@type\":\"WebSite\",\"@id\":\"https:\/\/swissbaker.ch\/fr\/#website\",\"url\":\"https:\/\/swissbaker.ch\/fr\/\",\"name\":\"SBC\",\"description\":\"\",\"publisher\":{\"@id\":\"https:\/\/swissbaker.ch\/fr\/#organization\"},\"potentialAction\":[{\"@type\":\"SearchAction\",\"target\":{\"@type\":\"EntryPoint\",\"urlTemplate\":\"https:\/\/swissbaker.ch\/fr\/?s={search_term_string}\"},\"query-input\":{\"@type\":\"PropertyValueSpecification\",\"valueRequired\":true,\"valueName\":\"search_term_string\"}}],\"inLanguage\":\"fr-FR\"},{\"@type\":\"Organization\",\"@id\":\"https:\/\/swissbaker.ch\/fr\/#organization\",\"name\":\"Schweizerischer B\u00e4cker-Confiseurmeister-Verband\",\"url\":\"https:\/\/swissbaker.ch\/fr\/\",\"logo\":{\"@type\":\"ImageObject\",\"inLanguage\":\"fr-FR\",\"@id\":\"https:\/\/swissbaker.ch\/fr\/#\/schema\/logo\/image\/\",\"url\":\"https:\/\/swissbaker.ch\/wp-content\/uploads\/2022\/04\/sbc-logo-yoast.jpg\",\"contentUrl\":\"https:\/\/swissbaker.ch\/wp-content\/uploads\/2022\/04\/sbc-logo-yoast.jpg\",\"width\":512,\"height\":512,\"caption\":\"Schweizerischer B\u00e4cker-Confiseurmeister-Verband\"},\"image\":{\"@id\":\"https:\/\/swissbaker.ch\/fr\/#\/schema\/logo\/image\/\"},\"sameAs\":[\"https:\/\/www.facebook.com\/swissbaker.ch\",\"https:\/\/x.com\/ch_swissbaker\"]},{\"@type\":\"Person\",\"@id\":\"https:\/\/swissbaker.ch\/fr\/#\/schema\/person\/058ac47619f7da53df62aba60f939b78\",\"name\":\"azureart\",\"image\":{\"@type\":\"ImageObject\",\"inLanguage\":\"fr-FR\",\"@id\":\"https:\/\/swissbaker.ch\/fr\/#\/schema\/person\/image\/\",\"url\":\"https:\/\/secure.gravatar.com\/avatar\/be04dd3098fd612c83067af4f7a295384c93cb6a9112f51beb9d2f477d25da61?s=96&d=mm&r=g\",\"contentUrl\":\"https:\/\/secure.gravatar.com\/avatar\/be04dd3098fd612c83067af4f7a295384c93cb6a9112f51beb9d2f477d25da61?s=96&d=mm&r=g\",\"caption\":\"azureart\"},\"sameAs\":[\"https:\/\/swissbaker.ch\"],\"url\":\"https:\/\/swissbaker.ch\/fr\/panissimo-news\/author\/pixel-ahoi\/\"}]}<\/script>\n<!-- \/ Yoast SEO Premium plugin. -->","yoast_head_json":{"title":"vente 2022+ | SBC","robots":{"index":"index","follow":"follow","max-snippet":"max-snippet:-1","max-image-preview":"max-image-preview:large","max-video-preview":"max-video-preview:-1"},"canonical":"https:\/\/swissbaker.ch\/fr\/panissimo-news\/vente-2022\/","og_locale":"fr_FR","og_type":"article","og_title":"vente 2022+","og_description":"En ao\u00fbt, la premi\u00e8re formation pour les gestionnaires\/assistants du commerce de d\u00e9tail d\u00e9butera avec la vente 2022+. Une check-list a \u00e9t\u00e9 \u00e9tablie \u00e0 l\u2019intention des formatrices du secteur. Une astuce tir\u00e9e de ce travail est publi\u00e9e mensuellement, dans \u00ab\u2009Panissimo\u2009\u00bb et sur swissbaker.ch. C\u2019est avec celui-ci que se cl\u00f4ture cette s\u00e9rie d\u2019informations. L\u2019activit\u00e9 de formation en tant que formatrice, formateur, sera [&hellip;]","og_url":"https:\/\/swissbaker.ch\/fr\/panissimo-news\/vente-2022\/","og_site_name":"SBC","article_publisher":"https:\/\/www.facebook.com\/swissbaker.ch","article_published_time":"2022-05-23T12:21:00+00:00","article_modified_time":"2022-05-25T13:37:11+00:00","og_image":[{"width":800,"height":474,"url":"https:\/\/swissbaker.ch\/wp-content\/uploads\/2022\/05\/4_2_verkauf_2022plus_d.jpeg","type":"image\/jpeg"}],"author":"azureart","twitter_card":"summary_large_image","twitter_creator":"@ch_swissbaker","twitter_site":"@ch_swissbaker","twitter_misc":{"Written by":"azureart","Est. reading time":"2 minutes"},"schema":{"@context":"https:\/\/schema.org","@graph":[{"@type":"Article","@id":"https:\/\/swissbaker.ch\/fr\/panissimo-news\/vente-2022\/#article","isPartOf":{"@id":"https:\/\/swissbaker.ch\/fr\/panissimo-news\/vente-2022\/"},"author":{"name":"azureart","@id":"https:\/\/swissbaker.ch\/fr\/#\/schema\/person\/058ac47619f7da53df62aba60f939b78"},"headline":"vente 2022+","datePublished":"2022-05-23T12:21:00+00:00","dateModified":"2022-05-25T13:37:11+00:00","mainEntityOfPage":{"@id":"https:\/\/swissbaker.ch\/fr\/panissimo-news\/vente-2022\/"},"wordCount":210,"commentCount":0,"publisher":{"@id":"https:\/\/swissbaker.ch\/fr\/#organization"},"image":{"@id":"https:\/\/swissbaker.ch\/fr\/panissimo-news\/vente-2022\/#primaryimage"},"thumbnailUrl":"https:\/\/swissbaker.ch\/wp-content\/uploads\/2022\/05\/4_2_verkauf_2022plus_d.jpeg","articleSection":["Formation\/Rel\u00e8ve","Vente\/Marketing"],"inLanguage":"fr-FR","potentialAction":[{"@type":"CommentAction","name":"Comment","target":["https:\/\/swissbaker.ch\/fr\/panissimo-news\/vente-2022\/#respond"]}]},{"@type":"WebPage","@id":"https:\/\/swissbaker.ch\/fr\/panissimo-news\/vente-2022\/","url":"https:\/\/swissbaker.ch\/fr\/panissimo-news\/vente-2022\/","name":"vente 2022+ | SBC","isPartOf":{"@id":"https:\/\/swissbaker.ch\/fr\/#website"},"primaryImageOfPage":{"@id":"https:\/\/swissbaker.ch\/fr\/panissimo-news\/vente-2022\/#primaryimage"},"image":{"@id":"https:\/\/swissbaker.ch\/fr\/panissimo-news\/vente-2022\/#primaryimage"},"thumbnailUrl":"https:\/\/swissbaker.ch\/wp-content\/uploads\/2022\/05\/4_2_verkauf_2022plus_d.jpeg","datePublished":"2022-05-23T12:21:00+00:00","dateModified":"2022-05-25T13:37:11+00:00","breadcrumb":{"@id":"https:\/\/swissbaker.ch\/fr\/panissimo-news\/vente-2022\/#breadcrumb"},"inLanguage":"fr-FR","potentialAction":[{"@type":"ReadAction","target":["https:\/\/swissbaker.ch\/fr\/panissimo-news\/vente-2022\/"]}]},{"@type":"ImageObject","inLanguage":"fr-FR","@id":"https:\/\/swissbaker.ch\/fr\/panissimo-news\/vente-2022\/#primaryimage","url":"https:\/\/swissbaker.ch\/wp-content\/uploads\/2022\/05\/4_2_verkauf_2022plus_d.jpeg","contentUrl":"https:\/\/swissbaker.ch\/wp-content\/uploads\/2022\/05\/4_2_verkauf_2022plus_d.jpeg","width":800,"height":474,"caption":"vente 2022+"},{"@type":"BreadcrumbList","@id":"https:\/\/swissbaker.ch\/fr\/panissimo-news\/vente-2022\/#breadcrumb","itemListElement":[{"@type":"ListItem","position":1,"name":"","item":"https:\/\/swissbaker.ch\/fr\/"},{"@type":"ListItem","position":2,"name":"Formation\/Rel\u00e8ve","item":"https:\/\/swissbaker.ch\/fr\/panissimo-news\/category\/formation-releve\/"},{"@type":"ListItem","position":3,"name":"vente 2022+"}]},{"@type":"WebSite","@id":"https:\/\/swissbaker.ch\/fr\/#website","url":"https:\/\/swissbaker.ch\/fr\/","name":"SBC","description":"","publisher":{"@id":"https:\/\/swissbaker.ch\/fr\/#organization"},"potentialAction":[{"@type":"SearchAction","target":{"@type":"EntryPoint","urlTemplate":"https:\/\/swissbaker.ch\/fr\/?s={search_term_string}"},"query-input":{"@type":"PropertyValueSpecification","valueRequired":true,"valueName":"search_term_string"}}],"inLanguage":"fr-FR"},{"@type":"Organization","@id":"https:\/\/swissbaker.ch\/fr\/#organization","name":"Schweizerischer B\u00e4cker-Confiseurmeister-Verband","url":"https:\/\/swissbaker.ch\/fr\/","logo":{"@type":"ImageObject","inLanguage":"fr-FR","@id":"https:\/\/swissbaker.ch\/fr\/#\/schema\/logo\/image\/","url":"https:\/\/swissbaker.ch\/wp-content\/uploads\/2022\/04\/sbc-logo-yoast.jpg","contentUrl":"https:\/\/swissbaker.ch\/wp-content\/uploads\/2022\/04\/sbc-logo-yoast.jpg","width":512,"height":512,"caption":"Schweizerischer B\u00e4cker-Confiseurmeister-Verband"},"image":{"@id":"https:\/\/swissbaker.ch\/fr\/#\/schema\/logo\/image\/"},"sameAs":["https:\/\/www.facebook.com\/swissbaker.ch","https:\/\/x.com\/ch_swissbaker"]},{"@type":"Person","@id":"https:\/\/swissbaker.ch\/fr\/#\/schema\/person\/058ac47619f7da53df62aba60f939b78","name":"azureart","image":{"@type":"ImageObject","inLanguage":"fr-FR","@id":"https:\/\/swissbaker.ch\/fr\/#\/schema\/person\/image\/","url":"https:\/\/secure.gravatar.com\/avatar\/be04dd3098fd612c83067af4f7a295384c93cb6a9112f51beb9d2f477d25da61?s=96&d=mm&r=g","contentUrl":"https:\/\/secure.gravatar.com\/avatar\/be04dd3098fd612c83067af4f7a295384c93cb6a9112f51beb9d2f477d25da61?s=96&d=mm&r=g","caption":"azureart"},"sameAs":["https:\/\/swissbaker.ch"],"url":"https:\/\/swissbaker.ch\/fr\/panissimo-news\/author\/pixel-ahoi\/"}]}},"_links":{"self":[{"href":"https:\/\/swissbaker.ch\/fr\/wp-json\/wp\/v2\/posts\/11529","targetHints":{"allow":["GET"]}}],"collection":[{"href":"https:\/\/swissbaker.ch\/fr\/wp-json\/wp\/v2\/posts"}],"about":[{"href":"https:\/\/swissbaker.ch\/fr\/wp-json\/wp\/v2\/types\/post"}],"author":[{"embeddable":true,"href":"https:\/\/swissbaker.ch\/fr\/wp-json\/wp\/v2\/users\/1"}],"replies":[{"embeddable":true,"href":"https:\/\/swissbaker.ch\/fr\/wp-json\/wp\/v2\/comments?post=11529"}],"version-history":[{"count":0,"href":"https:\/\/swissbaker.ch\/fr\/wp-json\/wp\/v2\/posts\/11529\/revisions"}],"wp:featuredmedia":[{"embeddable":true,"href":"https:\/\/swissbaker.ch\/fr\/wp-json\/wp\/v2\/media\/11420"}],"wp:attachment":[{"href":"https:\/\/swissbaker.ch\/fr\/wp-json\/wp\/v2\/media?parent=11529"}],"wp:term":[{"taxonomy":"category","embeddable":true,"href":"https:\/\/swissbaker.ch\/fr\/wp-json\/wp\/v2\/categories?post=11529"},{"taxonomy":"post_tag","embeddable":true,"href":"https:\/\/swissbaker.ch\/fr\/wp-json\/wp\/v2\/tags?post=11529"}],"curies":[{"name":"wp","href":"https:\/\/api.w.org\/{rel}","templated":true}]}}