{"id":11523,"date":"2022-05-24T14:07:00","date_gmt":"2022-05-24T12:07:00","guid":{"rendered":"https:\/\/swissbaker.ch\/?p=11523"},"modified":"2022-06-02T15:10:44","modified_gmt":"2022-06-02T13:10:44","slug":"didier-ecoffey-envoie-un-signal","status":"publish","type":"post","link":"https:\/\/swissbaker.ch\/fr\/panissimo-news\/didier-ecoffey-envoie-un-signal\/","title":{"rendered":"Didier Ecoffey envoie un signal"},"content":{"rendered":"\n<p><strong>Lanc\u00e9e en 2021, la marque Pain suisse apporte plus de transparence dans la production, la transformation et la vente de pain, de petit pain et de pain \u00e0 sandwich suisses. De plus en plus de boulangeries et de sites de production profitent des avantages du logo de la marque. Parmi elles, la boulangerie Didier Ecoffey \u00e0 Romont (FR). L\u2019association Pain suisse a visit\u00e9 la boulangerie.<\/strong><\/p>\n\n\n\n<p><em>Le boulanger-p\u00e2tissier Didier Ecoffey utilise le nouveau logo de la marque Pain suisse dans sa boulangerie depuis l\u2019\u00e9t\u00e9 2021.<\/em><\/p>\n\n\n\n<p>La petite ville historique de Romont culmine fi\u00e8rement sur une colline du Plateau fribourgeois. Avec ses nombreuses maisons bourgeoises et patriciennes datant du 17e au 19e si\u00e8cle, la localit\u00e9 a conserv\u00e9 son aspect pittoresque. La Boulangerie Didier Ecoffey se trouve juste \u00e0 l\u2019entr\u00e9e de la commune, entour\u00e9e d\u2019un mur d\u2019enceinte. Didier Ecoffey est la deuxi\u00e8me g\u00e9n\u00e9ration de la famille \u00e0 diriger l\u2019entreprise. Son travail lui a d\u00e9j\u00e0 valu quelques distinctions ; il d\u00e9tient notamment le titre de Chevalier du bon pain. L\u2019ann\u00e9e derni\u00e8re, le boulanger-p\u00e2tissier a d\u00e9cid\u00e9 d\u2019utiliser le nouveau logo de la marque Pain suisse dans sa boulangerie.<\/p>\n\n\n\n<p><strong>Quel est l\u2019int\u00e9r\u00eat d\u2019apposer la marque Pain suisse sur votre pain\u2009?<\/strong><br>Je souhaite me d\u00e9marquer des grandes surfaces et des magasins et afficher mon int\u00e9r\u00eat pour les produits locaux.<\/p>\n\n\n\n<p><strong>O\u00f9 utilisez-vous la marque Pain suisse\u2009?<\/strong><br>Dans mes magasins, sur mon site Internet et mon compte Facebook.<\/p>\n\n\n\n<figure class=\"wp-block-image size-full\"><img decoding=\"async\" width=\"551\" height=\"327\" src=\"https:\/\/swissbaker.ch\/wp-content\/uploads\/2022\/05\/csm_10_2_ecoffey_2_93a62efc2d-1.jpeg\" alt=\"\" class=\"wp-image-11526\" title=\"\" srcset=\"https:\/\/swissbaker.ch\/wp-content\/uploads\/2022\/05\/csm_10_2_ecoffey_2_93a62efc2d-1.jpeg 551w, https:\/\/swissbaker.ch\/wp-content\/uploads\/2022\/05\/csm_10_2_ecoffey_2_93a62efc2d-1-300x178.jpeg 300w\" sizes=\"(max-width: 551px) 100vw, 551px\" \/><\/figure>\n\n\n\n<p><strong>Par quels moyens utilisez-vous la marque Pain suisse\u2009?<\/strong><br>Par le biais d\u2019affiches, d\u2019autocollants et d\u2019un lien redirigeant vers le site de Pain suisse.<\/p>\n\n\n\n<p><strong>Comment avez-vous pris connaissance de la marque Pain suisse\u2009?<\/strong><br>Gr\u00e2ce \u00e0 l\u2019association des Boulangers-Confiseurs suisses et lors de sessions consacr\u00e9es aux labels Fait maison et V\u00e9ritable artisan.<\/p>\n\n\n\n<p><strong>En quoi est-ce important de souligner l\u2019origine locale du pain\u2009?<\/strong><br>Il nous tient \u00e0 c\u0153ur de montrer \u00e0 notre client\u00e8le que nous travaillons avec des produits locaux de qualit\u00e9, de mani\u00e8re \u00e9cologique et durable. En outre, nos clientes et clients connaissent nos producteurs locaux.<\/p>\n\n\n\n<figure class=\"wp-block-image size-full\"><img decoding=\"async\" width=\"551\" height=\"327\" src=\"https:\/\/swissbaker.ch\/wp-content\/uploads\/2022\/05\/csm_10_2_ecoffey_3_fbc0de0f79-1.jpeg\" alt=\"\" class=\"wp-image-11524\" title=\"\" srcset=\"https:\/\/swissbaker.ch\/wp-content\/uploads\/2022\/05\/csm_10_2_ecoffey_3_fbc0de0f79-1.jpeg 551w, https:\/\/swissbaker.ch\/wp-content\/uploads\/2022\/05\/csm_10_2_ecoffey_3_fbc0de0f79-1-300x178.jpeg 300w\" sizes=\"(max-width: 551px) 100vw, 551px\" \/><\/figure>\n\n\n\n<p><strong>Comment votre client\u00e8le a-t-elle r\u00e9agi \u00e0 l\u2019utilisation de la marque Pain suisse\u2009?<\/strong><br>Jusqu\u2019\u00e0 pr\u00e9sent, les r\u00e9actions sont peu nombreuses, mais nos&nbsp;clients savent que nous travaillons localement et que nous proposons<br>d\u00e9j\u00e0 des produits certifi\u00e9s AOP et Terroir Fribourg.<\/p>\n\n\n\n<p><strong>Le comportement d\u2019achat de vos clients a-t-il chang\u00e9\u2009?<\/strong><br>Je ne pense pas, mais les clients sont rassur\u00e9s lorsqu\u2019ils sont inform\u00e9s sur la provenance des produits.<\/p>\n\n\n\n<p><em>&#8230;Lisez l&#8217;interview l&#8217;entretien dans \u00abPanissimo\u00bb&nbsp;du 20 mai 2022.<\/em><\/p>\n","protected":false},"excerpt":{"rendered":"<p>Lanc\u00e9e en 2021, la marque Pain suisse apporte plus de transparence dans la production, la transformation et la vente de pain, de petit pain et de pain \u00e0 sandwich suisses. De plus en plus de boulangeries et de sites de production profitent des avantages du logo de la marque. Parmi elles, la boulangerie Didier Ecoffey \u00e0 Romont (FR). L\u2019association Pain [&hellip;]<\/p>\n","protected":false},"author":1,"featured_media":11412,"comment_status":"open","ping_status":"closed","sticky":true,"template":"","format":"standard","meta":{"_acf_changed":false,"footnotes":""},"categories":[42,50],"tags":[],"class_list":["post-11523","post","type-post","status-publish","format-standard","has-post-thumbnail","hentry","category-boulangeries-confiseries","category-vente-marketing"],"acf":[],"yoast_head":"<!-- This site is optimized with the Yoast SEO Premium plugin v26.8 (Yoast SEO v26.8) - https:\/\/yoast.com\/product\/yoast-seo-premium-wordpress\/ -->\n<title>Didier Ecoffey envoie un signal | SBC<\/title>\n<meta name=\"robots\" content=\"index, follow, max-snippet:-1, max-image-preview:large, max-video-preview:-1\" \/>\n<link rel=\"canonical\" href=\"https:\/\/swissbaker.ch\/fr\/panissimo-news\/didier-ecoffey-envoie-un-signal\/\" \/>\n<meta property=\"og:locale\" content=\"fr_FR\" \/>\n<meta property=\"og:type\" content=\"article\" \/>\n<meta property=\"og:title\" content=\"Didier Ecoffey envoie un signal\" \/>\n<meta property=\"og:description\" content=\"Lanc\u00e9e en 2021, la marque Pain suisse apporte plus de transparence dans la production, la transformation et la vente de pain, de petit pain et de pain \u00e0 sandwich suisses. De plus en plus de boulangeries et de sites de production profitent des avantages du logo de la marque. Parmi elles, la boulangerie Didier Ecoffey \u00e0 Romont (FR). L\u2019association Pain [&hellip;]\" \/>\n<meta property=\"og:url\" content=\"https:\/\/swissbaker.ch\/fr\/panissimo-news\/didier-ecoffey-envoie-un-signal\/\" \/>\n<meta property=\"og:site_name\" content=\"SBC\" \/>\n<meta property=\"article:publisher\" content=\"https:\/\/www.facebook.com\/swissbaker.ch\" \/>\n<meta property=\"article:published_time\" content=\"2022-05-24T12:07:00+00:00\" \/>\n<meta property=\"article:modified_time\" content=\"2022-06-02T13:10:44+00:00\" \/>\n<meta property=\"og:image\" content=\"https:\/\/swissbaker.ch\/wp-content\/uploads\/2022\/05\/10_2_ecoffey_1.jpeg\" \/>\n\t<meta property=\"og:image:width\" content=\"800\" \/>\n\t<meta property=\"og:image:height\" content=\"474\" \/>\n\t<meta property=\"og:image:type\" content=\"image\/jpeg\" \/>\n<meta name=\"author\" content=\"azureart\" \/>\n<meta name=\"twitter:card\" content=\"summary_large_image\" \/>\n<meta name=\"twitter:creator\" content=\"@ch_swissbaker\" \/>\n<meta name=\"twitter:site\" content=\"@ch_swissbaker\" \/>\n<meta name=\"twitter:label1\" content=\"Written by\" \/>\n\t<meta name=\"twitter:data1\" content=\"azureart\" \/>\n\t<meta name=\"twitter:label2\" content=\"Est. reading time\" \/>\n\t<meta name=\"twitter:data2\" content=\"3 minutes\" \/>\n<script type=\"application\/ld+json\" class=\"yoast-schema-graph\">{\"@context\":\"https:\/\/schema.org\",\"@graph\":[{\"@type\":\"Article\",\"@id\":\"https:\/\/swissbaker.ch\/fr\/panissimo-news\/didier-ecoffey-envoie-un-signal\/#article\",\"isPartOf\":{\"@id\":\"https:\/\/swissbaker.ch\/fr\/panissimo-news\/didier-ecoffey-envoie-un-signal\/\"},\"author\":{\"name\":\"azureart\",\"@id\":\"https:\/\/swissbaker.ch\/fr\/#\/schema\/person\/058ac47619f7da53df62aba60f939b78\"},\"headline\":\"Didier Ecoffey envoie un signal\",\"datePublished\":\"2022-05-24T12:07:00+00:00\",\"dateModified\":\"2022-06-02T13:10:44+00:00\",\"mainEntityOfPage\":{\"@id\":\"https:\/\/swissbaker.ch\/fr\/panissimo-news\/didier-ecoffey-envoie-un-signal\/\"},\"wordCount\":443,\"commentCount\":0,\"publisher\":{\"@id\":\"https:\/\/swissbaker.ch\/fr\/#organization\"},\"image\":{\"@id\":\"https:\/\/swissbaker.ch\/fr\/panissimo-news\/didier-ecoffey-envoie-un-signal\/#primaryimage\"},\"thumbnailUrl\":\"https:\/\/swissbaker.ch\/wp-content\/uploads\/2022\/05\/10_2_ecoffey_1.jpeg\",\"articleSection\":[\"Boulangeries\/Confiseries\",\"Vente\/Marketing\"],\"inLanguage\":\"fr-FR\",\"potentialAction\":[{\"@type\":\"CommentAction\",\"name\":\"Comment\",\"target\":[\"https:\/\/swissbaker.ch\/fr\/panissimo-news\/didier-ecoffey-envoie-un-signal\/#respond\"]}]},{\"@type\":\"WebPage\",\"@id\":\"https:\/\/swissbaker.ch\/fr\/panissimo-news\/didier-ecoffey-envoie-un-signal\/\",\"url\":\"https:\/\/swissbaker.ch\/fr\/panissimo-news\/didier-ecoffey-envoie-un-signal\/\",\"name\":\"Didier Ecoffey envoie un signal | SBC\",\"isPartOf\":{\"@id\":\"https:\/\/swissbaker.ch\/fr\/#website\"},\"primaryImageOfPage\":{\"@id\":\"https:\/\/swissbaker.ch\/fr\/panissimo-news\/didier-ecoffey-envoie-un-signal\/#primaryimage\"},\"image\":{\"@id\":\"https:\/\/swissbaker.ch\/fr\/panissimo-news\/didier-ecoffey-envoie-un-signal\/#primaryimage\"},\"thumbnailUrl\":\"https:\/\/swissbaker.ch\/wp-content\/uploads\/2022\/05\/10_2_ecoffey_1.jpeg\",\"datePublished\":\"2022-05-24T12:07:00+00:00\",\"dateModified\":\"2022-06-02T13:10:44+00:00\",\"breadcrumb\":{\"@id\":\"https:\/\/swissbaker.ch\/fr\/panissimo-news\/didier-ecoffey-envoie-un-signal\/#breadcrumb\"},\"inLanguage\":\"fr-FR\",\"potentialAction\":[{\"@type\":\"ReadAction\",\"target\":[\"https:\/\/swissbaker.ch\/fr\/panissimo-news\/didier-ecoffey-envoie-un-signal\/\"]}]},{\"@type\":\"ImageObject\",\"inLanguage\":\"fr-FR\",\"@id\":\"https:\/\/swissbaker.ch\/fr\/panissimo-news\/didier-ecoffey-envoie-un-signal\/#primaryimage\",\"url\":\"https:\/\/swissbaker.ch\/wp-content\/uploads\/2022\/05\/10_2_ecoffey_1.jpeg\",\"contentUrl\":\"https:\/\/swissbaker.ch\/wp-content\/uploads\/2022\/05\/10_2_ecoffey_1.jpeg\",\"width\":800,\"height\":474,\"caption\":\"Didier Ecoffey envoie un signal\"},{\"@type\":\"BreadcrumbList\",\"@id\":\"https:\/\/swissbaker.ch\/fr\/panissimo-news\/didier-ecoffey-envoie-un-signal\/#breadcrumb\",\"itemListElement\":[{\"@type\":\"ListItem\",\"position\":1,\"name\":\"\",\"item\":\"https:\/\/swissbaker.ch\/fr\/\"},{\"@type\":\"ListItem\",\"position\":2,\"name\":\"Vente\/Marketing\",\"item\":\"https:\/\/swissbaker.ch\/fr\/panissimo-news\/category\/vente-marketing\/\"},{\"@type\":\"ListItem\",\"position\":3,\"name\":\"Didier Ecoffey envoie un signal\"}]},{\"@type\":\"WebSite\",\"@id\":\"https:\/\/swissbaker.ch\/fr\/#website\",\"url\":\"https:\/\/swissbaker.ch\/fr\/\",\"name\":\"SBC\",\"description\":\"\",\"publisher\":{\"@id\":\"https:\/\/swissbaker.ch\/fr\/#organization\"},\"potentialAction\":[{\"@type\":\"SearchAction\",\"target\":{\"@type\":\"EntryPoint\",\"urlTemplate\":\"https:\/\/swissbaker.ch\/fr\/?s={search_term_string}\"},\"query-input\":{\"@type\":\"PropertyValueSpecification\",\"valueRequired\":true,\"valueName\":\"search_term_string\"}}],\"inLanguage\":\"fr-FR\"},{\"@type\":\"Organization\",\"@id\":\"https:\/\/swissbaker.ch\/fr\/#organization\",\"name\":\"Schweizerischer B\u00e4cker-Confiseurmeister-Verband\",\"url\":\"https:\/\/swissbaker.ch\/fr\/\",\"logo\":{\"@type\":\"ImageObject\",\"inLanguage\":\"fr-FR\",\"@id\":\"https:\/\/swissbaker.ch\/fr\/#\/schema\/logo\/image\/\",\"url\":\"https:\/\/swissbaker.ch\/wp-content\/uploads\/2022\/04\/sbc-logo-yoast.jpg\",\"contentUrl\":\"https:\/\/swissbaker.ch\/wp-content\/uploads\/2022\/04\/sbc-logo-yoast.jpg\",\"width\":512,\"height\":512,\"caption\":\"Schweizerischer B\u00e4cker-Confiseurmeister-Verband\"},\"image\":{\"@id\":\"https:\/\/swissbaker.ch\/fr\/#\/schema\/logo\/image\/\"},\"sameAs\":[\"https:\/\/www.facebook.com\/swissbaker.ch\",\"https:\/\/x.com\/ch_swissbaker\"]},{\"@type\":\"Person\",\"@id\":\"https:\/\/swissbaker.ch\/fr\/#\/schema\/person\/058ac47619f7da53df62aba60f939b78\",\"name\":\"azureart\",\"image\":{\"@type\":\"ImageObject\",\"inLanguage\":\"fr-FR\",\"@id\":\"https:\/\/swissbaker.ch\/fr\/#\/schema\/person\/image\/\",\"url\":\"https:\/\/secure.gravatar.com\/avatar\/be04dd3098fd612c83067af4f7a295384c93cb6a9112f51beb9d2f477d25da61?s=96&d=mm&r=g\",\"contentUrl\":\"https:\/\/secure.gravatar.com\/avatar\/be04dd3098fd612c83067af4f7a295384c93cb6a9112f51beb9d2f477d25da61?s=96&d=mm&r=g\",\"caption\":\"azureart\"},\"sameAs\":[\"https:\/\/swissbaker.ch\"],\"url\":\"https:\/\/swissbaker.ch\/fr\/panissimo-news\/author\/pixel-ahoi\/\"}]}<\/script>\n<!-- \/ Yoast SEO Premium plugin. -->","yoast_head_json":{"title":"Didier Ecoffey envoie un signal | SBC","robots":{"index":"index","follow":"follow","max-snippet":"max-snippet:-1","max-image-preview":"max-image-preview:large","max-video-preview":"max-video-preview:-1"},"canonical":"https:\/\/swissbaker.ch\/fr\/panissimo-news\/didier-ecoffey-envoie-un-signal\/","og_locale":"fr_FR","og_type":"article","og_title":"Didier Ecoffey envoie un signal","og_description":"Lanc\u00e9e en 2021, la marque Pain suisse apporte plus de transparence dans la production, la transformation et la vente de pain, de petit pain et de pain \u00e0 sandwich suisses. De plus en plus de boulangeries et de sites de production profitent des avantages du logo de la marque. Parmi elles, la boulangerie Didier Ecoffey \u00e0 Romont (FR). L\u2019association Pain [&hellip;]","og_url":"https:\/\/swissbaker.ch\/fr\/panissimo-news\/didier-ecoffey-envoie-un-signal\/","og_site_name":"SBC","article_publisher":"https:\/\/www.facebook.com\/swissbaker.ch","article_published_time":"2022-05-24T12:07:00+00:00","article_modified_time":"2022-06-02T13:10:44+00:00","og_image":[{"width":800,"height":474,"url":"https:\/\/swissbaker.ch\/wp-content\/uploads\/2022\/05\/10_2_ecoffey_1.jpeg","type":"image\/jpeg"}],"author":"azureart","twitter_card":"summary_large_image","twitter_creator":"@ch_swissbaker","twitter_site":"@ch_swissbaker","twitter_misc":{"Written by":"azureart","Est. reading time":"3 minutes"},"schema":{"@context":"https:\/\/schema.org","@graph":[{"@type":"Article","@id":"https:\/\/swissbaker.ch\/fr\/panissimo-news\/didier-ecoffey-envoie-un-signal\/#article","isPartOf":{"@id":"https:\/\/swissbaker.ch\/fr\/panissimo-news\/didier-ecoffey-envoie-un-signal\/"},"author":{"name":"azureart","@id":"https:\/\/swissbaker.ch\/fr\/#\/schema\/person\/058ac47619f7da53df62aba60f939b78"},"headline":"Didier Ecoffey envoie un signal","datePublished":"2022-05-24T12:07:00+00:00","dateModified":"2022-06-02T13:10:44+00:00","mainEntityOfPage":{"@id":"https:\/\/swissbaker.ch\/fr\/panissimo-news\/didier-ecoffey-envoie-un-signal\/"},"wordCount":443,"commentCount":0,"publisher":{"@id":"https:\/\/swissbaker.ch\/fr\/#organization"},"image":{"@id":"https:\/\/swissbaker.ch\/fr\/panissimo-news\/didier-ecoffey-envoie-un-signal\/#primaryimage"},"thumbnailUrl":"https:\/\/swissbaker.ch\/wp-content\/uploads\/2022\/05\/10_2_ecoffey_1.jpeg","articleSection":["Boulangeries\/Confiseries","Vente\/Marketing"],"inLanguage":"fr-FR","potentialAction":[{"@type":"CommentAction","name":"Comment","target":["https:\/\/swissbaker.ch\/fr\/panissimo-news\/didier-ecoffey-envoie-un-signal\/#respond"]}]},{"@type":"WebPage","@id":"https:\/\/swissbaker.ch\/fr\/panissimo-news\/didier-ecoffey-envoie-un-signal\/","url":"https:\/\/swissbaker.ch\/fr\/panissimo-news\/didier-ecoffey-envoie-un-signal\/","name":"Didier Ecoffey envoie un signal | SBC","isPartOf":{"@id":"https:\/\/swissbaker.ch\/fr\/#website"},"primaryImageOfPage":{"@id":"https:\/\/swissbaker.ch\/fr\/panissimo-news\/didier-ecoffey-envoie-un-signal\/#primaryimage"},"image":{"@id":"https:\/\/swissbaker.ch\/fr\/panissimo-news\/didier-ecoffey-envoie-un-signal\/#primaryimage"},"thumbnailUrl":"https:\/\/swissbaker.ch\/wp-content\/uploads\/2022\/05\/10_2_ecoffey_1.jpeg","datePublished":"2022-05-24T12:07:00+00:00","dateModified":"2022-06-02T13:10:44+00:00","breadcrumb":{"@id":"https:\/\/swissbaker.ch\/fr\/panissimo-news\/didier-ecoffey-envoie-un-signal\/#breadcrumb"},"inLanguage":"fr-FR","potentialAction":[{"@type":"ReadAction","target":["https:\/\/swissbaker.ch\/fr\/panissimo-news\/didier-ecoffey-envoie-un-signal\/"]}]},{"@type":"ImageObject","inLanguage":"fr-FR","@id":"https:\/\/swissbaker.ch\/fr\/panissimo-news\/didier-ecoffey-envoie-un-signal\/#primaryimage","url":"https:\/\/swissbaker.ch\/wp-content\/uploads\/2022\/05\/10_2_ecoffey_1.jpeg","contentUrl":"https:\/\/swissbaker.ch\/wp-content\/uploads\/2022\/05\/10_2_ecoffey_1.jpeg","width":800,"height":474,"caption":"Didier Ecoffey envoie un signal"},{"@type":"BreadcrumbList","@id":"https:\/\/swissbaker.ch\/fr\/panissimo-news\/didier-ecoffey-envoie-un-signal\/#breadcrumb","itemListElement":[{"@type":"ListItem","position":1,"name":"","item":"https:\/\/swissbaker.ch\/fr\/"},{"@type":"ListItem","position":2,"name":"Vente\/Marketing","item":"https:\/\/swissbaker.ch\/fr\/panissimo-news\/category\/vente-marketing\/"},{"@type":"ListItem","position":3,"name":"Didier Ecoffey envoie un signal"}]},{"@type":"WebSite","@id":"https:\/\/swissbaker.ch\/fr\/#website","url":"https:\/\/swissbaker.ch\/fr\/","name":"SBC","description":"","publisher":{"@id":"https:\/\/swissbaker.ch\/fr\/#organization"},"potentialAction":[{"@type":"SearchAction","target":{"@type":"EntryPoint","urlTemplate":"https:\/\/swissbaker.ch\/fr\/?s={search_term_string}"},"query-input":{"@type":"PropertyValueSpecification","valueRequired":true,"valueName":"search_term_string"}}],"inLanguage":"fr-FR"},{"@type":"Organization","@id":"https:\/\/swissbaker.ch\/fr\/#organization","name":"Schweizerischer B\u00e4cker-Confiseurmeister-Verband","url":"https:\/\/swissbaker.ch\/fr\/","logo":{"@type":"ImageObject","inLanguage":"fr-FR","@id":"https:\/\/swissbaker.ch\/fr\/#\/schema\/logo\/image\/","url":"https:\/\/swissbaker.ch\/wp-content\/uploads\/2022\/04\/sbc-logo-yoast.jpg","contentUrl":"https:\/\/swissbaker.ch\/wp-content\/uploads\/2022\/04\/sbc-logo-yoast.jpg","width":512,"height":512,"caption":"Schweizerischer B\u00e4cker-Confiseurmeister-Verband"},"image":{"@id":"https:\/\/swissbaker.ch\/fr\/#\/schema\/logo\/image\/"},"sameAs":["https:\/\/www.facebook.com\/swissbaker.ch","https:\/\/x.com\/ch_swissbaker"]},{"@type":"Person","@id":"https:\/\/swissbaker.ch\/fr\/#\/schema\/person\/058ac47619f7da53df62aba60f939b78","name":"azureart","image":{"@type":"ImageObject","inLanguage":"fr-FR","@id":"https:\/\/swissbaker.ch\/fr\/#\/schema\/person\/image\/","url":"https:\/\/secure.gravatar.com\/avatar\/be04dd3098fd612c83067af4f7a295384c93cb6a9112f51beb9d2f477d25da61?s=96&d=mm&r=g","contentUrl":"https:\/\/secure.gravatar.com\/avatar\/be04dd3098fd612c83067af4f7a295384c93cb6a9112f51beb9d2f477d25da61?s=96&d=mm&r=g","caption":"azureart"},"sameAs":["https:\/\/swissbaker.ch"],"url":"https:\/\/swissbaker.ch\/fr\/panissimo-news\/author\/pixel-ahoi\/"}]}},"_links":{"self":[{"href":"https:\/\/swissbaker.ch\/fr\/wp-json\/wp\/v2\/posts\/11523","targetHints":{"allow":["GET"]}}],"collection":[{"href":"https:\/\/swissbaker.ch\/fr\/wp-json\/wp\/v2\/posts"}],"about":[{"href":"https:\/\/swissbaker.ch\/fr\/wp-json\/wp\/v2\/types\/post"}],"author":[{"embeddable":true,"href":"https:\/\/swissbaker.ch\/fr\/wp-json\/wp\/v2\/users\/1"}],"replies":[{"embeddable":true,"href":"https:\/\/swissbaker.ch\/fr\/wp-json\/wp\/v2\/comments?post=11523"}],"version-history":[{"count":0,"href":"https:\/\/swissbaker.ch\/fr\/wp-json\/wp\/v2\/posts\/11523\/revisions"}],"wp:featuredmedia":[{"embeddable":true,"href":"https:\/\/swissbaker.ch\/fr\/wp-json\/wp\/v2\/media\/11412"}],"wp:attachment":[{"href":"https:\/\/swissbaker.ch\/fr\/wp-json\/wp\/v2\/media?parent=11523"}],"wp:term":[{"taxonomy":"category","embeddable":true,"href":"https:\/\/swissbaker.ch\/fr\/wp-json\/wp\/v2\/categories?post=11523"},{"taxonomy":"post_tag","embeddable":true,"href":"https:\/\/swissbaker.ch\/fr\/wp-json\/wp\/v2\/tags?post=11523"}],"curies":[{"name":"wp","href":"https:\/\/api.w.org\/{rel}","templated":true}]}}