{"id":110693,"date":"2025-01-08T08:30:55","date_gmt":"2025-01-08T07:30:55","guid":{"rendered":"https:\/\/swissbaker.ch\/?p=110693"},"modified":"2025-01-09T15:02:23","modified_gmt":"2025-01-09T14:02:23","slug":"bonne-annee","status":"publish","type":"post","link":"https:\/\/swissbaker.ch\/fr\/panissimo-news\/bonne-annee\/","title":{"rendered":"Bonne ann\u00e9e\u2009!"},"content":{"rendered":"\n<p>Une ann\u00e9e de plus vient de s\u2019achever\u2026 une ann\u00e9e, avec ses hauts et ses bas, et surtout avec ses derniers jours toujours plus intensifs. Une fois de plus, nous finissons l\u2019ann\u00e9e tr\u00e8s fatigu\u00e9s mais aussi avec l\u2019\u00e9norme satisfaction d\u2019avoir pu faire plaisir \u00e0 tant de monde.<\/p>\n\n\n\n<p>Avec tout ce qui se passe dans le monde actuellement, nous pourrions sombrer dans le pessimisme et la d\u00e9pression, baisser les bras et abdiquer, se dire que le bon temps est pass\u00e9\u2026 Et bien, non\u2009! Non, je veux rester optimiste et croire \u00e0 des jours meilleurs et \u00e0 des lendemains heureux\u2009!<\/p>\n\n\n\n<p>J\u2019aimerais vous faire partager quelques citations que j\u2019ai affich\u00e9es dans ma cuisine afin que je puisse les lire d\u00e8s que j\u2019en \u00e9prouve le besoin et qui me font du bien\u2009:<\/p>\n\n\n\n<p class=\"has-text-align-center has-text-color has-link-color wp-elements-95f1b88836407339c9cb7bdb506ee959\" style=\"color:#cc9933\"><strong><em>Fais de ta vie un r\u00eave, et d\u2019un r\u00eave une r\u00e9alit\u00e9<\/em><\/strong>.<\/p>\n\n\n\n<p class=\"has-text-align-center has-text-color has-link-color wp-elements-2da8bbdaf97d21f2c41c7356bb23258b\" style=\"color:#cc9933\"><strong><em>Le vrai bonheur ne d\u00e9pend d\u2019aucun \u00eatre, d\u2019aucun objet ext\u00e9rieur\u2026 il ne d\u00e9pend que de nous\u2009!<\/em><\/strong><\/p>\n\n\n\n<p class=\"has-text-align-center has-text-color has-link-color wp-elements-de53db924d82a2145e599ee328e597e8\" style=\"color:#cc9933\"><strong><em>Chacun porte son bonheur en soi\u2009!<\/em><\/strong><\/p>\n\n\n\n<p class=\"has-text-align-center has-text-color has-link-color wp-elements-053dbef473f813760f329a84bc282e5a\" style=\"color:#cc9933\"><strong><em>Le bonheur ne s\u2019ach\u00e8te pas, il est \u00e0 la port\u00e9e de tous\u2009!<\/em><\/strong><\/p>\n\n\n\n<p class=\"has-text-align-center has-text-color has-link-color wp-elements-c394476634b94fee960d91257e23c77c\" style=\"color:#cc9933\"><strong><em>Le bonheur des uns peut aussi faire le bonheur des autres\u2009!<\/em><\/strong><\/p>\n\n\n\n<p class=\"has-text-align-center has-text-color has-link-color wp-elements-c5e9427599d96bd84dc394b131629f37\" style=\"color:#cc9933\"><strong><em>Le plus grand secret du bonheur, c\u2019est d\u2019\u00eatre bien avec soi\u2009!<\/em><\/strong><\/p>\n\n\n\n<p class=\"has-text-align-center has-text-color has-link-color wp-elements-2feb10f3f9b40f6ec9483abaad528ff1\" style=\"color:#cc9933\"><strong><em>Si tu veux \u00eatre heureux, sois-le\u2009!<\/em><\/strong><\/p>\n\n\n\n<p class=\"has-text-align-center has-text-color has-link-color wp-elements-744b667e42986088d651159c371f7501\" style=\"color:#cc9933\"><strong><em>J\u2019ai d\u00e9cid\u00e9 d\u2019\u00eatre heureux car c\u2019est bon pour la sant\u00e9\u2009!<\/em><\/strong><\/p>\n\n\n\n<p><br>D\u00e9coupez ces citations, mettez-les bien en \u00e9vidence et lisez-les le plus souvent possible. Pour moi, cela fonctionne, alors pourquoi pas pour vous\u2009?<\/p>\n\n\n\n<p>Vous venez de passer le cap, avec certainement pleins de v\u0153ux pour cette nouvelle ann\u00e9e. Que ceux-ci se r\u00e9alisent\u2009! Je vous souhaite de tout c\u0153ur une sant\u00e9 de fer pour 2025 et une nouvelle ann\u00e9e pleine de surprises et de bonheur\u2009!<\/p>\n\n\n\n<p class=\"has-text-align-right\"><em>Jean-Fran\u00e7ois Leuenberger,<br>Vice-Pr\u00e9sident de la bcs<\/em><\/p>\n","protected":false},"excerpt":{"rendered":"<p>Une ann\u00e9e de plus vient de s\u2019achever\u2026 une ann\u00e9e, avec ses hauts et ses bas, et surtout avec ses derniers jours toujours plus intensifs. Une fois de plus, nous finissons l\u2019ann\u00e9e tr\u00e8s fatigu\u00e9s mais aussi avec l\u2019\u00e9norme satisfaction d\u2019avoir pu faire plaisir \u00e0 tant de monde.<\/p>\n","protected":false},"author":5,"featured_media":63615,"comment_status":"closed","ping_status":"closed","sticky":true,"template":"","format":"standard","meta":{"_acf_changed":false,"footnotes":""},"categories":[41],"tags":[],"class_list":["post-110693","post","type-post","status-publish","format-standard","has-post-thumbnail","hentry","category-association"],"acf":[],"yoast_head":"<!-- This site is optimized with the Yoast SEO Premium plugin v26.8 (Yoast SEO v26.8) - https:\/\/yoast.com\/product\/yoast-seo-premium-wordpress\/ -->\n<title>Bonne ann\u00e9e\u2009! | SBC<\/title>\n<meta name=\"robots\" content=\"index, follow, max-snippet:-1, max-image-preview:large, max-video-preview:-1\" \/>\n<link rel=\"canonical\" href=\"https:\/\/swissbaker.ch\/fr\/panissimo-news\/bonne-annee\/\" \/>\n<meta property=\"og:locale\" content=\"fr_FR\" \/>\n<meta property=\"og:type\" content=\"article\" \/>\n<meta property=\"og:title\" content=\"Bonne ann\u00e9e\u2009!\" \/>\n<meta property=\"og:description\" content=\"Une ann\u00e9e de plus vient de s\u2019achever\u2026 une ann\u00e9e, avec ses hauts et ses bas, et surtout avec ses derniers jours toujours plus intensifs. Une fois de plus, nous finissons l\u2019ann\u00e9e tr\u00e8s fatigu\u00e9s mais aussi avec l\u2019\u00e9norme satisfaction d\u2019avoir pu faire plaisir \u00e0 tant de monde.\" \/>\n<meta property=\"og:url\" content=\"https:\/\/swissbaker.ch\/fr\/panissimo-news\/bonne-annee\/\" \/>\n<meta property=\"og:site_name\" content=\"SBC\" \/>\n<meta property=\"article:publisher\" content=\"https:\/\/www.facebook.com\/swissbaker.ch\" \/>\n<meta property=\"article:published_time\" content=\"2025-01-08T07:30:55+00:00\" \/>\n<meta property=\"article:modified_time\" content=\"2025-01-09T14:02:23+00:00\" \/>\n<meta property=\"og:image\" content=\"https:\/\/swissbaker.ch\/wp-content\/uploads\/2023\/06\/jean-francoise-leuenberger-zv-2023.jpg\" \/>\n\t<meta property=\"og:image:width\" content=\"1200\" \/>\n\t<meta property=\"og:image:height\" content=\"712\" \/>\n\t<meta property=\"og:image:type\" content=\"image\/jpeg\" \/>\n<meta name=\"author\" content=\"Simon Nussbaum\" \/>\n<meta name=\"twitter:card\" content=\"summary_large_image\" \/>\n<meta name=\"twitter:creator\" content=\"@ch_swissbaker\" \/>\n<meta name=\"twitter:site\" content=\"@ch_swissbaker\" \/>\n<meta name=\"twitter:label1\" content=\"Written by\" \/>\n\t<meta name=\"twitter:data1\" content=\"Simon Nussbaum\" \/>\n\t<meta name=\"twitter:label2\" content=\"Est. reading time\" \/>\n\t<meta name=\"twitter:data2\" content=\"2 minutes\" \/>\n<script type=\"application\/ld+json\" class=\"yoast-schema-graph\">{\"@context\":\"https:\/\/schema.org\",\"@graph\":[{\"@type\":\"Article\",\"@id\":\"https:\/\/swissbaker.ch\/fr\/panissimo-news\/bonne-annee\/#article\",\"isPartOf\":{\"@id\":\"https:\/\/swissbaker.ch\/fr\/panissimo-news\/bonne-annee\/\"},\"author\":{\"name\":\"Simon Nussbaum\",\"@id\":\"https:\/\/swissbaker.ch\/fr\/#\/schema\/person\/74bd327b08c18ca6042c02ff6f0ed5e2\"},\"headline\":\"Bonne ann\u00e9e\u2009!\",\"datePublished\":\"2025-01-08T07:30:55+00:00\",\"dateModified\":\"2025-01-09T14:02:23+00:00\",\"mainEntityOfPage\":{\"@id\":\"https:\/\/swissbaker.ch\/fr\/panissimo-news\/bonne-annee\/\"},\"wordCount\":318,\"publisher\":{\"@id\":\"https:\/\/swissbaker.ch\/fr\/#organization\"},\"image\":{\"@id\":\"https:\/\/swissbaker.ch\/fr\/panissimo-news\/bonne-annee\/#primaryimage\"},\"thumbnailUrl\":\"https:\/\/swissbaker.ch\/wp-content\/uploads\/2023\/06\/jean-francoise-leuenberger-zv-2023.jpg\",\"articleSection\":[\"Association\"],\"inLanguage\":\"fr-FR\"},{\"@type\":\"WebPage\",\"@id\":\"https:\/\/swissbaker.ch\/fr\/panissimo-news\/bonne-annee\/\",\"url\":\"https:\/\/swissbaker.ch\/fr\/panissimo-news\/bonne-annee\/\",\"name\":\"Bonne ann\u00e9e\u2009! | SBC\",\"isPartOf\":{\"@id\":\"https:\/\/swissbaker.ch\/fr\/#website\"},\"primaryImageOfPage\":{\"@id\":\"https:\/\/swissbaker.ch\/fr\/panissimo-news\/bonne-annee\/#primaryimage\"},\"image\":{\"@id\":\"https:\/\/swissbaker.ch\/fr\/panissimo-news\/bonne-annee\/#primaryimage\"},\"thumbnailUrl\":\"https:\/\/swissbaker.ch\/wp-content\/uploads\/2023\/06\/jean-francoise-leuenberger-zv-2023.jpg\",\"datePublished\":\"2025-01-08T07:30:55+00:00\",\"dateModified\":\"2025-01-09T14:02:23+00:00\",\"breadcrumb\":{\"@id\":\"https:\/\/swissbaker.ch\/fr\/panissimo-news\/bonne-annee\/#breadcrumb\"},\"inLanguage\":\"fr-FR\",\"potentialAction\":[{\"@type\":\"ReadAction\",\"target\":[\"https:\/\/swissbaker.ch\/fr\/panissimo-news\/bonne-annee\/\"]}]},{\"@type\":\"ImageObject\",\"inLanguage\":\"fr-FR\",\"@id\":\"https:\/\/swissbaker.ch\/fr\/panissimo-news\/bonne-annee\/#primaryimage\",\"url\":\"https:\/\/swissbaker.ch\/wp-content\/uploads\/2023\/06\/jean-francoise-leuenberger-zv-2023.jpg\",\"contentUrl\":\"https:\/\/swissbaker.ch\/wp-content\/uploads\/2023\/06\/jean-francoise-leuenberger-zv-2023.jpg\",\"width\":1200,\"height\":712},{\"@type\":\"BreadcrumbList\",\"@id\":\"https:\/\/swissbaker.ch\/fr\/panissimo-news\/bonne-annee\/#breadcrumb\",\"itemListElement\":[{\"@type\":\"ListItem\",\"position\":1,\"name\":\"\",\"item\":\"https:\/\/swissbaker.ch\/fr\/\"},{\"@type\":\"ListItem\",\"position\":2,\"name\":\"Association\",\"item\":\"https:\/\/swissbaker.ch\/fr\/panissimo-news\/category\/association\/\"},{\"@type\":\"ListItem\",\"position\":3,\"name\":\"Bonne ann\u00e9e\u2009!\"}]},{\"@type\":\"WebSite\",\"@id\":\"https:\/\/swissbaker.ch\/fr\/#website\",\"url\":\"https:\/\/swissbaker.ch\/fr\/\",\"name\":\"SBC\",\"description\":\"\",\"publisher\":{\"@id\":\"https:\/\/swissbaker.ch\/fr\/#organization\"},\"potentialAction\":[{\"@type\":\"SearchAction\",\"target\":{\"@type\":\"EntryPoint\",\"urlTemplate\":\"https:\/\/swissbaker.ch\/fr\/?s={search_term_string}\"},\"query-input\":{\"@type\":\"PropertyValueSpecification\",\"valueRequired\":true,\"valueName\":\"search_term_string\"}}],\"inLanguage\":\"fr-FR\"},{\"@type\":\"Organization\",\"@id\":\"https:\/\/swissbaker.ch\/fr\/#organization\",\"name\":\"Schweizerischer B\u00e4cker-Confiseurmeister-Verband\",\"url\":\"https:\/\/swissbaker.ch\/fr\/\",\"logo\":{\"@type\":\"ImageObject\",\"inLanguage\":\"fr-FR\",\"@id\":\"https:\/\/swissbaker.ch\/fr\/#\/schema\/logo\/image\/\",\"url\":\"https:\/\/swissbaker.ch\/wp-content\/uploads\/2022\/04\/sbc-logo-yoast.jpg\",\"contentUrl\":\"https:\/\/swissbaker.ch\/wp-content\/uploads\/2022\/04\/sbc-logo-yoast.jpg\",\"width\":512,\"height\":512,\"caption\":\"Schweizerischer B\u00e4cker-Confiseurmeister-Verband\"},\"image\":{\"@id\":\"https:\/\/swissbaker.ch\/fr\/#\/schema\/logo\/image\/\"},\"sameAs\":[\"https:\/\/www.facebook.com\/swissbaker.ch\",\"https:\/\/x.com\/ch_swissbaker\"]},{\"@type\":\"Person\",\"@id\":\"https:\/\/swissbaker.ch\/fr\/#\/schema\/person\/74bd327b08c18ca6042c02ff6f0ed5e2\",\"name\":\"Simon Nussbaum\",\"image\":{\"@type\":\"ImageObject\",\"inLanguage\":\"fr-FR\",\"@id\":\"https:\/\/swissbaker.ch\/fr\/#\/schema\/person\/image\/\",\"url\":\"https:\/\/secure.gravatar.com\/avatar\/df0eced3bb556c806cb760cf503ade1ed1df25b4104d80d6fd28d93a9509aa12?s=96&d=mm&r=g\",\"contentUrl\":\"https:\/\/secure.gravatar.com\/avatar\/df0eced3bb556c806cb760cf503ade1ed1df25b4104d80d6fd28d93a9509aa12?s=96&d=mm&r=g\",\"caption\":\"Simon Nussbaum\"},\"url\":\"https:\/\/swissbaker.ch\/fr\/panissimo-news\/author\/simon-nussbaum\/\"}]}<\/script>\n<!-- \/ Yoast SEO Premium plugin. -->","yoast_head_json":{"title":"Bonne ann\u00e9e\u2009! | SBC","robots":{"index":"index","follow":"follow","max-snippet":"max-snippet:-1","max-image-preview":"max-image-preview:large","max-video-preview":"max-video-preview:-1"},"canonical":"https:\/\/swissbaker.ch\/fr\/panissimo-news\/bonne-annee\/","og_locale":"fr_FR","og_type":"article","og_title":"Bonne ann\u00e9e\u2009!","og_description":"Une ann\u00e9e de plus vient de s\u2019achever\u2026 une ann\u00e9e, avec ses hauts et ses bas, et surtout avec ses derniers jours toujours plus intensifs. Une fois de plus, nous finissons l\u2019ann\u00e9e tr\u00e8s fatigu\u00e9s mais aussi avec l\u2019\u00e9norme satisfaction d\u2019avoir pu faire plaisir \u00e0 tant de monde.","og_url":"https:\/\/swissbaker.ch\/fr\/panissimo-news\/bonne-annee\/","og_site_name":"SBC","article_publisher":"https:\/\/www.facebook.com\/swissbaker.ch","article_published_time":"2025-01-08T07:30:55+00:00","article_modified_time":"2025-01-09T14:02:23+00:00","og_image":[{"width":1200,"height":712,"url":"https:\/\/swissbaker.ch\/wp-content\/uploads\/2023\/06\/jean-francoise-leuenberger-zv-2023.jpg","type":"image\/jpeg"}],"author":"Simon Nussbaum","twitter_card":"summary_large_image","twitter_creator":"@ch_swissbaker","twitter_site":"@ch_swissbaker","twitter_misc":{"Written by":"Simon Nussbaum","Est. reading time":"2 minutes"},"schema":{"@context":"https:\/\/schema.org","@graph":[{"@type":"Article","@id":"https:\/\/swissbaker.ch\/fr\/panissimo-news\/bonne-annee\/#article","isPartOf":{"@id":"https:\/\/swissbaker.ch\/fr\/panissimo-news\/bonne-annee\/"},"author":{"name":"Simon Nussbaum","@id":"https:\/\/swissbaker.ch\/fr\/#\/schema\/person\/74bd327b08c18ca6042c02ff6f0ed5e2"},"headline":"Bonne ann\u00e9e\u2009!","datePublished":"2025-01-08T07:30:55+00:00","dateModified":"2025-01-09T14:02:23+00:00","mainEntityOfPage":{"@id":"https:\/\/swissbaker.ch\/fr\/panissimo-news\/bonne-annee\/"},"wordCount":318,"publisher":{"@id":"https:\/\/swissbaker.ch\/fr\/#organization"},"image":{"@id":"https:\/\/swissbaker.ch\/fr\/panissimo-news\/bonne-annee\/#primaryimage"},"thumbnailUrl":"https:\/\/swissbaker.ch\/wp-content\/uploads\/2023\/06\/jean-francoise-leuenberger-zv-2023.jpg","articleSection":["Association"],"inLanguage":"fr-FR"},{"@type":"WebPage","@id":"https:\/\/swissbaker.ch\/fr\/panissimo-news\/bonne-annee\/","url":"https:\/\/swissbaker.ch\/fr\/panissimo-news\/bonne-annee\/","name":"Bonne ann\u00e9e\u2009! | SBC","isPartOf":{"@id":"https:\/\/swissbaker.ch\/fr\/#website"},"primaryImageOfPage":{"@id":"https:\/\/swissbaker.ch\/fr\/panissimo-news\/bonne-annee\/#primaryimage"},"image":{"@id":"https:\/\/swissbaker.ch\/fr\/panissimo-news\/bonne-annee\/#primaryimage"},"thumbnailUrl":"https:\/\/swissbaker.ch\/wp-content\/uploads\/2023\/06\/jean-francoise-leuenberger-zv-2023.jpg","datePublished":"2025-01-08T07:30:55+00:00","dateModified":"2025-01-09T14:02:23+00:00","breadcrumb":{"@id":"https:\/\/swissbaker.ch\/fr\/panissimo-news\/bonne-annee\/#breadcrumb"},"inLanguage":"fr-FR","potentialAction":[{"@type":"ReadAction","target":["https:\/\/swissbaker.ch\/fr\/panissimo-news\/bonne-annee\/"]}]},{"@type":"ImageObject","inLanguage":"fr-FR","@id":"https:\/\/swissbaker.ch\/fr\/panissimo-news\/bonne-annee\/#primaryimage","url":"https:\/\/swissbaker.ch\/wp-content\/uploads\/2023\/06\/jean-francoise-leuenberger-zv-2023.jpg","contentUrl":"https:\/\/swissbaker.ch\/wp-content\/uploads\/2023\/06\/jean-francoise-leuenberger-zv-2023.jpg","width":1200,"height":712},{"@type":"BreadcrumbList","@id":"https:\/\/swissbaker.ch\/fr\/panissimo-news\/bonne-annee\/#breadcrumb","itemListElement":[{"@type":"ListItem","position":1,"name":"","item":"https:\/\/swissbaker.ch\/fr\/"},{"@type":"ListItem","position":2,"name":"Association","item":"https:\/\/swissbaker.ch\/fr\/panissimo-news\/category\/association\/"},{"@type":"ListItem","position":3,"name":"Bonne ann\u00e9e\u2009!"}]},{"@type":"WebSite","@id":"https:\/\/swissbaker.ch\/fr\/#website","url":"https:\/\/swissbaker.ch\/fr\/","name":"SBC","description":"","publisher":{"@id":"https:\/\/swissbaker.ch\/fr\/#organization"},"potentialAction":[{"@type":"SearchAction","target":{"@type":"EntryPoint","urlTemplate":"https:\/\/swissbaker.ch\/fr\/?s={search_term_string}"},"query-input":{"@type":"PropertyValueSpecification","valueRequired":true,"valueName":"search_term_string"}}],"inLanguage":"fr-FR"},{"@type":"Organization","@id":"https:\/\/swissbaker.ch\/fr\/#organization","name":"Schweizerischer B\u00e4cker-Confiseurmeister-Verband","url":"https:\/\/swissbaker.ch\/fr\/","logo":{"@type":"ImageObject","inLanguage":"fr-FR","@id":"https:\/\/swissbaker.ch\/fr\/#\/schema\/logo\/image\/","url":"https:\/\/swissbaker.ch\/wp-content\/uploads\/2022\/04\/sbc-logo-yoast.jpg","contentUrl":"https:\/\/swissbaker.ch\/wp-content\/uploads\/2022\/04\/sbc-logo-yoast.jpg","width":512,"height":512,"caption":"Schweizerischer B\u00e4cker-Confiseurmeister-Verband"},"image":{"@id":"https:\/\/swissbaker.ch\/fr\/#\/schema\/logo\/image\/"},"sameAs":["https:\/\/www.facebook.com\/swissbaker.ch","https:\/\/x.com\/ch_swissbaker"]},{"@type":"Person","@id":"https:\/\/swissbaker.ch\/fr\/#\/schema\/person\/74bd327b08c18ca6042c02ff6f0ed5e2","name":"Simon Nussbaum","image":{"@type":"ImageObject","inLanguage":"fr-FR","@id":"https:\/\/swissbaker.ch\/fr\/#\/schema\/person\/image\/","url":"https:\/\/secure.gravatar.com\/avatar\/df0eced3bb556c806cb760cf503ade1ed1df25b4104d80d6fd28d93a9509aa12?s=96&d=mm&r=g","contentUrl":"https:\/\/secure.gravatar.com\/avatar\/df0eced3bb556c806cb760cf503ade1ed1df25b4104d80d6fd28d93a9509aa12?s=96&d=mm&r=g","caption":"Simon Nussbaum"},"url":"https:\/\/swissbaker.ch\/fr\/panissimo-news\/author\/simon-nussbaum\/"}]}},"_links":{"self":[{"href":"https:\/\/swissbaker.ch\/fr\/wp-json\/wp\/v2\/posts\/110693","targetHints":{"allow":["GET"]}}],"collection":[{"href":"https:\/\/swissbaker.ch\/fr\/wp-json\/wp\/v2\/posts"}],"about":[{"href":"https:\/\/swissbaker.ch\/fr\/wp-json\/wp\/v2\/types\/post"}],"author":[{"embeddable":true,"href":"https:\/\/swissbaker.ch\/fr\/wp-json\/wp\/v2\/users\/5"}],"replies":[{"embeddable":true,"href":"https:\/\/swissbaker.ch\/fr\/wp-json\/wp\/v2\/comments?post=110693"}],"version-history":[{"count":0,"href":"https:\/\/swissbaker.ch\/fr\/wp-json\/wp\/v2\/posts\/110693\/revisions"}],"wp:featuredmedia":[{"embeddable":true,"href":"https:\/\/swissbaker.ch\/fr\/wp-json\/wp\/v2\/media\/63615"}],"wp:attachment":[{"href":"https:\/\/swissbaker.ch\/fr\/wp-json\/wp\/v2\/media?parent=110693"}],"wp:term":[{"taxonomy":"category","embeddable":true,"href":"https:\/\/swissbaker.ch\/fr\/wp-json\/wp\/v2\/categories?post=110693"},{"taxonomy":"post_tag","embeddable":true,"href":"https:\/\/swissbaker.ch\/fr\/wp-json\/wp\/v2\/tags?post=110693"}],"curies":[{"name":"wp","href":"https:\/\/api.w.org\/{rel}","templated":true}]}}