{"id":11003,"date":"2018-09-05T14:57:00","date_gmt":"2018-09-05T12:57:00","guid":{"rendered":"https:\/\/swissbaker.ch\/?p=11003"},"modified":"2022-05-25T11:17:12","modified_gmt":"2022-05-25T09:17:12","slug":"swissskills-2018-a-berne-formation-duale-sous-les-feux-de-la-rampe","status":"publish","type":"post","link":"https:\/\/swissbaker.ch\/fr\/panissimo-news\/swissskills-2018-a-berne-formation-duale-sous-les-feux-de-la-rampe\/","title":{"rendered":"SwissSkills 2018 \u00e0 Berne: formation duale sous les feux de la rampe"},"content":{"rendered":"\n<p><strong>Du 12 au 16 septembre, les championnats suisses des m\u00e9tiers se d\u00e9rouleront \u00e0 Berne. Sur le stand de la BCS, les meilleurs nouveaux professionnels 2018 de la branche lutteront pour le titre de champion suisse.<\/strong><\/p>\n\n\n\n<p>Du 12 au 16 septembre, les championnats suisses des m\u00e9tiers se d\u00e9rouleront \u00e0 Berne. Sur le stand de la BCS, les meilleurs nouveaux professionnels 2018 de la branche lutteront pour le titre de champion suisse.<\/p>\n\n\n\n<p>Les SwissSkills 2018 se d\u00e9rouleront \u00e0 la BernExpo \u00e0 Berne, sur une surface de 100000 m2, soit l\u2019\u00e9quivalent de 14 terrains de foot. Le complexe d\u2019exposition les avait accueillis lors de la premi\u00e8re \u00e9dition en 2014. Les comp\u00e9titions pourront \u00eatre suivies en direct du mercredi au samedi, dans 75 professions. De plus, 60 autres m\u00e9tiers proposeront des d\u00e9monstrations professionnelles et renseigneront le public sur leur stand. L\u2019espace est ouvert de 9 \u00e0 18 heures du mercredi au vendredi, et de 9 \u00e0 16 heures le samedi et le dimanche.<\/p>\n\n\n\n<h2 class=\"wp-block-heading\" id=\"h-passionnantes-competitions\">Passionnantes comp\u00e9titions<\/h2>\n\n\n\n<p>Sur le stand de la BCS, <a href=\"https:\/\/www.swissbaker.ch\/inhalte\/04_berufe\/swissskills_bern18\/Apercu_des_candidates.pdf\">les douze meilleurs professionnels de la promotion 2018 <\/a>en boulangerie, en confiserie et dans le commerce de d\u00e9tail s\u2019affronteront pour le titre de champion suisse. Les participants sont pr\u00e9sent\u00e9s en pages 28 et 29. Leur jour de passage y figure aussi. Les spectateurs peuvent ainsi planifier leur visite afin d\u2019observer les candidats de leur canton en pleine action, par exemple. Du mercredi au samedi, trois concurrents seront \u00e0 l\u2019\u0153uvre dans chacune des trois professions. Les comp\u00e9titions se d\u00e9roulent de 8 h 30 \u00e0 17 h 30 la semaine, et de 7 \u00e0 16 heures le samedi.<br>L\u2019ancienne Miss suisse Linda F\u00e4h m\u00e8nera de br\u00e8ves interviews des candidats, des membres du jury, des responsables de la formation et d\u2019autres personnalit\u00e9s. En tant que guides d\u2019inspiration, les volontaires livreront des informations sur le concours et les professions aux personnes int\u00e9ress\u00e9es. En plus des membres du jury, des repr\u00e9sentants de la BCS et des experts seront pr\u00e9sents sur place, dont Stefan Romang, responsable du concours, et Daniel Nyfeler, pr\u00e9sident de la commission des concours. Tout au long de la journ\u00e9e, il se passera quelque chose.<\/p>\n\n\n\n<h2 class=\"wp-block-heading\" id=\"h-programme-dominical-attractif\">Programme dominical attractif<\/h2>\n\n\n\n<p>Samedi, d\u00e8s 19 h 30, la c\u00e9r\u00e9monie de cl\u00f4ture avec l\u2019annonce des r\u00e9sultats se d\u00e9roulera \u00e0 la Postfinance Arena, en pr\u00e9sence des candidats et des accompagnants. Pour celle-ci comme pour la c\u00e9r\u00e9monie d\u2019ouverture, un billet s\u00e9par\u00e9 est n\u00e9cessaire. Il n\u2019y a plus de comp\u00e9titions le dimanche. Toutefois, une visite n\u2019en est pas pour autant moins int\u00e9ressante. Les stands proposeront des d\u00e9monstrations, des conf\u00e9rences et d\u2019autres activit\u00e9s passionnantes, sous le slogan \u00ab Best of Swiss Skills \u00bb.<br>Sur le stand de la BCS, Ramona Bolliger et Uthaya Umaparan pr\u00e9senteront leur travail r\u00e9alis\u00e9 dans le cadre des WorldSkills 2017. Silvia von Bu\u0308ren confectionnera une table de pr\u00e9sentation, et Jorge Cardoso une pi\u00e8ce d\u2019exposition.<br>Aux alentours de 11 h 30, l\u2019Ambassadeur du pain et du chocolat 2018 Andr\u00e9 Lu\u0308thi se mesurera \u00e0 Ramona Bolliger dans un concours de tresse. Linda F\u00e4h poursuivra ses interviews.<\/p>\n","protected":false},"excerpt":{"rendered":"<p>Du 12 au 16 septembre, les championnats suisses des m\u00e9tiers se d\u00e9rouleront \u00e0 Berne. Sur le stand de la BCS, les meilleurs nouveaux professionnels 2018 de la branche lutteront pour le titre de champion suisse. Du 12 au 16 septembre, les championnats suisses des m\u00e9tiers se d\u00e9rouleront \u00e0 Berne. Sur le stand de la BCS, les meilleurs nouveaux professionnels 2018 [&hellip;]<\/p>\n","protected":false},"author":1,"featured_media":6572,"comment_status":"open","ping_status":"closed","sticky":false,"template":"","format":"standard","meta":{"_acf_changed":false,"footnotes":""},"categories":[43,46],"tags":[],"class_list":["post-11003","post","type-post","status-publish","format-standard","has-post-thumbnail","hentry","category-concours","category-evenement"],"acf":[],"yoast_head":"<!-- This site is optimized with the Yoast SEO Premium plugin v26.8 (Yoast SEO v26.8) - https:\/\/yoast.com\/product\/yoast-seo-premium-wordpress\/ -->\n<title>SwissSkills 2018 \u00e0 Berne: formation duale sous les feux de la rampe | SBC<\/title>\n<meta name=\"robots\" content=\"index, follow, max-snippet:-1, max-image-preview:large, max-video-preview:-1\" \/>\n<link rel=\"canonical\" href=\"https:\/\/swissbaker.ch\/fr\/panissimo-news\/swissskills-2018-a-berne-formation-duale-sous-les-feux-de-la-rampe\/\" \/>\n<meta property=\"og:locale\" content=\"fr_FR\" \/>\n<meta property=\"og:type\" content=\"article\" \/>\n<meta property=\"og:title\" content=\"SwissSkills 2018 \u00e0 Berne: formation duale sous les feux de la rampe\" \/>\n<meta property=\"og:description\" content=\"Du 12 au 16 septembre, les championnats suisses des m\u00e9tiers se d\u00e9rouleront \u00e0 Berne. Sur le stand de la BCS, les meilleurs nouveaux professionnels 2018 de la branche lutteront pour le titre de champion suisse. Du 12 au 16 septembre, les championnats suisses des m\u00e9tiers se d\u00e9rouleront \u00e0 Berne. Sur le stand de la BCS, les meilleurs nouveaux professionnels 2018 [&hellip;]\" \/>\n<meta property=\"og:url\" content=\"https:\/\/swissbaker.ch\/fr\/panissimo-news\/swissskills-2018-a-berne-formation-duale-sous-les-feux-de-la-rampe\/\" \/>\n<meta property=\"og:site_name\" content=\"SBC\" \/>\n<meta property=\"article:publisher\" content=\"https:\/\/www.facebook.com\/swissbaker.ch\" \/>\n<meta property=\"article:published_time\" content=\"2018-09-05T12:57:00+00:00\" \/>\n<meta property=\"article:modified_time\" content=\"2022-05-25T09:17:12+00:00\" \/>\n<meta property=\"og:image\" content=\"https:\/\/swissbaker.ch\/wp-content\/uploads\/2022\/04\/17_2_swissskills.jpeg\" \/>\n\t<meta property=\"og:image:width\" content=\"800\" \/>\n\t<meta property=\"og:image:height\" content=\"474\" \/>\n\t<meta property=\"og:image:type\" content=\"image\/jpeg\" \/>\n<meta name=\"author\" content=\"azureart\" \/>\n<meta name=\"twitter:card\" content=\"summary_large_image\" \/>\n<meta name=\"twitter:creator\" content=\"@ch_swissbaker\" \/>\n<meta name=\"twitter:site\" content=\"@ch_swissbaker\" \/>\n<meta name=\"twitter:label1\" content=\"Written by\" \/>\n\t<meta name=\"twitter:data1\" content=\"azureart\" \/>\n\t<meta name=\"twitter:label2\" content=\"Est. reading time\" \/>\n\t<meta name=\"twitter:data2\" content=\"3 minutes\" \/>\n<script type=\"application\/ld+json\" class=\"yoast-schema-graph\">{\"@context\":\"https:\/\/schema.org\",\"@graph\":[{\"@type\":\"Article\",\"@id\":\"https:\/\/swissbaker.ch\/fr\/panissimo-news\/swissskills-2018-a-berne-formation-duale-sous-les-feux-de-la-rampe\/#article\",\"isPartOf\":{\"@id\":\"https:\/\/swissbaker.ch\/fr\/panissimo-news\/swissskills-2018-a-berne-formation-duale-sous-les-feux-de-la-rampe\/\"},\"author\":{\"name\":\"azureart\",\"@id\":\"https:\/\/swissbaker.ch\/fr\/#\/schema\/person\/058ac47619f7da53df62aba60f939b78\"},\"headline\":\"SwissSkills 2018 \u00e0 Berne: formation duale sous les feux de la rampe\",\"datePublished\":\"2018-09-05T12:57:00+00:00\",\"dateModified\":\"2022-05-25T09:17:12+00:00\",\"mainEntityOfPage\":{\"@id\":\"https:\/\/swissbaker.ch\/fr\/panissimo-news\/swissskills-2018-a-berne-formation-duale-sous-les-feux-de-la-rampe\/\"},\"wordCount\":523,\"commentCount\":0,\"publisher\":{\"@id\":\"https:\/\/swissbaker.ch\/fr\/#organization\"},\"image\":{\"@id\":\"https:\/\/swissbaker.ch\/fr\/panissimo-news\/swissskills-2018-a-berne-formation-duale-sous-les-feux-de-la-rampe\/#primaryimage\"},\"thumbnailUrl\":\"https:\/\/swissbaker.ch\/wp-content\/uploads\/2022\/04\/17_2_swissskills.jpeg\",\"articleSection\":[\"Concours\",\"Ev\u00e9nement\"],\"inLanguage\":\"fr-FR\",\"potentialAction\":[{\"@type\":\"CommentAction\",\"name\":\"Comment\",\"target\":[\"https:\/\/swissbaker.ch\/fr\/panissimo-news\/swissskills-2018-a-berne-formation-duale-sous-les-feux-de-la-rampe\/#respond\"]}]},{\"@type\":\"WebPage\",\"@id\":\"https:\/\/swissbaker.ch\/fr\/panissimo-news\/swissskills-2018-a-berne-formation-duale-sous-les-feux-de-la-rampe\/\",\"url\":\"https:\/\/swissbaker.ch\/fr\/panissimo-news\/swissskills-2018-a-berne-formation-duale-sous-les-feux-de-la-rampe\/\",\"name\":\"SwissSkills 2018 \u00e0 Berne: formation duale sous les feux de la rampe | SBC\",\"isPartOf\":{\"@id\":\"https:\/\/swissbaker.ch\/fr\/#website\"},\"primaryImageOfPage\":{\"@id\":\"https:\/\/swissbaker.ch\/fr\/panissimo-news\/swissskills-2018-a-berne-formation-duale-sous-les-feux-de-la-rampe\/#primaryimage\"},\"image\":{\"@id\":\"https:\/\/swissbaker.ch\/fr\/panissimo-news\/swissskills-2018-a-berne-formation-duale-sous-les-feux-de-la-rampe\/#primaryimage\"},\"thumbnailUrl\":\"https:\/\/swissbaker.ch\/wp-content\/uploads\/2022\/04\/17_2_swissskills.jpeg\",\"datePublished\":\"2018-09-05T12:57:00+00:00\",\"dateModified\":\"2022-05-25T09:17:12+00:00\",\"breadcrumb\":{\"@id\":\"https:\/\/swissbaker.ch\/fr\/panissimo-news\/swissskills-2018-a-berne-formation-duale-sous-les-feux-de-la-rampe\/#breadcrumb\"},\"inLanguage\":\"fr-FR\",\"potentialAction\":[{\"@type\":\"ReadAction\",\"target\":[\"https:\/\/swissbaker.ch\/fr\/panissimo-news\/swissskills-2018-a-berne-formation-duale-sous-les-feux-de-la-rampe\/\"]}]},{\"@type\":\"ImageObject\",\"inLanguage\":\"fr-FR\",\"@id\":\"https:\/\/swissbaker.ch\/fr\/panissimo-news\/swissskills-2018-a-berne-formation-duale-sous-les-feux-de-la-rampe\/#primaryimage\",\"url\":\"https:\/\/swissbaker.ch\/wp-content\/uploads\/2022\/04\/17_2_swissskills.jpeg\",\"contentUrl\":\"https:\/\/swissbaker.ch\/wp-content\/uploads\/2022\/04\/17_2_swissskills.jpeg\",\"width\":800,\"height\":474,\"caption\":\"SwissSkills 2018 \u00e0 Berne: formation duale sous les feux de la rampe\"},{\"@type\":\"BreadcrumbList\",\"@id\":\"https:\/\/swissbaker.ch\/fr\/panissimo-news\/swissskills-2018-a-berne-formation-duale-sous-les-feux-de-la-rampe\/#breadcrumb\",\"itemListElement\":[{\"@type\":\"ListItem\",\"position\":1,\"name\":\"\",\"item\":\"https:\/\/swissbaker.ch\/fr\/\"},{\"@type\":\"ListItem\",\"position\":2,\"name\":\"Ev\u00e9nement\",\"item\":\"https:\/\/swissbaker.ch\/fr\/panissimo-news\/category\/evenement\/\"},{\"@type\":\"ListItem\",\"position\":3,\"name\":\"SwissSkills 2018 \u00e0 Berne: formation duale sous les feux de la rampe\"}]},{\"@type\":\"WebSite\",\"@id\":\"https:\/\/swissbaker.ch\/fr\/#website\",\"url\":\"https:\/\/swissbaker.ch\/fr\/\",\"name\":\"SBC\",\"description\":\"\",\"publisher\":{\"@id\":\"https:\/\/swissbaker.ch\/fr\/#organization\"},\"potentialAction\":[{\"@type\":\"SearchAction\",\"target\":{\"@type\":\"EntryPoint\",\"urlTemplate\":\"https:\/\/swissbaker.ch\/fr\/?s={search_term_string}\"},\"query-input\":{\"@type\":\"PropertyValueSpecification\",\"valueRequired\":true,\"valueName\":\"search_term_string\"}}],\"inLanguage\":\"fr-FR\"},{\"@type\":\"Organization\",\"@id\":\"https:\/\/swissbaker.ch\/fr\/#organization\",\"name\":\"Schweizerischer B\u00e4cker-Confiseurmeister-Verband\",\"url\":\"https:\/\/swissbaker.ch\/fr\/\",\"logo\":{\"@type\":\"ImageObject\",\"inLanguage\":\"fr-FR\",\"@id\":\"https:\/\/swissbaker.ch\/fr\/#\/schema\/logo\/image\/\",\"url\":\"https:\/\/swissbaker.ch\/wp-content\/uploads\/2022\/04\/sbc-logo-yoast.jpg\",\"contentUrl\":\"https:\/\/swissbaker.ch\/wp-content\/uploads\/2022\/04\/sbc-logo-yoast.jpg\",\"width\":512,\"height\":512,\"caption\":\"Schweizerischer B\u00e4cker-Confiseurmeister-Verband\"},\"image\":{\"@id\":\"https:\/\/swissbaker.ch\/fr\/#\/schema\/logo\/image\/\"},\"sameAs\":[\"https:\/\/www.facebook.com\/swissbaker.ch\",\"https:\/\/x.com\/ch_swissbaker\"]},{\"@type\":\"Person\",\"@id\":\"https:\/\/swissbaker.ch\/fr\/#\/schema\/person\/058ac47619f7da53df62aba60f939b78\",\"name\":\"azureart\",\"image\":{\"@type\":\"ImageObject\",\"inLanguage\":\"fr-FR\",\"@id\":\"https:\/\/swissbaker.ch\/fr\/#\/schema\/person\/image\/\",\"url\":\"https:\/\/secure.gravatar.com\/avatar\/be04dd3098fd612c83067af4f7a295384c93cb6a9112f51beb9d2f477d25da61?s=96&d=mm&r=g\",\"contentUrl\":\"https:\/\/secure.gravatar.com\/avatar\/be04dd3098fd612c83067af4f7a295384c93cb6a9112f51beb9d2f477d25da61?s=96&d=mm&r=g\",\"caption\":\"azureart\"},\"sameAs\":[\"https:\/\/swissbaker.ch\"],\"url\":\"https:\/\/swissbaker.ch\/fr\/panissimo-news\/author\/pixel-ahoi\/\"}]}<\/script>\n<!-- \/ Yoast SEO Premium plugin. -->","yoast_head_json":{"title":"SwissSkills 2018 \u00e0 Berne: formation duale sous les feux de la rampe | SBC","robots":{"index":"index","follow":"follow","max-snippet":"max-snippet:-1","max-image-preview":"max-image-preview:large","max-video-preview":"max-video-preview:-1"},"canonical":"https:\/\/swissbaker.ch\/fr\/panissimo-news\/swissskills-2018-a-berne-formation-duale-sous-les-feux-de-la-rampe\/","og_locale":"fr_FR","og_type":"article","og_title":"SwissSkills 2018 \u00e0 Berne: formation duale sous les feux de la rampe","og_description":"Du 12 au 16 septembre, les championnats suisses des m\u00e9tiers se d\u00e9rouleront \u00e0 Berne. Sur le stand de la BCS, les meilleurs nouveaux professionnels 2018 de la branche lutteront pour le titre de champion suisse. Du 12 au 16 septembre, les championnats suisses des m\u00e9tiers se d\u00e9rouleront \u00e0 Berne. Sur le stand de la BCS, les meilleurs nouveaux professionnels 2018 [&hellip;]","og_url":"https:\/\/swissbaker.ch\/fr\/panissimo-news\/swissskills-2018-a-berne-formation-duale-sous-les-feux-de-la-rampe\/","og_site_name":"SBC","article_publisher":"https:\/\/www.facebook.com\/swissbaker.ch","article_published_time":"2018-09-05T12:57:00+00:00","article_modified_time":"2022-05-25T09:17:12+00:00","og_image":[{"width":800,"height":474,"url":"https:\/\/swissbaker.ch\/wp-content\/uploads\/2022\/04\/17_2_swissskills.jpeg","type":"image\/jpeg"}],"author":"azureart","twitter_card":"summary_large_image","twitter_creator":"@ch_swissbaker","twitter_site":"@ch_swissbaker","twitter_misc":{"Written by":"azureart","Est. reading time":"3 minutes"},"schema":{"@context":"https:\/\/schema.org","@graph":[{"@type":"Article","@id":"https:\/\/swissbaker.ch\/fr\/panissimo-news\/swissskills-2018-a-berne-formation-duale-sous-les-feux-de-la-rampe\/#article","isPartOf":{"@id":"https:\/\/swissbaker.ch\/fr\/panissimo-news\/swissskills-2018-a-berne-formation-duale-sous-les-feux-de-la-rampe\/"},"author":{"name":"azureart","@id":"https:\/\/swissbaker.ch\/fr\/#\/schema\/person\/058ac47619f7da53df62aba60f939b78"},"headline":"SwissSkills 2018 \u00e0 Berne: formation duale sous les feux de la rampe","datePublished":"2018-09-05T12:57:00+00:00","dateModified":"2022-05-25T09:17:12+00:00","mainEntityOfPage":{"@id":"https:\/\/swissbaker.ch\/fr\/panissimo-news\/swissskills-2018-a-berne-formation-duale-sous-les-feux-de-la-rampe\/"},"wordCount":523,"commentCount":0,"publisher":{"@id":"https:\/\/swissbaker.ch\/fr\/#organization"},"image":{"@id":"https:\/\/swissbaker.ch\/fr\/panissimo-news\/swissskills-2018-a-berne-formation-duale-sous-les-feux-de-la-rampe\/#primaryimage"},"thumbnailUrl":"https:\/\/swissbaker.ch\/wp-content\/uploads\/2022\/04\/17_2_swissskills.jpeg","articleSection":["Concours","Ev\u00e9nement"],"inLanguage":"fr-FR","potentialAction":[{"@type":"CommentAction","name":"Comment","target":["https:\/\/swissbaker.ch\/fr\/panissimo-news\/swissskills-2018-a-berne-formation-duale-sous-les-feux-de-la-rampe\/#respond"]}]},{"@type":"WebPage","@id":"https:\/\/swissbaker.ch\/fr\/panissimo-news\/swissskills-2018-a-berne-formation-duale-sous-les-feux-de-la-rampe\/","url":"https:\/\/swissbaker.ch\/fr\/panissimo-news\/swissskills-2018-a-berne-formation-duale-sous-les-feux-de-la-rampe\/","name":"SwissSkills 2018 \u00e0 Berne: formation duale sous les feux de la rampe | SBC","isPartOf":{"@id":"https:\/\/swissbaker.ch\/fr\/#website"},"primaryImageOfPage":{"@id":"https:\/\/swissbaker.ch\/fr\/panissimo-news\/swissskills-2018-a-berne-formation-duale-sous-les-feux-de-la-rampe\/#primaryimage"},"image":{"@id":"https:\/\/swissbaker.ch\/fr\/panissimo-news\/swissskills-2018-a-berne-formation-duale-sous-les-feux-de-la-rampe\/#primaryimage"},"thumbnailUrl":"https:\/\/swissbaker.ch\/wp-content\/uploads\/2022\/04\/17_2_swissskills.jpeg","datePublished":"2018-09-05T12:57:00+00:00","dateModified":"2022-05-25T09:17:12+00:00","breadcrumb":{"@id":"https:\/\/swissbaker.ch\/fr\/panissimo-news\/swissskills-2018-a-berne-formation-duale-sous-les-feux-de-la-rampe\/#breadcrumb"},"inLanguage":"fr-FR","potentialAction":[{"@type":"ReadAction","target":["https:\/\/swissbaker.ch\/fr\/panissimo-news\/swissskills-2018-a-berne-formation-duale-sous-les-feux-de-la-rampe\/"]}]},{"@type":"ImageObject","inLanguage":"fr-FR","@id":"https:\/\/swissbaker.ch\/fr\/panissimo-news\/swissskills-2018-a-berne-formation-duale-sous-les-feux-de-la-rampe\/#primaryimage","url":"https:\/\/swissbaker.ch\/wp-content\/uploads\/2022\/04\/17_2_swissskills.jpeg","contentUrl":"https:\/\/swissbaker.ch\/wp-content\/uploads\/2022\/04\/17_2_swissskills.jpeg","width":800,"height":474,"caption":"SwissSkills 2018 \u00e0 Berne: formation duale sous les feux de la rampe"},{"@type":"BreadcrumbList","@id":"https:\/\/swissbaker.ch\/fr\/panissimo-news\/swissskills-2018-a-berne-formation-duale-sous-les-feux-de-la-rampe\/#breadcrumb","itemListElement":[{"@type":"ListItem","position":1,"name":"","item":"https:\/\/swissbaker.ch\/fr\/"},{"@type":"ListItem","position":2,"name":"Ev\u00e9nement","item":"https:\/\/swissbaker.ch\/fr\/panissimo-news\/category\/evenement\/"},{"@type":"ListItem","position":3,"name":"SwissSkills 2018 \u00e0 Berne: formation duale sous les feux de la rampe"}]},{"@type":"WebSite","@id":"https:\/\/swissbaker.ch\/fr\/#website","url":"https:\/\/swissbaker.ch\/fr\/","name":"SBC","description":"","publisher":{"@id":"https:\/\/swissbaker.ch\/fr\/#organization"},"potentialAction":[{"@type":"SearchAction","target":{"@type":"EntryPoint","urlTemplate":"https:\/\/swissbaker.ch\/fr\/?s={search_term_string}"},"query-input":{"@type":"PropertyValueSpecification","valueRequired":true,"valueName":"search_term_string"}}],"inLanguage":"fr-FR"},{"@type":"Organization","@id":"https:\/\/swissbaker.ch\/fr\/#organization","name":"Schweizerischer B\u00e4cker-Confiseurmeister-Verband","url":"https:\/\/swissbaker.ch\/fr\/","logo":{"@type":"ImageObject","inLanguage":"fr-FR","@id":"https:\/\/swissbaker.ch\/fr\/#\/schema\/logo\/image\/","url":"https:\/\/swissbaker.ch\/wp-content\/uploads\/2022\/04\/sbc-logo-yoast.jpg","contentUrl":"https:\/\/swissbaker.ch\/wp-content\/uploads\/2022\/04\/sbc-logo-yoast.jpg","width":512,"height":512,"caption":"Schweizerischer B\u00e4cker-Confiseurmeister-Verband"},"image":{"@id":"https:\/\/swissbaker.ch\/fr\/#\/schema\/logo\/image\/"},"sameAs":["https:\/\/www.facebook.com\/swissbaker.ch","https:\/\/x.com\/ch_swissbaker"]},{"@type":"Person","@id":"https:\/\/swissbaker.ch\/fr\/#\/schema\/person\/058ac47619f7da53df62aba60f939b78","name":"azureart","image":{"@type":"ImageObject","inLanguage":"fr-FR","@id":"https:\/\/swissbaker.ch\/fr\/#\/schema\/person\/image\/","url":"https:\/\/secure.gravatar.com\/avatar\/be04dd3098fd612c83067af4f7a295384c93cb6a9112f51beb9d2f477d25da61?s=96&d=mm&r=g","contentUrl":"https:\/\/secure.gravatar.com\/avatar\/be04dd3098fd612c83067af4f7a295384c93cb6a9112f51beb9d2f477d25da61?s=96&d=mm&r=g","caption":"azureart"},"sameAs":["https:\/\/swissbaker.ch"],"url":"https:\/\/swissbaker.ch\/fr\/panissimo-news\/author\/pixel-ahoi\/"}]}},"_links":{"self":[{"href":"https:\/\/swissbaker.ch\/fr\/wp-json\/wp\/v2\/posts\/11003","targetHints":{"allow":["GET"]}}],"collection":[{"href":"https:\/\/swissbaker.ch\/fr\/wp-json\/wp\/v2\/posts"}],"about":[{"href":"https:\/\/swissbaker.ch\/fr\/wp-json\/wp\/v2\/types\/post"}],"author":[{"embeddable":true,"href":"https:\/\/swissbaker.ch\/fr\/wp-json\/wp\/v2\/users\/1"}],"replies":[{"embeddable":true,"href":"https:\/\/swissbaker.ch\/fr\/wp-json\/wp\/v2\/comments?post=11003"}],"version-history":[{"count":0,"href":"https:\/\/swissbaker.ch\/fr\/wp-json\/wp\/v2\/posts\/11003\/revisions"}],"wp:featuredmedia":[{"embeddable":true,"href":"https:\/\/swissbaker.ch\/fr\/wp-json\/wp\/v2\/media\/6572"}],"wp:attachment":[{"href":"https:\/\/swissbaker.ch\/fr\/wp-json\/wp\/v2\/media?parent=11003"}],"wp:term":[{"taxonomy":"category","embeddable":true,"href":"https:\/\/swissbaker.ch\/fr\/wp-json\/wp\/v2\/categories?post=11003"},{"taxonomy":"post_tag","embeddable":true,"href":"https:\/\/swissbaker.ch\/fr\/wp-json\/wp\/v2\/tags?post=11003"}],"curies":[{"name":"wp","href":"https:\/\/api.w.org\/{rel}","templated":true}]}}