{"id":10999,"date":"2018-09-06T14:55:00","date_gmt":"2018-09-06T12:55:00","guid":{"rendered":"https:\/\/swissbaker.ch\/?p=10999"},"modified":"2022-05-25T11:12:34","modified_gmt":"2022-05-25T09:12:34","slug":"porteur-davenir-2018-le-titre-pour-un-fribourgeois","status":"publish","type":"post","link":"https:\/\/swissbaker.ch\/fr\/panissimo-news\/porteur-davenir-2018-le-titre-pour-un-fribourgeois\/","title":{"rendered":"Porteur d\u2019avenir 2018: le titre pour un Fribourgeois"},"content":{"rendered":"\n<p><strong>Le titre de Ma\u00eetre d\u2019apprentissage de l\u2019ann\u00e9e est revenu \u00e0 Jo\u00ebl Grandjean de la boulangerie Dubey-Grandjean \u00e0 Romont (FR). Son apprentie Laure Gendre l\u2019a inscrit.<\/strong><\/p>\n\n\n\n<p><a href=\"https:\/\/www.swissbaker.ch\/fr\/news-panissimo\/galeries-de-photos\/galeries-2018\/porteur-davenir-2018-918\/#c3247\" target=\"_blank\" rel=\"noreferrer noopener\">Plus des photos vous trouverez dans notre galerie&#8230;\u00bb<\/a><\/p>\n\n\n\n<p>Pour la premi\u00e8re fois des candidats des trois principales r\u00e9gions linguistiques du pays ont particip\u00e9 \u00e0&nbsp;<a href=\"https:\/\/www.zukunftstraeger.ch\/fr\/\" target=\"_blank\" rel=\"noreferrer noopener\">la remise du titre de Porteurs d\u2019avenir<\/a>&nbsp;\u00e0 Zurich. Chacune d\u2019entre elles s\u2019est vue attribuer au moins un prix, y compris. L\u2019animatrice thurgovienne Mona Vetsch a d\u2019ailleurs salu\u00e9 les invit\u00e9s en allemand, en fran\u00e7ais et en italien.<\/p>\n\n\n\n<p>Dans la cat\u00e9gorie boulangerie-confiserie, Thomas Schwarzenberger (Schwarzenberger Caf\u00e9 et Konditorei K\u00fcssnacht, Rigi), inscrit par son apprentie Alexandra Helbling, Ren\u00e9 Zwahlen (Jowa AG, Gr\u00e4nichen), inscrit par Seraina Frei, et Jo\u00ebl Grandjean (Dubey-Grandjean, Romont), inscrit par Laure Gendre, \u00e9taient les trois nomin\u00e9s.<\/p>\n\n\n\n<h2 class=\"wp-block-heading\" id=\"h-je-vis-avec-les-jeunes\">\u00ab\u00a0Je vis avec les jeunes\u00a0\u00bb<\/h2>\n\n\n\n<p>L\u2019enveloppe dor\u00e9e a \u00e9t\u00e9 remise \u00e0 Ludwig Caderas (caf\u00e9-confiserie zur Blume, Glaris), membre du jury et pr\u00e9sident de la commission d\u00e9veloppement professionnel et qualit\u00e9. Jo\u00ebl Grandjean a remport\u00e9 le troph\u00e9e tant convoit\u00e9. Laure Gendre a \u00e9t\u00e9 tr\u00e8s \u00e9logieuse envers son formateur\u00a0:<\/p>\n\n\n\n<p><em>\u00ab&nbsp;Il nous \u00e9coute toujours et a une oreille attentive. Il nous consacre du temps et trouve une solution \u00e0 tous les probl\u00e8mes.&nbsp;\u00bb<\/em><\/p>\n\n\n\n<p>La joie du Romontois a \u00e9t\u00e9 immense&nbsp;: \u00ab&nbsp;C\u2019est une reconnaissance de mon engagement.&nbsp;\u00bb Cet \u00e9t\u00e9, il a mis un terme \u00e0 son activit\u00e9 d\u2019enseignant dans le canton de Fribourg, apr\u00e8s 39 ans d\u2019activit\u00e9. Cependant, il continue \u00e0 travailler pour les jeunes&nbsp;: en tant que formateur dans sa propre entreprise, d\u2019une part, et responsable de la rel\u00e8ve au sein du judo. \u00ab&nbsp;Je me sens jeune, entour\u00e9 de jeunes. Je vis avec les jeunes&nbsp;\u00bb, a-t-il d\u00e9clar\u00e9 \u00e0 Mona Vetsch avant de remercier entre autres personnes ses collaborateurs.<\/p>\n\n\n\n<p>Fascin\u00e9e depuis toute petite par la p\u00e2tisserie, Laure Gendre est en troisi\u00e8me ann\u00e9e d\u2019apprentissage. Ce titre est une motivation suppl\u00e9mentaire pour la derni\u00e8re ligne droite de sa formation.<\/p>\n\n\n\n<h2 class=\"wp-block-heading\" id=\"h-six-mille-francs-pour-le-gagnant\">Six mille francs pour le gagnant<\/h2>\n\n\n\n<p>Jo\u00ebl Grandjean a remport\u00e9 un ch\u00e8que de 6000 francs. Quant \u00e0 Thomas Schwarzenberger et Ren\u00e9 Zwahlen, ils empochent chacuns 2000 francs. Directeur de GastroSuisse, Daniel Borner a rappel\u00e9 que l\u2019attribution du titre de Porteur d\u2019avenir est un remerciement envers les formateurs professionnels. \u00ab\u00a0Nous nous plaignons d\u2019un manque de travailleurs qualifi\u00e9. Nous devons \u00eatre conscients que c\u2019est uniquement gr\u00e2ce \u00e0 de bons formateurs que nous avons une bonne rel\u00e8ve.\u00a0\u00bb Eric von Graefe, responsable business unit Culiarium Bischofszell et membre du jury, a \u00e9mis le souhait que l\u2019ann\u00e9e prochaine les quatre r\u00e9gions linguistiques soient repr\u00e9sent\u00e9es\u00a0; autrement dit, que des professionnels romanches soient de la partie.<\/p>\n","protected":false},"excerpt":{"rendered":"<p>Le titre de Ma\u00eetre d\u2019apprentissage de l\u2019ann\u00e9e est revenu \u00e0 Jo\u00ebl Grandjean de la boulangerie Dubey-Grandjean \u00e0 Romont (FR). Son apprentie Laure Gendre l\u2019a inscrit. Plus des photos vous trouverez dans notre galerie&#8230;\u00bb Pour la premi\u00e8re fois des candidats des trois principales r\u00e9gions linguistiques du pays ont particip\u00e9 \u00e0&nbsp;la remise du titre de Porteurs d\u2019avenir&nbsp;\u00e0 Zurich. Chacune d\u2019entre elles s\u2019est [&hellip;]<\/p>\n","protected":false},"author":1,"featured_media":6570,"comment_status":"open","ping_status":"closed","sticky":false,"template":"","format":"standard","meta":{"_acf_changed":false,"footnotes":""},"categories":[47],"tags":[],"class_list":["post-10999","post","type-post","status-publish","format-standard","has-post-thumbnail","hentry","category-formation-releve"],"acf":[],"yoast_head":"<!-- This site is optimized with the Yoast SEO Premium plugin v26.8 (Yoast SEO v26.8) - https:\/\/yoast.com\/product\/yoast-seo-premium-wordpress\/ -->\n<title>Porteur d\u2019avenir 2018: le titre pour un Fribourgeois | SBC<\/title>\n<meta name=\"robots\" content=\"index, follow, max-snippet:-1, max-image-preview:large, max-video-preview:-1\" \/>\n<link rel=\"canonical\" href=\"https:\/\/swissbaker.ch\/fr\/panissimo-news\/porteur-davenir-2018-le-titre-pour-un-fribourgeois\/\" \/>\n<meta property=\"og:locale\" content=\"fr_FR\" \/>\n<meta property=\"og:type\" content=\"article\" \/>\n<meta property=\"og:title\" content=\"Porteur d\u2019avenir 2018: le titre pour un Fribourgeois\" \/>\n<meta property=\"og:description\" content=\"Le titre de Ma\u00eetre d\u2019apprentissage de l\u2019ann\u00e9e est revenu \u00e0 Jo\u00ebl Grandjean de la boulangerie Dubey-Grandjean \u00e0 Romont (FR). Son apprentie Laure Gendre l\u2019a inscrit. Plus des photos vous trouverez dans notre galerie&#8230;\u00bb Pour la premi\u00e8re fois des candidats des trois principales r\u00e9gions linguistiques du pays ont particip\u00e9 \u00e0&nbsp;la remise du titre de Porteurs d\u2019avenir&nbsp;\u00e0 Zurich. Chacune d\u2019entre elles s\u2019est [&hellip;]\" \/>\n<meta property=\"og:url\" content=\"https:\/\/swissbaker.ch\/fr\/panissimo-news\/porteur-davenir-2018-le-titre-pour-un-fribourgeois\/\" \/>\n<meta property=\"og:site_name\" content=\"SBC\" \/>\n<meta property=\"article:publisher\" content=\"https:\/\/www.facebook.com\/swissbaker.ch\" \/>\n<meta property=\"article:published_time\" content=\"2018-09-06T12:55:00+00:00\" \/>\n<meta property=\"article:modified_time\" content=\"2022-05-25T09:12:34+00:00\" \/>\n<meta property=\"og:image\" content=\"https:\/\/swissbaker.ch\/wp-content\/uploads\/2022\/04\/17_2_zukunftstraeger.jpeg\" \/>\n\t<meta property=\"og:image:width\" content=\"800\" \/>\n\t<meta property=\"og:image:height\" content=\"474\" \/>\n\t<meta property=\"og:image:type\" content=\"image\/jpeg\" \/>\n<meta name=\"author\" content=\"azureart\" \/>\n<meta name=\"twitter:card\" content=\"summary_large_image\" \/>\n<meta name=\"twitter:creator\" content=\"@ch_swissbaker\" \/>\n<meta name=\"twitter:site\" content=\"@ch_swissbaker\" \/>\n<meta name=\"twitter:label1\" content=\"Written by\" \/>\n\t<meta name=\"twitter:data1\" content=\"azureart\" \/>\n\t<meta name=\"twitter:label2\" content=\"Est. reading time\" \/>\n\t<meta name=\"twitter:data2\" content=\"3 minutes\" \/>\n<script type=\"application\/ld+json\" class=\"yoast-schema-graph\">{\"@context\":\"https:\/\/schema.org\",\"@graph\":[{\"@type\":\"Article\",\"@id\":\"https:\/\/swissbaker.ch\/fr\/panissimo-news\/porteur-davenir-2018-le-titre-pour-un-fribourgeois\/#article\",\"isPartOf\":{\"@id\":\"https:\/\/swissbaker.ch\/fr\/panissimo-news\/porteur-davenir-2018-le-titre-pour-un-fribourgeois\/\"},\"author\":{\"name\":\"azureart\",\"@id\":\"https:\/\/swissbaker.ch\/fr\/#\/schema\/person\/058ac47619f7da53df62aba60f939b78\"},\"headline\":\"Porteur d\u2019avenir 2018: le titre pour un Fribourgeois\",\"datePublished\":\"2018-09-06T12:55:00+00:00\",\"dateModified\":\"2022-05-25T09:12:34+00:00\",\"mainEntityOfPage\":{\"@id\":\"https:\/\/swissbaker.ch\/fr\/panissimo-news\/porteur-davenir-2018-le-titre-pour-un-fribourgeois\/\"},\"wordCount\":476,\"commentCount\":0,\"publisher\":{\"@id\":\"https:\/\/swissbaker.ch\/fr\/#organization\"},\"image\":{\"@id\":\"https:\/\/swissbaker.ch\/fr\/panissimo-news\/porteur-davenir-2018-le-titre-pour-un-fribourgeois\/#primaryimage\"},\"thumbnailUrl\":\"https:\/\/swissbaker.ch\/wp-content\/uploads\/2022\/04\/17_2_zukunftstraeger.jpeg\",\"articleSection\":[\"Formation\/Rel\u00e8ve\"],\"inLanguage\":\"fr-FR\",\"potentialAction\":[{\"@type\":\"CommentAction\",\"name\":\"Comment\",\"target\":[\"https:\/\/swissbaker.ch\/fr\/panissimo-news\/porteur-davenir-2018-le-titre-pour-un-fribourgeois\/#respond\"]}]},{\"@type\":\"WebPage\",\"@id\":\"https:\/\/swissbaker.ch\/fr\/panissimo-news\/porteur-davenir-2018-le-titre-pour-un-fribourgeois\/\",\"url\":\"https:\/\/swissbaker.ch\/fr\/panissimo-news\/porteur-davenir-2018-le-titre-pour-un-fribourgeois\/\",\"name\":\"Porteur d\u2019avenir 2018: le titre pour un Fribourgeois | SBC\",\"isPartOf\":{\"@id\":\"https:\/\/swissbaker.ch\/fr\/#website\"},\"primaryImageOfPage\":{\"@id\":\"https:\/\/swissbaker.ch\/fr\/panissimo-news\/porteur-davenir-2018-le-titre-pour-un-fribourgeois\/#primaryimage\"},\"image\":{\"@id\":\"https:\/\/swissbaker.ch\/fr\/panissimo-news\/porteur-davenir-2018-le-titre-pour-un-fribourgeois\/#primaryimage\"},\"thumbnailUrl\":\"https:\/\/swissbaker.ch\/wp-content\/uploads\/2022\/04\/17_2_zukunftstraeger.jpeg\",\"datePublished\":\"2018-09-06T12:55:00+00:00\",\"dateModified\":\"2022-05-25T09:12:34+00:00\",\"breadcrumb\":{\"@id\":\"https:\/\/swissbaker.ch\/fr\/panissimo-news\/porteur-davenir-2018-le-titre-pour-un-fribourgeois\/#breadcrumb\"},\"inLanguage\":\"fr-FR\",\"potentialAction\":[{\"@type\":\"ReadAction\",\"target\":[\"https:\/\/swissbaker.ch\/fr\/panissimo-news\/porteur-davenir-2018-le-titre-pour-un-fribourgeois\/\"]}]},{\"@type\":\"ImageObject\",\"inLanguage\":\"fr-FR\",\"@id\":\"https:\/\/swissbaker.ch\/fr\/panissimo-news\/porteur-davenir-2018-le-titre-pour-un-fribourgeois\/#primaryimage\",\"url\":\"https:\/\/swissbaker.ch\/wp-content\/uploads\/2022\/04\/17_2_zukunftstraeger.jpeg\",\"contentUrl\":\"https:\/\/swissbaker.ch\/wp-content\/uploads\/2022\/04\/17_2_zukunftstraeger.jpeg\",\"width\":800,\"height\":474,\"caption\":\"Porteur d\u2019avenir 2018: le titre pour un Fribourgeois\"},{\"@type\":\"BreadcrumbList\",\"@id\":\"https:\/\/swissbaker.ch\/fr\/panissimo-news\/porteur-davenir-2018-le-titre-pour-un-fribourgeois\/#breadcrumb\",\"itemListElement\":[{\"@type\":\"ListItem\",\"position\":1,\"name\":\"\",\"item\":\"https:\/\/swissbaker.ch\/fr\/\"},{\"@type\":\"ListItem\",\"position\":2,\"name\":\"Formation\/Rel\u00e8ve\",\"item\":\"https:\/\/swissbaker.ch\/fr\/panissimo-news\/category\/formation-releve\/\"},{\"@type\":\"ListItem\",\"position\":3,\"name\":\"Porteur d\u2019avenir 2018: le titre pour un Fribourgeois\"}]},{\"@type\":\"WebSite\",\"@id\":\"https:\/\/swissbaker.ch\/fr\/#website\",\"url\":\"https:\/\/swissbaker.ch\/fr\/\",\"name\":\"SBC\",\"description\":\"\",\"publisher\":{\"@id\":\"https:\/\/swissbaker.ch\/fr\/#organization\"},\"potentialAction\":[{\"@type\":\"SearchAction\",\"target\":{\"@type\":\"EntryPoint\",\"urlTemplate\":\"https:\/\/swissbaker.ch\/fr\/?s={search_term_string}\"},\"query-input\":{\"@type\":\"PropertyValueSpecification\",\"valueRequired\":true,\"valueName\":\"search_term_string\"}}],\"inLanguage\":\"fr-FR\"},{\"@type\":\"Organization\",\"@id\":\"https:\/\/swissbaker.ch\/fr\/#organization\",\"name\":\"Schweizerischer B\u00e4cker-Confiseurmeister-Verband\",\"url\":\"https:\/\/swissbaker.ch\/fr\/\",\"logo\":{\"@type\":\"ImageObject\",\"inLanguage\":\"fr-FR\",\"@id\":\"https:\/\/swissbaker.ch\/fr\/#\/schema\/logo\/image\/\",\"url\":\"https:\/\/swissbaker.ch\/wp-content\/uploads\/2022\/04\/sbc-logo-yoast.jpg\",\"contentUrl\":\"https:\/\/swissbaker.ch\/wp-content\/uploads\/2022\/04\/sbc-logo-yoast.jpg\",\"width\":512,\"height\":512,\"caption\":\"Schweizerischer B\u00e4cker-Confiseurmeister-Verband\"},\"image\":{\"@id\":\"https:\/\/swissbaker.ch\/fr\/#\/schema\/logo\/image\/\"},\"sameAs\":[\"https:\/\/www.facebook.com\/swissbaker.ch\",\"https:\/\/x.com\/ch_swissbaker\"]},{\"@type\":\"Person\",\"@id\":\"https:\/\/swissbaker.ch\/fr\/#\/schema\/person\/058ac47619f7da53df62aba60f939b78\",\"name\":\"azureart\",\"image\":{\"@type\":\"ImageObject\",\"inLanguage\":\"fr-FR\",\"@id\":\"https:\/\/swissbaker.ch\/fr\/#\/schema\/person\/image\/\",\"url\":\"https:\/\/secure.gravatar.com\/avatar\/be04dd3098fd612c83067af4f7a295384c93cb6a9112f51beb9d2f477d25da61?s=96&d=mm&r=g\",\"contentUrl\":\"https:\/\/secure.gravatar.com\/avatar\/be04dd3098fd612c83067af4f7a295384c93cb6a9112f51beb9d2f477d25da61?s=96&d=mm&r=g\",\"caption\":\"azureart\"},\"sameAs\":[\"https:\/\/swissbaker.ch\"],\"url\":\"https:\/\/swissbaker.ch\/fr\/panissimo-news\/author\/pixel-ahoi\/\"}]}<\/script>\n<!-- \/ Yoast SEO Premium plugin. -->","yoast_head_json":{"title":"Porteur d\u2019avenir 2018: le titre pour un Fribourgeois | SBC","robots":{"index":"index","follow":"follow","max-snippet":"max-snippet:-1","max-image-preview":"max-image-preview:large","max-video-preview":"max-video-preview:-1"},"canonical":"https:\/\/swissbaker.ch\/fr\/panissimo-news\/porteur-davenir-2018-le-titre-pour-un-fribourgeois\/","og_locale":"fr_FR","og_type":"article","og_title":"Porteur d\u2019avenir 2018: le titre pour un Fribourgeois","og_description":"Le titre de Ma\u00eetre d\u2019apprentissage de l\u2019ann\u00e9e est revenu \u00e0 Jo\u00ebl Grandjean de la boulangerie Dubey-Grandjean \u00e0 Romont (FR). Son apprentie Laure Gendre l\u2019a inscrit. Plus des photos vous trouverez dans notre galerie&#8230;\u00bb Pour la premi\u00e8re fois des candidats des trois principales r\u00e9gions linguistiques du pays ont particip\u00e9 \u00e0&nbsp;la remise du titre de Porteurs d\u2019avenir&nbsp;\u00e0 Zurich. Chacune d\u2019entre elles s\u2019est [&hellip;]","og_url":"https:\/\/swissbaker.ch\/fr\/panissimo-news\/porteur-davenir-2018-le-titre-pour-un-fribourgeois\/","og_site_name":"SBC","article_publisher":"https:\/\/www.facebook.com\/swissbaker.ch","article_published_time":"2018-09-06T12:55:00+00:00","article_modified_time":"2022-05-25T09:12:34+00:00","og_image":[{"width":800,"height":474,"url":"https:\/\/swissbaker.ch\/wp-content\/uploads\/2022\/04\/17_2_zukunftstraeger.jpeg","type":"image\/jpeg"}],"author":"azureart","twitter_card":"summary_large_image","twitter_creator":"@ch_swissbaker","twitter_site":"@ch_swissbaker","twitter_misc":{"Written by":"azureart","Est. reading time":"3 minutes"},"schema":{"@context":"https:\/\/schema.org","@graph":[{"@type":"Article","@id":"https:\/\/swissbaker.ch\/fr\/panissimo-news\/porteur-davenir-2018-le-titre-pour-un-fribourgeois\/#article","isPartOf":{"@id":"https:\/\/swissbaker.ch\/fr\/panissimo-news\/porteur-davenir-2018-le-titre-pour-un-fribourgeois\/"},"author":{"name":"azureart","@id":"https:\/\/swissbaker.ch\/fr\/#\/schema\/person\/058ac47619f7da53df62aba60f939b78"},"headline":"Porteur d\u2019avenir 2018: le titre pour un Fribourgeois","datePublished":"2018-09-06T12:55:00+00:00","dateModified":"2022-05-25T09:12:34+00:00","mainEntityOfPage":{"@id":"https:\/\/swissbaker.ch\/fr\/panissimo-news\/porteur-davenir-2018-le-titre-pour-un-fribourgeois\/"},"wordCount":476,"commentCount":0,"publisher":{"@id":"https:\/\/swissbaker.ch\/fr\/#organization"},"image":{"@id":"https:\/\/swissbaker.ch\/fr\/panissimo-news\/porteur-davenir-2018-le-titre-pour-un-fribourgeois\/#primaryimage"},"thumbnailUrl":"https:\/\/swissbaker.ch\/wp-content\/uploads\/2022\/04\/17_2_zukunftstraeger.jpeg","articleSection":["Formation\/Rel\u00e8ve"],"inLanguage":"fr-FR","potentialAction":[{"@type":"CommentAction","name":"Comment","target":["https:\/\/swissbaker.ch\/fr\/panissimo-news\/porteur-davenir-2018-le-titre-pour-un-fribourgeois\/#respond"]}]},{"@type":"WebPage","@id":"https:\/\/swissbaker.ch\/fr\/panissimo-news\/porteur-davenir-2018-le-titre-pour-un-fribourgeois\/","url":"https:\/\/swissbaker.ch\/fr\/panissimo-news\/porteur-davenir-2018-le-titre-pour-un-fribourgeois\/","name":"Porteur d\u2019avenir 2018: le titre pour un Fribourgeois | SBC","isPartOf":{"@id":"https:\/\/swissbaker.ch\/fr\/#website"},"primaryImageOfPage":{"@id":"https:\/\/swissbaker.ch\/fr\/panissimo-news\/porteur-davenir-2018-le-titre-pour-un-fribourgeois\/#primaryimage"},"image":{"@id":"https:\/\/swissbaker.ch\/fr\/panissimo-news\/porteur-davenir-2018-le-titre-pour-un-fribourgeois\/#primaryimage"},"thumbnailUrl":"https:\/\/swissbaker.ch\/wp-content\/uploads\/2022\/04\/17_2_zukunftstraeger.jpeg","datePublished":"2018-09-06T12:55:00+00:00","dateModified":"2022-05-25T09:12:34+00:00","breadcrumb":{"@id":"https:\/\/swissbaker.ch\/fr\/panissimo-news\/porteur-davenir-2018-le-titre-pour-un-fribourgeois\/#breadcrumb"},"inLanguage":"fr-FR","potentialAction":[{"@type":"ReadAction","target":["https:\/\/swissbaker.ch\/fr\/panissimo-news\/porteur-davenir-2018-le-titre-pour-un-fribourgeois\/"]}]},{"@type":"ImageObject","inLanguage":"fr-FR","@id":"https:\/\/swissbaker.ch\/fr\/panissimo-news\/porteur-davenir-2018-le-titre-pour-un-fribourgeois\/#primaryimage","url":"https:\/\/swissbaker.ch\/wp-content\/uploads\/2022\/04\/17_2_zukunftstraeger.jpeg","contentUrl":"https:\/\/swissbaker.ch\/wp-content\/uploads\/2022\/04\/17_2_zukunftstraeger.jpeg","width":800,"height":474,"caption":"Porteur d\u2019avenir 2018: le titre pour un Fribourgeois"},{"@type":"BreadcrumbList","@id":"https:\/\/swissbaker.ch\/fr\/panissimo-news\/porteur-davenir-2018-le-titre-pour-un-fribourgeois\/#breadcrumb","itemListElement":[{"@type":"ListItem","position":1,"name":"","item":"https:\/\/swissbaker.ch\/fr\/"},{"@type":"ListItem","position":2,"name":"Formation\/Rel\u00e8ve","item":"https:\/\/swissbaker.ch\/fr\/panissimo-news\/category\/formation-releve\/"},{"@type":"ListItem","position":3,"name":"Porteur d\u2019avenir 2018: le titre pour un Fribourgeois"}]},{"@type":"WebSite","@id":"https:\/\/swissbaker.ch\/fr\/#website","url":"https:\/\/swissbaker.ch\/fr\/","name":"SBC","description":"","publisher":{"@id":"https:\/\/swissbaker.ch\/fr\/#organization"},"potentialAction":[{"@type":"SearchAction","target":{"@type":"EntryPoint","urlTemplate":"https:\/\/swissbaker.ch\/fr\/?s={search_term_string}"},"query-input":{"@type":"PropertyValueSpecification","valueRequired":true,"valueName":"search_term_string"}}],"inLanguage":"fr-FR"},{"@type":"Organization","@id":"https:\/\/swissbaker.ch\/fr\/#organization","name":"Schweizerischer B\u00e4cker-Confiseurmeister-Verband","url":"https:\/\/swissbaker.ch\/fr\/","logo":{"@type":"ImageObject","inLanguage":"fr-FR","@id":"https:\/\/swissbaker.ch\/fr\/#\/schema\/logo\/image\/","url":"https:\/\/swissbaker.ch\/wp-content\/uploads\/2022\/04\/sbc-logo-yoast.jpg","contentUrl":"https:\/\/swissbaker.ch\/wp-content\/uploads\/2022\/04\/sbc-logo-yoast.jpg","width":512,"height":512,"caption":"Schweizerischer B\u00e4cker-Confiseurmeister-Verband"},"image":{"@id":"https:\/\/swissbaker.ch\/fr\/#\/schema\/logo\/image\/"},"sameAs":["https:\/\/www.facebook.com\/swissbaker.ch","https:\/\/x.com\/ch_swissbaker"]},{"@type":"Person","@id":"https:\/\/swissbaker.ch\/fr\/#\/schema\/person\/058ac47619f7da53df62aba60f939b78","name":"azureart","image":{"@type":"ImageObject","inLanguage":"fr-FR","@id":"https:\/\/swissbaker.ch\/fr\/#\/schema\/person\/image\/","url":"https:\/\/secure.gravatar.com\/avatar\/be04dd3098fd612c83067af4f7a295384c93cb6a9112f51beb9d2f477d25da61?s=96&d=mm&r=g","contentUrl":"https:\/\/secure.gravatar.com\/avatar\/be04dd3098fd612c83067af4f7a295384c93cb6a9112f51beb9d2f477d25da61?s=96&d=mm&r=g","caption":"azureart"},"sameAs":["https:\/\/swissbaker.ch"],"url":"https:\/\/swissbaker.ch\/fr\/panissimo-news\/author\/pixel-ahoi\/"}]}},"_links":{"self":[{"href":"https:\/\/swissbaker.ch\/fr\/wp-json\/wp\/v2\/posts\/10999","targetHints":{"allow":["GET"]}}],"collection":[{"href":"https:\/\/swissbaker.ch\/fr\/wp-json\/wp\/v2\/posts"}],"about":[{"href":"https:\/\/swissbaker.ch\/fr\/wp-json\/wp\/v2\/types\/post"}],"author":[{"embeddable":true,"href":"https:\/\/swissbaker.ch\/fr\/wp-json\/wp\/v2\/users\/1"}],"replies":[{"embeddable":true,"href":"https:\/\/swissbaker.ch\/fr\/wp-json\/wp\/v2\/comments?post=10999"}],"version-history":[{"count":0,"href":"https:\/\/swissbaker.ch\/fr\/wp-json\/wp\/v2\/posts\/10999\/revisions"}],"wp:featuredmedia":[{"embeddable":true,"href":"https:\/\/swissbaker.ch\/fr\/wp-json\/wp\/v2\/media\/6570"}],"wp:attachment":[{"href":"https:\/\/swissbaker.ch\/fr\/wp-json\/wp\/v2\/media?parent=10999"}],"wp:term":[{"taxonomy":"category","embeddable":true,"href":"https:\/\/swissbaker.ch\/fr\/wp-json\/wp\/v2\/categories?post=10999"},{"taxonomy":"post_tag","embeddable":true,"href":"https:\/\/swissbaker.ch\/fr\/wp-json\/wp\/v2\/tags?post=10999"}],"curies":[{"name":"wp","href":"https:\/\/api.w.org\/{rel}","templated":true}]}}