{"id":10971,"date":"2018-09-17T14:29:00","date_gmt":"2018-09-17T12:29:00","guid":{"rendered":"https:\/\/swissbaker.ch\/?p=10971"},"modified":"2022-05-25T10:50:10","modified_gmt":"2022-05-25T08:50:10","slug":"quatre-contre-une-championne-du-monde","status":"publish","type":"post","link":"https:\/\/swissbaker.ch\/fr\/panissimo-news\/quatre-contre-une-championne-du-monde\/","title":{"rendered":"Quatre contre une championne du monde"},"content":{"rendered":"\n<p><strong>Les Best of SwissSkills ont conclu dimanche les cinq jours du championnat suisse des m\u00e9tiers \u00e0 Berne. Le concours de tressage pour la bonne cause avec la championne du monde de boulangerie-p\u00e2tisserie, Ramona Bolliger, et l\u2019ambassadeur des boulangers-confiseurs et CEO de Globetotter Group, Andr\u00e9 L\u00fcthi, a constitu\u00e9 le point d\u2019orgue sur le stand de la BCS.<\/strong><\/p>\n\n\n\n<p>A la question de l\u2019animatrice Linda F\u00e4h concernant la tactique utilis\u00e9e, Andr\u00e9 L\u00fcthi a r\u00e9pondu : \u00ab Je verrai bien \u00bb. Avant le d\u00e9part, il a rafra\u00eechi ses connaissances techniques avec l\u2019aide de Daniel Nyfeler, pr\u00e9sident de la commission des concours de la BCS. La cloche a retenti, la comp\u00e9tition \u00e9tait lanc\u00e9e. Ramona Bolliger \u00e0 gauche et l\u2019ancien p\u00e2tissier \u00e0 droite.<\/p>\n\n\n\n<h2 class=\"wp-block-heading\" id=\"h-pres-de-8-metres-de-long\">Pr\u00e8s de 8 m\u00e8tres de long<\/h2>\n\n\n\n<p>Travailler les brins de p\u00e2te de 7,5 m\u00e8tres a \u00e9t\u00e9 une t\u00e2che difficile. Cela n\u2019a pas \u00e9t\u00e9 uniquement un d\u00e9fi pour Andr\u00e9 L\u00fcthi. Ramona Bolliger n\u2019avait jamais tress\u00e9 un si long produit. La championne du monde s\u2019est mise au travail. Rapide et agile, elle a rapidement progress\u00e9. L\u2019ancien professionnel a re\u00e7u un soutien actif de l\u2019expert en boulangerie-p\u00e2tisserie Urs R\u00f6thlin et de Daniel Nyfeler. M\u00eame Linda F\u00e4h a laiss\u00e9 tomber le micro pour l\u2019aider. Ils \u00e9taient donc quatre \u00e0 se battre contre la championne du monde.<\/p>\n\n\n\n<p>L\u2019exp\u00e9rience et le talent ont finalement fait la diff\u00e9rence. Souveraine, Ramona Bolliger a remport\u00e9 la comp\u00e9tition. Elle a aid\u00e9 l\u2019homme d\u2019affaires bernois \u00e0 terminer sa tresse. Ce dernier, bon perdant, a f\u00e9licit\u00e9 son adversaire et d\u00e9clar\u00e9 : \u00ab Je suis extr\u00eamement fier d\u2019\u00eatre l\u2019ambassadeur des Boulangers-Confiseurs suisses. \u00bb<\/p>\n\n\n\n<h2 class=\"wp-block-heading\" id=\"h-soutien-pour-les-enfants-des-rues\">Soutien pour les enfants des rues<\/h2>\n\n\n\n<p>La tresse a \u00e9t\u00e9 cuite et vendue au public. Le produit des ventes sera revers\u00e9 \u00e0 l\u2019association caritative NAG en faveur des enfants des rues \u00e0 Katmandou au N\u00e9pal (compte postal : 87-311900-9, Strassenkinder Hilfswerk NAG).<\/p>\n\n\n\n<p>La cr\u00e8me de la cr\u00e8me de la branche a particip\u00e9 \u00e0 la journ\u00e9e Best of SwissSkills. Le chocolatier Jorge Cardoso, la championne du monde de boulangerie Ramona Bolliger, Uthaya Umapara dipl\u00f4m\u00e9e aux WorldSkills et Dominique Buchmann champion suisse de boulangerie-p\u00e2tisserie 2017, ont rejoint les championnes suisses Nadja W\u00fctrich (gestionnaire du commerce de d\u00e9tail), Rahel Weber (p\u00e2tisserie-confiserie) et Sonja Durrer (boulangerie-confiserie).<\/p>\n","protected":false},"excerpt":{"rendered":"<p>Les Best of SwissSkills ont conclu dimanche les cinq jours du championnat suisse des m\u00e9tiers \u00e0 Berne. Le concours de tressage pour la bonne cause avec la championne du monde de boulangerie-p\u00e2tisserie, Ramona Bolliger, et l\u2019ambassadeur des boulangers-confiseurs et CEO de Globetotter Group, Andr\u00e9 L\u00fcthi, a constitu\u00e9 le point d\u2019orgue sur le stand de la BCS. A la question de [&hellip;]<\/p>\n","protected":false},"author":1,"featured_media":6542,"comment_status":"open","ping_status":"closed","sticky":false,"template":"","format":"standard","meta":{"_acf_changed":false,"footnotes":""},"categories":[43,47],"tags":[],"class_list":["post-10971","post","type-post","status-publish","format-standard","has-post-thumbnail","hentry","category-concours","category-formation-releve"],"acf":[],"yoast_head":"<!-- This site is optimized with the Yoast SEO Premium plugin v26.8 (Yoast SEO v26.8) - https:\/\/yoast.com\/product\/yoast-seo-premium-wordpress\/ -->\n<title>Quatre contre une championne du monde | SBC<\/title>\n<meta name=\"robots\" content=\"index, follow, max-snippet:-1, max-image-preview:large, max-video-preview:-1\" \/>\n<link rel=\"canonical\" href=\"https:\/\/swissbaker.ch\/fr\/panissimo-news\/quatre-contre-une-championne-du-monde\/\" \/>\n<meta property=\"og:locale\" content=\"fr_FR\" \/>\n<meta property=\"og:type\" content=\"article\" \/>\n<meta property=\"og:title\" content=\"Quatre contre une championne du monde\" \/>\n<meta property=\"og:description\" content=\"Les Best of SwissSkills ont conclu dimanche les cinq jours du championnat suisse des m\u00e9tiers \u00e0 Berne. Le concours de tressage pour la bonne cause avec la championne du monde de boulangerie-p\u00e2tisserie, Ramona Bolliger, et l\u2019ambassadeur des boulangers-confiseurs et CEO de Globetotter Group, Andr\u00e9 L\u00fcthi, a constitu\u00e9 le point d\u2019orgue sur le stand de la BCS. A la question de [&hellip;]\" \/>\n<meta property=\"og:url\" content=\"https:\/\/swissbaker.ch\/fr\/panissimo-news\/quatre-contre-une-championne-du-monde\/\" \/>\n<meta property=\"og:site_name\" content=\"SBC\" \/>\n<meta property=\"article:publisher\" content=\"https:\/\/www.facebook.com\/swissbaker.ch\" \/>\n<meta property=\"article:published_time\" content=\"2018-09-17T12:29:00+00:00\" \/>\n<meta property=\"article:modified_time\" content=\"2022-05-25T08:50:10+00:00\" \/>\n<meta property=\"og:image\" content=\"https:\/\/swissbaker.ch\/wp-content\/uploads\/2022\/04\/anriss_sonntag.jpeg\" \/>\n\t<meta property=\"og:image:width\" content=\"800\" \/>\n\t<meta property=\"og:image:height\" content=\"474\" \/>\n\t<meta property=\"og:image:type\" content=\"image\/jpeg\" \/>\n<meta name=\"author\" content=\"azureart\" \/>\n<meta name=\"twitter:card\" content=\"summary_large_image\" \/>\n<meta name=\"twitter:creator\" content=\"@ch_swissbaker\" \/>\n<meta name=\"twitter:site\" content=\"@ch_swissbaker\" \/>\n<meta name=\"twitter:label1\" content=\"Written by\" \/>\n\t<meta name=\"twitter:data1\" content=\"azureart\" \/>\n\t<meta name=\"twitter:label2\" content=\"Est. reading time\" \/>\n\t<meta name=\"twitter:data2\" content=\"2 minutes\" \/>\n<script type=\"application\/ld+json\" class=\"yoast-schema-graph\">{\"@context\":\"https:\/\/schema.org\",\"@graph\":[{\"@type\":\"Article\",\"@id\":\"https:\/\/swissbaker.ch\/fr\/panissimo-news\/quatre-contre-une-championne-du-monde\/#article\",\"isPartOf\":{\"@id\":\"https:\/\/swissbaker.ch\/fr\/panissimo-news\/quatre-contre-une-championne-du-monde\/\"},\"author\":{\"name\":\"azureart\",\"@id\":\"https:\/\/swissbaker.ch\/fr\/#\/schema\/person\/058ac47619f7da53df62aba60f939b78\"},\"headline\":\"Quatre contre une championne du monde\",\"datePublished\":\"2018-09-17T12:29:00+00:00\",\"dateModified\":\"2022-05-25T08:50:10+00:00\",\"mainEntityOfPage\":{\"@id\":\"https:\/\/swissbaker.ch\/fr\/panissimo-news\/quatre-contre-une-championne-du-monde\/\"},\"wordCount\":406,\"commentCount\":0,\"publisher\":{\"@id\":\"https:\/\/swissbaker.ch\/fr\/#organization\"},\"image\":{\"@id\":\"https:\/\/swissbaker.ch\/fr\/panissimo-news\/quatre-contre-une-championne-du-monde\/#primaryimage\"},\"thumbnailUrl\":\"https:\/\/swissbaker.ch\/wp-content\/uploads\/2022\/04\/anriss_sonntag.jpeg\",\"articleSection\":[\"Concours\",\"Formation\/Rel\u00e8ve\"],\"inLanguage\":\"fr-FR\",\"potentialAction\":[{\"@type\":\"CommentAction\",\"name\":\"Comment\",\"target\":[\"https:\/\/swissbaker.ch\/fr\/panissimo-news\/quatre-contre-une-championne-du-monde\/#respond\"]}]},{\"@type\":\"WebPage\",\"@id\":\"https:\/\/swissbaker.ch\/fr\/panissimo-news\/quatre-contre-une-championne-du-monde\/\",\"url\":\"https:\/\/swissbaker.ch\/fr\/panissimo-news\/quatre-contre-une-championne-du-monde\/\",\"name\":\"Quatre contre une championne du monde | SBC\",\"isPartOf\":{\"@id\":\"https:\/\/swissbaker.ch\/fr\/#website\"},\"primaryImageOfPage\":{\"@id\":\"https:\/\/swissbaker.ch\/fr\/panissimo-news\/quatre-contre-une-championne-du-monde\/#primaryimage\"},\"image\":{\"@id\":\"https:\/\/swissbaker.ch\/fr\/panissimo-news\/quatre-contre-une-championne-du-monde\/#primaryimage\"},\"thumbnailUrl\":\"https:\/\/swissbaker.ch\/wp-content\/uploads\/2022\/04\/anriss_sonntag.jpeg\",\"datePublished\":\"2018-09-17T12:29:00+00:00\",\"dateModified\":\"2022-05-25T08:50:10+00:00\",\"breadcrumb\":{\"@id\":\"https:\/\/swissbaker.ch\/fr\/panissimo-news\/quatre-contre-une-championne-du-monde\/#breadcrumb\"},\"inLanguage\":\"fr-FR\",\"potentialAction\":[{\"@type\":\"ReadAction\",\"target\":[\"https:\/\/swissbaker.ch\/fr\/panissimo-news\/quatre-contre-une-championne-du-monde\/\"]}]},{\"@type\":\"ImageObject\",\"inLanguage\":\"fr-FR\",\"@id\":\"https:\/\/swissbaker.ch\/fr\/panissimo-news\/quatre-contre-une-championne-du-monde\/#primaryimage\",\"url\":\"https:\/\/swissbaker.ch\/wp-content\/uploads\/2022\/04\/anriss_sonntag.jpeg\",\"contentUrl\":\"https:\/\/swissbaker.ch\/wp-content\/uploads\/2022\/04\/anriss_sonntag.jpeg\",\"width\":800,\"height\":474,\"caption\":\"Quatre contre une championne du monde\"},{\"@type\":\"BreadcrumbList\",\"@id\":\"https:\/\/swissbaker.ch\/fr\/panissimo-news\/quatre-contre-une-championne-du-monde\/#breadcrumb\",\"itemListElement\":[{\"@type\":\"ListItem\",\"position\":1,\"name\":\"\",\"item\":\"https:\/\/swissbaker.ch\/fr\/\"},{\"@type\":\"ListItem\",\"position\":2,\"name\":\"Formation\/Rel\u00e8ve\",\"item\":\"https:\/\/swissbaker.ch\/fr\/panissimo-news\/category\/formation-releve\/\"},{\"@type\":\"ListItem\",\"position\":3,\"name\":\"Quatre contre une championne du monde\"}]},{\"@type\":\"WebSite\",\"@id\":\"https:\/\/swissbaker.ch\/fr\/#website\",\"url\":\"https:\/\/swissbaker.ch\/fr\/\",\"name\":\"SBC\",\"description\":\"\",\"publisher\":{\"@id\":\"https:\/\/swissbaker.ch\/fr\/#organization\"},\"potentialAction\":[{\"@type\":\"SearchAction\",\"target\":{\"@type\":\"EntryPoint\",\"urlTemplate\":\"https:\/\/swissbaker.ch\/fr\/?s={search_term_string}\"},\"query-input\":{\"@type\":\"PropertyValueSpecification\",\"valueRequired\":true,\"valueName\":\"search_term_string\"}}],\"inLanguage\":\"fr-FR\"},{\"@type\":\"Organization\",\"@id\":\"https:\/\/swissbaker.ch\/fr\/#organization\",\"name\":\"Schweizerischer B\u00e4cker-Confiseurmeister-Verband\",\"url\":\"https:\/\/swissbaker.ch\/fr\/\",\"logo\":{\"@type\":\"ImageObject\",\"inLanguage\":\"fr-FR\",\"@id\":\"https:\/\/swissbaker.ch\/fr\/#\/schema\/logo\/image\/\",\"url\":\"https:\/\/swissbaker.ch\/wp-content\/uploads\/2022\/04\/sbc-logo-yoast.jpg\",\"contentUrl\":\"https:\/\/swissbaker.ch\/wp-content\/uploads\/2022\/04\/sbc-logo-yoast.jpg\",\"width\":512,\"height\":512,\"caption\":\"Schweizerischer B\u00e4cker-Confiseurmeister-Verband\"},\"image\":{\"@id\":\"https:\/\/swissbaker.ch\/fr\/#\/schema\/logo\/image\/\"},\"sameAs\":[\"https:\/\/www.facebook.com\/swissbaker.ch\",\"https:\/\/x.com\/ch_swissbaker\"]},{\"@type\":\"Person\",\"@id\":\"https:\/\/swissbaker.ch\/fr\/#\/schema\/person\/058ac47619f7da53df62aba60f939b78\",\"name\":\"azureart\",\"image\":{\"@type\":\"ImageObject\",\"inLanguage\":\"fr-FR\",\"@id\":\"https:\/\/swissbaker.ch\/fr\/#\/schema\/person\/image\/\",\"url\":\"https:\/\/secure.gravatar.com\/avatar\/be04dd3098fd612c83067af4f7a295384c93cb6a9112f51beb9d2f477d25da61?s=96&d=mm&r=g\",\"contentUrl\":\"https:\/\/secure.gravatar.com\/avatar\/be04dd3098fd612c83067af4f7a295384c93cb6a9112f51beb9d2f477d25da61?s=96&d=mm&r=g\",\"caption\":\"azureart\"},\"sameAs\":[\"https:\/\/swissbaker.ch\"],\"url\":\"https:\/\/swissbaker.ch\/fr\/panissimo-news\/author\/pixel-ahoi\/\"}]}<\/script>\n<!-- \/ Yoast SEO Premium plugin. -->","yoast_head_json":{"title":"Quatre contre une championne du monde | SBC","robots":{"index":"index","follow":"follow","max-snippet":"max-snippet:-1","max-image-preview":"max-image-preview:large","max-video-preview":"max-video-preview:-1"},"canonical":"https:\/\/swissbaker.ch\/fr\/panissimo-news\/quatre-contre-une-championne-du-monde\/","og_locale":"fr_FR","og_type":"article","og_title":"Quatre contre une championne du monde","og_description":"Les Best of SwissSkills ont conclu dimanche les cinq jours du championnat suisse des m\u00e9tiers \u00e0 Berne. Le concours de tressage pour la bonne cause avec la championne du monde de boulangerie-p\u00e2tisserie, Ramona Bolliger, et l\u2019ambassadeur des boulangers-confiseurs et CEO de Globetotter Group, Andr\u00e9 L\u00fcthi, a constitu\u00e9 le point d\u2019orgue sur le stand de la BCS. A la question de [&hellip;]","og_url":"https:\/\/swissbaker.ch\/fr\/panissimo-news\/quatre-contre-une-championne-du-monde\/","og_site_name":"SBC","article_publisher":"https:\/\/www.facebook.com\/swissbaker.ch","article_published_time":"2018-09-17T12:29:00+00:00","article_modified_time":"2022-05-25T08:50:10+00:00","og_image":[{"width":800,"height":474,"url":"https:\/\/swissbaker.ch\/wp-content\/uploads\/2022\/04\/anriss_sonntag.jpeg","type":"image\/jpeg"}],"author":"azureart","twitter_card":"summary_large_image","twitter_creator":"@ch_swissbaker","twitter_site":"@ch_swissbaker","twitter_misc":{"Written by":"azureart","Est. reading time":"2 minutes"},"schema":{"@context":"https:\/\/schema.org","@graph":[{"@type":"Article","@id":"https:\/\/swissbaker.ch\/fr\/panissimo-news\/quatre-contre-une-championne-du-monde\/#article","isPartOf":{"@id":"https:\/\/swissbaker.ch\/fr\/panissimo-news\/quatre-contre-une-championne-du-monde\/"},"author":{"name":"azureart","@id":"https:\/\/swissbaker.ch\/fr\/#\/schema\/person\/058ac47619f7da53df62aba60f939b78"},"headline":"Quatre contre une championne du monde","datePublished":"2018-09-17T12:29:00+00:00","dateModified":"2022-05-25T08:50:10+00:00","mainEntityOfPage":{"@id":"https:\/\/swissbaker.ch\/fr\/panissimo-news\/quatre-contre-une-championne-du-monde\/"},"wordCount":406,"commentCount":0,"publisher":{"@id":"https:\/\/swissbaker.ch\/fr\/#organization"},"image":{"@id":"https:\/\/swissbaker.ch\/fr\/panissimo-news\/quatre-contre-une-championne-du-monde\/#primaryimage"},"thumbnailUrl":"https:\/\/swissbaker.ch\/wp-content\/uploads\/2022\/04\/anriss_sonntag.jpeg","articleSection":["Concours","Formation\/Rel\u00e8ve"],"inLanguage":"fr-FR","potentialAction":[{"@type":"CommentAction","name":"Comment","target":["https:\/\/swissbaker.ch\/fr\/panissimo-news\/quatre-contre-une-championne-du-monde\/#respond"]}]},{"@type":"WebPage","@id":"https:\/\/swissbaker.ch\/fr\/panissimo-news\/quatre-contre-une-championne-du-monde\/","url":"https:\/\/swissbaker.ch\/fr\/panissimo-news\/quatre-contre-une-championne-du-monde\/","name":"Quatre contre une championne du monde | SBC","isPartOf":{"@id":"https:\/\/swissbaker.ch\/fr\/#website"},"primaryImageOfPage":{"@id":"https:\/\/swissbaker.ch\/fr\/panissimo-news\/quatre-contre-une-championne-du-monde\/#primaryimage"},"image":{"@id":"https:\/\/swissbaker.ch\/fr\/panissimo-news\/quatre-contre-une-championne-du-monde\/#primaryimage"},"thumbnailUrl":"https:\/\/swissbaker.ch\/wp-content\/uploads\/2022\/04\/anriss_sonntag.jpeg","datePublished":"2018-09-17T12:29:00+00:00","dateModified":"2022-05-25T08:50:10+00:00","breadcrumb":{"@id":"https:\/\/swissbaker.ch\/fr\/panissimo-news\/quatre-contre-une-championne-du-monde\/#breadcrumb"},"inLanguage":"fr-FR","potentialAction":[{"@type":"ReadAction","target":["https:\/\/swissbaker.ch\/fr\/panissimo-news\/quatre-contre-une-championne-du-monde\/"]}]},{"@type":"ImageObject","inLanguage":"fr-FR","@id":"https:\/\/swissbaker.ch\/fr\/panissimo-news\/quatre-contre-une-championne-du-monde\/#primaryimage","url":"https:\/\/swissbaker.ch\/wp-content\/uploads\/2022\/04\/anriss_sonntag.jpeg","contentUrl":"https:\/\/swissbaker.ch\/wp-content\/uploads\/2022\/04\/anriss_sonntag.jpeg","width":800,"height":474,"caption":"Quatre contre une championne du monde"},{"@type":"BreadcrumbList","@id":"https:\/\/swissbaker.ch\/fr\/panissimo-news\/quatre-contre-une-championne-du-monde\/#breadcrumb","itemListElement":[{"@type":"ListItem","position":1,"name":"","item":"https:\/\/swissbaker.ch\/fr\/"},{"@type":"ListItem","position":2,"name":"Formation\/Rel\u00e8ve","item":"https:\/\/swissbaker.ch\/fr\/panissimo-news\/category\/formation-releve\/"},{"@type":"ListItem","position":3,"name":"Quatre contre une championne du monde"}]},{"@type":"WebSite","@id":"https:\/\/swissbaker.ch\/fr\/#website","url":"https:\/\/swissbaker.ch\/fr\/","name":"SBC","description":"","publisher":{"@id":"https:\/\/swissbaker.ch\/fr\/#organization"},"potentialAction":[{"@type":"SearchAction","target":{"@type":"EntryPoint","urlTemplate":"https:\/\/swissbaker.ch\/fr\/?s={search_term_string}"},"query-input":{"@type":"PropertyValueSpecification","valueRequired":true,"valueName":"search_term_string"}}],"inLanguage":"fr-FR"},{"@type":"Organization","@id":"https:\/\/swissbaker.ch\/fr\/#organization","name":"Schweizerischer B\u00e4cker-Confiseurmeister-Verband","url":"https:\/\/swissbaker.ch\/fr\/","logo":{"@type":"ImageObject","inLanguage":"fr-FR","@id":"https:\/\/swissbaker.ch\/fr\/#\/schema\/logo\/image\/","url":"https:\/\/swissbaker.ch\/wp-content\/uploads\/2022\/04\/sbc-logo-yoast.jpg","contentUrl":"https:\/\/swissbaker.ch\/wp-content\/uploads\/2022\/04\/sbc-logo-yoast.jpg","width":512,"height":512,"caption":"Schweizerischer B\u00e4cker-Confiseurmeister-Verband"},"image":{"@id":"https:\/\/swissbaker.ch\/fr\/#\/schema\/logo\/image\/"},"sameAs":["https:\/\/www.facebook.com\/swissbaker.ch","https:\/\/x.com\/ch_swissbaker"]},{"@type":"Person","@id":"https:\/\/swissbaker.ch\/fr\/#\/schema\/person\/058ac47619f7da53df62aba60f939b78","name":"azureart","image":{"@type":"ImageObject","inLanguage":"fr-FR","@id":"https:\/\/swissbaker.ch\/fr\/#\/schema\/person\/image\/","url":"https:\/\/secure.gravatar.com\/avatar\/be04dd3098fd612c83067af4f7a295384c93cb6a9112f51beb9d2f477d25da61?s=96&d=mm&r=g","contentUrl":"https:\/\/secure.gravatar.com\/avatar\/be04dd3098fd612c83067af4f7a295384c93cb6a9112f51beb9d2f477d25da61?s=96&d=mm&r=g","caption":"azureart"},"sameAs":["https:\/\/swissbaker.ch"],"url":"https:\/\/swissbaker.ch\/fr\/panissimo-news\/author\/pixel-ahoi\/"}]}},"_links":{"self":[{"href":"https:\/\/swissbaker.ch\/fr\/wp-json\/wp\/v2\/posts\/10971","targetHints":{"allow":["GET"]}}],"collection":[{"href":"https:\/\/swissbaker.ch\/fr\/wp-json\/wp\/v2\/posts"}],"about":[{"href":"https:\/\/swissbaker.ch\/fr\/wp-json\/wp\/v2\/types\/post"}],"author":[{"embeddable":true,"href":"https:\/\/swissbaker.ch\/fr\/wp-json\/wp\/v2\/users\/1"}],"replies":[{"embeddable":true,"href":"https:\/\/swissbaker.ch\/fr\/wp-json\/wp\/v2\/comments?post=10971"}],"version-history":[{"count":0,"href":"https:\/\/swissbaker.ch\/fr\/wp-json\/wp\/v2\/posts\/10971\/revisions"}],"wp:featuredmedia":[{"embeddable":true,"href":"https:\/\/swissbaker.ch\/fr\/wp-json\/wp\/v2\/media\/6542"}],"wp:attachment":[{"href":"https:\/\/swissbaker.ch\/fr\/wp-json\/wp\/v2\/media?parent=10971"}],"wp:term":[{"taxonomy":"category","embeddable":true,"href":"https:\/\/swissbaker.ch\/fr\/wp-json\/wp\/v2\/categories?post=10971"},{"taxonomy":"post_tag","embeddable":true,"href":"https:\/\/swissbaker.ch\/fr\/wp-json\/wp\/v2\/tags?post=10971"}],"curies":[{"name":"wp","href":"https:\/\/api.w.org\/{rel}","templated":true}]}}