{"id":10953,"date":"2018-09-26T12:49:00","date_gmt":"2018-09-26T10:49:00","guid":{"rendered":"https:\/\/swissbaker.ch\/?p=10953"},"modified":"2022-05-25T10:36:09","modified_gmt":"2022-05-25T08:36:09","slug":"voyager-a-travers-le-regard-dun-enfant","status":"publish","type":"post","link":"https:\/\/swissbaker.ch\/fr\/panissimo-news\/voyager-a-travers-le-regard-dun-enfant\/","title":{"rendered":"Voyager \u00e0 travers le regard d\u2019un enfant"},"content":{"rendered":"\n<p><strong>Maman, regarde, un hippopotame \u00bb crie Neva, 11 ans, qui joue avec Levin, 9 ans, sous une tente. Il r\u00e9pond : \u00ab L\u2019hippopotame ne nous fera rien. \u00bb Nous sommes au c\u0153ur du delta de l\u2019Okavango avec un v\u00e9hicule tout-terrain et une tente de toit, \u00e0 travers le Botswana.<\/strong><\/p>\n\n\n\n<p>Les enfants portent un autre regard sur le monde. Lors de voyages \u00e0 travers l\u2019Asie et l\u2019Afrique, Neva et Levin m\u2019ont souvent rappel\u00e9 des choses que nous oublions ou perdons h\u00e9las en tant qu\u2019adultes. Dommage. Car les enfants sont en principe curieux et confiants. Ce n\u2019est pas la peur ou les doutes qui dominent leur comportement. Le pass\u00e9 et les choses pr\u00e9vues ne comptent pas. Ce qui compte, c\u2019est le moment. L\u2019int\u00e9r\u00eat d\u2019un enfant pour l\u2019\u00e9tranger et l\u2019inconnu est spontan\u00e9 et ludique.<\/p>\n\n\n\n<h2 class=\"wp-block-heading\" id=\"h-la-meilleure-ecole-de-vie\">La meilleure \u00e9cole de vie<\/h2>\n\n\n\n<p>Le fait de voyager \u00e9tait et est toujours \u2013 en plus de l\u2019apprentissage de boulanger \u2013 la meilleure \u00e9cole de vie \u00e0 mes yeux. Nous apprenons \u00e0 conna\u00eetre, \u00e0 respecter, \u00e0 tol\u00e9rer d\u2019autres personnes et d\u2019autres cultures. Nous apprenons qu\u2019il n\u2019y a pas que notre monde et notre vision du monde. Nous apprenons \u00e0 d\u00e9poser les peurs et les pr\u00e9jug\u00e9s. Nous apprenons \u00e0 conna\u00eetre un nouveau c\u00f4t\u00e9 de notre personnalit\u00e9. Et peut-\u00eatre que nous r\u00e9ussirons \u00e0 retomber en enfance lors du voyage ; avec le sens \u00e9veill\u00e9, vif et ouvert.<br>Je nous souhaite \u00e0 tous que nous puissions davantage voyager avec le regard d\u2019un enfant au cours de notre vie ; que ce soit dans notre patrie ou dans des pays lointains et des cultures qui nous sont (encore) \u00e9trang\u00e8res.<\/p>\n\n\n\n<p>Ancien boulanger, Andr\u00e9 L\u00fcthi est pr\u00e9sident du Conseil d\u2019administration et CEO du Globetrotter Group qui comprend 14 agences de voyages. Lors du congr\u00e8s de la BCS 2018, il a \u00e9t\u00e9 nomm\u00e9 Ambassadeur du pain et du chocolat.<\/p>\n\n\n\n<p><a href=\"https:\/\/www.swissbaker.ch\/fr\/news-panissimo\/swissbaker-blog\/\">swissbaker-blog<\/a><br>Les blog refl\u00e8tent l\u2019opinion de leur auteur. \u00ab panissimo \u00bb d\u00e9cline toute responsabilit\u00e9 quant \u00e0 l\u2019exactitude et l\u2019exhaustivit\u00e9 de leur contenu<\/p>\n","protected":false},"excerpt":{"rendered":"<p>Maman, regarde, un hippopotame \u00bb crie Neva, 11 ans, qui joue avec Levin, 9 ans, sous une tente. Il r\u00e9pond : \u00ab L\u2019hippopotame ne nous fera rien. \u00bb Nous sommes au c\u0153ur du delta de l\u2019Okavango avec un v\u00e9hicule tout-terrain et une tente de toit, \u00e0 travers le Botswana. Les enfants portent un autre regard sur le monde. Lors de [&hellip;]<\/p>\n","protected":false},"author":1,"featured_media":6530,"comment_status":"open","ping_status":"closed","sticky":false,"template":"","format":"standard","meta":{"_acf_changed":false,"footnotes":""},"categories":[58],"tags":[],"class_list":["post-10953","post","type-post","status-publish","format-standard","has-post-thumbnail","hentry","category-swissbaker-blog-fr"],"acf":[],"yoast_head":"<!-- This site is optimized with the Yoast SEO Premium plugin v26.8 (Yoast SEO v26.8) - https:\/\/yoast.com\/product\/yoast-seo-premium-wordpress\/ -->\n<title>Voyager \u00e0 travers le regard d\u2019un enfant | SBC<\/title>\n<meta name=\"robots\" content=\"index, follow, max-snippet:-1, max-image-preview:large, max-video-preview:-1\" \/>\n<link rel=\"canonical\" href=\"https:\/\/swissbaker.ch\/fr\/panissimo-news\/voyager-a-travers-le-regard-dun-enfant\/\" \/>\n<meta property=\"og:locale\" content=\"fr_FR\" \/>\n<meta property=\"og:type\" content=\"article\" \/>\n<meta property=\"og:title\" content=\"Voyager \u00e0 travers le regard d\u2019un enfant\" \/>\n<meta property=\"og:description\" content=\"Maman, regarde, un hippopotame \u00bb crie Neva, 11 ans, qui joue avec Levin, 9 ans, sous une tente. Il r\u00e9pond : \u00ab L\u2019hippopotame ne nous fera rien. \u00bb Nous sommes au c\u0153ur du delta de l\u2019Okavango avec un v\u00e9hicule tout-terrain et une tente de toit, \u00e0 travers le Botswana. Les enfants portent un autre regard sur le monde. Lors de [&hellip;]\" \/>\n<meta property=\"og:url\" content=\"https:\/\/swissbaker.ch\/fr\/panissimo-news\/voyager-a-travers-le-regard-dun-enfant\/\" \/>\n<meta property=\"og:site_name\" content=\"SBC\" \/>\n<meta property=\"article:publisher\" content=\"https:\/\/www.facebook.com\/swissbaker.ch\" \/>\n<meta property=\"article:published_time\" content=\"2018-09-26T10:49:00+00:00\" \/>\n<meta property=\"article:modified_time\" content=\"2022-05-25T08:36:09+00:00\" \/>\n<meta property=\"og:image\" content=\"https:\/\/swissbaker.ch\/wp-content\/uploads\/2022\/04\/NL-9-Andre-Luethi.jpeg\" \/>\n\t<meta property=\"og:image:width\" content=\"800\" \/>\n\t<meta property=\"og:image:height\" content=\"474\" \/>\n\t<meta property=\"og:image:type\" content=\"image\/jpeg\" \/>\n<meta name=\"author\" content=\"azureart\" \/>\n<meta name=\"twitter:card\" content=\"summary_large_image\" \/>\n<meta name=\"twitter:creator\" content=\"@ch_swissbaker\" \/>\n<meta name=\"twitter:site\" content=\"@ch_swissbaker\" \/>\n<meta name=\"twitter:label1\" content=\"Written by\" \/>\n\t<meta name=\"twitter:data1\" content=\"azureart\" \/>\n\t<meta name=\"twitter:label2\" content=\"Est. reading time\" \/>\n\t<meta name=\"twitter:data2\" content=\"2 minutes\" \/>\n<script type=\"application\/ld+json\" class=\"yoast-schema-graph\">{\"@context\":\"https:\/\/schema.org\",\"@graph\":[{\"@type\":\"Article\",\"@id\":\"https:\/\/swissbaker.ch\/fr\/panissimo-news\/voyager-a-travers-le-regard-dun-enfant\/#article\",\"isPartOf\":{\"@id\":\"https:\/\/swissbaker.ch\/fr\/panissimo-news\/voyager-a-travers-le-regard-dun-enfant\/\"},\"author\":{\"name\":\"azureart\",\"@id\":\"https:\/\/swissbaker.ch\/fr\/#\/schema\/person\/058ac47619f7da53df62aba60f939b78\"},\"headline\":\"Voyager \u00e0 travers le regard d\u2019un enfant\",\"datePublished\":\"2018-09-26T10:49:00+00:00\",\"dateModified\":\"2022-05-25T08:36:09+00:00\",\"mainEntityOfPage\":{\"@id\":\"https:\/\/swissbaker.ch\/fr\/panissimo-news\/voyager-a-travers-le-regard-dun-enfant\/\"},\"wordCount\":351,\"commentCount\":0,\"publisher\":{\"@id\":\"https:\/\/swissbaker.ch\/fr\/#organization\"},\"image\":{\"@id\":\"https:\/\/swissbaker.ch\/fr\/panissimo-news\/voyager-a-travers-le-regard-dun-enfant\/#primaryimage\"},\"thumbnailUrl\":\"https:\/\/swissbaker.ch\/wp-content\/uploads\/2022\/04\/NL-9-Andre-Luethi.jpeg\",\"articleSection\":[\"swissbaker-blog\"],\"inLanguage\":\"fr-FR\",\"potentialAction\":[{\"@type\":\"CommentAction\",\"name\":\"Comment\",\"target\":[\"https:\/\/swissbaker.ch\/fr\/panissimo-news\/voyager-a-travers-le-regard-dun-enfant\/#respond\"]}]},{\"@type\":\"WebPage\",\"@id\":\"https:\/\/swissbaker.ch\/fr\/panissimo-news\/voyager-a-travers-le-regard-dun-enfant\/\",\"url\":\"https:\/\/swissbaker.ch\/fr\/panissimo-news\/voyager-a-travers-le-regard-dun-enfant\/\",\"name\":\"Voyager \u00e0 travers le regard d\u2019un enfant | SBC\",\"isPartOf\":{\"@id\":\"https:\/\/swissbaker.ch\/fr\/#website\"},\"primaryImageOfPage\":{\"@id\":\"https:\/\/swissbaker.ch\/fr\/panissimo-news\/voyager-a-travers-le-regard-dun-enfant\/#primaryimage\"},\"image\":{\"@id\":\"https:\/\/swissbaker.ch\/fr\/panissimo-news\/voyager-a-travers-le-regard-dun-enfant\/#primaryimage\"},\"thumbnailUrl\":\"https:\/\/swissbaker.ch\/wp-content\/uploads\/2022\/04\/NL-9-Andre-Luethi.jpeg\",\"datePublished\":\"2018-09-26T10:49:00+00:00\",\"dateModified\":\"2022-05-25T08:36:09+00:00\",\"breadcrumb\":{\"@id\":\"https:\/\/swissbaker.ch\/fr\/panissimo-news\/voyager-a-travers-le-regard-dun-enfant\/#breadcrumb\"},\"inLanguage\":\"fr-FR\",\"potentialAction\":[{\"@type\":\"ReadAction\",\"target\":[\"https:\/\/swissbaker.ch\/fr\/panissimo-news\/voyager-a-travers-le-regard-dun-enfant\/\"]}]},{\"@type\":\"ImageObject\",\"inLanguage\":\"fr-FR\",\"@id\":\"https:\/\/swissbaker.ch\/fr\/panissimo-news\/voyager-a-travers-le-regard-dun-enfant\/#primaryimage\",\"url\":\"https:\/\/swissbaker.ch\/wp-content\/uploads\/2022\/04\/NL-9-Andre-Luethi.jpeg\",\"contentUrl\":\"https:\/\/swissbaker.ch\/wp-content\/uploads\/2022\/04\/NL-9-Andre-Luethi.jpeg\",\"width\":800,\"height\":474,\"caption\":\"Voyager \u00e0 travers le regard d\u2019un enfant\"},{\"@type\":\"BreadcrumbList\",\"@id\":\"https:\/\/swissbaker.ch\/fr\/panissimo-news\/voyager-a-travers-le-regard-dun-enfant\/#breadcrumb\",\"itemListElement\":[{\"@type\":\"ListItem\",\"position\":1,\"name\":\"\",\"item\":\"https:\/\/swissbaker.ch\/fr\/\"},{\"@type\":\"ListItem\",\"position\":2,\"name\":\"swissbaker-blog\",\"item\":\"https:\/\/swissbaker.ch\/fr\/panissimo-news\/category\/swissbaker-blog-fr\/\"},{\"@type\":\"ListItem\",\"position\":3,\"name\":\"Voyager \u00e0 travers le regard d\u2019un enfant\"}]},{\"@type\":\"WebSite\",\"@id\":\"https:\/\/swissbaker.ch\/fr\/#website\",\"url\":\"https:\/\/swissbaker.ch\/fr\/\",\"name\":\"SBC\",\"description\":\"\",\"publisher\":{\"@id\":\"https:\/\/swissbaker.ch\/fr\/#organization\"},\"potentialAction\":[{\"@type\":\"SearchAction\",\"target\":{\"@type\":\"EntryPoint\",\"urlTemplate\":\"https:\/\/swissbaker.ch\/fr\/?s={search_term_string}\"},\"query-input\":{\"@type\":\"PropertyValueSpecification\",\"valueRequired\":true,\"valueName\":\"search_term_string\"}}],\"inLanguage\":\"fr-FR\"},{\"@type\":\"Organization\",\"@id\":\"https:\/\/swissbaker.ch\/fr\/#organization\",\"name\":\"Schweizerischer B\u00e4cker-Confiseurmeister-Verband\",\"url\":\"https:\/\/swissbaker.ch\/fr\/\",\"logo\":{\"@type\":\"ImageObject\",\"inLanguage\":\"fr-FR\",\"@id\":\"https:\/\/swissbaker.ch\/fr\/#\/schema\/logo\/image\/\",\"url\":\"https:\/\/swissbaker.ch\/wp-content\/uploads\/2022\/04\/sbc-logo-yoast.jpg\",\"contentUrl\":\"https:\/\/swissbaker.ch\/wp-content\/uploads\/2022\/04\/sbc-logo-yoast.jpg\",\"width\":512,\"height\":512,\"caption\":\"Schweizerischer B\u00e4cker-Confiseurmeister-Verband\"},\"image\":{\"@id\":\"https:\/\/swissbaker.ch\/fr\/#\/schema\/logo\/image\/\"},\"sameAs\":[\"https:\/\/www.facebook.com\/swissbaker.ch\",\"https:\/\/x.com\/ch_swissbaker\"]},{\"@type\":\"Person\",\"@id\":\"https:\/\/swissbaker.ch\/fr\/#\/schema\/person\/058ac47619f7da53df62aba60f939b78\",\"name\":\"azureart\",\"image\":{\"@type\":\"ImageObject\",\"inLanguage\":\"fr-FR\",\"@id\":\"https:\/\/swissbaker.ch\/fr\/#\/schema\/person\/image\/\",\"url\":\"https:\/\/secure.gravatar.com\/avatar\/be04dd3098fd612c83067af4f7a295384c93cb6a9112f51beb9d2f477d25da61?s=96&d=mm&r=g\",\"contentUrl\":\"https:\/\/secure.gravatar.com\/avatar\/be04dd3098fd612c83067af4f7a295384c93cb6a9112f51beb9d2f477d25da61?s=96&d=mm&r=g\",\"caption\":\"azureart\"},\"sameAs\":[\"https:\/\/swissbaker.ch\"],\"url\":\"https:\/\/swissbaker.ch\/fr\/panissimo-news\/author\/pixel-ahoi\/\"}]}<\/script>\n<!-- \/ Yoast SEO Premium plugin. -->","yoast_head_json":{"title":"Voyager \u00e0 travers le regard d\u2019un enfant | SBC","robots":{"index":"index","follow":"follow","max-snippet":"max-snippet:-1","max-image-preview":"max-image-preview:large","max-video-preview":"max-video-preview:-1"},"canonical":"https:\/\/swissbaker.ch\/fr\/panissimo-news\/voyager-a-travers-le-regard-dun-enfant\/","og_locale":"fr_FR","og_type":"article","og_title":"Voyager \u00e0 travers le regard d\u2019un enfant","og_description":"Maman, regarde, un hippopotame \u00bb crie Neva, 11 ans, qui joue avec Levin, 9 ans, sous une tente. Il r\u00e9pond : \u00ab L\u2019hippopotame ne nous fera rien. \u00bb Nous sommes au c\u0153ur du delta de l\u2019Okavango avec un v\u00e9hicule tout-terrain et une tente de toit, \u00e0 travers le Botswana. Les enfants portent un autre regard sur le monde. Lors de [&hellip;]","og_url":"https:\/\/swissbaker.ch\/fr\/panissimo-news\/voyager-a-travers-le-regard-dun-enfant\/","og_site_name":"SBC","article_publisher":"https:\/\/www.facebook.com\/swissbaker.ch","article_published_time":"2018-09-26T10:49:00+00:00","article_modified_time":"2022-05-25T08:36:09+00:00","og_image":[{"width":800,"height":474,"url":"https:\/\/swissbaker.ch\/wp-content\/uploads\/2022\/04\/NL-9-Andre-Luethi.jpeg","type":"image\/jpeg"}],"author":"azureart","twitter_card":"summary_large_image","twitter_creator":"@ch_swissbaker","twitter_site":"@ch_swissbaker","twitter_misc":{"Written by":"azureart","Est. reading time":"2 minutes"},"schema":{"@context":"https:\/\/schema.org","@graph":[{"@type":"Article","@id":"https:\/\/swissbaker.ch\/fr\/panissimo-news\/voyager-a-travers-le-regard-dun-enfant\/#article","isPartOf":{"@id":"https:\/\/swissbaker.ch\/fr\/panissimo-news\/voyager-a-travers-le-regard-dun-enfant\/"},"author":{"name":"azureart","@id":"https:\/\/swissbaker.ch\/fr\/#\/schema\/person\/058ac47619f7da53df62aba60f939b78"},"headline":"Voyager \u00e0 travers le regard d\u2019un enfant","datePublished":"2018-09-26T10:49:00+00:00","dateModified":"2022-05-25T08:36:09+00:00","mainEntityOfPage":{"@id":"https:\/\/swissbaker.ch\/fr\/panissimo-news\/voyager-a-travers-le-regard-dun-enfant\/"},"wordCount":351,"commentCount":0,"publisher":{"@id":"https:\/\/swissbaker.ch\/fr\/#organization"},"image":{"@id":"https:\/\/swissbaker.ch\/fr\/panissimo-news\/voyager-a-travers-le-regard-dun-enfant\/#primaryimage"},"thumbnailUrl":"https:\/\/swissbaker.ch\/wp-content\/uploads\/2022\/04\/NL-9-Andre-Luethi.jpeg","articleSection":["swissbaker-blog"],"inLanguage":"fr-FR","potentialAction":[{"@type":"CommentAction","name":"Comment","target":["https:\/\/swissbaker.ch\/fr\/panissimo-news\/voyager-a-travers-le-regard-dun-enfant\/#respond"]}]},{"@type":"WebPage","@id":"https:\/\/swissbaker.ch\/fr\/panissimo-news\/voyager-a-travers-le-regard-dun-enfant\/","url":"https:\/\/swissbaker.ch\/fr\/panissimo-news\/voyager-a-travers-le-regard-dun-enfant\/","name":"Voyager \u00e0 travers le regard d\u2019un enfant | SBC","isPartOf":{"@id":"https:\/\/swissbaker.ch\/fr\/#website"},"primaryImageOfPage":{"@id":"https:\/\/swissbaker.ch\/fr\/panissimo-news\/voyager-a-travers-le-regard-dun-enfant\/#primaryimage"},"image":{"@id":"https:\/\/swissbaker.ch\/fr\/panissimo-news\/voyager-a-travers-le-regard-dun-enfant\/#primaryimage"},"thumbnailUrl":"https:\/\/swissbaker.ch\/wp-content\/uploads\/2022\/04\/NL-9-Andre-Luethi.jpeg","datePublished":"2018-09-26T10:49:00+00:00","dateModified":"2022-05-25T08:36:09+00:00","breadcrumb":{"@id":"https:\/\/swissbaker.ch\/fr\/panissimo-news\/voyager-a-travers-le-regard-dun-enfant\/#breadcrumb"},"inLanguage":"fr-FR","potentialAction":[{"@type":"ReadAction","target":["https:\/\/swissbaker.ch\/fr\/panissimo-news\/voyager-a-travers-le-regard-dun-enfant\/"]}]},{"@type":"ImageObject","inLanguage":"fr-FR","@id":"https:\/\/swissbaker.ch\/fr\/panissimo-news\/voyager-a-travers-le-regard-dun-enfant\/#primaryimage","url":"https:\/\/swissbaker.ch\/wp-content\/uploads\/2022\/04\/NL-9-Andre-Luethi.jpeg","contentUrl":"https:\/\/swissbaker.ch\/wp-content\/uploads\/2022\/04\/NL-9-Andre-Luethi.jpeg","width":800,"height":474,"caption":"Voyager \u00e0 travers le regard d\u2019un enfant"},{"@type":"BreadcrumbList","@id":"https:\/\/swissbaker.ch\/fr\/panissimo-news\/voyager-a-travers-le-regard-dun-enfant\/#breadcrumb","itemListElement":[{"@type":"ListItem","position":1,"name":"","item":"https:\/\/swissbaker.ch\/fr\/"},{"@type":"ListItem","position":2,"name":"swissbaker-blog","item":"https:\/\/swissbaker.ch\/fr\/panissimo-news\/category\/swissbaker-blog-fr\/"},{"@type":"ListItem","position":3,"name":"Voyager \u00e0 travers le regard d\u2019un enfant"}]},{"@type":"WebSite","@id":"https:\/\/swissbaker.ch\/fr\/#website","url":"https:\/\/swissbaker.ch\/fr\/","name":"SBC","description":"","publisher":{"@id":"https:\/\/swissbaker.ch\/fr\/#organization"},"potentialAction":[{"@type":"SearchAction","target":{"@type":"EntryPoint","urlTemplate":"https:\/\/swissbaker.ch\/fr\/?s={search_term_string}"},"query-input":{"@type":"PropertyValueSpecification","valueRequired":true,"valueName":"search_term_string"}}],"inLanguage":"fr-FR"},{"@type":"Organization","@id":"https:\/\/swissbaker.ch\/fr\/#organization","name":"Schweizerischer B\u00e4cker-Confiseurmeister-Verband","url":"https:\/\/swissbaker.ch\/fr\/","logo":{"@type":"ImageObject","inLanguage":"fr-FR","@id":"https:\/\/swissbaker.ch\/fr\/#\/schema\/logo\/image\/","url":"https:\/\/swissbaker.ch\/wp-content\/uploads\/2022\/04\/sbc-logo-yoast.jpg","contentUrl":"https:\/\/swissbaker.ch\/wp-content\/uploads\/2022\/04\/sbc-logo-yoast.jpg","width":512,"height":512,"caption":"Schweizerischer B\u00e4cker-Confiseurmeister-Verband"},"image":{"@id":"https:\/\/swissbaker.ch\/fr\/#\/schema\/logo\/image\/"},"sameAs":["https:\/\/www.facebook.com\/swissbaker.ch","https:\/\/x.com\/ch_swissbaker"]},{"@type":"Person","@id":"https:\/\/swissbaker.ch\/fr\/#\/schema\/person\/058ac47619f7da53df62aba60f939b78","name":"azureart","image":{"@type":"ImageObject","inLanguage":"fr-FR","@id":"https:\/\/swissbaker.ch\/fr\/#\/schema\/person\/image\/","url":"https:\/\/secure.gravatar.com\/avatar\/be04dd3098fd612c83067af4f7a295384c93cb6a9112f51beb9d2f477d25da61?s=96&d=mm&r=g","contentUrl":"https:\/\/secure.gravatar.com\/avatar\/be04dd3098fd612c83067af4f7a295384c93cb6a9112f51beb9d2f477d25da61?s=96&d=mm&r=g","caption":"azureart"},"sameAs":["https:\/\/swissbaker.ch"],"url":"https:\/\/swissbaker.ch\/fr\/panissimo-news\/author\/pixel-ahoi\/"}]}},"_links":{"self":[{"href":"https:\/\/swissbaker.ch\/fr\/wp-json\/wp\/v2\/posts\/10953","targetHints":{"allow":["GET"]}}],"collection":[{"href":"https:\/\/swissbaker.ch\/fr\/wp-json\/wp\/v2\/posts"}],"about":[{"href":"https:\/\/swissbaker.ch\/fr\/wp-json\/wp\/v2\/types\/post"}],"author":[{"embeddable":true,"href":"https:\/\/swissbaker.ch\/fr\/wp-json\/wp\/v2\/users\/1"}],"replies":[{"embeddable":true,"href":"https:\/\/swissbaker.ch\/fr\/wp-json\/wp\/v2\/comments?post=10953"}],"version-history":[{"count":0,"href":"https:\/\/swissbaker.ch\/fr\/wp-json\/wp\/v2\/posts\/10953\/revisions"}],"wp:featuredmedia":[{"embeddable":true,"href":"https:\/\/swissbaker.ch\/fr\/wp-json\/wp\/v2\/media\/6530"}],"wp:attachment":[{"href":"https:\/\/swissbaker.ch\/fr\/wp-json\/wp\/v2\/media?parent=10953"}],"wp:term":[{"taxonomy":"category","embeddable":true,"href":"https:\/\/swissbaker.ch\/fr\/wp-json\/wp\/v2\/categories?post=10953"},{"taxonomy":"post_tag","embeddable":true,"href":"https:\/\/swissbaker.ch\/fr\/wp-json\/wp\/v2\/tags?post=10953"}],"curies":[{"name":"wp","href":"https:\/\/api.w.org\/{rel}","templated":true}]}}