{"id":10882,"date":"2018-11-14T09:17:00","date_gmt":"2018-11-14T08:17:00","guid":{"rendered":"https:\/\/swissbaker.ch\/?p=10882"},"modified":"2022-05-25T09:24:01","modified_gmt":"2022-05-25T07:24:01","slug":"neuchatel-temple-du-chocolat","status":"publish","type":"post","link":"https:\/\/swissbaker.ch\/fr\/panissimo-news\/neuchatel-temple-du-chocolat\/","title":{"rendered":"Neuch\u00e2tel, temple du chocolat"},"content":{"rendered":"\n<p><strong>Chocolatissimo s\u2019est achev\u00e9 le 10 novembre. En huit jours, la manifestation neuch\u00e2teloise a rassembl\u00e9 plus de 10000 visiteurs. Ils ont notamment d\u00e9couvert les pi\u00e8ces et les vitrines des apprentis de la boulangerie-p\u00e2tisserie-confiserie du canton.<\/strong><\/p>\n\n\n\n<p>Spectacles, d\u00e9gustations, expositions autour du chocolat\u2026 Les visiteurs de la 5e \u00e9dition de Chocolatissimo ont eu l\u2019embarras du choix du 3 au 10 novembre \u00e0 Neuch\u00e2tel. Le P\u00e9ristyle de l\u2019H\u00f4tel de Ville a constitu\u00e9 l\u2019un des hauts lieux de la manifestation.<\/p>\n\n\n\n<h2 class=\"wp-block-heading\" id=\"h-quarante-creations\">Quarante cr\u00e9ations<\/h2>\n\n\n\n<p>Les apprentis de 2e et 3e ann\u00e9es de la branche y ont pr\u00e9sent\u00e9 leurs travaux ex\u00e9cut\u00e9s dans le cadre de leur traditionnel concours. Le public a ainsi d\u00e9couvert 6 vitrines et 34 pi\u00e8ces d\u2019exposition. Sur le th\u00e8me \u00ab Aux origines du chocolat \u00bb, la plupart des cr\u00e9ations ont suscit\u00e9 \u00e9merveillements et admirations aupr\u00e8s de l\u2019assistance. Les visiteurs ont remis un prix \u00e0 trois d\u2019entre elles. Un jury de professionnel a aussi \u00e9valu\u00e9 les r\u00e9alisations et attribu\u00e9 une m\u00e9daille d\u2019or, d\u2019argent ou de bronze aux meilleures.<\/p>\n\n\n\n<p>Les candidats ont r\u00e9alis\u00e9 une partie du concours face au public : emballage et \u00e9criture pour la vente, confection d\u2019un totem pour la production. \u00ab Cela leur permet d\u2019\u00eatre au contact du public et de cr\u00e9er une animation \u00bb, a soulign\u00e9 Serge Aubry du Centre professionnel du littoral neuch\u00e2telois. Jeunes et moins jeunes ont \u00e9t\u00e9 nombreux \u00e0 s\u2019entretenir avec les professionnels en herbe. Pendant ce temps, d\u2019autres apprentis travaillaient du chocolat et offraient des \u00e9clats \u00e0 la d\u00e9gustation ; ce qui n\u2019a pas manquait d\u2019attirer les gourmands.<br>Au bar du p\u00e9ristyle, ces derniers ont pu appr\u00e9cier une fontaine \u00e0 chocolat et acqu\u00e9rir les tablettes de l\u2019\u00e9dition 2018 : canneberge \u2013 cannelle, verveine \u2013 citron, th\u00e9 noir \u2013 mangue \u2013 noix de p\u00e9can.<\/p>\n\n\n\n<h2 class=\"wp-block-heading\" id=\"h-une-destruction\">Une destruction<\/h2>\n\n\n\n<p>Durant ces huit jours, les gourmets ont aussi pu prendre part \u00e0 la construction d\u2019un temple azt\u00e8que en chocolat. Compos\u00e9 de 8988 briques, plus ou moins align\u00e9es, l\u2019\u00e9difice a finalement \u00e9t\u00e9 d\u00e9moli et partag\u00e9 avec le public. La 6e \u00e9dition de Chocolatissimo se tiendra du 2 au 9 novembre 2019.<\/p>\n\n\n\n<p>D&#8217;autre photos sur nos <a href=\"https:\/\/www.swissbaker.ch\/fr\/news-panissimo\/galeries-de-photos\/galeries-2018\/\">galeries de photos<\/a><\/p>\n","protected":false},"excerpt":{"rendered":"<p>Chocolatissimo s\u2019est achev\u00e9 le 10 novembre. En huit jours, la manifestation neuch\u00e2teloise a rassembl\u00e9 plus de 10000 visiteurs. Ils ont notamment d\u00e9couvert les pi\u00e8ces et les vitrines des apprentis de la boulangerie-p\u00e2tisserie-confiserie du canton. Spectacles, d\u00e9gustations, expositions autour du chocolat\u2026 Les visiteurs de la 5e \u00e9dition de Chocolatissimo ont eu l\u2019embarras du choix du 3 au 10 novembre \u00e0 Neuch\u00e2tel. [&hellip;]<\/p>\n","protected":false},"author":1,"featured_media":10883,"comment_status":"open","ping_status":"closed","sticky":false,"template":"","format":"standard","meta":{"_acf_changed":false,"footnotes":""},"categories":[43,46],"tags":[],"class_list":["post-10882","post","type-post","status-publish","format-standard","has-post-thumbnail","hentry","category-concours","category-evenement"],"acf":[],"yoast_head":"<!-- This site is optimized with the Yoast SEO Premium plugin v26.8 (Yoast SEO v26.8) - https:\/\/yoast.com\/product\/yoast-seo-premium-wordpress\/ -->\n<title>Neuch\u00e2tel, temple du chocolat | SBC<\/title>\n<meta name=\"robots\" content=\"index, follow, max-snippet:-1, max-image-preview:large, max-video-preview:-1\" \/>\n<link rel=\"canonical\" href=\"https:\/\/swissbaker.ch\/fr\/panissimo-news\/neuchatel-temple-du-chocolat\/\" \/>\n<meta property=\"og:locale\" content=\"fr_FR\" \/>\n<meta property=\"og:type\" content=\"article\" \/>\n<meta property=\"og:title\" content=\"Neuch\u00e2tel, temple du chocolat\" \/>\n<meta property=\"og:description\" content=\"Chocolatissimo s\u2019est achev\u00e9 le 10 novembre. En huit jours, la manifestation neuch\u00e2teloise a rassembl\u00e9 plus de 10000 visiteurs. Ils ont notamment d\u00e9couvert les pi\u00e8ces et les vitrines des apprentis de la boulangerie-p\u00e2tisserie-confiserie du canton. Spectacles, d\u00e9gustations, expositions autour du chocolat\u2026 Les visiteurs de la 5e \u00e9dition de Chocolatissimo ont eu l\u2019embarras du choix du 3 au 10 novembre \u00e0 Neuch\u00e2tel. [&hellip;]\" \/>\n<meta property=\"og:url\" content=\"https:\/\/swissbaker.ch\/fr\/panissimo-news\/neuchatel-temple-du-chocolat\/\" \/>\n<meta property=\"og:site_name\" content=\"SBC\" \/>\n<meta property=\"article:publisher\" content=\"https:\/\/www.facebook.com\/swissbaker.ch\" \/>\n<meta property=\"article:published_time\" content=\"2018-11-14T08:17:00+00:00\" \/>\n<meta property=\"article:modified_time\" content=\"2022-05-25T07:24:01+00:00\" \/>\n<meta property=\"og:image\" content=\"https:\/\/swissbaker.ch\/wp-content\/uploads\/2022\/05\/chocolatissimo-1.jpeg\" \/>\n\t<meta property=\"og:image:width\" content=\"800\" \/>\n\t<meta property=\"og:image:height\" content=\"474\" \/>\n\t<meta property=\"og:image:type\" content=\"image\/jpeg\" \/>\n<meta name=\"author\" content=\"azureart\" \/>\n<meta name=\"twitter:card\" content=\"summary_large_image\" \/>\n<meta name=\"twitter:creator\" content=\"@ch_swissbaker\" \/>\n<meta name=\"twitter:site\" content=\"@ch_swissbaker\" \/>\n<meta name=\"twitter:label1\" content=\"Written by\" \/>\n\t<meta name=\"twitter:data1\" content=\"azureart\" \/>\n\t<meta name=\"twitter:label2\" content=\"Est. reading time\" \/>\n\t<meta name=\"twitter:data2\" content=\"2 minutes\" \/>\n<script type=\"application\/ld+json\" class=\"yoast-schema-graph\">{\"@context\":\"https:\/\/schema.org\",\"@graph\":[{\"@type\":\"Article\",\"@id\":\"https:\/\/swissbaker.ch\/fr\/panissimo-news\/neuchatel-temple-du-chocolat\/#article\",\"isPartOf\":{\"@id\":\"https:\/\/swissbaker.ch\/fr\/panissimo-news\/neuchatel-temple-du-chocolat\/\"},\"author\":{\"name\":\"azureart\",\"@id\":\"https:\/\/swissbaker.ch\/fr\/#\/schema\/person\/058ac47619f7da53df62aba60f939b78\"},\"headline\":\"Neuch\u00e2tel, temple du chocolat\",\"datePublished\":\"2018-11-14T08:17:00+00:00\",\"dateModified\":\"2022-05-25T07:24:01+00:00\",\"mainEntityOfPage\":{\"@id\":\"https:\/\/swissbaker.ch\/fr\/panissimo-news\/neuchatel-temple-du-chocolat\/\"},\"wordCount\":370,\"commentCount\":0,\"publisher\":{\"@id\":\"https:\/\/swissbaker.ch\/fr\/#organization\"},\"image\":{\"@id\":\"https:\/\/swissbaker.ch\/fr\/panissimo-news\/neuchatel-temple-du-chocolat\/#primaryimage\"},\"thumbnailUrl\":\"https:\/\/swissbaker.ch\/wp-content\/uploads\/2022\/05\/chocolatissimo-1.jpeg\",\"articleSection\":[\"Concours\",\"Ev\u00e9nement\"],\"inLanguage\":\"fr-FR\",\"potentialAction\":[{\"@type\":\"CommentAction\",\"name\":\"Comment\",\"target\":[\"https:\/\/swissbaker.ch\/fr\/panissimo-news\/neuchatel-temple-du-chocolat\/#respond\"]}]},{\"@type\":\"WebPage\",\"@id\":\"https:\/\/swissbaker.ch\/fr\/panissimo-news\/neuchatel-temple-du-chocolat\/\",\"url\":\"https:\/\/swissbaker.ch\/fr\/panissimo-news\/neuchatel-temple-du-chocolat\/\",\"name\":\"Neuch\u00e2tel, temple du chocolat | SBC\",\"isPartOf\":{\"@id\":\"https:\/\/swissbaker.ch\/fr\/#website\"},\"primaryImageOfPage\":{\"@id\":\"https:\/\/swissbaker.ch\/fr\/panissimo-news\/neuchatel-temple-du-chocolat\/#primaryimage\"},\"image\":{\"@id\":\"https:\/\/swissbaker.ch\/fr\/panissimo-news\/neuchatel-temple-du-chocolat\/#primaryimage\"},\"thumbnailUrl\":\"https:\/\/swissbaker.ch\/wp-content\/uploads\/2022\/05\/chocolatissimo-1.jpeg\",\"datePublished\":\"2018-11-14T08:17:00+00:00\",\"dateModified\":\"2022-05-25T07:24:01+00:00\",\"breadcrumb\":{\"@id\":\"https:\/\/swissbaker.ch\/fr\/panissimo-news\/neuchatel-temple-du-chocolat\/#breadcrumb\"},\"inLanguage\":\"fr-FR\",\"potentialAction\":[{\"@type\":\"ReadAction\",\"target\":[\"https:\/\/swissbaker.ch\/fr\/panissimo-news\/neuchatel-temple-du-chocolat\/\"]}]},{\"@type\":\"ImageObject\",\"inLanguage\":\"fr-FR\",\"@id\":\"https:\/\/swissbaker.ch\/fr\/panissimo-news\/neuchatel-temple-du-chocolat\/#primaryimage\",\"url\":\"https:\/\/swissbaker.ch\/wp-content\/uploads\/2022\/05\/chocolatissimo-1.jpeg\",\"contentUrl\":\"https:\/\/swissbaker.ch\/wp-content\/uploads\/2022\/05\/chocolatissimo-1.jpeg\",\"width\":800,\"height\":474,\"caption\":\"Neuch\u00e2tel, temple du chocolat\"},{\"@type\":\"BreadcrumbList\",\"@id\":\"https:\/\/swissbaker.ch\/fr\/panissimo-news\/neuchatel-temple-du-chocolat\/#breadcrumb\",\"itemListElement\":[{\"@type\":\"ListItem\",\"position\":1,\"name\":\"\",\"item\":\"https:\/\/swissbaker.ch\/fr\/\"},{\"@type\":\"ListItem\",\"position\":2,\"name\":\"Ev\u00e9nement\",\"item\":\"https:\/\/swissbaker.ch\/fr\/panissimo-news\/category\/evenement\/\"},{\"@type\":\"ListItem\",\"position\":3,\"name\":\"Neuch\u00e2tel, temple du chocolat\"}]},{\"@type\":\"WebSite\",\"@id\":\"https:\/\/swissbaker.ch\/fr\/#website\",\"url\":\"https:\/\/swissbaker.ch\/fr\/\",\"name\":\"SBC\",\"description\":\"\",\"publisher\":{\"@id\":\"https:\/\/swissbaker.ch\/fr\/#organization\"},\"potentialAction\":[{\"@type\":\"SearchAction\",\"target\":{\"@type\":\"EntryPoint\",\"urlTemplate\":\"https:\/\/swissbaker.ch\/fr\/?s={search_term_string}\"},\"query-input\":{\"@type\":\"PropertyValueSpecification\",\"valueRequired\":true,\"valueName\":\"search_term_string\"}}],\"inLanguage\":\"fr-FR\"},{\"@type\":\"Organization\",\"@id\":\"https:\/\/swissbaker.ch\/fr\/#organization\",\"name\":\"Schweizerischer B\u00e4cker-Confiseurmeister-Verband\",\"url\":\"https:\/\/swissbaker.ch\/fr\/\",\"logo\":{\"@type\":\"ImageObject\",\"inLanguage\":\"fr-FR\",\"@id\":\"https:\/\/swissbaker.ch\/fr\/#\/schema\/logo\/image\/\",\"url\":\"https:\/\/swissbaker.ch\/wp-content\/uploads\/2022\/04\/sbc-logo-yoast.jpg\",\"contentUrl\":\"https:\/\/swissbaker.ch\/wp-content\/uploads\/2022\/04\/sbc-logo-yoast.jpg\",\"width\":512,\"height\":512,\"caption\":\"Schweizerischer B\u00e4cker-Confiseurmeister-Verband\"},\"image\":{\"@id\":\"https:\/\/swissbaker.ch\/fr\/#\/schema\/logo\/image\/\"},\"sameAs\":[\"https:\/\/www.facebook.com\/swissbaker.ch\",\"https:\/\/x.com\/ch_swissbaker\"]},{\"@type\":\"Person\",\"@id\":\"https:\/\/swissbaker.ch\/fr\/#\/schema\/person\/058ac47619f7da53df62aba60f939b78\",\"name\":\"azureart\",\"image\":{\"@type\":\"ImageObject\",\"inLanguage\":\"fr-FR\",\"@id\":\"https:\/\/swissbaker.ch\/fr\/#\/schema\/person\/image\/\",\"url\":\"https:\/\/secure.gravatar.com\/avatar\/be04dd3098fd612c83067af4f7a295384c93cb6a9112f51beb9d2f477d25da61?s=96&d=mm&r=g\",\"contentUrl\":\"https:\/\/secure.gravatar.com\/avatar\/be04dd3098fd612c83067af4f7a295384c93cb6a9112f51beb9d2f477d25da61?s=96&d=mm&r=g\",\"caption\":\"azureart\"},\"sameAs\":[\"https:\/\/swissbaker.ch\"],\"url\":\"https:\/\/swissbaker.ch\/fr\/panissimo-news\/author\/pixel-ahoi\/\"}]}<\/script>\n<!-- \/ Yoast SEO Premium plugin. -->","yoast_head_json":{"title":"Neuch\u00e2tel, temple du chocolat | SBC","robots":{"index":"index","follow":"follow","max-snippet":"max-snippet:-1","max-image-preview":"max-image-preview:large","max-video-preview":"max-video-preview:-1"},"canonical":"https:\/\/swissbaker.ch\/fr\/panissimo-news\/neuchatel-temple-du-chocolat\/","og_locale":"fr_FR","og_type":"article","og_title":"Neuch\u00e2tel, temple du chocolat","og_description":"Chocolatissimo s\u2019est achev\u00e9 le 10 novembre. En huit jours, la manifestation neuch\u00e2teloise a rassembl\u00e9 plus de 10000 visiteurs. Ils ont notamment d\u00e9couvert les pi\u00e8ces et les vitrines des apprentis de la boulangerie-p\u00e2tisserie-confiserie du canton. Spectacles, d\u00e9gustations, expositions autour du chocolat\u2026 Les visiteurs de la 5e \u00e9dition de Chocolatissimo ont eu l\u2019embarras du choix du 3 au 10 novembre \u00e0 Neuch\u00e2tel. [&hellip;]","og_url":"https:\/\/swissbaker.ch\/fr\/panissimo-news\/neuchatel-temple-du-chocolat\/","og_site_name":"SBC","article_publisher":"https:\/\/www.facebook.com\/swissbaker.ch","article_published_time":"2018-11-14T08:17:00+00:00","article_modified_time":"2022-05-25T07:24:01+00:00","og_image":[{"width":800,"height":474,"url":"https:\/\/swissbaker.ch\/wp-content\/uploads\/2022\/05\/chocolatissimo-1.jpeg","type":"image\/jpeg"}],"author":"azureart","twitter_card":"summary_large_image","twitter_creator":"@ch_swissbaker","twitter_site":"@ch_swissbaker","twitter_misc":{"Written by":"azureart","Est. reading time":"2 minutes"},"schema":{"@context":"https:\/\/schema.org","@graph":[{"@type":"Article","@id":"https:\/\/swissbaker.ch\/fr\/panissimo-news\/neuchatel-temple-du-chocolat\/#article","isPartOf":{"@id":"https:\/\/swissbaker.ch\/fr\/panissimo-news\/neuchatel-temple-du-chocolat\/"},"author":{"name":"azureart","@id":"https:\/\/swissbaker.ch\/fr\/#\/schema\/person\/058ac47619f7da53df62aba60f939b78"},"headline":"Neuch\u00e2tel, temple du chocolat","datePublished":"2018-11-14T08:17:00+00:00","dateModified":"2022-05-25T07:24:01+00:00","mainEntityOfPage":{"@id":"https:\/\/swissbaker.ch\/fr\/panissimo-news\/neuchatel-temple-du-chocolat\/"},"wordCount":370,"commentCount":0,"publisher":{"@id":"https:\/\/swissbaker.ch\/fr\/#organization"},"image":{"@id":"https:\/\/swissbaker.ch\/fr\/panissimo-news\/neuchatel-temple-du-chocolat\/#primaryimage"},"thumbnailUrl":"https:\/\/swissbaker.ch\/wp-content\/uploads\/2022\/05\/chocolatissimo-1.jpeg","articleSection":["Concours","Ev\u00e9nement"],"inLanguage":"fr-FR","potentialAction":[{"@type":"CommentAction","name":"Comment","target":["https:\/\/swissbaker.ch\/fr\/panissimo-news\/neuchatel-temple-du-chocolat\/#respond"]}]},{"@type":"WebPage","@id":"https:\/\/swissbaker.ch\/fr\/panissimo-news\/neuchatel-temple-du-chocolat\/","url":"https:\/\/swissbaker.ch\/fr\/panissimo-news\/neuchatel-temple-du-chocolat\/","name":"Neuch\u00e2tel, temple du chocolat | SBC","isPartOf":{"@id":"https:\/\/swissbaker.ch\/fr\/#website"},"primaryImageOfPage":{"@id":"https:\/\/swissbaker.ch\/fr\/panissimo-news\/neuchatel-temple-du-chocolat\/#primaryimage"},"image":{"@id":"https:\/\/swissbaker.ch\/fr\/panissimo-news\/neuchatel-temple-du-chocolat\/#primaryimage"},"thumbnailUrl":"https:\/\/swissbaker.ch\/wp-content\/uploads\/2022\/05\/chocolatissimo-1.jpeg","datePublished":"2018-11-14T08:17:00+00:00","dateModified":"2022-05-25T07:24:01+00:00","breadcrumb":{"@id":"https:\/\/swissbaker.ch\/fr\/panissimo-news\/neuchatel-temple-du-chocolat\/#breadcrumb"},"inLanguage":"fr-FR","potentialAction":[{"@type":"ReadAction","target":["https:\/\/swissbaker.ch\/fr\/panissimo-news\/neuchatel-temple-du-chocolat\/"]}]},{"@type":"ImageObject","inLanguage":"fr-FR","@id":"https:\/\/swissbaker.ch\/fr\/panissimo-news\/neuchatel-temple-du-chocolat\/#primaryimage","url":"https:\/\/swissbaker.ch\/wp-content\/uploads\/2022\/05\/chocolatissimo-1.jpeg","contentUrl":"https:\/\/swissbaker.ch\/wp-content\/uploads\/2022\/05\/chocolatissimo-1.jpeg","width":800,"height":474,"caption":"Neuch\u00e2tel, temple du chocolat"},{"@type":"BreadcrumbList","@id":"https:\/\/swissbaker.ch\/fr\/panissimo-news\/neuchatel-temple-du-chocolat\/#breadcrumb","itemListElement":[{"@type":"ListItem","position":1,"name":"","item":"https:\/\/swissbaker.ch\/fr\/"},{"@type":"ListItem","position":2,"name":"Ev\u00e9nement","item":"https:\/\/swissbaker.ch\/fr\/panissimo-news\/category\/evenement\/"},{"@type":"ListItem","position":3,"name":"Neuch\u00e2tel, temple du chocolat"}]},{"@type":"WebSite","@id":"https:\/\/swissbaker.ch\/fr\/#website","url":"https:\/\/swissbaker.ch\/fr\/","name":"SBC","description":"","publisher":{"@id":"https:\/\/swissbaker.ch\/fr\/#organization"},"potentialAction":[{"@type":"SearchAction","target":{"@type":"EntryPoint","urlTemplate":"https:\/\/swissbaker.ch\/fr\/?s={search_term_string}"},"query-input":{"@type":"PropertyValueSpecification","valueRequired":true,"valueName":"search_term_string"}}],"inLanguage":"fr-FR"},{"@type":"Organization","@id":"https:\/\/swissbaker.ch\/fr\/#organization","name":"Schweizerischer B\u00e4cker-Confiseurmeister-Verband","url":"https:\/\/swissbaker.ch\/fr\/","logo":{"@type":"ImageObject","inLanguage":"fr-FR","@id":"https:\/\/swissbaker.ch\/fr\/#\/schema\/logo\/image\/","url":"https:\/\/swissbaker.ch\/wp-content\/uploads\/2022\/04\/sbc-logo-yoast.jpg","contentUrl":"https:\/\/swissbaker.ch\/wp-content\/uploads\/2022\/04\/sbc-logo-yoast.jpg","width":512,"height":512,"caption":"Schweizerischer B\u00e4cker-Confiseurmeister-Verband"},"image":{"@id":"https:\/\/swissbaker.ch\/fr\/#\/schema\/logo\/image\/"},"sameAs":["https:\/\/www.facebook.com\/swissbaker.ch","https:\/\/x.com\/ch_swissbaker"]},{"@type":"Person","@id":"https:\/\/swissbaker.ch\/fr\/#\/schema\/person\/058ac47619f7da53df62aba60f939b78","name":"azureart","image":{"@type":"ImageObject","inLanguage":"fr-FR","@id":"https:\/\/swissbaker.ch\/fr\/#\/schema\/person\/image\/","url":"https:\/\/secure.gravatar.com\/avatar\/be04dd3098fd612c83067af4f7a295384c93cb6a9112f51beb9d2f477d25da61?s=96&d=mm&r=g","contentUrl":"https:\/\/secure.gravatar.com\/avatar\/be04dd3098fd612c83067af4f7a295384c93cb6a9112f51beb9d2f477d25da61?s=96&d=mm&r=g","caption":"azureart"},"sameAs":["https:\/\/swissbaker.ch"],"url":"https:\/\/swissbaker.ch\/fr\/panissimo-news\/author\/pixel-ahoi\/"}]}},"_links":{"self":[{"href":"https:\/\/swissbaker.ch\/fr\/wp-json\/wp\/v2\/posts\/10882","targetHints":{"allow":["GET"]}}],"collection":[{"href":"https:\/\/swissbaker.ch\/fr\/wp-json\/wp\/v2\/posts"}],"about":[{"href":"https:\/\/swissbaker.ch\/fr\/wp-json\/wp\/v2\/types\/post"}],"author":[{"embeddable":true,"href":"https:\/\/swissbaker.ch\/fr\/wp-json\/wp\/v2\/users\/1"}],"replies":[{"embeddable":true,"href":"https:\/\/swissbaker.ch\/fr\/wp-json\/wp\/v2\/comments?post=10882"}],"version-history":[{"count":0,"href":"https:\/\/swissbaker.ch\/fr\/wp-json\/wp\/v2\/posts\/10882\/revisions"}],"wp:featuredmedia":[{"embeddable":true,"href":"https:\/\/swissbaker.ch\/fr\/wp-json\/wp\/v2\/media\/10883"}],"wp:attachment":[{"href":"https:\/\/swissbaker.ch\/fr\/wp-json\/wp\/v2\/media?parent=10882"}],"wp:term":[{"taxonomy":"category","embeddable":true,"href":"https:\/\/swissbaker.ch\/fr\/wp-json\/wp\/v2\/categories?post=10882"},{"taxonomy":"post_tag","embeddable":true,"href":"https:\/\/swissbaker.ch\/fr\/wp-json\/wp\/v2\/tags?post=10882"}],"curies":[{"name":"wp","href":"https:\/\/api.w.org\/{rel}","templated":true}]}}