{"id":10843,"date":"2018-12-05T08:44:00","date_gmt":"2018-12-05T07:44:00","guid":{"rendered":"https:\/\/swissbaker.ch\/?p=10843"},"modified":"2022-05-25T08:51:11","modified_gmt":"2022-05-25T06:51:11","slug":"girl-power","status":"publish","type":"post","link":"https:\/\/swissbaker.ch\/fr\/panissimo-news\/girl-power\/","title":{"rendered":"Girl power"},"content":{"rendered":"\n<p><strong>Nicole Marmet a remport\u00e9 la 5e \u00e9dition du Championnat des apprentis en boulangerie, p\u00e2tisserie et confiserie, au Salon des m\u00e9tiers et de la formation \u00e0 Lausanne. Une finale 100\u202f% f\u00e9minine.<\/strong><\/p>\n\n\n\n<p>La finale du Championnat des apprentis vaudois a rendu son verdict, le 2 d\u00e9cembre \u00e0 Lausanne : Nicole Marmet termine \u00e0 la 1\u00e8re place, devant Laurie Baselgia et M\u00e9lanie Philipona.<br>Le dernier des trois actes s\u2019est tenu dans le cadre du Salon des m\u00e9tiers et de la formation. Cinq jeunes femmes \u00e9taient en comp\u00e9tition. Du 27 novembre au 1er d\u00e9cembre, elles ont \u00e9volu\u00e9 durant un jour, chacune leur tour. Elles ont eu sept heures en public pour r\u00e9aliser une pr\u00e9sentation d\u2019un buffet compos\u00e9 de trois produits : une tarte aux pommes, un Saint-honor\u00e9s et des viennoiseries fourr\u00e9es identiques.<\/p>\n\n\n\n<h2 class=\"wp-block-heading\" id=\"h-deroulement-et-produits-passes-au-crible\">D\u00e9roulement et produits pass\u00e9s au crible<\/h2>\n\n\n\n<p>Au pr\u00e9alable, les candidates ont remis un cahier de recettes \u00e0 l\u2019expert \u00ab d\u00e9roulement \u00bb. Ce dernier a not\u00e9 l\u2019ex\u00e9cution des apprenties en fonction des crit\u00e8res suivants : hygi\u00e8ne et assurance qualit\u00e9, technique de travail et dext\u00e9rit\u00e9, respect du programme de production.<br>Les appr\u00e9ciations de trois autres professionnels ont compl\u00e9t\u00e9 son \u00e9valuation. Ils ont observ\u00e9 la pr\u00e9sentation des produits, leur visuel, leurs formes et leurs aspects, la qualit\u00e9 d\u2019ex\u00e9cution et la composition, la texture et les qualit\u00e9s gustatives.<\/p>\n\n\n\n<h2 class=\"wp-block-heading\" id=\"h-classement\">Classement<\/h2>\n\n\n\n<ul class=\"wp-block-list\"><li>1\u00e8re Nicole Marmet (3BP, Eric Vuissoz, Ste-Croix)<\/li><li>2e Laurie Baselgia (3BP, Ackermann, Grandson)<\/li><li>3e M\u00e9lanie Philipona (3PC, Fornerod, Morges)<\/li><li>4e Nina Julie Mettraux (3BP, Charlet-An\u00e7ay, Gryon)<\/li><li>4e Emilie Sottas (3PC Gilles, Ch\u00e2tel-St-Denis)<\/li><\/ul>\n","protected":false},"excerpt":{"rendered":"<p>Nicole Marmet a remport\u00e9 la 5e \u00e9dition du Championnat des apprentis en boulangerie, p\u00e2tisserie et confiserie, au Salon des m\u00e9tiers et de la formation \u00e0 Lausanne. Une finale 100\u202f% f\u00e9minine. La finale du Championnat des apprentis vaudois a rendu son verdict, le 2 d\u00e9cembre \u00e0 Lausanne : Nicole Marmet termine \u00e0 la 1\u00e8re place, devant Laurie Baselgia et M\u00e9lanie Philipona.Le [&hellip;]<\/p>\n","protected":false},"author":1,"featured_media":10844,"comment_status":"open","ping_status":"closed","sticky":false,"template":"","format":"standard","meta":{"_acf_changed":false,"footnotes":""},"categories":[25],"tags":[],"class_list":["post-10843","post","type-post","status-publish","format-standard","has-post-thumbnail","hentry","category-non-classifiee"],"acf":[],"yoast_head":"<!-- This site is optimized with the Yoast SEO Premium plugin v26.8 (Yoast SEO v26.8) - https:\/\/yoast.com\/product\/yoast-seo-premium-wordpress\/ -->\n<title>Girl power | SBC<\/title>\n<meta name=\"robots\" content=\"index, follow, max-snippet:-1, max-image-preview:large, max-video-preview:-1\" \/>\n<link rel=\"canonical\" href=\"https:\/\/swissbaker.ch\/fr\/panissimo-news\/girl-power\/\" \/>\n<meta property=\"og:locale\" content=\"fr_FR\" \/>\n<meta property=\"og:type\" content=\"article\" \/>\n<meta property=\"og:title\" content=\"Girl power\" \/>\n<meta property=\"og:description\" content=\"Nicole Marmet a remport\u00e9 la 5e \u00e9dition du Championnat des apprentis en boulangerie, p\u00e2tisserie et confiserie, au Salon des m\u00e9tiers et de la formation \u00e0 Lausanne. Une finale 100\u202f% f\u00e9minine. La finale du Championnat des apprentis vaudois a rendu son verdict, le 2 d\u00e9cembre \u00e0 Lausanne : Nicole Marmet termine \u00e0 la 1\u00e8re place, devant Laurie Baselgia et M\u00e9lanie Philipona.Le [&hellip;]\" \/>\n<meta property=\"og:url\" content=\"https:\/\/swissbaker.ch\/fr\/panissimo-news\/girl-power\/\" \/>\n<meta property=\"og:site_name\" content=\"SBC\" \/>\n<meta property=\"article:publisher\" content=\"https:\/\/www.facebook.com\/swissbaker.ch\" \/>\n<meta property=\"article:published_time\" content=\"2018-12-05T07:44:00+00:00\" \/>\n<meta property=\"article:modified_time\" content=\"2022-05-25T06:51:11+00:00\" \/>\n<meta property=\"og:image\" content=\"https:\/\/swissbaker.ch\/wp-content\/uploads\/2022\/05\/nl-24.1-lausanne.jpg\" \/>\n\t<meta property=\"og:image:width\" content=\"800\" \/>\n\t<meta property=\"og:image:height\" content=\"474\" \/>\n\t<meta property=\"og:image:type\" content=\"image\/jpeg\" \/>\n<meta name=\"author\" content=\"azureart\" \/>\n<meta name=\"twitter:card\" content=\"summary_large_image\" \/>\n<meta name=\"twitter:creator\" content=\"@ch_swissbaker\" \/>\n<meta name=\"twitter:site\" content=\"@ch_swissbaker\" \/>\n<meta name=\"twitter:label1\" content=\"Written by\" \/>\n\t<meta name=\"twitter:data1\" content=\"azureart\" \/>\n\t<meta name=\"twitter:label2\" content=\"Est. reading time\" \/>\n\t<meta name=\"twitter:data2\" content=\"2 minutes\" \/>\n<script type=\"application\/ld+json\" class=\"yoast-schema-graph\">{\"@context\":\"https:\/\/schema.org\",\"@graph\":[{\"@type\":\"Article\",\"@id\":\"https:\/\/swissbaker.ch\/fr\/panissimo-news\/girl-power\/#article\",\"isPartOf\":{\"@id\":\"https:\/\/swissbaker.ch\/fr\/panissimo-news\/girl-power\/\"},\"author\":{\"name\":\"azureart\",\"@id\":\"https:\/\/swissbaker.ch\/fr\/#\/schema\/person\/058ac47619f7da53df62aba60f939b78\"},\"headline\":\"Girl power\",\"datePublished\":\"2018-12-05T07:44:00+00:00\",\"dateModified\":\"2022-05-25T06:51:11+00:00\",\"mainEntityOfPage\":{\"@id\":\"https:\/\/swissbaker.ch\/fr\/panissimo-news\/girl-power\/\"},\"wordCount\":268,\"commentCount\":0,\"publisher\":{\"@id\":\"https:\/\/swissbaker.ch\/fr\/#organization\"},\"image\":{\"@id\":\"https:\/\/swissbaker.ch\/fr\/panissimo-news\/girl-power\/#primaryimage\"},\"thumbnailUrl\":\"https:\/\/swissbaker.ch\/wp-content\/uploads\/2022\/05\/nl-24.1-lausanne.jpg\",\"articleSection\":[\"Non classifi\u00e9(e)\"],\"inLanguage\":\"fr-FR\",\"potentialAction\":[{\"@type\":\"CommentAction\",\"name\":\"Comment\",\"target\":[\"https:\/\/swissbaker.ch\/fr\/panissimo-news\/girl-power\/#respond\"]}]},{\"@type\":\"WebPage\",\"@id\":\"https:\/\/swissbaker.ch\/fr\/panissimo-news\/girl-power\/\",\"url\":\"https:\/\/swissbaker.ch\/fr\/panissimo-news\/girl-power\/\",\"name\":\"Girl power | SBC\",\"isPartOf\":{\"@id\":\"https:\/\/swissbaker.ch\/fr\/#website\"},\"primaryImageOfPage\":{\"@id\":\"https:\/\/swissbaker.ch\/fr\/panissimo-news\/girl-power\/#primaryimage\"},\"image\":{\"@id\":\"https:\/\/swissbaker.ch\/fr\/panissimo-news\/girl-power\/#primaryimage\"},\"thumbnailUrl\":\"https:\/\/swissbaker.ch\/wp-content\/uploads\/2022\/05\/nl-24.1-lausanne.jpg\",\"datePublished\":\"2018-12-05T07:44:00+00:00\",\"dateModified\":\"2022-05-25T06:51:11+00:00\",\"breadcrumb\":{\"@id\":\"https:\/\/swissbaker.ch\/fr\/panissimo-news\/girl-power\/#breadcrumb\"},\"inLanguage\":\"fr-FR\",\"potentialAction\":[{\"@type\":\"ReadAction\",\"target\":[\"https:\/\/swissbaker.ch\/fr\/panissimo-news\/girl-power\/\"]}]},{\"@type\":\"ImageObject\",\"inLanguage\":\"fr-FR\",\"@id\":\"https:\/\/swissbaker.ch\/fr\/panissimo-news\/girl-power\/#primaryimage\",\"url\":\"https:\/\/swissbaker.ch\/wp-content\/uploads\/2022\/05\/nl-24.1-lausanne.jpg\",\"contentUrl\":\"https:\/\/swissbaker.ch\/wp-content\/uploads\/2022\/05\/nl-24.1-lausanne.jpg\",\"width\":800,\"height\":474,\"caption\":\"Girl power\"},{\"@type\":\"BreadcrumbList\",\"@id\":\"https:\/\/swissbaker.ch\/fr\/panissimo-news\/girl-power\/#breadcrumb\",\"itemListElement\":[{\"@type\":\"ListItem\",\"position\":1,\"name\":\"\",\"item\":\"https:\/\/swissbaker.ch\/fr\/\"},{\"@type\":\"ListItem\",\"position\":2,\"name\":\"Non classifi\u00e9(e)\",\"item\":\"https:\/\/swissbaker.ch\/fr\/panissimo-news\/category\/non-classifiee\/\"},{\"@type\":\"ListItem\",\"position\":3,\"name\":\"Girl power\"}]},{\"@type\":\"WebSite\",\"@id\":\"https:\/\/swissbaker.ch\/fr\/#website\",\"url\":\"https:\/\/swissbaker.ch\/fr\/\",\"name\":\"SBC\",\"description\":\"\",\"publisher\":{\"@id\":\"https:\/\/swissbaker.ch\/fr\/#organization\"},\"potentialAction\":[{\"@type\":\"SearchAction\",\"target\":{\"@type\":\"EntryPoint\",\"urlTemplate\":\"https:\/\/swissbaker.ch\/fr\/?s={search_term_string}\"},\"query-input\":{\"@type\":\"PropertyValueSpecification\",\"valueRequired\":true,\"valueName\":\"search_term_string\"}}],\"inLanguage\":\"fr-FR\"},{\"@type\":\"Organization\",\"@id\":\"https:\/\/swissbaker.ch\/fr\/#organization\",\"name\":\"Schweizerischer B\u00e4cker-Confiseurmeister-Verband\",\"url\":\"https:\/\/swissbaker.ch\/fr\/\",\"logo\":{\"@type\":\"ImageObject\",\"inLanguage\":\"fr-FR\",\"@id\":\"https:\/\/swissbaker.ch\/fr\/#\/schema\/logo\/image\/\",\"url\":\"https:\/\/swissbaker.ch\/wp-content\/uploads\/2022\/04\/sbc-logo-yoast.jpg\",\"contentUrl\":\"https:\/\/swissbaker.ch\/wp-content\/uploads\/2022\/04\/sbc-logo-yoast.jpg\",\"width\":512,\"height\":512,\"caption\":\"Schweizerischer B\u00e4cker-Confiseurmeister-Verband\"},\"image\":{\"@id\":\"https:\/\/swissbaker.ch\/fr\/#\/schema\/logo\/image\/\"},\"sameAs\":[\"https:\/\/www.facebook.com\/swissbaker.ch\",\"https:\/\/x.com\/ch_swissbaker\"]},{\"@type\":\"Person\",\"@id\":\"https:\/\/swissbaker.ch\/fr\/#\/schema\/person\/058ac47619f7da53df62aba60f939b78\",\"name\":\"azureart\",\"image\":{\"@type\":\"ImageObject\",\"inLanguage\":\"fr-FR\",\"@id\":\"https:\/\/swissbaker.ch\/fr\/#\/schema\/person\/image\/\",\"url\":\"https:\/\/secure.gravatar.com\/avatar\/be04dd3098fd612c83067af4f7a295384c93cb6a9112f51beb9d2f477d25da61?s=96&d=mm&r=g\",\"contentUrl\":\"https:\/\/secure.gravatar.com\/avatar\/be04dd3098fd612c83067af4f7a295384c93cb6a9112f51beb9d2f477d25da61?s=96&d=mm&r=g\",\"caption\":\"azureart\"},\"sameAs\":[\"https:\/\/swissbaker.ch\"],\"url\":\"https:\/\/swissbaker.ch\/fr\/panissimo-news\/author\/pixel-ahoi\/\"}]}<\/script>\n<!-- \/ Yoast SEO Premium plugin. -->","yoast_head_json":{"title":"Girl power | SBC","robots":{"index":"index","follow":"follow","max-snippet":"max-snippet:-1","max-image-preview":"max-image-preview:large","max-video-preview":"max-video-preview:-1"},"canonical":"https:\/\/swissbaker.ch\/fr\/panissimo-news\/girl-power\/","og_locale":"fr_FR","og_type":"article","og_title":"Girl power","og_description":"Nicole Marmet a remport\u00e9 la 5e \u00e9dition du Championnat des apprentis en boulangerie, p\u00e2tisserie et confiserie, au Salon des m\u00e9tiers et de la formation \u00e0 Lausanne. Une finale 100\u202f% f\u00e9minine. La finale du Championnat des apprentis vaudois a rendu son verdict, le 2 d\u00e9cembre \u00e0 Lausanne : Nicole Marmet termine \u00e0 la 1\u00e8re place, devant Laurie Baselgia et M\u00e9lanie Philipona.Le [&hellip;]","og_url":"https:\/\/swissbaker.ch\/fr\/panissimo-news\/girl-power\/","og_site_name":"SBC","article_publisher":"https:\/\/www.facebook.com\/swissbaker.ch","article_published_time":"2018-12-05T07:44:00+00:00","article_modified_time":"2022-05-25T06:51:11+00:00","og_image":[{"width":800,"height":474,"url":"https:\/\/swissbaker.ch\/wp-content\/uploads\/2022\/05\/nl-24.1-lausanne.jpg","type":"image\/jpeg"}],"author":"azureart","twitter_card":"summary_large_image","twitter_creator":"@ch_swissbaker","twitter_site":"@ch_swissbaker","twitter_misc":{"Written by":"azureart","Est. reading time":"2 minutes"},"schema":{"@context":"https:\/\/schema.org","@graph":[{"@type":"Article","@id":"https:\/\/swissbaker.ch\/fr\/panissimo-news\/girl-power\/#article","isPartOf":{"@id":"https:\/\/swissbaker.ch\/fr\/panissimo-news\/girl-power\/"},"author":{"name":"azureart","@id":"https:\/\/swissbaker.ch\/fr\/#\/schema\/person\/058ac47619f7da53df62aba60f939b78"},"headline":"Girl power","datePublished":"2018-12-05T07:44:00+00:00","dateModified":"2022-05-25T06:51:11+00:00","mainEntityOfPage":{"@id":"https:\/\/swissbaker.ch\/fr\/panissimo-news\/girl-power\/"},"wordCount":268,"commentCount":0,"publisher":{"@id":"https:\/\/swissbaker.ch\/fr\/#organization"},"image":{"@id":"https:\/\/swissbaker.ch\/fr\/panissimo-news\/girl-power\/#primaryimage"},"thumbnailUrl":"https:\/\/swissbaker.ch\/wp-content\/uploads\/2022\/05\/nl-24.1-lausanne.jpg","articleSection":["Non classifi\u00e9(e)"],"inLanguage":"fr-FR","potentialAction":[{"@type":"CommentAction","name":"Comment","target":["https:\/\/swissbaker.ch\/fr\/panissimo-news\/girl-power\/#respond"]}]},{"@type":"WebPage","@id":"https:\/\/swissbaker.ch\/fr\/panissimo-news\/girl-power\/","url":"https:\/\/swissbaker.ch\/fr\/panissimo-news\/girl-power\/","name":"Girl power | SBC","isPartOf":{"@id":"https:\/\/swissbaker.ch\/fr\/#website"},"primaryImageOfPage":{"@id":"https:\/\/swissbaker.ch\/fr\/panissimo-news\/girl-power\/#primaryimage"},"image":{"@id":"https:\/\/swissbaker.ch\/fr\/panissimo-news\/girl-power\/#primaryimage"},"thumbnailUrl":"https:\/\/swissbaker.ch\/wp-content\/uploads\/2022\/05\/nl-24.1-lausanne.jpg","datePublished":"2018-12-05T07:44:00+00:00","dateModified":"2022-05-25T06:51:11+00:00","breadcrumb":{"@id":"https:\/\/swissbaker.ch\/fr\/panissimo-news\/girl-power\/#breadcrumb"},"inLanguage":"fr-FR","potentialAction":[{"@type":"ReadAction","target":["https:\/\/swissbaker.ch\/fr\/panissimo-news\/girl-power\/"]}]},{"@type":"ImageObject","inLanguage":"fr-FR","@id":"https:\/\/swissbaker.ch\/fr\/panissimo-news\/girl-power\/#primaryimage","url":"https:\/\/swissbaker.ch\/wp-content\/uploads\/2022\/05\/nl-24.1-lausanne.jpg","contentUrl":"https:\/\/swissbaker.ch\/wp-content\/uploads\/2022\/05\/nl-24.1-lausanne.jpg","width":800,"height":474,"caption":"Girl power"},{"@type":"BreadcrumbList","@id":"https:\/\/swissbaker.ch\/fr\/panissimo-news\/girl-power\/#breadcrumb","itemListElement":[{"@type":"ListItem","position":1,"name":"","item":"https:\/\/swissbaker.ch\/fr\/"},{"@type":"ListItem","position":2,"name":"Non classifi\u00e9(e)","item":"https:\/\/swissbaker.ch\/fr\/panissimo-news\/category\/non-classifiee\/"},{"@type":"ListItem","position":3,"name":"Girl power"}]},{"@type":"WebSite","@id":"https:\/\/swissbaker.ch\/fr\/#website","url":"https:\/\/swissbaker.ch\/fr\/","name":"SBC","description":"","publisher":{"@id":"https:\/\/swissbaker.ch\/fr\/#organization"},"potentialAction":[{"@type":"SearchAction","target":{"@type":"EntryPoint","urlTemplate":"https:\/\/swissbaker.ch\/fr\/?s={search_term_string}"},"query-input":{"@type":"PropertyValueSpecification","valueRequired":true,"valueName":"search_term_string"}}],"inLanguage":"fr-FR"},{"@type":"Organization","@id":"https:\/\/swissbaker.ch\/fr\/#organization","name":"Schweizerischer B\u00e4cker-Confiseurmeister-Verband","url":"https:\/\/swissbaker.ch\/fr\/","logo":{"@type":"ImageObject","inLanguage":"fr-FR","@id":"https:\/\/swissbaker.ch\/fr\/#\/schema\/logo\/image\/","url":"https:\/\/swissbaker.ch\/wp-content\/uploads\/2022\/04\/sbc-logo-yoast.jpg","contentUrl":"https:\/\/swissbaker.ch\/wp-content\/uploads\/2022\/04\/sbc-logo-yoast.jpg","width":512,"height":512,"caption":"Schweizerischer B\u00e4cker-Confiseurmeister-Verband"},"image":{"@id":"https:\/\/swissbaker.ch\/fr\/#\/schema\/logo\/image\/"},"sameAs":["https:\/\/www.facebook.com\/swissbaker.ch","https:\/\/x.com\/ch_swissbaker"]},{"@type":"Person","@id":"https:\/\/swissbaker.ch\/fr\/#\/schema\/person\/058ac47619f7da53df62aba60f939b78","name":"azureart","image":{"@type":"ImageObject","inLanguage":"fr-FR","@id":"https:\/\/swissbaker.ch\/fr\/#\/schema\/person\/image\/","url":"https:\/\/secure.gravatar.com\/avatar\/be04dd3098fd612c83067af4f7a295384c93cb6a9112f51beb9d2f477d25da61?s=96&d=mm&r=g","contentUrl":"https:\/\/secure.gravatar.com\/avatar\/be04dd3098fd612c83067af4f7a295384c93cb6a9112f51beb9d2f477d25da61?s=96&d=mm&r=g","caption":"azureart"},"sameAs":["https:\/\/swissbaker.ch"],"url":"https:\/\/swissbaker.ch\/fr\/panissimo-news\/author\/pixel-ahoi\/"}]}},"_links":{"self":[{"href":"https:\/\/swissbaker.ch\/fr\/wp-json\/wp\/v2\/posts\/10843","targetHints":{"allow":["GET"]}}],"collection":[{"href":"https:\/\/swissbaker.ch\/fr\/wp-json\/wp\/v2\/posts"}],"about":[{"href":"https:\/\/swissbaker.ch\/fr\/wp-json\/wp\/v2\/types\/post"}],"author":[{"embeddable":true,"href":"https:\/\/swissbaker.ch\/fr\/wp-json\/wp\/v2\/users\/1"}],"replies":[{"embeddable":true,"href":"https:\/\/swissbaker.ch\/fr\/wp-json\/wp\/v2\/comments?post=10843"}],"version-history":[{"count":0,"href":"https:\/\/swissbaker.ch\/fr\/wp-json\/wp\/v2\/posts\/10843\/revisions"}],"wp:featuredmedia":[{"embeddable":true,"href":"https:\/\/swissbaker.ch\/fr\/wp-json\/wp\/v2\/media\/10844"}],"wp:attachment":[{"href":"https:\/\/swissbaker.ch\/fr\/wp-json\/wp\/v2\/media?parent=10843"}],"wp:term":[{"taxonomy":"category","embeddable":true,"href":"https:\/\/swissbaker.ch\/fr\/wp-json\/wp\/v2\/categories?post=10843"},{"taxonomy":"post_tag","embeddable":true,"href":"https:\/\/swissbaker.ch\/fr\/wp-json\/wp\/v2\/tags?post=10843"}],"curies":[{"name":"wp","href":"https:\/\/api.w.org\/{rel}","templated":true}]}}