{"id":10731,"date":"2019-03-08T08:23:00","date_gmt":"2019-03-08T07:23:00","guid":{"rendered":"https:\/\/swissbaker.ch\/?p=10731"},"modified":"2022-05-24T15:41:13","modified_gmt":"2022-05-24T13:41:13","slug":"un-oui-fondamental-et-des-questions","status":"publish","type":"post","link":"https:\/\/swissbaker.ch\/fr\/panissimo-news\/un-oui-fondamental-et-des-questions\/","title":{"rendered":"Un oui fondamental et des questions"},"content":{"rendered":"\n<p><strong>A condition que le comit\u00e9 central (CC) donne son feu vert lors de sa r\u00e9union du 2\u202fmai, le processus \u00ab\u2009Reload\u2009\u00bb sera pr\u00e9sent\u00e9 dans le cadre du congr\u00e8s de l\u2019ann\u00e9e 2019. Les d\u00e9l\u00e9gu\u00e9s du CC en ont d\u00e9cid\u00e9 ainsi \u00e0 travers un vote consultatif.<\/strong><\/p>\n\n\n\n<p>A une \u00e9poque o\u00f9 le march\u00e9 sur lequel nous \u00e9voluons, extr\u00eamement concurrentiel, se transforme rapidement, la structure de l\u2019association appara\u00eet trop lourde. L\u2019objectif du projet de r\u00e9organisation \u00ab Reload \u00bb est de lui redonner de l\u2019agilit\u00e9, afin de pr\u00e9parer au mieux notre association, et avec elle l\u2019ensemble de notre fili\u00e8re, pour l\u2019avenir.<\/p>\n\n\n\n<h2 class=\"wp-block-heading\" id=\"h-regrouper-les-ressources\">Regrouper les ressources<\/h2>\n\n\n\n<p>Quatre organes strat\u00e9giques forment la structure de notre association : le CC, la direction, ainsi que le conseil de fondation (CF) et le conseil d\u2019administration (CA) de l\u2019Ecole professionnelle Richemont. Il nous faut rassembler ces ressources. L\u2019organisation actuelle s\u2019appuie sur 2000 membres avec exploitation. Ils sont aujourd\u2019hui un peu plus de 1400, \u00e0 moyen terme, on compte sur 1000 environ.<\/p>\n\n\n\n<h2 class=\"wp-block-heading\" id=\"h-pas-de-fusion-entre-les-cantonales\">\u00ab Pas de fusion entre les cantonales \u00bb<\/h2>\n\n\n\n<p>Le processus pr\u00e9voit le regroupement des quatre organes strat\u00e9giques dans un seul comit\u00e9, \u00e0 la fois puissant et flexible. Ce nouveau CA comptera entre 9 et 15 personnes maximum, et se composera de membres aux fonctions d\u00e9finies (finances, formation, commerce de d\u00e9tail\u2026 mais aussi de repr\u00e9sentants des r\u00e9gions Romandie, Berne-Soleure, B\u00e2le-Argovie, Suisse centrale, Zurich-Schaffhouse, Suisse orientale et, \u00e9ventuellement, Tessin. \u00ab Reload \u00bb ne doit pas pour autant signifier la disparition des cantons, comme l\u2019a affirm\u00e9 Silvan Hotz, pr\u00e9sident de la BCS : \u00ab Il ne s\u2019agit pas de fusionner les associations cantonales \u00bb, malgr\u00e9 la pr\u00e9sence de repr\u00e9sentants de niveau r\u00e9gional au sein du futur CA. La seule diff\u00e9rence, c\u2019est qu\u2019on ne parlera plus de cantons seuls, mais de grandes r\u00e9gions. Des r\u00e9gions au sein desquelles les cantons pourront et devront d\u00e9lib\u00e9rer entre eux.<\/p>\n\n\n\n<h2 class=\"wp-block-heading\" id=\"h-climat-globalement-consensuel\">Climat globalement consensuel<\/h2>\n\n\n\n<p>Comme Silvan Hotz l\u2019a affirm\u00e9 en introduction, le projet de regroupement du CC, de la direction et du CA b\u00e9n\u00e9ficie d\u2019un climat consensuel dans l\u2019ensemble. La principale difficult\u00e9 mise en avant par les pr\u00e9sidents cantonaux r\u00e9side dans la communication future. La direction de l\u2019association comme les repr\u00e9sentations de chacune des r\u00e9gions devront porter une attention sp\u00e9ciale \u00e0 ce domaine. \u00ab Le nouveau CA sera tr\u00e8s sollicit\u00e9 \u00bb, selon Silvan Hotz.<\/p>\n\n\n\n<h2 class=\"wp-block-heading\" id=\"h-des-discussions-engagees\">Des discussions engag\u00e9es<\/h2>\n\n\n\n<p>Les discussions qui ont suivi la pr\u00e9sentation \u00e9taient tr\u00e8s engag\u00e9es, avec de nombreuses questions : \u00ab Qui pour choisir les repr\u00e9sentants r\u00e9gionaux ? \u00bb \u00ab Qui pour d\u00e9cider de l\u2019indemnisation des membres du CA ? \u00bb \u00ab Quid des r\u00e8gles de confidentialit\u00e9 ? \u00bb Et m\u00eame : \u00ab Faut-il repousser la pr\u00e9sentation du processus \u2039 Reload \u203a, donc la d\u00e9cision du congr\u00e8s, d\u2019un an ? \u00bb<\/p>\n\n\n\n<h2 class=\"wp-block-heading\" id=\"h-ralentir\">Ralentir ?<\/h2>\n\n\n\n<p>Certains intervenants ont soulign\u00e9 l\u2019importance de disposer d\u2019au moins un repr\u00e9sentant du commerce de d\u00e9tail au sein du CA. Andr\u00e9 M\u00fcller (SH), membre actuel de l\u2019organisation transitoire, a expliqu\u00e9 que l\u2019objectif \u00e9tait de former une structure fa\u00eeti\u00e8re pour la suite. Les travaux auront lieu au sein des commissions. Les repr\u00e9sentants de la Suisse centrale ont fait part de leur crainte de voir leur influence r\u00e9duite. Il s\u2019agit, selon Adrian Knobel (SZ), d\u2019emp\u00eacher que \u00ab les cantons se retrouvent mis devant les faits accomplis \u00bb. Franz Willi (LU) de son c\u00f4t\u00e9 a exprim\u00e9 ses craintes de voir les valeurs d\u00e9mocratiques du CC dispara\u00eetre avec lui. Hans Jenny (GL) a plaid\u00e9 pour un ralentissement du processus \u00ab Reload \u00bb et un report d\u2019au moins un an. Un avis partag\u00e9 par Nicolas Perriard (NE), qui a averti des risques de \u00ab d\u00e9raillement \u00bb.<\/p>\n\n\n\n<h2 class=\"wp-block-heading\" id=\"h-une-structure-plus-directe-et-moderne\">Une structure plus directe et moderne<\/h2>\n\n\n\n<p>Le ton \u00e9tait tout autre du c\u00f4t\u00e9 de la Suisse orientale. Le canton de Saint-Gall soutient le projet \u00ab Reload \u00bb sans r\u00e9serve, en la personne de Roland R\u00e4ber (SG). Avec l\u2019association des boulangers-confiseurs de Suisse Orientale, la r\u00e9gion dispose d\u2019une structure forte, selon Arnold Koller (AR). Il est important que les missions soient trait\u00e9es de fa\u00e7on structur\u00e9e. Denise Jaeggi lui a donn\u00e9 raison : \u00ab \u00c7a marche dans la r\u00e9gion de Berne-Soleure, m\u00eame au niveau de la communication. \u00bb<br>Selon Martin Schnyder, responsable financier, il ne faut plus attendre : \u00ab L\u2019association doit passer \u00e0 l\u2019action ! \u00bb Jean-Fran\u00e7ois Leuenberger (JU), membre de l\u2019organisation transitoire, a rappel\u00e9 que des discussions similaires avaient d\u00e9j\u00e0 eu lieu par le pass\u00e9, lors des pr\u00e9c\u00e9dentes r\u00e9organisations. \u00ab Il n\u2019est jamais agr\u00e9able de changer ses habitudes. \u00bb Mais l\u2019association doit \u00e9voluer pour devenir plus directe et plus moderne. Apr\u00e8s le projet \u00ab Reload \u00bb, il restera possible d\u2019agir aux niveaux r\u00e9gional et cantonal. Alors oui : on pourrait repousser \u00e9ternellement le projet, il y aura toujours quelqu\u2019un qui souhaitera modifier une virgule. Jean-Fran\u00e7ois Leuenberger a appel\u00e9 les membres \u00e0 faire preuve de courage. \u00ab Nous commettrons forc\u00e9ment des erreurs. Il s\u2019agit de savoir si nous choisirons de les commettre aujourd\u2019hui, ou dans un an \u00bb, a-t-il fait valoir. Peter Lyner (ZH) s\u2019est montr\u00e9 convaincu par le potentiel de \u00ab Reload \u00bb.<\/p>\n\n\n\n<h2 class=\"wp-block-heading\" id=\"h-d-ici-le-6-mars\">D\u2019ici le 6 mars<\/h2>\n\n\n\n<p>A l\u2019occasion d\u2019un vote consultatif, le comit\u00e9 central s\u2019est exprim\u00e9, \u00e0 23 voix contre 7, en faveur de la pr\u00e9sentation du processus de r\u00e9organisation dans le cadre du congr\u00e8s de cette ann\u00e9e \u2013 il faudra encore que le CC donne son feu vert d\u00e9finitif lors de sa r\u00e9union programm\u00e9e le 2 mai. D\u2019ici au 6 mars, les pr\u00e9sidents cantonaux comme les repr\u00e9sentants du commerce de d\u00e9tail peuvent envoyer d\u2019autres questions ouvertes au pr\u00e9sident de la BCS, Silvan Hotz. Tous les th\u00e8mes soulev\u00e9s seront abord\u00e9s lors de la prochaine r\u00e9union du CC.<\/p>\n","protected":false},"excerpt":{"rendered":"<p>A condition que le comit\u00e9 central (CC) donne son feu vert lors de sa r\u00e9union du 2\u202fmai, le processus \u00ab\u2009Reload\u2009\u00bb sera pr\u00e9sent\u00e9 dans le cadre du congr\u00e8s de l\u2019ann\u00e9e 2019. Les d\u00e9l\u00e9gu\u00e9s du CC en ont d\u00e9cid\u00e9 ainsi \u00e0 travers un vote consultatif. A une \u00e9poque o\u00f9 le march\u00e9 sur lequel nous \u00e9voluons, extr\u00eamement concurrentiel, se transforme rapidement, la structure [&hellip;]<\/p>\n","protected":false},"author":1,"featured_media":6359,"comment_status":"open","ping_status":"closed","sticky":false,"template":"","format":"standard","meta":{"_acf_changed":false,"footnotes":""},"categories":[41],"tags":[],"class_list":["post-10731","post","type-post","status-publish","format-standard","has-post-thumbnail","hentry","category-association"],"acf":[],"yoast_head":"<!-- This site is optimized with the Yoast SEO Premium plugin v26.8 (Yoast SEO v26.8) - https:\/\/yoast.com\/product\/yoast-seo-premium-wordpress\/ -->\n<title>Un oui fondamental et des questions | SBC<\/title>\n<meta name=\"robots\" content=\"index, follow, max-snippet:-1, max-image-preview:large, max-video-preview:-1\" \/>\n<link rel=\"canonical\" href=\"https:\/\/swissbaker.ch\/fr\/panissimo-news\/un-oui-fondamental-et-des-questions\/\" \/>\n<meta property=\"og:locale\" content=\"fr_FR\" \/>\n<meta property=\"og:type\" content=\"article\" \/>\n<meta property=\"og:title\" content=\"Un oui fondamental et des questions\" \/>\n<meta property=\"og:description\" content=\"A condition que le comit\u00e9 central (CC) donne son feu vert lors de sa r\u00e9union du 2\u202fmai, le processus \u00ab\u2009Reload\u2009\u00bb sera pr\u00e9sent\u00e9 dans le cadre du congr\u00e8s de l\u2019ann\u00e9e 2019. Les d\u00e9l\u00e9gu\u00e9s du CC en ont d\u00e9cid\u00e9 ainsi \u00e0 travers un vote consultatif. A une \u00e9poque o\u00f9 le march\u00e9 sur lequel nous \u00e9voluons, extr\u00eamement concurrentiel, se transforme rapidement, la structure [&hellip;]\" \/>\n<meta property=\"og:url\" content=\"https:\/\/swissbaker.ch\/fr\/panissimo-news\/un-oui-fondamental-et-des-questions\/\" \/>\n<meta property=\"og:site_name\" content=\"SBC\" \/>\n<meta property=\"article:publisher\" content=\"https:\/\/www.facebook.com\/swissbaker.ch\" \/>\n<meta property=\"article:published_time\" content=\"2019-03-08T07:23:00+00:00\" \/>\n<meta property=\"article:modified_time\" content=\"2022-05-24T13:41:13+00:00\" \/>\n<meta property=\"og:image\" content=\"https:\/\/swissbaker.ch\/wp-content\/uploads\/2022\/04\/csm_Bilder-mit-Text-DE_6acfa09f9f.jpeg\" \/>\n\t<meta property=\"og:image:width\" content=\"800\" \/>\n\t<meta property=\"og:image:height\" content=\"504\" \/>\n\t<meta property=\"og:image:type\" content=\"image\/jpeg\" \/>\n<meta name=\"author\" content=\"azureart\" \/>\n<meta name=\"twitter:card\" content=\"summary_large_image\" \/>\n<meta name=\"twitter:creator\" content=\"@ch_swissbaker\" \/>\n<meta name=\"twitter:site\" content=\"@ch_swissbaker\" \/>\n<meta name=\"twitter:label1\" content=\"Written by\" \/>\n\t<meta name=\"twitter:data1\" content=\"azureart\" \/>\n\t<meta name=\"twitter:label2\" content=\"Est. reading time\" \/>\n\t<meta name=\"twitter:data2\" content=\"5 minutes\" \/>\n<script type=\"application\/ld+json\" class=\"yoast-schema-graph\">{\"@context\":\"https:\/\/schema.org\",\"@graph\":[{\"@type\":\"Article\",\"@id\":\"https:\/\/swissbaker.ch\/fr\/panissimo-news\/un-oui-fondamental-et-des-questions\/#article\",\"isPartOf\":{\"@id\":\"https:\/\/swissbaker.ch\/fr\/panissimo-news\/un-oui-fondamental-et-des-questions\/\"},\"author\":{\"name\":\"azureart\",\"@id\":\"https:\/\/swissbaker.ch\/fr\/#\/schema\/person\/058ac47619f7da53df62aba60f939b78\"},\"headline\":\"Un oui fondamental et des questions\",\"datePublished\":\"2019-03-08T07:23:00+00:00\",\"dateModified\":\"2022-05-24T13:41:13+00:00\",\"mainEntityOfPage\":{\"@id\":\"https:\/\/swissbaker.ch\/fr\/panissimo-news\/un-oui-fondamental-et-des-questions\/\"},\"wordCount\":988,\"commentCount\":0,\"publisher\":{\"@id\":\"https:\/\/swissbaker.ch\/fr\/#organization\"},\"image\":{\"@id\":\"https:\/\/swissbaker.ch\/fr\/panissimo-news\/un-oui-fondamental-et-des-questions\/#primaryimage\"},\"thumbnailUrl\":\"https:\/\/swissbaker.ch\/wp-content\/uploads\/2022\/04\/csm_Bilder-mit-Text-DE_6acfa09f9f.jpeg\",\"articleSection\":[\"Association\"],\"inLanguage\":\"fr-FR\",\"potentialAction\":[{\"@type\":\"CommentAction\",\"name\":\"Comment\",\"target\":[\"https:\/\/swissbaker.ch\/fr\/panissimo-news\/un-oui-fondamental-et-des-questions\/#respond\"]}]},{\"@type\":\"WebPage\",\"@id\":\"https:\/\/swissbaker.ch\/fr\/panissimo-news\/un-oui-fondamental-et-des-questions\/\",\"url\":\"https:\/\/swissbaker.ch\/fr\/panissimo-news\/un-oui-fondamental-et-des-questions\/\",\"name\":\"Un oui fondamental et des questions | SBC\",\"isPartOf\":{\"@id\":\"https:\/\/swissbaker.ch\/fr\/#website\"},\"primaryImageOfPage\":{\"@id\":\"https:\/\/swissbaker.ch\/fr\/panissimo-news\/un-oui-fondamental-et-des-questions\/#primaryimage\"},\"image\":{\"@id\":\"https:\/\/swissbaker.ch\/fr\/panissimo-news\/un-oui-fondamental-et-des-questions\/#primaryimage\"},\"thumbnailUrl\":\"https:\/\/swissbaker.ch\/wp-content\/uploads\/2022\/04\/csm_Bilder-mit-Text-DE_6acfa09f9f.jpeg\",\"datePublished\":\"2019-03-08T07:23:00+00:00\",\"dateModified\":\"2022-05-24T13:41:13+00:00\",\"breadcrumb\":{\"@id\":\"https:\/\/swissbaker.ch\/fr\/panissimo-news\/un-oui-fondamental-et-des-questions\/#breadcrumb\"},\"inLanguage\":\"fr-FR\",\"potentialAction\":[{\"@type\":\"ReadAction\",\"target\":[\"https:\/\/swissbaker.ch\/fr\/panissimo-news\/un-oui-fondamental-et-des-questions\/\"]}]},{\"@type\":\"ImageObject\",\"inLanguage\":\"fr-FR\",\"@id\":\"https:\/\/swissbaker.ch\/fr\/panissimo-news\/un-oui-fondamental-et-des-questions\/#primaryimage\",\"url\":\"https:\/\/swissbaker.ch\/wp-content\/uploads\/2022\/04\/csm_Bilder-mit-Text-DE_6acfa09f9f.jpeg\",\"contentUrl\":\"https:\/\/swissbaker.ch\/wp-content\/uploads\/2022\/04\/csm_Bilder-mit-Text-DE_6acfa09f9f.jpeg\",\"width\":800,\"height\":504,\"caption\":\"Un oui fondamental et des questions\"},{\"@type\":\"BreadcrumbList\",\"@id\":\"https:\/\/swissbaker.ch\/fr\/panissimo-news\/un-oui-fondamental-et-des-questions\/#breadcrumb\",\"itemListElement\":[{\"@type\":\"ListItem\",\"position\":1,\"name\":\"\",\"item\":\"https:\/\/swissbaker.ch\/fr\/\"},{\"@type\":\"ListItem\",\"position\":2,\"name\":\"Association\",\"item\":\"https:\/\/swissbaker.ch\/fr\/panissimo-news\/category\/association\/\"},{\"@type\":\"ListItem\",\"position\":3,\"name\":\"Un oui fondamental et des questions\"}]},{\"@type\":\"WebSite\",\"@id\":\"https:\/\/swissbaker.ch\/fr\/#website\",\"url\":\"https:\/\/swissbaker.ch\/fr\/\",\"name\":\"SBC\",\"description\":\"\",\"publisher\":{\"@id\":\"https:\/\/swissbaker.ch\/fr\/#organization\"},\"potentialAction\":[{\"@type\":\"SearchAction\",\"target\":{\"@type\":\"EntryPoint\",\"urlTemplate\":\"https:\/\/swissbaker.ch\/fr\/?s={search_term_string}\"},\"query-input\":{\"@type\":\"PropertyValueSpecification\",\"valueRequired\":true,\"valueName\":\"search_term_string\"}}],\"inLanguage\":\"fr-FR\"},{\"@type\":\"Organization\",\"@id\":\"https:\/\/swissbaker.ch\/fr\/#organization\",\"name\":\"Schweizerischer B\u00e4cker-Confiseurmeister-Verband\",\"url\":\"https:\/\/swissbaker.ch\/fr\/\",\"logo\":{\"@type\":\"ImageObject\",\"inLanguage\":\"fr-FR\",\"@id\":\"https:\/\/swissbaker.ch\/fr\/#\/schema\/logo\/image\/\",\"url\":\"https:\/\/swissbaker.ch\/wp-content\/uploads\/2022\/04\/sbc-logo-yoast.jpg\",\"contentUrl\":\"https:\/\/swissbaker.ch\/wp-content\/uploads\/2022\/04\/sbc-logo-yoast.jpg\",\"width\":512,\"height\":512,\"caption\":\"Schweizerischer B\u00e4cker-Confiseurmeister-Verband\"},\"image\":{\"@id\":\"https:\/\/swissbaker.ch\/fr\/#\/schema\/logo\/image\/\"},\"sameAs\":[\"https:\/\/www.facebook.com\/swissbaker.ch\",\"https:\/\/x.com\/ch_swissbaker\"]},{\"@type\":\"Person\",\"@id\":\"https:\/\/swissbaker.ch\/fr\/#\/schema\/person\/058ac47619f7da53df62aba60f939b78\",\"name\":\"azureart\",\"image\":{\"@type\":\"ImageObject\",\"inLanguage\":\"fr-FR\",\"@id\":\"https:\/\/swissbaker.ch\/fr\/#\/schema\/person\/image\/\",\"url\":\"https:\/\/secure.gravatar.com\/avatar\/be04dd3098fd612c83067af4f7a295384c93cb6a9112f51beb9d2f477d25da61?s=96&d=mm&r=g\",\"contentUrl\":\"https:\/\/secure.gravatar.com\/avatar\/be04dd3098fd612c83067af4f7a295384c93cb6a9112f51beb9d2f477d25da61?s=96&d=mm&r=g\",\"caption\":\"azureart\"},\"sameAs\":[\"https:\/\/swissbaker.ch\"],\"url\":\"https:\/\/swissbaker.ch\/fr\/panissimo-news\/author\/pixel-ahoi\/\"}]}<\/script>\n<!-- \/ Yoast SEO Premium plugin. -->","yoast_head_json":{"title":"Un oui fondamental et des questions | SBC","robots":{"index":"index","follow":"follow","max-snippet":"max-snippet:-1","max-image-preview":"max-image-preview:large","max-video-preview":"max-video-preview:-1"},"canonical":"https:\/\/swissbaker.ch\/fr\/panissimo-news\/un-oui-fondamental-et-des-questions\/","og_locale":"fr_FR","og_type":"article","og_title":"Un oui fondamental et des questions","og_description":"A condition que le comit\u00e9 central (CC) donne son feu vert lors de sa r\u00e9union du 2\u202fmai, le processus \u00ab\u2009Reload\u2009\u00bb sera pr\u00e9sent\u00e9 dans le cadre du congr\u00e8s de l\u2019ann\u00e9e 2019. Les d\u00e9l\u00e9gu\u00e9s du CC en ont d\u00e9cid\u00e9 ainsi \u00e0 travers un vote consultatif. A une \u00e9poque o\u00f9 le march\u00e9 sur lequel nous \u00e9voluons, extr\u00eamement concurrentiel, se transforme rapidement, la structure [&hellip;]","og_url":"https:\/\/swissbaker.ch\/fr\/panissimo-news\/un-oui-fondamental-et-des-questions\/","og_site_name":"SBC","article_publisher":"https:\/\/www.facebook.com\/swissbaker.ch","article_published_time":"2019-03-08T07:23:00+00:00","article_modified_time":"2022-05-24T13:41:13+00:00","og_image":[{"width":800,"height":504,"url":"https:\/\/swissbaker.ch\/wp-content\/uploads\/2022\/04\/csm_Bilder-mit-Text-DE_6acfa09f9f.jpeg","type":"image\/jpeg"}],"author":"azureart","twitter_card":"summary_large_image","twitter_creator":"@ch_swissbaker","twitter_site":"@ch_swissbaker","twitter_misc":{"Written by":"azureart","Est. reading time":"5 minutes"},"schema":{"@context":"https:\/\/schema.org","@graph":[{"@type":"Article","@id":"https:\/\/swissbaker.ch\/fr\/panissimo-news\/un-oui-fondamental-et-des-questions\/#article","isPartOf":{"@id":"https:\/\/swissbaker.ch\/fr\/panissimo-news\/un-oui-fondamental-et-des-questions\/"},"author":{"name":"azureart","@id":"https:\/\/swissbaker.ch\/fr\/#\/schema\/person\/058ac47619f7da53df62aba60f939b78"},"headline":"Un oui fondamental et des questions","datePublished":"2019-03-08T07:23:00+00:00","dateModified":"2022-05-24T13:41:13+00:00","mainEntityOfPage":{"@id":"https:\/\/swissbaker.ch\/fr\/panissimo-news\/un-oui-fondamental-et-des-questions\/"},"wordCount":988,"commentCount":0,"publisher":{"@id":"https:\/\/swissbaker.ch\/fr\/#organization"},"image":{"@id":"https:\/\/swissbaker.ch\/fr\/panissimo-news\/un-oui-fondamental-et-des-questions\/#primaryimage"},"thumbnailUrl":"https:\/\/swissbaker.ch\/wp-content\/uploads\/2022\/04\/csm_Bilder-mit-Text-DE_6acfa09f9f.jpeg","articleSection":["Association"],"inLanguage":"fr-FR","potentialAction":[{"@type":"CommentAction","name":"Comment","target":["https:\/\/swissbaker.ch\/fr\/panissimo-news\/un-oui-fondamental-et-des-questions\/#respond"]}]},{"@type":"WebPage","@id":"https:\/\/swissbaker.ch\/fr\/panissimo-news\/un-oui-fondamental-et-des-questions\/","url":"https:\/\/swissbaker.ch\/fr\/panissimo-news\/un-oui-fondamental-et-des-questions\/","name":"Un oui fondamental et des questions | SBC","isPartOf":{"@id":"https:\/\/swissbaker.ch\/fr\/#website"},"primaryImageOfPage":{"@id":"https:\/\/swissbaker.ch\/fr\/panissimo-news\/un-oui-fondamental-et-des-questions\/#primaryimage"},"image":{"@id":"https:\/\/swissbaker.ch\/fr\/panissimo-news\/un-oui-fondamental-et-des-questions\/#primaryimage"},"thumbnailUrl":"https:\/\/swissbaker.ch\/wp-content\/uploads\/2022\/04\/csm_Bilder-mit-Text-DE_6acfa09f9f.jpeg","datePublished":"2019-03-08T07:23:00+00:00","dateModified":"2022-05-24T13:41:13+00:00","breadcrumb":{"@id":"https:\/\/swissbaker.ch\/fr\/panissimo-news\/un-oui-fondamental-et-des-questions\/#breadcrumb"},"inLanguage":"fr-FR","potentialAction":[{"@type":"ReadAction","target":["https:\/\/swissbaker.ch\/fr\/panissimo-news\/un-oui-fondamental-et-des-questions\/"]}]},{"@type":"ImageObject","inLanguage":"fr-FR","@id":"https:\/\/swissbaker.ch\/fr\/panissimo-news\/un-oui-fondamental-et-des-questions\/#primaryimage","url":"https:\/\/swissbaker.ch\/wp-content\/uploads\/2022\/04\/csm_Bilder-mit-Text-DE_6acfa09f9f.jpeg","contentUrl":"https:\/\/swissbaker.ch\/wp-content\/uploads\/2022\/04\/csm_Bilder-mit-Text-DE_6acfa09f9f.jpeg","width":800,"height":504,"caption":"Un oui fondamental et des questions"},{"@type":"BreadcrumbList","@id":"https:\/\/swissbaker.ch\/fr\/panissimo-news\/un-oui-fondamental-et-des-questions\/#breadcrumb","itemListElement":[{"@type":"ListItem","position":1,"name":"","item":"https:\/\/swissbaker.ch\/fr\/"},{"@type":"ListItem","position":2,"name":"Association","item":"https:\/\/swissbaker.ch\/fr\/panissimo-news\/category\/association\/"},{"@type":"ListItem","position":3,"name":"Un oui fondamental et des questions"}]},{"@type":"WebSite","@id":"https:\/\/swissbaker.ch\/fr\/#website","url":"https:\/\/swissbaker.ch\/fr\/","name":"SBC","description":"","publisher":{"@id":"https:\/\/swissbaker.ch\/fr\/#organization"},"potentialAction":[{"@type":"SearchAction","target":{"@type":"EntryPoint","urlTemplate":"https:\/\/swissbaker.ch\/fr\/?s={search_term_string}"},"query-input":{"@type":"PropertyValueSpecification","valueRequired":true,"valueName":"search_term_string"}}],"inLanguage":"fr-FR"},{"@type":"Organization","@id":"https:\/\/swissbaker.ch\/fr\/#organization","name":"Schweizerischer B\u00e4cker-Confiseurmeister-Verband","url":"https:\/\/swissbaker.ch\/fr\/","logo":{"@type":"ImageObject","inLanguage":"fr-FR","@id":"https:\/\/swissbaker.ch\/fr\/#\/schema\/logo\/image\/","url":"https:\/\/swissbaker.ch\/wp-content\/uploads\/2022\/04\/sbc-logo-yoast.jpg","contentUrl":"https:\/\/swissbaker.ch\/wp-content\/uploads\/2022\/04\/sbc-logo-yoast.jpg","width":512,"height":512,"caption":"Schweizerischer B\u00e4cker-Confiseurmeister-Verband"},"image":{"@id":"https:\/\/swissbaker.ch\/fr\/#\/schema\/logo\/image\/"},"sameAs":["https:\/\/www.facebook.com\/swissbaker.ch","https:\/\/x.com\/ch_swissbaker"]},{"@type":"Person","@id":"https:\/\/swissbaker.ch\/fr\/#\/schema\/person\/058ac47619f7da53df62aba60f939b78","name":"azureart","image":{"@type":"ImageObject","inLanguage":"fr-FR","@id":"https:\/\/swissbaker.ch\/fr\/#\/schema\/person\/image\/","url":"https:\/\/secure.gravatar.com\/avatar\/be04dd3098fd612c83067af4f7a295384c93cb6a9112f51beb9d2f477d25da61?s=96&d=mm&r=g","contentUrl":"https:\/\/secure.gravatar.com\/avatar\/be04dd3098fd612c83067af4f7a295384c93cb6a9112f51beb9d2f477d25da61?s=96&d=mm&r=g","caption":"azureart"},"sameAs":["https:\/\/swissbaker.ch"],"url":"https:\/\/swissbaker.ch\/fr\/panissimo-news\/author\/pixel-ahoi\/"}]}},"_links":{"self":[{"href":"https:\/\/swissbaker.ch\/fr\/wp-json\/wp\/v2\/posts\/10731","targetHints":{"allow":["GET"]}}],"collection":[{"href":"https:\/\/swissbaker.ch\/fr\/wp-json\/wp\/v2\/posts"}],"about":[{"href":"https:\/\/swissbaker.ch\/fr\/wp-json\/wp\/v2\/types\/post"}],"author":[{"embeddable":true,"href":"https:\/\/swissbaker.ch\/fr\/wp-json\/wp\/v2\/users\/1"}],"replies":[{"embeddable":true,"href":"https:\/\/swissbaker.ch\/fr\/wp-json\/wp\/v2\/comments?post=10731"}],"version-history":[{"count":0,"href":"https:\/\/swissbaker.ch\/fr\/wp-json\/wp\/v2\/posts\/10731\/revisions"}],"wp:featuredmedia":[{"embeddable":true,"href":"https:\/\/swissbaker.ch\/fr\/wp-json\/wp\/v2\/media\/6359"}],"wp:attachment":[{"href":"https:\/\/swissbaker.ch\/fr\/wp-json\/wp\/v2\/media?parent=10731"}],"wp:term":[{"taxonomy":"category","embeddable":true,"href":"https:\/\/swissbaker.ch\/fr\/wp-json\/wp\/v2\/categories?post=10731"},{"taxonomy":"post_tag","embeddable":true,"href":"https:\/\/swissbaker.ch\/fr\/wp-json\/wp\/v2\/tags?post=10731"}],"curies":[{"name":"wp","href":"https:\/\/api.w.org\/{rel}","templated":true}]}}