{"id":10727,"date":"2019-03-08T08:20:00","date_gmt":"2019-03-08T07:20:00","guid":{"rendered":"https:\/\/swissbaker.ch\/?p=10727"},"modified":"2022-05-24T15:38:40","modified_gmt":"2022-05-24T13:38:40","slug":"le-congres-decidera-de-cette-obligation","status":"publish","type":"post","link":"https:\/\/swissbaker.ch\/fr\/panissimo-news\/le-congres-decidera-de-cette-obligation\/","title":{"rendered":"Le congr\u00e8s d\u00e9cidera de cette obligation"},"content":{"rendered":"\n<p><strong>L\u2019acc\u00e8s au guide des bonnes pratiques est d\u00e9sormais r\u00e9serv\u00e9 aux membres de la BCS, pour qui cette consigne est obligatoire. Le CC a approuv\u00e9 cette d\u00e9cision. Le congr\u00e8s doit en ratifier le caract\u00e8re obligatoire.<\/strong><\/p>\n\n\n\n<p>Le Guide des bonnes pratiques pour la branche des boulangers-confiseurs (GBP) a \u00e9t\u00e9 approuv\u00e9 d\u00e9but 2019 par l\u2019Office f\u00e9d\u00e9ral de la s\u00e9curit\u00e9 alimentaire et des affaires v\u00e9t\u00e9rinaires. Ce nouvel outil, \u00e9galement utilis\u00e9 sur des tablettes et des smartphones, sera pr\u00e9sent\u00e9 lors de la FBK 2019 (voir page 49). Les s\u00e9ances d\u2019information r\u00e9gionales ont lieu depuis fin f\u00e9vrier. D\u2019ici la mi-mars, la directive de la branche devrait \u00eatre en ligne en version allemande. De ce fait, toutes les entreprises enregistr\u00e9es jusqu\u2019ici b\u00e9n\u00e9ficieront automatiquement de ce nouvel outil.<\/p>\n\n\n\n<p><strong>Tarif annuel 2019<\/strong><\/p>\n\n\n\n<ul class=\"wp-block-list\"><li>En 2019, les co\u00fbts annuels par solution se pr\u00e9sentent ainsi :<\/li><li>n petites entreprises : 100 francs (co\u00fbt d\u2019affiliation unique : MSST 550 francs, et GBP 100 francs) ;<\/li><li>n moyennes entreprises : 150 francs (co\u00fbt d\u2019affiliation unique : MSST 550 francs, et GBP 100 francs) ;<\/li><li>n grandes entreprises : 200 francs (co\u00fbt d\u2019affiliation unique : MSST 1100 francs, et GBP 200 francs).<\/li><li>Aujourd\u2019hui, la cotisation annuelle est r\u00e9duite de 25 % si une entreprise utilise les deux solutions. Elle paiera la totalit\u00e9 d\u2019une cotisation annuelle et uniquement la moiti\u00e9 de l\u2019autre.<\/li><\/ul>\n\n\n\n<p><strong>Cotisation annuelle \u00e0 partir de 2020<\/strong><br>D\u00e8s 2020, la cotisation annuelle par solution se pr\u00e9sentera ainsi :<\/p>\n\n\n\n<ul class=\"wp-block-list\"><li>petites entreprises, 0 \u00e0 9 employ\u00e9s : 150 francs ;<\/li><li>moyennes entreprises, 10 \u00e0 49 employ\u00e9s : 350 francs ;<\/li><li>grandes entreprises, 50 \u00e0 99 employ\u00e9s : 550 francs ;<\/li><li>grandes entreprises, \u00e0 partir de 100 employ\u00e9s : 750 francs.<\/li><\/ul>\n\n\n\n<p><br>S\u2019y ajoute le co\u00fbt d\u2019affiliation unique, \u00e9quivalant au montant de la cotisation annuelle. Ce co\u00fbt ne concerne que les membres qui ne sont pas affili\u00e9s au r\u00e9seau. Pour l\u2019acc\u00e8s depuis des sites suppl\u00e9mentaires, 50 francs sont pr\u00e9lev\u00e9s en plus par site ou par succursale. Ces tarifs sont valables pour les deux solutions. Les entreprises purement familiales (sans employ\u00e9s ni apprentis) ne sont pas soumises \u00e0 la MSST. Cela est \u00e9galement valable pour les entreprises dont la prime AP est inf\u00e9rieure \u00e0 0,5 %. Le cas \u00e9ch\u00e9ant, la mise en \u0153uvre de la MSST est volontaire, tandis qu\u2019elle est obligatoire pour les membres DFO.<\/p>\n","protected":false},"excerpt":{"rendered":"<p>L\u2019acc\u00e8s au guide des bonnes pratiques est d\u00e9sormais r\u00e9serv\u00e9 aux membres de la BCS, pour qui cette consigne est obligatoire. Le CC a approuv\u00e9 cette d\u00e9cision. Le congr\u00e8s doit en ratifier le caract\u00e8re obligatoire. Le Guide des bonnes pratiques pour la branche des boulangers-confiseurs (GBP) a \u00e9t\u00e9 approuv\u00e9 d\u00e9but 2019 par l\u2019Office f\u00e9d\u00e9ral de la s\u00e9curit\u00e9 alimentaire et des affaires [&hellip;]<\/p>\n","protected":false},"author":1,"featured_media":6357,"comment_status":"open","ping_status":"closed","sticky":false,"template":"","format":"standard","meta":{"_acf_changed":false,"footnotes":""},"categories":[41],"tags":[],"class_list":["post-10727","post","type-post","status-publish","format-standard","has-post-thumbnail","hentry","category-association"],"acf":[],"yoast_head":"<!-- This site is optimized with the Yoast SEO Premium plugin v26.8 (Yoast SEO v26.8) - https:\/\/yoast.com\/product\/yoast-seo-premium-wordpress\/ -->\n<title>Le congr\u00e8s d\u00e9cidera de cette obligation | SBC<\/title>\n<meta name=\"robots\" content=\"index, follow, max-snippet:-1, max-image-preview:large, max-video-preview:-1\" \/>\n<link rel=\"canonical\" href=\"https:\/\/swissbaker.ch\/fr\/panissimo-news\/le-congres-decidera-de-cette-obligation\/\" \/>\n<meta property=\"og:locale\" content=\"fr_FR\" \/>\n<meta property=\"og:type\" content=\"article\" \/>\n<meta property=\"og:title\" content=\"Le congr\u00e8s d\u00e9cidera de cette obligation\" \/>\n<meta property=\"og:description\" content=\"L\u2019acc\u00e8s au guide des bonnes pratiques est d\u00e9sormais r\u00e9serv\u00e9 aux membres de la BCS, pour qui cette consigne est obligatoire. Le CC a approuv\u00e9 cette d\u00e9cision. Le congr\u00e8s doit en ratifier le caract\u00e8re obligatoire. Le Guide des bonnes pratiques pour la branche des boulangers-confiseurs (GBP) a \u00e9t\u00e9 approuv\u00e9 d\u00e9but 2019 par l\u2019Office f\u00e9d\u00e9ral de la s\u00e9curit\u00e9 alimentaire et des affaires [&hellip;]\" \/>\n<meta property=\"og:url\" content=\"https:\/\/swissbaker.ch\/fr\/panissimo-news\/le-congres-decidera-de-cette-obligation\/\" \/>\n<meta property=\"og:site_name\" content=\"SBC\" \/>\n<meta property=\"article:publisher\" content=\"https:\/\/www.facebook.com\/swissbaker.ch\" \/>\n<meta property=\"article:published_time\" content=\"2019-03-08T07:20:00+00:00\" \/>\n<meta property=\"article:modified_time\" content=\"2022-05-24T13:38:40+00:00\" \/>\n<meta property=\"og:image\" content=\"https:\/\/swissbaker.ch\/wp-content\/uploads\/2022\/04\/Hygienematerial.jpeg\" \/>\n\t<meta property=\"og:image:width\" content=\"800\" \/>\n\t<meta property=\"og:image:height\" content=\"474\" \/>\n\t<meta property=\"og:image:type\" content=\"image\/jpeg\" \/>\n<meta name=\"author\" content=\"azureart\" \/>\n<meta name=\"twitter:card\" content=\"summary_large_image\" \/>\n<meta name=\"twitter:creator\" content=\"@ch_swissbaker\" \/>\n<meta name=\"twitter:site\" content=\"@ch_swissbaker\" \/>\n<meta name=\"twitter:label1\" content=\"Written by\" \/>\n\t<meta name=\"twitter:data1\" content=\"azureart\" \/>\n\t<meta name=\"twitter:label2\" content=\"Est. reading time\" \/>\n\t<meta name=\"twitter:data2\" content=\"3 minutes\" \/>\n<script type=\"application\/ld+json\" class=\"yoast-schema-graph\">{\"@context\":\"https:\/\/schema.org\",\"@graph\":[{\"@type\":\"Article\",\"@id\":\"https:\/\/swissbaker.ch\/fr\/panissimo-news\/le-congres-decidera-de-cette-obligation\/#article\",\"isPartOf\":{\"@id\":\"https:\/\/swissbaker.ch\/fr\/panissimo-news\/le-congres-decidera-de-cette-obligation\/\"},\"author\":{\"name\":\"azureart\",\"@id\":\"https:\/\/swissbaker.ch\/fr\/#\/schema\/person\/058ac47619f7da53df62aba60f939b78\"},\"headline\":\"Le congr\u00e8s d\u00e9cidera de cette obligation\",\"datePublished\":\"2019-03-08T07:20:00+00:00\",\"dateModified\":\"2022-05-24T13:38:40+00:00\",\"mainEntityOfPage\":{\"@id\":\"https:\/\/swissbaker.ch\/fr\/panissimo-news\/le-congres-decidera-de-cette-obligation\/\"},\"wordCount\":385,\"commentCount\":0,\"publisher\":{\"@id\":\"https:\/\/swissbaker.ch\/fr\/#organization\"},\"image\":{\"@id\":\"https:\/\/swissbaker.ch\/fr\/panissimo-news\/le-congres-decidera-de-cette-obligation\/#primaryimage\"},\"thumbnailUrl\":\"https:\/\/swissbaker.ch\/wp-content\/uploads\/2022\/04\/Hygienematerial.jpeg\",\"articleSection\":[\"Association\"],\"inLanguage\":\"fr-FR\",\"potentialAction\":[{\"@type\":\"CommentAction\",\"name\":\"Comment\",\"target\":[\"https:\/\/swissbaker.ch\/fr\/panissimo-news\/le-congres-decidera-de-cette-obligation\/#respond\"]}]},{\"@type\":\"WebPage\",\"@id\":\"https:\/\/swissbaker.ch\/fr\/panissimo-news\/le-congres-decidera-de-cette-obligation\/\",\"url\":\"https:\/\/swissbaker.ch\/fr\/panissimo-news\/le-congres-decidera-de-cette-obligation\/\",\"name\":\"Le congr\u00e8s d\u00e9cidera de cette obligation | SBC\",\"isPartOf\":{\"@id\":\"https:\/\/swissbaker.ch\/fr\/#website\"},\"primaryImageOfPage\":{\"@id\":\"https:\/\/swissbaker.ch\/fr\/panissimo-news\/le-congres-decidera-de-cette-obligation\/#primaryimage\"},\"image\":{\"@id\":\"https:\/\/swissbaker.ch\/fr\/panissimo-news\/le-congres-decidera-de-cette-obligation\/#primaryimage\"},\"thumbnailUrl\":\"https:\/\/swissbaker.ch\/wp-content\/uploads\/2022\/04\/Hygienematerial.jpeg\",\"datePublished\":\"2019-03-08T07:20:00+00:00\",\"dateModified\":\"2022-05-24T13:38:40+00:00\",\"breadcrumb\":{\"@id\":\"https:\/\/swissbaker.ch\/fr\/panissimo-news\/le-congres-decidera-de-cette-obligation\/#breadcrumb\"},\"inLanguage\":\"fr-FR\",\"potentialAction\":[{\"@type\":\"ReadAction\",\"target\":[\"https:\/\/swissbaker.ch\/fr\/panissimo-news\/le-congres-decidera-de-cette-obligation\/\"]}]},{\"@type\":\"ImageObject\",\"inLanguage\":\"fr-FR\",\"@id\":\"https:\/\/swissbaker.ch\/fr\/panissimo-news\/le-congres-decidera-de-cette-obligation\/#primaryimage\",\"url\":\"https:\/\/swissbaker.ch\/wp-content\/uploads\/2022\/04\/Hygienematerial.jpeg\",\"contentUrl\":\"https:\/\/swissbaker.ch\/wp-content\/uploads\/2022\/04\/Hygienematerial.jpeg\",\"width\":800,\"height\":474,\"caption\":\"Le congr\u00e8s d\u00e9cidera de cette obligation\"},{\"@type\":\"BreadcrumbList\",\"@id\":\"https:\/\/swissbaker.ch\/fr\/panissimo-news\/le-congres-decidera-de-cette-obligation\/#breadcrumb\",\"itemListElement\":[{\"@type\":\"ListItem\",\"position\":1,\"name\":\"\",\"item\":\"https:\/\/swissbaker.ch\/fr\/\"},{\"@type\":\"ListItem\",\"position\":2,\"name\":\"Association\",\"item\":\"https:\/\/swissbaker.ch\/fr\/panissimo-news\/category\/association\/\"},{\"@type\":\"ListItem\",\"position\":3,\"name\":\"Le congr\u00e8s d\u00e9cidera de cette obligation\"}]},{\"@type\":\"WebSite\",\"@id\":\"https:\/\/swissbaker.ch\/fr\/#website\",\"url\":\"https:\/\/swissbaker.ch\/fr\/\",\"name\":\"SBC\",\"description\":\"\",\"publisher\":{\"@id\":\"https:\/\/swissbaker.ch\/fr\/#organization\"},\"potentialAction\":[{\"@type\":\"SearchAction\",\"target\":{\"@type\":\"EntryPoint\",\"urlTemplate\":\"https:\/\/swissbaker.ch\/fr\/?s={search_term_string}\"},\"query-input\":{\"@type\":\"PropertyValueSpecification\",\"valueRequired\":true,\"valueName\":\"search_term_string\"}}],\"inLanguage\":\"fr-FR\"},{\"@type\":\"Organization\",\"@id\":\"https:\/\/swissbaker.ch\/fr\/#organization\",\"name\":\"Schweizerischer B\u00e4cker-Confiseurmeister-Verband\",\"url\":\"https:\/\/swissbaker.ch\/fr\/\",\"logo\":{\"@type\":\"ImageObject\",\"inLanguage\":\"fr-FR\",\"@id\":\"https:\/\/swissbaker.ch\/fr\/#\/schema\/logo\/image\/\",\"url\":\"https:\/\/swissbaker.ch\/wp-content\/uploads\/2022\/04\/sbc-logo-yoast.jpg\",\"contentUrl\":\"https:\/\/swissbaker.ch\/wp-content\/uploads\/2022\/04\/sbc-logo-yoast.jpg\",\"width\":512,\"height\":512,\"caption\":\"Schweizerischer B\u00e4cker-Confiseurmeister-Verband\"},\"image\":{\"@id\":\"https:\/\/swissbaker.ch\/fr\/#\/schema\/logo\/image\/\"},\"sameAs\":[\"https:\/\/www.facebook.com\/swissbaker.ch\",\"https:\/\/x.com\/ch_swissbaker\"]},{\"@type\":\"Person\",\"@id\":\"https:\/\/swissbaker.ch\/fr\/#\/schema\/person\/058ac47619f7da53df62aba60f939b78\",\"name\":\"azureart\",\"image\":{\"@type\":\"ImageObject\",\"inLanguage\":\"fr-FR\",\"@id\":\"https:\/\/swissbaker.ch\/fr\/#\/schema\/person\/image\/\",\"url\":\"https:\/\/secure.gravatar.com\/avatar\/be04dd3098fd612c83067af4f7a295384c93cb6a9112f51beb9d2f477d25da61?s=96&d=mm&r=g\",\"contentUrl\":\"https:\/\/secure.gravatar.com\/avatar\/be04dd3098fd612c83067af4f7a295384c93cb6a9112f51beb9d2f477d25da61?s=96&d=mm&r=g\",\"caption\":\"azureart\"},\"sameAs\":[\"https:\/\/swissbaker.ch\"],\"url\":\"https:\/\/swissbaker.ch\/fr\/panissimo-news\/author\/pixel-ahoi\/\"}]}<\/script>\n<!-- \/ Yoast SEO Premium plugin. -->","yoast_head_json":{"title":"Le congr\u00e8s d\u00e9cidera de cette obligation | SBC","robots":{"index":"index","follow":"follow","max-snippet":"max-snippet:-1","max-image-preview":"max-image-preview:large","max-video-preview":"max-video-preview:-1"},"canonical":"https:\/\/swissbaker.ch\/fr\/panissimo-news\/le-congres-decidera-de-cette-obligation\/","og_locale":"fr_FR","og_type":"article","og_title":"Le congr\u00e8s d\u00e9cidera de cette obligation","og_description":"L\u2019acc\u00e8s au guide des bonnes pratiques est d\u00e9sormais r\u00e9serv\u00e9 aux membres de la BCS, pour qui cette consigne est obligatoire. Le CC a approuv\u00e9 cette d\u00e9cision. Le congr\u00e8s doit en ratifier le caract\u00e8re obligatoire. Le Guide des bonnes pratiques pour la branche des boulangers-confiseurs (GBP) a \u00e9t\u00e9 approuv\u00e9 d\u00e9but 2019 par l\u2019Office f\u00e9d\u00e9ral de la s\u00e9curit\u00e9 alimentaire et des affaires [&hellip;]","og_url":"https:\/\/swissbaker.ch\/fr\/panissimo-news\/le-congres-decidera-de-cette-obligation\/","og_site_name":"SBC","article_publisher":"https:\/\/www.facebook.com\/swissbaker.ch","article_published_time":"2019-03-08T07:20:00+00:00","article_modified_time":"2022-05-24T13:38:40+00:00","og_image":[{"width":800,"height":474,"url":"https:\/\/swissbaker.ch\/wp-content\/uploads\/2022\/04\/Hygienematerial.jpeg","type":"image\/jpeg"}],"author":"azureart","twitter_card":"summary_large_image","twitter_creator":"@ch_swissbaker","twitter_site":"@ch_swissbaker","twitter_misc":{"Written by":"azureart","Est. reading time":"3 minutes"},"schema":{"@context":"https:\/\/schema.org","@graph":[{"@type":"Article","@id":"https:\/\/swissbaker.ch\/fr\/panissimo-news\/le-congres-decidera-de-cette-obligation\/#article","isPartOf":{"@id":"https:\/\/swissbaker.ch\/fr\/panissimo-news\/le-congres-decidera-de-cette-obligation\/"},"author":{"name":"azureart","@id":"https:\/\/swissbaker.ch\/fr\/#\/schema\/person\/058ac47619f7da53df62aba60f939b78"},"headline":"Le congr\u00e8s d\u00e9cidera de cette obligation","datePublished":"2019-03-08T07:20:00+00:00","dateModified":"2022-05-24T13:38:40+00:00","mainEntityOfPage":{"@id":"https:\/\/swissbaker.ch\/fr\/panissimo-news\/le-congres-decidera-de-cette-obligation\/"},"wordCount":385,"commentCount":0,"publisher":{"@id":"https:\/\/swissbaker.ch\/fr\/#organization"},"image":{"@id":"https:\/\/swissbaker.ch\/fr\/panissimo-news\/le-congres-decidera-de-cette-obligation\/#primaryimage"},"thumbnailUrl":"https:\/\/swissbaker.ch\/wp-content\/uploads\/2022\/04\/Hygienematerial.jpeg","articleSection":["Association"],"inLanguage":"fr-FR","potentialAction":[{"@type":"CommentAction","name":"Comment","target":["https:\/\/swissbaker.ch\/fr\/panissimo-news\/le-congres-decidera-de-cette-obligation\/#respond"]}]},{"@type":"WebPage","@id":"https:\/\/swissbaker.ch\/fr\/panissimo-news\/le-congres-decidera-de-cette-obligation\/","url":"https:\/\/swissbaker.ch\/fr\/panissimo-news\/le-congres-decidera-de-cette-obligation\/","name":"Le congr\u00e8s d\u00e9cidera de cette obligation | SBC","isPartOf":{"@id":"https:\/\/swissbaker.ch\/fr\/#website"},"primaryImageOfPage":{"@id":"https:\/\/swissbaker.ch\/fr\/panissimo-news\/le-congres-decidera-de-cette-obligation\/#primaryimage"},"image":{"@id":"https:\/\/swissbaker.ch\/fr\/panissimo-news\/le-congres-decidera-de-cette-obligation\/#primaryimage"},"thumbnailUrl":"https:\/\/swissbaker.ch\/wp-content\/uploads\/2022\/04\/Hygienematerial.jpeg","datePublished":"2019-03-08T07:20:00+00:00","dateModified":"2022-05-24T13:38:40+00:00","breadcrumb":{"@id":"https:\/\/swissbaker.ch\/fr\/panissimo-news\/le-congres-decidera-de-cette-obligation\/#breadcrumb"},"inLanguage":"fr-FR","potentialAction":[{"@type":"ReadAction","target":["https:\/\/swissbaker.ch\/fr\/panissimo-news\/le-congres-decidera-de-cette-obligation\/"]}]},{"@type":"ImageObject","inLanguage":"fr-FR","@id":"https:\/\/swissbaker.ch\/fr\/panissimo-news\/le-congres-decidera-de-cette-obligation\/#primaryimage","url":"https:\/\/swissbaker.ch\/wp-content\/uploads\/2022\/04\/Hygienematerial.jpeg","contentUrl":"https:\/\/swissbaker.ch\/wp-content\/uploads\/2022\/04\/Hygienematerial.jpeg","width":800,"height":474,"caption":"Le congr\u00e8s d\u00e9cidera de cette obligation"},{"@type":"BreadcrumbList","@id":"https:\/\/swissbaker.ch\/fr\/panissimo-news\/le-congres-decidera-de-cette-obligation\/#breadcrumb","itemListElement":[{"@type":"ListItem","position":1,"name":"","item":"https:\/\/swissbaker.ch\/fr\/"},{"@type":"ListItem","position":2,"name":"Association","item":"https:\/\/swissbaker.ch\/fr\/panissimo-news\/category\/association\/"},{"@type":"ListItem","position":3,"name":"Le congr\u00e8s d\u00e9cidera de cette obligation"}]},{"@type":"WebSite","@id":"https:\/\/swissbaker.ch\/fr\/#website","url":"https:\/\/swissbaker.ch\/fr\/","name":"SBC","description":"","publisher":{"@id":"https:\/\/swissbaker.ch\/fr\/#organization"},"potentialAction":[{"@type":"SearchAction","target":{"@type":"EntryPoint","urlTemplate":"https:\/\/swissbaker.ch\/fr\/?s={search_term_string}"},"query-input":{"@type":"PropertyValueSpecification","valueRequired":true,"valueName":"search_term_string"}}],"inLanguage":"fr-FR"},{"@type":"Organization","@id":"https:\/\/swissbaker.ch\/fr\/#organization","name":"Schweizerischer B\u00e4cker-Confiseurmeister-Verband","url":"https:\/\/swissbaker.ch\/fr\/","logo":{"@type":"ImageObject","inLanguage":"fr-FR","@id":"https:\/\/swissbaker.ch\/fr\/#\/schema\/logo\/image\/","url":"https:\/\/swissbaker.ch\/wp-content\/uploads\/2022\/04\/sbc-logo-yoast.jpg","contentUrl":"https:\/\/swissbaker.ch\/wp-content\/uploads\/2022\/04\/sbc-logo-yoast.jpg","width":512,"height":512,"caption":"Schweizerischer B\u00e4cker-Confiseurmeister-Verband"},"image":{"@id":"https:\/\/swissbaker.ch\/fr\/#\/schema\/logo\/image\/"},"sameAs":["https:\/\/www.facebook.com\/swissbaker.ch","https:\/\/x.com\/ch_swissbaker"]},{"@type":"Person","@id":"https:\/\/swissbaker.ch\/fr\/#\/schema\/person\/058ac47619f7da53df62aba60f939b78","name":"azureart","image":{"@type":"ImageObject","inLanguage":"fr-FR","@id":"https:\/\/swissbaker.ch\/fr\/#\/schema\/person\/image\/","url":"https:\/\/secure.gravatar.com\/avatar\/be04dd3098fd612c83067af4f7a295384c93cb6a9112f51beb9d2f477d25da61?s=96&d=mm&r=g","contentUrl":"https:\/\/secure.gravatar.com\/avatar\/be04dd3098fd612c83067af4f7a295384c93cb6a9112f51beb9d2f477d25da61?s=96&d=mm&r=g","caption":"azureart"},"sameAs":["https:\/\/swissbaker.ch"],"url":"https:\/\/swissbaker.ch\/fr\/panissimo-news\/author\/pixel-ahoi\/"}]}},"_links":{"self":[{"href":"https:\/\/swissbaker.ch\/fr\/wp-json\/wp\/v2\/posts\/10727","targetHints":{"allow":["GET"]}}],"collection":[{"href":"https:\/\/swissbaker.ch\/fr\/wp-json\/wp\/v2\/posts"}],"about":[{"href":"https:\/\/swissbaker.ch\/fr\/wp-json\/wp\/v2\/types\/post"}],"author":[{"embeddable":true,"href":"https:\/\/swissbaker.ch\/fr\/wp-json\/wp\/v2\/users\/1"}],"replies":[{"embeddable":true,"href":"https:\/\/swissbaker.ch\/fr\/wp-json\/wp\/v2\/comments?post=10727"}],"version-history":[{"count":0,"href":"https:\/\/swissbaker.ch\/fr\/wp-json\/wp\/v2\/posts\/10727\/revisions"}],"wp:featuredmedia":[{"embeddable":true,"href":"https:\/\/swissbaker.ch\/fr\/wp-json\/wp\/v2\/media\/6357"}],"wp:attachment":[{"href":"https:\/\/swissbaker.ch\/fr\/wp-json\/wp\/v2\/media?parent=10727"}],"wp:term":[{"taxonomy":"category","embeddable":true,"href":"https:\/\/swissbaker.ch\/fr\/wp-json\/wp\/v2\/categories?post=10727"},{"taxonomy":"post_tag","embeddable":true,"href":"https:\/\/swissbaker.ch\/fr\/wp-json\/wp\/v2\/tags?post=10727"}],"curies":[{"name":"wp","href":"https:\/\/api.w.org\/{rel}","templated":true}]}}