{"id":10725,"date":"2019-03-08T08:18:00","date_gmt":"2019-03-08T07:18:00","guid":{"rendered":"https:\/\/swissbaker.ch\/?p=10725"},"modified":"2022-05-24T15:36:48","modified_gmt":"2022-05-24T13:36:48","slug":"economies-de-plus-de-cent-mille-francs","status":"publish","type":"post","link":"https:\/\/swissbaker.ch\/fr\/panissimo-news\/economies-de-plus-de-cent-mille-francs\/","title":{"rendered":"\u00c9conomies de plus de cent mille francs"},"content":{"rendered":"\n<p><strong>Le budget BCS de 2019 pr\u00e9voit des \u00e9conomies de 111\u2009500\u202ffrancs au minimum. Toutes les parties ont d\u00fb faire des concessions. Le comit\u00e9 central a approuv\u00e9 la proposition \u00e0 l\u2019attention du congr\u00e8s.<\/strong><\/p>\n\n\n\n<p>Le budget de 2019 pr\u00e9voit les \u00e9conomies suivantes.<\/p>\n\n\n\n<ul class=\"wp-block-list\"><li>La campagne d\u2019image a \u00e9t\u00e9 annul\u00e9e : 90 000 francs.<\/li><li>Le rapport annuel de la BCS sera con\u00e7u au sein de l\u2019association : 3000 francs.<\/li><li>Le montant de sponsoring pour la Swiss Bakery Trophy (SBT) sera de 25 000 francs au lieu de 30 000 francs. Cette somme sera vers\u00e9e \u00e0 l\u2019organisateur tous les deux ans.<\/li><li>Le montant attribu\u00e9 au secr\u00e9tariat de Romandie sera r\u00e9duit de 12 000 francs, et celui du Tessin, de 4000 francs.<\/li><\/ul>\n\n\n\n<h2 class=\"wp-block-heading\" id=\"h-economies-grace-a-reload\">\u00c9conomies gr\u00e2ce \u00e0 \u00ab Reload \u00bb<\/h2>\n\n\n\n<p>Si la fusion, li\u00e9e au processus de r\u00e9organisation \u00ab Reload \u00bb, des deux comit\u00e9s strat\u00e9giques (comit\u00e9 central et comit\u00e9 directeur) est approuv\u00e9e par le congr\u00e8s et lors de la r\u00e9union du comit\u00e9 central en mai, des \u00e9conomies suppl\u00e9mentaires d\u2019au moins 30 000 francs pourront \u00eatre r\u00e9alis\u00e9es en 2019. Selon Martin Schnyder, responsable des finances de la BCS, cela permettrait d\u2019\u00e9pargner 100 000 francs en 2020.<\/p>\n\n\n\n<h2 class=\"wp-block-heading\" id=\"h-revenus-supplementaires\">Revenus suppl\u00e9mentaires<\/h2>\n\n\n\n<p>Par ailleurs, le conseil d\u2019administration a d\u00e9cid\u00e9 d\u2019introduire les revenus suivants : l\u2019augmentation des frais de rappel ainsi que l\u2019imputation syst\u00e9matique du montant de base de 550 francs pour les membres de la BCS qui poss\u00e8dent plusieurs entreprises. Les soci\u00e9t\u00e9s immobili\u00e8res devront d\u00e9sormais payer 250 francs.<\/p>\n\n\n\n<h2 class=\"wp-block-heading\" id=\"h-merci-a-la-romandie-et-au-tessin\">Merci \u00e0 la Romandie et au Tessin<\/h2>\n\n\n\n<p>Martin Schnyder, responsable des finances, a adress\u00e9 \u00ab un grand merci \u00e0 ses coll\u00e8gues romands et tessinois qui, dans la limite de leurs possibilit\u00e9s, soutiennent les mesures d\u2019\u00e9conomie de notre association \u00bb.<\/p>\n\n\n\n<h2 class=\"wp-block-heading\" id=\"h-succes-grace-au-sbt\">Succ\u00e8s gr\u00e2ce au SBT<\/h2>\n\n\n\n<p>Le pr\u00e9sident de la Romandie, Didier Ecoffey (FR), a rappel\u00e9 que les associations cantonales romandes multiplient leurs efforts d\u2019\u00e9conomies. De plus, il a soulign\u00e9 que le SBT \u00e9tait une manifestation importante et respect\u00e9e. La brillante r\u00e9ussite du boulanger bernois, Stephan Krenger, en est la preuve. Souvenons-nous : l\u2019an dernier, lors de la SBT, son \u00ab Feuersteinbrot \u00bb a \u00e9t\u00e9 d\u00e9sign\u00e9 \u00ab meilleur pain \u00bb. Une forte pr\u00e9sence des m\u00e9dias ainsi qu\u2019une augmentation tr\u00e8s importante des ventes ont pu \u00eatre constat\u00e9es.<\/p>\n","protected":false},"excerpt":{"rendered":"<p>Le budget BCS de 2019 pr\u00e9voit des \u00e9conomies de 111\u2009500\u202ffrancs au minimum. Toutes les parties ont d\u00fb faire des concessions. Le comit\u00e9 central a approuv\u00e9 la proposition \u00e0 l\u2019attention du congr\u00e8s. Le budget de 2019 pr\u00e9voit les \u00e9conomies suivantes. La campagne d\u2019image a \u00e9t\u00e9 annul\u00e9e : 90 000 francs. Le rapport annuel de la BCS sera con\u00e7u au sein de [&hellip;]<\/p>\n","protected":false},"author":1,"featured_media":6356,"comment_status":"open","ping_status":"closed","sticky":false,"template":"","format":"standard","meta":{"_acf_changed":false,"footnotes":""},"categories":[41],"tags":[],"class_list":["post-10725","post","type-post","status-publish","format-standard","has-post-thumbnail","hentry","category-association"],"acf":[],"yoast_head":"<!-- This site is optimized with the Yoast SEO Premium plugin v26.8 (Yoast SEO v26.8) - https:\/\/yoast.com\/product\/yoast-seo-premium-wordpress\/ -->\n<title>\u00c9conomies de plus de cent mille francs | SBC<\/title>\n<meta name=\"robots\" content=\"index, follow, max-snippet:-1, max-image-preview:large, max-video-preview:-1\" \/>\n<link rel=\"canonical\" href=\"https:\/\/swissbaker.ch\/fr\/panissimo-news\/economies-de-plus-de-cent-mille-francs\/\" \/>\n<meta property=\"og:locale\" content=\"fr_FR\" \/>\n<meta property=\"og:type\" content=\"article\" \/>\n<meta property=\"og:title\" content=\"\u00c9conomies de plus de cent mille francs\" \/>\n<meta property=\"og:description\" content=\"Le budget BCS de 2019 pr\u00e9voit des \u00e9conomies de 111\u2009500\u202ffrancs au minimum. Toutes les parties ont d\u00fb faire des concessions. Le comit\u00e9 central a approuv\u00e9 la proposition \u00e0 l\u2019attention du congr\u00e8s. Le budget de 2019 pr\u00e9voit les \u00e9conomies suivantes. La campagne d\u2019image a \u00e9t\u00e9 annul\u00e9e : 90 000 francs. Le rapport annuel de la BCS sera con\u00e7u au sein de [&hellip;]\" \/>\n<meta property=\"og:url\" content=\"https:\/\/swissbaker.ch\/fr\/panissimo-news\/economies-de-plus-de-cent-mille-francs\/\" \/>\n<meta property=\"og:site_name\" content=\"SBC\" \/>\n<meta property=\"article:publisher\" content=\"https:\/\/www.facebook.com\/swissbaker.ch\" \/>\n<meta property=\"article:published_time\" content=\"2019-03-08T07:18:00+00:00\" \/>\n<meta property=\"article:modified_time\" content=\"2022-05-24T13:36:48+00:00\" \/>\n<meta property=\"og:image\" content=\"https:\/\/swissbaker.ch\/wp-content\/uploads\/2022\/04\/Geld_2017_008.jpeg\" \/>\n\t<meta property=\"og:image:width\" content=\"800\" \/>\n\t<meta property=\"og:image:height\" content=\"474\" \/>\n\t<meta property=\"og:image:type\" content=\"image\/jpeg\" \/>\n<meta name=\"author\" content=\"azureart\" \/>\n<meta name=\"twitter:card\" content=\"summary_large_image\" \/>\n<meta name=\"twitter:creator\" content=\"@ch_swissbaker\" \/>\n<meta name=\"twitter:site\" content=\"@ch_swissbaker\" \/>\n<meta name=\"twitter:label1\" content=\"Written by\" \/>\n\t<meta name=\"twitter:data1\" content=\"azureart\" \/>\n\t<meta name=\"twitter:label2\" content=\"Est. reading time\" \/>\n\t<meta name=\"twitter:data2\" content=\"2 minutes\" \/>\n<script type=\"application\/ld+json\" class=\"yoast-schema-graph\">{\"@context\":\"https:\/\/schema.org\",\"@graph\":[{\"@type\":\"Article\",\"@id\":\"https:\/\/swissbaker.ch\/fr\/panissimo-news\/economies-de-plus-de-cent-mille-francs\/#article\",\"isPartOf\":{\"@id\":\"https:\/\/swissbaker.ch\/fr\/panissimo-news\/economies-de-plus-de-cent-mille-francs\/\"},\"author\":{\"name\":\"azureart\",\"@id\":\"https:\/\/swissbaker.ch\/fr\/#\/schema\/person\/058ac47619f7da53df62aba60f939b78\"},\"headline\":\"\u00c9conomies de plus de cent mille francs\",\"datePublished\":\"2019-03-08T07:18:00+00:00\",\"dateModified\":\"2022-05-24T13:36:48+00:00\",\"mainEntityOfPage\":{\"@id\":\"https:\/\/swissbaker.ch\/fr\/panissimo-news\/economies-de-plus-de-cent-mille-francs\/\"},\"wordCount\":378,\"commentCount\":0,\"publisher\":{\"@id\":\"https:\/\/swissbaker.ch\/fr\/#organization\"},\"image\":{\"@id\":\"https:\/\/swissbaker.ch\/fr\/panissimo-news\/economies-de-plus-de-cent-mille-francs\/#primaryimage\"},\"thumbnailUrl\":\"https:\/\/swissbaker.ch\/wp-content\/uploads\/2022\/04\/Geld_2017_008.jpeg\",\"articleSection\":[\"Association\"],\"inLanguage\":\"fr-FR\",\"potentialAction\":[{\"@type\":\"CommentAction\",\"name\":\"Comment\",\"target\":[\"https:\/\/swissbaker.ch\/fr\/panissimo-news\/economies-de-plus-de-cent-mille-francs\/#respond\"]}]},{\"@type\":\"WebPage\",\"@id\":\"https:\/\/swissbaker.ch\/fr\/panissimo-news\/economies-de-plus-de-cent-mille-francs\/\",\"url\":\"https:\/\/swissbaker.ch\/fr\/panissimo-news\/economies-de-plus-de-cent-mille-francs\/\",\"name\":\"\u00c9conomies de plus de cent mille francs | SBC\",\"isPartOf\":{\"@id\":\"https:\/\/swissbaker.ch\/fr\/#website\"},\"primaryImageOfPage\":{\"@id\":\"https:\/\/swissbaker.ch\/fr\/panissimo-news\/economies-de-plus-de-cent-mille-francs\/#primaryimage\"},\"image\":{\"@id\":\"https:\/\/swissbaker.ch\/fr\/panissimo-news\/economies-de-plus-de-cent-mille-francs\/#primaryimage\"},\"thumbnailUrl\":\"https:\/\/swissbaker.ch\/wp-content\/uploads\/2022\/04\/Geld_2017_008.jpeg\",\"datePublished\":\"2019-03-08T07:18:00+00:00\",\"dateModified\":\"2022-05-24T13:36:48+00:00\",\"breadcrumb\":{\"@id\":\"https:\/\/swissbaker.ch\/fr\/panissimo-news\/economies-de-plus-de-cent-mille-francs\/#breadcrumb\"},\"inLanguage\":\"fr-FR\",\"potentialAction\":[{\"@type\":\"ReadAction\",\"target\":[\"https:\/\/swissbaker.ch\/fr\/panissimo-news\/economies-de-plus-de-cent-mille-francs\/\"]}]},{\"@type\":\"ImageObject\",\"inLanguage\":\"fr-FR\",\"@id\":\"https:\/\/swissbaker.ch\/fr\/panissimo-news\/economies-de-plus-de-cent-mille-francs\/#primaryimage\",\"url\":\"https:\/\/swissbaker.ch\/wp-content\/uploads\/2022\/04\/Geld_2017_008.jpeg\",\"contentUrl\":\"https:\/\/swissbaker.ch\/wp-content\/uploads\/2022\/04\/Geld_2017_008.jpeg\",\"width\":800,\"height\":474,\"caption\":\"\u00c9conomies de plus de cent mille francs\"},{\"@type\":\"BreadcrumbList\",\"@id\":\"https:\/\/swissbaker.ch\/fr\/panissimo-news\/economies-de-plus-de-cent-mille-francs\/#breadcrumb\",\"itemListElement\":[{\"@type\":\"ListItem\",\"position\":1,\"name\":\"\",\"item\":\"https:\/\/swissbaker.ch\/fr\/\"},{\"@type\":\"ListItem\",\"position\":2,\"name\":\"Association\",\"item\":\"https:\/\/swissbaker.ch\/fr\/panissimo-news\/category\/association\/\"},{\"@type\":\"ListItem\",\"position\":3,\"name\":\"\u00c9conomies de plus de cent mille francs\"}]},{\"@type\":\"WebSite\",\"@id\":\"https:\/\/swissbaker.ch\/fr\/#website\",\"url\":\"https:\/\/swissbaker.ch\/fr\/\",\"name\":\"SBC\",\"description\":\"\",\"publisher\":{\"@id\":\"https:\/\/swissbaker.ch\/fr\/#organization\"},\"potentialAction\":[{\"@type\":\"SearchAction\",\"target\":{\"@type\":\"EntryPoint\",\"urlTemplate\":\"https:\/\/swissbaker.ch\/fr\/?s={search_term_string}\"},\"query-input\":{\"@type\":\"PropertyValueSpecification\",\"valueRequired\":true,\"valueName\":\"search_term_string\"}}],\"inLanguage\":\"fr-FR\"},{\"@type\":\"Organization\",\"@id\":\"https:\/\/swissbaker.ch\/fr\/#organization\",\"name\":\"Schweizerischer B\u00e4cker-Confiseurmeister-Verband\",\"url\":\"https:\/\/swissbaker.ch\/fr\/\",\"logo\":{\"@type\":\"ImageObject\",\"inLanguage\":\"fr-FR\",\"@id\":\"https:\/\/swissbaker.ch\/fr\/#\/schema\/logo\/image\/\",\"url\":\"https:\/\/swissbaker.ch\/wp-content\/uploads\/2022\/04\/sbc-logo-yoast.jpg\",\"contentUrl\":\"https:\/\/swissbaker.ch\/wp-content\/uploads\/2022\/04\/sbc-logo-yoast.jpg\",\"width\":512,\"height\":512,\"caption\":\"Schweizerischer B\u00e4cker-Confiseurmeister-Verband\"},\"image\":{\"@id\":\"https:\/\/swissbaker.ch\/fr\/#\/schema\/logo\/image\/\"},\"sameAs\":[\"https:\/\/www.facebook.com\/swissbaker.ch\",\"https:\/\/x.com\/ch_swissbaker\"]},{\"@type\":\"Person\",\"@id\":\"https:\/\/swissbaker.ch\/fr\/#\/schema\/person\/058ac47619f7da53df62aba60f939b78\",\"name\":\"azureart\",\"image\":{\"@type\":\"ImageObject\",\"inLanguage\":\"fr-FR\",\"@id\":\"https:\/\/swissbaker.ch\/fr\/#\/schema\/person\/image\/\",\"url\":\"https:\/\/secure.gravatar.com\/avatar\/be04dd3098fd612c83067af4f7a295384c93cb6a9112f51beb9d2f477d25da61?s=96&d=mm&r=g\",\"contentUrl\":\"https:\/\/secure.gravatar.com\/avatar\/be04dd3098fd612c83067af4f7a295384c93cb6a9112f51beb9d2f477d25da61?s=96&d=mm&r=g\",\"caption\":\"azureart\"},\"sameAs\":[\"https:\/\/swissbaker.ch\"],\"url\":\"https:\/\/swissbaker.ch\/fr\/panissimo-news\/author\/pixel-ahoi\/\"}]}<\/script>\n<!-- \/ Yoast SEO Premium plugin. -->","yoast_head_json":{"title":"\u00c9conomies de plus de cent mille francs | SBC","robots":{"index":"index","follow":"follow","max-snippet":"max-snippet:-1","max-image-preview":"max-image-preview:large","max-video-preview":"max-video-preview:-1"},"canonical":"https:\/\/swissbaker.ch\/fr\/panissimo-news\/economies-de-plus-de-cent-mille-francs\/","og_locale":"fr_FR","og_type":"article","og_title":"\u00c9conomies de plus de cent mille francs","og_description":"Le budget BCS de 2019 pr\u00e9voit des \u00e9conomies de 111\u2009500\u202ffrancs au minimum. Toutes les parties ont d\u00fb faire des concessions. Le comit\u00e9 central a approuv\u00e9 la proposition \u00e0 l\u2019attention du congr\u00e8s. Le budget de 2019 pr\u00e9voit les \u00e9conomies suivantes. La campagne d\u2019image a \u00e9t\u00e9 annul\u00e9e : 90 000 francs. Le rapport annuel de la BCS sera con\u00e7u au sein de [&hellip;]","og_url":"https:\/\/swissbaker.ch\/fr\/panissimo-news\/economies-de-plus-de-cent-mille-francs\/","og_site_name":"SBC","article_publisher":"https:\/\/www.facebook.com\/swissbaker.ch","article_published_time":"2019-03-08T07:18:00+00:00","article_modified_time":"2022-05-24T13:36:48+00:00","og_image":[{"width":800,"height":474,"url":"https:\/\/swissbaker.ch\/wp-content\/uploads\/2022\/04\/Geld_2017_008.jpeg","type":"image\/jpeg"}],"author":"azureart","twitter_card":"summary_large_image","twitter_creator":"@ch_swissbaker","twitter_site":"@ch_swissbaker","twitter_misc":{"Written by":"azureart","Est. reading time":"2 minutes"},"schema":{"@context":"https:\/\/schema.org","@graph":[{"@type":"Article","@id":"https:\/\/swissbaker.ch\/fr\/panissimo-news\/economies-de-plus-de-cent-mille-francs\/#article","isPartOf":{"@id":"https:\/\/swissbaker.ch\/fr\/panissimo-news\/economies-de-plus-de-cent-mille-francs\/"},"author":{"name":"azureart","@id":"https:\/\/swissbaker.ch\/fr\/#\/schema\/person\/058ac47619f7da53df62aba60f939b78"},"headline":"\u00c9conomies de plus de cent mille francs","datePublished":"2019-03-08T07:18:00+00:00","dateModified":"2022-05-24T13:36:48+00:00","mainEntityOfPage":{"@id":"https:\/\/swissbaker.ch\/fr\/panissimo-news\/economies-de-plus-de-cent-mille-francs\/"},"wordCount":378,"commentCount":0,"publisher":{"@id":"https:\/\/swissbaker.ch\/fr\/#organization"},"image":{"@id":"https:\/\/swissbaker.ch\/fr\/panissimo-news\/economies-de-plus-de-cent-mille-francs\/#primaryimage"},"thumbnailUrl":"https:\/\/swissbaker.ch\/wp-content\/uploads\/2022\/04\/Geld_2017_008.jpeg","articleSection":["Association"],"inLanguage":"fr-FR","potentialAction":[{"@type":"CommentAction","name":"Comment","target":["https:\/\/swissbaker.ch\/fr\/panissimo-news\/economies-de-plus-de-cent-mille-francs\/#respond"]}]},{"@type":"WebPage","@id":"https:\/\/swissbaker.ch\/fr\/panissimo-news\/economies-de-plus-de-cent-mille-francs\/","url":"https:\/\/swissbaker.ch\/fr\/panissimo-news\/economies-de-plus-de-cent-mille-francs\/","name":"\u00c9conomies de plus de cent mille francs | SBC","isPartOf":{"@id":"https:\/\/swissbaker.ch\/fr\/#website"},"primaryImageOfPage":{"@id":"https:\/\/swissbaker.ch\/fr\/panissimo-news\/economies-de-plus-de-cent-mille-francs\/#primaryimage"},"image":{"@id":"https:\/\/swissbaker.ch\/fr\/panissimo-news\/economies-de-plus-de-cent-mille-francs\/#primaryimage"},"thumbnailUrl":"https:\/\/swissbaker.ch\/wp-content\/uploads\/2022\/04\/Geld_2017_008.jpeg","datePublished":"2019-03-08T07:18:00+00:00","dateModified":"2022-05-24T13:36:48+00:00","breadcrumb":{"@id":"https:\/\/swissbaker.ch\/fr\/panissimo-news\/economies-de-plus-de-cent-mille-francs\/#breadcrumb"},"inLanguage":"fr-FR","potentialAction":[{"@type":"ReadAction","target":["https:\/\/swissbaker.ch\/fr\/panissimo-news\/economies-de-plus-de-cent-mille-francs\/"]}]},{"@type":"ImageObject","inLanguage":"fr-FR","@id":"https:\/\/swissbaker.ch\/fr\/panissimo-news\/economies-de-plus-de-cent-mille-francs\/#primaryimage","url":"https:\/\/swissbaker.ch\/wp-content\/uploads\/2022\/04\/Geld_2017_008.jpeg","contentUrl":"https:\/\/swissbaker.ch\/wp-content\/uploads\/2022\/04\/Geld_2017_008.jpeg","width":800,"height":474,"caption":"\u00c9conomies de plus de cent mille francs"},{"@type":"BreadcrumbList","@id":"https:\/\/swissbaker.ch\/fr\/panissimo-news\/economies-de-plus-de-cent-mille-francs\/#breadcrumb","itemListElement":[{"@type":"ListItem","position":1,"name":"","item":"https:\/\/swissbaker.ch\/fr\/"},{"@type":"ListItem","position":2,"name":"Association","item":"https:\/\/swissbaker.ch\/fr\/panissimo-news\/category\/association\/"},{"@type":"ListItem","position":3,"name":"\u00c9conomies de plus de cent mille francs"}]},{"@type":"WebSite","@id":"https:\/\/swissbaker.ch\/fr\/#website","url":"https:\/\/swissbaker.ch\/fr\/","name":"SBC","description":"","publisher":{"@id":"https:\/\/swissbaker.ch\/fr\/#organization"},"potentialAction":[{"@type":"SearchAction","target":{"@type":"EntryPoint","urlTemplate":"https:\/\/swissbaker.ch\/fr\/?s={search_term_string}"},"query-input":{"@type":"PropertyValueSpecification","valueRequired":true,"valueName":"search_term_string"}}],"inLanguage":"fr-FR"},{"@type":"Organization","@id":"https:\/\/swissbaker.ch\/fr\/#organization","name":"Schweizerischer B\u00e4cker-Confiseurmeister-Verband","url":"https:\/\/swissbaker.ch\/fr\/","logo":{"@type":"ImageObject","inLanguage":"fr-FR","@id":"https:\/\/swissbaker.ch\/fr\/#\/schema\/logo\/image\/","url":"https:\/\/swissbaker.ch\/wp-content\/uploads\/2022\/04\/sbc-logo-yoast.jpg","contentUrl":"https:\/\/swissbaker.ch\/wp-content\/uploads\/2022\/04\/sbc-logo-yoast.jpg","width":512,"height":512,"caption":"Schweizerischer B\u00e4cker-Confiseurmeister-Verband"},"image":{"@id":"https:\/\/swissbaker.ch\/fr\/#\/schema\/logo\/image\/"},"sameAs":["https:\/\/www.facebook.com\/swissbaker.ch","https:\/\/x.com\/ch_swissbaker"]},{"@type":"Person","@id":"https:\/\/swissbaker.ch\/fr\/#\/schema\/person\/058ac47619f7da53df62aba60f939b78","name":"azureart","image":{"@type":"ImageObject","inLanguage":"fr-FR","@id":"https:\/\/swissbaker.ch\/fr\/#\/schema\/person\/image\/","url":"https:\/\/secure.gravatar.com\/avatar\/be04dd3098fd612c83067af4f7a295384c93cb6a9112f51beb9d2f477d25da61?s=96&d=mm&r=g","contentUrl":"https:\/\/secure.gravatar.com\/avatar\/be04dd3098fd612c83067af4f7a295384c93cb6a9112f51beb9d2f477d25da61?s=96&d=mm&r=g","caption":"azureart"},"sameAs":["https:\/\/swissbaker.ch"],"url":"https:\/\/swissbaker.ch\/fr\/panissimo-news\/author\/pixel-ahoi\/"}]}},"_links":{"self":[{"href":"https:\/\/swissbaker.ch\/fr\/wp-json\/wp\/v2\/posts\/10725","targetHints":{"allow":["GET"]}}],"collection":[{"href":"https:\/\/swissbaker.ch\/fr\/wp-json\/wp\/v2\/posts"}],"about":[{"href":"https:\/\/swissbaker.ch\/fr\/wp-json\/wp\/v2\/types\/post"}],"author":[{"embeddable":true,"href":"https:\/\/swissbaker.ch\/fr\/wp-json\/wp\/v2\/users\/1"}],"replies":[{"embeddable":true,"href":"https:\/\/swissbaker.ch\/fr\/wp-json\/wp\/v2\/comments?post=10725"}],"version-history":[{"count":0,"href":"https:\/\/swissbaker.ch\/fr\/wp-json\/wp\/v2\/posts\/10725\/revisions"}],"wp:featuredmedia":[{"embeddable":true,"href":"https:\/\/swissbaker.ch\/fr\/wp-json\/wp\/v2\/media\/6356"}],"wp:attachment":[{"href":"https:\/\/swissbaker.ch\/fr\/wp-json\/wp\/v2\/media?parent=10725"}],"wp:term":[{"taxonomy":"category","embeddable":true,"href":"https:\/\/swissbaker.ch\/fr\/wp-json\/wp\/v2\/categories?post=10725"},{"taxonomy":"post_tag","embeddable":true,"href":"https:\/\/swissbaker.ch\/fr\/wp-json\/wp\/v2\/tags?post=10725"}],"curies":[{"name":"wp","href":"https:\/\/api.w.org\/{rel}","templated":true}]}}