{"id":10723,"date":"2019-03-08T08:17:00","date_gmt":"2019-03-08T07:17:00","guid":{"rendered":"https:\/\/swissbaker.ch\/?p=10723"},"modified":"2022-05-24T15:35:10","modified_gmt":"2022-05-24T13:35:10","slug":"swissskills-tous-les-deux-ans","status":"publish","type":"post","link":"https:\/\/swissbaker.ch\/fr\/panissimo-news\/swissskills-tous-les-deux-ans\/","title":{"rendered":"SwissSkills tous les deux ans"},"content":{"rendered":"\n<p>Apr\u00e8s le grand succ\u00e8s de SwissSkills 2018, ce concours professionnel se r\u00e9p\u00e9tera \u00e0 Berne en 2020. Le comit\u00e9 central (CC) a accept\u00e9 d\u2019y participer. Il est pr\u00e9vu d\u2019organiser cette manifestation tous les deux ans. En partie pour des raisons d\u2019\u00e9conomies, aucun concours de notre branche n\u2019aura lieu les autres ann\u00e9es. Le prochain concours SwissSkills aura lieu en septembre 2020.<\/p>\n\n\n\n<h2 class=\"wp-block-heading\" id=\"h-lettre-de-motivation-personnelle\">Lettre de motivation personnelle<\/h2>\n\n\n\n<p>Tous les ans, chacune des sept r\u00e9gions s\u00e9lectionn\u00e9es peut nommer deux candidats. Ceux-ci devront remettre une lettre de motivation expliquant la raison de leur participation. Les candidats qualifi\u00e9s l\u2019ann\u00e9e pr\u00e9c\u00e9dente seront contact\u00e9s en mai de l\u2019ann\u00e9e du concours. La s\u00e9lection par le comit\u00e9 du concours se basera sur le processus de qualification et sur la lettre de motivation du candidat. Douze candidats peuvent participer dans chaque sp\u00e9cialit\u00e9. Les participants ne doivent pas d\u00e9passer l\u2019\u00e2ge de 21 ans durant l\u2019ann\u00e9e du concours.<br>De plus, le conseil d\u2019administration de la BCS a d\u00e9cid\u00e9 de ne participer qu\u2019\u00e0 un seul concours international : WorldSkills. Le prochain concours aura lieu \u00e0 Kazan, en ao\u00fbt 2019.<\/p>\n","protected":false},"excerpt":{"rendered":"<p>Apr\u00e8s le grand succ\u00e8s de SwissSkills 2018, ce concours professionnel se r\u00e9p\u00e9tera \u00e0 Berne en 2020. Le comit\u00e9 central (CC) a accept\u00e9 d\u2019y participer. Il est pr\u00e9vu d\u2019organiser cette manifestation tous les deux ans. En partie pour des raisons d\u2019\u00e9conomies, aucun concours de notre branche n\u2019aura lieu les autres ann\u00e9es. Le prochain concours SwissSkills aura lieu en septembre 2020. Lettre [&hellip;]<\/p>\n","protected":false},"author":1,"featured_media":6355,"comment_status":"open","ping_status":"closed","sticky":false,"template":"","format":"standard","meta":{"_acf_changed":false,"footnotes":""},"categories":[41],"tags":[],"class_list":["post-10723","post","type-post","status-publish","format-standard","has-post-thumbnail","hentry","category-association"],"acf":[],"yoast_head":"<!-- This site is optimized with the Yoast SEO Premium plugin v26.8 (Yoast SEO v26.8) - https:\/\/yoast.com\/product\/yoast-seo-premium-wordpress\/ -->\n<title>SwissSkills tous les deux ans | SBC<\/title>\n<meta name=\"robots\" content=\"index, follow, max-snippet:-1, max-image-preview:large, max-video-preview:-1\" \/>\n<link rel=\"canonical\" href=\"https:\/\/swissbaker.ch\/fr\/panissimo-news\/swissskills-tous-les-deux-ans\/\" \/>\n<meta property=\"og:locale\" content=\"fr_FR\" \/>\n<meta property=\"og:type\" content=\"article\" \/>\n<meta property=\"og:title\" content=\"SwissSkills tous les deux ans\" \/>\n<meta property=\"og:description\" content=\"Apr\u00e8s le grand succ\u00e8s de SwissSkills 2018, ce concours professionnel se r\u00e9p\u00e9tera \u00e0 Berne en 2020. Le comit\u00e9 central (CC) a accept\u00e9 d\u2019y participer. Il est pr\u00e9vu d\u2019organiser cette manifestation tous les deux ans. En partie pour des raisons d\u2019\u00e9conomies, aucun concours de notre branche n\u2019aura lieu les autres ann\u00e9es. Le prochain concours SwissSkills aura lieu en septembre 2020. Lettre [&hellip;]\" \/>\n<meta property=\"og:url\" content=\"https:\/\/swissbaker.ch\/fr\/panissimo-news\/swissskills-tous-les-deux-ans\/\" \/>\n<meta property=\"og:site_name\" content=\"SBC\" \/>\n<meta property=\"article:publisher\" content=\"https:\/\/www.facebook.com\/swissbaker.ch\" \/>\n<meta property=\"article:published_time\" content=\"2019-03-08T07:17:00+00:00\" \/>\n<meta property=\"article:modified_time\" content=\"2022-05-24T13:35:10+00:00\" \/>\n<meta property=\"og:image\" content=\"https:\/\/swissbaker.ch\/wp-content\/uploads\/2022\/04\/SwissSkills2018_MG_3320_c_ce.jpeg\" \/>\n\t<meta property=\"og:image:width\" content=\"800\" \/>\n\t<meta property=\"og:image:height\" content=\"474\" \/>\n\t<meta property=\"og:image:type\" content=\"image\/jpeg\" \/>\n<meta name=\"author\" content=\"azureart\" \/>\n<meta name=\"twitter:card\" content=\"summary_large_image\" \/>\n<meta name=\"twitter:creator\" content=\"@ch_swissbaker\" \/>\n<meta name=\"twitter:site\" content=\"@ch_swissbaker\" \/>\n<meta name=\"twitter:label1\" content=\"Written by\" \/>\n\t<meta name=\"twitter:data1\" content=\"azureart\" \/>\n\t<meta name=\"twitter:label2\" content=\"Est. reading time\" \/>\n\t<meta name=\"twitter:data2\" content=\"1 minute\" \/>\n<script type=\"application\/ld+json\" class=\"yoast-schema-graph\">{\"@context\":\"https:\/\/schema.org\",\"@graph\":[{\"@type\":\"Article\",\"@id\":\"https:\/\/swissbaker.ch\/fr\/panissimo-news\/swissskills-tous-les-deux-ans\/#article\",\"isPartOf\":{\"@id\":\"https:\/\/swissbaker.ch\/fr\/panissimo-news\/swissskills-tous-les-deux-ans\/\"},\"author\":{\"name\":\"azureart\",\"@id\":\"https:\/\/swissbaker.ch\/fr\/#\/schema\/person\/058ac47619f7da53df62aba60f939b78\"},\"headline\":\"SwissSkills tous les deux ans\",\"datePublished\":\"2019-03-08T07:17:00+00:00\",\"dateModified\":\"2022-05-24T13:35:10+00:00\",\"mainEntityOfPage\":{\"@id\":\"https:\/\/swissbaker.ch\/fr\/panissimo-news\/swissskills-tous-les-deux-ans\/\"},\"wordCount\":201,\"commentCount\":0,\"publisher\":{\"@id\":\"https:\/\/swissbaker.ch\/fr\/#organization\"},\"image\":{\"@id\":\"https:\/\/swissbaker.ch\/fr\/panissimo-news\/swissskills-tous-les-deux-ans\/#primaryimage\"},\"thumbnailUrl\":\"https:\/\/swissbaker.ch\/wp-content\/uploads\/2022\/04\/SwissSkills2018_MG_3320_c_ce.jpeg\",\"articleSection\":[\"Association\"],\"inLanguage\":\"fr-FR\",\"potentialAction\":[{\"@type\":\"CommentAction\",\"name\":\"Comment\",\"target\":[\"https:\/\/swissbaker.ch\/fr\/panissimo-news\/swissskills-tous-les-deux-ans\/#respond\"]}]},{\"@type\":\"WebPage\",\"@id\":\"https:\/\/swissbaker.ch\/fr\/panissimo-news\/swissskills-tous-les-deux-ans\/\",\"url\":\"https:\/\/swissbaker.ch\/fr\/panissimo-news\/swissskills-tous-les-deux-ans\/\",\"name\":\"SwissSkills tous les deux ans | SBC\",\"isPartOf\":{\"@id\":\"https:\/\/swissbaker.ch\/fr\/#website\"},\"primaryImageOfPage\":{\"@id\":\"https:\/\/swissbaker.ch\/fr\/panissimo-news\/swissskills-tous-les-deux-ans\/#primaryimage\"},\"image\":{\"@id\":\"https:\/\/swissbaker.ch\/fr\/panissimo-news\/swissskills-tous-les-deux-ans\/#primaryimage\"},\"thumbnailUrl\":\"https:\/\/swissbaker.ch\/wp-content\/uploads\/2022\/04\/SwissSkills2018_MG_3320_c_ce.jpeg\",\"datePublished\":\"2019-03-08T07:17:00+00:00\",\"dateModified\":\"2022-05-24T13:35:10+00:00\",\"breadcrumb\":{\"@id\":\"https:\/\/swissbaker.ch\/fr\/panissimo-news\/swissskills-tous-les-deux-ans\/#breadcrumb\"},\"inLanguage\":\"fr-FR\",\"potentialAction\":[{\"@type\":\"ReadAction\",\"target\":[\"https:\/\/swissbaker.ch\/fr\/panissimo-news\/swissskills-tous-les-deux-ans\/\"]}]},{\"@type\":\"ImageObject\",\"inLanguage\":\"fr-FR\",\"@id\":\"https:\/\/swissbaker.ch\/fr\/panissimo-news\/swissskills-tous-les-deux-ans\/#primaryimage\",\"url\":\"https:\/\/swissbaker.ch\/wp-content\/uploads\/2022\/04\/SwissSkills2018_MG_3320_c_ce.jpeg\",\"contentUrl\":\"https:\/\/swissbaker.ch\/wp-content\/uploads\/2022\/04\/SwissSkills2018_MG_3320_c_ce.jpeg\",\"width\":800,\"height\":474,\"caption\":\"SwissSkills tous les deux ans\"},{\"@type\":\"BreadcrumbList\",\"@id\":\"https:\/\/swissbaker.ch\/fr\/panissimo-news\/swissskills-tous-les-deux-ans\/#breadcrumb\",\"itemListElement\":[{\"@type\":\"ListItem\",\"position\":1,\"name\":\"\",\"item\":\"https:\/\/swissbaker.ch\/fr\/\"},{\"@type\":\"ListItem\",\"position\":2,\"name\":\"Association\",\"item\":\"https:\/\/swissbaker.ch\/fr\/panissimo-news\/category\/association\/\"},{\"@type\":\"ListItem\",\"position\":3,\"name\":\"SwissSkills tous les deux ans\"}]},{\"@type\":\"WebSite\",\"@id\":\"https:\/\/swissbaker.ch\/fr\/#website\",\"url\":\"https:\/\/swissbaker.ch\/fr\/\",\"name\":\"SBC\",\"description\":\"\",\"publisher\":{\"@id\":\"https:\/\/swissbaker.ch\/fr\/#organization\"},\"potentialAction\":[{\"@type\":\"SearchAction\",\"target\":{\"@type\":\"EntryPoint\",\"urlTemplate\":\"https:\/\/swissbaker.ch\/fr\/?s={search_term_string}\"},\"query-input\":{\"@type\":\"PropertyValueSpecification\",\"valueRequired\":true,\"valueName\":\"search_term_string\"}}],\"inLanguage\":\"fr-FR\"},{\"@type\":\"Organization\",\"@id\":\"https:\/\/swissbaker.ch\/fr\/#organization\",\"name\":\"Schweizerischer B\u00e4cker-Confiseurmeister-Verband\",\"url\":\"https:\/\/swissbaker.ch\/fr\/\",\"logo\":{\"@type\":\"ImageObject\",\"inLanguage\":\"fr-FR\",\"@id\":\"https:\/\/swissbaker.ch\/fr\/#\/schema\/logo\/image\/\",\"url\":\"https:\/\/swissbaker.ch\/wp-content\/uploads\/2022\/04\/sbc-logo-yoast.jpg\",\"contentUrl\":\"https:\/\/swissbaker.ch\/wp-content\/uploads\/2022\/04\/sbc-logo-yoast.jpg\",\"width\":512,\"height\":512,\"caption\":\"Schweizerischer B\u00e4cker-Confiseurmeister-Verband\"},\"image\":{\"@id\":\"https:\/\/swissbaker.ch\/fr\/#\/schema\/logo\/image\/\"},\"sameAs\":[\"https:\/\/www.facebook.com\/swissbaker.ch\",\"https:\/\/x.com\/ch_swissbaker\"]},{\"@type\":\"Person\",\"@id\":\"https:\/\/swissbaker.ch\/fr\/#\/schema\/person\/058ac47619f7da53df62aba60f939b78\",\"name\":\"azureart\",\"image\":{\"@type\":\"ImageObject\",\"inLanguage\":\"fr-FR\",\"@id\":\"https:\/\/swissbaker.ch\/fr\/#\/schema\/person\/image\/\",\"url\":\"https:\/\/secure.gravatar.com\/avatar\/be04dd3098fd612c83067af4f7a295384c93cb6a9112f51beb9d2f477d25da61?s=96&d=mm&r=g\",\"contentUrl\":\"https:\/\/secure.gravatar.com\/avatar\/be04dd3098fd612c83067af4f7a295384c93cb6a9112f51beb9d2f477d25da61?s=96&d=mm&r=g\",\"caption\":\"azureart\"},\"sameAs\":[\"https:\/\/swissbaker.ch\"],\"url\":\"https:\/\/swissbaker.ch\/fr\/panissimo-news\/author\/pixel-ahoi\/\"}]}<\/script>\n<!-- \/ Yoast SEO Premium plugin. -->","yoast_head_json":{"title":"SwissSkills tous les deux ans | SBC","robots":{"index":"index","follow":"follow","max-snippet":"max-snippet:-1","max-image-preview":"max-image-preview:large","max-video-preview":"max-video-preview:-1"},"canonical":"https:\/\/swissbaker.ch\/fr\/panissimo-news\/swissskills-tous-les-deux-ans\/","og_locale":"fr_FR","og_type":"article","og_title":"SwissSkills tous les deux ans","og_description":"Apr\u00e8s le grand succ\u00e8s de SwissSkills 2018, ce concours professionnel se r\u00e9p\u00e9tera \u00e0 Berne en 2020. Le comit\u00e9 central (CC) a accept\u00e9 d\u2019y participer. Il est pr\u00e9vu d\u2019organiser cette manifestation tous les deux ans. En partie pour des raisons d\u2019\u00e9conomies, aucun concours de notre branche n\u2019aura lieu les autres ann\u00e9es. Le prochain concours SwissSkills aura lieu en septembre 2020. Lettre [&hellip;]","og_url":"https:\/\/swissbaker.ch\/fr\/panissimo-news\/swissskills-tous-les-deux-ans\/","og_site_name":"SBC","article_publisher":"https:\/\/www.facebook.com\/swissbaker.ch","article_published_time":"2019-03-08T07:17:00+00:00","article_modified_time":"2022-05-24T13:35:10+00:00","og_image":[{"width":800,"height":474,"url":"https:\/\/swissbaker.ch\/wp-content\/uploads\/2022\/04\/SwissSkills2018_MG_3320_c_ce.jpeg","type":"image\/jpeg"}],"author":"azureart","twitter_card":"summary_large_image","twitter_creator":"@ch_swissbaker","twitter_site":"@ch_swissbaker","twitter_misc":{"Written by":"azureart","Est. reading time":"1 minute"},"schema":{"@context":"https:\/\/schema.org","@graph":[{"@type":"Article","@id":"https:\/\/swissbaker.ch\/fr\/panissimo-news\/swissskills-tous-les-deux-ans\/#article","isPartOf":{"@id":"https:\/\/swissbaker.ch\/fr\/panissimo-news\/swissskills-tous-les-deux-ans\/"},"author":{"name":"azureart","@id":"https:\/\/swissbaker.ch\/fr\/#\/schema\/person\/058ac47619f7da53df62aba60f939b78"},"headline":"SwissSkills tous les deux ans","datePublished":"2019-03-08T07:17:00+00:00","dateModified":"2022-05-24T13:35:10+00:00","mainEntityOfPage":{"@id":"https:\/\/swissbaker.ch\/fr\/panissimo-news\/swissskills-tous-les-deux-ans\/"},"wordCount":201,"commentCount":0,"publisher":{"@id":"https:\/\/swissbaker.ch\/fr\/#organization"},"image":{"@id":"https:\/\/swissbaker.ch\/fr\/panissimo-news\/swissskills-tous-les-deux-ans\/#primaryimage"},"thumbnailUrl":"https:\/\/swissbaker.ch\/wp-content\/uploads\/2022\/04\/SwissSkills2018_MG_3320_c_ce.jpeg","articleSection":["Association"],"inLanguage":"fr-FR","potentialAction":[{"@type":"CommentAction","name":"Comment","target":["https:\/\/swissbaker.ch\/fr\/panissimo-news\/swissskills-tous-les-deux-ans\/#respond"]}]},{"@type":"WebPage","@id":"https:\/\/swissbaker.ch\/fr\/panissimo-news\/swissskills-tous-les-deux-ans\/","url":"https:\/\/swissbaker.ch\/fr\/panissimo-news\/swissskills-tous-les-deux-ans\/","name":"SwissSkills tous les deux ans | SBC","isPartOf":{"@id":"https:\/\/swissbaker.ch\/fr\/#website"},"primaryImageOfPage":{"@id":"https:\/\/swissbaker.ch\/fr\/panissimo-news\/swissskills-tous-les-deux-ans\/#primaryimage"},"image":{"@id":"https:\/\/swissbaker.ch\/fr\/panissimo-news\/swissskills-tous-les-deux-ans\/#primaryimage"},"thumbnailUrl":"https:\/\/swissbaker.ch\/wp-content\/uploads\/2022\/04\/SwissSkills2018_MG_3320_c_ce.jpeg","datePublished":"2019-03-08T07:17:00+00:00","dateModified":"2022-05-24T13:35:10+00:00","breadcrumb":{"@id":"https:\/\/swissbaker.ch\/fr\/panissimo-news\/swissskills-tous-les-deux-ans\/#breadcrumb"},"inLanguage":"fr-FR","potentialAction":[{"@type":"ReadAction","target":["https:\/\/swissbaker.ch\/fr\/panissimo-news\/swissskills-tous-les-deux-ans\/"]}]},{"@type":"ImageObject","inLanguage":"fr-FR","@id":"https:\/\/swissbaker.ch\/fr\/panissimo-news\/swissskills-tous-les-deux-ans\/#primaryimage","url":"https:\/\/swissbaker.ch\/wp-content\/uploads\/2022\/04\/SwissSkills2018_MG_3320_c_ce.jpeg","contentUrl":"https:\/\/swissbaker.ch\/wp-content\/uploads\/2022\/04\/SwissSkills2018_MG_3320_c_ce.jpeg","width":800,"height":474,"caption":"SwissSkills tous les deux ans"},{"@type":"BreadcrumbList","@id":"https:\/\/swissbaker.ch\/fr\/panissimo-news\/swissskills-tous-les-deux-ans\/#breadcrumb","itemListElement":[{"@type":"ListItem","position":1,"name":"","item":"https:\/\/swissbaker.ch\/fr\/"},{"@type":"ListItem","position":2,"name":"Association","item":"https:\/\/swissbaker.ch\/fr\/panissimo-news\/category\/association\/"},{"@type":"ListItem","position":3,"name":"SwissSkills tous les deux ans"}]},{"@type":"WebSite","@id":"https:\/\/swissbaker.ch\/fr\/#website","url":"https:\/\/swissbaker.ch\/fr\/","name":"SBC","description":"","publisher":{"@id":"https:\/\/swissbaker.ch\/fr\/#organization"},"potentialAction":[{"@type":"SearchAction","target":{"@type":"EntryPoint","urlTemplate":"https:\/\/swissbaker.ch\/fr\/?s={search_term_string}"},"query-input":{"@type":"PropertyValueSpecification","valueRequired":true,"valueName":"search_term_string"}}],"inLanguage":"fr-FR"},{"@type":"Organization","@id":"https:\/\/swissbaker.ch\/fr\/#organization","name":"Schweizerischer B\u00e4cker-Confiseurmeister-Verband","url":"https:\/\/swissbaker.ch\/fr\/","logo":{"@type":"ImageObject","inLanguage":"fr-FR","@id":"https:\/\/swissbaker.ch\/fr\/#\/schema\/logo\/image\/","url":"https:\/\/swissbaker.ch\/wp-content\/uploads\/2022\/04\/sbc-logo-yoast.jpg","contentUrl":"https:\/\/swissbaker.ch\/wp-content\/uploads\/2022\/04\/sbc-logo-yoast.jpg","width":512,"height":512,"caption":"Schweizerischer B\u00e4cker-Confiseurmeister-Verband"},"image":{"@id":"https:\/\/swissbaker.ch\/fr\/#\/schema\/logo\/image\/"},"sameAs":["https:\/\/www.facebook.com\/swissbaker.ch","https:\/\/x.com\/ch_swissbaker"]},{"@type":"Person","@id":"https:\/\/swissbaker.ch\/fr\/#\/schema\/person\/058ac47619f7da53df62aba60f939b78","name":"azureart","image":{"@type":"ImageObject","inLanguage":"fr-FR","@id":"https:\/\/swissbaker.ch\/fr\/#\/schema\/person\/image\/","url":"https:\/\/secure.gravatar.com\/avatar\/be04dd3098fd612c83067af4f7a295384c93cb6a9112f51beb9d2f477d25da61?s=96&d=mm&r=g","contentUrl":"https:\/\/secure.gravatar.com\/avatar\/be04dd3098fd612c83067af4f7a295384c93cb6a9112f51beb9d2f477d25da61?s=96&d=mm&r=g","caption":"azureart"},"sameAs":["https:\/\/swissbaker.ch"],"url":"https:\/\/swissbaker.ch\/fr\/panissimo-news\/author\/pixel-ahoi\/"}]}},"_links":{"self":[{"href":"https:\/\/swissbaker.ch\/fr\/wp-json\/wp\/v2\/posts\/10723","targetHints":{"allow":["GET"]}}],"collection":[{"href":"https:\/\/swissbaker.ch\/fr\/wp-json\/wp\/v2\/posts"}],"about":[{"href":"https:\/\/swissbaker.ch\/fr\/wp-json\/wp\/v2\/types\/post"}],"author":[{"embeddable":true,"href":"https:\/\/swissbaker.ch\/fr\/wp-json\/wp\/v2\/users\/1"}],"replies":[{"embeddable":true,"href":"https:\/\/swissbaker.ch\/fr\/wp-json\/wp\/v2\/comments?post=10723"}],"version-history":[{"count":0,"href":"https:\/\/swissbaker.ch\/fr\/wp-json\/wp\/v2\/posts\/10723\/revisions"}],"wp:featuredmedia":[{"embeddable":true,"href":"https:\/\/swissbaker.ch\/fr\/wp-json\/wp\/v2\/media\/6355"}],"wp:attachment":[{"href":"https:\/\/swissbaker.ch\/fr\/wp-json\/wp\/v2\/media?parent=10723"}],"wp:term":[{"taxonomy":"category","embeddable":true,"href":"https:\/\/swissbaker.ch\/fr\/wp-json\/wp\/v2\/categories?post=10723"},{"taxonomy":"post_tag","embeddable":true,"href":"https:\/\/swissbaker.ch\/fr\/wp-json\/wp\/v2\/tags?post=10723"}],"curies":[{"name":"wp","href":"https:\/\/api.w.org\/{rel}","templated":true}]}}