{"id":10679,"date":"2019-04-17T14:55:00","date_gmt":"2019-04-17T12:55:00","guid":{"rendered":"https:\/\/swissbaker.ch\/?p=10679"},"modified":"2022-05-24T14:57:37","modified_gmt":"2022-05-24T12:57:37","slug":"rythme-loisirs-vacances","status":"publish","type":"post","link":"https:\/\/swissbaker.ch\/fr\/panissimo-news\/rythme-loisirs-vacances\/","title":{"rendered":"Rythme, loisirs, vacances"},"content":{"rendered":"\n<p>Au d\u00e9but de mon apprentissage, je trouvais mes horaires un peu rudes\u2009; m\u00eame si pour un p\u00e2tissier commencer \u00e0 5 heures est loin d\u2019\u00eatre t\u00f4t. Il m\u2019a fallu plusieurs mois pour m\u2019habituer \u00e0 ce rythme. En finissant \u00e0 14 heures environ, avec 30\u202fminutes de pause, en rentrant j\u2019\u00e9tais plut\u00f4t fatigu\u00e9. J\u2019essaie de ne pas aller au lit apr\u00e8s 21 heures\u2026 M\u00eame si \u00e7a arrive encore que je n\u2019y sois qu\u2019\u00e0 22 heures. Le fait d\u2019\u00eatre le seul chez moi \u00e0 avoir ce rythme en est peut-\u00eatre aussi la cause. J\u2019ai commenc\u00e9 \u00e0 faire des siestes \u00e7a me remet en forme, m\u00eame si elles ne durent que vingt minutes. Je peux donc appr\u00e9cier tranquillement le reste de ma journ\u00e9e avec des amis, faire du sport ou encore rester avec ma famille. Depuis que j\u2019ai adopt\u00e9 ce rythme, je suis tous les jours en pleine forme.<\/p>\n\n\n\n<h2 class=\"wp-block-heading\" id=\"h-du-rap-au-rai\">Du rap au ra\u00ef<\/h2>\n\n\n\n<p>Durant mon temps libre j\u2019\u00e9coute \u00e9norm\u00e9ment de musique\u2009; entre autres styles du rap (am\u00e9ricain et fran\u00e7ais). Mes artistes pr\u00e9f\u00e9r\u00e9s sont Damso de Bruxelles et PNL de Paris. J\u2019ai aussi d\u2019autres r\u00e9f\u00e9rences culturelles dans la musique comme Charles Aznavour, Salif Keita (Mali), Youssou N\u2019Dour (S\u00e9n\u00e9gal) ou encore Cheb Khaled (Alg\u00e9rie).<br>Sinon, je faisais du kick boxing mais j\u2019ai arr\u00eat\u00e9. J\u2019ai commenc\u00e9 le fitness il y a quelques semaines. Depuis tout petit, je joue au foot dans mon quartier avec mon grand fr\u00e8re. J\u2019ai m\u00eame fait partie d\u2019Yverdon Sport durant quelques ann\u00e9es. Depuis que j\u2019ai trois ans, je supporte le Bayern de Munich et l\u2019\u00e9quipe d\u2019Allemagne.<\/p>\n\n\n\n<h2 class=\"wp-block-heading\" id=\"h-les-vacances-d-un-apprenti-patissier\">Les vacances d\u2019un apprenti p\u00e2tissier<\/h2>\n\n\n\n<p>Au mois de janvier, mon employeur Gr\u00e9gory Wyss m\u2019a rappel\u00e9 que j\u2019avais quelques heures suppl\u00e9mentaires. Il m\u2019a alors propos\u00e9 de prendre une semaine de vacances en plus en avril, apr\u00e8s P\u00e2ques. Cela me permettra d\u2019aller \u00e0 Paris avec mon p\u00e8re, sa copine et ma s\u0153ur, rendre visite \u00e0 une partie de ma famille fran\u00e7aise.<br>Je passerai certainement ma deuxi\u00e8me semaine \u00e0 Barcelone. Je profiterai de la mer, du soleil et visiterai la ville. En \u00e9t\u00e9, j\u2019irai peut-\u00eatre, comme chaque ann\u00e9e, en Italie voir ma famille.<\/p>\n","protected":false},"excerpt":{"rendered":"<p>Au d\u00e9but de mon apprentissage, je trouvais mes horaires un peu rudes\u2009; m\u00eame si pour un p\u00e2tissier commencer \u00e0 5 heures est loin d\u2019\u00eatre t\u00f4t. Il m\u2019a fallu plusieurs mois pour m\u2019habituer \u00e0 ce rythme. En finissant \u00e0 14 heures environ, avec 30\u202fminutes de pause, en rentrant j\u2019\u00e9tais plut\u00f4t fatigu\u00e9. J\u2019essaie de ne pas aller au lit apr\u00e8s 21 heures\u2026 [&hellip;]<\/p>\n","protected":false},"author":1,"featured_media":10682,"comment_status":"open","ping_status":"closed","sticky":false,"template":"","format":"standard","meta":{"_acf_changed":false,"footnotes":""},"categories":[47],"tags":[],"class_list":["post-10679","post","type-post","status-publish","format-standard","has-post-thumbnail","hentry","category-formation-releve"],"acf":[],"yoast_head":"<!-- This site is optimized with the Yoast SEO Premium plugin v26.8 (Yoast SEO v26.8) - https:\/\/yoast.com\/product\/yoast-seo-premium-wordpress\/ -->\n<title>Rythme, loisirs, vacances | SBC<\/title>\n<meta name=\"robots\" content=\"index, follow, max-snippet:-1, max-image-preview:large, max-video-preview:-1\" \/>\n<link rel=\"canonical\" href=\"https:\/\/swissbaker.ch\/fr\/panissimo-news\/rythme-loisirs-vacances\/\" \/>\n<meta property=\"og:locale\" content=\"fr_FR\" \/>\n<meta property=\"og:type\" content=\"article\" \/>\n<meta property=\"og:title\" content=\"Rythme, loisirs, vacances\" \/>\n<meta property=\"og:description\" content=\"Au d\u00e9but de mon apprentissage, je trouvais mes horaires un peu rudes\u2009; m\u00eame si pour un p\u00e2tissier commencer \u00e0 5 heures est loin d\u2019\u00eatre t\u00f4t. Il m\u2019a fallu plusieurs mois pour m\u2019habituer \u00e0 ce rythme. En finissant \u00e0 14 heures environ, avec 30\u202fminutes de pause, en rentrant j\u2019\u00e9tais plut\u00f4t fatigu\u00e9. J\u2019essaie de ne pas aller au lit apr\u00e8s 21 heures\u2026 [&hellip;]\" \/>\n<meta property=\"og:url\" content=\"https:\/\/swissbaker.ch\/fr\/panissimo-news\/rythme-loisirs-vacances\/\" \/>\n<meta property=\"og:site_name\" content=\"SBC\" \/>\n<meta property=\"article:publisher\" content=\"https:\/\/www.facebook.com\/swissbaker.ch\" \/>\n<meta property=\"article:published_time\" content=\"2019-04-17T12:55:00+00:00\" \/>\n<meta property=\"article:modified_time\" content=\"2022-05-24T12:57:37+00:00\" \/>\n<meta property=\"og:image\" content=\"https:\/\/swissbaker.ch\/wp-content\/uploads\/2022\/05\/roman-artison_teil2-1.jpeg\" \/>\n\t<meta property=\"og:image:width\" content=\"800\" \/>\n\t<meta property=\"og:image:height\" content=\"474\" \/>\n\t<meta property=\"og:image:type\" content=\"image\/jpeg\" \/>\n<meta name=\"author\" content=\"azureart\" \/>\n<meta name=\"twitter:card\" content=\"summary_large_image\" \/>\n<meta name=\"twitter:creator\" content=\"@ch_swissbaker\" \/>\n<meta name=\"twitter:site\" content=\"@ch_swissbaker\" \/>\n<meta name=\"twitter:label1\" content=\"Written by\" \/>\n\t<meta name=\"twitter:data1\" content=\"azureart\" \/>\n\t<meta name=\"twitter:label2\" content=\"Est. reading time\" \/>\n\t<meta name=\"twitter:data2\" content=\"2 minutes\" \/>\n<script type=\"application\/ld+json\" class=\"yoast-schema-graph\">{\"@context\":\"https:\/\/schema.org\",\"@graph\":[{\"@type\":\"Article\",\"@id\":\"https:\/\/swissbaker.ch\/fr\/panissimo-news\/rythme-loisirs-vacances\/#article\",\"isPartOf\":{\"@id\":\"https:\/\/swissbaker.ch\/fr\/panissimo-news\/rythme-loisirs-vacances\/\"},\"author\":{\"name\":\"azureart\",\"@id\":\"https:\/\/swissbaker.ch\/fr\/#\/schema\/person\/058ac47619f7da53df62aba60f939b78\"},\"headline\":\"Rythme, loisirs, vacances\",\"datePublished\":\"2019-04-17T12:55:00+00:00\",\"dateModified\":\"2022-05-24T12:57:37+00:00\",\"mainEntityOfPage\":{\"@id\":\"https:\/\/swissbaker.ch\/fr\/panissimo-news\/rythme-loisirs-vacances\/\"},\"wordCount\":396,\"commentCount\":0,\"publisher\":{\"@id\":\"https:\/\/swissbaker.ch\/fr\/#organization\"},\"image\":{\"@id\":\"https:\/\/swissbaker.ch\/fr\/panissimo-news\/rythme-loisirs-vacances\/#primaryimage\"},\"thumbnailUrl\":\"https:\/\/swissbaker.ch\/wp-content\/uploads\/2022\/05\/roman-artison_teil2-1.jpeg\",\"articleSection\":[\"Formation\/Rel\u00e8ve\"],\"inLanguage\":\"fr-FR\",\"potentialAction\":[{\"@type\":\"CommentAction\",\"name\":\"Comment\",\"target\":[\"https:\/\/swissbaker.ch\/fr\/panissimo-news\/rythme-loisirs-vacances\/#respond\"]}]},{\"@type\":\"WebPage\",\"@id\":\"https:\/\/swissbaker.ch\/fr\/panissimo-news\/rythme-loisirs-vacances\/\",\"url\":\"https:\/\/swissbaker.ch\/fr\/panissimo-news\/rythme-loisirs-vacances\/\",\"name\":\"Rythme, loisirs, vacances | SBC\",\"isPartOf\":{\"@id\":\"https:\/\/swissbaker.ch\/fr\/#website\"},\"primaryImageOfPage\":{\"@id\":\"https:\/\/swissbaker.ch\/fr\/panissimo-news\/rythme-loisirs-vacances\/#primaryimage\"},\"image\":{\"@id\":\"https:\/\/swissbaker.ch\/fr\/panissimo-news\/rythme-loisirs-vacances\/#primaryimage\"},\"thumbnailUrl\":\"https:\/\/swissbaker.ch\/wp-content\/uploads\/2022\/05\/roman-artison_teil2-1.jpeg\",\"datePublished\":\"2019-04-17T12:55:00+00:00\",\"dateModified\":\"2022-05-24T12:57:37+00:00\",\"breadcrumb\":{\"@id\":\"https:\/\/swissbaker.ch\/fr\/panissimo-news\/rythme-loisirs-vacances\/#breadcrumb\"},\"inLanguage\":\"fr-FR\",\"potentialAction\":[{\"@type\":\"ReadAction\",\"target\":[\"https:\/\/swissbaker.ch\/fr\/panissimo-news\/rythme-loisirs-vacances\/\"]}]},{\"@type\":\"ImageObject\",\"inLanguage\":\"fr-FR\",\"@id\":\"https:\/\/swissbaker.ch\/fr\/panissimo-news\/rythme-loisirs-vacances\/#primaryimage\",\"url\":\"https:\/\/swissbaker.ch\/wp-content\/uploads\/2022\/05\/roman-artison_teil2-1.jpeg\",\"contentUrl\":\"https:\/\/swissbaker.ch\/wp-content\/uploads\/2022\/05\/roman-artison_teil2-1.jpeg\",\"width\":800,\"height\":474,\"caption\":\"Rythme, loisirs, vacances\"},{\"@type\":\"BreadcrumbList\",\"@id\":\"https:\/\/swissbaker.ch\/fr\/panissimo-news\/rythme-loisirs-vacances\/#breadcrumb\",\"itemListElement\":[{\"@type\":\"ListItem\",\"position\":1,\"name\":\"\",\"item\":\"https:\/\/swissbaker.ch\/fr\/\"},{\"@type\":\"ListItem\",\"position\":2,\"name\":\"Formation\/Rel\u00e8ve\",\"item\":\"https:\/\/swissbaker.ch\/fr\/panissimo-news\/category\/formation-releve\/\"},{\"@type\":\"ListItem\",\"position\":3,\"name\":\"Rythme, loisirs, vacances\"}]},{\"@type\":\"WebSite\",\"@id\":\"https:\/\/swissbaker.ch\/fr\/#website\",\"url\":\"https:\/\/swissbaker.ch\/fr\/\",\"name\":\"SBC\",\"description\":\"\",\"publisher\":{\"@id\":\"https:\/\/swissbaker.ch\/fr\/#organization\"},\"potentialAction\":[{\"@type\":\"SearchAction\",\"target\":{\"@type\":\"EntryPoint\",\"urlTemplate\":\"https:\/\/swissbaker.ch\/fr\/?s={search_term_string}\"},\"query-input\":{\"@type\":\"PropertyValueSpecification\",\"valueRequired\":true,\"valueName\":\"search_term_string\"}}],\"inLanguage\":\"fr-FR\"},{\"@type\":\"Organization\",\"@id\":\"https:\/\/swissbaker.ch\/fr\/#organization\",\"name\":\"Schweizerischer B\u00e4cker-Confiseurmeister-Verband\",\"url\":\"https:\/\/swissbaker.ch\/fr\/\",\"logo\":{\"@type\":\"ImageObject\",\"inLanguage\":\"fr-FR\",\"@id\":\"https:\/\/swissbaker.ch\/fr\/#\/schema\/logo\/image\/\",\"url\":\"https:\/\/swissbaker.ch\/wp-content\/uploads\/2022\/04\/sbc-logo-yoast.jpg\",\"contentUrl\":\"https:\/\/swissbaker.ch\/wp-content\/uploads\/2022\/04\/sbc-logo-yoast.jpg\",\"width\":512,\"height\":512,\"caption\":\"Schweizerischer B\u00e4cker-Confiseurmeister-Verband\"},\"image\":{\"@id\":\"https:\/\/swissbaker.ch\/fr\/#\/schema\/logo\/image\/\"},\"sameAs\":[\"https:\/\/www.facebook.com\/swissbaker.ch\",\"https:\/\/x.com\/ch_swissbaker\"]},{\"@type\":\"Person\",\"@id\":\"https:\/\/swissbaker.ch\/fr\/#\/schema\/person\/058ac47619f7da53df62aba60f939b78\",\"name\":\"azureart\",\"image\":{\"@type\":\"ImageObject\",\"inLanguage\":\"fr-FR\",\"@id\":\"https:\/\/swissbaker.ch\/fr\/#\/schema\/person\/image\/\",\"url\":\"https:\/\/secure.gravatar.com\/avatar\/be04dd3098fd612c83067af4f7a295384c93cb6a9112f51beb9d2f477d25da61?s=96&d=mm&r=g\",\"contentUrl\":\"https:\/\/secure.gravatar.com\/avatar\/be04dd3098fd612c83067af4f7a295384c93cb6a9112f51beb9d2f477d25da61?s=96&d=mm&r=g\",\"caption\":\"azureart\"},\"sameAs\":[\"https:\/\/swissbaker.ch\"],\"url\":\"https:\/\/swissbaker.ch\/fr\/panissimo-news\/author\/pixel-ahoi\/\"}]}<\/script>\n<!-- \/ Yoast SEO Premium plugin. -->","yoast_head_json":{"title":"Rythme, loisirs, vacances | SBC","robots":{"index":"index","follow":"follow","max-snippet":"max-snippet:-1","max-image-preview":"max-image-preview:large","max-video-preview":"max-video-preview:-1"},"canonical":"https:\/\/swissbaker.ch\/fr\/panissimo-news\/rythme-loisirs-vacances\/","og_locale":"fr_FR","og_type":"article","og_title":"Rythme, loisirs, vacances","og_description":"Au d\u00e9but de mon apprentissage, je trouvais mes horaires un peu rudes\u2009; m\u00eame si pour un p\u00e2tissier commencer \u00e0 5 heures est loin d\u2019\u00eatre t\u00f4t. Il m\u2019a fallu plusieurs mois pour m\u2019habituer \u00e0 ce rythme. En finissant \u00e0 14 heures environ, avec 30\u202fminutes de pause, en rentrant j\u2019\u00e9tais plut\u00f4t fatigu\u00e9. J\u2019essaie de ne pas aller au lit apr\u00e8s 21 heures\u2026 [&hellip;]","og_url":"https:\/\/swissbaker.ch\/fr\/panissimo-news\/rythme-loisirs-vacances\/","og_site_name":"SBC","article_publisher":"https:\/\/www.facebook.com\/swissbaker.ch","article_published_time":"2019-04-17T12:55:00+00:00","article_modified_time":"2022-05-24T12:57:37+00:00","og_image":[{"width":800,"height":474,"url":"https:\/\/swissbaker.ch\/wp-content\/uploads\/2022\/05\/roman-artison_teil2-1.jpeg","type":"image\/jpeg"}],"author":"azureart","twitter_card":"summary_large_image","twitter_creator":"@ch_swissbaker","twitter_site":"@ch_swissbaker","twitter_misc":{"Written by":"azureart","Est. reading time":"2 minutes"},"schema":{"@context":"https:\/\/schema.org","@graph":[{"@type":"Article","@id":"https:\/\/swissbaker.ch\/fr\/panissimo-news\/rythme-loisirs-vacances\/#article","isPartOf":{"@id":"https:\/\/swissbaker.ch\/fr\/panissimo-news\/rythme-loisirs-vacances\/"},"author":{"name":"azureart","@id":"https:\/\/swissbaker.ch\/fr\/#\/schema\/person\/058ac47619f7da53df62aba60f939b78"},"headline":"Rythme, loisirs, vacances","datePublished":"2019-04-17T12:55:00+00:00","dateModified":"2022-05-24T12:57:37+00:00","mainEntityOfPage":{"@id":"https:\/\/swissbaker.ch\/fr\/panissimo-news\/rythme-loisirs-vacances\/"},"wordCount":396,"commentCount":0,"publisher":{"@id":"https:\/\/swissbaker.ch\/fr\/#organization"},"image":{"@id":"https:\/\/swissbaker.ch\/fr\/panissimo-news\/rythme-loisirs-vacances\/#primaryimage"},"thumbnailUrl":"https:\/\/swissbaker.ch\/wp-content\/uploads\/2022\/05\/roman-artison_teil2-1.jpeg","articleSection":["Formation\/Rel\u00e8ve"],"inLanguage":"fr-FR","potentialAction":[{"@type":"CommentAction","name":"Comment","target":["https:\/\/swissbaker.ch\/fr\/panissimo-news\/rythme-loisirs-vacances\/#respond"]}]},{"@type":"WebPage","@id":"https:\/\/swissbaker.ch\/fr\/panissimo-news\/rythme-loisirs-vacances\/","url":"https:\/\/swissbaker.ch\/fr\/panissimo-news\/rythme-loisirs-vacances\/","name":"Rythme, loisirs, vacances | SBC","isPartOf":{"@id":"https:\/\/swissbaker.ch\/fr\/#website"},"primaryImageOfPage":{"@id":"https:\/\/swissbaker.ch\/fr\/panissimo-news\/rythme-loisirs-vacances\/#primaryimage"},"image":{"@id":"https:\/\/swissbaker.ch\/fr\/panissimo-news\/rythme-loisirs-vacances\/#primaryimage"},"thumbnailUrl":"https:\/\/swissbaker.ch\/wp-content\/uploads\/2022\/05\/roman-artison_teil2-1.jpeg","datePublished":"2019-04-17T12:55:00+00:00","dateModified":"2022-05-24T12:57:37+00:00","breadcrumb":{"@id":"https:\/\/swissbaker.ch\/fr\/panissimo-news\/rythme-loisirs-vacances\/#breadcrumb"},"inLanguage":"fr-FR","potentialAction":[{"@type":"ReadAction","target":["https:\/\/swissbaker.ch\/fr\/panissimo-news\/rythme-loisirs-vacances\/"]}]},{"@type":"ImageObject","inLanguage":"fr-FR","@id":"https:\/\/swissbaker.ch\/fr\/panissimo-news\/rythme-loisirs-vacances\/#primaryimage","url":"https:\/\/swissbaker.ch\/wp-content\/uploads\/2022\/05\/roman-artison_teil2-1.jpeg","contentUrl":"https:\/\/swissbaker.ch\/wp-content\/uploads\/2022\/05\/roman-artison_teil2-1.jpeg","width":800,"height":474,"caption":"Rythme, loisirs, vacances"},{"@type":"BreadcrumbList","@id":"https:\/\/swissbaker.ch\/fr\/panissimo-news\/rythme-loisirs-vacances\/#breadcrumb","itemListElement":[{"@type":"ListItem","position":1,"name":"","item":"https:\/\/swissbaker.ch\/fr\/"},{"@type":"ListItem","position":2,"name":"Formation\/Rel\u00e8ve","item":"https:\/\/swissbaker.ch\/fr\/panissimo-news\/category\/formation-releve\/"},{"@type":"ListItem","position":3,"name":"Rythme, loisirs, vacances"}]},{"@type":"WebSite","@id":"https:\/\/swissbaker.ch\/fr\/#website","url":"https:\/\/swissbaker.ch\/fr\/","name":"SBC","description":"","publisher":{"@id":"https:\/\/swissbaker.ch\/fr\/#organization"},"potentialAction":[{"@type":"SearchAction","target":{"@type":"EntryPoint","urlTemplate":"https:\/\/swissbaker.ch\/fr\/?s={search_term_string}"},"query-input":{"@type":"PropertyValueSpecification","valueRequired":true,"valueName":"search_term_string"}}],"inLanguage":"fr-FR"},{"@type":"Organization","@id":"https:\/\/swissbaker.ch\/fr\/#organization","name":"Schweizerischer B\u00e4cker-Confiseurmeister-Verband","url":"https:\/\/swissbaker.ch\/fr\/","logo":{"@type":"ImageObject","inLanguage":"fr-FR","@id":"https:\/\/swissbaker.ch\/fr\/#\/schema\/logo\/image\/","url":"https:\/\/swissbaker.ch\/wp-content\/uploads\/2022\/04\/sbc-logo-yoast.jpg","contentUrl":"https:\/\/swissbaker.ch\/wp-content\/uploads\/2022\/04\/sbc-logo-yoast.jpg","width":512,"height":512,"caption":"Schweizerischer B\u00e4cker-Confiseurmeister-Verband"},"image":{"@id":"https:\/\/swissbaker.ch\/fr\/#\/schema\/logo\/image\/"},"sameAs":["https:\/\/www.facebook.com\/swissbaker.ch","https:\/\/x.com\/ch_swissbaker"]},{"@type":"Person","@id":"https:\/\/swissbaker.ch\/fr\/#\/schema\/person\/058ac47619f7da53df62aba60f939b78","name":"azureart","image":{"@type":"ImageObject","inLanguage":"fr-FR","@id":"https:\/\/swissbaker.ch\/fr\/#\/schema\/person\/image\/","url":"https:\/\/secure.gravatar.com\/avatar\/be04dd3098fd612c83067af4f7a295384c93cb6a9112f51beb9d2f477d25da61?s=96&d=mm&r=g","contentUrl":"https:\/\/secure.gravatar.com\/avatar\/be04dd3098fd612c83067af4f7a295384c93cb6a9112f51beb9d2f477d25da61?s=96&d=mm&r=g","caption":"azureart"},"sameAs":["https:\/\/swissbaker.ch"],"url":"https:\/\/swissbaker.ch\/fr\/panissimo-news\/author\/pixel-ahoi\/"}]}},"_links":{"self":[{"href":"https:\/\/swissbaker.ch\/fr\/wp-json\/wp\/v2\/posts\/10679","targetHints":{"allow":["GET"]}}],"collection":[{"href":"https:\/\/swissbaker.ch\/fr\/wp-json\/wp\/v2\/posts"}],"about":[{"href":"https:\/\/swissbaker.ch\/fr\/wp-json\/wp\/v2\/types\/post"}],"author":[{"embeddable":true,"href":"https:\/\/swissbaker.ch\/fr\/wp-json\/wp\/v2\/users\/1"}],"replies":[{"embeddable":true,"href":"https:\/\/swissbaker.ch\/fr\/wp-json\/wp\/v2\/comments?post=10679"}],"version-history":[{"count":0,"href":"https:\/\/swissbaker.ch\/fr\/wp-json\/wp\/v2\/posts\/10679\/revisions"}],"wp:featuredmedia":[{"embeddable":true,"href":"https:\/\/swissbaker.ch\/fr\/wp-json\/wp\/v2\/media\/10682"}],"wp:attachment":[{"href":"https:\/\/swissbaker.ch\/fr\/wp-json\/wp\/v2\/media?parent=10679"}],"wp:term":[{"taxonomy":"category","embeddable":true,"href":"https:\/\/swissbaker.ch\/fr\/wp-json\/wp\/v2\/categories?post=10679"},{"taxonomy":"post_tag","embeddable":true,"href":"https:\/\/swissbaker.ch\/fr\/wp-json\/wp\/v2\/tags?post=10679"}],"curies":[{"name":"wp","href":"https:\/\/api.w.org\/{rel}","templated":true}]}}