{"id":10669,"date":"2019-04-24T14:29:00","date_gmt":"2019-04-24T12:29:00","guid":{"rendered":"https:\/\/swissbaker.ch\/?p=10669"},"modified":"2022-05-24T14:30:28","modified_gmt":"2022-05-24T12:30:28","slug":"richemont-romandie-en-visite-a-lucerne","status":"publish","type":"post","link":"https:\/\/swissbaker.ch\/fr\/panissimo-news\/richemont-romandie-en-visite-a-lucerne\/","title":{"rendered":"Richemont Romandie\u2009: en visite \u00e0 Lucerne"},"content":{"rendered":"\n<p><strong>En vue du nouveau centre de formation romand \u00e0 Yverdon-les-Bains (VD), le comit\u00e9 de l\u2019Association romande des artisans boulangers-p\u00e2tissiers-confiseurs a visit\u00e9 les locaux de Richemont \u00e0 Lucerne.<\/strong><\/p>\n\n\n\n<p>Le comit\u00e9 de l\u2019Association romande des artisans boulangers-p\u00e2tissiers-confiseurs a tenu sa r\u00e9union mensuelle \u00e0 l\u2019Ecole professionnelle Richemont \u00e0 Lucerne. Au terme de la s\u00e9ance, il a convi\u00e9 les pr\u00e9sidents cantonaux, les chefs de la formation, les responsables de cours interentreprises (CI) de la Romandie \u00e0 visiter l\u2019\u00e9cole. L\u2019objectif\u2009: adapter au mieux le nouveau centre de formation romand \u00e0 Yverdon-les-Bains (VD) pour les quinze prochaines ann\u00e9es.<br>Le responsable de Richemont Romandie, S\u00e9bastien Knecht, avec son \u00e9quipe romande, Yves-Alain Braichet, responsable adjoint p\u00e2tisserie-confiserie, Muriel Rey, commerce de d\u00e9tail, Petra Elmiger, administration des cours, et Arlette Picard, boulangerie-p\u00e2tisserie, ainsi que le directeur Reto Fries, les a guid\u00e9s.<br>Quelle infrastructure est n\u00e9cessaire\u2009? Quels sont les co\u00fbts\u2009? Comment les pi\u00e8ces devraient-elles \u00eatre am\u00e9nag\u00e9es\u2009? Quel mat\u00e9riel suppl\u00e9mentaire est n\u00e9cessaire\u2009? A quoi ressemble l\u2019\u00e9ch\u00e9ancier provisoire\u2009? A ces questions et \u00e0 bien d\u2019autres, on a tent\u00e9 d\u2019apporter des r\u00e9ponses. Une liste de souhaits a \u00e9t\u00e9 cr\u00e9\u00e9e. Le but, pour le moins sportif, des Romands\u2009: d\u00e9buter les CI du premier canton \u00e0 l\u2019\u00e9t\u00e9 2020.<\/p>\n\n\n\n<h2 class=\"wp-block-heading\" id=\"h-ni-luxueux-ni-trop-grand\">\u00ab\u2009Ni luxueux, ni trop grand\u2009\u00bb<\/h2>\n\n\n\n<p>\u00ab\u2009Richemont Romandie ne doit pas devenir ni luxueux, ni trop grand\u2009\u00bb, souligne Jean-Fran\u00e7ois Leuenberger, responsable du projet de la nouvelle \u00e9cole professionnelle \u00e0 Yverdon. Il est important de trouver une solution optimale. Avant tout, les CI de tous les cantons romands devraient y avoir lieu. A une exception pr\u00e8s\u2009: \u00ab\u2009Vaud est tr\u00e8s bien organis\u00e9 et fait un excellent travail dans le secteur de la rel\u00e8ve. C\u2019est pourquoi, nous ne comptons pas sur les Vaudois pour les CI. Le canton est cependant pleinement derri\u00e8re nous en ce qui concerne la formation continue et la formation professionnelle sup\u00e9rieure\u2009\u00bb, explique M. Leuenberger.<\/p>\n","protected":false},"excerpt":{"rendered":"<p>En vue du nouveau centre de formation romand \u00e0 Yverdon-les-Bains (VD), le comit\u00e9 de l\u2019Association romande des artisans boulangers-p\u00e2tissiers-confiseurs a visit\u00e9 les locaux de Richemont \u00e0 Lucerne. Le comit\u00e9 de l\u2019Association romande des artisans boulangers-p\u00e2tissiers-confiseurs a tenu sa r\u00e9union mensuelle \u00e0 l\u2019Ecole professionnelle Richemont \u00e0 Lucerne. Au terme de la s\u00e9ance, il a convi\u00e9 les pr\u00e9sidents cantonaux, les chefs de [&hellip;]<\/p>\n","protected":false},"author":1,"featured_media":10670,"comment_status":"open","ping_status":"closed","sticky":false,"template":"","format":"standard","meta":{"_acf_changed":false,"footnotes":""},"categories":[45],"tags":[],"class_list":["post-10669","post","type-post","status-publish","format-standard","has-post-thumbnail","hentry","category-environnement-professionnel"],"acf":[],"yoast_head":"<!-- This site is optimized with the Yoast SEO Premium plugin v26.8 (Yoast SEO v26.8) - https:\/\/yoast.com\/product\/yoast-seo-premium-wordpress\/ -->\n<title>Richemont Romandie\u2009: en visite \u00e0 Lucerne | SBC<\/title>\n<meta name=\"robots\" content=\"index, follow, max-snippet:-1, max-image-preview:large, max-video-preview:-1\" \/>\n<link rel=\"canonical\" href=\"https:\/\/swissbaker.ch\/fr\/panissimo-news\/richemont-romandie-en-visite-a-lucerne\/\" \/>\n<meta property=\"og:locale\" content=\"fr_FR\" \/>\n<meta property=\"og:type\" content=\"article\" \/>\n<meta property=\"og:title\" content=\"Richemont Romandie\u2009: en visite \u00e0 Lucerne\" \/>\n<meta property=\"og:description\" content=\"En vue du nouveau centre de formation romand \u00e0 Yverdon-les-Bains (VD), le comit\u00e9 de l\u2019Association romande des artisans boulangers-p\u00e2tissiers-confiseurs a visit\u00e9 les locaux de Richemont \u00e0 Lucerne. Le comit\u00e9 de l\u2019Association romande des artisans boulangers-p\u00e2tissiers-confiseurs a tenu sa r\u00e9union mensuelle \u00e0 l\u2019Ecole professionnelle Richemont \u00e0 Lucerne. Au terme de la s\u00e9ance, il a convi\u00e9 les pr\u00e9sidents cantonaux, les chefs de [&hellip;]\" \/>\n<meta property=\"og:url\" content=\"https:\/\/swissbaker.ch\/fr\/panissimo-news\/richemont-romandie-en-visite-a-lucerne\/\" \/>\n<meta property=\"og:site_name\" content=\"SBC\" \/>\n<meta property=\"article:publisher\" content=\"https:\/\/www.facebook.com\/swissbaker.ch\" \/>\n<meta property=\"article:published_time\" content=\"2019-04-24T12:29:00+00:00\" \/>\n<meta property=\"article:modified_time\" content=\"2022-05-24T12:30:28+00:00\" \/>\n<meta property=\"og:image\" content=\"https:\/\/swissbaker.ch\/wp-content\/uploads\/2022\/05\/nl-8.2-richemont-romandie.jpg\" \/>\n\t<meta property=\"og:image:width\" content=\"800\" \/>\n\t<meta property=\"og:image:height\" content=\"474\" \/>\n\t<meta property=\"og:image:type\" content=\"image\/jpeg\" \/>\n<meta name=\"author\" content=\"azureart\" \/>\n<meta name=\"twitter:card\" content=\"summary_large_image\" \/>\n<meta name=\"twitter:creator\" content=\"@ch_swissbaker\" \/>\n<meta name=\"twitter:site\" content=\"@ch_swissbaker\" \/>\n<meta name=\"twitter:label1\" content=\"Written by\" \/>\n\t<meta name=\"twitter:data1\" content=\"azureart\" \/>\n\t<meta name=\"twitter:label2\" content=\"Est. reading time\" \/>\n\t<meta name=\"twitter:data2\" content=\"2 minutes\" \/>\n<script type=\"application\/ld+json\" class=\"yoast-schema-graph\">{\"@context\":\"https:\/\/schema.org\",\"@graph\":[{\"@type\":\"Article\",\"@id\":\"https:\/\/swissbaker.ch\/fr\/panissimo-news\/richemont-romandie-en-visite-a-lucerne\/#article\",\"isPartOf\":{\"@id\":\"https:\/\/swissbaker.ch\/fr\/panissimo-news\/richemont-romandie-en-visite-a-lucerne\/\"},\"author\":{\"name\":\"azureart\",\"@id\":\"https:\/\/swissbaker.ch\/fr\/#\/schema\/person\/058ac47619f7da53df62aba60f939b78\"},\"headline\":\"Richemont Romandie\u2009: en visite \u00e0 Lucerne\",\"datePublished\":\"2019-04-24T12:29:00+00:00\",\"dateModified\":\"2022-05-24T12:30:28+00:00\",\"mainEntityOfPage\":{\"@id\":\"https:\/\/swissbaker.ch\/fr\/panissimo-news\/richemont-romandie-en-visite-a-lucerne\/\"},\"wordCount\":330,\"commentCount\":0,\"publisher\":{\"@id\":\"https:\/\/swissbaker.ch\/fr\/#organization\"},\"image\":{\"@id\":\"https:\/\/swissbaker.ch\/fr\/panissimo-news\/richemont-romandie-en-visite-a-lucerne\/#primaryimage\"},\"thumbnailUrl\":\"https:\/\/swissbaker.ch\/wp-content\/uploads\/2022\/05\/nl-8.2-richemont-romandie.jpg\",\"articleSection\":[\"Environnement professionnel\"],\"inLanguage\":\"fr-FR\",\"potentialAction\":[{\"@type\":\"CommentAction\",\"name\":\"Comment\",\"target\":[\"https:\/\/swissbaker.ch\/fr\/panissimo-news\/richemont-romandie-en-visite-a-lucerne\/#respond\"]}]},{\"@type\":\"WebPage\",\"@id\":\"https:\/\/swissbaker.ch\/fr\/panissimo-news\/richemont-romandie-en-visite-a-lucerne\/\",\"url\":\"https:\/\/swissbaker.ch\/fr\/panissimo-news\/richemont-romandie-en-visite-a-lucerne\/\",\"name\":\"Richemont Romandie\u2009: en visite \u00e0 Lucerne | SBC\",\"isPartOf\":{\"@id\":\"https:\/\/swissbaker.ch\/fr\/#website\"},\"primaryImageOfPage\":{\"@id\":\"https:\/\/swissbaker.ch\/fr\/panissimo-news\/richemont-romandie-en-visite-a-lucerne\/#primaryimage\"},\"image\":{\"@id\":\"https:\/\/swissbaker.ch\/fr\/panissimo-news\/richemont-romandie-en-visite-a-lucerne\/#primaryimage\"},\"thumbnailUrl\":\"https:\/\/swissbaker.ch\/wp-content\/uploads\/2022\/05\/nl-8.2-richemont-romandie.jpg\",\"datePublished\":\"2019-04-24T12:29:00+00:00\",\"dateModified\":\"2022-05-24T12:30:28+00:00\",\"breadcrumb\":{\"@id\":\"https:\/\/swissbaker.ch\/fr\/panissimo-news\/richemont-romandie-en-visite-a-lucerne\/#breadcrumb\"},\"inLanguage\":\"fr-FR\",\"potentialAction\":[{\"@type\":\"ReadAction\",\"target\":[\"https:\/\/swissbaker.ch\/fr\/panissimo-news\/richemont-romandie-en-visite-a-lucerne\/\"]}]},{\"@type\":\"ImageObject\",\"inLanguage\":\"fr-FR\",\"@id\":\"https:\/\/swissbaker.ch\/fr\/panissimo-news\/richemont-romandie-en-visite-a-lucerne\/#primaryimage\",\"url\":\"https:\/\/swissbaker.ch\/wp-content\/uploads\/2022\/05\/nl-8.2-richemont-romandie.jpg\",\"contentUrl\":\"https:\/\/swissbaker.ch\/wp-content\/uploads\/2022\/05\/nl-8.2-richemont-romandie.jpg\",\"width\":800,\"height\":474,\"caption\":\"Richemont Romandie\u2009: en visite \u00e0 Lucerne\"},{\"@type\":\"BreadcrumbList\",\"@id\":\"https:\/\/swissbaker.ch\/fr\/panissimo-news\/richemont-romandie-en-visite-a-lucerne\/#breadcrumb\",\"itemListElement\":[{\"@type\":\"ListItem\",\"position\":1,\"name\":\"\",\"item\":\"https:\/\/swissbaker.ch\/fr\/\"},{\"@type\":\"ListItem\",\"position\":2,\"name\":\"Environnement professionnel\",\"item\":\"https:\/\/swissbaker.ch\/fr\/panissimo-news\/category\/environnement-professionnel\/\"},{\"@type\":\"ListItem\",\"position\":3,\"name\":\"Richemont Romandie\u2009: en visite \u00e0 Lucerne\"}]},{\"@type\":\"WebSite\",\"@id\":\"https:\/\/swissbaker.ch\/fr\/#website\",\"url\":\"https:\/\/swissbaker.ch\/fr\/\",\"name\":\"SBC\",\"description\":\"\",\"publisher\":{\"@id\":\"https:\/\/swissbaker.ch\/fr\/#organization\"},\"potentialAction\":[{\"@type\":\"SearchAction\",\"target\":{\"@type\":\"EntryPoint\",\"urlTemplate\":\"https:\/\/swissbaker.ch\/fr\/?s={search_term_string}\"},\"query-input\":{\"@type\":\"PropertyValueSpecification\",\"valueRequired\":true,\"valueName\":\"search_term_string\"}}],\"inLanguage\":\"fr-FR\"},{\"@type\":\"Organization\",\"@id\":\"https:\/\/swissbaker.ch\/fr\/#organization\",\"name\":\"Schweizerischer B\u00e4cker-Confiseurmeister-Verband\",\"url\":\"https:\/\/swissbaker.ch\/fr\/\",\"logo\":{\"@type\":\"ImageObject\",\"inLanguage\":\"fr-FR\",\"@id\":\"https:\/\/swissbaker.ch\/fr\/#\/schema\/logo\/image\/\",\"url\":\"https:\/\/swissbaker.ch\/wp-content\/uploads\/2022\/04\/sbc-logo-yoast.jpg\",\"contentUrl\":\"https:\/\/swissbaker.ch\/wp-content\/uploads\/2022\/04\/sbc-logo-yoast.jpg\",\"width\":512,\"height\":512,\"caption\":\"Schweizerischer B\u00e4cker-Confiseurmeister-Verband\"},\"image\":{\"@id\":\"https:\/\/swissbaker.ch\/fr\/#\/schema\/logo\/image\/\"},\"sameAs\":[\"https:\/\/www.facebook.com\/swissbaker.ch\",\"https:\/\/x.com\/ch_swissbaker\"]},{\"@type\":\"Person\",\"@id\":\"https:\/\/swissbaker.ch\/fr\/#\/schema\/person\/058ac47619f7da53df62aba60f939b78\",\"name\":\"azureart\",\"image\":{\"@type\":\"ImageObject\",\"inLanguage\":\"fr-FR\",\"@id\":\"https:\/\/swissbaker.ch\/fr\/#\/schema\/person\/image\/\",\"url\":\"https:\/\/secure.gravatar.com\/avatar\/be04dd3098fd612c83067af4f7a295384c93cb6a9112f51beb9d2f477d25da61?s=96&d=mm&r=g\",\"contentUrl\":\"https:\/\/secure.gravatar.com\/avatar\/be04dd3098fd612c83067af4f7a295384c93cb6a9112f51beb9d2f477d25da61?s=96&d=mm&r=g\",\"caption\":\"azureart\"},\"sameAs\":[\"https:\/\/swissbaker.ch\"],\"url\":\"https:\/\/swissbaker.ch\/fr\/panissimo-news\/author\/pixel-ahoi\/\"}]}<\/script>\n<!-- \/ Yoast SEO Premium plugin. -->","yoast_head_json":{"title":"Richemont Romandie\u2009: en visite \u00e0 Lucerne | SBC","robots":{"index":"index","follow":"follow","max-snippet":"max-snippet:-1","max-image-preview":"max-image-preview:large","max-video-preview":"max-video-preview:-1"},"canonical":"https:\/\/swissbaker.ch\/fr\/panissimo-news\/richemont-romandie-en-visite-a-lucerne\/","og_locale":"fr_FR","og_type":"article","og_title":"Richemont Romandie\u2009: en visite \u00e0 Lucerne","og_description":"En vue du nouveau centre de formation romand \u00e0 Yverdon-les-Bains (VD), le comit\u00e9 de l\u2019Association romande des artisans boulangers-p\u00e2tissiers-confiseurs a visit\u00e9 les locaux de Richemont \u00e0 Lucerne. Le comit\u00e9 de l\u2019Association romande des artisans boulangers-p\u00e2tissiers-confiseurs a tenu sa r\u00e9union mensuelle \u00e0 l\u2019Ecole professionnelle Richemont \u00e0 Lucerne. Au terme de la s\u00e9ance, il a convi\u00e9 les pr\u00e9sidents cantonaux, les chefs de [&hellip;]","og_url":"https:\/\/swissbaker.ch\/fr\/panissimo-news\/richemont-romandie-en-visite-a-lucerne\/","og_site_name":"SBC","article_publisher":"https:\/\/www.facebook.com\/swissbaker.ch","article_published_time":"2019-04-24T12:29:00+00:00","article_modified_time":"2022-05-24T12:30:28+00:00","og_image":[{"width":800,"height":474,"url":"https:\/\/swissbaker.ch\/wp-content\/uploads\/2022\/05\/nl-8.2-richemont-romandie.jpg","type":"image\/jpeg"}],"author":"azureart","twitter_card":"summary_large_image","twitter_creator":"@ch_swissbaker","twitter_site":"@ch_swissbaker","twitter_misc":{"Written by":"azureart","Est. reading time":"2 minutes"},"schema":{"@context":"https:\/\/schema.org","@graph":[{"@type":"Article","@id":"https:\/\/swissbaker.ch\/fr\/panissimo-news\/richemont-romandie-en-visite-a-lucerne\/#article","isPartOf":{"@id":"https:\/\/swissbaker.ch\/fr\/panissimo-news\/richemont-romandie-en-visite-a-lucerne\/"},"author":{"name":"azureart","@id":"https:\/\/swissbaker.ch\/fr\/#\/schema\/person\/058ac47619f7da53df62aba60f939b78"},"headline":"Richemont Romandie\u2009: en visite \u00e0 Lucerne","datePublished":"2019-04-24T12:29:00+00:00","dateModified":"2022-05-24T12:30:28+00:00","mainEntityOfPage":{"@id":"https:\/\/swissbaker.ch\/fr\/panissimo-news\/richemont-romandie-en-visite-a-lucerne\/"},"wordCount":330,"commentCount":0,"publisher":{"@id":"https:\/\/swissbaker.ch\/fr\/#organization"},"image":{"@id":"https:\/\/swissbaker.ch\/fr\/panissimo-news\/richemont-romandie-en-visite-a-lucerne\/#primaryimage"},"thumbnailUrl":"https:\/\/swissbaker.ch\/wp-content\/uploads\/2022\/05\/nl-8.2-richemont-romandie.jpg","articleSection":["Environnement professionnel"],"inLanguage":"fr-FR","potentialAction":[{"@type":"CommentAction","name":"Comment","target":["https:\/\/swissbaker.ch\/fr\/panissimo-news\/richemont-romandie-en-visite-a-lucerne\/#respond"]}]},{"@type":"WebPage","@id":"https:\/\/swissbaker.ch\/fr\/panissimo-news\/richemont-romandie-en-visite-a-lucerne\/","url":"https:\/\/swissbaker.ch\/fr\/panissimo-news\/richemont-romandie-en-visite-a-lucerne\/","name":"Richemont Romandie\u2009: en visite \u00e0 Lucerne | SBC","isPartOf":{"@id":"https:\/\/swissbaker.ch\/fr\/#website"},"primaryImageOfPage":{"@id":"https:\/\/swissbaker.ch\/fr\/panissimo-news\/richemont-romandie-en-visite-a-lucerne\/#primaryimage"},"image":{"@id":"https:\/\/swissbaker.ch\/fr\/panissimo-news\/richemont-romandie-en-visite-a-lucerne\/#primaryimage"},"thumbnailUrl":"https:\/\/swissbaker.ch\/wp-content\/uploads\/2022\/05\/nl-8.2-richemont-romandie.jpg","datePublished":"2019-04-24T12:29:00+00:00","dateModified":"2022-05-24T12:30:28+00:00","breadcrumb":{"@id":"https:\/\/swissbaker.ch\/fr\/panissimo-news\/richemont-romandie-en-visite-a-lucerne\/#breadcrumb"},"inLanguage":"fr-FR","potentialAction":[{"@type":"ReadAction","target":["https:\/\/swissbaker.ch\/fr\/panissimo-news\/richemont-romandie-en-visite-a-lucerne\/"]}]},{"@type":"ImageObject","inLanguage":"fr-FR","@id":"https:\/\/swissbaker.ch\/fr\/panissimo-news\/richemont-romandie-en-visite-a-lucerne\/#primaryimage","url":"https:\/\/swissbaker.ch\/wp-content\/uploads\/2022\/05\/nl-8.2-richemont-romandie.jpg","contentUrl":"https:\/\/swissbaker.ch\/wp-content\/uploads\/2022\/05\/nl-8.2-richemont-romandie.jpg","width":800,"height":474,"caption":"Richemont Romandie\u2009: en visite \u00e0 Lucerne"},{"@type":"BreadcrumbList","@id":"https:\/\/swissbaker.ch\/fr\/panissimo-news\/richemont-romandie-en-visite-a-lucerne\/#breadcrumb","itemListElement":[{"@type":"ListItem","position":1,"name":"","item":"https:\/\/swissbaker.ch\/fr\/"},{"@type":"ListItem","position":2,"name":"Environnement professionnel","item":"https:\/\/swissbaker.ch\/fr\/panissimo-news\/category\/environnement-professionnel\/"},{"@type":"ListItem","position":3,"name":"Richemont Romandie\u2009: en visite \u00e0 Lucerne"}]},{"@type":"WebSite","@id":"https:\/\/swissbaker.ch\/fr\/#website","url":"https:\/\/swissbaker.ch\/fr\/","name":"SBC","description":"","publisher":{"@id":"https:\/\/swissbaker.ch\/fr\/#organization"},"potentialAction":[{"@type":"SearchAction","target":{"@type":"EntryPoint","urlTemplate":"https:\/\/swissbaker.ch\/fr\/?s={search_term_string}"},"query-input":{"@type":"PropertyValueSpecification","valueRequired":true,"valueName":"search_term_string"}}],"inLanguage":"fr-FR"},{"@type":"Organization","@id":"https:\/\/swissbaker.ch\/fr\/#organization","name":"Schweizerischer B\u00e4cker-Confiseurmeister-Verband","url":"https:\/\/swissbaker.ch\/fr\/","logo":{"@type":"ImageObject","inLanguage":"fr-FR","@id":"https:\/\/swissbaker.ch\/fr\/#\/schema\/logo\/image\/","url":"https:\/\/swissbaker.ch\/wp-content\/uploads\/2022\/04\/sbc-logo-yoast.jpg","contentUrl":"https:\/\/swissbaker.ch\/wp-content\/uploads\/2022\/04\/sbc-logo-yoast.jpg","width":512,"height":512,"caption":"Schweizerischer B\u00e4cker-Confiseurmeister-Verband"},"image":{"@id":"https:\/\/swissbaker.ch\/fr\/#\/schema\/logo\/image\/"},"sameAs":["https:\/\/www.facebook.com\/swissbaker.ch","https:\/\/x.com\/ch_swissbaker"]},{"@type":"Person","@id":"https:\/\/swissbaker.ch\/fr\/#\/schema\/person\/058ac47619f7da53df62aba60f939b78","name":"azureart","image":{"@type":"ImageObject","inLanguage":"fr-FR","@id":"https:\/\/swissbaker.ch\/fr\/#\/schema\/person\/image\/","url":"https:\/\/secure.gravatar.com\/avatar\/be04dd3098fd612c83067af4f7a295384c93cb6a9112f51beb9d2f477d25da61?s=96&d=mm&r=g","contentUrl":"https:\/\/secure.gravatar.com\/avatar\/be04dd3098fd612c83067af4f7a295384c93cb6a9112f51beb9d2f477d25da61?s=96&d=mm&r=g","caption":"azureart"},"sameAs":["https:\/\/swissbaker.ch"],"url":"https:\/\/swissbaker.ch\/fr\/panissimo-news\/author\/pixel-ahoi\/"}]}},"_links":{"self":[{"href":"https:\/\/swissbaker.ch\/fr\/wp-json\/wp\/v2\/posts\/10669","targetHints":{"allow":["GET"]}}],"collection":[{"href":"https:\/\/swissbaker.ch\/fr\/wp-json\/wp\/v2\/posts"}],"about":[{"href":"https:\/\/swissbaker.ch\/fr\/wp-json\/wp\/v2\/types\/post"}],"author":[{"embeddable":true,"href":"https:\/\/swissbaker.ch\/fr\/wp-json\/wp\/v2\/users\/1"}],"replies":[{"embeddable":true,"href":"https:\/\/swissbaker.ch\/fr\/wp-json\/wp\/v2\/comments?post=10669"}],"version-history":[{"count":0,"href":"https:\/\/swissbaker.ch\/fr\/wp-json\/wp\/v2\/posts\/10669\/revisions"}],"wp:featuredmedia":[{"embeddable":true,"href":"https:\/\/swissbaker.ch\/fr\/wp-json\/wp\/v2\/media\/10670"}],"wp:attachment":[{"href":"https:\/\/swissbaker.ch\/fr\/wp-json\/wp\/v2\/media?parent=10669"}],"wp:term":[{"taxonomy":"category","embeddable":true,"href":"https:\/\/swissbaker.ch\/fr\/wp-json\/wp\/v2\/categories?post=10669"},{"taxonomy":"post_tag","embeddable":true,"href":"https:\/\/swissbaker.ch\/fr\/wp-json\/wp\/v2\/tags?post=10669"}],"curies":[{"name":"wp","href":"https:\/\/api.w.org\/{rel}","templated":true}]}}