{"id":10665,"date":"2019-04-20T15:52:00","date_gmt":"2019-04-20T13:52:00","guid":{"rendered":"https:\/\/swissbaker.ch\/?p=10665"},"modified":"2022-05-24T14:24:37","modified_gmt":"2022-05-24T12:24:37","slug":"joie-ou-melancolie","status":"publish","type":"post","link":"https:\/\/swissbaker.ch\/fr\/panissimo-news\/joie-ou-melancolie\/","title":{"rendered":"Joie ou m\u00e9lancolie?"},"content":{"rendered":"\n<p><strong>Le boulanger-p\u00e2tissier lucernois Willi Suter se retirera lors de l\u2019assembl\u00e9e g\u00e9n\u00e9rale du 15\u202fmai, apr\u00e8s 16\u202fann\u00e9es d\u2019activit\u00e9 au conseil d\u2019administration (CA). Il a \u00e9t\u00e9 un pr\u00e9sident scrupuleux, pendant douze ans. Il a fait le lien entre Pistor et le secteur artisanal. \u00ab\u2009panissimo\u2009\u00bb a \u00e9voqu\u00e9 son pass\u00e9 et son avenir avec lui.<\/strong><\/p>\n\n\n\n<p><strong>Vous allez fermer le chapitre de Pistor \u00e0 la mi-mai. Quel est votre sentiment pr\u00e9pond\u00e9rant, la joie ou la m\u00e9lancolie\u2009?<\/strong><br>A mes d\u00e9buts en tant que pr\u00e9sident, j\u2019ai instaur\u00e9 la limitation de la dur\u00e9e de mandat. Je n\u2019aime pas les gens qui s\u2019\u00e9ternisent, et qui ratent la sortie. Pour l\u2019entreprise, c\u2019est important que ce changement intervienne apr\u00e8s douze ans. Apr\u00e8s ce temps, on est un peu lessiv\u00e9, on devient plus ennuyeux et on sent son \u00e2ge. C\u2019est mortel pour une entreprise.<br>Je suis reconnaissant d\u2019avoir pu b\u00e9n\u00e9ficier de la confiance des propri\u00e9taires pendant douze ans. Je m\u2019estime par ailleurs heureux de ne jamais avoir manqu\u00e9 une s\u00e9ance du conseil d\u2019administration. Ma passion a toujours \u00e9t\u00e9 pr\u00e9sente.<br>Joie ou m\u00e9lancolie\u2009? Cela tient \u00e0 la passion de pouvoir le prendre comme \u00e7a\u2009; et je suis reconnaissant d\u2019avoir pu vivre ces magnifiques ann\u00e9es, passionnantes.<\/p>\n\n\n\n<p><strong>La situation du march\u00e9 dans notre secteur a beaucoup chang\u00e9 pendant votre mandat. Que pensez-vous de cette mutation\u2009?<\/strong><br>Oui, le march\u00e9 est en constante \u00e9volution. Il faut donc ouvrir les yeux\u2009! Voir plus loin, essayer d\u2019accepter les changements, s\u2019adapter. On n\u2019y arrive pas toujours. Il n\u2019y a pas de recette universelle.<\/p>\n\n\n\n<p><strong>Quels ont \u00e9t\u00e9 les plus grands d\u00e9fis lors de votre mandat\u2009?<\/strong><br>Me positionner en tant que pr\u00e9sident et adapter \u00e0 ma convenance les processus et les structures dans mon conseil d\u2019administration. Au d\u00e9but, je n\u2019avais pas beaucoup d\u2019exp\u00e9rience comme pr\u00e9sident de conseil d\u2019administration. Nous avons donc fait analyser et certifier l\u2019ensemble du CA par un professionnel. Ce processus a dur\u00e9 tr\u00e8s longtemps, jusqu\u2019\u00e0 ce que nous ayons acquis la certitude que nous avions choisi les bons outils, que les s\u00e9ances \u00e9taient efficaces, exhaustives et orient\u00e9es performance\u2009; en commen\u00e7ant par l\u2019ordre du jour et en finissant par le proc\u00e8s-verbal.<\/p>\n\n\n\n<p><strong>Qu\u2019est-ce qui vous a surpris particuli\u00e8rement\u2009?<\/strong><br>Les nombreux \u00e9chos positifs que j\u2019ai re\u00e7us. J\u2019ai certes eu un certain nombre de conversations t\u00e9l\u00e9phoniques houleuses\u2009; g\u00e9n\u00e9ralement relatives \u00e0 la politique tarifaire. A la fin de ce genre de conversations, il a n\u00e9anmoins toujours \u00e9t\u00e9 relev\u00e9 que Pistor faisait beaucoup de bonnes choses. J\u2019ai ressenti beaucoup de gratitude de la part de la branche.<\/p>\n\n\n\n<p><strong>Quelle a \u00e9t\u00e9 votre plus belle exp\u00e9rience durant votre mandat\u2009?<\/strong><br>Le fait que Markus L\u00f6tscher ait accept\u00e9 le poste de CEO en 2008.<\/p>\n\n\n\n<p><strong>Qu\u2019est-ce qui le d\u00e9finit\u2009?<\/strong><br>La loyaut\u00e9 \u00e0 100\u202f%. Il est un tr\u00e8s grand strat\u00e8ge, d\u2019une incroyable assiduit\u00e9. Il est au clair avec lui-m\u00eame, et c\u2019est exactement ce qu\u2019il faut \u00e0 Pistor. Le CEO et le pr\u00e9sident du CA doivent fonctionner, sinon l\u2019air vient \u00e0 manquer.<\/p>\n\n\n\n<p><strong>Quelle a \u00e9t\u00e9 votre contribution personnelle au soutien du secteur\u2009?<\/strong><br>Notre entreprise est forte, gr\u00e2ce \u00e0 une vision claire en mati\u00e8re de positionnement de Pistor. Le conseil d\u2019administration a bien fait les choses et nos successeurs vont continuer \u00e0 le faire. Ce ne sera pas trop difficile, sachant que les conditions sont excellentes et la propri\u00e9t\u00e9 loyale. On doit simplement \u00eatre \u00e0 l\u2019\u00e9coute et sentir ce que veulent les clients.<br>Votre successeur d\u00e9sign\u00e9 Daniel Eichenberger, reprendra le flambeau alors que le march\u00e9 est tr\u00e8s concurrentiel. O\u00f9 en est Pistor\u2009?<br>Nous sommes pr\u00eats \u00e0 relever les d\u00e9fis \u00e0 venir, sachant que les choses seront diff\u00e9rentes par rapport au pass\u00e9. Le march\u00e9 est en d\u00e9clin dans notre secteur. Les opportunit\u00e9s sont un peu plus nombreuses dans la restauration. Le CA se demande depuis des ann\u00e9es o\u00f9 Pistor pourrait r\u00e9ussir \u00e9conomiquement \u00e0 l\u2019avenir. Il incombe \u00e0 l\u2019organe strat\u00e9gique de trouver l\u2019acc\u00e8s \u00e0 de nouveaux secteurs d\u2019activit\u00e9.<\/p>\n\n\n\n<p><strong>Quels sont les secteurs d\u2019activit\u00e9 du futur\u2009?<\/strong><br>Nous \u00e9voluons sur de nombreux terrains de jeux. L\u2019un d\u2019entre eux est actuellement le secteur \u00ab\u2009care\u2009\u00bb. Beaucoup de ressources sont \u00e9galement requises pour la num\u00e9risation. Pistor va devoir s\u2019adapter aux changements actuels et futurs\u2009! A l\u2019avenir, outre les connaissances sectorielles, des comp\u00e9tences en informatique et technique m\u00e9dicale seront notamment \u00e9galement requises au CA. Et il est primordial que des chefs d\u2019entreprise participent \u00e0 ce CA. Le secteur ne joue plus un si grand r\u00f4le. L\u2019important est qu\u2019ils couvrent les domaines que nous avons d\u00e9finis au sein du conseil d\u2019administration. Ce sera un d\u00e9fi que de le d\u00e9montrer \u00e0 notre secteur. Je le ferai lors de l\u2019assembl\u00e9e g\u00e9n\u00e9rale, c\u2019est l\u2019un des derniers points que je souhaite encore ancrer. On ne doit pas donner l\u2019impression de vouloir passer outre le secteur. Ce n\u2019est absolument pas le cas. Nous savons d\u2019o\u00f9 nous venons. Mais il est de notre responsabilit\u00e9 envers la base d\u2019emprunter cette voie.<\/p>\n\n\n\n<p>La suite vous trouvez dans l&#8217;\u00e9dition \u00abpanissimo\u00bb N\u00b0 9 du 3 Mai 2019.<\/p>\n\n\n\n<p><a href=\"https:\/\/www.swissbaker.ch\/fr\/news-panissimo\/galeries-de-photos\/galeries-2019\/willi-suter-president-du-ca-pistor-sa\/\">Galerie de photos\u2026\u00bb<\/a><\/p>\n\n\n\n<h2 class=\"wp-block-heading\" id=\"h-willi-suter\">Willi Suter<\/h2>\n\n\n\n<p>Tout a commenc\u00e9 en 1975 par un apprentissage chez Kreyenb\u00fchl, \u00e0 Lucerne. Willi Suter est mari\u00e9 \u00e0 Madeleine Suter, titulaire d\u2019un dipl\u00f4me f\u00e9d\u00e9ral de vente (EPS), et p\u00e8re de deux enfants. Ag\u00e9e de 29 ans, Madeleine junior est responsable du personnel chez Suter\u2019s depuis 2016. Henry, 26 ans, a fait des \u00e9tudes en science alimentaire.<\/p>\n\n\n\n<h2 class=\"wp-block-heading\" id=\"h-parcours-professionnel\">Parcours professionnel<\/h2>\n\n\n\n<ul class=\"wp-block-list\"><li>1975\u2009\u2013\u20091978\u2009: apprentissage de boulanger-p\u00e2tissier dans la boulangerie Kreyenb\u00fchl, \u00e0 Lucerne<\/li><li>1978\u2009\u2013\u20091985\u2009:carri\u00e8re militaire cap trp sout<\/li><li>1982\u2009\u2013\u20091992\u2009: enseignant d\u2019\u00e9cole professionnelle ISPFP, Gewerbeschule Willisau<\/li><li>depuis 1993\u2009: membre de la direction de l\u2019association cantonale lucernoise (BKMV)<\/li><li>1984\u2009: examen de cafetier<\/li><li>1985\u2009: ma\u00eetrise (EPS)<\/li><li>1987\u2009: reprise de l\u2019entreprise de boulangerie de ses parents, \u00e0 Sch\u00f6tz<\/li><li>1990\u2009: fondation de Supronto Back AG, entreprise de production \u00e0 Egolzwil<\/li><li>1992\u2009: fondation de Futura Back AG, production, fabrication industrielle<\/li><li>1990\u2009: expert aux examens de fin d\u2019apprentissage<\/li><li>depuis 1996\u2009: expert aux examens professionnels<\/li><li>depuis 1998\u2009: expert aux examens professionnels sup\u00e9rieurs<\/li><li>1994\u2009\u2013\u20092000\u2009: membre du comit\u00e9 central<\/li><li>2000\u2009\u2013\u20092007\u2009: membre du comit\u00e9 directeur<\/li><li>2003\u2009: CA Pistor Holding, Pistor Betriebs AG<\/li><li>2005\u2009: vice-pr\u00e9sident du CA Pistor Holding, Pistor Betriebs AG<\/li><li>2005\u2009\u2013\u20092006\u2009: s\u00e9minaire pour cadres MBA, HSG de Saint-Gall<\/li><li>2007\u2009: chauffeur de camions, permis de poids lourds<\/li><li>depuis 2007\u2009: pr\u00e9sident du conseil d\u2019administration de Pistor Holding, soci\u00e9t\u00e9 coop\u00e9rative, pr\u00e9sident du conseil d\u2019administration de Pistor AG<\/li><li>2013\u2009: reprise de Suter\u2019s Meile \u00e0 Lucerne<\/li><\/ul>\n","protected":false},"excerpt":{"rendered":"<p>Le boulanger-p\u00e2tissier lucernois Willi Suter se retirera lors de l\u2019assembl\u00e9e g\u00e9n\u00e9rale du 15\u202fmai, apr\u00e8s 16\u202fann\u00e9es d\u2019activit\u00e9 au conseil d\u2019administration (CA). Il a \u00e9t\u00e9 un pr\u00e9sident scrupuleux, pendant douze ans. Il a fait le lien entre Pistor et le secteur artisanal. \u00ab\u2009panissimo\u2009\u00bb a \u00e9voqu\u00e9 son pass\u00e9 et son avenir avec lui. Vous allez fermer le chapitre de Pistor \u00e0 la mi-mai. [&hellip;]<\/p>\n","protected":false},"author":1,"featured_media":6289,"comment_status":"open","ping_status":"closed","sticky":false,"template":"","format":"standard","meta":{"_acf_changed":false,"footnotes":""},"categories":[45],"tags":[],"class_list":["post-10665","post","type-post","status-publish","format-standard","has-post-thumbnail","hentry","category-environnement-professionnel"],"acf":[],"yoast_head":"<!-- This site is optimized with the Yoast SEO Premium plugin v26.8 (Yoast SEO v26.8) - https:\/\/yoast.com\/product\/yoast-seo-premium-wordpress\/ -->\n<title>Joie ou m\u00e9lancolie? | SBC<\/title>\n<meta name=\"robots\" content=\"index, follow, max-snippet:-1, max-image-preview:large, max-video-preview:-1\" \/>\n<link rel=\"canonical\" href=\"https:\/\/swissbaker.ch\/fr\/panissimo-news\/joie-ou-melancolie\/\" \/>\n<meta property=\"og:locale\" content=\"fr_FR\" \/>\n<meta property=\"og:type\" content=\"article\" \/>\n<meta property=\"og:title\" content=\"Joie ou m\u00e9lancolie?\" \/>\n<meta property=\"og:description\" content=\"Le boulanger-p\u00e2tissier lucernois Willi Suter se retirera lors de l\u2019assembl\u00e9e g\u00e9n\u00e9rale du 15\u202fmai, apr\u00e8s 16\u202fann\u00e9es d\u2019activit\u00e9 au conseil d\u2019administration (CA). Il a \u00e9t\u00e9 un pr\u00e9sident scrupuleux, pendant douze ans. Il a fait le lien entre Pistor et le secteur artisanal. \u00ab\u2009panissimo\u2009\u00bb a \u00e9voqu\u00e9 son pass\u00e9 et son avenir avec lui. Vous allez fermer le chapitre de Pistor \u00e0 la mi-mai. [&hellip;]\" \/>\n<meta property=\"og:url\" content=\"https:\/\/swissbaker.ch\/fr\/panissimo-news\/joie-ou-melancolie\/\" \/>\n<meta property=\"og:site_name\" content=\"SBC\" \/>\n<meta property=\"article:publisher\" content=\"https:\/\/www.facebook.com\/swissbaker.ch\" \/>\n<meta property=\"article:published_time\" content=\"2019-04-20T13:52:00+00:00\" \/>\n<meta property=\"article:modified_time\" content=\"2022-05-24T12:24:37+00:00\" \/>\n<meta property=\"og:image\" content=\"https:\/\/swissbaker.ch\/wp-content\/uploads\/2022\/04\/NL-9.1-Willi-Sutter.jpg\" \/>\n\t<meta property=\"og:image:width\" content=\"800\" \/>\n\t<meta property=\"og:image:height\" content=\"474\" \/>\n\t<meta property=\"og:image:type\" content=\"image\/jpeg\" \/>\n<meta name=\"author\" content=\"azureart\" \/>\n<meta name=\"twitter:card\" content=\"summary_large_image\" \/>\n<meta name=\"twitter:creator\" content=\"@ch_swissbaker\" \/>\n<meta name=\"twitter:site\" content=\"@ch_swissbaker\" \/>\n<meta name=\"twitter:label1\" content=\"Written by\" \/>\n\t<meta name=\"twitter:data1\" content=\"azureart\" \/>\n\t<meta name=\"twitter:label2\" content=\"Est. reading time\" \/>\n\t<meta name=\"twitter:data2\" content=\"6 minutes\" \/>\n<script type=\"application\/ld+json\" class=\"yoast-schema-graph\">{\"@context\":\"https:\/\/schema.org\",\"@graph\":[{\"@type\":\"Article\",\"@id\":\"https:\/\/swissbaker.ch\/fr\/panissimo-news\/joie-ou-melancolie\/#article\",\"isPartOf\":{\"@id\":\"https:\/\/swissbaker.ch\/fr\/panissimo-news\/joie-ou-melancolie\/\"},\"author\":{\"name\":\"azureart\",\"@id\":\"https:\/\/swissbaker.ch\/fr\/#\/schema\/person\/058ac47619f7da53df62aba60f939b78\"},\"headline\":\"Joie ou m\u00e9lancolie?\",\"datePublished\":\"2019-04-20T13:52:00+00:00\",\"dateModified\":\"2022-05-24T12:24:37+00:00\",\"mainEntityOfPage\":{\"@id\":\"https:\/\/swissbaker.ch\/fr\/panissimo-news\/joie-ou-melancolie\/\"},\"wordCount\":1119,\"commentCount\":0,\"publisher\":{\"@id\":\"https:\/\/swissbaker.ch\/fr\/#organization\"},\"image\":{\"@id\":\"https:\/\/swissbaker.ch\/fr\/panissimo-news\/joie-ou-melancolie\/#primaryimage\"},\"thumbnailUrl\":\"https:\/\/swissbaker.ch\/wp-content\/uploads\/2022\/04\/NL-9.1-Willi-Sutter.jpg\",\"articleSection\":[\"Environnement professionnel\"],\"inLanguage\":\"fr-FR\",\"potentialAction\":[{\"@type\":\"CommentAction\",\"name\":\"Comment\",\"target\":[\"https:\/\/swissbaker.ch\/fr\/panissimo-news\/joie-ou-melancolie\/#respond\"]}]},{\"@type\":\"WebPage\",\"@id\":\"https:\/\/swissbaker.ch\/fr\/panissimo-news\/joie-ou-melancolie\/\",\"url\":\"https:\/\/swissbaker.ch\/fr\/panissimo-news\/joie-ou-melancolie\/\",\"name\":\"Joie ou m\u00e9lancolie? | SBC\",\"isPartOf\":{\"@id\":\"https:\/\/swissbaker.ch\/fr\/#website\"},\"primaryImageOfPage\":{\"@id\":\"https:\/\/swissbaker.ch\/fr\/panissimo-news\/joie-ou-melancolie\/#primaryimage\"},\"image\":{\"@id\":\"https:\/\/swissbaker.ch\/fr\/panissimo-news\/joie-ou-melancolie\/#primaryimage\"},\"thumbnailUrl\":\"https:\/\/swissbaker.ch\/wp-content\/uploads\/2022\/04\/NL-9.1-Willi-Sutter.jpg\",\"datePublished\":\"2019-04-20T13:52:00+00:00\",\"dateModified\":\"2022-05-24T12:24:37+00:00\",\"breadcrumb\":{\"@id\":\"https:\/\/swissbaker.ch\/fr\/panissimo-news\/joie-ou-melancolie\/#breadcrumb\"},\"inLanguage\":\"fr-FR\",\"potentialAction\":[{\"@type\":\"ReadAction\",\"target\":[\"https:\/\/swissbaker.ch\/fr\/panissimo-news\/joie-ou-melancolie\/\"]}]},{\"@type\":\"ImageObject\",\"inLanguage\":\"fr-FR\",\"@id\":\"https:\/\/swissbaker.ch\/fr\/panissimo-news\/joie-ou-melancolie\/#primaryimage\",\"url\":\"https:\/\/swissbaker.ch\/wp-content\/uploads\/2022\/04\/NL-9.1-Willi-Sutter.jpg\",\"contentUrl\":\"https:\/\/swissbaker.ch\/wp-content\/uploads\/2022\/04\/NL-9.1-Willi-Sutter.jpg\",\"width\":800,\"height\":474,\"caption\":\"Joie ou m\u00e9lancolie?\"},{\"@type\":\"BreadcrumbList\",\"@id\":\"https:\/\/swissbaker.ch\/fr\/panissimo-news\/joie-ou-melancolie\/#breadcrumb\",\"itemListElement\":[{\"@type\":\"ListItem\",\"position\":1,\"name\":\"\",\"item\":\"https:\/\/swissbaker.ch\/fr\/\"},{\"@type\":\"ListItem\",\"position\":2,\"name\":\"Environnement professionnel\",\"item\":\"https:\/\/swissbaker.ch\/fr\/panissimo-news\/category\/environnement-professionnel\/\"},{\"@type\":\"ListItem\",\"position\":3,\"name\":\"Joie ou m\u00e9lancolie?\"}]},{\"@type\":\"WebSite\",\"@id\":\"https:\/\/swissbaker.ch\/fr\/#website\",\"url\":\"https:\/\/swissbaker.ch\/fr\/\",\"name\":\"SBC\",\"description\":\"\",\"publisher\":{\"@id\":\"https:\/\/swissbaker.ch\/fr\/#organization\"},\"potentialAction\":[{\"@type\":\"SearchAction\",\"target\":{\"@type\":\"EntryPoint\",\"urlTemplate\":\"https:\/\/swissbaker.ch\/fr\/?s={search_term_string}\"},\"query-input\":{\"@type\":\"PropertyValueSpecification\",\"valueRequired\":true,\"valueName\":\"search_term_string\"}}],\"inLanguage\":\"fr-FR\"},{\"@type\":\"Organization\",\"@id\":\"https:\/\/swissbaker.ch\/fr\/#organization\",\"name\":\"Schweizerischer B\u00e4cker-Confiseurmeister-Verband\",\"url\":\"https:\/\/swissbaker.ch\/fr\/\",\"logo\":{\"@type\":\"ImageObject\",\"inLanguage\":\"fr-FR\",\"@id\":\"https:\/\/swissbaker.ch\/fr\/#\/schema\/logo\/image\/\",\"url\":\"https:\/\/swissbaker.ch\/wp-content\/uploads\/2022\/04\/sbc-logo-yoast.jpg\",\"contentUrl\":\"https:\/\/swissbaker.ch\/wp-content\/uploads\/2022\/04\/sbc-logo-yoast.jpg\",\"width\":512,\"height\":512,\"caption\":\"Schweizerischer B\u00e4cker-Confiseurmeister-Verband\"},\"image\":{\"@id\":\"https:\/\/swissbaker.ch\/fr\/#\/schema\/logo\/image\/\"},\"sameAs\":[\"https:\/\/www.facebook.com\/swissbaker.ch\",\"https:\/\/x.com\/ch_swissbaker\"]},{\"@type\":\"Person\",\"@id\":\"https:\/\/swissbaker.ch\/fr\/#\/schema\/person\/058ac47619f7da53df62aba60f939b78\",\"name\":\"azureart\",\"image\":{\"@type\":\"ImageObject\",\"inLanguage\":\"fr-FR\",\"@id\":\"https:\/\/swissbaker.ch\/fr\/#\/schema\/person\/image\/\",\"url\":\"https:\/\/secure.gravatar.com\/avatar\/be04dd3098fd612c83067af4f7a295384c93cb6a9112f51beb9d2f477d25da61?s=96&d=mm&r=g\",\"contentUrl\":\"https:\/\/secure.gravatar.com\/avatar\/be04dd3098fd612c83067af4f7a295384c93cb6a9112f51beb9d2f477d25da61?s=96&d=mm&r=g\",\"caption\":\"azureart\"},\"sameAs\":[\"https:\/\/swissbaker.ch\"],\"url\":\"https:\/\/swissbaker.ch\/fr\/panissimo-news\/author\/pixel-ahoi\/\"}]}<\/script>\n<!-- \/ Yoast SEO Premium plugin. -->","yoast_head_json":{"title":"Joie ou m\u00e9lancolie? | SBC","robots":{"index":"index","follow":"follow","max-snippet":"max-snippet:-1","max-image-preview":"max-image-preview:large","max-video-preview":"max-video-preview:-1"},"canonical":"https:\/\/swissbaker.ch\/fr\/panissimo-news\/joie-ou-melancolie\/","og_locale":"fr_FR","og_type":"article","og_title":"Joie ou m\u00e9lancolie?","og_description":"Le boulanger-p\u00e2tissier lucernois Willi Suter se retirera lors de l\u2019assembl\u00e9e g\u00e9n\u00e9rale du 15\u202fmai, apr\u00e8s 16\u202fann\u00e9es d\u2019activit\u00e9 au conseil d\u2019administration (CA). Il a \u00e9t\u00e9 un pr\u00e9sident scrupuleux, pendant douze ans. Il a fait le lien entre Pistor et le secteur artisanal. \u00ab\u2009panissimo\u2009\u00bb a \u00e9voqu\u00e9 son pass\u00e9 et son avenir avec lui. Vous allez fermer le chapitre de Pistor \u00e0 la mi-mai. [&hellip;]","og_url":"https:\/\/swissbaker.ch\/fr\/panissimo-news\/joie-ou-melancolie\/","og_site_name":"SBC","article_publisher":"https:\/\/www.facebook.com\/swissbaker.ch","article_published_time":"2019-04-20T13:52:00+00:00","article_modified_time":"2022-05-24T12:24:37+00:00","og_image":[{"width":800,"height":474,"url":"https:\/\/swissbaker.ch\/wp-content\/uploads\/2022\/04\/NL-9.1-Willi-Sutter.jpg","type":"image\/jpeg"}],"author":"azureart","twitter_card":"summary_large_image","twitter_creator":"@ch_swissbaker","twitter_site":"@ch_swissbaker","twitter_misc":{"Written by":"azureart","Est. reading time":"6 minutes"},"schema":{"@context":"https:\/\/schema.org","@graph":[{"@type":"Article","@id":"https:\/\/swissbaker.ch\/fr\/panissimo-news\/joie-ou-melancolie\/#article","isPartOf":{"@id":"https:\/\/swissbaker.ch\/fr\/panissimo-news\/joie-ou-melancolie\/"},"author":{"name":"azureart","@id":"https:\/\/swissbaker.ch\/fr\/#\/schema\/person\/058ac47619f7da53df62aba60f939b78"},"headline":"Joie ou m\u00e9lancolie?","datePublished":"2019-04-20T13:52:00+00:00","dateModified":"2022-05-24T12:24:37+00:00","mainEntityOfPage":{"@id":"https:\/\/swissbaker.ch\/fr\/panissimo-news\/joie-ou-melancolie\/"},"wordCount":1119,"commentCount":0,"publisher":{"@id":"https:\/\/swissbaker.ch\/fr\/#organization"},"image":{"@id":"https:\/\/swissbaker.ch\/fr\/panissimo-news\/joie-ou-melancolie\/#primaryimage"},"thumbnailUrl":"https:\/\/swissbaker.ch\/wp-content\/uploads\/2022\/04\/NL-9.1-Willi-Sutter.jpg","articleSection":["Environnement professionnel"],"inLanguage":"fr-FR","potentialAction":[{"@type":"CommentAction","name":"Comment","target":["https:\/\/swissbaker.ch\/fr\/panissimo-news\/joie-ou-melancolie\/#respond"]}]},{"@type":"WebPage","@id":"https:\/\/swissbaker.ch\/fr\/panissimo-news\/joie-ou-melancolie\/","url":"https:\/\/swissbaker.ch\/fr\/panissimo-news\/joie-ou-melancolie\/","name":"Joie ou m\u00e9lancolie? | SBC","isPartOf":{"@id":"https:\/\/swissbaker.ch\/fr\/#website"},"primaryImageOfPage":{"@id":"https:\/\/swissbaker.ch\/fr\/panissimo-news\/joie-ou-melancolie\/#primaryimage"},"image":{"@id":"https:\/\/swissbaker.ch\/fr\/panissimo-news\/joie-ou-melancolie\/#primaryimage"},"thumbnailUrl":"https:\/\/swissbaker.ch\/wp-content\/uploads\/2022\/04\/NL-9.1-Willi-Sutter.jpg","datePublished":"2019-04-20T13:52:00+00:00","dateModified":"2022-05-24T12:24:37+00:00","breadcrumb":{"@id":"https:\/\/swissbaker.ch\/fr\/panissimo-news\/joie-ou-melancolie\/#breadcrumb"},"inLanguage":"fr-FR","potentialAction":[{"@type":"ReadAction","target":["https:\/\/swissbaker.ch\/fr\/panissimo-news\/joie-ou-melancolie\/"]}]},{"@type":"ImageObject","inLanguage":"fr-FR","@id":"https:\/\/swissbaker.ch\/fr\/panissimo-news\/joie-ou-melancolie\/#primaryimage","url":"https:\/\/swissbaker.ch\/wp-content\/uploads\/2022\/04\/NL-9.1-Willi-Sutter.jpg","contentUrl":"https:\/\/swissbaker.ch\/wp-content\/uploads\/2022\/04\/NL-9.1-Willi-Sutter.jpg","width":800,"height":474,"caption":"Joie ou m\u00e9lancolie?"},{"@type":"BreadcrumbList","@id":"https:\/\/swissbaker.ch\/fr\/panissimo-news\/joie-ou-melancolie\/#breadcrumb","itemListElement":[{"@type":"ListItem","position":1,"name":"","item":"https:\/\/swissbaker.ch\/fr\/"},{"@type":"ListItem","position":2,"name":"Environnement professionnel","item":"https:\/\/swissbaker.ch\/fr\/panissimo-news\/category\/environnement-professionnel\/"},{"@type":"ListItem","position":3,"name":"Joie ou m\u00e9lancolie?"}]},{"@type":"WebSite","@id":"https:\/\/swissbaker.ch\/fr\/#website","url":"https:\/\/swissbaker.ch\/fr\/","name":"SBC","description":"","publisher":{"@id":"https:\/\/swissbaker.ch\/fr\/#organization"},"potentialAction":[{"@type":"SearchAction","target":{"@type":"EntryPoint","urlTemplate":"https:\/\/swissbaker.ch\/fr\/?s={search_term_string}"},"query-input":{"@type":"PropertyValueSpecification","valueRequired":true,"valueName":"search_term_string"}}],"inLanguage":"fr-FR"},{"@type":"Organization","@id":"https:\/\/swissbaker.ch\/fr\/#organization","name":"Schweizerischer B\u00e4cker-Confiseurmeister-Verband","url":"https:\/\/swissbaker.ch\/fr\/","logo":{"@type":"ImageObject","inLanguage":"fr-FR","@id":"https:\/\/swissbaker.ch\/fr\/#\/schema\/logo\/image\/","url":"https:\/\/swissbaker.ch\/wp-content\/uploads\/2022\/04\/sbc-logo-yoast.jpg","contentUrl":"https:\/\/swissbaker.ch\/wp-content\/uploads\/2022\/04\/sbc-logo-yoast.jpg","width":512,"height":512,"caption":"Schweizerischer B\u00e4cker-Confiseurmeister-Verband"},"image":{"@id":"https:\/\/swissbaker.ch\/fr\/#\/schema\/logo\/image\/"},"sameAs":["https:\/\/www.facebook.com\/swissbaker.ch","https:\/\/x.com\/ch_swissbaker"]},{"@type":"Person","@id":"https:\/\/swissbaker.ch\/fr\/#\/schema\/person\/058ac47619f7da53df62aba60f939b78","name":"azureart","image":{"@type":"ImageObject","inLanguage":"fr-FR","@id":"https:\/\/swissbaker.ch\/fr\/#\/schema\/person\/image\/","url":"https:\/\/secure.gravatar.com\/avatar\/be04dd3098fd612c83067af4f7a295384c93cb6a9112f51beb9d2f477d25da61?s=96&d=mm&r=g","contentUrl":"https:\/\/secure.gravatar.com\/avatar\/be04dd3098fd612c83067af4f7a295384c93cb6a9112f51beb9d2f477d25da61?s=96&d=mm&r=g","caption":"azureart"},"sameAs":["https:\/\/swissbaker.ch"],"url":"https:\/\/swissbaker.ch\/fr\/panissimo-news\/author\/pixel-ahoi\/"}]}},"_links":{"self":[{"href":"https:\/\/swissbaker.ch\/fr\/wp-json\/wp\/v2\/posts\/10665","targetHints":{"allow":["GET"]}}],"collection":[{"href":"https:\/\/swissbaker.ch\/fr\/wp-json\/wp\/v2\/posts"}],"about":[{"href":"https:\/\/swissbaker.ch\/fr\/wp-json\/wp\/v2\/types\/post"}],"author":[{"embeddable":true,"href":"https:\/\/swissbaker.ch\/fr\/wp-json\/wp\/v2\/users\/1"}],"replies":[{"embeddable":true,"href":"https:\/\/swissbaker.ch\/fr\/wp-json\/wp\/v2\/comments?post=10665"}],"version-history":[{"count":0,"href":"https:\/\/swissbaker.ch\/fr\/wp-json\/wp\/v2\/posts\/10665\/revisions"}],"wp:featuredmedia":[{"embeddable":true,"href":"https:\/\/swissbaker.ch\/fr\/wp-json\/wp\/v2\/media\/6289"}],"wp:attachment":[{"href":"https:\/\/swissbaker.ch\/fr\/wp-json\/wp\/v2\/media?parent=10665"}],"wp:term":[{"taxonomy":"category","embeddable":true,"href":"https:\/\/swissbaker.ch\/fr\/wp-json\/wp\/v2\/categories?post=10665"},{"taxonomy":"post_tag","embeddable":true,"href":"https:\/\/swissbaker.ch\/fr\/wp-json\/wp\/v2\/tags?post=10665"}],"curies":[{"name":"wp","href":"https:\/\/api.w.org\/{rel}","templated":true}]}}