{"id":10663,"date":"2019-04-30T15:50:00","date_gmt":"2019-04-30T13:50:00","guid":{"rendered":"https:\/\/swissbaker.ch\/?p=10663"},"modified":"2022-05-24T14:21:53","modified_gmt":"2022-05-24T12:21:53","slug":"prime-exceptionnelle-pour-un-remplacement","status":"publish","type":"post","link":"https:\/\/swissbaker.ch\/fr\/panissimo-news\/prime-exceptionnelle-pour-un-remplacement\/","title":{"rendered":"Prime exceptionnelle pour un remplacement"},"content":{"rendered":"\n<p><strong>La Fondation pour la protection du climat et la compensation de CO2 KliK soutient les boulangeries artisanales dans le remplacement anticip\u00e9 d\u2019une installation frigorifique utilisant des fluides frigorig\u00e8nes nocifs pour le climat. Les dix premiers projets pour lesquels une demande est d\u00e9pos\u00e9e et qui sont mis en \u0153uvre recevront en plus du subside ordinaire une prime de 5&#8217;000\u202ffrancs.<\/strong><\/p>\n\n\n\n<p>Pour les boulangeries artisanales, le remplacement d\u2019une installation frigorifique repr\u00e9sente un investissement consid\u00e9rable. La plupart des entreprises attendent qu\u2019il devienne in\u00e9vitable. Cette temporisation n\u2019est pas sans risque. En cas de d\u00e9faillance, les co\u00fbts de r\u00e9paration peuvent s\u2019av\u00e9rer \u00e9lev\u00e9s\u2009; sans parler des interruptions de production et des autres d\u00e9sagr\u00e9ments. Et souvent, il n\u2019y a pas d\u2019autre solution que de remplacer l\u2019ancienne installation par une nouvelle.<br>Quiconque se s\u00e9pare de mani\u00e8re anticip\u00e9e de son ancienne installation fonctionnelle peut percevoir des subsides pour son remplacement. Les subsides vers\u00e9s par la fondation KliK pour les installations typiquement utilis\u00e9es dans les boulangeries s\u2019\u00e9l\u00e8vent entre 15\u2009000 et 20\u2009000\u202ffrancs pour le remplacement d\u2019une installation frigorifique fonctionnelle utilisant un fluide frigorig\u00e8ne nocif pour le climat par une nouvelle utilisant un fluide frigorig\u00e8ne respectueux du climat. Cette proposition concerne toutes les installations \u00e2g\u00e9es de moins de 20\u202fans\u2009; moins de 30\u202fans si le compresseur a \u00e9t\u00e9 remplac\u00e9 au cours des cinq derni\u00e8res ann\u00e9es.<\/p>\n\n\n\n<h2 class=\"wp-block-heading\" id=\"h-beneficier-des-a-present-d-une-prime\">B\u00e9n\u00e9ficier d\u00e8s \u00e0 pr\u00e9sent d\u2019une prime<\/h2>\n\n\n\n<p>Il est actuellement particuli\u00e8rement int\u00e9ressant pour les boulangeries artisanales d\u2019envisager le remplacement anticip\u00e9 de leur installation frigorifique. KliK soutient au moyen d\u2019une prime exceptionnelle de 5\u2009000\u202ffrancs qui s\u2019additionne aux subsides \u00ab\u2009ordinaires\u2009\u00bb les dix premiers projets pour lesquels une demande est d\u00e9pos\u00e9e. Toutes les conditions de participation doivent cependant \u00eatre r\u00e9unies et le projet doit \u00eatre mis en \u0153uvre avec succ\u00e8s d\u2019ici fin 2021.<br>Les boulangers sont invit\u00e9s \u00e0 discuter du programme d\u2019encouragement de KliK avec leur sp\u00e9cialiste du froid. Ils peuvent le mandater pour d\u00e9poser une demande de subside aupr\u00e8s de la fondation. L\u2019entreprise sp\u00e9cialiste du froid ne doit pas travailler gratuitement\u2009: si le projet est soutenu par la fondation, le sp\u00e9cialiste du froid per\u00e7oit une compensation forfaitaire de 400\u202ffrancs. Plus d\u2019infos sur\u2009: froid.klik.ch\/boulangeries.<\/p>\n\n\n\n<p>Darja Tinibaev, resp. du programme pour un froid \u00e9cologique de la fondation KliK<\/p>\n\n\n\n<h2 class=\"wp-block-heading\" id=\"h-plus-d-informations\">Plus d&#8217;informations:<\/h2>\n\n\n\n<p><a href=\"https:\/\/www.kaelteanlagen.klik.ch\/fr\/home\">www.kaelteanlagen.klik.ch<\/a><\/p>\n\n\n\n<h2 class=\"wp-block-heading\" id=\"h-stiftung-klik\">Stiftung KliK<\/h2>\n\n\n\n<p>Die Stiftung Klimaschutz und CO2-Kompensation (KliK) ist die branchenweite CO2-Kompensationsgemeinschaft im Rahmen des CO2-Gesetzes. Sie erf\u00fcllt im Auftrag der Mineral\u00f6lgesellschaften, welche fossile Treibstoffe in Verkehr bringen, deren gesetzliche Pflicht, einen Teil der bei der Nutzung der Treibstoffe entstehenden CO2-Emissionen zu kompensieren. Dazu f\u00f6rdert sie Projekte in der Schweiz, die den Ausstoss von Treibhausgasen reduzieren, und tr\u00e4gt so aktiv zu einem nachhaltigen Klimaschutz bei.<\/p>\n","protected":false},"excerpt":{"rendered":"<p>La Fondation pour la protection du climat et la compensation de CO2 KliK soutient les boulangeries artisanales dans le remplacement anticip\u00e9 d\u2019une installation frigorifique utilisant des fluides frigorig\u00e8nes nocifs pour le climat. Les dix premiers projets pour lesquels une demande est d\u00e9pos\u00e9e et qui sont mis en \u0153uvre recevront en plus du subside ordinaire une prime de 5&#8217;000\u202ffrancs. Pour les [&hellip;]<\/p>\n","protected":false},"author":1,"featured_media":6288,"comment_status":"open","ping_status":"closed","sticky":false,"template":"","format":"standard","meta":{"_acf_changed":false,"footnotes":""},"categories":[45],"tags":[],"class_list":["post-10663","post","type-post","status-publish","format-standard","has-post-thumbnail","hentry","category-environnement-professionnel"],"acf":[],"yoast_head":"<!-- This site is optimized with the Yoast SEO Premium plugin v26.8 (Yoast SEO v26.8) - https:\/\/yoast.com\/product\/yoast-seo-premium-wordpress\/ -->\n<title>Prime exceptionnelle pour un remplacement | SBC<\/title>\n<meta name=\"robots\" content=\"index, follow, max-snippet:-1, max-image-preview:large, max-video-preview:-1\" \/>\n<link rel=\"canonical\" href=\"https:\/\/swissbaker.ch\/fr\/panissimo-news\/prime-exceptionnelle-pour-un-remplacement\/\" \/>\n<meta property=\"og:locale\" content=\"fr_FR\" \/>\n<meta property=\"og:type\" content=\"article\" \/>\n<meta property=\"og:title\" content=\"Prime exceptionnelle pour un remplacement\" \/>\n<meta property=\"og:description\" content=\"La Fondation pour la protection du climat et la compensation de CO2 KliK soutient les boulangeries artisanales dans le remplacement anticip\u00e9 d\u2019une installation frigorifique utilisant des fluides frigorig\u00e8nes nocifs pour le climat. Les dix premiers projets pour lesquels une demande est d\u00e9pos\u00e9e et qui sont mis en \u0153uvre recevront en plus du subside ordinaire une prime de 5&#8217;000\u202ffrancs. Pour les [&hellip;]\" \/>\n<meta property=\"og:url\" content=\"https:\/\/swissbaker.ch\/fr\/panissimo-news\/prime-exceptionnelle-pour-un-remplacement\/\" \/>\n<meta property=\"og:site_name\" content=\"SBC\" \/>\n<meta property=\"article:publisher\" content=\"https:\/\/www.facebook.com\/swissbaker.ch\" \/>\n<meta property=\"article:published_time\" content=\"2019-04-30T13:50:00+00:00\" \/>\n<meta property=\"article:modified_time\" content=\"2022-05-24T12:21:53+00:00\" \/>\n<meta property=\"og:image\" content=\"https:\/\/swissbaker.ch\/wp-content\/uploads\/2022\/04\/NL-9.1-Stiftung-KliK.jpg\" \/>\n\t<meta property=\"og:image:width\" content=\"800\" \/>\n\t<meta property=\"og:image:height\" content=\"474\" \/>\n\t<meta property=\"og:image:type\" content=\"image\/jpeg\" \/>\n<meta name=\"author\" content=\"azureart\" \/>\n<meta name=\"twitter:card\" content=\"summary_large_image\" \/>\n<meta name=\"twitter:creator\" content=\"@ch_swissbaker\" \/>\n<meta name=\"twitter:site\" content=\"@ch_swissbaker\" \/>\n<meta name=\"twitter:label1\" content=\"Written by\" \/>\n\t<meta name=\"twitter:data1\" content=\"azureart\" \/>\n\t<meta name=\"twitter:label2\" content=\"Est. reading time\" \/>\n\t<meta name=\"twitter:data2\" content=\"3 minutes\" \/>\n<script type=\"application\/ld+json\" class=\"yoast-schema-graph\">{\"@context\":\"https:\/\/schema.org\",\"@graph\":[{\"@type\":\"Article\",\"@id\":\"https:\/\/swissbaker.ch\/fr\/panissimo-news\/prime-exceptionnelle-pour-un-remplacement\/#article\",\"isPartOf\":{\"@id\":\"https:\/\/swissbaker.ch\/fr\/panissimo-news\/prime-exceptionnelle-pour-un-remplacement\/\"},\"author\":{\"name\":\"azureart\",\"@id\":\"https:\/\/swissbaker.ch\/fr\/#\/schema\/person\/058ac47619f7da53df62aba60f939b78\"},\"headline\":\"Prime exceptionnelle pour un remplacement\",\"datePublished\":\"2019-04-30T13:50:00+00:00\",\"dateModified\":\"2022-05-24T12:21:53+00:00\",\"mainEntityOfPage\":{\"@id\":\"https:\/\/swissbaker.ch\/fr\/panissimo-news\/prime-exceptionnelle-pour-un-remplacement\/\"},\"wordCount\":497,\"commentCount\":0,\"publisher\":{\"@id\":\"https:\/\/swissbaker.ch\/fr\/#organization\"},\"image\":{\"@id\":\"https:\/\/swissbaker.ch\/fr\/panissimo-news\/prime-exceptionnelle-pour-un-remplacement\/#primaryimage\"},\"thumbnailUrl\":\"https:\/\/swissbaker.ch\/wp-content\/uploads\/2022\/04\/NL-9.1-Stiftung-KliK.jpg\",\"articleSection\":[\"Environnement professionnel\"],\"inLanguage\":\"fr-FR\",\"potentialAction\":[{\"@type\":\"CommentAction\",\"name\":\"Comment\",\"target\":[\"https:\/\/swissbaker.ch\/fr\/panissimo-news\/prime-exceptionnelle-pour-un-remplacement\/#respond\"]}]},{\"@type\":\"WebPage\",\"@id\":\"https:\/\/swissbaker.ch\/fr\/panissimo-news\/prime-exceptionnelle-pour-un-remplacement\/\",\"url\":\"https:\/\/swissbaker.ch\/fr\/panissimo-news\/prime-exceptionnelle-pour-un-remplacement\/\",\"name\":\"Prime exceptionnelle pour un remplacement | SBC\",\"isPartOf\":{\"@id\":\"https:\/\/swissbaker.ch\/fr\/#website\"},\"primaryImageOfPage\":{\"@id\":\"https:\/\/swissbaker.ch\/fr\/panissimo-news\/prime-exceptionnelle-pour-un-remplacement\/#primaryimage\"},\"image\":{\"@id\":\"https:\/\/swissbaker.ch\/fr\/panissimo-news\/prime-exceptionnelle-pour-un-remplacement\/#primaryimage\"},\"thumbnailUrl\":\"https:\/\/swissbaker.ch\/wp-content\/uploads\/2022\/04\/NL-9.1-Stiftung-KliK.jpg\",\"datePublished\":\"2019-04-30T13:50:00+00:00\",\"dateModified\":\"2022-05-24T12:21:53+00:00\",\"breadcrumb\":{\"@id\":\"https:\/\/swissbaker.ch\/fr\/panissimo-news\/prime-exceptionnelle-pour-un-remplacement\/#breadcrumb\"},\"inLanguage\":\"fr-FR\",\"potentialAction\":[{\"@type\":\"ReadAction\",\"target\":[\"https:\/\/swissbaker.ch\/fr\/panissimo-news\/prime-exceptionnelle-pour-un-remplacement\/\"]}]},{\"@type\":\"ImageObject\",\"inLanguage\":\"fr-FR\",\"@id\":\"https:\/\/swissbaker.ch\/fr\/panissimo-news\/prime-exceptionnelle-pour-un-remplacement\/#primaryimage\",\"url\":\"https:\/\/swissbaker.ch\/wp-content\/uploads\/2022\/04\/NL-9.1-Stiftung-KliK.jpg\",\"contentUrl\":\"https:\/\/swissbaker.ch\/wp-content\/uploads\/2022\/04\/NL-9.1-Stiftung-KliK.jpg\",\"width\":800,\"height\":474,\"caption\":\"Prime exceptionnelle pour un remplacement\"},{\"@type\":\"BreadcrumbList\",\"@id\":\"https:\/\/swissbaker.ch\/fr\/panissimo-news\/prime-exceptionnelle-pour-un-remplacement\/#breadcrumb\",\"itemListElement\":[{\"@type\":\"ListItem\",\"position\":1,\"name\":\"\",\"item\":\"https:\/\/swissbaker.ch\/fr\/\"},{\"@type\":\"ListItem\",\"position\":2,\"name\":\"Environnement professionnel\",\"item\":\"https:\/\/swissbaker.ch\/fr\/panissimo-news\/category\/environnement-professionnel\/\"},{\"@type\":\"ListItem\",\"position\":3,\"name\":\"Prime exceptionnelle pour un remplacement\"}]},{\"@type\":\"WebSite\",\"@id\":\"https:\/\/swissbaker.ch\/fr\/#website\",\"url\":\"https:\/\/swissbaker.ch\/fr\/\",\"name\":\"SBC\",\"description\":\"\",\"publisher\":{\"@id\":\"https:\/\/swissbaker.ch\/fr\/#organization\"},\"potentialAction\":[{\"@type\":\"SearchAction\",\"target\":{\"@type\":\"EntryPoint\",\"urlTemplate\":\"https:\/\/swissbaker.ch\/fr\/?s={search_term_string}\"},\"query-input\":{\"@type\":\"PropertyValueSpecification\",\"valueRequired\":true,\"valueName\":\"search_term_string\"}}],\"inLanguage\":\"fr-FR\"},{\"@type\":\"Organization\",\"@id\":\"https:\/\/swissbaker.ch\/fr\/#organization\",\"name\":\"Schweizerischer B\u00e4cker-Confiseurmeister-Verband\",\"url\":\"https:\/\/swissbaker.ch\/fr\/\",\"logo\":{\"@type\":\"ImageObject\",\"inLanguage\":\"fr-FR\",\"@id\":\"https:\/\/swissbaker.ch\/fr\/#\/schema\/logo\/image\/\",\"url\":\"https:\/\/swissbaker.ch\/wp-content\/uploads\/2022\/04\/sbc-logo-yoast.jpg\",\"contentUrl\":\"https:\/\/swissbaker.ch\/wp-content\/uploads\/2022\/04\/sbc-logo-yoast.jpg\",\"width\":512,\"height\":512,\"caption\":\"Schweizerischer B\u00e4cker-Confiseurmeister-Verband\"},\"image\":{\"@id\":\"https:\/\/swissbaker.ch\/fr\/#\/schema\/logo\/image\/\"},\"sameAs\":[\"https:\/\/www.facebook.com\/swissbaker.ch\",\"https:\/\/x.com\/ch_swissbaker\"]},{\"@type\":\"Person\",\"@id\":\"https:\/\/swissbaker.ch\/fr\/#\/schema\/person\/058ac47619f7da53df62aba60f939b78\",\"name\":\"azureart\",\"image\":{\"@type\":\"ImageObject\",\"inLanguage\":\"fr-FR\",\"@id\":\"https:\/\/swissbaker.ch\/fr\/#\/schema\/person\/image\/\",\"url\":\"https:\/\/secure.gravatar.com\/avatar\/be04dd3098fd612c83067af4f7a295384c93cb6a9112f51beb9d2f477d25da61?s=96&d=mm&r=g\",\"contentUrl\":\"https:\/\/secure.gravatar.com\/avatar\/be04dd3098fd612c83067af4f7a295384c93cb6a9112f51beb9d2f477d25da61?s=96&d=mm&r=g\",\"caption\":\"azureart\"},\"sameAs\":[\"https:\/\/swissbaker.ch\"],\"url\":\"https:\/\/swissbaker.ch\/fr\/panissimo-news\/author\/pixel-ahoi\/\"}]}<\/script>\n<!-- \/ Yoast SEO Premium plugin. -->","yoast_head_json":{"title":"Prime exceptionnelle pour un remplacement | SBC","robots":{"index":"index","follow":"follow","max-snippet":"max-snippet:-1","max-image-preview":"max-image-preview:large","max-video-preview":"max-video-preview:-1"},"canonical":"https:\/\/swissbaker.ch\/fr\/panissimo-news\/prime-exceptionnelle-pour-un-remplacement\/","og_locale":"fr_FR","og_type":"article","og_title":"Prime exceptionnelle pour un remplacement","og_description":"La Fondation pour la protection du climat et la compensation de CO2 KliK soutient les boulangeries artisanales dans le remplacement anticip\u00e9 d\u2019une installation frigorifique utilisant des fluides frigorig\u00e8nes nocifs pour le climat. Les dix premiers projets pour lesquels une demande est d\u00e9pos\u00e9e et qui sont mis en \u0153uvre recevront en plus du subside ordinaire une prime de 5&#8217;000\u202ffrancs. Pour les [&hellip;]","og_url":"https:\/\/swissbaker.ch\/fr\/panissimo-news\/prime-exceptionnelle-pour-un-remplacement\/","og_site_name":"SBC","article_publisher":"https:\/\/www.facebook.com\/swissbaker.ch","article_published_time":"2019-04-30T13:50:00+00:00","article_modified_time":"2022-05-24T12:21:53+00:00","og_image":[{"width":800,"height":474,"url":"https:\/\/swissbaker.ch\/wp-content\/uploads\/2022\/04\/NL-9.1-Stiftung-KliK.jpg","type":"image\/jpeg"}],"author":"azureart","twitter_card":"summary_large_image","twitter_creator":"@ch_swissbaker","twitter_site":"@ch_swissbaker","twitter_misc":{"Written by":"azureart","Est. reading time":"3 minutes"},"schema":{"@context":"https:\/\/schema.org","@graph":[{"@type":"Article","@id":"https:\/\/swissbaker.ch\/fr\/panissimo-news\/prime-exceptionnelle-pour-un-remplacement\/#article","isPartOf":{"@id":"https:\/\/swissbaker.ch\/fr\/panissimo-news\/prime-exceptionnelle-pour-un-remplacement\/"},"author":{"name":"azureart","@id":"https:\/\/swissbaker.ch\/fr\/#\/schema\/person\/058ac47619f7da53df62aba60f939b78"},"headline":"Prime exceptionnelle pour un remplacement","datePublished":"2019-04-30T13:50:00+00:00","dateModified":"2022-05-24T12:21:53+00:00","mainEntityOfPage":{"@id":"https:\/\/swissbaker.ch\/fr\/panissimo-news\/prime-exceptionnelle-pour-un-remplacement\/"},"wordCount":497,"commentCount":0,"publisher":{"@id":"https:\/\/swissbaker.ch\/fr\/#organization"},"image":{"@id":"https:\/\/swissbaker.ch\/fr\/panissimo-news\/prime-exceptionnelle-pour-un-remplacement\/#primaryimage"},"thumbnailUrl":"https:\/\/swissbaker.ch\/wp-content\/uploads\/2022\/04\/NL-9.1-Stiftung-KliK.jpg","articleSection":["Environnement professionnel"],"inLanguage":"fr-FR","potentialAction":[{"@type":"CommentAction","name":"Comment","target":["https:\/\/swissbaker.ch\/fr\/panissimo-news\/prime-exceptionnelle-pour-un-remplacement\/#respond"]}]},{"@type":"WebPage","@id":"https:\/\/swissbaker.ch\/fr\/panissimo-news\/prime-exceptionnelle-pour-un-remplacement\/","url":"https:\/\/swissbaker.ch\/fr\/panissimo-news\/prime-exceptionnelle-pour-un-remplacement\/","name":"Prime exceptionnelle pour un remplacement | SBC","isPartOf":{"@id":"https:\/\/swissbaker.ch\/fr\/#website"},"primaryImageOfPage":{"@id":"https:\/\/swissbaker.ch\/fr\/panissimo-news\/prime-exceptionnelle-pour-un-remplacement\/#primaryimage"},"image":{"@id":"https:\/\/swissbaker.ch\/fr\/panissimo-news\/prime-exceptionnelle-pour-un-remplacement\/#primaryimage"},"thumbnailUrl":"https:\/\/swissbaker.ch\/wp-content\/uploads\/2022\/04\/NL-9.1-Stiftung-KliK.jpg","datePublished":"2019-04-30T13:50:00+00:00","dateModified":"2022-05-24T12:21:53+00:00","breadcrumb":{"@id":"https:\/\/swissbaker.ch\/fr\/panissimo-news\/prime-exceptionnelle-pour-un-remplacement\/#breadcrumb"},"inLanguage":"fr-FR","potentialAction":[{"@type":"ReadAction","target":["https:\/\/swissbaker.ch\/fr\/panissimo-news\/prime-exceptionnelle-pour-un-remplacement\/"]}]},{"@type":"ImageObject","inLanguage":"fr-FR","@id":"https:\/\/swissbaker.ch\/fr\/panissimo-news\/prime-exceptionnelle-pour-un-remplacement\/#primaryimage","url":"https:\/\/swissbaker.ch\/wp-content\/uploads\/2022\/04\/NL-9.1-Stiftung-KliK.jpg","contentUrl":"https:\/\/swissbaker.ch\/wp-content\/uploads\/2022\/04\/NL-9.1-Stiftung-KliK.jpg","width":800,"height":474,"caption":"Prime exceptionnelle pour un remplacement"},{"@type":"BreadcrumbList","@id":"https:\/\/swissbaker.ch\/fr\/panissimo-news\/prime-exceptionnelle-pour-un-remplacement\/#breadcrumb","itemListElement":[{"@type":"ListItem","position":1,"name":"","item":"https:\/\/swissbaker.ch\/fr\/"},{"@type":"ListItem","position":2,"name":"Environnement professionnel","item":"https:\/\/swissbaker.ch\/fr\/panissimo-news\/category\/environnement-professionnel\/"},{"@type":"ListItem","position":3,"name":"Prime exceptionnelle pour un remplacement"}]},{"@type":"WebSite","@id":"https:\/\/swissbaker.ch\/fr\/#website","url":"https:\/\/swissbaker.ch\/fr\/","name":"SBC","description":"","publisher":{"@id":"https:\/\/swissbaker.ch\/fr\/#organization"},"potentialAction":[{"@type":"SearchAction","target":{"@type":"EntryPoint","urlTemplate":"https:\/\/swissbaker.ch\/fr\/?s={search_term_string}"},"query-input":{"@type":"PropertyValueSpecification","valueRequired":true,"valueName":"search_term_string"}}],"inLanguage":"fr-FR"},{"@type":"Organization","@id":"https:\/\/swissbaker.ch\/fr\/#organization","name":"Schweizerischer B\u00e4cker-Confiseurmeister-Verband","url":"https:\/\/swissbaker.ch\/fr\/","logo":{"@type":"ImageObject","inLanguage":"fr-FR","@id":"https:\/\/swissbaker.ch\/fr\/#\/schema\/logo\/image\/","url":"https:\/\/swissbaker.ch\/wp-content\/uploads\/2022\/04\/sbc-logo-yoast.jpg","contentUrl":"https:\/\/swissbaker.ch\/wp-content\/uploads\/2022\/04\/sbc-logo-yoast.jpg","width":512,"height":512,"caption":"Schweizerischer B\u00e4cker-Confiseurmeister-Verband"},"image":{"@id":"https:\/\/swissbaker.ch\/fr\/#\/schema\/logo\/image\/"},"sameAs":["https:\/\/www.facebook.com\/swissbaker.ch","https:\/\/x.com\/ch_swissbaker"]},{"@type":"Person","@id":"https:\/\/swissbaker.ch\/fr\/#\/schema\/person\/058ac47619f7da53df62aba60f939b78","name":"azureart","image":{"@type":"ImageObject","inLanguage":"fr-FR","@id":"https:\/\/swissbaker.ch\/fr\/#\/schema\/person\/image\/","url":"https:\/\/secure.gravatar.com\/avatar\/be04dd3098fd612c83067af4f7a295384c93cb6a9112f51beb9d2f477d25da61?s=96&d=mm&r=g","contentUrl":"https:\/\/secure.gravatar.com\/avatar\/be04dd3098fd612c83067af4f7a295384c93cb6a9112f51beb9d2f477d25da61?s=96&d=mm&r=g","caption":"azureart"},"sameAs":["https:\/\/swissbaker.ch"],"url":"https:\/\/swissbaker.ch\/fr\/panissimo-news\/author\/pixel-ahoi\/"}]}},"_links":{"self":[{"href":"https:\/\/swissbaker.ch\/fr\/wp-json\/wp\/v2\/posts\/10663","targetHints":{"allow":["GET"]}}],"collection":[{"href":"https:\/\/swissbaker.ch\/fr\/wp-json\/wp\/v2\/posts"}],"about":[{"href":"https:\/\/swissbaker.ch\/fr\/wp-json\/wp\/v2\/types\/post"}],"author":[{"embeddable":true,"href":"https:\/\/swissbaker.ch\/fr\/wp-json\/wp\/v2\/users\/1"}],"replies":[{"embeddable":true,"href":"https:\/\/swissbaker.ch\/fr\/wp-json\/wp\/v2\/comments?post=10663"}],"version-history":[{"count":0,"href":"https:\/\/swissbaker.ch\/fr\/wp-json\/wp\/v2\/posts\/10663\/revisions"}],"wp:featuredmedia":[{"embeddable":true,"href":"https:\/\/swissbaker.ch\/fr\/wp-json\/wp\/v2\/media\/6288"}],"wp:attachment":[{"href":"https:\/\/swissbaker.ch\/fr\/wp-json\/wp\/v2\/media?parent=10663"}],"wp:term":[{"taxonomy":"category","embeddable":true,"href":"https:\/\/swissbaker.ch\/fr\/wp-json\/wp\/v2\/categories?post=10663"},{"taxonomy":"post_tag","embeddable":true,"href":"https:\/\/swissbaker.ch\/fr\/wp-json\/wp\/v2\/tags?post=10663"}],"curies":[{"name":"wp","href":"https:\/\/api.w.org\/{rel}","templated":true}]}}