{"id":10653,"date":"2019-05-08T14:10:00","date_gmt":"2019-05-08T12:10:00","guid":{"rendered":"https:\/\/swissbaker.ch\/?p=10653"},"modified":"2022-05-24T14:11:40","modified_gmt":"2022-05-24T12:11:40","slug":"mangez-du-pain-vous-vivrez-bien","status":"publish","type":"post","link":"https:\/\/swissbaker.ch\/fr\/panissimo-news\/mangez-du-pain-vous-vivrez-bien\/","title":{"rendered":"\u00ab\u2009Mangez du pain, vous vivrez bien\u2009\u00bb"},"content":{"rendered":"\n<p>Dans mon pr\u00e9c\u00e9dent article, je parlais du meunier qui nous fournit tous les mardis sa bonne farine. Je veux aujourd\u2019hui pr\u00e9ciser quelques points dont le gluten.<br>Ces derniers temps, de plus en plus de gens sont intol\u00e9rants au gluten. Cette intol\u00e9rance toucherait environ une personne sur 100 en France, selon une r\u00e9cente \u00e9tude. Or, dans le cadre de mon apprentissage, j\u2019ai appris que le v\u00e9ritable probl\u00e8me n\u2019est pas le gluten, mais tous les additifs ajout\u00e9s aux c\u00e9r\u00e9ales. Ce sont ces modifications faites sur les c\u00e9r\u00e9ales qui seraient nocives pour le corps humain ainsi que pour la fertilit\u00e9 des terres. Mon patron boulanger, M.\u202fGerber, m\u2019a racont\u00e9 avoir eu jusqu\u2019\u00e0 des d\u00e9mangeaisons sur les bras lorsqu\u2019il travaillait ailleurs, avec une farine issue de ces c\u00e9r\u00e9ales modifi\u00e9es. Depuis, il n\u2019a plus aucun probl\u00e8me.<\/p>\n\n\n\n<h2 class=\"wp-block-heading\" id=\"h-bles-anciens-moulus-sur-pierre\">Bl\u00e9s anciens moulus sur pierre<\/h2>\n\n\n\n<p>J\u2019ai eu la chance d\u2019admirer le moulin ainsi que le travail du meunier, St\u00e9phane Deytard, \u00e0 Suchy (VD) lors d\u2019une visite guid\u00e9e avec mes deux patrons et quelques professeurs de l\u2019Ecole professionnelle de Montreux. La farine y est moulue sur meule de pierre avec des bl\u00e9s anciens. La question du gluten pourrait bien \u00eatre qu\u2019un probl\u00e8me d\u00e9plac\u00e9. Une personne intol\u00e9rante au gluten peut sans autre venir chez Gerber &amp; Wyss y manger un pain, sans conna\u00eetre d\u2019effets ind\u00e9sirables. Certains de nos clients ont affirm\u00e9 \u00e0 mes patrons que nos pains leur auraient carr\u00e9ment chang\u00e9 la vie.<br>Le pain para\u00eet assez banal dans l\u2019alimentation de tous les jours, mais on en a pourtant tous besoin. \u00ab\u2009Mangez du pain, vous vivrez bien\u2009\u00bb.<\/p>\n","protected":false},"excerpt":{"rendered":"<p>Dans mon pr\u00e9c\u00e9dent article, je parlais du meunier qui nous fournit tous les mardis sa bonne farine. Je veux aujourd\u2019hui pr\u00e9ciser quelques points dont le gluten.Ces derniers temps, de plus en plus de gens sont intol\u00e9rants au gluten. Cette intol\u00e9rance toucherait environ une personne sur 100 en France, selon une r\u00e9cente \u00e9tude. Or, dans le cadre de mon apprentissage, j\u2019ai [&hellip;]<\/p>\n","protected":false},"author":1,"featured_media":10654,"comment_status":"open","ping_status":"closed","sticky":false,"template":"","format":"standard","meta":{"_acf_changed":false,"footnotes":""},"categories":[47],"tags":[],"class_list":["post-10653","post","type-post","status-publish","format-standard","has-post-thumbnail","hentry","category-formation-releve"],"acf":[],"yoast_head":"<!-- This site is optimized with the Yoast SEO Premium plugin v26.8 (Yoast SEO v26.8) - https:\/\/yoast.com\/product\/yoast-seo-premium-wordpress\/ -->\n<title>\u00ab\u2009Mangez du pain, vous vivrez bien\u2009\u00bb | SBC<\/title>\n<meta name=\"robots\" content=\"index, follow, max-snippet:-1, max-image-preview:large, max-video-preview:-1\" \/>\n<link rel=\"canonical\" href=\"https:\/\/swissbaker.ch\/fr\/panissimo-news\/mangez-du-pain-vous-vivrez-bien\/\" \/>\n<meta property=\"og:locale\" content=\"fr_FR\" \/>\n<meta property=\"og:type\" content=\"article\" \/>\n<meta property=\"og:title\" content=\"\u00ab\u2009Mangez du pain, vous vivrez bien\u2009\u00bb\" \/>\n<meta property=\"og:description\" content=\"Dans mon pr\u00e9c\u00e9dent article, je parlais du meunier qui nous fournit tous les mardis sa bonne farine. Je veux aujourd\u2019hui pr\u00e9ciser quelques points dont le gluten.Ces derniers temps, de plus en plus de gens sont intol\u00e9rants au gluten. Cette intol\u00e9rance toucherait environ une personne sur 100 en France, selon une r\u00e9cente \u00e9tude. Or, dans le cadre de mon apprentissage, j\u2019ai [&hellip;]\" \/>\n<meta property=\"og:url\" content=\"https:\/\/swissbaker.ch\/fr\/panissimo-news\/mangez-du-pain-vous-vivrez-bien\/\" \/>\n<meta property=\"og:site_name\" content=\"SBC\" \/>\n<meta property=\"article:publisher\" content=\"https:\/\/www.facebook.com\/swissbaker.ch\" \/>\n<meta property=\"article:published_time\" content=\"2019-05-08T12:10:00+00:00\" \/>\n<meta property=\"article:modified_time\" content=\"2022-05-24T12:11:40+00:00\" \/>\n<meta property=\"og:image\" content=\"https:\/\/swissbaker.ch\/wp-content\/uploads\/2022\/05\/nl-9.2-roman-artison.jpg\" \/>\n\t<meta property=\"og:image:width\" content=\"800\" \/>\n\t<meta property=\"og:image:height\" content=\"474\" \/>\n\t<meta property=\"og:image:type\" content=\"image\/jpeg\" \/>\n<meta name=\"author\" content=\"azureart\" \/>\n<meta name=\"twitter:card\" content=\"summary_large_image\" \/>\n<meta name=\"twitter:creator\" content=\"@ch_swissbaker\" \/>\n<meta name=\"twitter:site\" content=\"@ch_swissbaker\" \/>\n<meta name=\"twitter:label1\" content=\"Written by\" \/>\n\t<meta name=\"twitter:data1\" content=\"azureart\" \/>\n\t<meta name=\"twitter:label2\" content=\"Est. reading time\" \/>\n\t<meta name=\"twitter:data2\" content=\"2 minutes\" \/>\n<script type=\"application\/ld+json\" class=\"yoast-schema-graph\">{\"@context\":\"https:\/\/schema.org\",\"@graph\":[{\"@type\":\"Article\",\"@id\":\"https:\/\/swissbaker.ch\/fr\/panissimo-news\/mangez-du-pain-vous-vivrez-bien\/#article\",\"isPartOf\":{\"@id\":\"https:\/\/swissbaker.ch\/fr\/panissimo-news\/mangez-du-pain-vous-vivrez-bien\/\"},\"author\":{\"name\":\"azureart\",\"@id\":\"https:\/\/swissbaker.ch\/fr\/#\/schema\/person\/058ac47619f7da53df62aba60f939b78\"},\"headline\":\"\u00ab\u2009Mangez du pain, vous vivrez bien\u2009\u00bb\",\"datePublished\":\"2019-05-08T12:10:00+00:00\",\"dateModified\":\"2022-05-24T12:11:40+00:00\",\"mainEntityOfPage\":{\"@id\":\"https:\/\/swissbaker.ch\/fr\/panissimo-news\/mangez-du-pain-vous-vivrez-bien\/\"},\"wordCount\":301,\"commentCount\":0,\"publisher\":{\"@id\":\"https:\/\/swissbaker.ch\/fr\/#organization\"},\"image\":{\"@id\":\"https:\/\/swissbaker.ch\/fr\/panissimo-news\/mangez-du-pain-vous-vivrez-bien\/#primaryimage\"},\"thumbnailUrl\":\"https:\/\/swissbaker.ch\/wp-content\/uploads\/2022\/05\/nl-9.2-roman-artison.jpg\",\"articleSection\":[\"Formation\/Rel\u00e8ve\"],\"inLanguage\":\"fr-FR\",\"potentialAction\":[{\"@type\":\"CommentAction\",\"name\":\"Comment\",\"target\":[\"https:\/\/swissbaker.ch\/fr\/panissimo-news\/mangez-du-pain-vous-vivrez-bien\/#respond\"]}]},{\"@type\":\"WebPage\",\"@id\":\"https:\/\/swissbaker.ch\/fr\/panissimo-news\/mangez-du-pain-vous-vivrez-bien\/\",\"url\":\"https:\/\/swissbaker.ch\/fr\/panissimo-news\/mangez-du-pain-vous-vivrez-bien\/\",\"name\":\"\u00ab\u2009Mangez du pain, vous vivrez bien\u2009\u00bb | SBC\",\"isPartOf\":{\"@id\":\"https:\/\/swissbaker.ch\/fr\/#website\"},\"primaryImageOfPage\":{\"@id\":\"https:\/\/swissbaker.ch\/fr\/panissimo-news\/mangez-du-pain-vous-vivrez-bien\/#primaryimage\"},\"image\":{\"@id\":\"https:\/\/swissbaker.ch\/fr\/panissimo-news\/mangez-du-pain-vous-vivrez-bien\/#primaryimage\"},\"thumbnailUrl\":\"https:\/\/swissbaker.ch\/wp-content\/uploads\/2022\/05\/nl-9.2-roman-artison.jpg\",\"datePublished\":\"2019-05-08T12:10:00+00:00\",\"dateModified\":\"2022-05-24T12:11:40+00:00\",\"breadcrumb\":{\"@id\":\"https:\/\/swissbaker.ch\/fr\/panissimo-news\/mangez-du-pain-vous-vivrez-bien\/#breadcrumb\"},\"inLanguage\":\"fr-FR\",\"potentialAction\":[{\"@type\":\"ReadAction\",\"target\":[\"https:\/\/swissbaker.ch\/fr\/panissimo-news\/mangez-du-pain-vous-vivrez-bien\/\"]}]},{\"@type\":\"ImageObject\",\"inLanguage\":\"fr-FR\",\"@id\":\"https:\/\/swissbaker.ch\/fr\/panissimo-news\/mangez-du-pain-vous-vivrez-bien\/#primaryimage\",\"url\":\"https:\/\/swissbaker.ch\/wp-content\/uploads\/2022\/05\/nl-9.2-roman-artison.jpg\",\"contentUrl\":\"https:\/\/swissbaker.ch\/wp-content\/uploads\/2022\/05\/nl-9.2-roman-artison.jpg\",\"width\":800,\"height\":474,\"caption\":\"\u00ab\u2009Mangez du pain, vous vivrez bien\u2009\u00bb\"},{\"@type\":\"BreadcrumbList\",\"@id\":\"https:\/\/swissbaker.ch\/fr\/panissimo-news\/mangez-du-pain-vous-vivrez-bien\/#breadcrumb\",\"itemListElement\":[{\"@type\":\"ListItem\",\"position\":1,\"name\":\"\",\"item\":\"https:\/\/swissbaker.ch\/fr\/\"},{\"@type\":\"ListItem\",\"position\":2,\"name\":\"Formation\/Rel\u00e8ve\",\"item\":\"https:\/\/swissbaker.ch\/fr\/panissimo-news\/category\/formation-releve\/\"},{\"@type\":\"ListItem\",\"position\":3,\"name\":\"\u00ab\u2009Mangez du pain, vous vivrez bien\u2009\u00bb\"}]},{\"@type\":\"WebSite\",\"@id\":\"https:\/\/swissbaker.ch\/fr\/#website\",\"url\":\"https:\/\/swissbaker.ch\/fr\/\",\"name\":\"SBC\",\"description\":\"\",\"publisher\":{\"@id\":\"https:\/\/swissbaker.ch\/fr\/#organization\"},\"potentialAction\":[{\"@type\":\"SearchAction\",\"target\":{\"@type\":\"EntryPoint\",\"urlTemplate\":\"https:\/\/swissbaker.ch\/fr\/?s={search_term_string}\"},\"query-input\":{\"@type\":\"PropertyValueSpecification\",\"valueRequired\":true,\"valueName\":\"search_term_string\"}}],\"inLanguage\":\"fr-FR\"},{\"@type\":\"Organization\",\"@id\":\"https:\/\/swissbaker.ch\/fr\/#organization\",\"name\":\"Schweizerischer B\u00e4cker-Confiseurmeister-Verband\",\"url\":\"https:\/\/swissbaker.ch\/fr\/\",\"logo\":{\"@type\":\"ImageObject\",\"inLanguage\":\"fr-FR\",\"@id\":\"https:\/\/swissbaker.ch\/fr\/#\/schema\/logo\/image\/\",\"url\":\"https:\/\/swissbaker.ch\/wp-content\/uploads\/2022\/04\/sbc-logo-yoast.jpg\",\"contentUrl\":\"https:\/\/swissbaker.ch\/wp-content\/uploads\/2022\/04\/sbc-logo-yoast.jpg\",\"width\":512,\"height\":512,\"caption\":\"Schweizerischer B\u00e4cker-Confiseurmeister-Verband\"},\"image\":{\"@id\":\"https:\/\/swissbaker.ch\/fr\/#\/schema\/logo\/image\/\"},\"sameAs\":[\"https:\/\/www.facebook.com\/swissbaker.ch\",\"https:\/\/x.com\/ch_swissbaker\"]},{\"@type\":\"Person\",\"@id\":\"https:\/\/swissbaker.ch\/fr\/#\/schema\/person\/058ac47619f7da53df62aba60f939b78\",\"name\":\"azureart\",\"image\":{\"@type\":\"ImageObject\",\"inLanguage\":\"fr-FR\",\"@id\":\"https:\/\/swissbaker.ch\/fr\/#\/schema\/person\/image\/\",\"url\":\"https:\/\/secure.gravatar.com\/avatar\/be04dd3098fd612c83067af4f7a295384c93cb6a9112f51beb9d2f477d25da61?s=96&d=mm&r=g\",\"contentUrl\":\"https:\/\/secure.gravatar.com\/avatar\/be04dd3098fd612c83067af4f7a295384c93cb6a9112f51beb9d2f477d25da61?s=96&d=mm&r=g\",\"caption\":\"azureart\"},\"sameAs\":[\"https:\/\/swissbaker.ch\"],\"url\":\"https:\/\/swissbaker.ch\/fr\/panissimo-news\/author\/pixel-ahoi\/\"}]}<\/script>\n<!-- \/ Yoast SEO Premium plugin. -->","yoast_head_json":{"title":"\u00ab\u2009Mangez du pain, vous vivrez bien\u2009\u00bb | SBC","robots":{"index":"index","follow":"follow","max-snippet":"max-snippet:-1","max-image-preview":"max-image-preview:large","max-video-preview":"max-video-preview:-1"},"canonical":"https:\/\/swissbaker.ch\/fr\/panissimo-news\/mangez-du-pain-vous-vivrez-bien\/","og_locale":"fr_FR","og_type":"article","og_title":"\u00ab\u2009Mangez du pain, vous vivrez bien\u2009\u00bb","og_description":"Dans mon pr\u00e9c\u00e9dent article, je parlais du meunier qui nous fournit tous les mardis sa bonne farine. Je veux aujourd\u2019hui pr\u00e9ciser quelques points dont le gluten.Ces derniers temps, de plus en plus de gens sont intol\u00e9rants au gluten. Cette intol\u00e9rance toucherait environ une personne sur 100 en France, selon une r\u00e9cente \u00e9tude. Or, dans le cadre de mon apprentissage, j\u2019ai [&hellip;]","og_url":"https:\/\/swissbaker.ch\/fr\/panissimo-news\/mangez-du-pain-vous-vivrez-bien\/","og_site_name":"SBC","article_publisher":"https:\/\/www.facebook.com\/swissbaker.ch","article_published_time":"2019-05-08T12:10:00+00:00","article_modified_time":"2022-05-24T12:11:40+00:00","og_image":[{"width":800,"height":474,"url":"https:\/\/swissbaker.ch\/wp-content\/uploads\/2022\/05\/nl-9.2-roman-artison.jpg","type":"image\/jpeg"}],"author":"azureart","twitter_card":"summary_large_image","twitter_creator":"@ch_swissbaker","twitter_site":"@ch_swissbaker","twitter_misc":{"Written by":"azureart","Est. reading time":"2 minutes"},"schema":{"@context":"https:\/\/schema.org","@graph":[{"@type":"Article","@id":"https:\/\/swissbaker.ch\/fr\/panissimo-news\/mangez-du-pain-vous-vivrez-bien\/#article","isPartOf":{"@id":"https:\/\/swissbaker.ch\/fr\/panissimo-news\/mangez-du-pain-vous-vivrez-bien\/"},"author":{"name":"azureart","@id":"https:\/\/swissbaker.ch\/fr\/#\/schema\/person\/058ac47619f7da53df62aba60f939b78"},"headline":"\u00ab\u2009Mangez du pain, vous vivrez bien\u2009\u00bb","datePublished":"2019-05-08T12:10:00+00:00","dateModified":"2022-05-24T12:11:40+00:00","mainEntityOfPage":{"@id":"https:\/\/swissbaker.ch\/fr\/panissimo-news\/mangez-du-pain-vous-vivrez-bien\/"},"wordCount":301,"commentCount":0,"publisher":{"@id":"https:\/\/swissbaker.ch\/fr\/#organization"},"image":{"@id":"https:\/\/swissbaker.ch\/fr\/panissimo-news\/mangez-du-pain-vous-vivrez-bien\/#primaryimage"},"thumbnailUrl":"https:\/\/swissbaker.ch\/wp-content\/uploads\/2022\/05\/nl-9.2-roman-artison.jpg","articleSection":["Formation\/Rel\u00e8ve"],"inLanguage":"fr-FR","potentialAction":[{"@type":"CommentAction","name":"Comment","target":["https:\/\/swissbaker.ch\/fr\/panissimo-news\/mangez-du-pain-vous-vivrez-bien\/#respond"]}]},{"@type":"WebPage","@id":"https:\/\/swissbaker.ch\/fr\/panissimo-news\/mangez-du-pain-vous-vivrez-bien\/","url":"https:\/\/swissbaker.ch\/fr\/panissimo-news\/mangez-du-pain-vous-vivrez-bien\/","name":"\u00ab\u2009Mangez du pain, vous vivrez bien\u2009\u00bb | SBC","isPartOf":{"@id":"https:\/\/swissbaker.ch\/fr\/#website"},"primaryImageOfPage":{"@id":"https:\/\/swissbaker.ch\/fr\/panissimo-news\/mangez-du-pain-vous-vivrez-bien\/#primaryimage"},"image":{"@id":"https:\/\/swissbaker.ch\/fr\/panissimo-news\/mangez-du-pain-vous-vivrez-bien\/#primaryimage"},"thumbnailUrl":"https:\/\/swissbaker.ch\/wp-content\/uploads\/2022\/05\/nl-9.2-roman-artison.jpg","datePublished":"2019-05-08T12:10:00+00:00","dateModified":"2022-05-24T12:11:40+00:00","breadcrumb":{"@id":"https:\/\/swissbaker.ch\/fr\/panissimo-news\/mangez-du-pain-vous-vivrez-bien\/#breadcrumb"},"inLanguage":"fr-FR","potentialAction":[{"@type":"ReadAction","target":["https:\/\/swissbaker.ch\/fr\/panissimo-news\/mangez-du-pain-vous-vivrez-bien\/"]}]},{"@type":"ImageObject","inLanguage":"fr-FR","@id":"https:\/\/swissbaker.ch\/fr\/panissimo-news\/mangez-du-pain-vous-vivrez-bien\/#primaryimage","url":"https:\/\/swissbaker.ch\/wp-content\/uploads\/2022\/05\/nl-9.2-roman-artison.jpg","contentUrl":"https:\/\/swissbaker.ch\/wp-content\/uploads\/2022\/05\/nl-9.2-roman-artison.jpg","width":800,"height":474,"caption":"\u00ab\u2009Mangez du pain, vous vivrez bien\u2009\u00bb"},{"@type":"BreadcrumbList","@id":"https:\/\/swissbaker.ch\/fr\/panissimo-news\/mangez-du-pain-vous-vivrez-bien\/#breadcrumb","itemListElement":[{"@type":"ListItem","position":1,"name":"","item":"https:\/\/swissbaker.ch\/fr\/"},{"@type":"ListItem","position":2,"name":"Formation\/Rel\u00e8ve","item":"https:\/\/swissbaker.ch\/fr\/panissimo-news\/category\/formation-releve\/"},{"@type":"ListItem","position":3,"name":"\u00ab\u2009Mangez du pain, vous vivrez bien\u2009\u00bb"}]},{"@type":"WebSite","@id":"https:\/\/swissbaker.ch\/fr\/#website","url":"https:\/\/swissbaker.ch\/fr\/","name":"SBC","description":"","publisher":{"@id":"https:\/\/swissbaker.ch\/fr\/#organization"},"potentialAction":[{"@type":"SearchAction","target":{"@type":"EntryPoint","urlTemplate":"https:\/\/swissbaker.ch\/fr\/?s={search_term_string}"},"query-input":{"@type":"PropertyValueSpecification","valueRequired":true,"valueName":"search_term_string"}}],"inLanguage":"fr-FR"},{"@type":"Organization","@id":"https:\/\/swissbaker.ch\/fr\/#organization","name":"Schweizerischer B\u00e4cker-Confiseurmeister-Verband","url":"https:\/\/swissbaker.ch\/fr\/","logo":{"@type":"ImageObject","inLanguage":"fr-FR","@id":"https:\/\/swissbaker.ch\/fr\/#\/schema\/logo\/image\/","url":"https:\/\/swissbaker.ch\/wp-content\/uploads\/2022\/04\/sbc-logo-yoast.jpg","contentUrl":"https:\/\/swissbaker.ch\/wp-content\/uploads\/2022\/04\/sbc-logo-yoast.jpg","width":512,"height":512,"caption":"Schweizerischer B\u00e4cker-Confiseurmeister-Verband"},"image":{"@id":"https:\/\/swissbaker.ch\/fr\/#\/schema\/logo\/image\/"},"sameAs":["https:\/\/www.facebook.com\/swissbaker.ch","https:\/\/x.com\/ch_swissbaker"]},{"@type":"Person","@id":"https:\/\/swissbaker.ch\/fr\/#\/schema\/person\/058ac47619f7da53df62aba60f939b78","name":"azureart","image":{"@type":"ImageObject","inLanguage":"fr-FR","@id":"https:\/\/swissbaker.ch\/fr\/#\/schema\/person\/image\/","url":"https:\/\/secure.gravatar.com\/avatar\/be04dd3098fd612c83067af4f7a295384c93cb6a9112f51beb9d2f477d25da61?s=96&d=mm&r=g","contentUrl":"https:\/\/secure.gravatar.com\/avatar\/be04dd3098fd612c83067af4f7a295384c93cb6a9112f51beb9d2f477d25da61?s=96&d=mm&r=g","caption":"azureart"},"sameAs":["https:\/\/swissbaker.ch"],"url":"https:\/\/swissbaker.ch\/fr\/panissimo-news\/author\/pixel-ahoi\/"}]}},"_links":{"self":[{"href":"https:\/\/swissbaker.ch\/fr\/wp-json\/wp\/v2\/posts\/10653","targetHints":{"allow":["GET"]}}],"collection":[{"href":"https:\/\/swissbaker.ch\/fr\/wp-json\/wp\/v2\/posts"}],"about":[{"href":"https:\/\/swissbaker.ch\/fr\/wp-json\/wp\/v2\/types\/post"}],"author":[{"embeddable":true,"href":"https:\/\/swissbaker.ch\/fr\/wp-json\/wp\/v2\/users\/1"}],"replies":[{"embeddable":true,"href":"https:\/\/swissbaker.ch\/fr\/wp-json\/wp\/v2\/comments?post=10653"}],"version-history":[{"count":0,"href":"https:\/\/swissbaker.ch\/fr\/wp-json\/wp\/v2\/posts\/10653\/revisions"}],"wp:featuredmedia":[{"embeddable":true,"href":"https:\/\/swissbaker.ch\/fr\/wp-json\/wp\/v2\/media\/10654"}],"wp:attachment":[{"href":"https:\/\/swissbaker.ch\/fr\/wp-json\/wp\/v2\/media?parent=10653"}],"wp:term":[{"taxonomy":"category","embeddable":true,"href":"https:\/\/swissbaker.ch\/fr\/wp-json\/wp\/v2\/categories?post=10653"},{"taxonomy":"post_tag","embeddable":true,"href":"https:\/\/swissbaker.ch\/fr\/wp-json\/wp\/v2\/tags?post=10653"}],"curies":[{"name":"wp","href":"https:\/\/api.w.org\/{rel}","templated":true}]}}