{"id":10645,"date":"2019-05-15T15:34:00","date_gmt":"2019-05-15T13:34:00","guid":{"rendered":"https:\/\/swissbaker.ch\/?p=10645"},"modified":"2022-05-24T14:04:00","modified_gmt":"2022-05-24T12:04:00","slug":"daniel-eichenberger-succede-a-willi-suter","status":"publish","type":"post","link":"https:\/\/swissbaker.ch\/fr\/panissimo-news\/daniel-eichenberger-succede-a-willi-suter\/","title":{"rendered":"Daniel Eichenberger succ\u00e8de \u00e0 Willi Suter"},"content":{"rendered":"\n<p><strong>Le confiseur bernois a \u00e9t\u00e9 \u00e9lu pr\u00e9sident du conseil d\u2019administration (CA) de Pistor Holding, lors de la 103e assembl\u00e9e g\u00e9n\u00e9rale. Il succ\u00e8de \u00e0 Willi Suter. Le Lucernois qui prendra sa retraite \u00e0 la fin de l\u2019ann\u00e9e a \u00e9t\u00e9 nomm\u00e9 pr\u00e9sident d&#8217;honneur. Le boulanger-p\u00e2tissier d\u2019Obwald Marco Berwert fait son entr\u00e9e au CA.<\/strong><\/p>\n\n\n\n<p>Daniel Eichenberger, p\u00e2tissier-confiseur dipl\u00f4m\u00e9, de m\u00eame qu\u2019\u00e9conomiste d\u2019entreprise HES, a \u00e9t\u00e9 \u00e9lu pr\u00e9sident du conseil d\u2019administration (CA) de Pistor Holding Genossenschaft, le 15\u202fmai. Il remplace Willi Suter. M.\u202fEichenberger \u00e9tait vice-pr\u00e9sident depuis deux ans et membre du CA depuis 2016. Son \u00e9lection s\u2019est tenue dans le cadre de la 103e assembl\u00e9e g\u00e9n\u00e9rale de Pistor, au Centre de la culture et des congr\u00e8s \u00e0 Lucerne. Elle a eu lieu en pr\u00e9sence de soci\u00e9taires de la boulangerie-confiserie et un parterre d\u2019invit\u00e9s.<\/p>\n\n\n\n<h2 class=\"wp-block-heading\" id=\"h-elections\">Elections<\/h2>\n\n\n\n<p>Marco Berwert a \u00e9t\u00e9 \u00e9lu au CA en tant que nouveau membre. Le ma\u00eetre boulanger et \u00e9conomiste d\u2019entreprise HES, compl\u00e8te le CA de huit membres. Anton Froschauer, Manuela Roost M\u00fcller et Antonia Signer ont \u00e9t\u00e9 r\u00e9\u00e9lus pour deux ann\u00e9es.<br>Les soci\u00e9taires ont suivi \u00e0 tous \u00e9gards les propositions du CA. Ils ont approuv\u00e9 le rapport annuel et les comptes annuels. Ils ont donn\u00e9 leur accord pour l\u2019utilisation du b\u00e9n\u00e9fice au bilan et accord\u00e9 d\u00e9charge \u00e0 la direction et au CA. Les comptes annuels ont \u00e9t\u00e9 approuv\u00e9s.<br>Pistor AG a atteint un chiffre d\u2019affaires de 630,2\u202fmillions de francs en 2018\u2009; soit une augmentation de 8,6\u202fmillions par rapport \u00e0 2017. Le segment de la boulangerie-confiserie a connu une perte de chiffre d\u2019affaires de 3,9\u202fmillions de francs. Le b\u00e9n\u00e9fice annuel de l\u2019entreprise a diminu\u00e9 de 5,2\u202f% du chiffre d\u2019affaires \u00e0 18,9\u202fmillions.<\/p>\n\n\n\n<h2 class=\"wp-block-heading\" id=\"h-perspectives-rejouissantes-pour-le-secteur\">Perspectives r\u00e9jouissantes pour le secteur<\/h2>\n\n\n\n<p>Pistor AG a enregistr\u00e9 une \u00e9volution positive de son chiffre d\u2019affaires au cours des quatre premiers mois de l\u2019ann\u00e9e. Le chiffre d\u2019affaires de la boulangerie a \u00e9t\u00e9 particuli\u00e8rement r\u00e9jouissant et, au cours des trois derni\u00e8res ann\u00e9es, il s\u2019est \u00e0 nouveau continuellement am\u00e9lior\u00e9. Cette \u00e9volution positive n\u2019est pas encore garantie pour l\u2019ensemble de l\u2019ann\u00e9e. Pistor est toutefois confiante pour le moyen terme.<br>La 104e assembl\u00e9e g\u00e9n\u00e9rale aura lieu le 13\u202fmai \u00e0 Rothenburg.<\/p>\n","protected":false},"excerpt":{"rendered":"<p>Le confiseur bernois a \u00e9t\u00e9 \u00e9lu pr\u00e9sident du conseil d\u2019administration (CA) de Pistor Holding, lors de la 103e assembl\u00e9e g\u00e9n\u00e9rale. Il succ\u00e8de \u00e0 Willi Suter. Le Lucernois qui prendra sa retraite \u00e0 la fin de l\u2019ann\u00e9e a \u00e9t\u00e9 nomm\u00e9 pr\u00e9sident d&#8217;honneur. Le boulanger-p\u00e2tissier d\u2019Obwald Marco Berwert fait son entr\u00e9e au CA. Daniel Eichenberger, p\u00e2tissier-confiseur dipl\u00f4m\u00e9, de m\u00eame qu\u2019\u00e9conomiste d\u2019entreprise HES, [&hellip;]<\/p>\n","protected":false},"author":1,"featured_media":6279,"comment_status":"open","ping_status":"closed","sticky":false,"template":"","format":"standard","meta":{"_acf_changed":false,"footnotes":""},"categories":[45],"tags":[],"class_list":["post-10645","post","type-post","status-publish","format-standard","has-post-thumbnail","hentry","category-environnement-professionnel"],"acf":[],"yoast_head":"<!-- This site is optimized with the Yoast SEO Premium plugin v26.8 (Yoast SEO v26.8) - https:\/\/yoast.com\/product\/yoast-seo-premium-wordpress\/ -->\n<title>Daniel Eichenberger succ\u00e8de \u00e0 Willi Suter | SBC<\/title>\n<meta name=\"robots\" content=\"index, follow, max-snippet:-1, max-image-preview:large, max-video-preview:-1\" \/>\n<link rel=\"canonical\" href=\"https:\/\/swissbaker.ch\/fr\/panissimo-news\/daniel-eichenberger-succede-a-willi-suter\/\" \/>\n<meta property=\"og:locale\" content=\"fr_FR\" \/>\n<meta property=\"og:type\" content=\"article\" \/>\n<meta property=\"og:title\" content=\"Daniel Eichenberger succ\u00e8de \u00e0 Willi Suter\" \/>\n<meta property=\"og:description\" content=\"Le confiseur bernois a \u00e9t\u00e9 \u00e9lu pr\u00e9sident du conseil d\u2019administration (CA) de Pistor Holding, lors de la 103e assembl\u00e9e g\u00e9n\u00e9rale. Il succ\u00e8de \u00e0 Willi Suter. Le Lucernois qui prendra sa retraite \u00e0 la fin de l\u2019ann\u00e9e a \u00e9t\u00e9 nomm\u00e9 pr\u00e9sident d&#8217;honneur. Le boulanger-p\u00e2tissier d\u2019Obwald Marco Berwert fait son entr\u00e9e au CA. Daniel Eichenberger, p\u00e2tissier-confiseur dipl\u00f4m\u00e9, de m\u00eame qu\u2019\u00e9conomiste d\u2019entreprise HES, [&hellip;]\" \/>\n<meta property=\"og:url\" content=\"https:\/\/swissbaker.ch\/fr\/panissimo-news\/daniel-eichenberger-succede-a-willi-suter\/\" \/>\n<meta property=\"og:site_name\" content=\"SBC\" \/>\n<meta property=\"article:publisher\" content=\"https:\/\/www.facebook.com\/swissbaker.ch\" \/>\n<meta property=\"article:published_time\" content=\"2019-05-15T13:34:00+00:00\" \/>\n<meta property=\"article:modified_time\" content=\"2022-05-24T12:04:00+00:00\" \/>\n<meta property=\"og:image\" content=\"https:\/\/swissbaker.ch\/wp-content\/uploads\/2022\/04\/NL-10.1-Pistor-AG.jpg\" \/>\n\t<meta property=\"og:image:width\" content=\"800\" \/>\n\t<meta property=\"og:image:height\" content=\"474\" \/>\n\t<meta property=\"og:image:type\" content=\"image\/jpeg\" \/>\n<meta name=\"author\" content=\"azureart\" \/>\n<meta name=\"twitter:card\" content=\"summary_large_image\" \/>\n<meta name=\"twitter:creator\" content=\"@ch_swissbaker\" \/>\n<meta name=\"twitter:site\" content=\"@ch_swissbaker\" \/>\n<meta name=\"twitter:label1\" content=\"Written by\" \/>\n\t<meta name=\"twitter:data1\" content=\"azureart\" \/>\n\t<meta name=\"twitter:label2\" content=\"Est. reading time\" \/>\n\t<meta name=\"twitter:data2\" content=\"2 minutes\" \/>\n<script type=\"application\/ld+json\" class=\"yoast-schema-graph\">{\"@context\":\"https:\/\/schema.org\",\"@graph\":[{\"@type\":\"Article\",\"@id\":\"https:\/\/swissbaker.ch\/fr\/panissimo-news\/daniel-eichenberger-succede-a-willi-suter\/#article\",\"isPartOf\":{\"@id\":\"https:\/\/swissbaker.ch\/fr\/panissimo-news\/daniel-eichenberger-succede-a-willi-suter\/\"},\"author\":{\"name\":\"azureart\",\"@id\":\"https:\/\/swissbaker.ch\/fr\/#\/schema\/person\/058ac47619f7da53df62aba60f939b78\"},\"headline\":\"Daniel Eichenberger succ\u00e8de \u00e0 Willi Suter\",\"datePublished\":\"2019-05-15T13:34:00+00:00\",\"dateModified\":\"2022-05-24T12:04:00+00:00\",\"mainEntityOfPage\":{\"@id\":\"https:\/\/swissbaker.ch\/fr\/panissimo-news\/daniel-eichenberger-succede-a-willi-suter\/\"},\"wordCount\":404,\"commentCount\":0,\"publisher\":{\"@id\":\"https:\/\/swissbaker.ch\/fr\/#organization\"},\"image\":{\"@id\":\"https:\/\/swissbaker.ch\/fr\/panissimo-news\/daniel-eichenberger-succede-a-willi-suter\/#primaryimage\"},\"thumbnailUrl\":\"https:\/\/swissbaker.ch\/wp-content\/uploads\/2022\/04\/NL-10.1-Pistor-AG.jpg\",\"articleSection\":[\"Environnement professionnel\"],\"inLanguage\":\"fr-FR\",\"potentialAction\":[{\"@type\":\"CommentAction\",\"name\":\"Comment\",\"target\":[\"https:\/\/swissbaker.ch\/fr\/panissimo-news\/daniel-eichenberger-succede-a-willi-suter\/#respond\"]}]},{\"@type\":\"WebPage\",\"@id\":\"https:\/\/swissbaker.ch\/fr\/panissimo-news\/daniel-eichenberger-succede-a-willi-suter\/\",\"url\":\"https:\/\/swissbaker.ch\/fr\/panissimo-news\/daniel-eichenberger-succede-a-willi-suter\/\",\"name\":\"Daniel Eichenberger succ\u00e8de \u00e0 Willi Suter | SBC\",\"isPartOf\":{\"@id\":\"https:\/\/swissbaker.ch\/fr\/#website\"},\"primaryImageOfPage\":{\"@id\":\"https:\/\/swissbaker.ch\/fr\/panissimo-news\/daniel-eichenberger-succede-a-willi-suter\/#primaryimage\"},\"image\":{\"@id\":\"https:\/\/swissbaker.ch\/fr\/panissimo-news\/daniel-eichenberger-succede-a-willi-suter\/#primaryimage\"},\"thumbnailUrl\":\"https:\/\/swissbaker.ch\/wp-content\/uploads\/2022\/04\/NL-10.1-Pistor-AG.jpg\",\"datePublished\":\"2019-05-15T13:34:00+00:00\",\"dateModified\":\"2022-05-24T12:04:00+00:00\",\"breadcrumb\":{\"@id\":\"https:\/\/swissbaker.ch\/fr\/panissimo-news\/daniel-eichenberger-succede-a-willi-suter\/#breadcrumb\"},\"inLanguage\":\"fr-FR\",\"potentialAction\":[{\"@type\":\"ReadAction\",\"target\":[\"https:\/\/swissbaker.ch\/fr\/panissimo-news\/daniel-eichenberger-succede-a-willi-suter\/\"]}]},{\"@type\":\"ImageObject\",\"inLanguage\":\"fr-FR\",\"@id\":\"https:\/\/swissbaker.ch\/fr\/panissimo-news\/daniel-eichenberger-succede-a-willi-suter\/#primaryimage\",\"url\":\"https:\/\/swissbaker.ch\/wp-content\/uploads\/2022\/04\/NL-10.1-Pistor-AG.jpg\",\"contentUrl\":\"https:\/\/swissbaker.ch\/wp-content\/uploads\/2022\/04\/NL-10.1-Pistor-AG.jpg\",\"width\":800,\"height\":474,\"caption\":\"Daniel Eichenberger succ\u00e8de \u00e0 Willi Suter\"},{\"@type\":\"BreadcrumbList\",\"@id\":\"https:\/\/swissbaker.ch\/fr\/panissimo-news\/daniel-eichenberger-succede-a-willi-suter\/#breadcrumb\",\"itemListElement\":[{\"@type\":\"ListItem\",\"position\":1,\"name\":\"\",\"item\":\"https:\/\/swissbaker.ch\/fr\/\"},{\"@type\":\"ListItem\",\"position\":2,\"name\":\"Environnement professionnel\",\"item\":\"https:\/\/swissbaker.ch\/fr\/panissimo-news\/category\/environnement-professionnel\/\"},{\"@type\":\"ListItem\",\"position\":3,\"name\":\"Daniel Eichenberger succ\u00e8de \u00e0 Willi Suter\"}]},{\"@type\":\"WebSite\",\"@id\":\"https:\/\/swissbaker.ch\/fr\/#website\",\"url\":\"https:\/\/swissbaker.ch\/fr\/\",\"name\":\"SBC\",\"description\":\"\",\"publisher\":{\"@id\":\"https:\/\/swissbaker.ch\/fr\/#organization\"},\"potentialAction\":[{\"@type\":\"SearchAction\",\"target\":{\"@type\":\"EntryPoint\",\"urlTemplate\":\"https:\/\/swissbaker.ch\/fr\/?s={search_term_string}\"},\"query-input\":{\"@type\":\"PropertyValueSpecification\",\"valueRequired\":true,\"valueName\":\"search_term_string\"}}],\"inLanguage\":\"fr-FR\"},{\"@type\":\"Organization\",\"@id\":\"https:\/\/swissbaker.ch\/fr\/#organization\",\"name\":\"Schweizerischer B\u00e4cker-Confiseurmeister-Verband\",\"url\":\"https:\/\/swissbaker.ch\/fr\/\",\"logo\":{\"@type\":\"ImageObject\",\"inLanguage\":\"fr-FR\",\"@id\":\"https:\/\/swissbaker.ch\/fr\/#\/schema\/logo\/image\/\",\"url\":\"https:\/\/swissbaker.ch\/wp-content\/uploads\/2022\/04\/sbc-logo-yoast.jpg\",\"contentUrl\":\"https:\/\/swissbaker.ch\/wp-content\/uploads\/2022\/04\/sbc-logo-yoast.jpg\",\"width\":512,\"height\":512,\"caption\":\"Schweizerischer B\u00e4cker-Confiseurmeister-Verband\"},\"image\":{\"@id\":\"https:\/\/swissbaker.ch\/fr\/#\/schema\/logo\/image\/\"},\"sameAs\":[\"https:\/\/www.facebook.com\/swissbaker.ch\",\"https:\/\/x.com\/ch_swissbaker\"]},{\"@type\":\"Person\",\"@id\":\"https:\/\/swissbaker.ch\/fr\/#\/schema\/person\/058ac47619f7da53df62aba60f939b78\",\"name\":\"azureart\",\"image\":{\"@type\":\"ImageObject\",\"inLanguage\":\"fr-FR\",\"@id\":\"https:\/\/swissbaker.ch\/fr\/#\/schema\/person\/image\/\",\"url\":\"https:\/\/secure.gravatar.com\/avatar\/be04dd3098fd612c83067af4f7a295384c93cb6a9112f51beb9d2f477d25da61?s=96&d=mm&r=g\",\"contentUrl\":\"https:\/\/secure.gravatar.com\/avatar\/be04dd3098fd612c83067af4f7a295384c93cb6a9112f51beb9d2f477d25da61?s=96&d=mm&r=g\",\"caption\":\"azureart\"},\"sameAs\":[\"https:\/\/swissbaker.ch\"],\"url\":\"https:\/\/swissbaker.ch\/fr\/panissimo-news\/author\/pixel-ahoi\/\"}]}<\/script>\n<!-- \/ Yoast SEO Premium plugin. -->","yoast_head_json":{"title":"Daniel Eichenberger succ\u00e8de \u00e0 Willi Suter | SBC","robots":{"index":"index","follow":"follow","max-snippet":"max-snippet:-1","max-image-preview":"max-image-preview:large","max-video-preview":"max-video-preview:-1"},"canonical":"https:\/\/swissbaker.ch\/fr\/panissimo-news\/daniel-eichenberger-succede-a-willi-suter\/","og_locale":"fr_FR","og_type":"article","og_title":"Daniel Eichenberger succ\u00e8de \u00e0 Willi Suter","og_description":"Le confiseur bernois a \u00e9t\u00e9 \u00e9lu pr\u00e9sident du conseil d\u2019administration (CA) de Pistor Holding, lors de la 103e assembl\u00e9e g\u00e9n\u00e9rale. Il succ\u00e8de \u00e0 Willi Suter. Le Lucernois qui prendra sa retraite \u00e0 la fin de l\u2019ann\u00e9e a \u00e9t\u00e9 nomm\u00e9 pr\u00e9sident d&#8217;honneur. Le boulanger-p\u00e2tissier d\u2019Obwald Marco Berwert fait son entr\u00e9e au CA. Daniel Eichenberger, p\u00e2tissier-confiseur dipl\u00f4m\u00e9, de m\u00eame qu\u2019\u00e9conomiste d\u2019entreprise HES, [&hellip;]","og_url":"https:\/\/swissbaker.ch\/fr\/panissimo-news\/daniel-eichenberger-succede-a-willi-suter\/","og_site_name":"SBC","article_publisher":"https:\/\/www.facebook.com\/swissbaker.ch","article_published_time":"2019-05-15T13:34:00+00:00","article_modified_time":"2022-05-24T12:04:00+00:00","og_image":[{"width":800,"height":474,"url":"https:\/\/swissbaker.ch\/wp-content\/uploads\/2022\/04\/NL-10.1-Pistor-AG.jpg","type":"image\/jpeg"}],"author":"azureart","twitter_card":"summary_large_image","twitter_creator":"@ch_swissbaker","twitter_site":"@ch_swissbaker","twitter_misc":{"Written by":"azureart","Est. reading time":"2 minutes"},"schema":{"@context":"https:\/\/schema.org","@graph":[{"@type":"Article","@id":"https:\/\/swissbaker.ch\/fr\/panissimo-news\/daniel-eichenberger-succede-a-willi-suter\/#article","isPartOf":{"@id":"https:\/\/swissbaker.ch\/fr\/panissimo-news\/daniel-eichenberger-succede-a-willi-suter\/"},"author":{"name":"azureart","@id":"https:\/\/swissbaker.ch\/fr\/#\/schema\/person\/058ac47619f7da53df62aba60f939b78"},"headline":"Daniel Eichenberger succ\u00e8de \u00e0 Willi Suter","datePublished":"2019-05-15T13:34:00+00:00","dateModified":"2022-05-24T12:04:00+00:00","mainEntityOfPage":{"@id":"https:\/\/swissbaker.ch\/fr\/panissimo-news\/daniel-eichenberger-succede-a-willi-suter\/"},"wordCount":404,"commentCount":0,"publisher":{"@id":"https:\/\/swissbaker.ch\/fr\/#organization"},"image":{"@id":"https:\/\/swissbaker.ch\/fr\/panissimo-news\/daniel-eichenberger-succede-a-willi-suter\/#primaryimage"},"thumbnailUrl":"https:\/\/swissbaker.ch\/wp-content\/uploads\/2022\/04\/NL-10.1-Pistor-AG.jpg","articleSection":["Environnement professionnel"],"inLanguage":"fr-FR","potentialAction":[{"@type":"CommentAction","name":"Comment","target":["https:\/\/swissbaker.ch\/fr\/panissimo-news\/daniel-eichenberger-succede-a-willi-suter\/#respond"]}]},{"@type":"WebPage","@id":"https:\/\/swissbaker.ch\/fr\/panissimo-news\/daniel-eichenberger-succede-a-willi-suter\/","url":"https:\/\/swissbaker.ch\/fr\/panissimo-news\/daniel-eichenberger-succede-a-willi-suter\/","name":"Daniel Eichenberger succ\u00e8de \u00e0 Willi Suter | SBC","isPartOf":{"@id":"https:\/\/swissbaker.ch\/fr\/#website"},"primaryImageOfPage":{"@id":"https:\/\/swissbaker.ch\/fr\/panissimo-news\/daniel-eichenberger-succede-a-willi-suter\/#primaryimage"},"image":{"@id":"https:\/\/swissbaker.ch\/fr\/panissimo-news\/daniel-eichenberger-succede-a-willi-suter\/#primaryimage"},"thumbnailUrl":"https:\/\/swissbaker.ch\/wp-content\/uploads\/2022\/04\/NL-10.1-Pistor-AG.jpg","datePublished":"2019-05-15T13:34:00+00:00","dateModified":"2022-05-24T12:04:00+00:00","breadcrumb":{"@id":"https:\/\/swissbaker.ch\/fr\/panissimo-news\/daniel-eichenberger-succede-a-willi-suter\/#breadcrumb"},"inLanguage":"fr-FR","potentialAction":[{"@type":"ReadAction","target":["https:\/\/swissbaker.ch\/fr\/panissimo-news\/daniel-eichenberger-succede-a-willi-suter\/"]}]},{"@type":"ImageObject","inLanguage":"fr-FR","@id":"https:\/\/swissbaker.ch\/fr\/panissimo-news\/daniel-eichenberger-succede-a-willi-suter\/#primaryimage","url":"https:\/\/swissbaker.ch\/wp-content\/uploads\/2022\/04\/NL-10.1-Pistor-AG.jpg","contentUrl":"https:\/\/swissbaker.ch\/wp-content\/uploads\/2022\/04\/NL-10.1-Pistor-AG.jpg","width":800,"height":474,"caption":"Daniel Eichenberger succ\u00e8de \u00e0 Willi Suter"},{"@type":"BreadcrumbList","@id":"https:\/\/swissbaker.ch\/fr\/panissimo-news\/daniel-eichenberger-succede-a-willi-suter\/#breadcrumb","itemListElement":[{"@type":"ListItem","position":1,"name":"","item":"https:\/\/swissbaker.ch\/fr\/"},{"@type":"ListItem","position":2,"name":"Environnement professionnel","item":"https:\/\/swissbaker.ch\/fr\/panissimo-news\/category\/environnement-professionnel\/"},{"@type":"ListItem","position":3,"name":"Daniel Eichenberger succ\u00e8de \u00e0 Willi Suter"}]},{"@type":"WebSite","@id":"https:\/\/swissbaker.ch\/fr\/#website","url":"https:\/\/swissbaker.ch\/fr\/","name":"SBC","description":"","publisher":{"@id":"https:\/\/swissbaker.ch\/fr\/#organization"},"potentialAction":[{"@type":"SearchAction","target":{"@type":"EntryPoint","urlTemplate":"https:\/\/swissbaker.ch\/fr\/?s={search_term_string}"},"query-input":{"@type":"PropertyValueSpecification","valueRequired":true,"valueName":"search_term_string"}}],"inLanguage":"fr-FR"},{"@type":"Organization","@id":"https:\/\/swissbaker.ch\/fr\/#organization","name":"Schweizerischer B\u00e4cker-Confiseurmeister-Verband","url":"https:\/\/swissbaker.ch\/fr\/","logo":{"@type":"ImageObject","inLanguage":"fr-FR","@id":"https:\/\/swissbaker.ch\/fr\/#\/schema\/logo\/image\/","url":"https:\/\/swissbaker.ch\/wp-content\/uploads\/2022\/04\/sbc-logo-yoast.jpg","contentUrl":"https:\/\/swissbaker.ch\/wp-content\/uploads\/2022\/04\/sbc-logo-yoast.jpg","width":512,"height":512,"caption":"Schweizerischer B\u00e4cker-Confiseurmeister-Verband"},"image":{"@id":"https:\/\/swissbaker.ch\/fr\/#\/schema\/logo\/image\/"},"sameAs":["https:\/\/www.facebook.com\/swissbaker.ch","https:\/\/x.com\/ch_swissbaker"]},{"@type":"Person","@id":"https:\/\/swissbaker.ch\/fr\/#\/schema\/person\/058ac47619f7da53df62aba60f939b78","name":"azureart","image":{"@type":"ImageObject","inLanguage":"fr-FR","@id":"https:\/\/swissbaker.ch\/fr\/#\/schema\/person\/image\/","url":"https:\/\/secure.gravatar.com\/avatar\/be04dd3098fd612c83067af4f7a295384c93cb6a9112f51beb9d2f477d25da61?s=96&d=mm&r=g","contentUrl":"https:\/\/secure.gravatar.com\/avatar\/be04dd3098fd612c83067af4f7a295384c93cb6a9112f51beb9d2f477d25da61?s=96&d=mm&r=g","caption":"azureart"},"sameAs":["https:\/\/swissbaker.ch"],"url":"https:\/\/swissbaker.ch\/fr\/panissimo-news\/author\/pixel-ahoi\/"}]}},"_links":{"self":[{"href":"https:\/\/swissbaker.ch\/fr\/wp-json\/wp\/v2\/posts\/10645","targetHints":{"allow":["GET"]}}],"collection":[{"href":"https:\/\/swissbaker.ch\/fr\/wp-json\/wp\/v2\/posts"}],"about":[{"href":"https:\/\/swissbaker.ch\/fr\/wp-json\/wp\/v2\/types\/post"}],"author":[{"embeddable":true,"href":"https:\/\/swissbaker.ch\/fr\/wp-json\/wp\/v2\/users\/1"}],"replies":[{"embeddable":true,"href":"https:\/\/swissbaker.ch\/fr\/wp-json\/wp\/v2\/comments?post=10645"}],"version-history":[{"count":0,"href":"https:\/\/swissbaker.ch\/fr\/wp-json\/wp\/v2\/posts\/10645\/revisions"}],"wp:featuredmedia":[{"embeddable":true,"href":"https:\/\/swissbaker.ch\/fr\/wp-json\/wp\/v2\/media\/6279"}],"wp:attachment":[{"href":"https:\/\/swissbaker.ch\/fr\/wp-json\/wp\/v2\/media?parent=10645"}],"wp:term":[{"taxonomy":"category","embeddable":true,"href":"https:\/\/swissbaker.ch\/fr\/wp-json\/wp\/v2\/categories?post=10645"},{"taxonomy":"post_tag","embeddable":true,"href":"https:\/\/swissbaker.ch\/fr\/wp-json\/wp\/v2\/tags?post=10645"}],"curies":[{"name":"wp","href":"https:\/\/api.w.org\/{rel}","templated":true}]}}