{"id":10643,"date":"2019-05-15T15:32:00","date_gmt":"2019-05-15T13:32:00","guid":{"rendered":"https:\/\/swissbaker.ch\/?p=10643"},"modified":"2022-05-24T13:59:28","modified_gmt":"2022-05-24T11:59:28","slug":"feu-vert-pour-un-pas-important-vers-lavenir","status":"publish","type":"post","link":"https:\/\/swissbaker.ch\/fr\/panissimo-news\/feu-vert-pour-un-pas-important-vers-lavenir\/","title":{"rendered":"Feu vert pour un pas important vers l\u2019avenir"},"content":{"rendered":"\n<p><strong>Par 26 voix contre trois, les d\u00e9l\u00e9gu\u00e9s du comit\u00e9 central ont approuv\u00e9 le projet de r\u00e9organisation \u00ab\u2009Reload\u2009\u00bb. Le congr\u00e8s aura le dernier mot lors du congr\u00e8s pr\u00e9vu le 18\u202fjuin \u00e0 Berne.<\/strong><\/p>\n\n\n\n<p>Fin avril, le comit\u00e9 central (CC) a donn\u00e9 son feu vert d\u00e9finitif \u00e0 \u00ab\u2009Reload\u2009\u00bb, \u00e0 l\u2019intention du congr\u00e8s, et approuv\u00e9 la modification des statuts, le r\u00e8glement d\u2019organisation, le r\u00e8glement d\u2019indemnisation et le r\u00e8glement des cotisations. La motion des boulangers-confiseurs glaronnais, visant \u00e0 reporter \u00ab\u2009Reload\u2009\u00bb d\u2019une ann\u00e9e, a \u00e9galement clairement \u00e9t\u00e9 rejet\u00e9e, de m\u00eame que la demande de vote par appel nominal. \u00ab\u2009La Romandie est pr\u00eate pour \u2039Reload\u203a\u00bb, a soulign\u00e9 Didier Ecoffey, pr\u00e9sident de l\u2019Association romande des artisans boulangers-p\u00e2tissiers-confiseurs. \u00ab\u2009Nous sommes pr\u00eats pour l\u2019avenir\u2009!\u2009\u00bb<br>Seuls quelques points ont donn\u00e9 lieu \u00e0 discussion. Les questions suivantes se sont pos\u00e9es \u00e0 cet \u00e9gard\u2009: comment la communication devrait-elle se faire \u00e0 l\u2019avenir et quand et comment les repr\u00e9sentants r\u00e9gionaux si\u00e9geant au nouveau CC devraient-ils obtenir et transmettre les informations (voir illustration)\u2009? Ou\u2009: devrait-il y avoir un suppl\u00e9ant pour les membres du nouveau CC, respectivement les repr\u00e9sentants r\u00e9gionaux\u2009? Hans Jenny a demand\u00e9 une telle solution au nom des boulangers-confiseurs glaronnais. Un suppl\u00e9ant devrait \u00e9galement \u00eatre \u00e9lu par le congr\u00e8s, a fait remarquer la juriste de l\u2019association, Harisa Reiz. Les membres du CC \u00e9lus sont repr\u00e9sentants d\u2019organe et responsables. Cette fonction ne peut pas \u00eatre d\u00e9l\u00e9gu\u00e9e. L\u2019exp\u00e9rience montre que les transferts \u00e0 des suppl\u00e9ants ne fonctionnent g\u00e9n\u00e9ralement pas sans probl\u00e8me, \u00e9tant donn\u00e9 que beaucoup de connaissances d\u00e9taill\u00e9es r\u00e9sultant des discussions men\u00e9es pr\u00e9c\u00e9demment manquent. La motion glaronnaise a \u00e9t\u00e9 rejet\u00e9e par 19 voix contre 8. Il a par ailleurs \u00e9t\u00e9 d\u00e9cid\u00e9 que les repr\u00e9sentants r\u00e9gionaux devraient \u00eatre confirm\u00e9s dans leurs fonctions apr\u00e8s deux ans. Ce faisant, le CC a donn\u00e9 suite \u00e0 une motion des boulangers-confiseurs de la r\u00e9gion de Berne-Soleure. La dur\u00e9e maximale de mandat de 12 ans reste inchang\u00e9e. Pour les membres de l\u2019actuelle organisation transitoire se repr\u00e9sentant, le comptage des ann\u00e9es de mandat repart \u00e0 z\u00e9ro \u00e0 partir de leur \u00e9lection au congr\u00e8s 2019, les anciennes ann\u00e9es de mandat n\u2019\u00e9tant donc pas prises en compte.<br>Le comit\u00e9 central a refus\u00e9 \u00e0 une large majorit\u00e9 la proposition visant \u00e0 ce que l\u2019acquisition ou l\u2019ali\u00e9nation d\u2019immeubles doive \u00eatre autoris\u00e9e par le congr\u00e8s. La proc\u00e9dure serait trop lourde, et le facteur temps joue souvent un r\u00f4le important dans ce genre d\u2019affaires, tels ont \u00e9t\u00e9 les arguments du CA.<br>La question suivante a fait l\u2019objet d\u2019une discussion un peu plus approfondie\u2009: la convention collective de travail devra-t-elle \u00e0 l\u2019avenir \u00eatre approuv\u00e9e par le congr\u00e8s\u2009? \u00ab\u2009La CCT doit \u00eatre mise en \u0153uvre par chaque membre de la BCS\u2009\u00bb, a argument\u00e9 Adrian Knobel (SZ\/ZG). Hans Jenny (GL) a soutenu cette motion en affirmant que ce serait un signe pour la base. Et Josef Kreyenb\u00fchl a ajout\u00e9 que la solidarit\u00e9 envers la CCT s\u2019en trouverait renforc\u00e9e. La juriste de l\u2019association, Harisa Reiz a fait remarquer qu\u2019il faudrait \u00e0 chaque fois attendre la d\u00e9cision du congr\u00e8s et que, par cons\u00e9quent, les n\u00e9gociations et la proc\u00e9dure DFO prendraient beaucoup de retard. La demande de DFO ne pourrait \u00eatre soumise au Secr\u00e9tariat d\u2019Etat \u00e0 l\u2019\u00e9conomie (seco) qu\u2019apr\u00e8s acceptation par le congr\u00e8s. De longs mois s\u2019\u00e9couleraient donc encore avant que la CCT ne puisse entrer en vigueur pour tous. Le pouvoir de d\u00e9cision du CC n\u2019exclut aucunement la participation de la base selon Reiz. La d\u00e9cision au sein du comit\u00e9 central s\u2019est av\u00e9r\u00e9e tr\u00e8s serr\u00e9e\u2009: 15 d\u00e9l\u00e9gu\u00e9s ont pr\u00e9conis\u00e9 que le nouveau comit\u00e9 central statue sur la CCT. 14 ont voulu que cela soit du ressort du congr\u00e8s.<\/p>\n\n\n\n<h2 class=\"wp-block-heading\" id=\"h-le-nouveau-comite-central\">Le nouveau comit\u00e9 central<\/h2>\n\n\n\n<p>En cas d\u2019approbation du processus de r\u00e9organisation \u00ab\u2009Reload\u2009\u00bb par les d\u00e9l\u00e9gu\u00e9s lors du congr\u00e8s de la BCS le 18\u202fjuin, les deux instances strat\u00e9giques de la BCS, l\u2019actuel comit\u00e9 directeur et le comit\u00e9 central, seront fusionn\u00e9s en un organe. Son nom\u2009: comit\u00e9 central.<br>Ces personnes \u00e9lues au nouveau comit\u00e9 central par le congr\u00e8s d\u00e9fendront les int\u00e9r\u00eats des r\u00e9gions d\u2019une part, et assumeront la responsabilit\u00e9 de la gestion strat\u00e9gique de la BCS dans ses multiples facettes d\u2019autre part.<br>Quelques nouveaux membres du CC si\u00e9geront par ailleurs au conseil de fondation de l\u2019Ecole professionnelle Richemont et au conseil d\u2019administration de la SA de prestations Richemont. Cela permettra de garantir que la BCS, l\u2019\u00e9cole professionnelle et la SA de prestations soient pilot\u00e9es d\u2019une seule mainBCS<\/p>\n\n\n\n<p>Informations compl\u00e9mentaires sur le congr\u00e8s\u2009: <a href=\"https:\/\/www.swissbaker.ch\/fr\/la-bcs\/organisation\/congres-2022\/\">www.swissbaker.ch\/congres<\/a><\/p>\n\n\n\n<h2 class=\"wp-block-heading\" id=\"h-les-nomines-pour-le-nouveau-comite-central-cc\">Les nomin\u00e9s pour le nouveau comit\u00e9 central (CC)<\/h2>\n\n\n\n<p>Le CC a accord\u00e9 son soutien aux nomin\u00e9s jusqu\u2019\u00e0 la date de sa s\u00e9ance (le 2 mai). La nomination de Manfred Hasler par les boulangers-confiseurs de Berne-Soleure devrait intervenir apr\u00e8s la cl\u00f4ture de la r\u00e9daction, le 16 mai. Il reste \u00e0 savoir si le Tessin d\u00e9l\u00e9guera un repr\u00e9sentant r\u00e9gional. Les nomin\u00e9s feront l\u2019objet d\u2019une pr\u00e9sentation plus d\u00e9taill\u00e9e dans le num\u00e9ro sp\u00e9cial du 14 juin.<\/p>\n\n\n\n<ul class=\"wp-block-list\"><li>Silvan Hotz, pr\u00e9sident<\/li><li>Martin Schnyder, finances<\/li><li>Lisa Frunz, vente<\/li><li>Peter Signer, formation production<\/li><li>Dominik Frei, assurances<\/li><li>Edgar Ehrbar, CCT<\/li><li>Elias L\u00e4derach, CI grandes entreprises<\/li><li>Jean-Fran\u00e7ois Leuenberger, Romandie<\/li><li>Wilhelm Ohnmacht, Romandie 2<\/li><li>Manfred Hasler, Berne-Soleure<\/li><li>Barbara Richner, B\u00e2le-Argovie<\/li><li>Franz Willi, Suisse centrale<\/li><li>Peter Lyner, Zurich-Schaffhouse<\/li><li>Roland R\u00e4ber, Suisse orientale<\/li><\/ul>\n","protected":false},"excerpt":{"rendered":"<p>Par 26 voix contre trois, les d\u00e9l\u00e9gu\u00e9s du comit\u00e9 central ont approuv\u00e9 le projet de r\u00e9organisation \u00ab\u2009Reload\u2009\u00bb. Le congr\u00e8s aura le dernier mot lors du congr\u00e8s pr\u00e9vu le 18\u202fjuin \u00e0 Berne. Fin avril, le comit\u00e9 central (CC) a donn\u00e9 son feu vert d\u00e9finitif \u00e0 \u00ab\u2009Reload\u2009\u00bb, \u00e0 l\u2019intention du congr\u00e8s, et approuv\u00e9 la modification des statuts, le r\u00e8glement d\u2019organisation, le r\u00e8glement [&hellip;]<\/p>\n","protected":false},"author":1,"featured_media":6278,"comment_status":"open","ping_status":"closed","sticky":false,"template":"","format":"standard","meta":{"_acf_changed":false,"footnotes":""},"categories":[25],"tags":[],"class_list":["post-10643","post","type-post","status-publish","format-standard","has-post-thumbnail","hentry","category-non-classifiee"],"acf":[],"yoast_head":"<!-- This site is optimized with the Yoast SEO Premium plugin v26.8 (Yoast SEO v26.8) - https:\/\/yoast.com\/product\/yoast-seo-premium-wordpress\/ -->\n<title>Feu vert pour un pas important vers l\u2019avenir | SBC<\/title>\n<meta name=\"robots\" content=\"index, follow, max-snippet:-1, max-image-preview:large, max-video-preview:-1\" \/>\n<link rel=\"canonical\" href=\"https:\/\/swissbaker.ch\/fr\/panissimo-news\/feu-vert-pour-un-pas-important-vers-lavenir\/\" \/>\n<meta property=\"og:locale\" content=\"fr_FR\" \/>\n<meta property=\"og:type\" content=\"article\" \/>\n<meta property=\"og:title\" content=\"Feu vert pour un pas important vers l\u2019avenir\" \/>\n<meta property=\"og:description\" content=\"Par 26 voix contre trois, les d\u00e9l\u00e9gu\u00e9s du comit\u00e9 central ont approuv\u00e9 le projet de r\u00e9organisation \u00ab\u2009Reload\u2009\u00bb. Le congr\u00e8s aura le dernier mot lors du congr\u00e8s pr\u00e9vu le 18\u202fjuin \u00e0 Berne. Fin avril, le comit\u00e9 central (CC) a donn\u00e9 son feu vert d\u00e9finitif \u00e0 \u00ab\u2009Reload\u2009\u00bb, \u00e0 l\u2019intention du congr\u00e8s, et approuv\u00e9 la modification des statuts, le r\u00e8glement d\u2019organisation, le r\u00e8glement [&hellip;]\" \/>\n<meta property=\"og:url\" content=\"https:\/\/swissbaker.ch\/fr\/panissimo-news\/feu-vert-pour-un-pas-important-vers-lavenir\/\" \/>\n<meta property=\"og:site_name\" content=\"SBC\" \/>\n<meta property=\"article:publisher\" content=\"https:\/\/www.facebook.com\/swissbaker.ch\" \/>\n<meta property=\"article:published_time\" content=\"2019-05-15T13:32:00+00:00\" \/>\n<meta property=\"article:modified_time\" content=\"2022-05-24T11:59:28+00:00\" \/>\n<meta property=\"og:image\" content=\"https:\/\/swissbaker.ch\/wp-content\/uploads\/2022\/04\/Karte-Regionen.jpeg\" \/>\n\t<meta property=\"og:image:width\" content=\"800\" \/>\n\t<meta property=\"og:image:height\" content=\"536\" \/>\n\t<meta property=\"og:image:type\" content=\"image\/jpeg\" \/>\n<meta name=\"author\" content=\"azureart\" \/>\n<meta name=\"twitter:card\" content=\"summary_large_image\" \/>\n<meta name=\"twitter:creator\" content=\"@ch_swissbaker\" \/>\n<meta name=\"twitter:site\" content=\"@ch_swissbaker\" \/>\n<meta name=\"twitter:label1\" content=\"Written by\" \/>\n\t<meta name=\"twitter:data1\" content=\"azureart\" \/>\n\t<meta name=\"twitter:label2\" content=\"Est. reading time\" \/>\n\t<meta name=\"twitter:data2\" content=\"5 minutes\" \/>\n<script type=\"application\/ld+json\" class=\"yoast-schema-graph\">{\"@context\":\"https:\/\/schema.org\",\"@graph\":[{\"@type\":\"Article\",\"@id\":\"https:\/\/swissbaker.ch\/fr\/panissimo-news\/feu-vert-pour-un-pas-important-vers-lavenir\/#article\",\"isPartOf\":{\"@id\":\"https:\/\/swissbaker.ch\/fr\/panissimo-news\/feu-vert-pour-un-pas-important-vers-lavenir\/\"},\"author\":{\"name\":\"azureart\",\"@id\":\"https:\/\/swissbaker.ch\/fr\/#\/schema\/person\/058ac47619f7da53df62aba60f939b78\"},\"headline\":\"Feu vert pour un pas important vers l\u2019avenir\",\"datePublished\":\"2019-05-15T13:32:00+00:00\",\"dateModified\":\"2022-05-24T11:59:28+00:00\",\"mainEntityOfPage\":{\"@id\":\"https:\/\/swissbaker.ch\/fr\/panissimo-news\/feu-vert-pour-un-pas-important-vers-lavenir\/\"},\"wordCount\":981,\"commentCount\":0,\"publisher\":{\"@id\":\"https:\/\/swissbaker.ch\/fr\/#organization\"},\"image\":{\"@id\":\"https:\/\/swissbaker.ch\/fr\/panissimo-news\/feu-vert-pour-un-pas-important-vers-lavenir\/#primaryimage\"},\"thumbnailUrl\":\"https:\/\/swissbaker.ch\/wp-content\/uploads\/2022\/04\/Karte-Regionen.jpeg\",\"articleSection\":[\"Non classifi\u00e9(e)\"],\"inLanguage\":\"fr-FR\",\"potentialAction\":[{\"@type\":\"CommentAction\",\"name\":\"Comment\",\"target\":[\"https:\/\/swissbaker.ch\/fr\/panissimo-news\/feu-vert-pour-un-pas-important-vers-lavenir\/#respond\"]}]},{\"@type\":\"WebPage\",\"@id\":\"https:\/\/swissbaker.ch\/fr\/panissimo-news\/feu-vert-pour-un-pas-important-vers-lavenir\/\",\"url\":\"https:\/\/swissbaker.ch\/fr\/panissimo-news\/feu-vert-pour-un-pas-important-vers-lavenir\/\",\"name\":\"Feu vert pour un pas important vers l\u2019avenir | SBC\",\"isPartOf\":{\"@id\":\"https:\/\/swissbaker.ch\/fr\/#website\"},\"primaryImageOfPage\":{\"@id\":\"https:\/\/swissbaker.ch\/fr\/panissimo-news\/feu-vert-pour-un-pas-important-vers-lavenir\/#primaryimage\"},\"image\":{\"@id\":\"https:\/\/swissbaker.ch\/fr\/panissimo-news\/feu-vert-pour-un-pas-important-vers-lavenir\/#primaryimage\"},\"thumbnailUrl\":\"https:\/\/swissbaker.ch\/wp-content\/uploads\/2022\/04\/Karte-Regionen.jpeg\",\"datePublished\":\"2019-05-15T13:32:00+00:00\",\"dateModified\":\"2022-05-24T11:59:28+00:00\",\"breadcrumb\":{\"@id\":\"https:\/\/swissbaker.ch\/fr\/panissimo-news\/feu-vert-pour-un-pas-important-vers-lavenir\/#breadcrumb\"},\"inLanguage\":\"fr-FR\",\"potentialAction\":[{\"@type\":\"ReadAction\",\"target\":[\"https:\/\/swissbaker.ch\/fr\/panissimo-news\/feu-vert-pour-un-pas-important-vers-lavenir\/\"]}]},{\"@type\":\"ImageObject\",\"inLanguage\":\"fr-FR\",\"@id\":\"https:\/\/swissbaker.ch\/fr\/panissimo-news\/feu-vert-pour-un-pas-important-vers-lavenir\/#primaryimage\",\"url\":\"https:\/\/swissbaker.ch\/wp-content\/uploads\/2022\/04\/Karte-Regionen.jpeg\",\"contentUrl\":\"https:\/\/swissbaker.ch\/wp-content\/uploads\/2022\/04\/Karte-Regionen.jpeg\",\"width\":800,\"height\":536,\"caption\":\"Feu vert pour un pas important vers l\u2019avenir\"},{\"@type\":\"BreadcrumbList\",\"@id\":\"https:\/\/swissbaker.ch\/fr\/panissimo-news\/feu-vert-pour-un-pas-important-vers-lavenir\/#breadcrumb\",\"itemListElement\":[{\"@type\":\"ListItem\",\"position\":1,\"name\":\"\",\"item\":\"https:\/\/swissbaker.ch\/fr\/\"},{\"@type\":\"ListItem\",\"position\":2,\"name\":\"Non classifi\u00e9(e)\",\"item\":\"https:\/\/swissbaker.ch\/fr\/panissimo-news\/category\/non-classifiee\/\"},{\"@type\":\"ListItem\",\"position\":3,\"name\":\"Feu vert pour un pas important vers l\u2019avenir\"}]},{\"@type\":\"WebSite\",\"@id\":\"https:\/\/swissbaker.ch\/fr\/#website\",\"url\":\"https:\/\/swissbaker.ch\/fr\/\",\"name\":\"SBC\",\"description\":\"\",\"publisher\":{\"@id\":\"https:\/\/swissbaker.ch\/fr\/#organization\"},\"potentialAction\":[{\"@type\":\"SearchAction\",\"target\":{\"@type\":\"EntryPoint\",\"urlTemplate\":\"https:\/\/swissbaker.ch\/fr\/?s={search_term_string}\"},\"query-input\":{\"@type\":\"PropertyValueSpecification\",\"valueRequired\":true,\"valueName\":\"search_term_string\"}}],\"inLanguage\":\"fr-FR\"},{\"@type\":\"Organization\",\"@id\":\"https:\/\/swissbaker.ch\/fr\/#organization\",\"name\":\"Schweizerischer B\u00e4cker-Confiseurmeister-Verband\",\"url\":\"https:\/\/swissbaker.ch\/fr\/\",\"logo\":{\"@type\":\"ImageObject\",\"inLanguage\":\"fr-FR\",\"@id\":\"https:\/\/swissbaker.ch\/fr\/#\/schema\/logo\/image\/\",\"url\":\"https:\/\/swissbaker.ch\/wp-content\/uploads\/2022\/04\/sbc-logo-yoast.jpg\",\"contentUrl\":\"https:\/\/swissbaker.ch\/wp-content\/uploads\/2022\/04\/sbc-logo-yoast.jpg\",\"width\":512,\"height\":512,\"caption\":\"Schweizerischer B\u00e4cker-Confiseurmeister-Verband\"},\"image\":{\"@id\":\"https:\/\/swissbaker.ch\/fr\/#\/schema\/logo\/image\/\"},\"sameAs\":[\"https:\/\/www.facebook.com\/swissbaker.ch\",\"https:\/\/x.com\/ch_swissbaker\"]},{\"@type\":\"Person\",\"@id\":\"https:\/\/swissbaker.ch\/fr\/#\/schema\/person\/058ac47619f7da53df62aba60f939b78\",\"name\":\"azureart\",\"image\":{\"@type\":\"ImageObject\",\"inLanguage\":\"fr-FR\",\"@id\":\"https:\/\/swissbaker.ch\/fr\/#\/schema\/person\/image\/\",\"url\":\"https:\/\/secure.gravatar.com\/avatar\/be04dd3098fd612c83067af4f7a295384c93cb6a9112f51beb9d2f477d25da61?s=96&d=mm&r=g\",\"contentUrl\":\"https:\/\/secure.gravatar.com\/avatar\/be04dd3098fd612c83067af4f7a295384c93cb6a9112f51beb9d2f477d25da61?s=96&d=mm&r=g\",\"caption\":\"azureart\"},\"sameAs\":[\"https:\/\/swissbaker.ch\"],\"url\":\"https:\/\/swissbaker.ch\/fr\/panissimo-news\/author\/pixel-ahoi\/\"}]}<\/script>\n<!-- \/ Yoast SEO Premium plugin. -->","yoast_head_json":{"title":"Feu vert pour un pas important vers l\u2019avenir | SBC","robots":{"index":"index","follow":"follow","max-snippet":"max-snippet:-1","max-image-preview":"max-image-preview:large","max-video-preview":"max-video-preview:-1"},"canonical":"https:\/\/swissbaker.ch\/fr\/panissimo-news\/feu-vert-pour-un-pas-important-vers-lavenir\/","og_locale":"fr_FR","og_type":"article","og_title":"Feu vert pour un pas important vers l\u2019avenir","og_description":"Par 26 voix contre trois, les d\u00e9l\u00e9gu\u00e9s du comit\u00e9 central ont approuv\u00e9 le projet de r\u00e9organisation \u00ab\u2009Reload\u2009\u00bb. Le congr\u00e8s aura le dernier mot lors du congr\u00e8s pr\u00e9vu le 18\u202fjuin \u00e0 Berne. Fin avril, le comit\u00e9 central (CC) a donn\u00e9 son feu vert d\u00e9finitif \u00e0 \u00ab\u2009Reload\u2009\u00bb, \u00e0 l\u2019intention du congr\u00e8s, et approuv\u00e9 la modification des statuts, le r\u00e8glement d\u2019organisation, le r\u00e8glement [&hellip;]","og_url":"https:\/\/swissbaker.ch\/fr\/panissimo-news\/feu-vert-pour-un-pas-important-vers-lavenir\/","og_site_name":"SBC","article_publisher":"https:\/\/www.facebook.com\/swissbaker.ch","article_published_time":"2019-05-15T13:32:00+00:00","article_modified_time":"2022-05-24T11:59:28+00:00","og_image":[{"width":800,"height":536,"url":"https:\/\/swissbaker.ch\/wp-content\/uploads\/2022\/04\/Karte-Regionen.jpeg","type":"image\/jpeg"}],"author":"azureart","twitter_card":"summary_large_image","twitter_creator":"@ch_swissbaker","twitter_site":"@ch_swissbaker","twitter_misc":{"Written by":"azureart","Est. reading time":"5 minutes"},"schema":{"@context":"https:\/\/schema.org","@graph":[{"@type":"Article","@id":"https:\/\/swissbaker.ch\/fr\/panissimo-news\/feu-vert-pour-un-pas-important-vers-lavenir\/#article","isPartOf":{"@id":"https:\/\/swissbaker.ch\/fr\/panissimo-news\/feu-vert-pour-un-pas-important-vers-lavenir\/"},"author":{"name":"azureart","@id":"https:\/\/swissbaker.ch\/fr\/#\/schema\/person\/058ac47619f7da53df62aba60f939b78"},"headline":"Feu vert pour un pas important vers l\u2019avenir","datePublished":"2019-05-15T13:32:00+00:00","dateModified":"2022-05-24T11:59:28+00:00","mainEntityOfPage":{"@id":"https:\/\/swissbaker.ch\/fr\/panissimo-news\/feu-vert-pour-un-pas-important-vers-lavenir\/"},"wordCount":981,"commentCount":0,"publisher":{"@id":"https:\/\/swissbaker.ch\/fr\/#organization"},"image":{"@id":"https:\/\/swissbaker.ch\/fr\/panissimo-news\/feu-vert-pour-un-pas-important-vers-lavenir\/#primaryimage"},"thumbnailUrl":"https:\/\/swissbaker.ch\/wp-content\/uploads\/2022\/04\/Karte-Regionen.jpeg","articleSection":["Non classifi\u00e9(e)"],"inLanguage":"fr-FR","potentialAction":[{"@type":"CommentAction","name":"Comment","target":["https:\/\/swissbaker.ch\/fr\/panissimo-news\/feu-vert-pour-un-pas-important-vers-lavenir\/#respond"]}]},{"@type":"WebPage","@id":"https:\/\/swissbaker.ch\/fr\/panissimo-news\/feu-vert-pour-un-pas-important-vers-lavenir\/","url":"https:\/\/swissbaker.ch\/fr\/panissimo-news\/feu-vert-pour-un-pas-important-vers-lavenir\/","name":"Feu vert pour un pas important vers l\u2019avenir | SBC","isPartOf":{"@id":"https:\/\/swissbaker.ch\/fr\/#website"},"primaryImageOfPage":{"@id":"https:\/\/swissbaker.ch\/fr\/panissimo-news\/feu-vert-pour-un-pas-important-vers-lavenir\/#primaryimage"},"image":{"@id":"https:\/\/swissbaker.ch\/fr\/panissimo-news\/feu-vert-pour-un-pas-important-vers-lavenir\/#primaryimage"},"thumbnailUrl":"https:\/\/swissbaker.ch\/wp-content\/uploads\/2022\/04\/Karte-Regionen.jpeg","datePublished":"2019-05-15T13:32:00+00:00","dateModified":"2022-05-24T11:59:28+00:00","breadcrumb":{"@id":"https:\/\/swissbaker.ch\/fr\/panissimo-news\/feu-vert-pour-un-pas-important-vers-lavenir\/#breadcrumb"},"inLanguage":"fr-FR","potentialAction":[{"@type":"ReadAction","target":["https:\/\/swissbaker.ch\/fr\/panissimo-news\/feu-vert-pour-un-pas-important-vers-lavenir\/"]}]},{"@type":"ImageObject","inLanguage":"fr-FR","@id":"https:\/\/swissbaker.ch\/fr\/panissimo-news\/feu-vert-pour-un-pas-important-vers-lavenir\/#primaryimage","url":"https:\/\/swissbaker.ch\/wp-content\/uploads\/2022\/04\/Karte-Regionen.jpeg","contentUrl":"https:\/\/swissbaker.ch\/wp-content\/uploads\/2022\/04\/Karte-Regionen.jpeg","width":800,"height":536,"caption":"Feu vert pour un pas important vers l\u2019avenir"},{"@type":"BreadcrumbList","@id":"https:\/\/swissbaker.ch\/fr\/panissimo-news\/feu-vert-pour-un-pas-important-vers-lavenir\/#breadcrumb","itemListElement":[{"@type":"ListItem","position":1,"name":"","item":"https:\/\/swissbaker.ch\/fr\/"},{"@type":"ListItem","position":2,"name":"Non classifi\u00e9(e)","item":"https:\/\/swissbaker.ch\/fr\/panissimo-news\/category\/non-classifiee\/"},{"@type":"ListItem","position":3,"name":"Feu vert pour un pas important vers l\u2019avenir"}]},{"@type":"WebSite","@id":"https:\/\/swissbaker.ch\/fr\/#website","url":"https:\/\/swissbaker.ch\/fr\/","name":"SBC","description":"","publisher":{"@id":"https:\/\/swissbaker.ch\/fr\/#organization"},"potentialAction":[{"@type":"SearchAction","target":{"@type":"EntryPoint","urlTemplate":"https:\/\/swissbaker.ch\/fr\/?s={search_term_string}"},"query-input":{"@type":"PropertyValueSpecification","valueRequired":true,"valueName":"search_term_string"}}],"inLanguage":"fr-FR"},{"@type":"Organization","@id":"https:\/\/swissbaker.ch\/fr\/#organization","name":"Schweizerischer B\u00e4cker-Confiseurmeister-Verband","url":"https:\/\/swissbaker.ch\/fr\/","logo":{"@type":"ImageObject","inLanguage":"fr-FR","@id":"https:\/\/swissbaker.ch\/fr\/#\/schema\/logo\/image\/","url":"https:\/\/swissbaker.ch\/wp-content\/uploads\/2022\/04\/sbc-logo-yoast.jpg","contentUrl":"https:\/\/swissbaker.ch\/wp-content\/uploads\/2022\/04\/sbc-logo-yoast.jpg","width":512,"height":512,"caption":"Schweizerischer B\u00e4cker-Confiseurmeister-Verband"},"image":{"@id":"https:\/\/swissbaker.ch\/fr\/#\/schema\/logo\/image\/"},"sameAs":["https:\/\/www.facebook.com\/swissbaker.ch","https:\/\/x.com\/ch_swissbaker"]},{"@type":"Person","@id":"https:\/\/swissbaker.ch\/fr\/#\/schema\/person\/058ac47619f7da53df62aba60f939b78","name":"azureart","image":{"@type":"ImageObject","inLanguage":"fr-FR","@id":"https:\/\/swissbaker.ch\/fr\/#\/schema\/person\/image\/","url":"https:\/\/secure.gravatar.com\/avatar\/be04dd3098fd612c83067af4f7a295384c93cb6a9112f51beb9d2f477d25da61?s=96&d=mm&r=g","contentUrl":"https:\/\/secure.gravatar.com\/avatar\/be04dd3098fd612c83067af4f7a295384c93cb6a9112f51beb9d2f477d25da61?s=96&d=mm&r=g","caption":"azureart"},"sameAs":["https:\/\/swissbaker.ch"],"url":"https:\/\/swissbaker.ch\/fr\/panissimo-news\/author\/pixel-ahoi\/"}]}},"_links":{"self":[{"href":"https:\/\/swissbaker.ch\/fr\/wp-json\/wp\/v2\/posts\/10643","targetHints":{"allow":["GET"]}}],"collection":[{"href":"https:\/\/swissbaker.ch\/fr\/wp-json\/wp\/v2\/posts"}],"about":[{"href":"https:\/\/swissbaker.ch\/fr\/wp-json\/wp\/v2\/types\/post"}],"author":[{"embeddable":true,"href":"https:\/\/swissbaker.ch\/fr\/wp-json\/wp\/v2\/users\/1"}],"replies":[{"embeddable":true,"href":"https:\/\/swissbaker.ch\/fr\/wp-json\/wp\/v2\/comments?post=10643"}],"version-history":[{"count":0,"href":"https:\/\/swissbaker.ch\/fr\/wp-json\/wp\/v2\/posts\/10643\/revisions"}],"wp:featuredmedia":[{"embeddable":true,"href":"https:\/\/swissbaker.ch\/fr\/wp-json\/wp\/v2\/media\/6278"}],"wp:attachment":[{"href":"https:\/\/swissbaker.ch\/fr\/wp-json\/wp\/v2\/media?parent=10643"}],"wp:term":[{"taxonomy":"category","embeddable":true,"href":"https:\/\/swissbaker.ch\/fr\/wp-json\/wp\/v2\/categories?post=10643"},{"taxonomy":"post_tag","embeddable":true,"href":"https:\/\/swissbaker.ch\/fr\/wp-json\/wp\/v2\/tags?post=10643"}],"curies":[{"name":"wp","href":"https:\/\/api.w.org\/{rel}","templated":true}]}}