{"id":10641,"date":"2019-05-15T15:31:00","date_gmt":"2019-05-15T13:31:00","guid":{"rendered":"https:\/\/swissbaker.ch\/?p=10641"},"modified":"2022-05-24T13:55:56","modified_gmt":"2022-05-24T11:55:56","slug":"avec-deficit-mais-mieux-que-budgetes","status":"publish","type":"post","link":"https:\/\/swissbaker.ch\/fr\/panissimo-news\/avec-deficit-mais-mieux-que-budgetes\/","title":{"rendered":"Avec d\u00e9ficit, mais mieux que budg\u00e9t\u00e9s"},"content":{"rendered":"\n<p><strong>Le comit\u00e9 central de la BCS a approuv\u00e9 les comptes 2018 de l\u2019association \u00e0 l\u2019intention du congr\u00e8s. Ils bouclent sur un r\u00e9sultat meilleur de 86&#8217;430\u202ffrancs.<\/strong><\/p>\n\n\n\n<p>La perte globale s\u2019\u00e9l\u00e8ve \u00e0 320&#8217;056\u202ffrancs dans les comptes 2018 de la BCS. Le d\u00e9ficit est intervenu en raison de corrections de valeur de l\u2019ordre de 142&#8217;046\u202ffrancs sur la valeur comptable des titres. Ces corrections de valeur devront toujours figurer dans les comptes \u00e0 l\u2019avenir, a expliqu\u00e9 le chef des finances Martin Schnyder lors de la s\u00e9ance du CC. \u00ab\u2009Cela correspond \u00e0 la communication ouverte adopt\u00e9e avec nos membres.\u2009\u00bb La perte op\u00e9rationnelle effective avant corrections de valeur des titres s\u2019\u00e9l\u00e8ve donc \u00e0 178&#8217;009\u202ffrancs. Une perte de 264\u2009440\u202ffrancs \u00e9tait budg\u00e9t\u00e9e. Les comptes op\u00e9rationnels bouclent sur un r\u00e9sultat meilleur de 86&#8217;430\u202ffrancs par rapport au budget.<br>Les recettes des cotisations de membres ont \u00e9t\u00e9 sur\u00e9valu\u00e9es de 26&#8217;899\u202ffrancs dans le budget. \u00ab\u2009La diminution du nombre de membres continue \u00e0 peser sur nous\u2009\u00bb, c\u2019est en ces termes que Martin Schnyder a comment\u00e9 la diff\u00e9rence. Les stocks ont \u00e9t\u00e9 r\u00e9duits de moiti\u00e9 dans les comptes de la BCS. Les cr\u00e9ances comprennent \u00e9galement des cotisations de base et des contributions sur la masse salariale impay\u00e9es. Les cotisations de base se sont av\u00e9r\u00e9es inf\u00e9rieures au budget en 2018. 100\u2009000\u202ffrancs nets ont \u00e9t\u00e9 re\u00e7us du fonds DFO. Le produit de \u00ab\u2009panissimo\u2009\u00bb (annonces et abonnements) est inf\u00e9rieur au budget de pr\u00e8s de 70&#8217;000\u202ffrancs. \u00ab\u2009Il va certainement falloir s\u2019atteler \u00e0 cela en 2019\u2009\u00bb, a soulign\u00e9 Martin Schnyder.<br>Le capital propre diminue de 320&#8217;056 \u00e0 4,428\u202fmillions de francs. Cela correspond \u00e0 43,9\u202f% de la fortune de 10,061\u202fmillions de francs, \u00ab\u2009le placement de la fortune \u00e9tant donc sain\u2009\u00bb, a comment\u00e9 le chef des finances Martin Schnyder lors de la s\u00e9ance du CC.<\/p>\n\n\n\n<h2 class=\"wp-block-heading\" id=\"h-comptes-annuels-de-l-ecole-richemont\">Comptes annuels de l\u2019\u00e9cole Richemont<\/h2>\n\n\n\n<p>Les conseils d\u2019administration et de fondation de l\u2019Ecole professionnelle Richemont ont d\u2019ores et d\u00e9j\u00e0 approuv\u00e9 les comptes annuels 2018. Ceux de la fondation bouclent sur un b\u00e9n\u00e9fice de 847\u202ffrancs, ce dernier s\u2019\u00e9levant \u00e0 2&#8217;136\u202ffrancs pour la SA apr\u00e8s amortissements. Le CC en a pris connaissance. \u00ab\u2009En 2018 \u00e9galement, nous affichons des r\u00e9sultats positifs, en raccord avec les deux ann\u00e9es pr\u00e9c\u00e9dentes\u2009\u00bb, a relev\u00e9 le directeur de Richemont, Reto Fries.<\/p>\n\n\n\n<h2 class=\"wp-block-heading\" id=\"h-fondation-patrimoine-pain-suisse\">Fondation Patrimoine pain suisse<\/h2>\n\n\n\n<p>Le comit\u00e9 central a par ailleurs pris connaissance des comptes de la fondation Patrimoine pain suisse, qui pr\u00e9sentent un b\u00e9n\u00e9fice de 8&#8217;412 francs. La fortune de la fondation s\u2019\u00e9l\u00e8ve \u00e0 58&#8217;448 francs. La BCS a allou\u00e9 \u00e0 la fondation 20&#8217;000 francs provenant du budget publicitaire. 15&#8217;000 francs sont encore pr\u00e9vus \u00e0 et effet dans le budget 2019. Le CA a d\u00e9cid\u00e9 de ne plus soutenir financi\u00e8rement la fondation \u00e0 l\u2019avenir.<\/p>\n","protected":false},"excerpt":{"rendered":"<p>Le comit\u00e9 central de la BCS a approuv\u00e9 les comptes 2018 de l\u2019association \u00e0 l\u2019intention du congr\u00e8s. Ils bouclent sur un r\u00e9sultat meilleur de 86&#8217;430\u202ffrancs. La perte globale s\u2019\u00e9l\u00e8ve \u00e0 320&#8217;056\u202ffrancs dans les comptes 2018 de la BCS. Le d\u00e9ficit est intervenu en raison de corrections de valeur de l\u2019ordre de 142&#8217;046\u202ffrancs sur la valeur comptable des titres. Ces corrections [&hellip;]<\/p>\n","protected":false},"author":1,"featured_media":6277,"comment_status":"open","ping_status":"closed","sticky":false,"template":"","format":"standard","meta":{"_acf_changed":false,"footnotes":""},"categories":[41],"tags":[],"class_list":["post-10641","post","type-post","status-publish","format-standard","has-post-thumbnail","hentry","category-association"],"acf":[],"yoast_head":"<!-- This site is optimized with the Yoast SEO Premium plugin v26.8 (Yoast SEO v26.8) - https:\/\/yoast.com\/product\/yoast-seo-premium-wordpress\/ -->\n<title>Avec d\u00e9ficit, mais mieux que budg\u00e9t\u00e9s | SBC<\/title>\n<meta name=\"robots\" content=\"index, follow, max-snippet:-1, max-image-preview:large, max-video-preview:-1\" \/>\n<link rel=\"canonical\" href=\"https:\/\/swissbaker.ch\/fr\/panissimo-news\/avec-deficit-mais-mieux-que-budgetes\/\" \/>\n<meta property=\"og:locale\" content=\"fr_FR\" \/>\n<meta property=\"og:type\" content=\"article\" \/>\n<meta property=\"og:title\" content=\"Avec d\u00e9ficit, mais mieux que budg\u00e9t\u00e9s\" \/>\n<meta property=\"og:description\" content=\"Le comit\u00e9 central de la BCS a approuv\u00e9 les comptes 2018 de l\u2019association \u00e0 l\u2019intention du congr\u00e8s. Ils bouclent sur un r\u00e9sultat meilleur de 86&#8217;430\u202ffrancs. La perte globale s\u2019\u00e9l\u00e8ve \u00e0 320&#8217;056\u202ffrancs dans les comptes 2018 de la BCS. Le d\u00e9ficit est intervenu en raison de corrections de valeur de l\u2019ordre de 142&#8217;046\u202ffrancs sur la valeur comptable des titres. Ces corrections [&hellip;]\" \/>\n<meta property=\"og:url\" content=\"https:\/\/swissbaker.ch\/fr\/panissimo-news\/avec-deficit-mais-mieux-que-budgetes\/\" \/>\n<meta property=\"og:site_name\" content=\"SBC\" \/>\n<meta property=\"article:publisher\" content=\"https:\/\/www.facebook.com\/swissbaker.ch\" \/>\n<meta property=\"article:published_time\" content=\"2019-05-15T13:31:00+00:00\" \/>\n<meta property=\"article:modified_time\" content=\"2022-05-24T11:55:56+00:00\" \/>\n<meta property=\"og:image\" content=\"https:\/\/swissbaker.ch\/wp-content\/uploads\/2022\/04\/Geld.jpeg\" \/>\n\t<meta property=\"og:image:width\" content=\"800\" \/>\n\t<meta property=\"og:image:height\" content=\"474\" \/>\n\t<meta property=\"og:image:type\" content=\"image\/jpeg\" \/>\n<meta name=\"author\" content=\"azureart\" \/>\n<meta name=\"twitter:card\" content=\"summary_large_image\" \/>\n<meta name=\"twitter:creator\" content=\"@ch_swissbaker\" \/>\n<meta name=\"twitter:site\" content=\"@ch_swissbaker\" \/>\n<meta name=\"twitter:label1\" content=\"Written by\" \/>\n\t<meta name=\"twitter:data1\" content=\"azureart\" \/>\n\t<meta name=\"twitter:label2\" content=\"Est. reading time\" \/>\n\t<meta name=\"twitter:data2\" content=\"3 minutes\" \/>\n<script type=\"application\/ld+json\" class=\"yoast-schema-graph\">{\"@context\":\"https:\/\/schema.org\",\"@graph\":[{\"@type\":\"Article\",\"@id\":\"https:\/\/swissbaker.ch\/fr\/panissimo-news\/avec-deficit-mais-mieux-que-budgetes\/#article\",\"isPartOf\":{\"@id\":\"https:\/\/swissbaker.ch\/fr\/panissimo-news\/avec-deficit-mais-mieux-que-budgetes\/\"},\"author\":{\"name\":\"azureart\",\"@id\":\"https:\/\/swissbaker.ch\/fr\/#\/schema\/person\/058ac47619f7da53df62aba60f939b78\"},\"headline\":\"Avec d\u00e9ficit, mais mieux que budg\u00e9t\u00e9s\",\"datePublished\":\"2019-05-15T13:31:00+00:00\",\"dateModified\":\"2022-05-24T11:55:56+00:00\",\"mainEntityOfPage\":{\"@id\":\"https:\/\/swissbaker.ch\/fr\/panissimo-news\/avec-deficit-mais-mieux-que-budgetes\/\"},\"wordCount\":468,\"commentCount\":0,\"publisher\":{\"@id\":\"https:\/\/swissbaker.ch\/fr\/#organization\"},\"image\":{\"@id\":\"https:\/\/swissbaker.ch\/fr\/panissimo-news\/avec-deficit-mais-mieux-que-budgetes\/#primaryimage\"},\"thumbnailUrl\":\"https:\/\/swissbaker.ch\/wp-content\/uploads\/2022\/04\/Geld.jpeg\",\"articleSection\":[\"Association\"],\"inLanguage\":\"fr-FR\",\"potentialAction\":[{\"@type\":\"CommentAction\",\"name\":\"Comment\",\"target\":[\"https:\/\/swissbaker.ch\/fr\/panissimo-news\/avec-deficit-mais-mieux-que-budgetes\/#respond\"]}]},{\"@type\":\"WebPage\",\"@id\":\"https:\/\/swissbaker.ch\/fr\/panissimo-news\/avec-deficit-mais-mieux-que-budgetes\/\",\"url\":\"https:\/\/swissbaker.ch\/fr\/panissimo-news\/avec-deficit-mais-mieux-que-budgetes\/\",\"name\":\"Avec d\u00e9ficit, mais mieux que budg\u00e9t\u00e9s | SBC\",\"isPartOf\":{\"@id\":\"https:\/\/swissbaker.ch\/fr\/#website\"},\"primaryImageOfPage\":{\"@id\":\"https:\/\/swissbaker.ch\/fr\/panissimo-news\/avec-deficit-mais-mieux-que-budgetes\/#primaryimage\"},\"image\":{\"@id\":\"https:\/\/swissbaker.ch\/fr\/panissimo-news\/avec-deficit-mais-mieux-que-budgetes\/#primaryimage\"},\"thumbnailUrl\":\"https:\/\/swissbaker.ch\/wp-content\/uploads\/2022\/04\/Geld.jpeg\",\"datePublished\":\"2019-05-15T13:31:00+00:00\",\"dateModified\":\"2022-05-24T11:55:56+00:00\",\"breadcrumb\":{\"@id\":\"https:\/\/swissbaker.ch\/fr\/panissimo-news\/avec-deficit-mais-mieux-que-budgetes\/#breadcrumb\"},\"inLanguage\":\"fr-FR\",\"potentialAction\":[{\"@type\":\"ReadAction\",\"target\":[\"https:\/\/swissbaker.ch\/fr\/panissimo-news\/avec-deficit-mais-mieux-que-budgetes\/\"]}]},{\"@type\":\"ImageObject\",\"inLanguage\":\"fr-FR\",\"@id\":\"https:\/\/swissbaker.ch\/fr\/panissimo-news\/avec-deficit-mais-mieux-que-budgetes\/#primaryimage\",\"url\":\"https:\/\/swissbaker.ch\/wp-content\/uploads\/2022\/04\/Geld.jpeg\",\"contentUrl\":\"https:\/\/swissbaker.ch\/wp-content\/uploads\/2022\/04\/Geld.jpeg\",\"width\":800,\"height\":474,\"caption\":\"Avec d\u00e9ficit, mais mieux que budg\u00e9t\u00e9s\"},{\"@type\":\"BreadcrumbList\",\"@id\":\"https:\/\/swissbaker.ch\/fr\/panissimo-news\/avec-deficit-mais-mieux-que-budgetes\/#breadcrumb\",\"itemListElement\":[{\"@type\":\"ListItem\",\"position\":1,\"name\":\"\",\"item\":\"https:\/\/swissbaker.ch\/fr\/\"},{\"@type\":\"ListItem\",\"position\":2,\"name\":\"Association\",\"item\":\"https:\/\/swissbaker.ch\/fr\/panissimo-news\/category\/association\/\"},{\"@type\":\"ListItem\",\"position\":3,\"name\":\"Avec d\u00e9ficit, mais mieux que budg\u00e9t\u00e9s\"}]},{\"@type\":\"WebSite\",\"@id\":\"https:\/\/swissbaker.ch\/fr\/#website\",\"url\":\"https:\/\/swissbaker.ch\/fr\/\",\"name\":\"SBC\",\"description\":\"\",\"publisher\":{\"@id\":\"https:\/\/swissbaker.ch\/fr\/#organization\"},\"potentialAction\":[{\"@type\":\"SearchAction\",\"target\":{\"@type\":\"EntryPoint\",\"urlTemplate\":\"https:\/\/swissbaker.ch\/fr\/?s={search_term_string}\"},\"query-input\":{\"@type\":\"PropertyValueSpecification\",\"valueRequired\":true,\"valueName\":\"search_term_string\"}}],\"inLanguage\":\"fr-FR\"},{\"@type\":\"Organization\",\"@id\":\"https:\/\/swissbaker.ch\/fr\/#organization\",\"name\":\"Schweizerischer B\u00e4cker-Confiseurmeister-Verband\",\"url\":\"https:\/\/swissbaker.ch\/fr\/\",\"logo\":{\"@type\":\"ImageObject\",\"inLanguage\":\"fr-FR\",\"@id\":\"https:\/\/swissbaker.ch\/fr\/#\/schema\/logo\/image\/\",\"url\":\"https:\/\/swissbaker.ch\/wp-content\/uploads\/2022\/04\/sbc-logo-yoast.jpg\",\"contentUrl\":\"https:\/\/swissbaker.ch\/wp-content\/uploads\/2022\/04\/sbc-logo-yoast.jpg\",\"width\":512,\"height\":512,\"caption\":\"Schweizerischer B\u00e4cker-Confiseurmeister-Verband\"},\"image\":{\"@id\":\"https:\/\/swissbaker.ch\/fr\/#\/schema\/logo\/image\/\"},\"sameAs\":[\"https:\/\/www.facebook.com\/swissbaker.ch\",\"https:\/\/x.com\/ch_swissbaker\"]},{\"@type\":\"Person\",\"@id\":\"https:\/\/swissbaker.ch\/fr\/#\/schema\/person\/058ac47619f7da53df62aba60f939b78\",\"name\":\"azureart\",\"image\":{\"@type\":\"ImageObject\",\"inLanguage\":\"fr-FR\",\"@id\":\"https:\/\/swissbaker.ch\/fr\/#\/schema\/person\/image\/\",\"url\":\"https:\/\/secure.gravatar.com\/avatar\/be04dd3098fd612c83067af4f7a295384c93cb6a9112f51beb9d2f477d25da61?s=96&d=mm&r=g\",\"contentUrl\":\"https:\/\/secure.gravatar.com\/avatar\/be04dd3098fd612c83067af4f7a295384c93cb6a9112f51beb9d2f477d25da61?s=96&d=mm&r=g\",\"caption\":\"azureart\"},\"sameAs\":[\"https:\/\/swissbaker.ch\"],\"url\":\"https:\/\/swissbaker.ch\/fr\/panissimo-news\/author\/pixel-ahoi\/\"}]}<\/script>\n<!-- \/ Yoast SEO Premium plugin. -->","yoast_head_json":{"title":"Avec d\u00e9ficit, mais mieux que budg\u00e9t\u00e9s | SBC","robots":{"index":"index","follow":"follow","max-snippet":"max-snippet:-1","max-image-preview":"max-image-preview:large","max-video-preview":"max-video-preview:-1"},"canonical":"https:\/\/swissbaker.ch\/fr\/panissimo-news\/avec-deficit-mais-mieux-que-budgetes\/","og_locale":"fr_FR","og_type":"article","og_title":"Avec d\u00e9ficit, mais mieux que budg\u00e9t\u00e9s","og_description":"Le comit\u00e9 central de la BCS a approuv\u00e9 les comptes 2018 de l\u2019association \u00e0 l\u2019intention du congr\u00e8s. Ils bouclent sur un r\u00e9sultat meilleur de 86&#8217;430\u202ffrancs. La perte globale s\u2019\u00e9l\u00e8ve \u00e0 320&#8217;056\u202ffrancs dans les comptes 2018 de la BCS. Le d\u00e9ficit est intervenu en raison de corrections de valeur de l\u2019ordre de 142&#8217;046\u202ffrancs sur la valeur comptable des titres. Ces corrections [&hellip;]","og_url":"https:\/\/swissbaker.ch\/fr\/panissimo-news\/avec-deficit-mais-mieux-que-budgetes\/","og_site_name":"SBC","article_publisher":"https:\/\/www.facebook.com\/swissbaker.ch","article_published_time":"2019-05-15T13:31:00+00:00","article_modified_time":"2022-05-24T11:55:56+00:00","og_image":[{"width":800,"height":474,"url":"https:\/\/swissbaker.ch\/wp-content\/uploads\/2022\/04\/Geld.jpeg","type":"image\/jpeg"}],"author":"azureart","twitter_card":"summary_large_image","twitter_creator":"@ch_swissbaker","twitter_site":"@ch_swissbaker","twitter_misc":{"Written by":"azureart","Est. reading time":"3 minutes"},"schema":{"@context":"https:\/\/schema.org","@graph":[{"@type":"Article","@id":"https:\/\/swissbaker.ch\/fr\/panissimo-news\/avec-deficit-mais-mieux-que-budgetes\/#article","isPartOf":{"@id":"https:\/\/swissbaker.ch\/fr\/panissimo-news\/avec-deficit-mais-mieux-que-budgetes\/"},"author":{"name":"azureart","@id":"https:\/\/swissbaker.ch\/fr\/#\/schema\/person\/058ac47619f7da53df62aba60f939b78"},"headline":"Avec d\u00e9ficit, mais mieux que budg\u00e9t\u00e9s","datePublished":"2019-05-15T13:31:00+00:00","dateModified":"2022-05-24T11:55:56+00:00","mainEntityOfPage":{"@id":"https:\/\/swissbaker.ch\/fr\/panissimo-news\/avec-deficit-mais-mieux-que-budgetes\/"},"wordCount":468,"commentCount":0,"publisher":{"@id":"https:\/\/swissbaker.ch\/fr\/#organization"},"image":{"@id":"https:\/\/swissbaker.ch\/fr\/panissimo-news\/avec-deficit-mais-mieux-que-budgetes\/#primaryimage"},"thumbnailUrl":"https:\/\/swissbaker.ch\/wp-content\/uploads\/2022\/04\/Geld.jpeg","articleSection":["Association"],"inLanguage":"fr-FR","potentialAction":[{"@type":"CommentAction","name":"Comment","target":["https:\/\/swissbaker.ch\/fr\/panissimo-news\/avec-deficit-mais-mieux-que-budgetes\/#respond"]}]},{"@type":"WebPage","@id":"https:\/\/swissbaker.ch\/fr\/panissimo-news\/avec-deficit-mais-mieux-que-budgetes\/","url":"https:\/\/swissbaker.ch\/fr\/panissimo-news\/avec-deficit-mais-mieux-que-budgetes\/","name":"Avec d\u00e9ficit, mais mieux que budg\u00e9t\u00e9s | SBC","isPartOf":{"@id":"https:\/\/swissbaker.ch\/fr\/#website"},"primaryImageOfPage":{"@id":"https:\/\/swissbaker.ch\/fr\/panissimo-news\/avec-deficit-mais-mieux-que-budgetes\/#primaryimage"},"image":{"@id":"https:\/\/swissbaker.ch\/fr\/panissimo-news\/avec-deficit-mais-mieux-que-budgetes\/#primaryimage"},"thumbnailUrl":"https:\/\/swissbaker.ch\/wp-content\/uploads\/2022\/04\/Geld.jpeg","datePublished":"2019-05-15T13:31:00+00:00","dateModified":"2022-05-24T11:55:56+00:00","breadcrumb":{"@id":"https:\/\/swissbaker.ch\/fr\/panissimo-news\/avec-deficit-mais-mieux-que-budgetes\/#breadcrumb"},"inLanguage":"fr-FR","potentialAction":[{"@type":"ReadAction","target":["https:\/\/swissbaker.ch\/fr\/panissimo-news\/avec-deficit-mais-mieux-que-budgetes\/"]}]},{"@type":"ImageObject","inLanguage":"fr-FR","@id":"https:\/\/swissbaker.ch\/fr\/panissimo-news\/avec-deficit-mais-mieux-que-budgetes\/#primaryimage","url":"https:\/\/swissbaker.ch\/wp-content\/uploads\/2022\/04\/Geld.jpeg","contentUrl":"https:\/\/swissbaker.ch\/wp-content\/uploads\/2022\/04\/Geld.jpeg","width":800,"height":474,"caption":"Avec d\u00e9ficit, mais mieux que budg\u00e9t\u00e9s"},{"@type":"BreadcrumbList","@id":"https:\/\/swissbaker.ch\/fr\/panissimo-news\/avec-deficit-mais-mieux-que-budgetes\/#breadcrumb","itemListElement":[{"@type":"ListItem","position":1,"name":"","item":"https:\/\/swissbaker.ch\/fr\/"},{"@type":"ListItem","position":2,"name":"Association","item":"https:\/\/swissbaker.ch\/fr\/panissimo-news\/category\/association\/"},{"@type":"ListItem","position":3,"name":"Avec d\u00e9ficit, mais mieux que budg\u00e9t\u00e9s"}]},{"@type":"WebSite","@id":"https:\/\/swissbaker.ch\/fr\/#website","url":"https:\/\/swissbaker.ch\/fr\/","name":"SBC","description":"","publisher":{"@id":"https:\/\/swissbaker.ch\/fr\/#organization"},"potentialAction":[{"@type":"SearchAction","target":{"@type":"EntryPoint","urlTemplate":"https:\/\/swissbaker.ch\/fr\/?s={search_term_string}"},"query-input":{"@type":"PropertyValueSpecification","valueRequired":true,"valueName":"search_term_string"}}],"inLanguage":"fr-FR"},{"@type":"Organization","@id":"https:\/\/swissbaker.ch\/fr\/#organization","name":"Schweizerischer B\u00e4cker-Confiseurmeister-Verband","url":"https:\/\/swissbaker.ch\/fr\/","logo":{"@type":"ImageObject","inLanguage":"fr-FR","@id":"https:\/\/swissbaker.ch\/fr\/#\/schema\/logo\/image\/","url":"https:\/\/swissbaker.ch\/wp-content\/uploads\/2022\/04\/sbc-logo-yoast.jpg","contentUrl":"https:\/\/swissbaker.ch\/wp-content\/uploads\/2022\/04\/sbc-logo-yoast.jpg","width":512,"height":512,"caption":"Schweizerischer B\u00e4cker-Confiseurmeister-Verband"},"image":{"@id":"https:\/\/swissbaker.ch\/fr\/#\/schema\/logo\/image\/"},"sameAs":["https:\/\/www.facebook.com\/swissbaker.ch","https:\/\/x.com\/ch_swissbaker"]},{"@type":"Person","@id":"https:\/\/swissbaker.ch\/fr\/#\/schema\/person\/058ac47619f7da53df62aba60f939b78","name":"azureart","image":{"@type":"ImageObject","inLanguage":"fr-FR","@id":"https:\/\/swissbaker.ch\/fr\/#\/schema\/person\/image\/","url":"https:\/\/secure.gravatar.com\/avatar\/be04dd3098fd612c83067af4f7a295384c93cb6a9112f51beb9d2f477d25da61?s=96&d=mm&r=g","contentUrl":"https:\/\/secure.gravatar.com\/avatar\/be04dd3098fd612c83067af4f7a295384c93cb6a9112f51beb9d2f477d25da61?s=96&d=mm&r=g","caption":"azureart"},"sameAs":["https:\/\/swissbaker.ch"],"url":"https:\/\/swissbaker.ch\/fr\/panissimo-news\/author\/pixel-ahoi\/"}]}},"_links":{"self":[{"href":"https:\/\/swissbaker.ch\/fr\/wp-json\/wp\/v2\/posts\/10641","targetHints":{"allow":["GET"]}}],"collection":[{"href":"https:\/\/swissbaker.ch\/fr\/wp-json\/wp\/v2\/posts"}],"about":[{"href":"https:\/\/swissbaker.ch\/fr\/wp-json\/wp\/v2\/types\/post"}],"author":[{"embeddable":true,"href":"https:\/\/swissbaker.ch\/fr\/wp-json\/wp\/v2\/users\/1"}],"replies":[{"embeddable":true,"href":"https:\/\/swissbaker.ch\/fr\/wp-json\/wp\/v2\/comments?post=10641"}],"version-history":[{"count":0,"href":"https:\/\/swissbaker.ch\/fr\/wp-json\/wp\/v2\/posts\/10641\/revisions"}],"wp:featuredmedia":[{"embeddable":true,"href":"https:\/\/swissbaker.ch\/fr\/wp-json\/wp\/v2\/media\/6277"}],"wp:attachment":[{"href":"https:\/\/swissbaker.ch\/fr\/wp-json\/wp\/v2\/media?parent=10641"}],"wp:term":[{"taxonomy":"category","embeddable":true,"href":"https:\/\/swissbaker.ch\/fr\/wp-json\/wp\/v2\/categories?post=10641"},{"taxonomy":"post_tag","embeddable":true,"href":"https:\/\/swissbaker.ch\/fr\/wp-json\/wp\/v2\/tags?post=10641"}],"curies":[{"name":"wp","href":"https:\/\/api.w.org\/{rel}","templated":true}]}}