{"id":10639,"date":"2019-05-15T15:29:00","date_gmt":"2019-05-15T13:29:00","guid":{"rendered":"https:\/\/swissbaker.ch\/?p=10639"},"modified":"2022-05-24T13:46:12","modified_gmt":"2022-05-24T11:46:12","slug":"lisa-frunz-remplace-maja-fahrni","status":"publish","type":"post","link":"https:\/\/swissbaker.ch\/fr\/panissimo-news\/lisa-frunz-remplace-maja-fahrni\/","title":{"rendered":"Lisa Frunz remplace Maja Fahrni"},"content":{"rendered":"\n<p><\/p>\n\n\n\n<p>Les responsables de l\u2019Association suisse des patrons boulangers-confiseurs (BCS) ont cherch\u00e9 pendant deux ans une repr\u00e9sentante du commerce de d\u00e9tail pour le comit\u00e9 directeur de l\u2019\u00e9poque, qu\u2019Irene Muralt avait quitt\u00e9 en 2016 pour des raisons de dur\u00e9e de mandat. Il a fallu attendre longtemps avant que leurs efforts ne portent leurs fruits. Le si\u00e8ge vacant pendant une ann\u00e9e a donn\u00e9 une image peu reluisante de notre secteur. Le conseiller d\u2019Etat lib\u00e9ral vaudois n\u2019a d\u2019ailleurs pas manqu\u00e9 d\u2019\u00e9voquer le manque de repr\u00e9sentation f\u00e9minine lors de son intervention au congr\u00e8s 2017 \u00e0 Lausanne.<\/p>\n\n\n\n<h2 class=\"wp-block-heading\" id=\"h-election-a-lausanne\">Election \u00e0 Lausanne<\/h2>\n\n\n\n<p>On a enfin pu c\u00e9l\u00e9brer l\u2019arriv\u00e9e d\u2019une nouvelle repr\u00e9sentante du commerce de d\u00e9tail \u2013 Maja Fahrni \u2013 lors de ce congr\u00e8s en Suisse romande. Cette derni\u00e8re g\u00e8re avec son \u00e9poux Erich Fahrni une boulangerie-\u00e9picerie \u00e0 Merligen, dans l\u2019Oberland bernois. Maja Fahrni n\u2019a pas suivi la fili\u00e8re habituelle dans notre secteur, mais n\u2019en dispose pas moins de connaissances professionnelles et d\u2019un grand savoir-faire en mati\u00e8re de finances, de personnel et d\u2019\u00e9conomie. \u00ab\u2009Nous les femmes de la commission de la formation initiale avons pouss\u00e9 un cri de joie lorsque nous avons appris que Maja Fahrni \u00e9tait dispos\u00e9e \u00e0 accepter le poste\u2009\u00bb, s\u2019est r\u00e9jouie une membre du comit\u00e9 central, Andrea Wehren (de Sch\u00f6nried), qui avait largement contribu\u00e9 \u00e0 ce succ\u00e8s \u00e0 l\u2019\u00e9poque (voir panissimo de juin\u202f2017).<br>Maja Fahrni a su convaincre le comit\u00e9 directeur de la BCS, par ses connaissances \u00e9tendues, ses avis comp\u00e9tents et sa pens\u00e9e syst\u00e9mique. Elle a \u00e9galement collabor\u00e9 activement aux travaux pr\u00e9paratoires de Reload. L\u2019organe strat\u00e9gique l\u2019a donc \u00e9lue \u00e0 l\u2019unanimit\u00e9 vice-pr\u00e9sidente de l\u2019association l\u2019ann\u00e9e derni\u00e8re.<\/p>\n\n\n\n<h2 class=\"wp-block-heading\" id=\"h-travaux-de-coordination-et-de-communication\">Travaux de coordination et de communication<\/h2>\n\n\n\n<p>Les deux instances strat\u00e9giques (CD et CC) vont \u00eatre regroup\u00e9es avec le projet de r\u00e9organisation \u00ab\u2009Reload\u2009\u00bb. Il est pr\u00e9vu que seule une repr\u00e9sentante du commerce de d\u00e9tail soit repr\u00e9sent\u00e9e dans cette organisation. Motif\u2009: le nombre de membres de l\u2019instance est limit\u00e9 en vue de la faire gagner en souplesse. Les r\u00e9gions ont par ailleurs la possibilit\u00e9 de d\u00e9l\u00e9guer des repr\u00e9sentantes de la production OU du commerce de d\u00e9tail. Cela signifie pour les responsables du commerce de d\u00e9tail que les travaux de coordination et de communication vont augmenter sensiblement.<\/p>\n\n\n\n<h2 class=\"wp-block-heading\" id=\"h-vente-2022\">\u00ab\u2009Vente 2022+\u00bb<\/h2>\n\n\n\n<p>Une p\u00e9riode tr\u00e8s charg\u00e9e s\u2019annonce en outre avec le projet \u00ab\u2009Vente 2022+\u00bb. Une professionnelle qui connaisse parfaitement le sujet et le contexte est n\u00e9cessaire \u00e0 cet effet. Maja Fahrni est arriv\u00e9e \u00e0 la conclusion que cette t\u00e2che devrait \u00eatre assum\u00e9e par une personne qui puisse s\u2019engager pleinement et qui dispose surtout des connaissances sectorielles ad hoc et d\u2019un bon r\u00e9seau. Avec Lisa Frunz, on est convaincu de pouvoir relever les d\u00e9fis \u00e0 venir, cette derni\u00e8re \u00e9tant \u00e0 m\u00eame de ma\u00eetriser la future charge suppl\u00e9mentaire \u00e0 l\u2019avenir.<\/p>\n\n\n\n<h2 class=\"wp-block-heading\" id=\"h-membre-du-cc\">Membre du CC<\/h2>\n\n\n\n<p>La sp\u00e9cialiste de branche Lisa Frunz est experte dans le commerce de d\u00e9tail, membre de longue date de la commission du commerce de d\u00e9tail et du comit\u00e9 central, et a fait la formation de mastertrainer du commerce de d\u00e9tail. Elle a \u00e9t\u00e9 enseignante dans le cadre des cours interentreprises jusqu\u2019en 2018.<\/p>\n\n\n\n<h2 class=\"wp-block-heading\" id=\"h-avec-engagement\">Avec engagement<\/h2>\n\n\n\n<p>Les membres du comit\u00e9 directeur de la BCS regrettent vivement de perdre en la personne de Maja Fahrni une professionnelle comp\u00e9tente et engag\u00e9e, et une membre de l\u2019\u00e9quipe tr\u00e8s appr\u00e9ci\u00e9e qui a toujours respect\u00e9 le principe de coll\u00e9gialit\u00e9 et communiqu\u00e9 ouvertement. Dans le m\u00eame temps, le CD souhaite la bienvenue \u00e0 sa nouvelle membre Lisa Frunz, et se r\u00e9jouit de relever les importants d\u00e9fis \u00e0 venir, de repr\u00e9senter le secteur artisanal en s\u2019engageant et en luttant avec elle sur un march\u00e9 \u00e2prement disput\u00e9.<\/p>\n","protected":false},"excerpt":{"rendered":"<p>Les responsables de l\u2019Association suisse des patrons boulangers-confiseurs (BCS) ont cherch\u00e9 pendant deux ans une repr\u00e9sentante du commerce de d\u00e9tail pour le comit\u00e9 directeur de l\u2019\u00e9poque, qu\u2019Irene Muralt avait quitt\u00e9 en 2016 pour des raisons de dur\u00e9e de mandat. Il a fallu attendre longtemps avant que leurs efforts ne portent leurs fruits. Le si\u00e8ge vacant pendant une ann\u00e9e a donn\u00e9 [&hellip;]<\/p>\n","protected":false},"author":1,"featured_media":6276,"comment_status":"open","ping_status":"closed","sticky":false,"template":"","format":"standard","meta":{"_acf_changed":false,"footnotes":""},"categories":[41],"tags":[],"class_list":["post-10639","post","type-post","status-publish","format-standard","has-post-thumbnail","hentry","category-association"],"acf":[],"yoast_head":"<!-- This site is optimized with the Yoast SEO Premium plugin v26.8 (Yoast SEO v26.8) - https:\/\/yoast.com\/product\/yoast-seo-premium-wordpress\/ -->\n<title>Lisa Frunz remplace Maja Fahrni | SBC<\/title>\n<meta name=\"robots\" content=\"index, follow, max-snippet:-1, max-image-preview:large, max-video-preview:-1\" \/>\n<link rel=\"canonical\" href=\"https:\/\/swissbaker.ch\/fr\/panissimo-news\/lisa-frunz-remplace-maja-fahrni\/\" \/>\n<meta property=\"og:locale\" content=\"fr_FR\" \/>\n<meta property=\"og:type\" content=\"article\" \/>\n<meta property=\"og:title\" content=\"Lisa Frunz remplace Maja Fahrni\" \/>\n<meta property=\"og:description\" content=\"Les responsables de l\u2019Association suisse des patrons boulangers-confiseurs (BCS) ont cherch\u00e9 pendant deux ans une repr\u00e9sentante du commerce de d\u00e9tail pour le comit\u00e9 directeur de l\u2019\u00e9poque, qu\u2019Irene Muralt avait quitt\u00e9 en 2016 pour des raisons de dur\u00e9e de mandat. Il a fallu attendre longtemps avant que leurs efforts ne portent leurs fruits. Le si\u00e8ge vacant pendant une ann\u00e9e a donn\u00e9 [&hellip;]\" \/>\n<meta property=\"og:url\" content=\"https:\/\/swissbaker.ch\/fr\/panissimo-news\/lisa-frunz-remplace-maja-fahrni\/\" \/>\n<meta property=\"og:site_name\" content=\"SBC\" \/>\n<meta property=\"article:publisher\" content=\"https:\/\/www.facebook.com\/swissbaker.ch\" \/>\n<meta property=\"article:published_time\" content=\"2019-05-15T13:29:00+00:00\" \/>\n<meta property=\"article:modified_time\" content=\"2022-05-24T11:46:12+00:00\" \/>\n<meta property=\"og:image\" content=\"https:\/\/swissbaker.ch\/wp-content\/uploads\/2022\/04\/Maja-Fahrni.jpeg\" \/>\n\t<meta property=\"og:image:width\" content=\"800\" \/>\n\t<meta property=\"og:image:height\" content=\"474\" \/>\n\t<meta property=\"og:image:type\" content=\"image\/jpeg\" \/>\n<meta name=\"author\" content=\"azureart\" \/>\n<meta name=\"twitter:card\" content=\"summary_large_image\" \/>\n<meta name=\"twitter:creator\" content=\"@ch_swissbaker\" \/>\n<meta name=\"twitter:site\" content=\"@ch_swissbaker\" \/>\n<meta name=\"twitter:label1\" content=\"Written by\" \/>\n\t<meta name=\"twitter:data1\" content=\"azureart\" \/>\n\t<meta name=\"twitter:label2\" content=\"Est. reading time\" \/>\n\t<meta name=\"twitter:data2\" content=\"4 minutes\" \/>\n<script type=\"application\/ld+json\" class=\"yoast-schema-graph\">{\"@context\":\"https:\/\/schema.org\",\"@graph\":[{\"@type\":\"Article\",\"@id\":\"https:\/\/swissbaker.ch\/fr\/panissimo-news\/lisa-frunz-remplace-maja-fahrni\/#article\",\"isPartOf\":{\"@id\":\"https:\/\/swissbaker.ch\/fr\/panissimo-news\/lisa-frunz-remplace-maja-fahrni\/\"},\"author\":{\"name\":\"azureart\",\"@id\":\"https:\/\/swissbaker.ch\/fr\/#\/schema\/person\/058ac47619f7da53df62aba60f939b78\"},\"headline\":\"Lisa Frunz remplace Maja Fahrni\",\"datePublished\":\"2019-05-15T13:29:00+00:00\",\"dateModified\":\"2022-05-24T11:46:12+00:00\",\"mainEntityOfPage\":{\"@id\":\"https:\/\/swissbaker.ch\/fr\/panissimo-news\/lisa-frunz-remplace-maja-fahrni\/\"},\"wordCount\":668,\"commentCount\":0,\"publisher\":{\"@id\":\"https:\/\/swissbaker.ch\/fr\/#organization\"},\"image\":{\"@id\":\"https:\/\/swissbaker.ch\/fr\/panissimo-news\/lisa-frunz-remplace-maja-fahrni\/#primaryimage\"},\"thumbnailUrl\":\"https:\/\/swissbaker.ch\/wp-content\/uploads\/2022\/04\/Maja-Fahrni.jpeg\",\"articleSection\":[\"Association\"],\"inLanguage\":\"fr-FR\",\"potentialAction\":[{\"@type\":\"CommentAction\",\"name\":\"Comment\",\"target\":[\"https:\/\/swissbaker.ch\/fr\/panissimo-news\/lisa-frunz-remplace-maja-fahrni\/#respond\"]}]},{\"@type\":\"WebPage\",\"@id\":\"https:\/\/swissbaker.ch\/fr\/panissimo-news\/lisa-frunz-remplace-maja-fahrni\/\",\"url\":\"https:\/\/swissbaker.ch\/fr\/panissimo-news\/lisa-frunz-remplace-maja-fahrni\/\",\"name\":\"Lisa Frunz remplace Maja Fahrni | SBC\",\"isPartOf\":{\"@id\":\"https:\/\/swissbaker.ch\/fr\/#website\"},\"primaryImageOfPage\":{\"@id\":\"https:\/\/swissbaker.ch\/fr\/panissimo-news\/lisa-frunz-remplace-maja-fahrni\/#primaryimage\"},\"image\":{\"@id\":\"https:\/\/swissbaker.ch\/fr\/panissimo-news\/lisa-frunz-remplace-maja-fahrni\/#primaryimage\"},\"thumbnailUrl\":\"https:\/\/swissbaker.ch\/wp-content\/uploads\/2022\/04\/Maja-Fahrni.jpeg\",\"datePublished\":\"2019-05-15T13:29:00+00:00\",\"dateModified\":\"2022-05-24T11:46:12+00:00\",\"breadcrumb\":{\"@id\":\"https:\/\/swissbaker.ch\/fr\/panissimo-news\/lisa-frunz-remplace-maja-fahrni\/#breadcrumb\"},\"inLanguage\":\"fr-FR\",\"potentialAction\":[{\"@type\":\"ReadAction\",\"target\":[\"https:\/\/swissbaker.ch\/fr\/panissimo-news\/lisa-frunz-remplace-maja-fahrni\/\"]}]},{\"@type\":\"ImageObject\",\"inLanguage\":\"fr-FR\",\"@id\":\"https:\/\/swissbaker.ch\/fr\/panissimo-news\/lisa-frunz-remplace-maja-fahrni\/#primaryimage\",\"url\":\"https:\/\/swissbaker.ch\/wp-content\/uploads\/2022\/04\/Maja-Fahrni.jpeg\",\"contentUrl\":\"https:\/\/swissbaker.ch\/wp-content\/uploads\/2022\/04\/Maja-Fahrni.jpeg\",\"width\":800,\"height\":474,\"caption\":\"Lisa Frunz remplace Maja Fahrni\"},{\"@type\":\"BreadcrumbList\",\"@id\":\"https:\/\/swissbaker.ch\/fr\/panissimo-news\/lisa-frunz-remplace-maja-fahrni\/#breadcrumb\",\"itemListElement\":[{\"@type\":\"ListItem\",\"position\":1,\"name\":\"\",\"item\":\"https:\/\/swissbaker.ch\/fr\/\"},{\"@type\":\"ListItem\",\"position\":2,\"name\":\"Association\",\"item\":\"https:\/\/swissbaker.ch\/fr\/panissimo-news\/category\/association\/\"},{\"@type\":\"ListItem\",\"position\":3,\"name\":\"Lisa Frunz remplace Maja Fahrni\"}]},{\"@type\":\"WebSite\",\"@id\":\"https:\/\/swissbaker.ch\/fr\/#website\",\"url\":\"https:\/\/swissbaker.ch\/fr\/\",\"name\":\"SBC\",\"description\":\"\",\"publisher\":{\"@id\":\"https:\/\/swissbaker.ch\/fr\/#organization\"},\"potentialAction\":[{\"@type\":\"SearchAction\",\"target\":{\"@type\":\"EntryPoint\",\"urlTemplate\":\"https:\/\/swissbaker.ch\/fr\/?s={search_term_string}\"},\"query-input\":{\"@type\":\"PropertyValueSpecification\",\"valueRequired\":true,\"valueName\":\"search_term_string\"}}],\"inLanguage\":\"fr-FR\"},{\"@type\":\"Organization\",\"@id\":\"https:\/\/swissbaker.ch\/fr\/#organization\",\"name\":\"Schweizerischer B\u00e4cker-Confiseurmeister-Verband\",\"url\":\"https:\/\/swissbaker.ch\/fr\/\",\"logo\":{\"@type\":\"ImageObject\",\"inLanguage\":\"fr-FR\",\"@id\":\"https:\/\/swissbaker.ch\/fr\/#\/schema\/logo\/image\/\",\"url\":\"https:\/\/swissbaker.ch\/wp-content\/uploads\/2022\/04\/sbc-logo-yoast.jpg\",\"contentUrl\":\"https:\/\/swissbaker.ch\/wp-content\/uploads\/2022\/04\/sbc-logo-yoast.jpg\",\"width\":512,\"height\":512,\"caption\":\"Schweizerischer B\u00e4cker-Confiseurmeister-Verband\"},\"image\":{\"@id\":\"https:\/\/swissbaker.ch\/fr\/#\/schema\/logo\/image\/\"},\"sameAs\":[\"https:\/\/www.facebook.com\/swissbaker.ch\",\"https:\/\/x.com\/ch_swissbaker\"]},{\"@type\":\"Person\",\"@id\":\"https:\/\/swissbaker.ch\/fr\/#\/schema\/person\/058ac47619f7da53df62aba60f939b78\",\"name\":\"azureart\",\"image\":{\"@type\":\"ImageObject\",\"inLanguage\":\"fr-FR\",\"@id\":\"https:\/\/swissbaker.ch\/fr\/#\/schema\/person\/image\/\",\"url\":\"https:\/\/secure.gravatar.com\/avatar\/be04dd3098fd612c83067af4f7a295384c93cb6a9112f51beb9d2f477d25da61?s=96&d=mm&r=g\",\"contentUrl\":\"https:\/\/secure.gravatar.com\/avatar\/be04dd3098fd612c83067af4f7a295384c93cb6a9112f51beb9d2f477d25da61?s=96&d=mm&r=g\",\"caption\":\"azureart\"},\"sameAs\":[\"https:\/\/swissbaker.ch\"],\"url\":\"https:\/\/swissbaker.ch\/fr\/panissimo-news\/author\/pixel-ahoi\/\"}]}<\/script>\n<!-- \/ Yoast SEO Premium plugin. -->","yoast_head_json":{"title":"Lisa Frunz remplace Maja Fahrni | SBC","robots":{"index":"index","follow":"follow","max-snippet":"max-snippet:-1","max-image-preview":"max-image-preview:large","max-video-preview":"max-video-preview:-1"},"canonical":"https:\/\/swissbaker.ch\/fr\/panissimo-news\/lisa-frunz-remplace-maja-fahrni\/","og_locale":"fr_FR","og_type":"article","og_title":"Lisa Frunz remplace Maja Fahrni","og_description":"Les responsables de l\u2019Association suisse des patrons boulangers-confiseurs (BCS) ont cherch\u00e9 pendant deux ans une repr\u00e9sentante du commerce de d\u00e9tail pour le comit\u00e9 directeur de l\u2019\u00e9poque, qu\u2019Irene Muralt avait quitt\u00e9 en 2016 pour des raisons de dur\u00e9e de mandat. Il a fallu attendre longtemps avant que leurs efforts ne portent leurs fruits. Le si\u00e8ge vacant pendant une ann\u00e9e a donn\u00e9 [&hellip;]","og_url":"https:\/\/swissbaker.ch\/fr\/panissimo-news\/lisa-frunz-remplace-maja-fahrni\/","og_site_name":"SBC","article_publisher":"https:\/\/www.facebook.com\/swissbaker.ch","article_published_time":"2019-05-15T13:29:00+00:00","article_modified_time":"2022-05-24T11:46:12+00:00","og_image":[{"width":800,"height":474,"url":"https:\/\/swissbaker.ch\/wp-content\/uploads\/2022\/04\/Maja-Fahrni.jpeg","type":"image\/jpeg"}],"author":"azureart","twitter_card":"summary_large_image","twitter_creator":"@ch_swissbaker","twitter_site":"@ch_swissbaker","twitter_misc":{"Written by":"azureart","Est. reading time":"4 minutes"},"schema":{"@context":"https:\/\/schema.org","@graph":[{"@type":"Article","@id":"https:\/\/swissbaker.ch\/fr\/panissimo-news\/lisa-frunz-remplace-maja-fahrni\/#article","isPartOf":{"@id":"https:\/\/swissbaker.ch\/fr\/panissimo-news\/lisa-frunz-remplace-maja-fahrni\/"},"author":{"name":"azureart","@id":"https:\/\/swissbaker.ch\/fr\/#\/schema\/person\/058ac47619f7da53df62aba60f939b78"},"headline":"Lisa Frunz remplace Maja Fahrni","datePublished":"2019-05-15T13:29:00+00:00","dateModified":"2022-05-24T11:46:12+00:00","mainEntityOfPage":{"@id":"https:\/\/swissbaker.ch\/fr\/panissimo-news\/lisa-frunz-remplace-maja-fahrni\/"},"wordCount":668,"commentCount":0,"publisher":{"@id":"https:\/\/swissbaker.ch\/fr\/#organization"},"image":{"@id":"https:\/\/swissbaker.ch\/fr\/panissimo-news\/lisa-frunz-remplace-maja-fahrni\/#primaryimage"},"thumbnailUrl":"https:\/\/swissbaker.ch\/wp-content\/uploads\/2022\/04\/Maja-Fahrni.jpeg","articleSection":["Association"],"inLanguage":"fr-FR","potentialAction":[{"@type":"CommentAction","name":"Comment","target":["https:\/\/swissbaker.ch\/fr\/panissimo-news\/lisa-frunz-remplace-maja-fahrni\/#respond"]}]},{"@type":"WebPage","@id":"https:\/\/swissbaker.ch\/fr\/panissimo-news\/lisa-frunz-remplace-maja-fahrni\/","url":"https:\/\/swissbaker.ch\/fr\/panissimo-news\/lisa-frunz-remplace-maja-fahrni\/","name":"Lisa Frunz remplace Maja Fahrni | SBC","isPartOf":{"@id":"https:\/\/swissbaker.ch\/fr\/#website"},"primaryImageOfPage":{"@id":"https:\/\/swissbaker.ch\/fr\/panissimo-news\/lisa-frunz-remplace-maja-fahrni\/#primaryimage"},"image":{"@id":"https:\/\/swissbaker.ch\/fr\/panissimo-news\/lisa-frunz-remplace-maja-fahrni\/#primaryimage"},"thumbnailUrl":"https:\/\/swissbaker.ch\/wp-content\/uploads\/2022\/04\/Maja-Fahrni.jpeg","datePublished":"2019-05-15T13:29:00+00:00","dateModified":"2022-05-24T11:46:12+00:00","breadcrumb":{"@id":"https:\/\/swissbaker.ch\/fr\/panissimo-news\/lisa-frunz-remplace-maja-fahrni\/#breadcrumb"},"inLanguage":"fr-FR","potentialAction":[{"@type":"ReadAction","target":["https:\/\/swissbaker.ch\/fr\/panissimo-news\/lisa-frunz-remplace-maja-fahrni\/"]}]},{"@type":"ImageObject","inLanguage":"fr-FR","@id":"https:\/\/swissbaker.ch\/fr\/panissimo-news\/lisa-frunz-remplace-maja-fahrni\/#primaryimage","url":"https:\/\/swissbaker.ch\/wp-content\/uploads\/2022\/04\/Maja-Fahrni.jpeg","contentUrl":"https:\/\/swissbaker.ch\/wp-content\/uploads\/2022\/04\/Maja-Fahrni.jpeg","width":800,"height":474,"caption":"Lisa Frunz remplace Maja Fahrni"},{"@type":"BreadcrumbList","@id":"https:\/\/swissbaker.ch\/fr\/panissimo-news\/lisa-frunz-remplace-maja-fahrni\/#breadcrumb","itemListElement":[{"@type":"ListItem","position":1,"name":"","item":"https:\/\/swissbaker.ch\/fr\/"},{"@type":"ListItem","position":2,"name":"Association","item":"https:\/\/swissbaker.ch\/fr\/panissimo-news\/category\/association\/"},{"@type":"ListItem","position":3,"name":"Lisa Frunz remplace Maja Fahrni"}]},{"@type":"WebSite","@id":"https:\/\/swissbaker.ch\/fr\/#website","url":"https:\/\/swissbaker.ch\/fr\/","name":"SBC","description":"","publisher":{"@id":"https:\/\/swissbaker.ch\/fr\/#organization"},"potentialAction":[{"@type":"SearchAction","target":{"@type":"EntryPoint","urlTemplate":"https:\/\/swissbaker.ch\/fr\/?s={search_term_string}"},"query-input":{"@type":"PropertyValueSpecification","valueRequired":true,"valueName":"search_term_string"}}],"inLanguage":"fr-FR"},{"@type":"Organization","@id":"https:\/\/swissbaker.ch\/fr\/#organization","name":"Schweizerischer B\u00e4cker-Confiseurmeister-Verband","url":"https:\/\/swissbaker.ch\/fr\/","logo":{"@type":"ImageObject","inLanguage":"fr-FR","@id":"https:\/\/swissbaker.ch\/fr\/#\/schema\/logo\/image\/","url":"https:\/\/swissbaker.ch\/wp-content\/uploads\/2022\/04\/sbc-logo-yoast.jpg","contentUrl":"https:\/\/swissbaker.ch\/wp-content\/uploads\/2022\/04\/sbc-logo-yoast.jpg","width":512,"height":512,"caption":"Schweizerischer B\u00e4cker-Confiseurmeister-Verband"},"image":{"@id":"https:\/\/swissbaker.ch\/fr\/#\/schema\/logo\/image\/"},"sameAs":["https:\/\/www.facebook.com\/swissbaker.ch","https:\/\/x.com\/ch_swissbaker"]},{"@type":"Person","@id":"https:\/\/swissbaker.ch\/fr\/#\/schema\/person\/058ac47619f7da53df62aba60f939b78","name":"azureart","image":{"@type":"ImageObject","inLanguage":"fr-FR","@id":"https:\/\/swissbaker.ch\/fr\/#\/schema\/person\/image\/","url":"https:\/\/secure.gravatar.com\/avatar\/be04dd3098fd612c83067af4f7a295384c93cb6a9112f51beb9d2f477d25da61?s=96&d=mm&r=g","contentUrl":"https:\/\/secure.gravatar.com\/avatar\/be04dd3098fd612c83067af4f7a295384c93cb6a9112f51beb9d2f477d25da61?s=96&d=mm&r=g","caption":"azureart"},"sameAs":["https:\/\/swissbaker.ch"],"url":"https:\/\/swissbaker.ch\/fr\/panissimo-news\/author\/pixel-ahoi\/"}]}},"_links":{"self":[{"href":"https:\/\/swissbaker.ch\/fr\/wp-json\/wp\/v2\/posts\/10639","targetHints":{"allow":["GET"]}}],"collection":[{"href":"https:\/\/swissbaker.ch\/fr\/wp-json\/wp\/v2\/posts"}],"about":[{"href":"https:\/\/swissbaker.ch\/fr\/wp-json\/wp\/v2\/types\/post"}],"author":[{"embeddable":true,"href":"https:\/\/swissbaker.ch\/fr\/wp-json\/wp\/v2\/users\/1"}],"replies":[{"embeddable":true,"href":"https:\/\/swissbaker.ch\/fr\/wp-json\/wp\/v2\/comments?post=10639"}],"version-history":[{"count":0,"href":"https:\/\/swissbaker.ch\/fr\/wp-json\/wp\/v2\/posts\/10639\/revisions"}],"wp:featuredmedia":[{"embeddable":true,"href":"https:\/\/swissbaker.ch\/fr\/wp-json\/wp\/v2\/media\/6276"}],"wp:attachment":[{"href":"https:\/\/swissbaker.ch\/fr\/wp-json\/wp\/v2\/media?parent=10639"}],"wp:term":[{"taxonomy":"category","embeddable":true,"href":"https:\/\/swissbaker.ch\/fr\/wp-json\/wp\/v2\/categories?post=10639"},{"taxonomy":"post_tag","embeddable":true,"href":"https:\/\/swissbaker.ch\/fr\/wp-json\/wp\/v2\/tags?post=10639"}],"curies":[{"name":"wp","href":"https:\/\/api.w.org\/{rel}","templated":true}]}}