{"id":10631,"date":"2019-05-28T15:12:00","date_gmt":"2019-05-28T13:12:00","guid":{"rendered":"https:\/\/swissbaker.ch\/?p=10631"},"modified":"2022-05-24T13:36:07","modified_gmt":"2022-05-24T11:36:07","slug":"loyers-en-hausse-et-frequentation-elevee","status":"publish","type":"post","link":"https:\/\/swissbaker.ch\/fr\/panissimo-news\/loyers-en-hausse-et-frequentation-elevee\/","title":{"rendered":"Loyers en hausse et fr\u00e9quentation \u00e9lev\u00e9e"},"content":{"rendered":"\n<p><strong>Les filiales dans ou \u00e0 proximit\u00e9 des gares suisses sont tr\u00e8s pris\u00e9es. La fr\u00e9quentation des clients y est au-dessus de la moyenne et garantie 365 jours par ann\u00e9e. Les loyers \u00e9lev\u00e9s sont donc accept\u00e9s. C\u2019est ce qui ressort d\u2019un sondage non repr\u00e9sentatif de \u00ab\u2009panissimo\u2009\u00bb.<\/strong><\/p>\n\n\n\n<p>\u00ab\u2009panissimo\u2009\u00bb a sond\u00e9 des propri\u00e9taires de boulangerie-confiserie sur les avantages et les d\u00e9savantages des filiales dans ou \u00e0 proximit\u00e9 de gares. Quels sont les risques li\u00e9s \u00e0 ce genre de sites\u2009? Quelles sont les diff\u00e9rences par rapport aux autres filiales\u2009?<\/p>\n\n\n\n<h2 class=\"wp-block-heading\" id=\"h-frequentation-elevee\">Fr\u00e9quentation \u00e9lev\u00e9e<\/h2>\n\n\n\n<p>Le sondage dresse un tableau pratiquement homog\u00e8ne. Chaque chef d\u2019entreprise exploite en moyenne au moins une filiale plus de dix ans sur un site ferroviaire. La fr\u00e9quentation \u00e9lev\u00e9e de la client\u00e8le est clairement un avantage. L\u2019afflux \u00e9tant sup\u00e9rieur \u00e0 la moyenne aux heures d\u2019ouverture \u00ab\u2009r\u00e9guli\u00e8res\u2009\u00bb et aux heures creuses, le chiffre d\u2019affaires g\u00e9n\u00e9r\u00e9 est accru.<\/p>\n\n\n\n<h2 class=\"wp-block-heading\" id=\"h-loyers-eleves-dependance-et-concurrence-croissante\">Loyers \u00e9lev\u00e9s, d\u00e9pendance\u00a0et concurrence croissante<\/h2>\n\n\n\n<p>En contrepartie, les inconv\u00e9nients cit\u00e9s sont les loyers \u00e9lev\u00e9s, la d\u00e9pendance des bailleurs (les CFF notamment), la concurrence croissante, la dur\u00e9e toujours plus courte des contrats et les frais d\u2019investissement relativement \u00e9lev\u00e9s.<br>Les loyers des espaces commerciaux \u00e0 la gare sont en constante augmentation. \u00ab\u2009Les loyers augmentent en cas d\u2019appels d\u2019offres et de nouvelles n\u00e9gociations contractuelles. Pour les boulangers, il devient de plus en plus difficile de faire face \u00e0 la concurrence\u2009\u00bb, souligne J\u00f6rg Zenh\u00e4usern (Zenh\u00e4usern Fr\u00e8res SA), avant d\u2019ajouter\u2009: \u00ab\u2009La fr\u00e9quentation est n\u00e9anmoins garantie.\u2009\u00bb<\/p>\n\n\n\n<h2 class=\"wp-block-heading\" id=\"h-risques-et-prescriptions\">Risques et prescriptions<\/h2>\n\n\n\n<p>L\u2019exploitation d\u2019une filiale dans ou \u00e0 proximit\u00e9 d\u2019une gare n\u2019est pas sans risque. Les changements d\u2019horaires des CFF ont notamment \u00e9t\u00e9 mentionn\u00e9s dans le cadre de ce sondage\u2009; des hausses ou des baisses de fr\u00e9quentation pouvant leur \u00eatre imputables. A cela s\u2019ajoute le fait que les attentes de la client\u00e8le sont plus \u00e9lev\u00e9es en mati\u00e8re d\u2019assortiment de produits. Il faudrait garantir un large choix de produits frais de t\u00f4t le matin \u00e0 tard le soir.<br>Des prescriptions suppl\u00e9mentaires doivent par ailleurs \u00eatre observ\u00e9es selon les sond\u00e9s\u2009:<\/p>\n\n\n\n<ul class=\"wp-block-list\"><li>horaires d\u2019ouverture\u2009: le fait de devoir ouvrir 365 jours par ann\u00e9e ne laisse aucune marge de man\u0153uvre en mati\u00e8re de jours f\u00e9ri\u00e9s\u2009;<\/li><li>inscription de magasin\u2009: parfois prescrite, respectivement les locataires sont tr\u00e8s limit\u00e9s\u2009;<\/li><li>syst\u00e8me de rabais\u2009: il faut parfois participer \u00e0 des actions lanc\u00e9es par les CFF.<\/li><\/ul>\n\n\n\n<p>Roni Merz (Merz, Coire) a relev\u00e9 un autre point\u2009: ses filiales se trouvent dans un passage sous-voie, donc loin de la lumi\u00e8re du jour. \u00ab\u2009Nous attirons sp\u00e9cialement l\u2019attention de nos collaboratrices sur le fait qu\u2019elles doivent passer leurs pauses dans des espaces baign\u00e9s de lumi\u00e8re naturelle ou dehors\u2009\u00bb, a-t-il soulign\u00e9 en r\u00e9ponse \u00e0 \u00ab\u2009panissimo\u2009\u00bb.<br>Conclusion\u2009: malgr\u00e9 des prescriptions suppl\u00e9mentaires, des loyers plus \u00e9lev\u00e9s et des clients plus exigeants, les locataires sont satisfaits de leur site.<\/p>\n","protected":false},"excerpt":{"rendered":"<p>Les filiales dans ou \u00e0 proximit\u00e9 des gares suisses sont tr\u00e8s pris\u00e9es. La fr\u00e9quentation des clients y est au-dessus de la moyenne et garantie 365 jours par ann\u00e9e. Les loyers \u00e9lev\u00e9s sont donc accept\u00e9s. C\u2019est ce qui ressort d\u2019un sondage non repr\u00e9sentatif de \u00ab\u2009panissimo\u2009\u00bb. \u00ab\u2009panissimo\u2009\u00bb a sond\u00e9 des propri\u00e9taires de boulangerie-confiserie sur les avantages et les d\u00e9savantages des filiales dans [&hellip;]<\/p>\n","protected":false},"author":1,"featured_media":6268,"comment_status":"open","ping_status":"closed","sticky":false,"template":"","format":"standard","meta":{"_acf_changed":false,"footnotes":""},"categories":[45],"tags":[],"class_list":["post-10631","post","type-post","status-publish","format-standard","has-post-thumbnail","hentry","category-environnement-professionnel"],"acf":[],"yoast_head":"<!-- This site is optimized with the Yoast SEO Premium plugin v26.8 (Yoast SEO v26.8) - https:\/\/yoast.com\/product\/yoast-seo-premium-wordpress\/ -->\n<title>Loyers en hausse et fr\u00e9quentation \u00e9lev\u00e9e | SBC<\/title>\n<meta name=\"robots\" content=\"index, follow, max-snippet:-1, max-image-preview:large, max-video-preview:-1\" \/>\n<link rel=\"canonical\" href=\"https:\/\/swissbaker.ch\/fr\/panissimo-news\/loyers-en-hausse-et-frequentation-elevee\/\" \/>\n<meta property=\"og:locale\" content=\"fr_FR\" \/>\n<meta property=\"og:type\" content=\"article\" \/>\n<meta property=\"og:title\" content=\"Loyers en hausse et fr\u00e9quentation \u00e9lev\u00e9e\" \/>\n<meta property=\"og:description\" content=\"Les filiales dans ou \u00e0 proximit\u00e9 des gares suisses sont tr\u00e8s pris\u00e9es. La fr\u00e9quentation des clients y est au-dessus de la moyenne et garantie 365 jours par ann\u00e9e. Les loyers \u00e9lev\u00e9s sont donc accept\u00e9s. C\u2019est ce qui ressort d\u2019un sondage non repr\u00e9sentatif de \u00ab\u2009panissimo\u2009\u00bb. \u00ab\u2009panissimo\u2009\u00bb a sond\u00e9 des propri\u00e9taires de boulangerie-confiserie sur les avantages et les d\u00e9savantages des filiales dans [&hellip;]\" \/>\n<meta property=\"og:url\" content=\"https:\/\/swissbaker.ch\/fr\/panissimo-news\/loyers-en-hausse-et-frequentation-elevee\/\" \/>\n<meta property=\"og:site_name\" content=\"SBC\" \/>\n<meta property=\"article:publisher\" content=\"https:\/\/www.facebook.com\/swissbaker.ch\" \/>\n<meta property=\"article:published_time\" content=\"2019-05-28T13:12:00+00:00\" \/>\n<meta property=\"article:modified_time\" content=\"2022-05-24T11:36:07+00:00\" \/>\n<meta property=\"og:image\" content=\"https:\/\/swissbaker.ch\/wp-content\/uploads\/2022\/04\/NL-11.1-Bahnhoefe.jpg\" \/>\n\t<meta property=\"og:image:width\" content=\"800\" \/>\n\t<meta property=\"og:image:height\" content=\"474\" \/>\n\t<meta property=\"og:image:type\" content=\"image\/jpeg\" \/>\n<meta name=\"author\" content=\"azureart\" \/>\n<meta name=\"twitter:card\" content=\"summary_large_image\" \/>\n<meta name=\"twitter:creator\" content=\"@ch_swissbaker\" \/>\n<meta name=\"twitter:site\" content=\"@ch_swissbaker\" \/>\n<meta name=\"twitter:label1\" content=\"Written by\" \/>\n\t<meta name=\"twitter:data1\" content=\"azureart\" \/>\n\t<meta name=\"twitter:label2\" content=\"Est. reading time\" \/>\n\t<meta name=\"twitter:data2\" content=\"3 minutes\" \/>\n<script type=\"application\/ld+json\" class=\"yoast-schema-graph\">{\"@context\":\"https:\/\/schema.org\",\"@graph\":[{\"@type\":\"Article\",\"@id\":\"https:\/\/swissbaker.ch\/fr\/panissimo-news\/loyers-en-hausse-et-frequentation-elevee\/#article\",\"isPartOf\":{\"@id\":\"https:\/\/swissbaker.ch\/fr\/panissimo-news\/loyers-en-hausse-et-frequentation-elevee\/\"},\"author\":{\"name\":\"azureart\",\"@id\":\"https:\/\/swissbaker.ch\/fr\/#\/schema\/person\/058ac47619f7da53df62aba60f939b78\"},\"headline\":\"Loyers en hausse et fr\u00e9quentation \u00e9lev\u00e9e\",\"datePublished\":\"2019-05-28T13:12:00+00:00\",\"dateModified\":\"2022-05-24T11:36:07+00:00\",\"mainEntityOfPage\":{\"@id\":\"https:\/\/swissbaker.ch\/fr\/panissimo-news\/loyers-en-hausse-et-frequentation-elevee\/\"},\"wordCount\":521,\"commentCount\":0,\"publisher\":{\"@id\":\"https:\/\/swissbaker.ch\/fr\/#organization\"},\"image\":{\"@id\":\"https:\/\/swissbaker.ch\/fr\/panissimo-news\/loyers-en-hausse-et-frequentation-elevee\/#primaryimage\"},\"thumbnailUrl\":\"https:\/\/swissbaker.ch\/wp-content\/uploads\/2022\/04\/NL-11.1-Bahnhoefe.jpg\",\"articleSection\":[\"Environnement professionnel\"],\"inLanguage\":\"fr-FR\",\"potentialAction\":[{\"@type\":\"CommentAction\",\"name\":\"Comment\",\"target\":[\"https:\/\/swissbaker.ch\/fr\/panissimo-news\/loyers-en-hausse-et-frequentation-elevee\/#respond\"]}]},{\"@type\":\"WebPage\",\"@id\":\"https:\/\/swissbaker.ch\/fr\/panissimo-news\/loyers-en-hausse-et-frequentation-elevee\/\",\"url\":\"https:\/\/swissbaker.ch\/fr\/panissimo-news\/loyers-en-hausse-et-frequentation-elevee\/\",\"name\":\"Loyers en hausse et fr\u00e9quentation \u00e9lev\u00e9e | SBC\",\"isPartOf\":{\"@id\":\"https:\/\/swissbaker.ch\/fr\/#website\"},\"primaryImageOfPage\":{\"@id\":\"https:\/\/swissbaker.ch\/fr\/panissimo-news\/loyers-en-hausse-et-frequentation-elevee\/#primaryimage\"},\"image\":{\"@id\":\"https:\/\/swissbaker.ch\/fr\/panissimo-news\/loyers-en-hausse-et-frequentation-elevee\/#primaryimage\"},\"thumbnailUrl\":\"https:\/\/swissbaker.ch\/wp-content\/uploads\/2022\/04\/NL-11.1-Bahnhoefe.jpg\",\"datePublished\":\"2019-05-28T13:12:00+00:00\",\"dateModified\":\"2022-05-24T11:36:07+00:00\",\"breadcrumb\":{\"@id\":\"https:\/\/swissbaker.ch\/fr\/panissimo-news\/loyers-en-hausse-et-frequentation-elevee\/#breadcrumb\"},\"inLanguage\":\"fr-FR\",\"potentialAction\":[{\"@type\":\"ReadAction\",\"target\":[\"https:\/\/swissbaker.ch\/fr\/panissimo-news\/loyers-en-hausse-et-frequentation-elevee\/\"]}]},{\"@type\":\"ImageObject\",\"inLanguage\":\"fr-FR\",\"@id\":\"https:\/\/swissbaker.ch\/fr\/panissimo-news\/loyers-en-hausse-et-frequentation-elevee\/#primaryimage\",\"url\":\"https:\/\/swissbaker.ch\/wp-content\/uploads\/2022\/04\/NL-11.1-Bahnhoefe.jpg\",\"contentUrl\":\"https:\/\/swissbaker.ch\/wp-content\/uploads\/2022\/04\/NL-11.1-Bahnhoefe.jpg\",\"width\":800,\"height\":474,\"caption\":\"Loyers en hausse et fr\u00e9quentation \u00e9lev\u00e9e\"},{\"@type\":\"BreadcrumbList\",\"@id\":\"https:\/\/swissbaker.ch\/fr\/panissimo-news\/loyers-en-hausse-et-frequentation-elevee\/#breadcrumb\",\"itemListElement\":[{\"@type\":\"ListItem\",\"position\":1,\"name\":\"\",\"item\":\"https:\/\/swissbaker.ch\/fr\/\"},{\"@type\":\"ListItem\",\"position\":2,\"name\":\"Environnement professionnel\",\"item\":\"https:\/\/swissbaker.ch\/fr\/panissimo-news\/category\/environnement-professionnel\/\"},{\"@type\":\"ListItem\",\"position\":3,\"name\":\"Loyers en hausse et fr\u00e9quentation \u00e9lev\u00e9e\"}]},{\"@type\":\"WebSite\",\"@id\":\"https:\/\/swissbaker.ch\/fr\/#website\",\"url\":\"https:\/\/swissbaker.ch\/fr\/\",\"name\":\"SBC\",\"description\":\"\",\"publisher\":{\"@id\":\"https:\/\/swissbaker.ch\/fr\/#organization\"},\"potentialAction\":[{\"@type\":\"SearchAction\",\"target\":{\"@type\":\"EntryPoint\",\"urlTemplate\":\"https:\/\/swissbaker.ch\/fr\/?s={search_term_string}\"},\"query-input\":{\"@type\":\"PropertyValueSpecification\",\"valueRequired\":true,\"valueName\":\"search_term_string\"}}],\"inLanguage\":\"fr-FR\"},{\"@type\":\"Organization\",\"@id\":\"https:\/\/swissbaker.ch\/fr\/#organization\",\"name\":\"Schweizerischer B\u00e4cker-Confiseurmeister-Verband\",\"url\":\"https:\/\/swissbaker.ch\/fr\/\",\"logo\":{\"@type\":\"ImageObject\",\"inLanguage\":\"fr-FR\",\"@id\":\"https:\/\/swissbaker.ch\/fr\/#\/schema\/logo\/image\/\",\"url\":\"https:\/\/swissbaker.ch\/wp-content\/uploads\/2022\/04\/sbc-logo-yoast.jpg\",\"contentUrl\":\"https:\/\/swissbaker.ch\/wp-content\/uploads\/2022\/04\/sbc-logo-yoast.jpg\",\"width\":512,\"height\":512,\"caption\":\"Schweizerischer B\u00e4cker-Confiseurmeister-Verband\"},\"image\":{\"@id\":\"https:\/\/swissbaker.ch\/fr\/#\/schema\/logo\/image\/\"},\"sameAs\":[\"https:\/\/www.facebook.com\/swissbaker.ch\",\"https:\/\/x.com\/ch_swissbaker\"]},{\"@type\":\"Person\",\"@id\":\"https:\/\/swissbaker.ch\/fr\/#\/schema\/person\/058ac47619f7da53df62aba60f939b78\",\"name\":\"azureart\",\"image\":{\"@type\":\"ImageObject\",\"inLanguage\":\"fr-FR\",\"@id\":\"https:\/\/swissbaker.ch\/fr\/#\/schema\/person\/image\/\",\"url\":\"https:\/\/secure.gravatar.com\/avatar\/be04dd3098fd612c83067af4f7a295384c93cb6a9112f51beb9d2f477d25da61?s=96&d=mm&r=g\",\"contentUrl\":\"https:\/\/secure.gravatar.com\/avatar\/be04dd3098fd612c83067af4f7a295384c93cb6a9112f51beb9d2f477d25da61?s=96&d=mm&r=g\",\"caption\":\"azureart\"},\"sameAs\":[\"https:\/\/swissbaker.ch\"],\"url\":\"https:\/\/swissbaker.ch\/fr\/panissimo-news\/author\/pixel-ahoi\/\"}]}<\/script>\n<!-- \/ Yoast SEO Premium plugin. -->","yoast_head_json":{"title":"Loyers en hausse et fr\u00e9quentation \u00e9lev\u00e9e | SBC","robots":{"index":"index","follow":"follow","max-snippet":"max-snippet:-1","max-image-preview":"max-image-preview:large","max-video-preview":"max-video-preview:-1"},"canonical":"https:\/\/swissbaker.ch\/fr\/panissimo-news\/loyers-en-hausse-et-frequentation-elevee\/","og_locale":"fr_FR","og_type":"article","og_title":"Loyers en hausse et fr\u00e9quentation \u00e9lev\u00e9e","og_description":"Les filiales dans ou \u00e0 proximit\u00e9 des gares suisses sont tr\u00e8s pris\u00e9es. La fr\u00e9quentation des clients y est au-dessus de la moyenne et garantie 365 jours par ann\u00e9e. Les loyers \u00e9lev\u00e9s sont donc accept\u00e9s. C\u2019est ce qui ressort d\u2019un sondage non repr\u00e9sentatif de \u00ab\u2009panissimo\u2009\u00bb. \u00ab\u2009panissimo\u2009\u00bb a sond\u00e9 des propri\u00e9taires de boulangerie-confiserie sur les avantages et les d\u00e9savantages des filiales dans [&hellip;]","og_url":"https:\/\/swissbaker.ch\/fr\/panissimo-news\/loyers-en-hausse-et-frequentation-elevee\/","og_site_name":"SBC","article_publisher":"https:\/\/www.facebook.com\/swissbaker.ch","article_published_time":"2019-05-28T13:12:00+00:00","article_modified_time":"2022-05-24T11:36:07+00:00","og_image":[{"width":800,"height":474,"url":"https:\/\/swissbaker.ch\/wp-content\/uploads\/2022\/04\/NL-11.1-Bahnhoefe.jpg","type":"image\/jpeg"}],"author":"azureart","twitter_card":"summary_large_image","twitter_creator":"@ch_swissbaker","twitter_site":"@ch_swissbaker","twitter_misc":{"Written by":"azureart","Est. reading time":"3 minutes"},"schema":{"@context":"https:\/\/schema.org","@graph":[{"@type":"Article","@id":"https:\/\/swissbaker.ch\/fr\/panissimo-news\/loyers-en-hausse-et-frequentation-elevee\/#article","isPartOf":{"@id":"https:\/\/swissbaker.ch\/fr\/panissimo-news\/loyers-en-hausse-et-frequentation-elevee\/"},"author":{"name":"azureart","@id":"https:\/\/swissbaker.ch\/fr\/#\/schema\/person\/058ac47619f7da53df62aba60f939b78"},"headline":"Loyers en hausse et fr\u00e9quentation \u00e9lev\u00e9e","datePublished":"2019-05-28T13:12:00+00:00","dateModified":"2022-05-24T11:36:07+00:00","mainEntityOfPage":{"@id":"https:\/\/swissbaker.ch\/fr\/panissimo-news\/loyers-en-hausse-et-frequentation-elevee\/"},"wordCount":521,"commentCount":0,"publisher":{"@id":"https:\/\/swissbaker.ch\/fr\/#organization"},"image":{"@id":"https:\/\/swissbaker.ch\/fr\/panissimo-news\/loyers-en-hausse-et-frequentation-elevee\/#primaryimage"},"thumbnailUrl":"https:\/\/swissbaker.ch\/wp-content\/uploads\/2022\/04\/NL-11.1-Bahnhoefe.jpg","articleSection":["Environnement professionnel"],"inLanguage":"fr-FR","potentialAction":[{"@type":"CommentAction","name":"Comment","target":["https:\/\/swissbaker.ch\/fr\/panissimo-news\/loyers-en-hausse-et-frequentation-elevee\/#respond"]}]},{"@type":"WebPage","@id":"https:\/\/swissbaker.ch\/fr\/panissimo-news\/loyers-en-hausse-et-frequentation-elevee\/","url":"https:\/\/swissbaker.ch\/fr\/panissimo-news\/loyers-en-hausse-et-frequentation-elevee\/","name":"Loyers en hausse et fr\u00e9quentation \u00e9lev\u00e9e | SBC","isPartOf":{"@id":"https:\/\/swissbaker.ch\/fr\/#website"},"primaryImageOfPage":{"@id":"https:\/\/swissbaker.ch\/fr\/panissimo-news\/loyers-en-hausse-et-frequentation-elevee\/#primaryimage"},"image":{"@id":"https:\/\/swissbaker.ch\/fr\/panissimo-news\/loyers-en-hausse-et-frequentation-elevee\/#primaryimage"},"thumbnailUrl":"https:\/\/swissbaker.ch\/wp-content\/uploads\/2022\/04\/NL-11.1-Bahnhoefe.jpg","datePublished":"2019-05-28T13:12:00+00:00","dateModified":"2022-05-24T11:36:07+00:00","breadcrumb":{"@id":"https:\/\/swissbaker.ch\/fr\/panissimo-news\/loyers-en-hausse-et-frequentation-elevee\/#breadcrumb"},"inLanguage":"fr-FR","potentialAction":[{"@type":"ReadAction","target":["https:\/\/swissbaker.ch\/fr\/panissimo-news\/loyers-en-hausse-et-frequentation-elevee\/"]}]},{"@type":"ImageObject","inLanguage":"fr-FR","@id":"https:\/\/swissbaker.ch\/fr\/panissimo-news\/loyers-en-hausse-et-frequentation-elevee\/#primaryimage","url":"https:\/\/swissbaker.ch\/wp-content\/uploads\/2022\/04\/NL-11.1-Bahnhoefe.jpg","contentUrl":"https:\/\/swissbaker.ch\/wp-content\/uploads\/2022\/04\/NL-11.1-Bahnhoefe.jpg","width":800,"height":474,"caption":"Loyers en hausse et fr\u00e9quentation \u00e9lev\u00e9e"},{"@type":"BreadcrumbList","@id":"https:\/\/swissbaker.ch\/fr\/panissimo-news\/loyers-en-hausse-et-frequentation-elevee\/#breadcrumb","itemListElement":[{"@type":"ListItem","position":1,"name":"","item":"https:\/\/swissbaker.ch\/fr\/"},{"@type":"ListItem","position":2,"name":"Environnement professionnel","item":"https:\/\/swissbaker.ch\/fr\/panissimo-news\/category\/environnement-professionnel\/"},{"@type":"ListItem","position":3,"name":"Loyers en hausse et fr\u00e9quentation \u00e9lev\u00e9e"}]},{"@type":"WebSite","@id":"https:\/\/swissbaker.ch\/fr\/#website","url":"https:\/\/swissbaker.ch\/fr\/","name":"SBC","description":"","publisher":{"@id":"https:\/\/swissbaker.ch\/fr\/#organization"},"potentialAction":[{"@type":"SearchAction","target":{"@type":"EntryPoint","urlTemplate":"https:\/\/swissbaker.ch\/fr\/?s={search_term_string}"},"query-input":{"@type":"PropertyValueSpecification","valueRequired":true,"valueName":"search_term_string"}}],"inLanguage":"fr-FR"},{"@type":"Organization","@id":"https:\/\/swissbaker.ch\/fr\/#organization","name":"Schweizerischer B\u00e4cker-Confiseurmeister-Verband","url":"https:\/\/swissbaker.ch\/fr\/","logo":{"@type":"ImageObject","inLanguage":"fr-FR","@id":"https:\/\/swissbaker.ch\/fr\/#\/schema\/logo\/image\/","url":"https:\/\/swissbaker.ch\/wp-content\/uploads\/2022\/04\/sbc-logo-yoast.jpg","contentUrl":"https:\/\/swissbaker.ch\/wp-content\/uploads\/2022\/04\/sbc-logo-yoast.jpg","width":512,"height":512,"caption":"Schweizerischer B\u00e4cker-Confiseurmeister-Verband"},"image":{"@id":"https:\/\/swissbaker.ch\/fr\/#\/schema\/logo\/image\/"},"sameAs":["https:\/\/www.facebook.com\/swissbaker.ch","https:\/\/x.com\/ch_swissbaker"]},{"@type":"Person","@id":"https:\/\/swissbaker.ch\/fr\/#\/schema\/person\/058ac47619f7da53df62aba60f939b78","name":"azureart","image":{"@type":"ImageObject","inLanguage":"fr-FR","@id":"https:\/\/swissbaker.ch\/fr\/#\/schema\/person\/image\/","url":"https:\/\/secure.gravatar.com\/avatar\/be04dd3098fd612c83067af4f7a295384c93cb6a9112f51beb9d2f477d25da61?s=96&d=mm&r=g","contentUrl":"https:\/\/secure.gravatar.com\/avatar\/be04dd3098fd612c83067af4f7a295384c93cb6a9112f51beb9d2f477d25da61?s=96&d=mm&r=g","caption":"azureart"},"sameAs":["https:\/\/swissbaker.ch"],"url":"https:\/\/swissbaker.ch\/fr\/panissimo-news\/author\/pixel-ahoi\/"}]}},"_links":{"self":[{"href":"https:\/\/swissbaker.ch\/fr\/wp-json\/wp\/v2\/posts\/10631","targetHints":{"allow":["GET"]}}],"collection":[{"href":"https:\/\/swissbaker.ch\/fr\/wp-json\/wp\/v2\/posts"}],"about":[{"href":"https:\/\/swissbaker.ch\/fr\/wp-json\/wp\/v2\/types\/post"}],"author":[{"embeddable":true,"href":"https:\/\/swissbaker.ch\/fr\/wp-json\/wp\/v2\/users\/1"}],"replies":[{"embeddable":true,"href":"https:\/\/swissbaker.ch\/fr\/wp-json\/wp\/v2\/comments?post=10631"}],"version-history":[{"count":0,"href":"https:\/\/swissbaker.ch\/fr\/wp-json\/wp\/v2\/posts\/10631\/revisions"}],"wp:featuredmedia":[{"embeddable":true,"href":"https:\/\/swissbaker.ch\/fr\/wp-json\/wp\/v2\/media\/6268"}],"wp:attachment":[{"href":"https:\/\/swissbaker.ch\/fr\/wp-json\/wp\/v2\/media?parent=10631"}],"wp:term":[{"taxonomy":"category","embeddable":true,"href":"https:\/\/swissbaker.ch\/fr\/wp-json\/wp\/v2\/categories?post=10631"},{"taxonomy":"post_tag","embeddable":true,"href":"https:\/\/swissbaker.ch\/fr\/wp-json\/wp\/v2\/tags?post=10631"}],"curies":[{"name":"wp","href":"https:\/\/api.w.org\/{rel}","templated":true}]}}