{"id":10613,"date":"2019-06-06T15:02:00","date_gmt":"2019-06-06T13:02:00","guid":{"rendered":"https:\/\/swissbaker.ch\/?p=10613"},"modified":"2022-05-24T13:24:21","modified_gmt":"2022-05-24T11:24:21","slug":"plus-de-230-metres-de-tresse","status":"publish","type":"post","link":"https:\/\/swissbaker.ch\/fr\/panissimo-news\/plus-de-230-metres-de-tresse\/","title":{"rendered":"Plus de 230 m\u00e8tres de tresse"},"content":{"rendered":"\n<p><strong>Des artisans de Suisse centrale ont confectionn\u00e9 la tresse la plus longue du monde. Elle a n\u00e9cessit\u00e9 quelque 350 kg d\u2019ingr\u00e9dients avant d\u2019\u00eatre vendue en faveur d\u2019une organisation d\u2019entraide.<\/strong><\/p>\n\n\n\n<p>Le dimanche 2 juin \u00e0 minuit \u00e0 Buochs (NW), une \u00e9quipe de boulangers-confiseurs d\u2019Obwald et de Nidwald se sont lanc\u00e9s dans la confection d\u2019une tresse, dans le cadre de l\u2019exposition commerciale Iheimisch. Onze heures plus tard, elle mesurait 234 m\u00e8tres de long pour 230 kg.<\/p>\n\n\n\n<h2 class=\"wp-block-heading\" id=\"h-hors-norme\">Hors norme<\/h2>\n\n\n\n<p>Des fournisseurs de la r\u00e9gion ont livr\u00e9 les 230 kg de farine, 85 litres de lait, 15 kg de beurre, 5 kg de levure et les plus de 300 \u0153ufs n\u00e9cessaires \u00e0 sa fabrication. Un four de cuisson \u00ab recycl\u00e9 \u00bb et modifi\u00e9 a permis de cuire la tresse en une seule pi\u00e8ce. Toutefois, la tresse a \u00e9t\u00e9 repli\u00e9e sur elle-m\u00eame \u00e0 deux reprises afin de ne pas repr\u00e9senter un obstacle dans l\u2019enceinte des festivit\u00e9s.<br>Environ 25000 personnes ont visit\u00e9 la foire, selon le pr\u00e9sident du comit\u00e9 d\u2019organisation Bj\u00f6rn Britschi. Le dimanche, dernier jour de l\u2019exposition, le record du monde a suscit\u00e9 beaucoup d\u2019int\u00e9r\u00eat. A 11 heures, le notaire Andr\u00e9 Britschgi a confirm\u00e9 la longueur d\u2019un peu plus de 234 m\u00e8tres. M. Britschi s\u2019est charg\u00e9 de la couper. Les tranches de 10 cm ont \u00e9t\u00e9 vendues un franc. Les b\u00e9n\u00e9fices ont \u00e9t\u00e9 revers\u00e9s au Secours d\u2019hiver de Nidwald.<\/p>\n","protected":false},"excerpt":{"rendered":"<p>Des artisans de Suisse centrale ont confectionn\u00e9 la tresse la plus longue du monde. Elle a n\u00e9cessit\u00e9 quelque 350 kg d\u2019ingr\u00e9dients avant d\u2019\u00eatre vendue en faveur d\u2019une organisation d\u2019entraide. Le dimanche 2 juin \u00e0 minuit \u00e0 Buochs (NW), une \u00e9quipe de boulangers-confiseurs d\u2019Obwald et de Nidwald se sont lanc\u00e9s dans la confection d\u2019une tresse, dans le cadre de l\u2019exposition commerciale [&hellip;]<\/p>\n","protected":false},"author":1,"featured_media":6260,"comment_status":"open","ping_status":"closed","sticky":false,"template":"","format":"standard","meta":{"_acf_changed":false,"footnotes":""},"categories":[46],"tags":[],"class_list":["post-10613","post","type-post","status-publish","format-standard","has-post-thumbnail","hentry","category-evenement"],"acf":[],"yoast_head":"<!-- This site is optimized with the Yoast SEO Premium plugin v26.8 (Yoast SEO v26.8) - https:\/\/yoast.com\/product\/yoast-seo-premium-wordpress\/ -->\n<title>Plus de 230 m\u00e8tres de tresse | SBC<\/title>\n<meta name=\"robots\" content=\"index, follow, max-snippet:-1, max-image-preview:large, max-video-preview:-1\" \/>\n<link rel=\"canonical\" href=\"https:\/\/swissbaker.ch\/fr\/panissimo-news\/plus-de-230-metres-de-tresse\/\" \/>\n<meta property=\"og:locale\" content=\"fr_FR\" \/>\n<meta property=\"og:type\" content=\"article\" \/>\n<meta property=\"og:title\" content=\"Plus de 230 m\u00e8tres de tresse\" \/>\n<meta property=\"og:description\" content=\"Des artisans de Suisse centrale ont confectionn\u00e9 la tresse la plus longue du monde. Elle a n\u00e9cessit\u00e9 quelque 350 kg d\u2019ingr\u00e9dients avant d\u2019\u00eatre vendue en faveur d\u2019une organisation d\u2019entraide. Le dimanche 2 juin \u00e0 minuit \u00e0 Buochs (NW), une \u00e9quipe de boulangers-confiseurs d\u2019Obwald et de Nidwald se sont lanc\u00e9s dans la confection d\u2019une tresse, dans le cadre de l\u2019exposition commerciale [&hellip;]\" \/>\n<meta property=\"og:url\" content=\"https:\/\/swissbaker.ch\/fr\/panissimo-news\/plus-de-230-metres-de-tresse\/\" \/>\n<meta property=\"og:site_name\" content=\"SBC\" \/>\n<meta property=\"article:publisher\" content=\"https:\/\/www.facebook.com\/swissbaker.ch\" \/>\n<meta property=\"article:published_time\" content=\"2019-06-06T13:02:00+00:00\" \/>\n<meta property=\"article:modified_time\" content=\"2022-05-24T11:24:21+00:00\" \/>\n<meta property=\"og:image\" content=\"https:\/\/swissbaker.ch\/wp-content\/uploads\/2022\/04\/NL-11.2-Weltrekord-Zopf.jpg\" \/>\n\t<meta property=\"og:image:width\" content=\"800\" \/>\n\t<meta property=\"og:image:height\" content=\"474\" \/>\n\t<meta property=\"og:image:type\" content=\"image\/jpeg\" \/>\n<meta name=\"author\" content=\"azureart\" \/>\n<meta name=\"twitter:card\" content=\"summary_large_image\" \/>\n<meta name=\"twitter:creator\" content=\"@ch_swissbaker\" \/>\n<meta name=\"twitter:site\" content=\"@ch_swissbaker\" \/>\n<meta name=\"twitter:label1\" content=\"Written by\" \/>\n\t<meta name=\"twitter:data1\" content=\"azureart\" \/>\n\t<meta name=\"twitter:label2\" content=\"Est. reading time\" \/>\n\t<meta name=\"twitter:data2\" content=\"2 minutes\" \/>\n<script type=\"application\/ld+json\" class=\"yoast-schema-graph\">{\"@context\":\"https:\/\/schema.org\",\"@graph\":[{\"@type\":\"Article\",\"@id\":\"https:\/\/swissbaker.ch\/fr\/panissimo-news\/plus-de-230-metres-de-tresse\/#article\",\"isPartOf\":{\"@id\":\"https:\/\/swissbaker.ch\/fr\/panissimo-news\/plus-de-230-metres-de-tresse\/\"},\"author\":{\"name\":\"azureart\",\"@id\":\"https:\/\/swissbaker.ch\/fr\/#\/schema\/person\/058ac47619f7da53df62aba60f939b78\"},\"headline\":\"Plus de 230 m\u00e8tres de tresse\",\"datePublished\":\"2019-06-06T13:02:00+00:00\",\"dateModified\":\"2022-05-24T11:24:21+00:00\",\"mainEntityOfPage\":{\"@id\":\"https:\/\/swissbaker.ch\/fr\/panissimo-news\/plus-de-230-metres-de-tresse\/\"},\"wordCount\":244,\"commentCount\":0,\"publisher\":{\"@id\":\"https:\/\/swissbaker.ch\/fr\/#organization\"},\"image\":{\"@id\":\"https:\/\/swissbaker.ch\/fr\/panissimo-news\/plus-de-230-metres-de-tresse\/#primaryimage\"},\"thumbnailUrl\":\"https:\/\/swissbaker.ch\/wp-content\/uploads\/2022\/04\/NL-11.2-Weltrekord-Zopf.jpg\",\"articleSection\":[\"Ev\u00e9nement\"],\"inLanguage\":\"fr-FR\",\"potentialAction\":[{\"@type\":\"CommentAction\",\"name\":\"Comment\",\"target\":[\"https:\/\/swissbaker.ch\/fr\/panissimo-news\/plus-de-230-metres-de-tresse\/#respond\"]}]},{\"@type\":\"WebPage\",\"@id\":\"https:\/\/swissbaker.ch\/fr\/panissimo-news\/plus-de-230-metres-de-tresse\/\",\"url\":\"https:\/\/swissbaker.ch\/fr\/panissimo-news\/plus-de-230-metres-de-tresse\/\",\"name\":\"Plus de 230 m\u00e8tres de tresse | SBC\",\"isPartOf\":{\"@id\":\"https:\/\/swissbaker.ch\/fr\/#website\"},\"primaryImageOfPage\":{\"@id\":\"https:\/\/swissbaker.ch\/fr\/panissimo-news\/plus-de-230-metres-de-tresse\/#primaryimage\"},\"image\":{\"@id\":\"https:\/\/swissbaker.ch\/fr\/panissimo-news\/plus-de-230-metres-de-tresse\/#primaryimage\"},\"thumbnailUrl\":\"https:\/\/swissbaker.ch\/wp-content\/uploads\/2022\/04\/NL-11.2-Weltrekord-Zopf.jpg\",\"datePublished\":\"2019-06-06T13:02:00+00:00\",\"dateModified\":\"2022-05-24T11:24:21+00:00\",\"breadcrumb\":{\"@id\":\"https:\/\/swissbaker.ch\/fr\/panissimo-news\/plus-de-230-metres-de-tresse\/#breadcrumb\"},\"inLanguage\":\"fr-FR\",\"potentialAction\":[{\"@type\":\"ReadAction\",\"target\":[\"https:\/\/swissbaker.ch\/fr\/panissimo-news\/plus-de-230-metres-de-tresse\/\"]}]},{\"@type\":\"ImageObject\",\"inLanguage\":\"fr-FR\",\"@id\":\"https:\/\/swissbaker.ch\/fr\/panissimo-news\/plus-de-230-metres-de-tresse\/#primaryimage\",\"url\":\"https:\/\/swissbaker.ch\/wp-content\/uploads\/2022\/04\/NL-11.2-Weltrekord-Zopf.jpg\",\"contentUrl\":\"https:\/\/swissbaker.ch\/wp-content\/uploads\/2022\/04\/NL-11.2-Weltrekord-Zopf.jpg\",\"width\":800,\"height\":474,\"caption\":\"Plus de 230 m\u00e8tres de tresse\"},{\"@type\":\"BreadcrumbList\",\"@id\":\"https:\/\/swissbaker.ch\/fr\/panissimo-news\/plus-de-230-metres-de-tresse\/#breadcrumb\",\"itemListElement\":[{\"@type\":\"ListItem\",\"position\":1,\"name\":\"\",\"item\":\"https:\/\/swissbaker.ch\/fr\/\"},{\"@type\":\"ListItem\",\"position\":2,\"name\":\"Ev\u00e9nement\",\"item\":\"https:\/\/swissbaker.ch\/fr\/panissimo-news\/category\/evenement\/\"},{\"@type\":\"ListItem\",\"position\":3,\"name\":\"Plus de 230 m\u00e8tres de tresse\"}]},{\"@type\":\"WebSite\",\"@id\":\"https:\/\/swissbaker.ch\/fr\/#website\",\"url\":\"https:\/\/swissbaker.ch\/fr\/\",\"name\":\"SBC\",\"description\":\"\",\"publisher\":{\"@id\":\"https:\/\/swissbaker.ch\/fr\/#organization\"},\"potentialAction\":[{\"@type\":\"SearchAction\",\"target\":{\"@type\":\"EntryPoint\",\"urlTemplate\":\"https:\/\/swissbaker.ch\/fr\/?s={search_term_string}\"},\"query-input\":{\"@type\":\"PropertyValueSpecification\",\"valueRequired\":true,\"valueName\":\"search_term_string\"}}],\"inLanguage\":\"fr-FR\"},{\"@type\":\"Organization\",\"@id\":\"https:\/\/swissbaker.ch\/fr\/#organization\",\"name\":\"Schweizerischer B\u00e4cker-Confiseurmeister-Verband\",\"url\":\"https:\/\/swissbaker.ch\/fr\/\",\"logo\":{\"@type\":\"ImageObject\",\"inLanguage\":\"fr-FR\",\"@id\":\"https:\/\/swissbaker.ch\/fr\/#\/schema\/logo\/image\/\",\"url\":\"https:\/\/swissbaker.ch\/wp-content\/uploads\/2022\/04\/sbc-logo-yoast.jpg\",\"contentUrl\":\"https:\/\/swissbaker.ch\/wp-content\/uploads\/2022\/04\/sbc-logo-yoast.jpg\",\"width\":512,\"height\":512,\"caption\":\"Schweizerischer B\u00e4cker-Confiseurmeister-Verband\"},\"image\":{\"@id\":\"https:\/\/swissbaker.ch\/fr\/#\/schema\/logo\/image\/\"},\"sameAs\":[\"https:\/\/www.facebook.com\/swissbaker.ch\",\"https:\/\/x.com\/ch_swissbaker\"]},{\"@type\":\"Person\",\"@id\":\"https:\/\/swissbaker.ch\/fr\/#\/schema\/person\/058ac47619f7da53df62aba60f939b78\",\"name\":\"azureart\",\"image\":{\"@type\":\"ImageObject\",\"inLanguage\":\"fr-FR\",\"@id\":\"https:\/\/swissbaker.ch\/fr\/#\/schema\/person\/image\/\",\"url\":\"https:\/\/secure.gravatar.com\/avatar\/be04dd3098fd612c83067af4f7a295384c93cb6a9112f51beb9d2f477d25da61?s=96&d=mm&r=g\",\"contentUrl\":\"https:\/\/secure.gravatar.com\/avatar\/be04dd3098fd612c83067af4f7a295384c93cb6a9112f51beb9d2f477d25da61?s=96&d=mm&r=g\",\"caption\":\"azureart\"},\"sameAs\":[\"https:\/\/swissbaker.ch\"],\"url\":\"https:\/\/swissbaker.ch\/fr\/panissimo-news\/author\/pixel-ahoi\/\"}]}<\/script>\n<!-- \/ Yoast SEO Premium plugin. -->","yoast_head_json":{"title":"Plus de 230 m\u00e8tres de tresse | SBC","robots":{"index":"index","follow":"follow","max-snippet":"max-snippet:-1","max-image-preview":"max-image-preview:large","max-video-preview":"max-video-preview:-1"},"canonical":"https:\/\/swissbaker.ch\/fr\/panissimo-news\/plus-de-230-metres-de-tresse\/","og_locale":"fr_FR","og_type":"article","og_title":"Plus de 230 m\u00e8tres de tresse","og_description":"Des artisans de Suisse centrale ont confectionn\u00e9 la tresse la plus longue du monde. Elle a n\u00e9cessit\u00e9 quelque 350 kg d\u2019ingr\u00e9dients avant d\u2019\u00eatre vendue en faveur d\u2019une organisation d\u2019entraide. Le dimanche 2 juin \u00e0 minuit \u00e0 Buochs (NW), une \u00e9quipe de boulangers-confiseurs d\u2019Obwald et de Nidwald se sont lanc\u00e9s dans la confection d\u2019une tresse, dans le cadre de l\u2019exposition commerciale [&hellip;]","og_url":"https:\/\/swissbaker.ch\/fr\/panissimo-news\/plus-de-230-metres-de-tresse\/","og_site_name":"SBC","article_publisher":"https:\/\/www.facebook.com\/swissbaker.ch","article_published_time":"2019-06-06T13:02:00+00:00","article_modified_time":"2022-05-24T11:24:21+00:00","og_image":[{"width":800,"height":474,"url":"https:\/\/swissbaker.ch\/wp-content\/uploads\/2022\/04\/NL-11.2-Weltrekord-Zopf.jpg","type":"image\/jpeg"}],"author":"azureart","twitter_card":"summary_large_image","twitter_creator":"@ch_swissbaker","twitter_site":"@ch_swissbaker","twitter_misc":{"Written by":"azureart","Est. reading time":"2 minutes"},"schema":{"@context":"https:\/\/schema.org","@graph":[{"@type":"Article","@id":"https:\/\/swissbaker.ch\/fr\/panissimo-news\/plus-de-230-metres-de-tresse\/#article","isPartOf":{"@id":"https:\/\/swissbaker.ch\/fr\/panissimo-news\/plus-de-230-metres-de-tresse\/"},"author":{"name":"azureart","@id":"https:\/\/swissbaker.ch\/fr\/#\/schema\/person\/058ac47619f7da53df62aba60f939b78"},"headline":"Plus de 230 m\u00e8tres de tresse","datePublished":"2019-06-06T13:02:00+00:00","dateModified":"2022-05-24T11:24:21+00:00","mainEntityOfPage":{"@id":"https:\/\/swissbaker.ch\/fr\/panissimo-news\/plus-de-230-metres-de-tresse\/"},"wordCount":244,"commentCount":0,"publisher":{"@id":"https:\/\/swissbaker.ch\/fr\/#organization"},"image":{"@id":"https:\/\/swissbaker.ch\/fr\/panissimo-news\/plus-de-230-metres-de-tresse\/#primaryimage"},"thumbnailUrl":"https:\/\/swissbaker.ch\/wp-content\/uploads\/2022\/04\/NL-11.2-Weltrekord-Zopf.jpg","articleSection":["Ev\u00e9nement"],"inLanguage":"fr-FR","potentialAction":[{"@type":"CommentAction","name":"Comment","target":["https:\/\/swissbaker.ch\/fr\/panissimo-news\/plus-de-230-metres-de-tresse\/#respond"]}]},{"@type":"WebPage","@id":"https:\/\/swissbaker.ch\/fr\/panissimo-news\/plus-de-230-metres-de-tresse\/","url":"https:\/\/swissbaker.ch\/fr\/panissimo-news\/plus-de-230-metres-de-tresse\/","name":"Plus de 230 m\u00e8tres de tresse | SBC","isPartOf":{"@id":"https:\/\/swissbaker.ch\/fr\/#website"},"primaryImageOfPage":{"@id":"https:\/\/swissbaker.ch\/fr\/panissimo-news\/plus-de-230-metres-de-tresse\/#primaryimage"},"image":{"@id":"https:\/\/swissbaker.ch\/fr\/panissimo-news\/plus-de-230-metres-de-tresse\/#primaryimage"},"thumbnailUrl":"https:\/\/swissbaker.ch\/wp-content\/uploads\/2022\/04\/NL-11.2-Weltrekord-Zopf.jpg","datePublished":"2019-06-06T13:02:00+00:00","dateModified":"2022-05-24T11:24:21+00:00","breadcrumb":{"@id":"https:\/\/swissbaker.ch\/fr\/panissimo-news\/plus-de-230-metres-de-tresse\/#breadcrumb"},"inLanguage":"fr-FR","potentialAction":[{"@type":"ReadAction","target":["https:\/\/swissbaker.ch\/fr\/panissimo-news\/plus-de-230-metres-de-tresse\/"]}]},{"@type":"ImageObject","inLanguage":"fr-FR","@id":"https:\/\/swissbaker.ch\/fr\/panissimo-news\/plus-de-230-metres-de-tresse\/#primaryimage","url":"https:\/\/swissbaker.ch\/wp-content\/uploads\/2022\/04\/NL-11.2-Weltrekord-Zopf.jpg","contentUrl":"https:\/\/swissbaker.ch\/wp-content\/uploads\/2022\/04\/NL-11.2-Weltrekord-Zopf.jpg","width":800,"height":474,"caption":"Plus de 230 m\u00e8tres de tresse"},{"@type":"BreadcrumbList","@id":"https:\/\/swissbaker.ch\/fr\/panissimo-news\/plus-de-230-metres-de-tresse\/#breadcrumb","itemListElement":[{"@type":"ListItem","position":1,"name":"","item":"https:\/\/swissbaker.ch\/fr\/"},{"@type":"ListItem","position":2,"name":"Ev\u00e9nement","item":"https:\/\/swissbaker.ch\/fr\/panissimo-news\/category\/evenement\/"},{"@type":"ListItem","position":3,"name":"Plus de 230 m\u00e8tres de tresse"}]},{"@type":"WebSite","@id":"https:\/\/swissbaker.ch\/fr\/#website","url":"https:\/\/swissbaker.ch\/fr\/","name":"SBC","description":"","publisher":{"@id":"https:\/\/swissbaker.ch\/fr\/#organization"},"potentialAction":[{"@type":"SearchAction","target":{"@type":"EntryPoint","urlTemplate":"https:\/\/swissbaker.ch\/fr\/?s={search_term_string}"},"query-input":{"@type":"PropertyValueSpecification","valueRequired":true,"valueName":"search_term_string"}}],"inLanguage":"fr-FR"},{"@type":"Organization","@id":"https:\/\/swissbaker.ch\/fr\/#organization","name":"Schweizerischer B\u00e4cker-Confiseurmeister-Verband","url":"https:\/\/swissbaker.ch\/fr\/","logo":{"@type":"ImageObject","inLanguage":"fr-FR","@id":"https:\/\/swissbaker.ch\/fr\/#\/schema\/logo\/image\/","url":"https:\/\/swissbaker.ch\/wp-content\/uploads\/2022\/04\/sbc-logo-yoast.jpg","contentUrl":"https:\/\/swissbaker.ch\/wp-content\/uploads\/2022\/04\/sbc-logo-yoast.jpg","width":512,"height":512,"caption":"Schweizerischer B\u00e4cker-Confiseurmeister-Verband"},"image":{"@id":"https:\/\/swissbaker.ch\/fr\/#\/schema\/logo\/image\/"},"sameAs":["https:\/\/www.facebook.com\/swissbaker.ch","https:\/\/x.com\/ch_swissbaker"]},{"@type":"Person","@id":"https:\/\/swissbaker.ch\/fr\/#\/schema\/person\/058ac47619f7da53df62aba60f939b78","name":"azureart","image":{"@type":"ImageObject","inLanguage":"fr-FR","@id":"https:\/\/swissbaker.ch\/fr\/#\/schema\/person\/image\/","url":"https:\/\/secure.gravatar.com\/avatar\/be04dd3098fd612c83067af4f7a295384c93cb6a9112f51beb9d2f477d25da61?s=96&d=mm&r=g","contentUrl":"https:\/\/secure.gravatar.com\/avatar\/be04dd3098fd612c83067af4f7a295384c93cb6a9112f51beb9d2f477d25da61?s=96&d=mm&r=g","caption":"azureart"},"sameAs":["https:\/\/swissbaker.ch"],"url":"https:\/\/swissbaker.ch\/fr\/panissimo-news\/author\/pixel-ahoi\/"}]}},"_links":{"self":[{"href":"https:\/\/swissbaker.ch\/fr\/wp-json\/wp\/v2\/posts\/10613","targetHints":{"allow":["GET"]}}],"collection":[{"href":"https:\/\/swissbaker.ch\/fr\/wp-json\/wp\/v2\/posts"}],"about":[{"href":"https:\/\/swissbaker.ch\/fr\/wp-json\/wp\/v2\/types\/post"}],"author":[{"embeddable":true,"href":"https:\/\/swissbaker.ch\/fr\/wp-json\/wp\/v2\/users\/1"}],"replies":[{"embeddable":true,"href":"https:\/\/swissbaker.ch\/fr\/wp-json\/wp\/v2\/comments?post=10613"}],"version-history":[{"count":0,"href":"https:\/\/swissbaker.ch\/fr\/wp-json\/wp\/v2\/posts\/10613\/revisions"}],"wp:featuredmedia":[{"embeddable":true,"href":"https:\/\/swissbaker.ch\/fr\/wp-json\/wp\/v2\/media\/6260"}],"wp:attachment":[{"href":"https:\/\/swissbaker.ch\/fr\/wp-json\/wp\/v2\/media?parent=10613"}],"wp:term":[{"taxonomy":"category","embeddable":true,"href":"https:\/\/swissbaker.ch\/fr\/wp-json\/wp\/v2\/categories?post=10613"},{"taxonomy":"post_tag","embeddable":true,"href":"https:\/\/swissbaker.ch\/fr\/wp-json\/wp\/v2\/tags?post=10613"}],"curies":[{"name":"wp","href":"https:\/\/api.w.org\/{rel}","templated":true}]}}