{"id":10567,"date":"2019-06-12T14:10:00","date_gmt":"2019-06-12T12:10:00","guid":{"rendered":"https:\/\/swissbaker.ch\/?p=10567"},"modified":"2022-05-24T12:00:38","modified_gmt":"2022-05-24T10:00:38","slug":"nouveau-comite-central-pour-la-bcs","status":"publish","type":"post","link":"https:\/\/swissbaker.ch\/fr\/panissimo-news\/nouveau-comite-central-pour-la-bcs\/","title":{"rendered":"Nouveau comit\u00e9 central pour la BCS"},"content":{"rendered":"\n<p><strong>Le comit\u00e9 central a accord\u00e9 son soutien aux nomin\u00e9s d\u00e9finitifs. Pr\u00e9sentation des candidats\u2026<\/strong><\/p>\n\n\n\n<p>\u00ab\u2009panissimo\u2009\u00bb a pos\u00e9 plusieurs questions \u00e0 tous les nomin\u00e9s.&nbsp;<br>Le nouveau comit\u00e9 central est \u00e9galement compos\u00e9 des membres qui suivent du comit\u00e9 transitoire actuel. Il se compose du comit\u00e9 directeur de la BCS, de son comit\u00e9 central, du conseil de fondation de l\u2019\u00e9cole Richemont et de Richemont DL AG. Les membres actuels comit\u00e9 directeur ne seront pas pr\u00e9sent\u00e9s en d\u00e9tail.<a><\/a><img srcset=\"inhalte\/02_news\/2019_halbjahr1\/Nominierte-Silvan-Hotz.jpg\" alt=\"\">[Translate to Franz\u00f6sisch:] Silvan Hotz, Pr\u00e9sident<img srcset=\"inhalte\/02_news\/2019_halbjahr1\/Nominierte-JF-Leuenberger.jpg\" alt=\"\">Jean-Fran\u00e7ois Leuenberger, Romandie<img srcset=\"inhalte\/02_news\/2019_halbjahr1\/Nominierte-Martin-Schnyder.jpg\" alt=\"\">Martin Schnyder, Finances<img srcset=\"inhalte\/02_news\/2019_halbjahr1\/Nominierte-Peter-Signer.jpg\" alt=\"\">Peter Signer, formation production<img srcset=\"inhalte\/02_news\/2019_halbjahr1\/Nominierte-Franz-Willi.jpg\" alt=\"\">Franz Willi, Suisse centrale<a><\/a><\/p>\n\n\n\n<figure class=\"wp-block-image size-full\"><img decoding=\"async\" width=\"551\" height=\"327\" src=\"https:\/\/swissbaker.ch\/wp-content\/uploads\/2022\/05\/csm_nominierte-silvan-hotz_f478b75dca.jpeg\" alt=\"\" class=\"wp-image-10570\" srcset=\"https:\/\/swissbaker.ch\/wp-content\/uploads\/2022\/05\/csm_nominierte-silvan-hotz_f478b75dca.jpeg 551w, https:\/\/swissbaker.ch\/wp-content\/uploads\/2022\/05\/csm_nominierte-silvan-hotz_f478b75dca-300x178.jpeg 300w\" sizes=\"(max-width: 551px) 100vw, 551px\" \/><figcaption>[Translate to Franz\u00f6sisch:] Silvan Hotz, Pr\u00e9sident<\/figcaption><\/figure>\n\n\n\n<figure class=\"wp-block-image size-full\"><img decoding=\"async\" width=\"551\" height=\"327\" src=\"https:\/\/swissbaker.ch\/wp-content\/uploads\/2022\/05\/csm_nominierte-jf-leuenberger_02e0854183.jpeg\" alt=\"\" class=\"wp-image-10572\" srcset=\"https:\/\/swissbaker.ch\/wp-content\/uploads\/2022\/05\/csm_nominierte-jf-leuenberger_02e0854183.jpeg 551w, https:\/\/swissbaker.ch\/wp-content\/uploads\/2022\/05\/csm_nominierte-jf-leuenberger_02e0854183-300x178.jpeg 300w\" sizes=\"(max-width: 551px) 100vw, 551px\" \/><figcaption>Jean-Fran\u00e7ois Leuenberger, Romandie<\/figcaption><\/figure>\n\n\n\n<figure class=\"wp-block-image size-full\"><img decoding=\"async\" width=\"551\" height=\"327\" src=\"https:\/\/swissbaker.ch\/wp-content\/uploads\/2022\/05\/csm_nominierte-martin-schnyder_3fd1910df4.jpeg\" alt=\"\" class=\"wp-image-10574\" srcset=\"https:\/\/swissbaker.ch\/wp-content\/uploads\/2022\/05\/csm_nominierte-martin-schnyder_3fd1910df4.jpeg 551w, https:\/\/swissbaker.ch\/wp-content\/uploads\/2022\/05\/csm_nominierte-martin-schnyder_3fd1910df4-300x178.jpeg 300w\" sizes=\"(max-width: 551px) 100vw, 551px\" \/><figcaption>Martin Schnyder, Finances<\/figcaption><\/figure>\n\n\n\n<figure class=\"wp-block-image size-full\"><img decoding=\"async\" width=\"551\" height=\"327\" src=\"https:\/\/swissbaker.ch\/wp-content\/uploads\/2022\/05\/csm_nominierte-peter-signer_520d76d682-1.jpeg\" alt=\"\" class=\"wp-image-10580\" srcset=\"https:\/\/swissbaker.ch\/wp-content\/uploads\/2022\/05\/csm_nominierte-peter-signer_520d76d682-1.jpeg 551w, https:\/\/swissbaker.ch\/wp-content\/uploads\/2022\/05\/csm_nominierte-peter-signer_520d76d682-1-300x178.jpeg 300w\" sizes=\"(max-width: 551px) 100vw, 551px\" \/><figcaption>Peter Signer, formation production<\/figcaption><\/figure>\n\n\n\n<figure class=\"wp-block-image size-full\"><img decoding=\"async\" width=\"551\" height=\"327\" src=\"https:\/\/swissbaker.ch\/wp-content\/uploads\/2022\/05\/csm_nominierte-franz-willi_6b810ef76e-2.jpeg\" alt=\"\" class=\"wp-image-10584\" srcset=\"https:\/\/swissbaker.ch\/wp-content\/uploads\/2022\/05\/csm_nominierte-franz-willi_6b810ef76e-2.jpeg 551w, https:\/\/swissbaker.ch\/wp-content\/uploads\/2022\/05\/csm_nominierte-franz-willi_6b810ef76e-2-300x178.jpeg 300w\" sizes=\"(max-width: 551px) 100vw, 551px\" \/><figcaption>Franz Willi, Suisse centrale<\/figcaption><\/figure>\n\n\n\n<h2 class=\"wp-block-heading\" id=\"h-barbara-richner-region-bale-argovie\">Barbara Richner, R\u00e9gion B\u00e2le-Argovie<\/h2>\n\n\n\n<h3 class=\"wp-block-heading\" id=\"h-48-ans-mariee-2-enfants-gerante-de-la-boulangerie-patisserie-richner-ag\">48 ans, mari\u00e9e, 2 enfants, g\u00e9rante de la boulangerie-p\u00e2tisserie Richner AG<\/h3>\n\n\n\n<figure class=\"wp-block-image size-full\"><img decoding=\"async\" width=\"551\" height=\"327\" src=\"https:\/\/swissbaker.ch\/wp-content\/uploads\/2022\/05\/csm_barbara-richner_fd2f8cc67a.jpeg\" alt=\"\" class=\"wp-image-10586\" title=\"\" srcset=\"https:\/\/swissbaker.ch\/wp-content\/uploads\/2022\/05\/csm_barbara-richner_fd2f8cc67a.jpeg 551w, https:\/\/swissbaker.ch\/wp-content\/uploads\/2022\/05\/csm_barbara-richner_fd2f8cc67a-300x178.jpeg 300w\" sizes=\"(max-width: 551px) 100vw, 551px\" \/><\/figure>\n\n\n\n<p><strong>Parcours professionnel<\/strong><\/p>\n\n\n\n<ul class=\"wp-block-list\"><li>Apprentissage en vente<\/li><li>Exp\u00e9rience de direction au sein de l\u2019association \u00abWein und Brot\u00bb<\/li><li>Comit\u00e9 directeur Section\u00a0Brugg-Lenzburg-Seetal<\/li><li>Comit\u00e9 directeur du canton AG (ABCV): Formation professionnelle en vente, experte en chef<\/li><\/ul>\n\n\n\n<p><strong>Formation<\/strong><\/p>\n\n\n\n<ul class=\"wp-block-list\"><li>Plusieurs cours et formations continues en vente<\/li><li>Cours experts<\/li><\/ul>\n\n\n\n<p><strong>Hobbies\/Centres d&#8217;int\u00e9r\u00eat<\/strong><\/p>\n\n\n\n<ul class=\"wp-block-list\"><li>Famille, danse, v\u00e9lo, randonn\u00e9e<\/li><\/ul>\n\n\n\n<p><strong>Quels objectifs vous fixez-vous&nbsp;?<\/strong><br>Je concentrerai mon action sur le commerce de d\u00e9tail. Le commerce de d\u00e9tail est important.<br>Nous avons besoin d\u2019employer dans nos boutiques des personnes bien form\u00e9es&nbsp; et qui seront \u00e0 m\u00eame de mettre en valeur de mani\u00e8re optimale les merveilleux produits sortis du fournil, et de les vendre avec expertise et passion. Je souhaite agir dans ce sens.<\/p>\n\n\n\n<p><strong>Un souhait \u00e0 formuler \u00e0 l\u2019attention des membres de l\u2019association?<\/strong><br>Je souhaite qu&#8217;ils m\u2019acceptent telle que je suis et qu\u2019ils me soutiennent dans mes actions pour le secteur. Je forme le v\u0153u de voir les \u00e9changes se d\u00e9velopper entre les membres et profiter \u00e0 l\u2019ensemble du secteur.<br>\u200b\u200b\u200b\u200b\u200b\u200b\u200bJ\u2019esp\u00e8re bien s\u00fbr pouvoir mettre mes exp\u00e9riences et mes expertises au service de ce projet.<a><\/a><\/p>\n\n\n\n<h2 class=\"wp-block-heading\" id=\"h-daniel-ricigliano-region-tessin\">Daniel Ricigliano, R\u00e9gion Tessin<\/h2>\n\n\n\n<h3 class=\"wp-block-heading\" id=\"h-41-ans-marie-3-enfants-gerant-de-la-pasticceria-ricigliano-sa-lugano\">41 ans, mari\u00e9, 3 enfants, g\u00e9rant de la Pasticceria Ricigliano SA, Lugano<\/h3>\n\n\n\n<figure class=\"wp-block-image size-full\"><img decoding=\"async\" width=\"551\" height=\"327\" src=\"https:\/\/swissbaker.ch\/wp-content\/uploads\/2022\/05\/csm_nominierte-daniel-ricigliano_e3a55b45e3.jpeg\" alt=\"\" class=\"wp-image-10588\" title=\"\" srcset=\"https:\/\/swissbaker.ch\/wp-content\/uploads\/2022\/05\/csm_nominierte-daniel-ricigliano_e3a55b45e3.jpeg 551w, https:\/\/swissbaker.ch\/wp-content\/uploads\/2022\/05\/csm_nominierte-daniel-ricigliano_e3a55b45e3-300x178.jpeg 300w\" sizes=\"(max-width: 551px) 100vw, 551px\" \/><\/figure>\n\n\n\n<p><strong>Parcours professionnel<\/strong><\/p>\n\n\n\n<ul class=\"wp-block-list\"><li>G\u00e9rant de la Pasticceria Ricigliano SA \u00e0 Lugano<\/li><li>AFC Employ\u00e9 de commerce<\/li><li>AFC Boulanger-p\u00e2tissier<\/li><li>Examen EPS professionnel<\/li><li>Certificat d\u2019administrateur type&nbsp;1<\/li><li>Inspecteur de stage<\/li><li>Membre de la commission pour la formation professionnelle Societ\u00e0 Mastri Panettieri Pasticcieri Confettieri<\/li><li>Directeur des cours en entreprise<\/li><li>Repr\u00e9sentant du canton du Tessin dans le cursus professionnel de l\u2019\u00e9cole Richemont \u00e0 Lucerne<\/li><\/ul>\n\n\n\n<p><strong>Quels objectifs vous fixez-vous?<\/strong><br>En plus de communiquer les propositions du comit\u00e9 directeur du Tessin, ma mission sera d&#8217;agir le plus possible pour notre m\u00e9tier. La protection de notre travail artisanal est essentielle, surtout dans le Tessin, o\u00f9 nous sommes confront\u00e9s \u00e0 de tout autres r\u00e9alit\u00e9s que dans le reste de la Suisse.<\/p>\n\n\n\n<p><strong>Un souhait \u00e0 formuler \u00e0 l\u2019attention des membres de l\u2019association?<\/strong><br>Avoir des th\u00e8mes \u00e0 poursuivre ensemble et progresser rapidement et avec agilit\u00e9, comme cela est pr\u00e9vu avec&nbsp;\u00abReload\u00bb.<a><\/a><\/p>\n\n\n\n<h2 class=\"wp-block-heading\" id=\"h-dominik-frei-assurances\">Dominik Frei, Assurances<\/h2>\n\n\n\n<h3 class=\"wp-block-heading\" id=\"h-48-ans-marie-3-enfants-gerant-de-la-boulangerie-patisserie-frei-ag-nussbaumen\">48 ans, mari\u00e9, 3 enfants, g\u00e9rant de la boulangerie-p\u00e2tisserie Frei AG Nussbaumen<\/h3>\n\n\n\n<figure class=\"wp-block-image size-full\"><img decoding=\"async\" width=\"551\" height=\"327\" src=\"https:\/\/swissbaker.ch\/wp-content\/uploads\/2022\/05\/csm_nominierte-dominik-frei_a73935b5fe.jpeg\" alt=\"\" class=\"wp-image-10590\" title=\"\" srcset=\"https:\/\/swissbaker.ch\/wp-content\/uploads\/2022\/05\/csm_nominierte-dominik-frei_a73935b5fe.jpeg 551w, https:\/\/swissbaker.ch\/wp-content\/uploads\/2022\/05\/csm_nominierte-dominik-frei_a73935b5fe-300x178.jpeg 300w\" sizes=\"(max-width: 551px) 100vw, 551px\" \/><\/figure>\n\n\n\n<p><strong>Parcours professionnel<\/strong><\/p>\n\n\n\n<ul class=\"wp-block-list\"><li>Apprentissage de boulanger-p\u00e2tissier au sein de la boulangerie-p\u00e2tisserie Ortelli, Lenzburg<\/li><li>G\u00e9rant de la boulangerie-p\u00e2tisserie Frei&nbsp;AG, \u00e0 Nussbaumen<\/li><li>Pr\u00e9sident de l\u2019Association argovienne des boulangers-p\u00e2tissiers (ABCV)<\/li><\/ul>\n\n\n\n<p><strong>Formation<\/strong><\/p>\n\n\n\n<ul class=\"wp-block-list\"><li>Formation professionnelle<\/li><\/ul>\n\n\n\n<p><strong>Quels objectifs vous fixez-vous?<\/strong><br>Je compte donner vie au slogan suivant:&nbsp;\u00abApprendre les uns des autres \u2212 Agir ensemble \u2212 Nous sommes la BCS\u00bb. Avec moi, la BCS gagne une personne qui pense et agit strat\u00e9gie, et qui s\u2019engage pour r\u00e9pondre aux int\u00e9r\u00eats et demandes des membres de l\u2019Association.<\/p>\n\n\n\n<p><strong>Un souhait \u00e0 formuler \u00e0 l\u2019attention des membres de l\u2019association?<\/strong><br>De par ma franchise, je suis capable de motiver les personnes \u00e0 r\u00e9aliser des prestations extraordinaires et \u00e0 atteindre ensemble des objectifs tr\u00e8s ambitieux. Je souhaite engager au sein de la BCS des membres actifs, critiques et qui pensent l\u2019avenir de notre secteur.<\/p>\n\n\n\n<p><strong>Quel est votre produit pr\u00e9f\u00e9r\u00e9 dans notre secteur?<\/strong><br>La tresse du dimanche. Le go\u00fbt du pays et de la libert\u00e9.<a><\/a><\/p>\n\n\n\n<h2 class=\"wp-block-heading\" id=\"h-edgar-ehrbar-cct\">Edgar Ehrbar, CCT<\/h2>\n\n\n\n<h3 class=\"wp-block-heading\" id=\"h-54-ans-celibataire-sans-enfants-gerant-et-proprietaire-de-rosslibeck-doerr-ag\">54 ans, c\u00e9libataire, sans enfants, g\u00e9rant et propri\u00e9taire de R\u00f6sslibeck Doerr AG<\/h3>\n\n\n\n<figure class=\"wp-block-image size-full\"><img decoding=\"async\" width=\"551\" height=\"327\" src=\"https:\/\/swissbaker.ch\/wp-content\/uploads\/2022\/05\/csm_nominierte-edgar-ehrbar_65cf1fbd3d.jpeg\" alt=\"\" class=\"wp-image-10592\" title=\"\" srcset=\"https:\/\/swissbaker.ch\/wp-content\/uploads\/2022\/05\/csm_nominierte-edgar-ehrbar_65cf1fbd3d.jpeg 551w, https:\/\/swissbaker.ch\/wp-content\/uploads\/2022\/05\/csm_nominierte-edgar-ehrbar_65cf1fbd3d-300x178.jpeg 300w\" sizes=\"(max-width: 551px) 100vw, 551px\" \/><\/figure>\n\n\n\n<p><strong>Parcours professionnel<\/strong><\/p>\n\n\n\n<ul class=\"wp-block-list\"><li>Apprentissage de boulanger-p\u00e2tissier au sein de l\u2019entreprise familiale<\/li><li>Grade militaire d\u2019adjudant pour l\u2019arm\u00e9e de l\u2019air<\/li><li>Formation \u00e0 la vente sur plusieurs ann\u00e9es<\/li><li>Reprise du commerce familial et achat d&#8217;un nouveau site de production<\/li><li>D\u00e9veloppement et extension de l\u2019entreprise \u00e0 travers l\u2019ouverture de plusieurs filiales<\/li><\/ul>\n\n\n\n<p><strong>Hobbies\/Centres d&#8217;int\u00e9r\u00eat<\/strong><\/p>\n\n\n\n<ul class=\"wp-block-list\"><li>Mon chien Agio, le FC Sion, les randonn\u00e9es, Zermatt<\/li><\/ul>\n\n\n\n<p><strong>Quels objectifs vous fixez-vous?<\/strong><br>Faire avancer le secteur et obtenir une CCT acceptable, en gardant de bonnes relations avec nos partenaires sociaux.<\/p>\n\n\n\n<p><strong>Un souhait \u00e0 formuler \u00e0 l\u2019attention des membres de l\u2019association?<\/strong><br>Qu\u2019ils s&#8217;informent plus sur les \u00e9v\u00e9nements qui ont des cons\u00e9quences pour leurs commerces.<\/p>\n\n\n\n<p><strong>Votre produit pr\u00e9f\u00e9r\u00e9?<\/strong><br>Le croissant aux noisettes. J\u2019aime ce produit par-dessus tout. Un produit \u00e0 la fois simple et g\u00e9nial.<a><\/a><\/p>\n\n\n\n<h2 class=\"wp-block-heading\" id=\"h-elias-laderach-ci-grandes-entreprises\">Elias L\u00e4derach, CI grandes entreprises<\/h2>\n\n\n\n<h3 class=\"wp-block-heading\" id=\"h-31-ans-marie-2-enfants-responsable-innovation-et-production-chez-laderach-suisse-ag\">31 ans, mari\u00e9, 2 enfants, Responsable Innovation et production chez L\u00e4derach (Suisse) AG<\/h3>\n\n\n\n<figure class=\"wp-block-image size-full\"><img decoding=\"async\" width=\"551\" height=\"327\" src=\"https:\/\/swissbaker.ch\/wp-content\/uploads\/2022\/05\/csm_nominierte-elias-laederach_d44e4a58a4.jpeg\" alt=\"\" class=\"wp-image-10594\" title=\"\" srcset=\"https:\/\/swissbaker.ch\/wp-content\/uploads\/2022\/05\/csm_nominierte-elias-laederach_d44e4a58a4.jpeg 551w, https:\/\/swissbaker.ch\/wp-content\/uploads\/2022\/05\/csm_nominierte-elias-laederach_d44e4a58a4-300x178.jpeg 300w\" sizes=\"(max-width: 551px) 100vw, 551px\" \/><\/figure>\n\n\n\n<p><strong>Parcours professionnel<\/strong><\/p>\n\n\n\n<ul class=\"wp-block-list\"><li>Apprentissage de boulanger-p\u00e2tissier<\/li><li>Responsable Innovation et production, L\u00e4derach (Suisse) AG<\/li><\/ul>\n\n\n\n<p><strong>Formation<\/strong><\/p>\n\n\n\n<ul class=\"wp-block-list\"><li>Etudes en \u00e9conomie d\u2019entreprise<\/li><\/ul>\n\n\n\n<p><strong>Hobbies\/Centres d&#8217;int\u00e9r\u00eat<\/strong><\/p>\n\n\n\n<ul class=\"wp-block-list\"><li>Art, famille, sports d&#8217;\u00e9quipe<\/li><\/ul>\n\n\n\n<p><strong>Quels objectifs vous fixez-vous?<\/strong><br>Le secteur de la boulangerie-p\u00e2tisserie suisse a beaucoup \u00e0 offrir et il doit le montrer, y compris \u00e0 l\u2019\u00e9chelon international. Nous contribuons de mani\u00e8re significative \u00e0 garantir une formation professionnelle diversifi\u00e9e et de haut niveau, et des m\u00e9tiers cr\u00e9atifs. C\u2019est dans ce domaine que je souhaite m\u2019engager, y compris en tant qu\u2019ambassadeur du chocolat, pour transmettre le plaisir du m\u00e9tier aux jeunes.<\/p>\n\n\n\n<p><strong>Un souhait \u00e0 formuler \u00e0 l\u2019attention des membres de l\u2019association?<\/strong><br>Nous ne parviendrons \u00e0 avancer qu\u2019\u00e0 condition de sortir de nos sch\u00e9mas habituels et d\u2019apporter ensemble les n\u00e9cessaires transformations \u00e0 notre m\u00e9tier. Il est important dans ce contexte d\u2019\u00e9changer entre nous pour comprendre les positions de chacun et rechercher des solutions. Nous devons rester innovants et ouverts \u00e0 la nouveaut\u00e9. Cela n\u00e9cessite que nous soyons attentifs et pr\u00eats \u00e0 nous remettre en question r\u00e9guli\u00e8rement.<a><\/a><\/p>\n\n\n\n<h2 class=\"wp-block-heading\" id=\"h-lisa-frunz-vente\">Lisa Frunz, Vente<\/h2>\n\n\n\n<h3 class=\"wp-block-heading\" id=\"h-51-ans-veuve-1-enfant-direction-de-la-patisserie-confiserie-bebie-lucerne\">51 ans, veuve, 1 enfant, direction de la p\u00e2tisserie-confiserie Bebi\u00e9, Lucerne<\/h3>\n\n\n\n<figure class=\"wp-block-image size-full\"><img decoding=\"async\" width=\"551\" height=\"327\" src=\"https:\/\/swissbaker.ch\/wp-content\/uploads\/2022\/05\/csm_nominierte-lisa-frunz_5c28c24177.jpeg\" alt=\"\" class=\"wp-image-10596\" title=\"\" srcset=\"https:\/\/swissbaker.ch\/wp-content\/uploads\/2022\/05\/csm_nominierte-lisa-frunz_5c28c24177.jpeg 551w, https:\/\/swissbaker.ch\/wp-content\/uploads\/2022\/05\/csm_nominierte-lisa-frunz_5c28c24177-300x178.jpeg 300w\" sizes=\"(max-width: 551px) 100vw, 551px\" \/><\/figure>\n\n\n\n<p><strong>Parcours professionnel<\/strong><\/p>\n\n\n\n<ul class=\"wp-block-list\"><li>Apprentissage de gestionnaire du commerce de d\u00e9tail<\/li><li>Directrice de la filiale, puis responsable de la vente, boulangerie-p\u00e2tisserie Franz Zemp<\/li><li>Formatrice en commerce de d\u00e9tail, Experte examen professionnel et PQ<\/li><li>R\u00e9f\u00e9rente sur les cours interentreprises en commerce de d\u00e9tail, Ecole professionnelle Richemont<\/li><li>Direction de la p\u00e2tisserie-confiserie Bebi\u00e9 \u00e0 Lucerne<\/li><\/ul>\n\n\n\n<p><strong>Formation<\/strong><\/p>\n\n\n\n<ul class=\"wp-block-list\"><li>Sp\u00e9cialiste de la branche<\/li><li>Certificat professionnel<\/li><li>Certificat FSEA<\/li><li>Certification de Mastertrainer<\/li><\/ul>\n\n\n\n<p><strong>Hobbies\/Centres d&#8217;int\u00e9r\u00eat<\/strong><\/p>\n\n\n\n<ul class=\"wp-block-list\"><li>Famille, nature, peinture \u00e0 l\u2019huile<\/li><\/ul>\n\n\n\n<p><strong>Quels objectifs vous fixez-vous?<\/strong><br>Le projet Commerce de d\u00e9tail 2022 va beaucoup nous occuper dans les prochains temps.<br>Je tiens \u00e0 m\u2019engager personnellement dans ce travail avec mes coll\u00e8gues de la commission. Notre secteur a besoin d\u2019experts form\u00e9s, et cela commence d\u00e8s la formation initiale. Mon objectif est que nous parvenions \u00e0 former de plus en plus d\u2019apprentis dans notre secteur.<\/p>\n\n\n\n<p><strong>Un souhait \u00e0 formuler \u00e0 l\u2019attention des membres de l\u2019association? &nbsp;<\/strong><br>Pensez et vivez positivement! Accueillez vos clients avec le sourire!<a><\/a><\/p>\n\n\n\n<h2 class=\"wp-block-heading\" id=\"h-manfred-hasler-region-berne-soleure\">Manfred Hasler, R\u00e9gion Berne\u2013Soleure<\/h2>\n\n\n\n<h3 class=\"wp-block-heading\" id=\"h-42-ans-marie-2-enfants-gerant-ueli-der-beck-ag\">42 ans, mari\u00e9, 2 enfants, G\u00e9rant Ueli der Beck AG<\/h3>\n\n\n\n<figure class=\"wp-block-image size-full\"><img decoding=\"async\" width=\"551\" height=\"327\" src=\"https:\/\/swissbaker.ch\/wp-content\/uploads\/2022\/05\/csm_nominierte-manfred-hasler_f2c5944f5c.jpeg\" alt=\"\" class=\"wp-image-10598\" title=\"\" srcset=\"https:\/\/swissbaker.ch\/wp-content\/uploads\/2022\/05\/csm_nominierte-manfred-hasler_f2c5944f5c.jpeg 551w, https:\/\/swissbaker.ch\/wp-content\/uploads\/2022\/05\/csm_nominierte-manfred-hasler_f2c5944f5c-300x178.jpeg 300w\" sizes=\"(max-width: 551px) 100vw, 551px\" \/><\/figure>\n\n\n\n<p><strong>Parcours professionnel<\/strong><\/p>\n\n\n\n<ul class=\"wp-block-list\"><li>Apprentissage en vente Blaser Caf\u00e9 AG<\/li><li>Acheteur Saint-Gobain<\/li><li>Acheteur Delec AG<\/li><li>Acheteur Sihl AG<\/li><li>Administration Ueli der Beck AG<\/li><li>G\u00e9rant Ueli der Beck AG<\/li><\/ul>\n\n\n\n<p><strong>Formation<\/strong><\/p>\n\n\n\n<ul class=\"wp-block-list\"><li>Ecole professionnelle de commerce<\/li><li>Eurocentres Bournemouth (R.-U.)<\/li><li>Management School IFKS<\/li><li>Dipl\u00f4me de direction d\u2019entreprise<\/li><\/ul>\n\n\n\n<p><strong>Hobbies\/Centres d&#8217;int\u00e9r\u00eat<\/strong><\/p>\n\n\n\n<ul class=\"wp-block-list\"><li>Sport, famille, e-mobilit\u00e9, informatique, politique, \u00e9conomie, cin\u00e9ma<\/li><\/ul>\n\n\n\n<p><strong>Quels objectifs vous fixez-vous?<\/strong><br>Pr\u00e9parer un bel avenir au secteur de la boulangerie-p\u00e2tisserie.<\/p>\n\n\n\n<p><strong>Un souhait \u00e0 formuler \u00e0 l\u2019attention des membres de l\u2019association?<\/strong><br>Soyez actifs et ayez l\u2019esprit d\u2019entreprendre. En participant \u00e0 des \u00e9v\u00e9nements comme la Nuit des boulangers ou la Journ\u00e9e mondiale du pain par exemple. Il nous appartient de soigner notre image et d\u2019attirer l&#8217;attention sur nos m\u00e9tiers. Le nombre de boulangeries-p\u00e2tisseries artisanales, et avec elles celles qui s\u2019engagent, ne cesse de d\u00e9cro\u00eetre. Nous sommes sur une pente dangereuse.<\/p>\n\n\n\n<p><strong>Votre produit pr\u00e9f\u00e9r\u00e9?<\/strong><br>La tarte aux cerises.<a><\/a><\/p>\n\n\n\n<h2 class=\"wp-block-heading\" id=\"h-peter-lyner-region-zurich-schaffhouse\">Peter Lyner, R\u00e9gion Zurich-Schaffhouse<\/h2>\n\n\n\n<h3 class=\"wp-block-heading\" id=\"h-54-ans-marie-2-enfants-proprietaire-beck-lyner\">54 ans, mari\u00e9, 2 enfants, Propri\u00e9taire Beck Lyner<\/h3>\n\n\n\n<figure class=\"wp-block-image size-full\"><img decoding=\"async\" width=\"551\" height=\"327\" src=\"https:\/\/swissbaker.ch\/wp-content\/uploads\/2022\/05\/csm_nominierte-peter-lyner_3ffc444828.jpeg\" alt=\"\" class=\"wp-image-10600\" title=\"\" srcset=\"https:\/\/swissbaker.ch\/wp-content\/uploads\/2022\/05\/csm_nominierte-peter-lyner_3ffc444828.jpeg 551w, https:\/\/swissbaker.ch\/wp-content\/uploads\/2022\/05\/csm_nominierte-peter-lyner_3ffc444828-300x178.jpeg 300w\" sizes=\"(max-width: 551px) 100vw, 551px\" \/><\/figure>\n\n\n\n<p><strong>Parcours professionnel<\/strong><\/p>\n\n\n\n<ul class=\"wp-block-list\"><li>Apprentissage de boulanger-p\u00e2tissier<\/li><li>Boulanger et officier RS\/UOS\/OS<\/li><li>Plusieurs postes de p\u00e2tissier-confiseur en Suisse<\/li><li>P\u00e2tissier aux USA<\/li><li>Reprise de l\u2019entreprise Beck Lyner (Winterthour) 4e g\u00e9n\u00e9ration<\/li><li>Membre du comit\u00e9 directeur de l\u2019association des ma\u00eetres-boulangers de la r\u00e9gion de Winterthour<\/li><li>Pr\u00e9sident&nbsp;Assoc. ma\u00eetres-boulangers &#8211; r\u00e9gion Winterthour<\/li><li>Membre du comit\u00e9 directeur de l\u2019association B\u00e4cker+ Konditormeister, canton Zurich<\/li><li>Pr\u00e9sident ZHBC, membre du CC de la BCS<\/li><\/ul>\n\n\n\n<p><strong>Formation<\/strong><\/p>\n\n\n\n<ul class=\"wp-block-list\"><li>Ecole de commerce<\/li><li>Examen professionnel de boulanger-p\u00e2tissier<\/li><li>SIU<\/li><li>Examen professionnel sup\u00e9rieur<\/li><\/ul>\n\n\n\n<p><strong>Quels objectifs vous fixez-vous?<\/strong><br>Une bonne communication et une bonne information de la r\u00e9gion. Il faut que les souhaits de la base soient pris en compte, que l\u2019association soit au service de ses membres.<\/p>\n\n\n\n<p><strong>Un souhait \u00e0 formuler \u00e0 l\u2019attention des membres de l\u2019association?<\/strong><br>Qu\u2019ils n\u2019h\u00e9sitent pas \u00e0 me solliciter directement.<a><\/a><\/p>\n\n\n\n<h2 class=\"wp-block-heading\" id=\"h-roland-raber-suisse-orientale\">Roland R\u00e4ber, Suisse orientale<\/h2>\n\n\n\n<h3 class=\"wp-block-heading\" id=\"h-44-ans-marie-2-enfants-proprietaire-de-la-boulangerie-patisserie-raber-jona\">44 ans, mari\u00e9, 2 enfants, propri\u00e9taire de la boulangerie-p\u00e2tisserie R\u00e4ber Jona<\/h3>\n\n\n\n<figure class=\"wp-block-image size-full\"><img decoding=\"async\" width=\"551\" height=\"327\" src=\"https:\/\/swissbaker.ch\/wp-content\/uploads\/2022\/05\/csm_nominierte-roland-raeber_3f1ae9c0dc.jpeg\" alt=\"\" class=\"wp-image-10602\" title=\"\" srcset=\"https:\/\/swissbaker.ch\/wp-content\/uploads\/2022\/05\/csm_nominierte-roland-raeber_3f1ae9c0dc.jpeg 551w, https:\/\/swissbaker.ch\/wp-content\/uploads\/2022\/05\/csm_nominierte-roland-raeber_3f1ae9c0dc-300x178.jpeg 300w\" sizes=\"(max-width: 551px) 100vw, 551px\" \/><\/figure>\n\n\n\n<p><strong>Parcours professionnel<\/strong><\/p>\n\n\n\n<ul class=\"wp-block-list\"><li>Apprentissage de boulanger-p\u00e2tissier<\/li><li>Emplois dans diff\u00e9rentes boulangeries<\/li><li>Emploi saisonnier en Tha\u00eflande<\/li><li>Incursion rapide dans l\u2019industrie boulang\u00e8re<\/li><li>Propri\u00e9taire d\u2019une boulangerie-p\u00e2tisserie avec restaurant \u00e0 Jona<\/li><\/ul>\n\n\n\n<p><strong>Formation<\/strong><\/p>\n\n\n\n<ul class=\"wp-block-list\"><li>Examen professionnel<\/li><li>Examen professionnel sup\u00e9rieur<\/li><\/ul>\n\n\n\n<p><strong>Hobbies\/Centres d&#8217;int\u00e9r\u00eat<\/strong><\/p>\n\n\n\n<ul class=\"wp-block-list\"><li>VTT, ski de fond, randonn\u00e9es en montagne, voyages, carnaval<\/li><\/ul>\n\n\n\n<p><strong>Quels objectifs vous fixez-vous?<\/strong><br>En tant que repr\u00e9sentant r\u00e9gional, je trouve important de m\u2019engager pour les int\u00e9r\u00eats de ma r\u00e9gion. C\u2019est la raison pour laquelle je compte particuli\u00e8rement m\u2019engager pour la Suisse orientale. L\u2019appartenance \u00e0 l\u2019association doit rester au c\u0153ur de notre travail. Il&nbsp; s\u2019agit de mettre au point des solutions sectorielles utiles et une bonne CCT, pour maintenir les charges administratives au minimum.<\/p>\n\n\n\n<p><strong>Un souhait \u00e0 formuler \u00e0 l\u2019attention des membres de l\u2019association?<\/strong><br>Pour que l\u2019association connaisse les inqui\u00e9tudes et besoins de ses membres, il est n\u00e9cessaire que ceux-ci les expriment. Il est essentiel que les informations de la base parviennent aux responsables r\u00e9gionaux dans les CC, via les pr\u00e9sidents cantonaux, et inversement.<a><\/a><\/p>\n\n\n\n<h2 class=\"wp-block-heading\" id=\"h-wilhelm-ohnmacht-romandie\">Wilhelm Ohnmacht, Romandie<\/h2>\n\n\n\n<h3 class=\"wp-block-heading\" id=\"h-58-ans-marie-2-enfants-proprietaire-boulangerie-patisserie-des-planches-montreux\">58 ans, mari\u00e9, 2 enfants, propri\u00e9taire Boulangerie-P\u00e2tisserie des Planches, Montreux<\/h3>\n\n\n\n<figure class=\"wp-block-image size-full\"><img decoding=\"async\" width=\"551\" height=\"327\" src=\"https:\/\/swissbaker.ch\/wp-content\/uploads\/2022\/05\/csm_nominierte-wilhelm-ohnmacht_f34b7182ad.jpeg\" alt=\"\" class=\"wp-image-10604\" title=\"\" srcset=\"https:\/\/swissbaker.ch\/wp-content\/uploads\/2022\/05\/csm_nominierte-wilhelm-ohnmacht_f34b7182ad.jpeg 551w, https:\/\/swissbaker.ch\/wp-content\/uploads\/2022\/05\/csm_nominierte-wilhelm-ohnmacht_f34b7182ad-300x178.jpeg 300w\" sizes=\"(max-width: 551px) 100vw, 551px\" \/><\/figure>\n\n\n\n<p><strong>Parcours professionnel<\/strong><\/p>\n\n\n\n<ul class=\"wp-block-list\"><li>Apprentissage de boulanger-p\u00e2tissier<\/li><li>Boulanger-p\u00e2tissier dans diff\u00e9rentes boulangeries<\/li><li>Propri\u00e9taire<\/li><\/ul>\n\n\n\n<p><strong>Formation<\/strong><\/p>\n\n\n\n<ul class=\"wp-block-list\"><li>Examen de ma\u00eetrise<\/li><\/ul>\n\n\n\n<p><strong>Hobbies\/Centres d&#8217;int\u00e9r\u00eat<\/strong><\/p>\n\n\n\n<ul class=\"wp-block-list\"><li>Chien, jardin, cuisine<\/li><\/ul>\n\n\n\n<p><strong>Quels objectifs vous fixez-vous?<\/strong><br>Permettre une information plus rapide et de meilleure qualit\u00e9 des membres. Un traitement plus rapide des demandes de la base.<\/p>\n\n\n\n<p><strong>Un souhait \u00e0 formuler \u00e0 l\u2019attention des membres de l\u2019association?<\/strong><br>Qu\u2019ils ne perdent pas confiance dans l\u2019association et soient convaincus par la nouvelle structure.<\/p>\n\n\n\n<p><strong>Votre produit pr\u00e9f\u00e9r\u00e9?<\/strong><br>Le Panettone.<\/p>\n","protected":false},"excerpt":{"rendered":"<p>Le comit\u00e9 central a accord\u00e9 son soutien aux nomin\u00e9s d\u00e9finitifs. Pr\u00e9sentation des candidats\u2026 \u00ab\u2009panissimo\u2009\u00bb a pos\u00e9 plusieurs questions \u00e0 tous les nomin\u00e9s.&nbsp;Le nouveau comit\u00e9 central est \u00e9galement compos\u00e9 des membres qui suivent du comit\u00e9 transitoire actuel. Il se compose du comit\u00e9 directeur de la BCS, de son comit\u00e9 central, du conseil de fondation de l\u2019\u00e9cole Richemont et de Richemont DL [&hellip;]<\/p>\n","protected":false},"author":1,"featured_media":6245,"comment_status":"open","ping_status":"closed","sticky":false,"template":"","format":"standard","meta":{"_acf_changed":false,"footnotes":""},"categories":[41],"tags":[],"class_list":["post-10567","post","type-post","status-publish","format-standard","has-post-thumbnail","hentry","category-association"],"acf":[],"yoast_head":"<!-- This site is optimized with the Yoast SEO Premium plugin v26.8 (Yoast SEO v26.8) - https:\/\/yoast.com\/product\/yoast-seo-premium-wordpress\/ -->\n<title>Nouveau comit\u00e9 central pour la BCS | SBC<\/title>\n<meta name=\"robots\" content=\"index, follow, max-snippet:-1, max-image-preview:large, max-video-preview:-1\" \/>\n<link rel=\"canonical\" href=\"https:\/\/swissbaker.ch\/fr\/panissimo-news\/nouveau-comite-central-pour-la-bcs\/\" \/>\n<meta property=\"og:locale\" content=\"fr_FR\" \/>\n<meta property=\"og:type\" content=\"article\" \/>\n<meta property=\"og:title\" content=\"Nouveau comit\u00e9 central pour la BCS\" \/>\n<meta property=\"og:description\" content=\"Le comit\u00e9 central a accord\u00e9 son soutien aux nomin\u00e9s d\u00e9finitifs. Pr\u00e9sentation des candidats\u2026 \u00ab\u2009panissimo\u2009\u00bb a pos\u00e9 plusieurs questions \u00e0 tous les nomin\u00e9s.&nbsp;Le nouveau comit\u00e9 central est \u00e9galement compos\u00e9 des membres qui suivent du comit\u00e9 transitoire actuel. Il se compose du comit\u00e9 directeur de la BCS, de son comit\u00e9 central, du conseil de fondation de l\u2019\u00e9cole Richemont et de Richemont DL [&hellip;]\" \/>\n<meta property=\"og:url\" content=\"https:\/\/swissbaker.ch\/fr\/panissimo-news\/nouveau-comite-central-pour-la-bcs\/\" \/>\n<meta property=\"og:site_name\" content=\"SBC\" \/>\n<meta property=\"article:publisher\" content=\"https:\/\/www.facebook.com\/swissbaker.ch\" \/>\n<meta property=\"article:published_time\" content=\"2019-06-12T12:10:00+00:00\" \/>\n<meta property=\"article:modified_time\" content=\"2022-05-24T10:00:38+00:00\" \/>\n<meta property=\"og:image\" content=\"https:\/\/swissbaker.ch\/wp-content\/uploads\/2022\/04\/NL-10.1-Kongress-1.jpg\" \/>\n\t<meta property=\"og:image:width\" content=\"800\" \/>\n\t<meta property=\"og:image:height\" content=\"474\" \/>\n\t<meta property=\"og:image:type\" content=\"image\/jpeg\" \/>\n<meta name=\"author\" content=\"azureart\" \/>\n<meta name=\"twitter:card\" content=\"summary_large_image\" \/>\n<meta name=\"twitter:creator\" content=\"@ch_swissbaker\" \/>\n<meta name=\"twitter:site\" content=\"@ch_swissbaker\" \/>\n<meta name=\"twitter:label1\" content=\"Written by\" \/>\n\t<meta name=\"twitter:data1\" content=\"azureart\" \/>\n\t<meta name=\"twitter:label2\" content=\"Est. reading time\" \/>\n\t<meta name=\"twitter:data2\" content=\"14 minutes\" \/>\n<script type=\"application\/ld+json\" class=\"yoast-schema-graph\">{\"@context\":\"https:\/\/schema.org\",\"@graph\":[{\"@type\":\"Article\",\"@id\":\"https:\/\/swissbaker.ch\/fr\/panissimo-news\/nouveau-comite-central-pour-la-bcs\/#article\",\"isPartOf\":{\"@id\":\"https:\/\/swissbaker.ch\/fr\/panissimo-news\/nouveau-comite-central-pour-la-bcs\/\"},\"author\":{\"name\":\"azureart\",\"@id\":\"https:\/\/swissbaker.ch\/fr\/#\/schema\/person\/058ac47619f7da53df62aba60f939b78\"},\"headline\":\"Nouveau comit\u00e9 central pour la BCS\",\"datePublished\":\"2019-06-12T12:10:00+00:00\",\"dateModified\":\"2022-05-24T10:00:38+00:00\",\"mainEntityOfPage\":{\"@id\":\"https:\/\/swissbaker.ch\/fr\/panissimo-news\/nouveau-comite-central-pour-la-bcs\/\"},\"wordCount\":1871,\"commentCount\":0,\"publisher\":{\"@id\":\"https:\/\/swissbaker.ch\/fr\/#organization\"},\"image\":{\"@id\":\"https:\/\/swissbaker.ch\/fr\/panissimo-news\/nouveau-comite-central-pour-la-bcs\/#primaryimage\"},\"thumbnailUrl\":\"https:\/\/swissbaker.ch\/wp-content\/uploads\/2022\/04\/NL-10.1-Kongress-1.jpg\",\"articleSection\":[\"Association\"],\"inLanguage\":\"fr-FR\",\"potentialAction\":[{\"@type\":\"CommentAction\",\"name\":\"Comment\",\"target\":[\"https:\/\/swissbaker.ch\/fr\/panissimo-news\/nouveau-comite-central-pour-la-bcs\/#respond\"]}]},{\"@type\":\"WebPage\",\"@id\":\"https:\/\/swissbaker.ch\/fr\/panissimo-news\/nouveau-comite-central-pour-la-bcs\/\",\"url\":\"https:\/\/swissbaker.ch\/fr\/panissimo-news\/nouveau-comite-central-pour-la-bcs\/\",\"name\":\"Nouveau comit\u00e9 central pour la BCS | SBC\",\"isPartOf\":{\"@id\":\"https:\/\/swissbaker.ch\/fr\/#website\"},\"primaryImageOfPage\":{\"@id\":\"https:\/\/swissbaker.ch\/fr\/panissimo-news\/nouveau-comite-central-pour-la-bcs\/#primaryimage\"},\"image\":{\"@id\":\"https:\/\/swissbaker.ch\/fr\/panissimo-news\/nouveau-comite-central-pour-la-bcs\/#primaryimage\"},\"thumbnailUrl\":\"https:\/\/swissbaker.ch\/wp-content\/uploads\/2022\/04\/NL-10.1-Kongress-1.jpg\",\"datePublished\":\"2019-06-12T12:10:00+00:00\",\"dateModified\":\"2022-05-24T10:00:38+00:00\",\"breadcrumb\":{\"@id\":\"https:\/\/swissbaker.ch\/fr\/panissimo-news\/nouveau-comite-central-pour-la-bcs\/#breadcrumb\"},\"inLanguage\":\"fr-FR\",\"potentialAction\":[{\"@type\":\"ReadAction\",\"target\":[\"https:\/\/swissbaker.ch\/fr\/panissimo-news\/nouveau-comite-central-pour-la-bcs\/\"]}]},{\"@type\":\"ImageObject\",\"inLanguage\":\"fr-FR\",\"@id\":\"https:\/\/swissbaker.ch\/fr\/panissimo-news\/nouveau-comite-central-pour-la-bcs\/#primaryimage\",\"url\":\"https:\/\/swissbaker.ch\/wp-content\/uploads\/2022\/04\/NL-10.1-Kongress-1.jpg\",\"contentUrl\":\"https:\/\/swissbaker.ch\/wp-content\/uploads\/2022\/04\/NL-10.1-Kongress-1.jpg\",\"width\":800,\"height\":474,\"caption\":\"Nouveau comit\u00e9 central pour la BCS\"},{\"@type\":\"BreadcrumbList\",\"@id\":\"https:\/\/swissbaker.ch\/fr\/panissimo-news\/nouveau-comite-central-pour-la-bcs\/#breadcrumb\",\"itemListElement\":[{\"@type\":\"ListItem\",\"position\":1,\"name\":\"\",\"item\":\"https:\/\/swissbaker.ch\/fr\/\"},{\"@type\":\"ListItem\",\"position\":2,\"name\":\"Association\",\"item\":\"https:\/\/swissbaker.ch\/fr\/panissimo-news\/category\/association\/\"},{\"@type\":\"ListItem\",\"position\":3,\"name\":\"Nouveau comit\u00e9 central pour la BCS\"}]},{\"@type\":\"WebSite\",\"@id\":\"https:\/\/swissbaker.ch\/fr\/#website\",\"url\":\"https:\/\/swissbaker.ch\/fr\/\",\"name\":\"SBC\",\"description\":\"\",\"publisher\":{\"@id\":\"https:\/\/swissbaker.ch\/fr\/#organization\"},\"potentialAction\":[{\"@type\":\"SearchAction\",\"target\":{\"@type\":\"EntryPoint\",\"urlTemplate\":\"https:\/\/swissbaker.ch\/fr\/?s={search_term_string}\"},\"query-input\":{\"@type\":\"PropertyValueSpecification\",\"valueRequired\":true,\"valueName\":\"search_term_string\"}}],\"inLanguage\":\"fr-FR\"},{\"@type\":\"Organization\",\"@id\":\"https:\/\/swissbaker.ch\/fr\/#organization\",\"name\":\"Schweizerischer B\u00e4cker-Confiseurmeister-Verband\",\"url\":\"https:\/\/swissbaker.ch\/fr\/\",\"logo\":{\"@type\":\"ImageObject\",\"inLanguage\":\"fr-FR\",\"@id\":\"https:\/\/swissbaker.ch\/fr\/#\/schema\/logo\/image\/\",\"url\":\"https:\/\/swissbaker.ch\/wp-content\/uploads\/2022\/04\/sbc-logo-yoast.jpg\",\"contentUrl\":\"https:\/\/swissbaker.ch\/wp-content\/uploads\/2022\/04\/sbc-logo-yoast.jpg\",\"width\":512,\"height\":512,\"caption\":\"Schweizerischer B\u00e4cker-Confiseurmeister-Verband\"},\"image\":{\"@id\":\"https:\/\/swissbaker.ch\/fr\/#\/schema\/logo\/image\/\"},\"sameAs\":[\"https:\/\/www.facebook.com\/swissbaker.ch\",\"https:\/\/x.com\/ch_swissbaker\"]},{\"@type\":\"Person\",\"@id\":\"https:\/\/swissbaker.ch\/fr\/#\/schema\/person\/058ac47619f7da53df62aba60f939b78\",\"name\":\"azureart\",\"image\":{\"@type\":\"ImageObject\",\"inLanguage\":\"fr-FR\",\"@id\":\"https:\/\/swissbaker.ch\/fr\/#\/schema\/person\/image\/\",\"url\":\"https:\/\/secure.gravatar.com\/avatar\/be04dd3098fd612c83067af4f7a295384c93cb6a9112f51beb9d2f477d25da61?s=96&d=mm&r=g\",\"contentUrl\":\"https:\/\/secure.gravatar.com\/avatar\/be04dd3098fd612c83067af4f7a295384c93cb6a9112f51beb9d2f477d25da61?s=96&d=mm&r=g\",\"caption\":\"azureart\"},\"sameAs\":[\"https:\/\/swissbaker.ch\"],\"url\":\"https:\/\/swissbaker.ch\/fr\/panissimo-news\/author\/pixel-ahoi\/\"}]}<\/script>\n<!-- \/ Yoast SEO Premium plugin. -->","yoast_head_json":{"title":"Nouveau comit\u00e9 central pour la BCS | SBC","robots":{"index":"index","follow":"follow","max-snippet":"max-snippet:-1","max-image-preview":"max-image-preview:large","max-video-preview":"max-video-preview:-1"},"canonical":"https:\/\/swissbaker.ch\/fr\/panissimo-news\/nouveau-comite-central-pour-la-bcs\/","og_locale":"fr_FR","og_type":"article","og_title":"Nouveau comit\u00e9 central pour la BCS","og_description":"Le comit\u00e9 central a accord\u00e9 son soutien aux nomin\u00e9s d\u00e9finitifs. Pr\u00e9sentation des candidats\u2026 \u00ab\u2009panissimo\u2009\u00bb a pos\u00e9 plusieurs questions \u00e0 tous les nomin\u00e9s.&nbsp;Le nouveau comit\u00e9 central est \u00e9galement compos\u00e9 des membres qui suivent du comit\u00e9 transitoire actuel. Il se compose du comit\u00e9 directeur de la BCS, de son comit\u00e9 central, du conseil de fondation de l\u2019\u00e9cole Richemont et de Richemont DL [&hellip;]","og_url":"https:\/\/swissbaker.ch\/fr\/panissimo-news\/nouveau-comite-central-pour-la-bcs\/","og_site_name":"SBC","article_publisher":"https:\/\/www.facebook.com\/swissbaker.ch","article_published_time":"2019-06-12T12:10:00+00:00","article_modified_time":"2022-05-24T10:00:38+00:00","og_image":[{"width":800,"height":474,"url":"https:\/\/swissbaker.ch\/wp-content\/uploads\/2022\/04\/NL-10.1-Kongress-1.jpg","type":"image\/jpeg"}],"author":"azureart","twitter_card":"summary_large_image","twitter_creator":"@ch_swissbaker","twitter_site":"@ch_swissbaker","twitter_misc":{"Written by":"azureart","Est. reading time":"14 minutes"},"schema":{"@context":"https:\/\/schema.org","@graph":[{"@type":"Article","@id":"https:\/\/swissbaker.ch\/fr\/panissimo-news\/nouveau-comite-central-pour-la-bcs\/#article","isPartOf":{"@id":"https:\/\/swissbaker.ch\/fr\/panissimo-news\/nouveau-comite-central-pour-la-bcs\/"},"author":{"name":"azureart","@id":"https:\/\/swissbaker.ch\/fr\/#\/schema\/person\/058ac47619f7da53df62aba60f939b78"},"headline":"Nouveau comit\u00e9 central pour la BCS","datePublished":"2019-06-12T12:10:00+00:00","dateModified":"2022-05-24T10:00:38+00:00","mainEntityOfPage":{"@id":"https:\/\/swissbaker.ch\/fr\/panissimo-news\/nouveau-comite-central-pour-la-bcs\/"},"wordCount":1871,"commentCount":0,"publisher":{"@id":"https:\/\/swissbaker.ch\/fr\/#organization"},"image":{"@id":"https:\/\/swissbaker.ch\/fr\/panissimo-news\/nouveau-comite-central-pour-la-bcs\/#primaryimage"},"thumbnailUrl":"https:\/\/swissbaker.ch\/wp-content\/uploads\/2022\/04\/NL-10.1-Kongress-1.jpg","articleSection":["Association"],"inLanguage":"fr-FR","potentialAction":[{"@type":"CommentAction","name":"Comment","target":["https:\/\/swissbaker.ch\/fr\/panissimo-news\/nouveau-comite-central-pour-la-bcs\/#respond"]}]},{"@type":"WebPage","@id":"https:\/\/swissbaker.ch\/fr\/panissimo-news\/nouveau-comite-central-pour-la-bcs\/","url":"https:\/\/swissbaker.ch\/fr\/panissimo-news\/nouveau-comite-central-pour-la-bcs\/","name":"Nouveau comit\u00e9 central pour la BCS | SBC","isPartOf":{"@id":"https:\/\/swissbaker.ch\/fr\/#website"},"primaryImageOfPage":{"@id":"https:\/\/swissbaker.ch\/fr\/panissimo-news\/nouveau-comite-central-pour-la-bcs\/#primaryimage"},"image":{"@id":"https:\/\/swissbaker.ch\/fr\/panissimo-news\/nouveau-comite-central-pour-la-bcs\/#primaryimage"},"thumbnailUrl":"https:\/\/swissbaker.ch\/wp-content\/uploads\/2022\/04\/NL-10.1-Kongress-1.jpg","datePublished":"2019-06-12T12:10:00+00:00","dateModified":"2022-05-24T10:00:38+00:00","breadcrumb":{"@id":"https:\/\/swissbaker.ch\/fr\/panissimo-news\/nouveau-comite-central-pour-la-bcs\/#breadcrumb"},"inLanguage":"fr-FR","potentialAction":[{"@type":"ReadAction","target":["https:\/\/swissbaker.ch\/fr\/panissimo-news\/nouveau-comite-central-pour-la-bcs\/"]}]},{"@type":"ImageObject","inLanguage":"fr-FR","@id":"https:\/\/swissbaker.ch\/fr\/panissimo-news\/nouveau-comite-central-pour-la-bcs\/#primaryimage","url":"https:\/\/swissbaker.ch\/wp-content\/uploads\/2022\/04\/NL-10.1-Kongress-1.jpg","contentUrl":"https:\/\/swissbaker.ch\/wp-content\/uploads\/2022\/04\/NL-10.1-Kongress-1.jpg","width":800,"height":474,"caption":"Nouveau comit\u00e9 central pour la BCS"},{"@type":"BreadcrumbList","@id":"https:\/\/swissbaker.ch\/fr\/panissimo-news\/nouveau-comite-central-pour-la-bcs\/#breadcrumb","itemListElement":[{"@type":"ListItem","position":1,"name":"","item":"https:\/\/swissbaker.ch\/fr\/"},{"@type":"ListItem","position":2,"name":"Association","item":"https:\/\/swissbaker.ch\/fr\/panissimo-news\/category\/association\/"},{"@type":"ListItem","position":3,"name":"Nouveau comit\u00e9 central pour la BCS"}]},{"@type":"WebSite","@id":"https:\/\/swissbaker.ch\/fr\/#website","url":"https:\/\/swissbaker.ch\/fr\/","name":"SBC","description":"","publisher":{"@id":"https:\/\/swissbaker.ch\/fr\/#organization"},"potentialAction":[{"@type":"SearchAction","target":{"@type":"EntryPoint","urlTemplate":"https:\/\/swissbaker.ch\/fr\/?s={search_term_string}"},"query-input":{"@type":"PropertyValueSpecification","valueRequired":true,"valueName":"search_term_string"}}],"inLanguage":"fr-FR"},{"@type":"Organization","@id":"https:\/\/swissbaker.ch\/fr\/#organization","name":"Schweizerischer B\u00e4cker-Confiseurmeister-Verband","url":"https:\/\/swissbaker.ch\/fr\/","logo":{"@type":"ImageObject","inLanguage":"fr-FR","@id":"https:\/\/swissbaker.ch\/fr\/#\/schema\/logo\/image\/","url":"https:\/\/swissbaker.ch\/wp-content\/uploads\/2022\/04\/sbc-logo-yoast.jpg","contentUrl":"https:\/\/swissbaker.ch\/wp-content\/uploads\/2022\/04\/sbc-logo-yoast.jpg","width":512,"height":512,"caption":"Schweizerischer B\u00e4cker-Confiseurmeister-Verband"},"image":{"@id":"https:\/\/swissbaker.ch\/fr\/#\/schema\/logo\/image\/"},"sameAs":["https:\/\/www.facebook.com\/swissbaker.ch","https:\/\/x.com\/ch_swissbaker"]},{"@type":"Person","@id":"https:\/\/swissbaker.ch\/fr\/#\/schema\/person\/058ac47619f7da53df62aba60f939b78","name":"azureart","image":{"@type":"ImageObject","inLanguage":"fr-FR","@id":"https:\/\/swissbaker.ch\/fr\/#\/schema\/person\/image\/","url":"https:\/\/secure.gravatar.com\/avatar\/be04dd3098fd612c83067af4f7a295384c93cb6a9112f51beb9d2f477d25da61?s=96&d=mm&r=g","contentUrl":"https:\/\/secure.gravatar.com\/avatar\/be04dd3098fd612c83067af4f7a295384c93cb6a9112f51beb9d2f477d25da61?s=96&d=mm&r=g","caption":"azureart"},"sameAs":["https:\/\/swissbaker.ch"],"url":"https:\/\/swissbaker.ch\/fr\/panissimo-news\/author\/pixel-ahoi\/"}]}},"_links":{"self":[{"href":"https:\/\/swissbaker.ch\/fr\/wp-json\/wp\/v2\/posts\/10567","targetHints":{"allow":["GET"]}}],"collection":[{"href":"https:\/\/swissbaker.ch\/fr\/wp-json\/wp\/v2\/posts"}],"about":[{"href":"https:\/\/swissbaker.ch\/fr\/wp-json\/wp\/v2\/types\/post"}],"author":[{"embeddable":true,"href":"https:\/\/swissbaker.ch\/fr\/wp-json\/wp\/v2\/users\/1"}],"replies":[{"embeddable":true,"href":"https:\/\/swissbaker.ch\/fr\/wp-json\/wp\/v2\/comments?post=10567"}],"version-history":[{"count":0,"href":"https:\/\/swissbaker.ch\/fr\/wp-json\/wp\/v2\/posts\/10567\/revisions"}],"wp:featuredmedia":[{"embeddable":true,"href":"https:\/\/swissbaker.ch\/fr\/wp-json\/wp\/v2\/media\/6245"}],"wp:attachment":[{"href":"https:\/\/swissbaker.ch\/fr\/wp-json\/wp\/v2\/media?parent=10567"}],"wp:term":[{"taxonomy":"category","embeddable":true,"href":"https:\/\/swissbaker.ch\/fr\/wp-json\/wp\/v2\/categories?post=10567"},{"taxonomy":"post_tag","embeddable":true,"href":"https:\/\/swissbaker.ch\/fr\/wp-json\/wp\/v2\/tags?post=10567"}],"curies":[{"name":"wp","href":"https:\/\/api.w.org\/{rel}","templated":true}]}}