{"id":10541,"date":"2019-06-25T13:47:00","date_gmt":"2019-06-25T11:47:00","guid":{"rendered":"https:\/\/swissbaker.ch\/?p=10541"},"modified":"2022-05-20T16:41:57","modified_gmt":"2022-05-20T14:41:57","slug":"un-grand-merci-pour-votre-confiance","status":"publish","type":"post","link":"https:\/\/swissbaker.ch\/fr\/panissimo-news\/un-grand-merci-pour-votre-confiance\/","title":{"rendered":"Un grand merci pour votre confiance"},"content":{"rendered":"\n<p>Le congr\u00e8s a approuv\u00e9 \u00e0 une large majorit\u00e9 le processus de r\u00e9organisation \u00ab\u2009Reload\u2009\u00bb. Il a ainsi \u00e9crit l\u2019histoire de l\u2019association. Au nom de l\u2019organisation transitoire et du nouveau comit\u00e9 central, nous remercions les d\u00e9l\u00e9gu\u00e9s, mais aussi les responsables des associations cantonales et r\u00e9gionales de la confiance qu\u2019ils nous ont accord\u00e9e. Nous sommes fermement convaincus d\u2019avoir franchi une \u00e9tape importante, absolument n\u00e9cessaire pour l\u2019avenir\u2009: nous pouvons d\u00e9sormais continuer \u00e0 agir en tant qu\u2019association sectorielle forte et importante, fid\u00e8les \u00e0 notre devise\u2009: l\u2019union fait la force.<br>Meilleur soutien<br>possible pour les membres<br>Le but supr\u00eame absolu du nouveau comit\u00e9 central, du comit\u00e9 directeur de l\u2019association et de l\u2019Ecole professionnelle Richemont est le suivant\u2009: offrir \u00e0 nos membres un solide soutien, le meilleur possible avec nos services, dans un contexte de march\u00e9 toujours plus concurrentiel, que leur entreprise soit petite ou grande. Tous sont importants pour nous\u2009! Nous savons bien que la t\u00e2che est exigeante\u2009; mais\u2009: nous y arriverons\u2009! Parce qu\u2019avec l\u2019offre de services de votre association, de ses institutions (la SBC Fiduciaire et la Panvica) et de l\u2019Ecole professionnelle Richemont, nous pouvons vous offrir le meilleur soutien possible pour un d\u00e9veloppement fructueux. Mais pour ce faire, l\u2019offre doit \u00eatre mise \u00e0 profit\u2009!<br>Communication transparente<br>L\u2019une des pr\u00e9occupations majeures de nos membres, surtout apr\u00e8s cette r\u00e9organisation, a trait \u00e0 une communication transparente et actuelle avec la base. Nous la partageons \u00e9galement. Nous avons d\u00e9j\u00e0 op\u00e9r\u00e9 beaucoup de changements, obtenu d\u2019importants r\u00e9sultats, et \u00e9largi nos canaux de communication ces deux derni\u00e8res ann\u00e9es. Dans le cadre du processus de concentration \u00ab\u2009Reload\u2009\u00bb, nous allons devoir relever des d\u00e9fis suppl\u00e9mentaires en mati\u00e8re de communication avec le nouveau comit\u00e9 central. Nous nous y sommes pr\u00e9par\u00e9s.<\/p>\n\n\n\n<h2 class=\"wp-block-heading\" id=\"h-unir-nos-forces\">Unir nos forces<\/h2>\n\n\n\n<p>\u00ab\u2009Reload\u2009\u00bb ne se termine pas avec l\u2019approbation du congr\u00e8s. Nous continuons \u00e0 envisager des moyens d\u2019unir nos forces au sein de l\u2019association, en vue d\u2019optimiser les ressources humaines et financi\u00e8res\u2009; pour le bien de nos membres. Pour que cet engagement porte ses fruits, nous devons tous nous mobiliser pour l\u2019association en nous solidarisant et nous concentrant sur nos int\u00e9r\u00eats communs, et en pers\u00e9v\u00e9rant. Le fait de se cantonner \u00e0 un r\u00f4le de spectateurs, le manque de soutien et les ergotages mesquins ne font pas qu\u2019affaiblir notre association, ils restreignent aussi nos possibilit\u00e9s de pr\u00e9senter et d\u00e9fendre efficacement des revendications l\u00e9gitimes.<br>Nous nous engageons pour vous avec conviction entrepreneuriale, pour que vous puissiez gagner votre argent plus facilement, et avec moins de charges administratives.<br>Profitons de l\u2019\u00e9lan, du sentiment de solidarit\u00e9, et de la force que nous avons ressentis pendant les deux jours de congr\u00e8s. Relevons ensemble les d\u00e9fis \u00e0 venir. Tout ne se passera pas toujours comme pr\u00e9vu, mais nous allons discuter des probl\u00e8mes, y r\u00e9fl\u00e9chir et progresser en la mati\u00e8re. Nous nous r\u00e9jouissons de notre collaboration future.<br>Nous nous tenons \u00e0 votre enti\u00e8re disposition en cas de demandes, nous sommes l\u00e0 pour vous.<\/p>\n\n\n\n<p>Silvan Hotz, pr\u00e9sident de la BCS,<br>Urs Wellauer, directeur<\/p>\n","protected":false},"excerpt":{"rendered":"<p>Le congr\u00e8s a approuv\u00e9 \u00e0 une large majorit\u00e9 le processus de r\u00e9organisation \u00ab\u2009Reload\u2009\u00bb. Il a ainsi \u00e9crit l\u2019histoire de l\u2019association. Au nom de l\u2019organisation transitoire et du nouveau comit\u00e9 central, nous remercions les d\u00e9l\u00e9gu\u00e9s, mais aussi les responsables des associations cantonales et r\u00e9gionales de la confiance qu\u2019ils nous ont accord\u00e9e. Nous sommes fermement convaincus d\u2019avoir franchi une \u00e9tape importante, absolument [&hellip;]<\/p>\n","protected":false},"author":1,"featured_media":6205,"comment_status":"open","ping_status":"closed","sticky":false,"template":"","format":"standard","meta":{"_acf_changed":false,"footnotes":""},"categories":[41],"tags":[],"class_list":["post-10541","post","type-post","status-publish","format-standard","has-post-thumbnail","hentry","category-association"],"acf":[],"yoast_head":"<!-- This site is optimized with the Yoast SEO Premium plugin v26.8 (Yoast SEO v26.8) - https:\/\/yoast.com\/product\/yoast-seo-premium-wordpress\/ -->\n<title>Un grand merci pour votre confiance | SBC<\/title>\n<meta name=\"robots\" content=\"index, follow, max-snippet:-1, max-image-preview:large, max-video-preview:-1\" \/>\n<link rel=\"canonical\" href=\"https:\/\/swissbaker.ch\/fr\/panissimo-news\/un-grand-merci-pour-votre-confiance\/\" \/>\n<meta property=\"og:locale\" content=\"fr_FR\" \/>\n<meta property=\"og:type\" content=\"article\" \/>\n<meta property=\"og:title\" content=\"Un grand merci pour votre confiance\" \/>\n<meta property=\"og:description\" content=\"Le congr\u00e8s a approuv\u00e9 \u00e0 une large majorit\u00e9 le processus de r\u00e9organisation \u00ab\u2009Reload\u2009\u00bb. Il a ainsi \u00e9crit l\u2019histoire de l\u2019association. Au nom de l\u2019organisation transitoire et du nouveau comit\u00e9 central, nous remercions les d\u00e9l\u00e9gu\u00e9s, mais aussi les responsables des associations cantonales et r\u00e9gionales de la confiance qu\u2019ils nous ont accord\u00e9e. Nous sommes fermement convaincus d\u2019avoir franchi une \u00e9tape importante, absolument [&hellip;]\" \/>\n<meta property=\"og:url\" content=\"https:\/\/swissbaker.ch\/fr\/panissimo-news\/un-grand-merci-pour-votre-confiance\/\" \/>\n<meta property=\"og:site_name\" content=\"SBC\" \/>\n<meta property=\"article:publisher\" content=\"https:\/\/www.facebook.com\/swissbaker.ch\" \/>\n<meta property=\"article:published_time\" content=\"2019-06-25T11:47:00+00:00\" \/>\n<meta property=\"article:modified_time\" content=\"2022-05-20T14:41:57+00:00\" \/>\n<meta property=\"og:image\" content=\"https:\/\/swissbaker.ch\/wp-content\/uploads\/2022\/04\/NL-13.1-Leitartikel.jpg\" \/>\n\t<meta property=\"og:image:width\" content=\"800\" \/>\n\t<meta property=\"og:image:height\" content=\"474\" \/>\n\t<meta property=\"og:image:type\" content=\"image\/jpeg\" \/>\n<meta name=\"author\" content=\"azureart\" \/>\n<meta name=\"twitter:card\" content=\"summary_large_image\" \/>\n<meta name=\"twitter:creator\" content=\"@ch_swissbaker\" \/>\n<meta name=\"twitter:site\" content=\"@ch_swissbaker\" \/>\n<meta name=\"twitter:label1\" content=\"Written by\" \/>\n\t<meta name=\"twitter:data1\" content=\"azureart\" \/>\n\t<meta name=\"twitter:label2\" content=\"Est. reading time\" \/>\n\t<meta name=\"twitter:data2\" content=\"3 minutes\" \/>\n<script type=\"application\/ld+json\" class=\"yoast-schema-graph\">{\"@context\":\"https:\/\/schema.org\",\"@graph\":[{\"@type\":\"Article\",\"@id\":\"https:\/\/swissbaker.ch\/fr\/panissimo-news\/un-grand-merci-pour-votre-confiance\/#article\",\"isPartOf\":{\"@id\":\"https:\/\/swissbaker.ch\/fr\/panissimo-news\/un-grand-merci-pour-votre-confiance\/\"},\"author\":{\"name\":\"azureart\",\"@id\":\"https:\/\/swissbaker.ch\/fr\/#\/schema\/person\/058ac47619f7da53df62aba60f939b78\"},\"headline\":\"Un grand merci pour votre confiance\",\"datePublished\":\"2019-06-25T11:47:00+00:00\",\"dateModified\":\"2022-05-20T14:41:57+00:00\",\"mainEntityOfPage\":{\"@id\":\"https:\/\/swissbaker.ch\/fr\/panissimo-news\/un-grand-merci-pour-votre-confiance\/\"},\"wordCount\":546,\"commentCount\":0,\"publisher\":{\"@id\":\"https:\/\/swissbaker.ch\/fr\/#organization\"},\"image\":{\"@id\":\"https:\/\/swissbaker.ch\/fr\/panissimo-news\/un-grand-merci-pour-votre-confiance\/#primaryimage\"},\"thumbnailUrl\":\"https:\/\/swissbaker.ch\/wp-content\/uploads\/2022\/04\/NL-13.1-Leitartikel.jpg\",\"articleSection\":[\"Association\"],\"inLanguage\":\"fr-FR\",\"potentialAction\":[{\"@type\":\"CommentAction\",\"name\":\"Comment\",\"target\":[\"https:\/\/swissbaker.ch\/fr\/panissimo-news\/un-grand-merci-pour-votre-confiance\/#respond\"]}]},{\"@type\":\"WebPage\",\"@id\":\"https:\/\/swissbaker.ch\/fr\/panissimo-news\/un-grand-merci-pour-votre-confiance\/\",\"url\":\"https:\/\/swissbaker.ch\/fr\/panissimo-news\/un-grand-merci-pour-votre-confiance\/\",\"name\":\"Un grand merci pour votre confiance | SBC\",\"isPartOf\":{\"@id\":\"https:\/\/swissbaker.ch\/fr\/#website\"},\"primaryImageOfPage\":{\"@id\":\"https:\/\/swissbaker.ch\/fr\/panissimo-news\/un-grand-merci-pour-votre-confiance\/#primaryimage\"},\"image\":{\"@id\":\"https:\/\/swissbaker.ch\/fr\/panissimo-news\/un-grand-merci-pour-votre-confiance\/#primaryimage\"},\"thumbnailUrl\":\"https:\/\/swissbaker.ch\/wp-content\/uploads\/2022\/04\/NL-13.1-Leitartikel.jpg\",\"datePublished\":\"2019-06-25T11:47:00+00:00\",\"dateModified\":\"2022-05-20T14:41:57+00:00\",\"breadcrumb\":{\"@id\":\"https:\/\/swissbaker.ch\/fr\/panissimo-news\/un-grand-merci-pour-votre-confiance\/#breadcrumb\"},\"inLanguage\":\"fr-FR\",\"potentialAction\":[{\"@type\":\"ReadAction\",\"target\":[\"https:\/\/swissbaker.ch\/fr\/panissimo-news\/un-grand-merci-pour-votre-confiance\/\"]}]},{\"@type\":\"ImageObject\",\"inLanguage\":\"fr-FR\",\"@id\":\"https:\/\/swissbaker.ch\/fr\/panissimo-news\/un-grand-merci-pour-votre-confiance\/#primaryimage\",\"url\":\"https:\/\/swissbaker.ch\/wp-content\/uploads\/2022\/04\/NL-13.1-Leitartikel.jpg\",\"contentUrl\":\"https:\/\/swissbaker.ch\/wp-content\/uploads\/2022\/04\/NL-13.1-Leitartikel.jpg\",\"width\":800,\"height\":474,\"caption\":\"Un grand merci pour votre confiance\"},{\"@type\":\"BreadcrumbList\",\"@id\":\"https:\/\/swissbaker.ch\/fr\/panissimo-news\/un-grand-merci-pour-votre-confiance\/#breadcrumb\",\"itemListElement\":[{\"@type\":\"ListItem\",\"position\":1,\"name\":\"\",\"item\":\"https:\/\/swissbaker.ch\/fr\/\"},{\"@type\":\"ListItem\",\"position\":2,\"name\":\"Association\",\"item\":\"https:\/\/swissbaker.ch\/fr\/panissimo-news\/category\/association\/\"},{\"@type\":\"ListItem\",\"position\":3,\"name\":\"Un grand merci pour votre confiance\"}]},{\"@type\":\"WebSite\",\"@id\":\"https:\/\/swissbaker.ch\/fr\/#website\",\"url\":\"https:\/\/swissbaker.ch\/fr\/\",\"name\":\"SBC\",\"description\":\"\",\"publisher\":{\"@id\":\"https:\/\/swissbaker.ch\/fr\/#organization\"},\"potentialAction\":[{\"@type\":\"SearchAction\",\"target\":{\"@type\":\"EntryPoint\",\"urlTemplate\":\"https:\/\/swissbaker.ch\/fr\/?s={search_term_string}\"},\"query-input\":{\"@type\":\"PropertyValueSpecification\",\"valueRequired\":true,\"valueName\":\"search_term_string\"}}],\"inLanguage\":\"fr-FR\"},{\"@type\":\"Organization\",\"@id\":\"https:\/\/swissbaker.ch\/fr\/#organization\",\"name\":\"Schweizerischer B\u00e4cker-Confiseurmeister-Verband\",\"url\":\"https:\/\/swissbaker.ch\/fr\/\",\"logo\":{\"@type\":\"ImageObject\",\"inLanguage\":\"fr-FR\",\"@id\":\"https:\/\/swissbaker.ch\/fr\/#\/schema\/logo\/image\/\",\"url\":\"https:\/\/swissbaker.ch\/wp-content\/uploads\/2022\/04\/sbc-logo-yoast.jpg\",\"contentUrl\":\"https:\/\/swissbaker.ch\/wp-content\/uploads\/2022\/04\/sbc-logo-yoast.jpg\",\"width\":512,\"height\":512,\"caption\":\"Schweizerischer B\u00e4cker-Confiseurmeister-Verband\"},\"image\":{\"@id\":\"https:\/\/swissbaker.ch\/fr\/#\/schema\/logo\/image\/\"},\"sameAs\":[\"https:\/\/www.facebook.com\/swissbaker.ch\",\"https:\/\/x.com\/ch_swissbaker\"]},{\"@type\":\"Person\",\"@id\":\"https:\/\/swissbaker.ch\/fr\/#\/schema\/person\/058ac47619f7da53df62aba60f939b78\",\"name\":\"azureart\",\"image\":{\"@type\":\"ImageObject\",\"inLanguage\":\"fr-FR\",\"@id\":\"https:\/\/swissbaker.ch\/fr\/#\/schema\/person\/image\/\",\"url\":\"https:\/\/secure.gravatar.com\/avatar\/be04dd3098fd612c83067af4f7a295384c93cb6a9112f51beb9d2f477d25da61?s=96&d=mm&r=g\",\"contentUrl\":\"https:\/\/secure.gravatar.com\/avatar\/be04dd3098fd612c83067af4f7a295384c93cb6a9112f51beb9d2f477d25da61?s=96&d=mm&r=g\",\"caption\":\"azureart\"},\"sameAs\":[\"https:\/\/swissbaker.ch\"],\"url\":\"https:\/\/swissbaker.ch\/fr\/panissimo-news\/author\/pixel-ahoi\/\"}]}<\/script>\n<!-- \/ Yoast SEO Premium plugin. -->","yoast_head_json":{"title":"Un grand merci pour votre confiance | SBC","robots":{"index":"index","follow":"follow","max-snippet":"max-snippet:-1","max-image-preview":"max-image-preview:large","max-video-preview":"max-video-preview:-1"},"canonical":"https:\/\/swissbaker.ch\/fr\/panissimo-news\/un-grand-merci-pour-votre-confiance\/","og_locale":"fr_FR","og_type":"article","og_title":"Un grand merci pour votre confiance","og_description":"Le congr\u00e8s a approuv\u00e9 \u00e0 une large majorit\u00e9 le processus de r\u00e9organisation \u00ab\u2009Reload\u2009\u00bb. Il a ainsi \u00e9crit l\u2019histoire de l\u2019association. Au nom de l\u2019organisation transitoire et du nouveau comit\u00e9 central, nous remercions les d\u00e9l\u00e9gu\u00e9s, mais aussi les responsables des associations cantonales et r\u00e9gionales de la confiance qu\u2019ils nous ont accord\u00e9e. Nous sommes fermement convaincus d\u2019avoir franchi une \u00e9tape importante, absolument [&hellip;]","og_url":"https:\/\/swissbaker.ch\/fr\/panissimo-news\/un-grand-merci-pour-votre-confiance\/","og_site_name":"SBC","article_publisher":"https:\/\/www.facebook.com\/swissbaker.ch","article_published_time":"2019-06-25T11:47:00+00:00","article_modified_time":"2022-05-20T14:41:57+00:00","og_image":[{"width":800,"height":474,"url":"https:\/\/swissbaker.ch\/wp-content\/uploads\/2022\/04\/NL-13.1-Leitartikel.jpg","type":"image\/jpeg"}],"author":"azureart","twitter_card":"summary_large_image","twitter_creator":"@ch_swissbaker","twitter_site":"@ch_swissbaker","twitter_misc":{"Written by":"azureart","Est. reading time":"3 minutes"},"schema":{"@context":"https:\/\/schema.org","@graph":[{"@type":"Article","@id":"https:\/\/swissbaker.ch\/fr\/panissimo-news\/un-grand-merci-pour-votre-confiance\/#article","isPartOf":{"@id":"https:\/\/swissbaker.ch\/fr\/panissimo-news\/un-grand-merci-pour-votre-confiance\/"},"author":{"name":"azureart","@id":"https:\/\/swissbaker.ch\/fr\/#\/schema\/person\/058ac47619f7da53df62aba60f939b78"},"headline":"Un grand merci pour votre confiance","datePublished":"2019-06-25T11:47:00+00:00","dateModified":"2022-05-20T14:41:57+00:00","mainEntityOfPage":{"@id":"https:\/\/swissbaker.ch\/fr\/panissimo-news\/un-grand-merci-pour-votre-confiance\/"},"wordCount":546,"commentCount":0,"publisher":{"@id":"https:\/\/swissbaker.ch\/fr\/#organization"},"image":{"@id":"https:\/\/swissbaker.ch\/fr\/panissimo-news\/un-grand-merci-pour-votre-confiance\/#primaryimage"},"thumbnailUrl":"https:\/\/swissbaker.ch\/wp-content\/uploads\/2022\/04\/NL-13.1-Leitartikel.jpg","articleSection":["Association"],"inLanguage":"fr-FR","potentialAction":[{"@type":"CommentAction","name":"Comment","target":["https:\/\/swissbaker.ch\/fr\/panissimo-news\/un-grand-merci-pour-votre-confiance\/#respond"]}]},{"@type":"WebPage","@id":"https:\/\/swissbaker.ch\/fr\/panissimo-news\/un-grand-merci-pour-votre-confiance\/","url":"https:\/\/swissbaker.ch\/fr\/panissimo-news\/un-grand-merci-pour-votre-confiance\/","name":"Un grand merci pour votre confiance | SBC","isPartOf":{"@id":"https:\/\/swissbaker.ch\/fr\/#website"},"primaryImageOfPage":{"@id":"https:\/\/swissbaker.ch\/fr\/panissimo-news\/un-grand-merci-pour-votre-confiance\/#primaryimage"},"image":{"@id":"https:\/\/swissbaker.ch\/fr\/panissimo-news\/un-grand-merci-pour-votre-confiance\/#primaryimage"},"thumbnailUrl":"https:\/\/swissbaker.ch\/wp-content\/uploads\/2022\/04\/NL-13.1-Leitartikel.jpg","datePublished":"2019-06-25T11:47:00+00:00","dateModified":"2022-05-20T14:41:57+00:00","breadcrumb":{"@id":"https:\/\/swissbaker.ch\/fr\/panissimo-news\/un-grand-merci-pour-votre-confiance\/#breadcrumb"},"inLanguage":"fr-FR","potentialAction":[{"@type":"ReadAction","target":["https:\/\/swissbaker.ch\/fr\/panissimo-news\/un-grand-merci-pour-votre-confiance\/"]}]},{"@type":"ImageObject","inLanguage":"fr-FR","@id":"https:\/\/swissbaker.ch\/fr\/panissimo-news\/un-grand-merci-pour-votre-confiance\/#primaryimage","url":"https:\/\/swissbaker.ch\/wp-content\/uploads\/2022\/04\/NL-13.1-Leitartikel.jpg","contentUrl":"https:\/\/swissbaker.ch\/wp-content\/uploads\/2022\/04\/NL-13.1-Leitartikel.jpg","width":800,"height":474,"caption":"Un grand merci pour votre confiance"},{"@type":"BreadcrumbList","@id":"https:\/\/swissbaker.ch\/fr\/panissimo-news\/un-grand-merci-pour-votre-confiance\/#breadcrumb","itemListElement":[{"@type":"ListItem","position":1,"name":"","item":"https:\/\/swissbaker.ch\/fr\/"},{"@type":"ListItem","position":2,"name":"Association","item":"https:\/\/swissbaker.ch\/fr\/panissimo-news\/category\/association\/"},{"@type":"ListItem","position":3,"name":"Un grand merci pour votre confiance"}]},{"@type":"WebSite","@id":"https:\/\/swissbaker.ch\/fr\/#website","url":"https:\/\/swissbaker.ch\/fr\/","name":"SBC","description":"","publisher":{"@id":"https:\/\/swissbaker.ch\/fr\/#organization"},"potentialAction":[{"@type":"SearchAction","target":{"@type":"EntryPoint","urlTemplate":"https:\/\/swissbaker.ch\/fr\/?s={search_term_string}"},"query-input":{"@type":"PropertyValueSpecification","valueRequired":true,"valueName":"search_term_string"}}],"inLanguage":"fr-FR"},{"@type":"Organization","@id":"https:\/\/swissbaker.ch\/fr\/#organization","name":"Schweizerischer B\u00e4cker-Confiseurmeister-Verband","url":"https:\/\/swissbaker.ch\/fr\/","logo":{"@type":"ImageObject","inLanguage":"fr-FR","@id":"https:\/\/swissbaker.ch\/fr\/#\/schema\/logo\/image\/","url":"https:\/\/swissbaker.ch\/wp-content\/uploads\/2022\/04\/sbc-logo-yoast.jpg","contentUrl":"https:\/\/swissbaker.ch\/wp-content\/uploads\/2022\/04\/sbc-logo-yoast.jpg","width":512,"height":512,"caption":"Schweizerischer B\u00e4cker-Confiseurmeister-Verband"},"image":{"@id":"https:\/\/swissbaker.ch\/fr\/#\/schema\/logo\/image\/"},"sameAs":["https:\/\/www.facebook.com\/swissbaker.ch","https:\/\/x.com\/ch_swissbaker"]},{"@type":"Person","@id":"https:\/\/swissbaker.ch\/fr\/#\/schema\/person\/058ac47619f7da53df62aba60f939b78","name":"azureart","image":{"@type":"ImageObject","inLanguage":"fr-FR","@id":"https:\/\/swissbaker.ch\/fr\/#\/schema\/person\/image\/","url":"https:\/\/secure.gravatar.com\/avatar\/be04dd3098fd612c83067af4f7a295384c93cb6a9112f51beb9d2f477d25da61?s=96&d=mm&r=g","contentUrl":"https:\/\/secure.gravatar.com\/avatar\/be04dd3098fd612c83067af4f7a295384c93cb6a9112f51beb9d2f477d25da61?s=96&d=mm&r=g","caption":"azureart"},"sameAs":["https:\/\/swissbaker.ch"],"url":"https:\/\/swissbaker.ch\/fr\/panissimo-news\/author\/pixel-ahoi\/"}]}},"_links":{"self":[{"href":"https:\/\/swissbaker.ch\/fr\/wp-json\/wp\/v2\/posts\/10541","targetHints":{"allow":["GET"]}}],"collection":[{"href":"https:\/\/swissbaker.ch\/fr\/wp-json\/wp\/v2\/posts"}],"about":[{"href":"https:\/\/swissbaker.ch\/fr\/wp-json\/wp\/v2\/types\/post"}],"author":[{"embeddable":true,"href":"https:\/\/swissbaker.ch\/fr\/wp-json\/wp\/v2\/users\/1"}],"replies":[{"embeddable":true,"href":"https:\/\/swissbaker.ch\/fr\/wp-json\/wp\/v2\/comments?post=10541"}],"version-history":[{"count":0,"href":"https:\/\/swissbaker.ch\/fr\/wp-json\/wp\/v2\/posts\/10541\/revisions"}],"wp:featuredmedia":[{"embeddable":true,"href":"https:\/\/swissbaker.ch\/fr\/wp-json\/wp\/v2\/media\/6205"}],"wp:attachment":[{"href":"https:\/\/swissbaker.ch\/fr\/wp-json\/wp\/v2\/media?parent=10541"}],"wp:term":[{"taxonomy":"category","embeddable":true,"href":"https:\/\/swissbaker.ch\/fr\/wp-json\/wp\/v2\/categories?post=10541"},{"taxonomy":"post_tag","embeddable":true,"href":"https:\/\/swissbaker.ch\/fr\/wp-json\/wp\/v2\/tags?post=10541"}],"curies":[{"name":"wp","href":"https:\/\/api.w.org\/{rel}","templated":true}]}}