{"id":10537,"date":"2019-06-25T13:42:00","date_gmt":"2019-06-25T11:42:00","guid":{"rendered":"https:\/\/swissbaker.ch\/?p=10537"},"modified":"2022-05-20T16:37:08","modified_gmt":"2022-05-20T14:37:08","slug":"les-humains-ces-equilibristes-en-puissance","status":"publish","type":"post","link":"https:\/\/swissbaker.ch\/fr\/panissimo-news\/les-humains-ces-equilibristes-en-puissance\/","title":{"rendered":"Les humains, ces \u00e9quilibristes en puissance"},"content":{"rendered":"\n<p><strong>En cl\u00f4ture du congr\u00e8s de la BCS, le c\u00e9l\u00e8bre journaliste et philosophe zurichois Ludwig Hasler a d\u00e9livr\u00e9 un message aussi inspirant que captivant aux professionnels pr\u00e9sents. Le contenu de ce message: un plaidoyer pour communiquer d\u2019humain \u00e0 humain, pour faire appel aux sens et pour vendre avec passion.<\/strong><\/p>\n\n\n\n<p>Arriv\u00e9 au congr\u00e8s de la BCS sans PowerPoint ni outil num\u00e9rique, Ludwig Hasler est parvenu \u00e0 captiver les participants au congr\u00e8s pendant plus d&#8217;une heure, avec un discours extr\u00eamement inspirant et parsem\u00e9 de parenth\u00e8ses pleines d\u2019humour.<\/p>\n\n\n\n<h2 class=\"wp-block-heading\" id=\"h-la-force-de-la-rencontre\">La force de la rencontre<\/h2>\n\n\n\n<p>Le philosophe a commenc\u00e9 par raconter avec enthousiasme comment, se rendant \u00e0 pied au congr\u00e8s, il \u00e9tait tomb\u00e9 coup sur coup sur trois boulangeries aussi extraordinaires et tentatrices l\u2019une que l\u2019autre. L\u2019occasion pour lui de rappeler l\u2019importance des sens : \u00abLa force de la rencontre est l\u00e0. Pour me s\u00e9duire, il faut parler \u00e0 mes sens\u00bb, a-t-il expliqu\u00e9, soulignant l\u2019importance et la force des sens de l\u2019\u00eatre humain. Un domaine dans lequel celui-ci est meilleur que la machine. \u00abUne boulangerie-confiserie doit inviter, s\u00e9duire. Qui entrerait dans un \u00e9tablissement aust\u00e8re ou qui ressemblerait \u00e0 une configuration-t\u00e9moin de chez IKEA? La signature du boulanger doit \u00eatre reconnaissable\u00bb, a plaid\u00e9 le philosophe.<br>Il a aussi rappel\u00e9 l\u2019importance du \u00abfait maison\u00bb, le reliant \u00e0 un autre de ses chevaux de bataille: le num\u00e9rique: \u00abL\u2019\u00eatre humain ne peut pas rester toute sa vie dans le Cloud, il a r\u00e9guli\u00e8rement besoin d&#8217;un r\u00e9\u00e9quilibrage. Ce r\u00e9\u00e9quilibrage se fait lorsqu\u2019il sent l\u2019odeur du pain, lorsqu\u2019ils rencontre d&#8217;autres personnes. Impossible avec le commerce en ligne!\u00bb Avant d\u2019ajouter que le produit seul ne compte pas: c\u2019est aussi une affaire de personnes, de passion.<\/p>\n\n\n\n<h2 class=\"wp-block-heading\" id=\"h-seuls-les-humains-savent-rever\">Seuls les humains savent r\u00eaver<\/h2>\n\n\n\n<p>\u00abNotre avenir d\u00e9pendra de notre capacit\u00e9 \u00e0 prendre les r\u00eanes de la transformation num\u00e9rique, plut\u00f4t que de nous laisser entra\u00eener, de gr\u00e9 ou de force, tels de simples passagers\u00bb, a pr\u00e9venu Ludwig Hasler, avant de lancer un appel: \u00abNe nous laissons pas abrutir par le num\u00e9rique!\u00bb. Chacun de nous doit continuer de r\u00eaver. Comme l\u2019a rappel\u00e9 le philosophe, les r\u00eaves sont le moteur de tous les progr\u00e8s, une capacit\u00e9 dont seuls les humains sont dot\u00e9s.<\/p>\n\n\n\n<h2 class=\"wp-block-heading\" id=\"h-la-machine-deviendra-adulte\">La machine deviendra adulte<\/h2>\n\n\n\n<p>\u00abCe n\u2019est un secret pour personne, les machines \u00e9voluent et atteindront t\u00f4t ou tard l\u2019\u00e2ge adulte\u00bb, a pr\u00e9venu le physicien et philosophe. Jusqu\u2019\u00e0 pr\u00e9sent, nous les avons rel\u00e9gu\u00e9es au rang d\u2019assistants personnels. Mais elles ont beaucoup appris, ce qui justifie les nombreuses craintes face \u00e0 la num\u00e9risation. Selon Ludwig Hasler, nous devons parvenir \u00e0 relier num\u00e9rique et analogique, \u00e0 rompre l\u2019enchantement du num\u00e9rique pour trouver notre \u00e9quilibre entre les mondes analogique et num\u00e9rique. \u00abL\u2019avenir appartiendra aux \u00e9quilibristes les plus dou\u00e9s d\u2019entre nous.\u00bb<\/p>\n\n\n\n<h2 class=\"wp-block-heading\" id=\"h-les-domaines-dans-lesquels-les-machines-sont-superieures\">Les domaines dans lesquels les machines sont sup\u00e9rieures<\/h2>\n\n\n\n<p>Lorsqu\u2019il s&#8217;agit de syst\u00e8mes complexes, de disponibilit\u00e9 ou de logistique, les machines sont d\u00e9j\u00e0 sup\u00e9rieures \u00e0 l\u2019\u00eatre humain. Ludwig Hasler prend en exemple le domaine de la mobilit\u00e9, dans lequel l\u2018\u00eatre humain constitue un \u00abpoint de faille constant\u00bb qu\u2019il convient de sortir de l&#8217;\u00e9quation. Il cite \u00e9galement le travail fastidieux de recherche de textes de lois des juristes: le type de t\u00e2ches dont les machines s\u2019acquittent plus rapidement et sans risque d\u2019erreur. Et que dire du domaine du diagnostic m\u00e9dical, ou selon lui, l\u2019outil en ligne Dr. Watson afficherait un taux de pr\u00e9cision dans le diagnostic du cancer de 90%, contre 60% pour les m\u00e9decins? Ludwig Hasler s\u2019empresse de rappeler que le diagnostic n\u2019est en rien synonyme de gu\u00e9rison: un traitement est n\u00e9cessaire, et ce traitement n\u00e9cessitera l\u2019intervention d\u2019\u00eatres humains. Ludwig Hasler voir aussi le m\u00e9tier de coiffeur survivre \u00e0 la num\u00e9risation: \u00abVous en connaissez beaucoup, des personnes pr\u00eates \u00e0 se faire couper les cheveux par une machine? C\u2019est un m\u00e9tier relationnel!\u00bb Autre m\u00e9tier, autre exemple: la menuiserie. Certes, aujourd\u2019hui, les machines ont \u00e9volu\u00e9 et sont capables de r\u00e9aliser des travaux d\u2019une pr\u00e9cision in\u00e9galable. En cons\u00e9quence, les menuisiers ont chang\u00e9 de m\u00e9tier, pour devenir des designers cr\u00e9atifs. Il serait donc injustifi\u00e9 de les r\u00e9duire au statut de simples op\u00e9rateurs de machines, car ils doivent imp\u00e9rativement conna\u00eetre le m\u00e9tier. Un argument de plus en faveur du maintien de l\u2019apprentissage en menuiserie.<\/p>\n","protected":false},"excerpt":{"rendered":"<p>En cl\u00f4ture du congr\u00e8s de la BCS, le c\u00e9l\u00e8bre journaliste et philosophe zurichois Ludwig Hasler a d\u00e9livr\u00e9 un message aussi inspirant que captivant aux professionnels pr\u00e9sents. Le contenu de ce message: un plaidoyer pour communiquer d\u2019humain \u00e0 humain, pour faire appel aux sens et pour vendre avec passion. Arriv\u00e9 au congr\u00e8s de la BCS sans PowerPoint ni outil num\u00e9rique, Ludwig [&hellip;]<\/p>\n","protected":false},"author":1,"featured_media":6202,"comment_status":"open","ping_status":"closed","sticky":false,"template":"","format":"standard","meta":{"_acf_changed":false,"footnotes":""},"categories":[45],"tags":[],"class_list":["post-10537","post","type-post","status-publish","format-standard","has-post-thumbnail","hentry","category-environnement-professionnel"],"acf":[],"yoast_head":"<!-- This site is optimized with the Yoast SEO Premium plugin v26.8 (Yoast SEO v26.8) - https:\/\/yoast.com\/product\/yoast-seo-premium-wordpress\/ -->\n<title>Les humains, ces \u00e9quilibristes en puissance | SBC<\/title>\n<meta name=\"robots\" content=\"index, follow, max-snippet:-1, max-image-preview:large, max-video-preview:-1\" \/>\n<link rel=\"canonical\" href=\"https:\/\/swissbaker.ch\/fr\/panissimo-news\/les-humains-ces-equilibristes-en-puissance\/\" \/>\n<meta property=\"og:locale\" content=\"fr_FR\" \/>\n<meta property=\"og:type\" content=\"article\" \/>\n<meta property=\"og:title\" content=\"Les humains, ces \u00e9quilibristes en puissance\" \/>\n<meta property=\"og:description\" content=\"En cl\u00f4ture du congr\u00e8s de la BCS, le c\u00e9l\u00e8bre journaliste et philosophe zurichois Ludwig Hasler a d\u00e9livr\u00e9 un message aussi inspirant que captivant aux professionnels pr\u00e9sents. Le contenu de ce message: un plaidoyer pour communiquer d\u2019humain \u00e0 humain, pour faire appel aux sens et pour vendre avec passion. Arriv\u00e9 au congr\u00e8s de la BCS sans PowerPoint ni outil num\u00e9rique, Ludwig [&hellip;]\" \/>\n<meta property=\"og:url\" content=\"https:\/\/swissbaker.ch\/fr\/panissimo-news\/les-humains-ces-equilibristes-en-puissance\/\" \/>\n<meta property=\"og:site_name\" content=\"SBC\" \/>\n<meta property=\"article:publisher\" content=\"https:\/\/www.facebook.com\/swissbaker.ch\" \/>\n<meta property=\"article:published_time\" content=\"2019-06-25T11:42:00+00:00\" \/>\n<meta property=\"article:modified_time\" content=\"2022-05-20T14:37:08+00:00\" \/>\n<meta property=\"og:image\" content=\"https:\/\/swissbaker.ch\/wp-content\/uploads\/2022\/04\/NL-13.1-Ludwig-Hasler.jpg\" \/>\n\t<meta property=\"og:image:width\" content=\"800\" \/>\n\t<meta property=\"og:image:height\" content=\"474\" \/>\n\t<meta property=\"og:image:type\" content=\"image\/jpeg\" \/>\n<meta name=\"author\" content=\"azureart\" \/>\n<meta name=\"twitter:card\" content=\"summary_large_image\" \/>\n<meta name=\"twitter:creator\" content=\"@ch_swissbaker\" \/>\n<meta name=\"twitter:site\" content=\"@ch_swissbaker\" \/>\n<meta name=\"twitter:label1\" content=\"Written by\" \/>\n\t<meta name=\"twitter:data1\" content=\"azureart\" \/>\n\t<meta name=\"twitter:label2\" content=\"Est. reading time\" \/>\n\t<meta name=\"twitter:data2\" content=\"4 minutes\" \/>\n<script type=\"application\/ld+json\" class=\"yoast-schema-graph\">{\"@context\":\"https:\/\/schema.org\",\"@graph\":[{\"@type\":\"Article\",\"@id\":\"https:\/\/swissbaker.ch\/fr\/panissimo-news\/les-humains-ces-equilibristes-en-puissance\/#article\",\"isPartOf\":{\"@id\":\"https:\/\/swissbaker.ch\/fr\/panissimo-news\/les-humains-ces-equilibristes-en-puissance\/\"},\"author\":{\"name\":\"azureart\",\"@id\":\"https:\/\/swissbaker.ch\/fr\/#\/schema\/person\/058ac47619f7da53df62aba60f939b78\"},\"headline\":\"Les humains, ces \u00e9quilibristes en puissance\",\"datePublished\":\"2019-06-25T11:42:00+00:00\",\"dateModified\":\"2022-05-20T14:37:08+00:00\",\"mainEntityOfPage\":{\"@id\":\"https:\/\/swissbaker.ch\/fr\/panissimo-news\/les-humains-ces-equilibristes-en-puissance\/\"},\"wordCount\":778,\"commentCount\":0,\"publisher\":{\"@id\":\"https:\/\/swissbaker.ch\/fr\/#organization\"},\"image\":{\"@id\":\"https:\/\/swissbaker.ch\/fr\/panissimo-news\/les-humains-ces-equilibristes-en-puissance\/#primaryimage\"},\"thumbnailUrl\":\"https:\/\/swissbaker.ch\/wp-content\/uploads\/2022\/04\/NL-13.1-Ludwig-Hasler.jpg\",\"articleSection\":[\"Environnement professionnel\"],\"inLanguage\":\"fr-FR\",\"potentialAction\":[{\"@type\":\"CommentAction\",\"name\":\"Comment\",\"target\":[\"https:\/\/swissbaker.ch\/fr\/panissimo-news\/les-humains-ces-equilibristes-en-puissance\/#respond\"]}]},{\"@type\":\"WebPage\",\"@id\":\"https:\/\/swissbaker.ch\/fr\/panissimo-news\/les-humains-ces-equilibristes-en-puissance\/\",\"url\":\"https:\/\/swissbaker.ch\/fr\/panissimo-news\/les-humains-ces-equilibristes-en-puissance\/\",\"name\":\"Les humains, ces \u00e9quilibristes en puissance | SBC\",\"isPartOf\":{\"@id\":\"https:\/\/swissbaker.ch\/fr\/#website\"},\"primaryImageOfPage\":{\"@id\":\"https:\/\/swissbaker.ch\/fr\/panissimo-news\/les-humains-ces-equilibristes-en-puissance\/#primaryimage\"},\"image\":{\"@id\":\"https:\/\/swissbaker.ch\/fr\/panissimo-news\/les-humains-ces-equilibristes-en-puissance\/#primaryimage\"},\"thumbnailUrl\":\"https:\/\/swissbaker.ch\/wp-content\/uploads\/2022\/04\/NL-13.1-Ludwig-Hasler.jpg\",\"datePublished\":\"2019-06-25T11:42:00+00:00\",\"dateModified\":\"2022-05-20T14:37:08+00:00\",\"breadcrumb\":{\"@id\":\"https:\/\/swissbaker.ch\/fr\/panissimo-news\/les-humains-ces-equilibristes-en-puissance\/#breadcrumb\"},\"inLanguage\":\"fr-FR\",\"potentialAction\":[{\"@type\":\"ReadAction\",\"target\":[\"https:\/\/swissbaker.ch\/fr\/panissimo-news\/les-humains-ces-equilibristes-en-puissance\/\"]}]},{\"@type\":\"ImageObject\",\"inLanguage\":\"fr-FR\",\"@id\":\"https:\/\/swissbaker.ch\/fr\/panissimo-news\/les-humains-ces-equilibristes-en-puissance\/#primaryimage\",\"url\":\"https:\/\/swissbaker.ch\/wp-content\/uploads\/2022\/04\/NL-13.1-Ludwig-Hasler.jpg\",\"contentUrl\":\"https:\/\/swissbaker.ch\/wp-content\/uploads\/2022\/04\/NL-13.1-Ludwig-Hasler.jpg\",\"width\":800,\"height\":474,\"caption\":\"Les humains, ces \u00e9quilibristes en puissance\"},{\"@type\":\"BreadcrumbList\",\"@id\":\"https:\/\/swissbaker.ch\/fr\/panissimo-news\/les-humains-ces-equilibristes-en-puissance\/#breadcrumb\",\"itemListElement\":[{\"@type\":\"ListItem\",\"position\":1,\"name\":\"\",\"item\":\"https:\/\/swissbaker.ch\/fr\/\"},{\"@type\":\"ListItem\",\"position\":2,\"name\":\"Environnement professionnel\",\"item\":\"https:\/\/swissbaker.ch\/fr\/panissimo-news\/category\/environnement-professionnel\/\"},{\"@type\":\"ListItem\",\"position\":3,\"name\":\"Les humains, ces \u00e9quilibristes en puissance\"}]},{\"@type\":\"WebSite\",\"@id\":\"https:\/\/swissbaker.ch\/fr\/#website\",\"url\":\"https:\/\/swissbaker.ch\/fr\/\",\"name\":\"SBC\",\"description\":\"\",\"publisher\":{\"@id\":\"https:\/\/swissbaker.ch\/fr\/#organization\"},\"potentialAction\":[{\"@type\":\"SearchAction\",\"target\":{\"@type\":\"EntryPoint\",\"urlTemplate\":\"https:\/\/swissbaker.ch\/fr\/?s={search_term_string}\"},\"query-input\":{\"@type\":\"PropertyValueSpecification\",\"valueRequired\":true,\"valueName\":\"search_term_string\"}}],\"inLanguage\":\"fr-FR\"},{\"@type\":\"Organization\",\"@id\":\"https:\/\/swissbaker.ch\/fr\/#organization\",\"name\":\"Schweizerischer B\u00e4cker-Confiseurmeister-Verband\",\"url\":\"https:\/\/swissbaker.ch\/fr\/\",\"logo\":{\"@type\":\"ImageObject\",\"inLanguage\":\"fr-FR\",\"@id\":\"https:\/\/swissbaker.ch\/fr\/#\/schema\/logo\/image\/\",\"url\":\"https:\/\/swissbaker.ch\/wp-content\/uploads\/2022\/04\/sbc-logo-yoast.jpg\",\"contentUrl\":\"https:\/\/swissbaker.ch\/wp-content\/uploads\/2022\/04\/sbc-logo-yoast.jpg\",\"width\":512,\"height\":512,\"caption\":\"Schweizerischer B\u00e4cker-Confiseurmeister-Verband\"},\"image\":{\"@id\":\"https:\/\/swissbaker.ch\/fr\/#\/schema\/logo\/image\/\"},\"sameAs\":[\"https:\/\/www.facebook.com\/swissbaker.ch\",\"https:\/\/x.com\/ch_swissbaker\"]},{\"@type\":\"Person\",\"@id\":\"https:\/\/swissbaker.ch\/fr\/#\/schema\/person\/058ac47619f7da53df62aba60f939b78\",\"name\":\"azureart\",\"image\":{\"@type\":\"ImageObject\",\"inLanguage\":\"fr-FR\",\"@id\":\"https:\/\/swissbaker.ch\/fr\/#\/schema\/person\/image\/\",\"url\":\"https:\/\/secure.gravatar.com\/avatar\/be04dd3098fd612c83067af4f7a295384c93cb6a9112f51beb9d2f477d25da61?s=96&d=mm&r=g\",\"contentUrl\":\"https:\/\/secure.gravatar.com\/avatar\/be04dd3098fd612c83067af4f7a295384c93cb6a9112f51beb9d2f477d25da61?s=96&d=mm&r=g\",\"caption\":\"azureart\"},\"sameAs\":[\"https:\/\/swissbaker.ch\"],\"url\":\"https:\/\/swissbaker.ch\/fr\/panissimo-news\/author\/pixel-ahoi\/\"}]}<\/script>\n<!-- \/ Yoast SEO Premium plugin. -->","yoast_head_json":{"title":"Les humains, ces \u00e9quilibristes en puissance | SBC","robots":{"index":"index","follow":"follow","max-snippet":"max-snippet:-1","max-image-preview":"max-image-preview:large","max-video-preview":"max-video-preview:-1"},"canonical":"https:\/\/swissbaker.ch\/fr\/panissimo-news\/les-humains-ces-equilibristes-en-puissance\/","og_locale":"fr_FR","og_type":"article","og_title":"Les humains, ces \u00e9quilibristes en puissance","og_description":"En cl\u00f4ture du congr\u00e8s de la BCS, le c\u00e9l\u00e8bre journaliste et philosophe zurichois Ludwig Hasler a d\u00e9livr\u00e9 un message aussi inspirant que captivant aux professionnels pr\u00e9sents. Le contenu de ce message: un plaidoyer pour communiquer d\u2019humain \u00e0 humain, pour faire appel aux sens et pour vendre avec passion. Arriv\u00e9 au congr\u00e8s de la BCS sans PowerPoint ni outil num\u00e9rique, Ludwig [&hellip;]","og_url":"https:\/\/swissbaker.ch\/fr\/panissimo-news\/les-humains-ces-equilibristes-en-puissance\/","og_site_name":"SBC","article_publisher":"https:\/\/www.facebook.com\/swissbaker.ch","article_published_time":"2019-06-25T11:42:00+00:00","article_modified_time":"2022-05-20T14:37:08+00:00","og_image":[{"width":800,"height":474,"url":"https:\/\/swissbaker.ch\/wp-content\/uploads\/2022\/04\/NL-13.1-Ludwig-Hasler.jpg","type":"image\/jpeg"}],"author":"azureart","twitter_card":"summary_large_image","twitter_creator":"@ch_swissbaker","twitter_site":"@ch_swissbaker","twitter_misc":{"Written by":"azureart","Est. reading time":"4 minutes"},"schema":{"@context":"https:\/\/schema.org","@graph":[{"@type":"Article","@id":"https:\/\/swissbaker.ch\/fr\/panissimo-news\/les-humains-ces-equilibristes-en-puissance\/#article","isPartOf":{"@id":"https:\/\/swissbaker.ch\/fr\/panissimo-news\/les-humains-ces-equilibristes-en-puissance\/"},"author":{"name":"azureart","@id":"https:\/\/swissbaker.ch\/fr\/#\/schema\/person\/058ac47619f7da53df62aba60f939b78"},"headline":"Les humains, ces \u00e9quilibristes en puissance","datePublished":"2019-06-25T11:42:00+00:00","dateModified":"2022-05-20T14:37:08+00:00","mainEntityOfPage":{"@id":"https:\/\/swissbaker.ch\/fr\/panissimo-news\/les-humains-ces-equilibristes-en-puissance\/"},"wordCount":778,"commentCount":0,"publisher":{"@id":"https:\/\/swissbaker.ch\/fr\/#organization"},"image":{"@id":"https:\/\/swissbaker.ch\/fr\/panissimo-news\/les-humains-ces-equilibristes-en-puissance\/#primaryimage"},"thumbnailUrl":"https:\/\/swissbaker.ch\/wp-content\/uploads\/2022\/04\/NL-13.1-Ludwig-Hasler.jpg","articleSection":["Environnement professionnel"],"inLanguage":"fr-FR","potentialAction":[{"@type":"CommentAction","name":"Comment","target":["https:\/\/swissbaker.ch\/fr\/panissimo-news\/les-humains-ces-equilibristes-en-puissance\/#respond"]}]},{"@type":"WebPage","@id":"https:\/\/swissbaker.ch\/fr\/panissimo-news\/les-humains-ces-equilibristes-en-puissance\/","url":"https:\/\/swissbaker.ch\/fr\/panissimo-news\/les-humains-ces-equilibristes-en-puissance\/","name":"Les humains, ces \u00e9quilibristes en puissance | SBC","isPartOf":{"@id":"https:\/\/swissbaker.ch\/fr\/#website"},"primaryImageOfPage":{"@id":"https:\/\/swissbaker.ch\/fr\/panissimo-news\/les-humains-ces-equilibristes-en-puissance\/#primaryimage"},"image":{"@id":"https:\/\/swissbaker.ch\/fr\/panissimo-news\/les-humains-ces-equilibristes-en-puissance\/#primaryimage"},"thumbnailUrl":"https:\/\/swissbaker.ch\/wp-content\/uploads\/2022\/04\/NL-13.1-Ludwig-Hasler.jpg","datePublished":"2019-06-25T11:42:00+00:00","dateModified":"2022-05-20T14:37:08+00:00","breadcrumb":{"@id":"https:\/\/swissbaker.ch\/fr\/panissimo-news\/les-humains-ces-equilibristes-en-puissance\/#breadcrumb"},"inLanguage":"fr-FR","potentialAction":[{"@type":"ReadAction","target":["https:\/\/swissbaker.ch\/fr\/panissimo-news\/les-humains-ces-equilibristes-en-puissance\/"]}]},{"@type":"ImageObject","inLanguage":"fr-FR","@id":"https:\/\/swissbaker.ch\/fr\/panissimo-news\/les-humains-ces-equilibristes-en-puissance\/#primaryimage","url":"https:\/\/swissbaker.ch\/wp-content\/uploads\/2022\/04\/NL-13.1-Ludwig-Hasler.jpg","contentUrl":"https:\/\/swissbaker.ch\/wp-content\/uploads\/2022\/04\/NL-13.1-Ludwig-Hasler.jpg","width":800,"height":474,"caption":"Les humains, ces \u00e9quilibristes en puissance"},{"@type":"BreadcrumbList","@id":"https:\/\/swissbaker.ch\/fr\/panissimo-news\/les-humains-ces-equilibristes-en-puissance\/#breadcrumb","itemListElement":[{"@type":"ListItem","position":1,"name":"","item":"https:\/\/swissbaker.ch\/fr\/"},{"@type":"ListItem","position":2,"name":"Environnement professionnel","item":"https:\/\/swissbaker.ch\/fr\/panissimo-news\/category\/environnement-professionnel\/"},{"@type":"ListItem","position":3,"name":"Les humains, ces \u00e9quilibristes en puissance"}]},{"@type":"WebSite","@id":"https:\/\/swissbaker.ch\/fr\/#website","url":"https:\/\/swissbaker.ch\/fr\/","name":"SBC","description":"","publisher":{"@id":"https:\/\/swissbaker.ch\/fr\/#organization"},"potentialAction":[{"@type":"SearchAction","target":{"@type":"EntryPoint","urlTemplate":"https:\/\/swissbaker.ch\/fr\/?s={search_term_string}"},"query-input":{"@type":"PropertyValueSpecification","valueRequired":true,"valueName":"search_term_string"}}],"inLanguage":"fr-FR"},{"@type":"Organization","@id":"https:\/\/swissbaker.ch\/fr\/#organization","name":"Schweizerischer B\u00e4cker-Confiseurmeister-Verband","url":"https:\/\/swissbaker.ch\/fr\/","logo":{"@type":"ImageObject","inLanguage":"fr-FR","@id":"https:\/\/swissbaker.ch\/fr\/#\/schema\/logo\/image\/","url":"https:\/\/swissbaker.ch\/wp-content\/uploads\/2022\/04\/sbc-logo-yoast.jpg","contentUrl":"https:\/\/swissbaker.ch\/wp-content\/uploads\/2022\/04\/sbc-logo-yoast.jpg","width":512,"height":512,"caption":"Schweizerischer B\u00e4cker-Confiseurmeister-Verband"},"image":{"@id":"https:\/\/swissbaker.ch\/fr\/#\/schema\/logo\/image\/"},"sameAs":["https:\/\/www.facebook.com\/swissbaker.ch","https:\/\/x.com\/ch_swissbaker"]},{"@type":"Person","@id":"https:\/\/swissbaker.ch\/fr\/#\/schema\/person\/058ac47619f7da53df62aba60f939b78","name":"azureart","image":{"@type":"ImageObject","inLanguage":"fr-FR","@id":"https:\/\/swissbaker.ch\/fr\/#\/schema\/person\/image\/","url":"https:\/\/secure.gravatar.com\/avatar\/be04dd3098fd612c83067af4f7a295384c93cb6a9112f51beb9d2f477d25da61?s=96&d=mm&r=g","contentUrl":"https:\/\/secure.gravatar.com\/avatar\/be04dd3098fd612c83067af4f7a295384c93cb6a9112f51beb9d2f477d25da61?s=96&d=mm&r=g","caption":"azureart"},"sameAs":["https:\/\/swissbaker.ch"],"url":"https:\/\/swissbaker.ch\/fr\/panissimo-news\/author\/pixel-ahoi\/"}]}},"_links":{"self":[{"href":"https:\/\/swissbaker.ch\/fr\/wp-json\/wp\/v2\/posts\/10537","targetHints":{"allow":["GET"]}}],"collection":[{"href":"https:\/\/swissbaker.ch\/fr\/wp-json\/wp\/v2\/posts"}],"about":[{"href":"https:\/\/swissbaker.ch\/fr\/wp-json\/wp\/v2\/types\/post"}],"author":[{"embeddable":true,"href":"https:\/\/swissbaker.ch\/fr\/wp-json\/wp\/v2\/users\/1"}],"replies":[{"embeddable":true,"href":"https:\/\/swissbaker.ch\/fr\/wp-json\/wp\/v2\/comments?post=10537"}],"version-history":[{"count":0,"href":"https:\/\/swissbaker.ch\/fr\/wp-json\/wp\/v2\/posts\/10537\/revisions"}],"wp:featuredmedia":[{"embeddable":true,"href":"https:\/\/swissbaker.ch\/fr\/wp-json\/wp\/v2\/media\/6202"}],"wp:attachment":[{"href":"https:\/\/swissbaker.ch\/fr\/wp-json\/wp\/v2\/media?parent=10537"}],"wp:term":[{"taxonomy":"category","embeddable":true,"href":"https:\/\/swissbaker.ch\/fr\/wp-json\/wp\/v2\/categories?post=10537"},{"taxonomy":"post_tag","embeddable":true,"href":"https:\/\/swissbaker.ch\/fr\/wp-json\/wp\/v2\/tags?post=10537"}],"curies":[{"name":"wp","href":"https:\/\/api.w.org\/{rel}","templated":true}]}}