{"id":10513,"date":"2019-07-17T11:31:00","date_gmt":"2019-07-17T09:31:00","guid":{"rendered":"https:\/\/swissbaker.ch\/?p=10513"},"modified":"2022-05-20T16:11:56","modified_gmt":"2022-05-20T14:11:56","slug":"consommation-responsable","status":"publish","type":"post","link":"https:\/\/swissbaker.ch\/fr\/panissimo-news\/consommation-responsable\/","title":{"rendered":"Consommation responsable"},"content":{"rendered":"\n<p>Lorsque j\u2019ai postul\u00e9 aupr\u00e8s de l\u2019Association suisse des patrons boulangers-confiseurs (BCS), je ne savais pas encore \u00e0 quoi m\u2019attendre. Je ne me suis jamais, ou rarement, pr\u00e9occup\u00e9e de la fabrication de pain, de produits de boulangerie, p\u00e2tisseries et de chocolat. Le moins que l\u2019on puisse dire, c\u2019est que cela ne m\u2019int\u00e9ressait pas vraiment. Je n\u2019aurais jamais pu m\u2019imaginer les efforts n\u00e9cessaires \u00e0 la confection d\u2019un pain d\u2019excellente qualit\u00e9.<br>Dans le village dans lequel j\u2019ai grandi, nous avons toujours achet\u00e9 le fromage et les yogourts \u00e0 la fromagerie, et le pain chez le boulanger. Mais en grandissant, j\u2019ai d\u00fb veiller de plus en plus \u00e0 mes finances. Je me suis donc de moins en moins souci\u00e9e d\u2019o\u00f9 venait la nourriture\u2009; pourvu qu\u2019elle \u00e9tait bon march\u00e9. Peu m\u2019importait que les fraises soient de saison ou non, import\u00e9es d\u2019Espagne, de France ou du Mexique. J\u2019en mangeais d\u00e8s que j\u2019en trouvais en rayon.<\/p>\n\n\n\n<p>Retour de la conscience<br>Avec ma nouvelle activit\u00e9 au sein de la BCS, la conscience de mon enfance est revenue. Elle s\u2019est m\u00eame renforc\u00e9e. Le sujet est r\u00e9current au quotidien. Mes connaissances en la mati\u00e8re ne cessent de s\u2019\u00e9toffer, tant le secteur que les personnes qui font de grandes choses jour apr\u00e8s jour me tiennent de plus en plus \u00e0 c\u0153ur.<br>Il est important \u00e0 mes yeux de savoir d\u2019o\u00f9 viennent les aliments que je mange\u2009; dont le chocolat et le pain. Je paie volontiers plus \u00e0 cet effet chez les boulangers-confiseurs, parce que je connais maintenant l\u2019importance du travail et de la passion qui se cachent derri\u00e8re chaque produit.<br>Les diff\u00e9rences de qualit\u00e9 par rapport aux grands distributeurs sont consid\u00e9rables. Et en plus, le sandwich de midi est d\u2019autant plus bon que le service est courtois et comp\u00e9tent\u2009!<\/p>\n\n\n\n<p>R\u00e9gionalit\u00e9 et artisanat<br>Lorsque je discute avec des amis, mon entourage ou ma famille, je ne peux m\u2019emp\u00eacher de les sensibiliser au sujet, car je pense que beaucoup de gens, comme moi, n\u2019ont pas vraiment conscience des enjeux. J\u2019aime m\u2019engager en la mati\u00e8re. J\u2019aimerais qu\u2019\u00e0 l\u2019avenir notre soci\u00e9t\u00e9 modifie sa fa\u00e7on de penser en vue de miser sur une consommation responsable, et de promouvoir l\u2019artisanat et les produits suisses.<br>J\u2019ai trouv\u00e9 un emploi int\u00e9ressant et enrichissant au sein de la BCS. Il me permet \u00e9galement de me mobiliser avec passion et engagement pour le secteur artisanal.<\/p>\n","protected":false},"excerpt":{"rendered":"<p>Lorsque j\u2019ai postul\u00e9 aupr\u00e8s de l\u2019Association suisse des patrons boulangers-confiseurs (BCS), je ne savais pas encore \u00e0 quoi m\u2019attendre. Je ne me suis jamais, ou rarement, pr\u00e9occup\u00e9e de la fabrication de pain, de produits de boulangerie, p\u00e2tisseries et de chocolat. Le moins que l\u2019on puisse dire, c\u2019est que cela ne m\u2019int\u00e9ressait pas vraiment. Je n\u2019aurais jamais pu m\u2019imaginer les efforts [&hellip;]<\/p>\n","protected":false},"author":1,"featured_media":6175,"comment_status":"open","ping_status":"closed","sticky":false,"template":"","format":"standard","meta":{"_acf_changed":false,"footnotes":""},"categories":[45],"tags":[],"class_list":["post-10513","post","type-post","status-publish","format-standard","has-post-thumbnail","hentry","category-environnement-professionnel"],"acf":[],"yoast_head":"<!-- This site is optimized with the Yoast SEO Premium plugin v26.8 (Yoast SEO v26.8) - https:\/\/yoast.com\/product\/yoast-seo-premium-wordpress\/ -->\n<title>Consommation responsable | SBC<\/title>\n<meta name=\"robots\" content=\"index, follow, max-snippet:-1, max-image-preview:large, max-video-preview:-1\" \/>\n<link rel=\"canonical\" href=\"https:\/\/swissbaker.ch\/fr\/panissimo-news\/consommation-responsable\/\" \/>\n<meta property=\"og:locale\" content=\"fr_FR\" \/>\n<meta property=\"og:type\" content=\"article\" \/>\n<meta property=\"og:title\" content=\"Consommation responsable\" \/>\n<meta property=\"og:description\" content=\"Lorsque j\u2019ai postul\u00e9 aupr\u00e8s de l\u2019Association suisse des patrons boulangers-confiseurs (BCS), je ne savais pas encore \u00e0 quoi m\u2019attendre. Je ne me suis jamais, ou rarement, pr\u00e9occup\u00e9e de la fabrication de pain, de produits de boulangerie, p\u00e2tisseries et de chocolat. Le moins que l\u2019on puisse dire, c\u2019est que cela ne m\u2019int\u00e9ressait pas vraiment. Je n\u2019aurais jamais pu m\u2019imaginer les efforts [&hellip;]\" \/>\n<meta property=\"og:url\" content=\"https:\/\/swissbaker.ch\/fr\/panissimo-news\/consommation-responsable\/\" \/>\n<meta property=\"og:site_name\" content=\"SBC\" \/>\n<meta property=\"article:publisher\" content=\"https:\/\/www.facebook.com\/swissbaker.ch\" \/>\n<meta property=\"article:published_time\" content=\"2019-07-17T09:31:00+00:00\" \/>\n<meta property=\"article:modified_time\" content=\"2022-05-20T14:11:56+00:00\" \/>\n<meta property=\"og:image\" content=\"https:\/\/swissbaker.ch\/wp-content\/uploads\/2022\/04\/NL-14.2-Bewusster-konsumieren.jpg\" \/>\n\t<meta property=\"og:image:width\" content=\"800\" \/>\n\t<meta property=\"og:image:height\" content=\"474\" \/>\n\t<meta property=\"og:image:type\" content=\"image\/jpeg\" \/>\n<meta name=\"author\" content=\"azureart\" \/>\n<meta name=\"twitter:card\" content=\"summary_large_image\" \/>\n<meta name=\"twitter:creator\" content=\"@ch_swissbaker\" \/>\n<meta name=\"twitter:site\" content=\"@ch_swissbaker\" \/>\n<meta name=\"twitter:label1\" content=\"Written by\" \/>\n\t<meta name=\"twitter:data1\" content=\"azureart\" \/>\n\t<meta name=\"twitter:label2\" content=\"Est. reading time\" \/>\n\t<meta name=\"twitter:data2\" content=\"3 minutes\" \/>\n<script type=\"application\/ld+json\" class=\"yoast-schema-graph\">{\"@context\":\"https:\/\/schema.org\",\"@graph\":[{\"@type\":\"Article\",\"@id\":\"https:\/\/swissbaker.ch\/fr\/panissimo-news\/consommation-responsable\/#article\",\"isPartOf\":{\"@id\":\"https:\/\/swissbaker.ch\/fr\/panissimo-news\/consommation-responsable\/\"},\"author\":{\"name\":\"azureart\",\"@id\":\"https:\/\/swissbaker.ch\/fr\/#\/schema\/person\/058ac47619f7da53df62aba60f939b78\"},\"headline\":\"Consommation responsable\",\"datePublished\":\"2019-07-17T09:31:00+00:00\",\"dateModified\":\"2022-05-20T14:11:56+00:00\",\"mainEntityOfPage\":{\"@id\":\"https:\/\/swissbaker.ch\/fr\/panissimo-news\/consommation-responsable\/\"},\"wordCount\":433,\"commentCount\":0,\"publisher\":{\"@id\":\"https:\/\/swissbaker.ch\/fr\/#organization\"},\"image\":{\"@id\":\"https:\/\/swissbaker.ch\/fr\/panissimo-news\/consommation-responsable\/#primaryimage\"},\"thumbnailUrl\":\"https:\/\/swissbaker.ch\/wp-content\/uploads\/2022\/04\/NL-14.2-Bewusster-konsumieren.jpg\",\"articleSection\":[\"Environnement professionnel\"],\"inLanguage\":\"fr-FR\",\"potentialAction\":[{\"@type\":\"CommentAction\",\"name\":\"Comment\",\"target\":[\"https:\/\/swissbaker.ch\/fr\/panissimo-news\/consommation-responsable\/#respond\"]}]},{\"@type\":\"WebPage\",\"@id\":\"https:\/\/swissbaker.ch\/fr\/panissimo-news\/consommation-responsable\/\",\"url\":\"https:\/\/swissbaker.ch\/fr\/panissimo-news\/consommation-responsable\/\",\"name\":\"Consommation responsable | SBC\",\"isPartOf\":{\"@id\":\"https:\/\/swissbaker.ch\/fr\/#website\"},\"primaryImageOfPage\":{\"@id\":\"https:\/\/swissbaker.ch\/fr\/panissimo-news\/consommation-responsable\/#primaryimage\"},\"image\":{\"@id\":\"https:\/\/swissbaker.ch\/fr\/panissimo-news\/consommation-responsable\/#primaryimage\"},\"thumbnailUrl\":\"https:\/\/swissbaker.ch\/wp-content\/uploads\/2022\/04\/NL-14.2-Bewusster-konsumieren.jpg\",\"datePublished\":\"2019-07-17T09:31:00+00:00\",\"dateModified\":\"2022-05-20T14:11:56+00:00\",\"breadcrumb\":{\"@id\":\"https:\/\/swissbaker.ch\/fr\/panissimo-news\/consommation-responsable\/#breadcrumb\"},\"inLanguage\":\"fr-FR\",\"potentialAction\":[{\"@type\":\"ReadAction\",\"target\":[\"https:\/\/swissbaker.ch\/fr\/panissimo-news\/consommation-responsable\/\"]}]},{\"@type\":\"ImageObject\",\"inLanguage\":\"fr-FR\",\"@id\":\"https:\/\/swissbaker.ch\/fr\/panissimo-news\/consommation-responsable\/#primaryimage\",\"url\":\"https:\/\/swissbaker.ch\/wp-content\/uploads\/2022\/04\/NL-14.2-Bewusster-konsumieren.jpg\",\"contentUrl\":\"https:\/\/swissbaker.ch\/wp-content\/uploads\/2022\/04\/NL-14.2-Bewusster-konsumieren.jpg\",\"width\":800,\"height\":474,\"caption\":\"Consommation responsable\"},{\"@type\":\"BreadcrumbList\",\"@id\":\"https:\/\/swissbaker.ch\/fr\/panissimo-news\/consommation-responsable\/#breadcrumb\",\"itemListElement\":[{\"@type\":\"ListItem\",\"position\":1,\"name\":\"\",\"item\":\"https:\/\/swissbaker.ch\/fr\/\"},{\"@type\":\"ListItem\",\"position\":2,\"name\":\"Environnement professionnel\",\"item\":\"https:\/\/swissbaker.ch\/fr\/panissimo-news\/category\/environnement-professionnel\/\"},{\"@type\":\"ListItem\",\"position\":3,\"name\":\"Consommation responsable\"}]},{\"@type\":\"WebSite\",\"@id\":\"https:\/\/swissbaker.ch\/fr\/#website\",\"url\":\"https:\/\/swissbaker.ch\/fr\/\",\"name\":\"SBC\",\"description\":\"\",\"publisher\":{\"@id\":\"https:\/\/swissbaker.ch\/fr\/#organization\"},\"potentialAction\":[{\"@type\":\"SearchAction\",\"target\":{\"@type\":\"EntryPoint\",\"urlTemplate\":\"https:\/\/swissbaker.ch\/fr\/?s={search_term_string}\"},\"query-input\":{\"@type\":\"PropertyValueSpecification\",\"valueRequired\":true,\"valueName\":\"search_term_string\"}}],\"inLanguage\":\"fr-FR\"},{\"@type\":\"Organization\",\"@id\":\"https:\/\/swissbaker.ch\/fr\/#organization\",\"name\":\"Schweizerischer B\u00e4cker-Confiseurmeister-Verband\",\"url\":\"https:\/\/swissbaker.ch\/fr\/\",\"logo\":{\"@type\":\"ImageObject\",\"inLanguage\":\"fr-FR\",\"@id\":\"https:\/\/swissbaker.ch\/fr\/#\/schema\/logo\/image\/\",\"url\":\"https:\/\/swissbaker.ch\/wp-content\/uploads\/2022\/04\/sbc-logo-yoast.jpg\",\"contentUrl\":\"https:\/\/swissbaker.ch\/wp-content\/uploads\/2022\/04\/sbc-logo-yoast.jpg\",\"width\":512,\"height\":512,\"caption\":\"Schweizerischer B\u00e4cker-Confiseurmeister-Verband\"},\"image\":{\"@id\":\"https:\/\/swissbaker.ch\/fr\/#\/schema\/logo\/image\/\"},\"sameAs\":[\"https:\/\/www.facebook.com\/swissbaker.ch\",\"https:\/\/x.com\/ch_swissbaker\"]},{\"@type\":\"Person\",\"@id\":\"https:\/\/swissbaker.ch\/fr\/#\/schema\/person\/058ac47619f7da53df62aba60f939b78\",\"name\":\"azureart\",\"image\":{\"@type\":\"ImageObject\",\"inLanguage\":\"fr-FR\",\"@id\":\"https:\/\/swissbaker.ch\/fr\/#\/schema\/person\/image\/\",\"url\":\"https:\/\/secure.gravatar.com\/avatar\/be04dd3098fd612c83067af4f7a295384c93cb6a9112f51beb9d2f477d25da61?s=96&d=mm&r=g\",\"contentUrl\":\"https:\/\/secure.gravatar.com\/avatar\/be04dd3098fd612c83067af4f7a295384c93cb6a9112f51beb9d2f477d25da61?s=96&d=mm&r=g\",\"caption\":\"azureart\"},\"sameAs\":[\"https:\/\/swissbaker.ch\"],\"url\":\"https:\/\/swissbaker.ch\/fr\/panissimo-news\/author\/pixel-ahoi\/\"}]}<\/script>\n<!-- \/ Yoast SEO Premium plugin. -->","yoast_head_json":{"title":"Consommation responsable | SBC","robots":{"index":"index","follow":"follow","max-snippet":"max-snippet:-1","max-image-preview":"max-image-preview:large","max-video-preview":"max-video-preview:-1"},"canonical":"https:\/\/swissbaker.ch\/fr\/panissimo-news\/consommation-responsable\/","og_locale":"fr_FR","og_type":"article","og_title":"Consommation responsable","og_description":"Lorsque j\u2019ai postul\u00e9 aupr\u00e8s de l\u2019Association suisse des patrons boulangers-confiseurs (BCS), je ne savais pas encore \u00e0 quoi m\u2019attendre. Je ne me suis jamais, ou rarement, pr\u00e9occup\u00e9e de la fabrication de pain, de produits de boulangerie, p\u00e2tisseries et de chocolat. Le moins que l\u2019on puisse dire, c\u2019est que cela ne m\u2019int\u00e9ressait pas vraiment. Je n\u2019aurais jamais pu m\u2019imaginer les efforts [&hellip;]","og_url":"https:\/\/swissbaker.ch\/fr\/panissimo-news\/consommation-responsable\/","og_site_name":"SBC","article_publisher":"https:\/\/www.facebook.com\/swissbaker.ch","article_published_time":"2019-07-17T09:31:00+00:00","article_modified_time":"2022-05-20T14:11:56+00:00","og_image":[{"width":800,"height":474,"url":"https:\/\/swissbaker.ch\/wp-content\/uploads\/2022\/04\/NL-14.2-Bewusster-konsumieren.jpg","type":"image\/jpeg"}],"author":"azureart","twitter_card":"summary_large_image","twitter_creator":"@ch_swissbaker","twitter_site":"@ch_swissbaker","twitter_misc":{"Written by":"azureart","Est. reading time":"3 minutes"},"schema":{"@context":"https:\/\/schema.org","@graph":[{"@type":"Article","@id":"https:\/\/swissbaker.ch\/fr\/panissimo-news\/consommation-responsable\/#article","isPartOf":{"@id":"https:\/\/swissbaker.ch\/fr\/panissimo-news\/consommation-responsable\/"},"author":{"name":"azureart","@id":"https:\/\/swissbaker.ch\/fr\/#\/schema\/person\/058ac47619f7da53df62aba60f939b78"},"headline":"Consommation responsable","datePublished":"2019-07-17T09:31:00+00:00","dateModified":"2022-05-20T14:11:56+00:00","mainEntityOfPage":{"@id":"https:\/\/swissbaker.ch\/fr\/panissimo-news\/consommation-responsable\/"},"wordCount":433,"commentCount":0,"publisher":{"@id":"https:\/\/swissbaker.ch\/fr\/#organization"},"image":{"@id":"https:\/\/swissbaker.ch\/fr\/panissimo-news\/consommation-responsable\/#primaryimage"},"thumbnailUrl":"https:\/\/swissbaker.ch\/wp-content\/uploads\/2022\/04\/NL-14.2-Bewusster-konsumieren.jpg","articleSection":["Environnement professionnel"],"inLanguage":"fr-FR","potentialAction":[{"@type":"CommentAction","name":"Comment","target":["https:\/\/swissbaker.ch\/fr\/panissimo-news\/consommation-responsable\/#respond"]}]},{"@type":"WebPage","@id":"https:\/\/swissbaker.ch\/fr\/panissimo-news\/consommation-responsable\/","url":"https:\/\/swissbaker.ch\/fr\/panissimo-news\/consommation-responsable\/","name":"Consommation responsable | SBC","isPartOf":{"@id":"https:\/\/swissbaker.ch\/fr\/#website"},"primaryImageOfPage":{"@id":"https:\/\/swissbaker.ch\/fr\/panissimo-news\/consommation-responsable\/#primaryimage"},"image":{"@id":"https:\/\/swissbaker.ch\/fr\/panissimo-news\/consommation-responsable\/#primaryimage"},"thumbnailUrl":"https:\/\/swissbaker.ch\/wp-content\/uploads\/2022\/04\/NL-14.2-Bewusster-konsumieren.jpg","datePublished":"2019-07-17T09:31:00+00:00","dateModified":"2022-05-20T14:11:56+00:00","breadcrumb":{"@id":"https:\/\/swissbaker.ch\/fr\/panissimo-news\/consommation-responsable\/#breadcrumb"},"inLanguage":"fr-FR","potentialAction":[{"@type":"ReadAction","target":["https:\/\/swissbaker.ch\/fr\/panissimo-news\/consommation-responsable\/"]}]},{"@type":"ImageObject","inLanguage":"fr-FR","@id":"https:\/\/swissbaker.ch\/fr\/panissimo-news\/consommation-responsable\/#primaryimage","url":"https:\/\/swissbaker.ch\/wp-content\/uploads\/2022\/04\/NL-14.2-Bewusster-konsumieren.jpg","contentUrl":"https:\/\/swissbaker.ch\/wp-content\/uploads\/2022\/04\/NL-14.2-Bewusster-konsumieren.jpg","width":800,"height":474,"caption":"Consommation responsable"},{"@type":"BreadcrumbList","@id":"https:\/\/swissbaker.ch\/fr\/panissimo-news\/consommation-responsable\/#breadcrumb","itemListElement":[{"@type":"ListItem","position":1,"name":"","item":"https:\/\/swissbaker.ch\/fr\/"},{"@type":"ListItem","position":2,"name":"Environnement professionnel","item":"https:\/\/swissbaker.ch\/fr\/panissimo-news\/category\/environnement-professionnel\/"},{"@type":"ListItem","position":3,"name":"Consommation responsable"}]},{"@type":"WebSite","@id":"https:\/\/swissbaker.ch\/fr\/#website","url":"https:\/\/swissbaker.ch\/fr\/","name":"SBC","description":"","publisher":{"@id":"https:\/\/swissbaker.ch\/fr\/#organization"},"potentialAction":[{"@type":"SearchAction","target":{"@type":"EntryPoint","urlTemplate":"https:\/\/swissbaker.ch\/fr\/?s={search_term_string}"},"query-input":{"@type":"PropertyValueSpecification","valueRequired":true,"valueName":"search_term_string"}}],"inLanguage":"fr-FR"},{"@type":"Organization","@id":"https:\/\/swissbaker.ch\/fr\/#organization","name":"Schweizerischer B\u00e4cker-Confiseurmeister-Verband","url":"https:\/\/swissbaker.ch\/fr\/","logo":{"@type":"ImageObject","inLanguage":"fr-FR","@id":"https:\/\/swissbaker.ch\/fr\/#\/schema\/logo\/image\/","url":"https:\/\/swissbaker.ch\/wp-content\/uploads\/2022\/04\/sbc-logo-yoast.jpg","contentUrl":"https:\/\/swissbaker.ch\/wp-content\/uploads\/2022\/04\/sbc-logo-yoast.jpg","width":512,"height":512,"caption":"Schweizerischer B\u00e4cker-Confiseurmeister-Verband"},"image":{"@id":"https:\/\/swissbaker.ch\/fr\/#\/schema\/logo\/image\/"},"sameAs":["https:\/\/www.facebook.com\/swissbaker.ch","https:\/\/x.com\/ch_swissbaker"]},{"@type":"Person","@id":"https:\/\/swissbaker.ch\/fr\/#\/schema\/person\/058ac47619f7da53df62aba60f939b78","name":"azureart","image":{"@type":"ImageObject","inLanguage":"fr-FR","@id":"https:\/\/swissbaker.ch\/fr\/#\/schema\/person\/image\/","url":"https:\/\/secure.gravatar.com\/avatar\/be04dd3098fd612c83067af4f7a295384c93cb6a9112f51beb9d2f477d25da61?s=96&d=mm&r=g","contentUrl":"https:\/\/secure.gravatar.com\/avatar\/be04dd3098fd612c83067af4f7a295384c93cb6a9112f51beb9d2f477d25da61?s=96&d=mm&r=g","caption":"azureart"},"sameAs":["https:\/\/swissbaker.ch"],"url":"https:\/\/swissbaker.ch\/fr\/panissimo-news\/author\/pixel-ahoi\/"}]}},"_links":{"self":[{"href":"https:\/\/swissbaker.ch\/fr\/wp-json\/wp\/v2\/posts\/10513","targetHints":{"allow":["GET"]}}],"collection":[{"href":"https:\/\/swissbaker.ch\/fr\/wp-json\/wp\/v2\/posts"}],"about":[{"href":"https:\/\/swissbaker.ch\/fr\/wp-json\/wp\/v2\/types\/post"}],"author":[{"embeddable":true,"href":"https:\/\/swissbaker.ch\/fr\/wp-json\/wp\/v2\/users\/1"}],"replies":[{"embeddable":true,"href":"https:\/\/swissbaker.ch\/fr\/wp-json\/wp\/v2\/comments?post=10513"}],"version-history":[{"count":0,"href":"https:\/\/swissbaker.ch\/fr\/wp-json\/wp\/v2\/posts\/10513\/revisions"}],"wp:featuredmedia":[{"embeddable":true,"href":"https:\/\/swissbaker.ch\/fr\/wp-json\/wp\/v2\/media\/6175"}],"wp:attachment":[{"href":"https:\/\/swissbaker.ch\/fr\/wp-json\/wp\/v2\/media?parent=10513"}],"wp:term":[{"taxonomy":"category","embeddable":true,"href":"https:\/\/swissbaker.ch\/fr\/wp-json\/wp\/v2\/categories?post=10513"},{"taxonomy":"post_tag","embeddable":true,"href":"https:\/\/swissbaker.ch\/fr\/wp-json\/wp\/v2\/tags?post=10513"}],"curies":[{"name":"wp","href":"https:\/\/api.w.org\/{rel}","templated":true}]}}