{"id":10501,"date":"2019-07-18T16:03:00","date_gmt":"2019-07-18T14:03:00","guid":{"rendered":"https:\/\/swissbaker.ch\/?p=10501"},"modified":"2022-05-20T16:09:01","modified_gmt":"2022-05-20T14:09:01","slug":"il-est-temps-de-faire-evoluer-cette-loi","status":"publish","type":"post","link":"https:\/\/swissbaker.ch\/fr\/panissimo-news\/il-est-temps-de-faire-evoluer-cette-loi\/","title":{"rendered":"\u00ab\u2009Il est temps de faire \u00e9voluer cette loi\u2009\u00bb"},"content":{"rendered":"\n<p><strong>Depuis le d\u00e9but de l\u2019ann\u00e9e, deux entreprises vaudoises doivent cesser l\u2019exploitation de leur espace \u00e9picerie le dimanche. Elles ne sont pas en conformit\u00e9 avec l\u2019Ordonnance 2 de la Loi du travail. Deux autres cas sont examin\u00e9s dans le canton. Le reste du pays n\u2019est pas pour autant \u00e0 l\u2019abri. Explications\u2026<\/strong><\/p>\n\n\n\n<p>Depuis 1996, Claude-Alain Collaud exploite La ronde des pains, dans la Vall\u00e9e de Joux. Il poss\u00e8de trois boulangeries\u2009: aux Charbonni\u00e8res (VD), aux Bioux (VD) et au Sentier (VD). Elles sont toutes coupl\u00e9es \u00e0 une \u00e9picerie. Au Sentier, l\u2019artisan exploite le satellite Denner situ\u00e9 au-dessus de son laboratoire, depuis 2015. \u00ab\u2009Nous avons tout refait. Aujourd\u2019hui, nous avons des dettes.\u2009\u00bb L\u2019exploitation du supermarch\u00e9 de 400 m2 contribue grandement au remboursement. Les clients sont nombreux \u00e0 venir y faire leurs emplettes, principalement le dimanche. Le gros du chiffre d\u2019affaires est d\u2019ailleurs fait ce jour-l\u00e0. L\u2019avenir de sa soci\u00e9t\u00e9 semble toutefois bien moins radieux qu\u2019il n\u2019y para\u00eet.<\/p>\n\n\n\n<h2 class=\"wp-block-heading\" id=\"h-articles-maison-vs-produits-de-grande-distribution\">Articles maison vs produits de grande distribution<\/h2>\n\n\n\n<p>En d\u00e9but d\u2019ann\u00e9e, un inspecteur du service de l\u2019emploi a contr\u00f4l\u00e9 l\u2019\u00e9tablissement de M. Collaud. \u00ab\u2009La visite s\u2019est faite \u00e0 la suite d\u2019une d\u00e9nonciation\u2009\u00bb, pr\u00e9cise le patron. Au terme de l\u2019inspection, les nouvelles ne sont pas bonnes\u2009: l\u2019artisan ne peut plus ouvrir son commerce le dimanche en l\u2019\u00e9tat. La raison\u2009? Son exploitation n\u2019est pas conforme aux exigences de l\u2019Ordonnance\u202f2 de la Loi du travail (OLT 2).<br>Les boulangeries-confiseries peuvent employer du personnel \u00e0 la vente le dimanche, comme l\u2019autorise l\u2019alin\u00e9a 2 de l\u2019article 27 de l\u2019OLT\u202f2. Cependant, \u00ab\u2009sont r\u00e9put\u00e9es boulangeries, p\u00e2tisseries ou confiseries\u2009\u00bb, comme le pr\u00e9cise l\u2019alin\u00e9a 3, \u00ab\u2009les entreprises dont l\u2019activit\u00e9 consiste \u00e0 confectionner des articles de boulangerie, de p\u00e2tisserie ou de confiserie ainsi que leurs magasins, pour autant qu\u2019y soient majoritairement vendus des produits de leur propre fabrication.\u2009\u00bb La non-conformit\u00e9 du point de vente du Sentier repose pr\u00e9cis\u00e9ment l\u00e0. Les articles de l\u2019entreprise ne sont plus majoritaires. Le commerce n\u2019est donc plus consid\u00e9r\u00e9 comme une boulangerie-confiserie. L\u2019autorisation de faire travailler du personnel de vente le dimanche tombe. Une mise en conformit\u00e9 est d\u00e8s lors n\u00e9cessaire.<\/p>\n\n\n\n<h2 class=\"wp-block-heading\" id=\"h-entreprise-en-peril\">Entreprise en p\u00e9ril<\/h2>\n\n\n\n<p>Deux solutions\u2009: travailler en famille ou r\u00e9duire l\u2019assortiment des produits ne provenant pas de la boulangerie\u2026<\/p>\n\n\n\n<p>Suite \u00e0 lire dans l&#8217;\u00e9dition du \u00ab panissimo \u00bb N\u00b0 14 du 12 juillet.<\/p>\n","protected":false},"excerpt":{"rendered":"<p>Depuis le d\u00e9but de l\u2019ann\u00e9e, deux entreprises vaudoises doivent cesser l\u2019exploitation de leur espace \u00e9picerie le dimanche. Elles ne sont pas en conformit\u00e9 avec l\u2019Ordonnance 2 de la Loi du travail. Deux autres cas sont examin\u00e9s dans le canton. Le reste du pays n\u2019est pas pour autant \u00e0 l\u2019abri. Explications\u2026 Depuis 1996, Claude-Alain Collaud exploite La ronde des pains, dans [&hellip;]<\/p>\n","protected":false},"author":1,"featured_media":10502,"comment_status":"open","ping_status":"closed","sticky":false,"template":"","format":"standard","meta":{"_acf_changed":false,"footnotes":""},"categories":[45],"tags":[],"class_list":["post-10501","post","type-post","status-publish","format-standard","has-post-thumbnail","hentry","category-environnement-professionnel"],"acf":[],"yoast_head":"<!-- This site is optimized with the Yoast SEO Premium plugin v26.8 (Yoast SEO v26.8) - https:\/\/yoast.com\/product\/yoast-seo-premium-wordpress\/ -->\n<title>\u00ab\u2009Il est temps de faire \u00e9voluer cette loi\u2009\u00bb | SBC<\/title>\n<meta name=\"robots\" content=\"index, follow, max-snippet:-1, max-image-preview:large, max-video-preview:-1\" \/>\n<link rel=\"canonical\" href=\"https:\/\/swissbaker.ch\/fr\/panissimo-news\/il-est-temps-de-faire-evoluer-cette-loi\/\" \/>\n<meta property=\"og:locale\" content=\"fr_FR\" \/>\n<meta property=\"og:type\" content=\"article\" \/>\n<meta property=\"og:title\" content=\"\u00ab\u2009Il est temps de faire \u00e9voluer cette loi\u2009\u00bb\" \/>\n<meta property=\"og:description\" content=\"Depuis le d\u00e9but de l\u2019ann\u00e9e, deux entreprises vaudoises doivent cesser l\u2019exploitation de leur espace \u00e9picerie le dimanche. Elles ne sont pas en conformit\u00e9 avec l\u2019Ordonnance 2 de la Loi du travail. Deux autres cas sont examin\u00e9s dans le canton. Le reste du pays n\u2019est pas pour autant \u00e0 l\u2019abri. Explications\u2026 Depuis 1996, Claude-Alain Collaud exploite La ronde des pains, dans [&hellip;]\" \/>\n<meta property=\"og:url\" content=\"https:\/\/swissbaker.ch\/fr\/panissimo-news\/il-est-temps-de-faire-evoluer-cette-loi\/\" \/>\n<meta property=\"og:site_name\" content=\"SBC\" \/>\n<meta property=\"article:publisher\" content=\"https:\/\/www.facebook.com\/swissbaker.ch\" \/>\n<meta property=\"article:published_time\" content=\"2019-07-18T14:03:00+00:00\" \/>\n<meta property=\"article:modified_time\" content=\"2022-05-20T14:09:01+00:00\" \/>\n<meta property=\"og:image\" content=\"https:\/\/swissbaker.ch\/wp-content\/uploads\/2022\/05\/nl-14.2-ouverture-dominicale.jpg\" \/>\n\t<meta property=\"og:image:width\" content=\"800\" \/>\n\t<meta property=\"og:image:height\" content=\"474\" \/>\n\t<meta property=\"og:image:type\" content=\"image\/jpeg\" \/>\n<meta name=\"author\" content=\"azureart\" \/>\n<meta name=\"twitter:card\" content=\"summary_large_image\" \/>\n<meta name=\"twitter:creator\" content=\"@ch_swissbaker\" \/>\n<meta name=\"twitter:site\" content=\"@ch_swissbaker\" \/>\n<meta name=\"twitter:label1\" content=\"Written by\" \/>\n\t<meta name=\"twitter:data1\" content=\"azureart\" \/>\n\t<meta name=\"twitter:label2\" content=\"Est. reading time\" \/>\n\t<meta name=\"twitter:data2\" content=\"3 minutes\" \/>\n<script type=\"application\/ld+json\" class=\"yoast-schema-graph\">{\"@context\":\"https:\/\/schema.org\",\"@graph\":[{\"@type\":\"Article\",\"@id\":\"https:\/\/swissbaker.ch\/fr\/panissimo-news\/il-est-temps-de-faire-evoluer-cette-loi\/#article\",\"isPartOf\":{\"@id\":\"https:\/\/swissbaker.ch\/fr\/panissimo-news\/il-est-temps-de-faire-evoluer-cette-loi\/\"},\"author\":{\"name\":\"azureart\",\"@id\":\"https:\/\/swissbaker.ch\/fr\/#\/schema\/person\/058ac47619f7da53df62aba60f939b78\"},\"headline\":\"\u00ab\u2009Il est temps de faire \u00e9voluer cette loi\u2009\u00bb\",\"datePublished\":\"2019-07-18T14:03:00+00:00\",\"dateModified\":\"2022-05-20T14:09:01+00:00\",\"mainEntityOfPage\":{\"@id\":\"https:\/\/swissbaker.ch\/fr\/panissimo-news\/il-est-temps-de-faire-evoluer-cette-loi\/\"},\"wordCount\":422,\"commentCount\":0,\"publisher\":{\"@id\":\"https:\/\/swissbaker.ch\/fr\/#organization\"},\"image\":{\"@id\":\"https:\/\/swissbaker.ch\/fr\/panissimo-news\/il-est-temps-de-faire-evoluer-cette-loi\/#primaryimage\"},\"thumbnailUrl\":\"https:\/\/swissbaker.ch\/wp-content\/uploads\/2022\/05\/nl-14.2-ouverture-dominicale.jpg\",\"articleSection\":[\"Environnement professionnel\"],\"inLanguage\":\"fr-FR\",\"potentialAction\":[{\"@type\":\"CommentAction\",\"name\":\"Comment\",\"target\":[\"https:\/\/swissbaker.ch\/fr\/panissimo-news\/il-est-temps-de-faire-evoluer-cette-loi\/#respond\"]}]},{\"@type\":\"WebPage\",\"@id\":\"https:\/\/swissbaker.ch\/fr\/panissimo-news\/il-est-temps-de-faire-evoluer-cette-loi\/\",\"url\":\"https:\/\/swissbaker.ch\/fr\/panissimo-news\/il-est-temps-de-faire-evoluer-cette-loi\/\",\"name\":\"\u00ab\u2009Il est temps de faire \u00e9voluer cette loi\u2009\u00bb | SBC\",\"isPartOf\":{\"@id\":\"https:\/\/swissbaker.ch\/fr\/#website\"},\"primaryImageOfPage\":{\"@id\":\"https:\/\/swissbaker.ch\/fr\/panissimo-news\/il-est-temps-de-faire-evoluer-cette-loi\/#primaryimage\"},\"image\":{\"@id\":\"https:\/\/swissbaker.ch\/fr\/panissimo-news\/il-est-temps-de-faire-evoluer-cette-loi\/#primaryimage\"},\"thumbnailUrl\":\"https:\/\/swissbaker.ch\/wp-content\/uploads\/2022\/05\/nl-14.2-ouverture-dominicale.jpg\",\"datePublished\":\"2019-07-18T14:03:00+00:00\",\"dateModified\":\"2022-05-20T14:09:01+00:00\",\"breadcrumb\":{\"@id\":\"https:\/\/swissbaker.ch\/fr\/panissimo-news\/il-est-temps-de-faire-evoluer-cette-loi\/#breadcrumb\"},\"inLanguage\":\"fr-FR\",\"potentialAction\":[{\"@type\":\"ReadAction\",\"target\":[\"https:\/\/swissbaker.ch\/fr\/panissimo-news\/il-est-temps-de-faire-evoluer-cette-loi\/\"]}]},{\"@type\":\"ImageObject\",\"inLanguage\":\"fr-FR\",\"@id\":\"https:\/\/swissbaker.ch\/fr\/panissimo-news\/il-est-temps-de-faire-evoluer-cette-loi\/#primaryimage\",\"url\":\"https:\/\/swissbaker.ch\/wp-content\/uploads\/2022\/05\/nl-14.2-ouverture-dominicale.jpg\",\"contentUrl\":\"https:\/\/swissbaker.ch\/wp-content\/uploads\/2022\/05\/nl-14.2-ouverture-dominicale.jpg\",\"width\":800,\"height\":474,\"caption\":\"\u00ab\u2009Il est temps de faire \u00e9voluer cette loi\u2009\u00bb\"},{\"@type\":\"BreadcrumbList\",\"@id\":\"https:\/\/swissbaker.ch\/fr\/panissimo-news\/il-est-temps-de-faire-evoluer-cette-loi\/#breadcrumb\",\"itemListElement\":[{\"@type\":\"ListItem\",\"position\":1,\"name\":\"\",\"item\":\"https:\/\/swissbaker.ch\/fr\/\"},{\"@type\":\"ListItem\",\"position\":2,\"name\":\"Environnement professionnel\",\"item\":\"https:\/\/swissbaker.ch\/fr\/panissimo-news\/category\/environnement-professionnel\/\"},{\"@type\":\"ListItem\",\"position\":3,\"name\":\"\u00ab\u2009Il est temps de faire \u00e9voluer cette loi\u2009\u00bb\"}]},{\"@type\":\"WebSite\",\"@id\":\"https:\/\/swissbaker.ch\/fr\/#website\",\"url\":\"https:\/\/swissbaker.ch\/fr\/\",\"name\":\"SBC\",\"description\":\"\",\"publisher\":{\"@id\":\"https:\/\/swissbaker.ch\/fr\/#organization\"},\"potentialAction\":[{\"@type\":\"SearchAction\",\"target\":{\"@type\":\"EntryPoint\",\"urlTemplate\":\"https:\/\/swissbaker.ch\/fr\/?s={search_term_string}\"},\"query-input\":{\"@type\":\"PropertyValueSpecification\",\"valueRequired\":true,\"valueName\":\"search_term_string\"}}],\"inLanguage\":\"fr-FR\"},{\"@type\":\"Organization\",\"@id\":\"https:\/\/swissbaker.ch\/fr\/#organization\",\"name\":\"Schweizerischer B\u00e4cker-Confiseurmeister-Verband\",\"url\":\"https:\/\/swissbaker.ch\/fr\/\",\"logo\":{\"@type\":\"ImageObject\",\"inLanguage\":\"fr-FR\",\"@id\":\"https:\/\/swissbaker.ch\/fr\/#\/schema\/logo\/image\/\",\"url\":\"https:\/\/swissbaker.ch\/wp-content\/uploads\/2022\/04\/sbc-logo-yoast.jpg\",\"contentUrl\":\"https:\/\/swissbaker.ch\/wp-content\/uploads\/2022\/04\/sbc-logo-yoast.jpg\",\"width\":512,\"height\":512,\"caption\":\"Schweizerischer B\u00e4cker-Confiseurmeister-Verband\"},\"image\":{\"@id\":\"https:\/\/swissbaker.ch\/fr\/#\/schema\/logo\/image\/\"},\"sameAs\":[\"https:\/\/www.facebook.com\/swissbaker.ch\",\"https:\/\/x.com\/ch_swissbaker\"]},{\"@type\":\"Person\",\"@id\":\"https:\/\/swissbaker.ch\/fr\/#\/schema\/person\/058ac47619f7da53df62aba60f939b78\",\"name\":\"azureart\",\"image\":{\"@type\":\"ImageObject\",\"inLanguage\":\"fr-FR\",\"@id\":\"https:\/\/swissbaker.ch\/fr\/#\/schema\/person\/image\/\",\"url\":\"https:\/\/secure.gravatar.com\/avatar\/be04dd3098fd612c83067af4f7a295384c93cb6a9112f51beb9d2f477d25da61?s=96&d=mm&r=g\",\"contentUrl\":\"https:\/\/secure.gravatar.com\/avatar\/be04dd3098fd612c83067af4f7a295384c93cb6a9112f51beb9d2f477d25da61?s=96&d=mm&r=g\",\"caption\":\"azureart\"},\"sameAs\":[\"https:\/\/swissbaker.ch\"],\"url\":\"https:\/\/swissbaker.ch\/fr\/panissimo-news\/author\/pixel-ahoi\/\"}]}<\/script>\n<!-- \/ Yoast SEO Premium plugin. -->","yoast_head_json":{"title":"\u00ab\u2009Il est temps de faire \u00e9voluer cette loi\u2009\u00bb | SBC","robots":{"index":"index","follow":"follow","max-snippet":"max-snippet:-1","max-image-preview":"max-image-preview:large","max-video-preview":"max-video-preview:-1"},"canonical":"https:\/\/swissbaker.ch\/fr\/panissimo-news\/il-est-temps-de-faire-evoluer-cette-loi\/","og_locale":"fr_FR","og_type":"article","og_title":"\u00ab\u2009Il est temps de faire \u00e9voluer cette loi\u2009\u00bb","og_description":"Depuis le d\u00e9but de l\u2019ann\u00e9e, deux entreprises vaudoises doivent cesser l\u2019exploitation de leur espace \u00e9picerie le dimanche. Elles ne sont pas en conformit\u00e9 avec l\u2019Ordonnance 2 de la Loi du travail. Deux autres cas sont examin\u00e9s dans le canton. Le reste du pays n\u2019est pas pour autant \u00e0 l\u2019abri. Explications\u2026 Depuis 1996, Claude-Alain Collaud exploite La ronde des pains, dans [&hellip;]","og_url":"https:\/\/swissbaker.ch\/fr\/panissimo-news\/il-est-temps-de-faire-evoluer-cette-loi\/","og_site_name":"SBC","article_publisher":"https:\/\/www.facebook.com\/swissbaker.ch","article_published_time":"2019-07-18T14:03:00+00:00","article_modified_time":"2022-05-20T14:09:01+00:00","og_image":[{"width":800,"height":474,"url":"https:\/\/swissbaker.ch\/wp-content\/uploads\/2022\/05\/nl-14.2-ouverture-dominicale.jpg","type":"image\/jpeg"}],"author":"azureart","twitter_card":"summary_large_image","twitter_creator":"@ch_swissbaker","twitter_site":"@ch_swissbaker","twitter_misc":{"Written by":"azureart","Est. reading time":"3 minutes"},"schema":{"@context":"https:\/\/schema.org","@graph":[{"@type":"Article","@id":"https:\/\/swissbaker.ch\/fr\/panissimo-news\/il-est-temps-de-faire-evoluer-cette-loi\/#article","isPartOf":{"@id":"https:\/\/swissbaker.ch\/fr\/panissimo-news\/il-est-temps-de-faire-evoluer-cette-loi\/"},"author":{"name":"azureart","@id":"https:\/\/swissbaker.ch\/fr\/#\/schema\/person\/058ac47619f7da53df62aba60f939b78"},"headline":"\u00ab\u2009Il est temps de faire \u00e9voluer cette loi\u2009\u00bb","datePublished":"2019-07-18T14:03:00+00:00","dateModified":"2022-05-20T14:09:01+00:00","mainEntityOfPage":{"@id":"https:\/\/swissbaker.ch\/fr\/panissimo-news\/il-est-temps-de-faire-evoluer-cette-loi\/"},"wordCount":422,"commentCount":0,"publisher":{"@id":"https:\/\/swissbaker.ch\/fr\/#organization"},"image":{"@id":"https:\/\/swissbaker.ch\/fr\/panissimo-news\/il-est-temps-de-faire-evoluer-cette-loi\/#primaryimage"},"thumbnailUrl":"https:\/\/swissbaker.ch\/wp-content\/uploads\/2022\/05\/nl-14.2-ouverture-dominicale.jpg","articleSection":["Environnement professionnel"],"inLanguage":"fr-FR","potentialAction":[{"@type":"CommentAction","name":"Comment","target":["https:\/\/swissbaker.ch\/fr\/panissimo-news\/il-est-temps-de-faire-evoluer-cette-loi\/#respond"]}]},{"@type":"WebPage","@id":"https:\/\/swissbaker.ch\/fr\/panissimo-news\/il-est-temps-de-faire-evoluer-cette-loi\/","url":"https:\/\/swissbaker.ch\/fr\/panissimo-news\/il-est-temps-de-faire-evoluer-cette-loi\/","name":"\u00ab\u2009Il est temps de faire \u00e9voluer cette loi\u2009\u00bb | SBC","isPartOf":{"@id":"https:\/\/swissbaker.ch\/fr\/#website"},"primaryImageOfPage":{"@id":"https:\/\/swissbaker.ch\/fr\/panissimo-news\/il-est-temps-de-faire-evoluer-cette-loi\/#primaryimage"},"image":{"@id":"https:\/\/swissbaker.ch\/fr\/panissimo-news\/il-est-temps-de-faire-evoluer-cette-loi\/#primaryimage"},"thumbnailUrl":"https:\/\/swissbaker.ch\/wp-content\/uploads\/2022\/05\/nl-14.2-ouverture-dominicale.jpg","datePublished":"2019-07-18T14:03:00+00:00","dateModified":"2022-05-20T14:09:01+00:00","breadcrumb":{"@id":"https:\/\/swissbaker.ch\/fr\/panissimo-news\/il-est-temps-de-faire-evoluer-cette-loi\/#breadcrumb"},"inLanguage":"fr-FR","potentialAction":[{"@type":"ReadAction","target":["https:\/\/swissbaker.ch\/fr\/panissimo-news\/il-est-temps-de-faire-evoluer-cette-loi\/"]}]},{"@type":"ImageObject","inLanguage":"fr-FR","@id":"https:\/\/swissbaker.ch\/fr\/panissimo-news\/il-est-temps-de-faire-evoluer-cette-loi\/#primaryimage","url":"https:\/\/swissbaker.ch\/wp-content\/uploads\/2022\/05\/nl-14.2-ouverture-dominicale.jpg","contentUrl":"https:\/\/swissbaker.ch\/wp-content\/uploads\/2022\/05\/nl-14.2-ouverture-dominicale.jpg","width":800,"height":474,"caption":"\u00ab\u2009Il est temps de faire \u00e9voluer cette loi\u2009\u00bb"},{"@type":"BreadcrumbList","@id":"https:\/\/swissbaker.ch\/fr\/panissimo-news\/il-est-temps-de-faire-evoluer-cette-loi\/#breadcrumb","itemListElement":[{"@type":"ListItem","position":1,"name":"","item":"https:\/\/swissbaker.ch\/fr\/"},{"@type":"ListItem","position":2,"name":"Environnement professionnel","item":"https:\/\/swissbaker.ch\/fr\/panissimo-news\/category\/environnement-professionnel\/"},{"@type":"ListItem","position":3,"name":"\u00ab\u2009Il est temps de faire \u00e9voluer cette loi\u2009\u00bb"}]},{"@type":"WebSite","@id":"https:\/\/swissbaker.ch\/fr\/#website","url":"https:\/\/swissbaker.ch\/fr\/","name":"SBC","description":"","publisher":{"@id":"https:\/\/swissbaker.ch\/fr\/#organization"},"potentialAction":[{"@type":"SearchAction","target":{"@type":"EntryPoint","urlTemplate":"https:\/\/swissbaker.ch\/fr\/?s={search_term_string}"},"query-input":{"@type":"PropertyValueSpecification","valueRequired":true,"valueName":"search_term_string"}}],"inLanguage":"fr-FR"},{"@type":"Organization","@id":"https:\/\/swissbaker.ch\/fr\/#organization","name":"Schweizerischer B\u00e4cker-Confiseurmeister-Verband","url":"https:\/\/swissbaker.ch\/fr\/","logo":{"@type":"ImageObject","inLanguage":"fr-FR","@id":"https:\/\/swissbaker.ch\/fr\/#\/schema\/logo\/image\/","url":"https:\/\/swissbaker.ch\/wp-content\/uploads\/2022\/04\/sbc-logo-yoast.jpg","contentUrl":"https:\/\/swissbaker.ch\/wp-content\/uploads\/2022\/04\/sbc-logo-yoast.jpg","width":512,"height":512,"caption":"Schweizerischer B\u00e4cker-Confiseurmeister-Verband"},"image":{"@id":"https:\/\/swissbaker.ch\/fr\/#\/schema\/logo\/image\/"},"sameAs":["https:\/\/www.facebook.com\/swissbaker.ch","https:\/\/x.com\/ch_swissbaker"]},{"@type":"Person","@id":"https:\/\/swissbaker.ch\/fr\/#\/schema\/person\/058ac47619f7da53df62aba60f939b78","name":"azureart","image":{"@type":"ImageObject","inLanguage":"fr-FR","@id":"https:\/\/swissbaker.ch\/fr\/#\/schema\/person\/image\/","url":"https:\/\/secure.gravatar.com\/avatar\/be04dd3098fd612c83067af4f7a295384c93cb6a9112f51beb9d2f477d25da61?s=96&d=mm&r=g","contentUrl":"https:\/\/secure.gravatar.com\/avatar\/be04dd3098fd612c83067af4f7a295384c93cb6a9112f51beb9d2f477d25da61?s=96&d=mm&r=g","caption":"azureart"},"sameAs":["https:\/\/swissbaker.ch"],"url":"https:\/\/swissbaker.ch\/fr\/panissimo-news\/author\/pixel-ahoi\/"}]}},"_links":{"self":[{"href":"https:\/\/swissbaker.ch\/fr\/wp-json\/wp\/v2\/posts\/10501","targetHints":{"allow":["GET"]}}],"collection":[{"href":"https:\/\/swissbaker.ch\/fr\/wp-json\/wp\/v2\/posts"}],"about":[{"href":"https:\/\/swissbaker.ch\/fr\/wp-json\/wp\/v2\/types\/post"}],"author":[{"embeddable":true,"href":"https:\/\/swissbaker.ch\/fr\/wp-json\/wp\/v2\/users\/1"}],"replies":[{"embeddable":true,"href":"https:\/\/swissbaker.ch\/fr\/wp-json\/wp\/v2\/comments?post=10501"}],"version-history":[{"count":0,"href":"https:\/\/swissbaker.ch\/fr\/wp-json\/wp\/v2\/posts\/10501\/revisions"}],"wp:featuredmedia":[{"embeddable":true,"href":"https:\/\/swissbaker.ch\/fr\/wp-json\/wp\/v2\/media\/10502"}],"wp:attachment":[{"href":"https:\/\/swissbaker.ch\/fr\/wp-json\/wp\/v2\/media?parent=10501"}],"wp:term":[{"taxonomy":"category","embeddable":true,"href":"https:\/\/swissbaker.ch\/fr\/wp-json\/wp\/v2\/categories?post=10501"},{"taxonomy":"post_tag","embeddable":true,"href":"https:\/\/swissbaker.ch\/fr\/wp-json\/wp\/v2\/tags?post=10501"}],"curies":[{"name":"wp","href":"https:\/\/api.w.org\/{rel}","templated":true}]}}