{"id":10482,"date":"2019-08-07T15:43:00","date_gmt":"2019-08-07T13:43:00","guid":{"rendered":"https:\/\/swissbaker.ch\/?p=10482"},"modified":"2022-05-20T15:45:40","modified_gmt":"2022-05-20T13:45:40","slug":"la-boulangerie-confiserie-zougoise-lutte-en-marge-de-la-fete","status":"publish","type":"post","link":"https:\/\/swissbaker.ch\/fr\/panissimo-news\/la-boulangerie-confiserie-zougoise-lutte-en-marge-de-la-fete\/","title":{"rendered":"La boulangerie-confiserie zougoise lutte en marge de la f\u00eate"},"content":{"rendered":"\n<p><strong>Apr\u00e8s Estavayer-le-Lac (FR), c\u2019est au tour de Zoug d\u2019accueillir la F\u00eate f\u00e9d\u00e9rale de lutte suisse et des jeux alpestres. Quelque 300000 spectateurs y sont attendus du 23 au 25 ao\u00fbt. La boulangerie-confiserie artisanale n\u2019est impliqu\u00e9e que marginalement dans l\u2019\u00e9v\u00e9nement.<\/strong><\/p>\n\n\n\n<p>Malgr\u00e9 plus de deux ans de contact entre les repr\u00e9sentants zougois de la branche et le comit\u00e9 d\u2019organisation de la manifestation, la boulangerie-confiserie artisanale n\u2019est impliqu\u00e9e que marginalement dans l\u2019\u00e9v\u00e9nement. Les h\u00f4tes d\u00e9cident par eux-m\u00eames ce qu\u2019ils offrent au menu ; et si la tourte au kirsch y figure ou non. Labellis\u00e9e AOP, cette derni\u00e8re doit \u00eatre confectionn\u00e9e par des artisans certifi\u00e9s. \u00ab Cela nous a beaucoup aid\u00e9s \u00e0 fournir l\u2019Esaf 2019 \u00bb, pr\u00e9cise le boulanger Adrian Zumbach. Il s\u2019agit d\u2019ailleurs de l\u2019unique sp\u00e9cialit\u00e9 qu\u2019ils pourront apporter dans l\u2019enceinte de l\u2019\u00e9v\u00e9nement. \u00ab Tous les stands doivent s\u2019approvisionner en produit de boulangerie aupr\u00e8s du sponsor principal, la Migros \u00bb, d\u00e9plore M. Zumbach.<\/p>\n\n\n\n<p>Cependant, les boulangers-confiseurs du canton livreront quelques \u00e9v\u00e9nements en marge de la f\u00eate. Leurs pains et sandwichs nourriront en partie les ouvriront lors du montage et d\u00e9montage de l\u2019ar\u00e8ne.<\/p>\n","protected":false},"excerpt":{"rendered":"<p>Apr\u00e8s Estavayer-le-Lac (FR), c\u2019est au tour de Zoug d\u2019accueillir la F\u00eate f\u00e9d\u00e9rale de lutte suisse et des jeux alpestres. Quelque 300000 spectateurs y sont attendus du 23 au 25 ao\u00fbt. La boulangerie-confiserie artisanale n\u2019est impliqu\u00e9e que marginalement dans l\u2019\u00e9v\u00e9nement. Malgr\u00e9 plus de deux ans de contact entre les repr\u00e9sentants zougois de la branche et le comit\u00e9 d\u2019organisation de la manifestation, [&hellip;]<\/p>\n","protected":false},"author":1,"featured_media":10483,"comment_status":"open","ping_status":"closed","sticky":false,"template":"","format":"standard","meta":{"_acf_changed":false,"footnotes":""},"categories":[46],"tags":[],"class_list":["post-10482","post","type-post","status-publish","format-standard","has-post-thumbnail","hentry","category-evenement"],"acf":[],"yoast_head":"<!-- This site is optimized with the Yoast SEO Premium plugin v26.8 (Yoast SEO v26.8) - https:\/\/yoast.com\/product\/yoast-seo-premium-wordpress\/ -->\n<title>La boulangerie-confiserie zougoise lutte en marge de la f\u00eate | SBC<\/title>\n<meta name=\"robots\" content=\"index, follow, max-snippet:-1, max-image-preview:large, max-video-preview:-1\" \/>\n<link rel=\"canonical\" href=\"https:\/\/swissbaker.ch\/fr\/panissimo-news\/la-boulangerie-confiserie-zougoise-lutte-en-marge-de-la-fete\/\" \/>\n<meta property=\"og:locale\" content=\"fr_FR\" \/>\n<meta property=\"og:type\" content=\"article\" \/>\n<meta property=\"og:title\" content=\"La boulangerie-confiserie zougoise lutte en marge de la f\u00eate\" \/>\n<meta property=\"og:description\" content=\"Apr\u00e8s Estavayer-le-Lac (FR), c\u2019est au tour de Zoug d\u2019accueillir la F\u00eate f\u00e9d\u00e9rale de lutte suisse et des jeux alpestres. Quelque 300000 spectateurs y sont attendus du 23 au 25 ao\u00fbt. La boulangerie-confiserie artisanale n\u2019est impliqu\u00e9e que marginalement dans l\u2019\u00e9v\u00e9nement. Malgr\u00e9 plus de deux ans de contact entre les repr\u00e9sentants zougois de la branche et le comit\u00e9 d\u2019organisation de la manifestation, [&hellip;]\" \/>\n<meta property=\"og:url\" content=\"https:\/\/swissbaker.ch\/fr\/panissimo-news\/la-boulangerie-confiserie-zougoise-lutte-en-marge-de-la-fete\/\" \/>\n<meta property=\"og:site_name\" content=\"SBC\" \/>\n<meta property=\"article:publisher\" content=\"https:\/\/www.facebook.com\/swissbaker.ch\" \/>\n<meta property=\"article:published_time\" content=\"2019-08-07T13:43:00+00:00\" \/>\n<meta property=\"article:modified_time\" content=\"2022-05-20T13:45:40+00:00\" \/>\n<meta property=\"og:image\" content=\"https:\/\/swissbaker.ch\/wp-content\/uploads\/2022\/05\/nl-15.1-esaf.jpg\" \/>\n\t<meta property=\"og:image:width\" content=\"800\" \/>\n\t<meta property=\"og:image:height\" content=\"474\" \/>\n\t<meta property=\"og:image:type\" content=\"image\/jpeg\" \/>\n<meta name=\"author\" content=\"azureart\" \/>\n<meta name=\"twitter:card\" content=\"summary_large_image\" \/>\n<meta name=\"twitter:creator\" content=\"@ch_swissbaker\" \/>\n<meta name=\"twitter:site\" content=\"@ch_swissbaker\" \/>\n<meta name=\"twitter:label1\" content=\"Written by\" \/>\n\t<meta name=\"twitter:data1\" content=\"azureart\" \/>\n\t<meta name=\"twitter:label2\" content=\"Est. reading time\" \/>\n\t<meta name=\"twitter:data2\" content=\"1 minute\" \/>\n<script type=\"application\/ld+json\" class=\"yoast-schema-graph\">{\"@context\":\"https:\/\/schema.org\",\"@graph\":[{\"@type\":\"Article\",\"@id\":\"https:\/\/swissbaker.ch\/fr\/panissimo-news\/la-boulangerie-confiserie-zougoise-lutte-en-marge-de-la-fete\/#article\",\"isPartOf\":{\"@id\":\"https:\/\/swissbaker.ch\/fr\/panissimo-news\/la-boulangerie-confiserie-zougoise-lutte-en-marge-de-la-fete\/\"},\"author\":{\"name\":\"azureart\",\"@id\":\"https:\/\/swissbaker.ch\/fr\/#\/schema\/person\/058ac47619f7da53df62aba60f939b78\"},\"headline\":\"La boulangerie-confiserie zougoise lutte en marge de la f\u00eate\",\"datePublished\":\"2019-08-07T13:43:00+00:00\",\"dateModified\":\"2022-05-20T13:45:40+00:00\",\"mainEntityOfPage\":{\"@id\":\"https:\/\/swissbaker.ch\/fr\/panissimo-news\/la-boulangerie-confiserie-zougoise-lutte-en-marge-de-la-fete\/\"},\"wordCount\":223,\"commentCount\":0,\"publisher\":{\"@id\":\"https:\/\/swissbaker.ch\/fr\/#organization\"},\"image\":{\"@id\":\"https:\/\/swissbaker.ch\/fr\/panissimo-news\/la-boulangerie-confiserie-zougoise-lutte-en-marge-de-la-fete\/#primaryimage\"},\"thumbnailUrl\":\"https:\/\/swissbaker.ch\/wp-content\/uploads\/2022\/05\/nl-15.1-esaf.jpg\",\"articleSection\":[\"Ev\u00e9nement\"],\"inLanguage\":\"fr-FR\",\"potentialAction\":[{\"@type\":\"CommentAction\",\"name\":\"Comment\",\"target\":[\"https:\/\/swissbaker.ch\/fr\/panissimo-news\/la-boulangerie-confiserie-zougoise-lutte-en-marge-de-la-fete\/#respond\"]}]},{\"@type\":\"WebPage\",\"@id\":\"https:\/\/swissbaker.ch\/fr\/panissimo-news\/la-boulangerie-confiserie-zougoise-lutte-en-marge-de-la-fete\/\",\"url\":\"https:\/\/swissbaker.ch\/fr\/panissimo-news\/la-boulangerie-confiserie-zougoise-lutte-en-marge-de-la-fete\/\",\"name\":\"La boulangerie-confiserie zougoise lutte en marge de la f\u00eate | SBC\",\"isPartOf\":{\"@id\":\"https:\/\/swissbaker.ch\/fr\/#website\"},\"primaryImageOfPage\":{\"@id\":\"https:\/\/swissbaker.ch\/fr\/panissimo-news\/la-boulangerie-confiserie-zougoise-lutte-en-marge-de-la-fete\/#primaryimage\"},\"image\":{\"@id\":\"https:\/\/swissbaker.ch\/fr\/panissimo-news\/la-boulangerie-confiserie-zougoise-lutte-en-marge-de-la-fete\/#primaryimage\"},\"thumbnailUrl\":\"https:\/\/swissbaker.ch\/wp-content\/uploads\/2022\/05\/nl-15.1-esaf.jpg\",\"datePublished\":\"2019-08-07T13:43:00+00:00\",\"dateModified\":\"2022-05-20T13:45:40+00:00\",\"breadcrumb\":{\"@id\":\"https:\/\/swissbaker.ch\/fr\/panissimo-news\/la-boulangerie-confiserie-zougoise-lutte-en-marge-de-la-fete\/#breadcrumb\"},\"inLanguage\":\"fr-FR\",\"potentialAction\":[{\"@type\":\"ReadAction\",\"target\":[\"https:\/\/swissbaker.ch\/fr\/panissimo-news\/la-boulangerie-confiserie-zougoise-lutte-en-marge-de-la-fete\/\"]}]},{\"@type\":\"ImageObject\",\"inLanguage\":\"fr-FR\",\"@id\":\"https:\/\/swissbaker.ch\/fr\/panissimo-news\/la-boulangerie-confiserie-zougoise-lutte-en-marge-de-la-fete\/#primaryimage\",\"url\":\"https:\/\/swissbaker.ch\/wp-content\/uploads\/2022\/05\/nl-15.1-esaf.jpg\",\"contentUrl\":\"https:\/\/swissbaker.ch\/wp-content\/uploads\/2022\/05\/nl-15.1-esaf.jpg\",\"width\":800,\"height\":474,\"caption\":\"La boulangerie-confiserie zougoise lutte en marge de la f\u00eate\"},{\"@type\":\"BreadcrumbList\",\"@id\":\"https:\/\/swissbaker.ch\/fr\/panissimo-news\/la-boulangerie-confiserie-zougoise-lutte-en-marge-de-la-fete\/#breadcrumb\",\"itemListElement\":[{\"@type\":\"ListItem\",\"position\":1,\"name\":\"\",\"item\":\"https:\/\/swissbaker.ch\/fr\/\"},{\"@type\":\"ListItem\",\"position\":2,\"name\":\"Ev\u00e9nement\",\"item\":\"https:\/\/swissbaker.ch\/fr\/panissimo-news\/category\/evenement\/\"},{\"@type\":\"ListItem\",\"position\":3,\"name\":\"La boulangerie-confiserie zougoise lutte en marge de la f\u00eate\"}]},{\"@type\":\"WebSite\",\"@id\":\"https:\/\/swissbaker.ch\/fr\/#website\",\"url\":\"https:\/\/swissbaker.ch\/fr\/\",\"name\":\"SBC\",\"description\":\"\",\"publisher\":{\"@id\":\"https:\/\/swissbaker.ch\/fr\/#organization\"},\"potentialAction\":[{\"@type\":\"SearchAction\",\"target\":{\"@type\":\"EntryPoint\",\"urlTemplate\":\"https:\/\/swissbaker.ch\/fr\/?s={search_term_string}\"},\"query-input\":{\"@type\":\"PropertyValueSpecification\",\"valueRequired\":true,\"valueName\":\"search_term_string\"}}],\"inLanguage\":\"fr-FR\"},{\"@type\":\"Organization\",\"@id\":\"https:\/\/swissbaker.ch\/fr\/#organization\",\"name\":\"Schweizerischer B\u00e4cker-Confiseurmeister-Verband\",\"url\":\"https:\/\/swissbaker.ch\/fr\/\",\"logo\":{\"@type\":\"ImageObject\",\"inLanguage\":\"fr-FR\",\"@id\":\"https:\/\/swissbaker.ch\/fr\/#\/schema\/logo\/image\/\",\"url\":\"https:\/\/swissbaker.ch\/wp-content\/uploads\/2022\/04\/sbc-logo-yoast.jpg\",\"contentUrl\":\"https:\/\/swissbaker.ch\/wp-content\/uploads\/2022\/04\/sbc-logo-yoast.jpg\",\"width\":512,\"height\":512,\"caption\":\"Schweizerischer B\u00e4cker-Confiseurmeister-Verband\"},\"image\":{\"@id\":\"https:\/\/swissbaker.ch\/fr\/#\/schema\/logo\/image\/\"},\"sameAs\":[\"https:\/\/www.facebook.com\/swissbaker.ch\",\"https:\/\/x.com\/ch_swissbaker\"]},{\"@type\":\"Person\",\"@id\":\"https:\/\/swissbaker.ch\/fr\/#\/schema\/person\/058ac47619f7da53df62aba60f939b78\",\"name\":\"azureart\",\"image\":{\"@type\":\"ImageObject\",\"inLanguage\":\"fr-FR\",\"@id\":\"https:\/\/swissbaker.ch\/fr\/#\/schema\/person\/image\/\",\"url\":\"https:\/\/secure.gravatar.com\/avatar\/be04dd3098fd612c83067af4f7a295384c93cb6a9112f51beb9d2f477d25da61?s=96&d=mm&r=g\",\"contentUrl\":\"https:\/\/secure.gravatar.com\/avatar\/be04dd3098fd612c83067af4f7a295384c93cb6a9112f51beb9d2f477d25da61?s=96&d=mm&r=g\",\"caption\":\"azureart\"},\"sameAs\":[\"https:\/\/swissbaker.ch\"],\"url\":\"https:\/\/swissbaker.ch\/fr\/panissimo-news\/author\/pixel-ahoi\/\"}]}<\/script>\n<!-- \/ Yoast SEO Premium plugin. -->","yoast_head_json":{"title":"La boulangerie-confiserie zougoise lutte en marge de la f\u00eate | SBC","robots":{"index":"index","follow":"follow","max-snippet":"max-snippet:-1","max-image-preview":"max-image-preview:large","max-video-preview":"max-video-preview:-1"},"canonical":"https:\/\/swissbaker.ch\/fr\/panissimo-news\/la-boulangerie-confiserie-zougoise-lutte-en-marge-de-la-fete\/","og_locale":"fr_FR","og_type":"article","og_title":"La boulangerie-confiserie zougoise lutte en marge de la f\u00eate","og_description":"Apr\u00e8s Estavayer-le-Lac (FR), c\u2019est au tour de Zoug d\u2019accueillir la F\u00eate f\u00e9d\u00e9rale de lutte suisse et des jeux alpestres. Quelque 300000 spectateurs y sont attendus du 23 au 25 ao\u00fbt. La boulangerie-confiserie artisanale n\u2019est impliqu\u00e9e que marginalement dans l\u2019\u00e9v\u00e9nement. Malgr\u00e9 plus de deux ans de contact entre les repr\u00e9sentants zougois de la branche et le comit\u00e9 d\u2019organisation de la manifestation, [&hellip;]","og_url":"https:\/\/swissbaker.ch\/fr\/panissimo-news\/la-boulangerie-confiserie-zougoise-lutte-en-marge-de-la-fete\/","og_site_name":"SBC","article_publisher":"https:\/\/www.facebook.com\/swissbaker.ch","article_published_time":"2019-08-07T13:43:00+00:00","article_modified_time":"2022-05-20T13:45:40+00:00","og_image":[{"width":800,"height":474,"url":"https:\/\/swissbaker.ch\/wp-content\/uploads\/2022\/05\/nl-15.1-esaf.jpg","type":"image\/jpeg"}],"author":"azureart","twitter_card":"summary_large_image","twitter_creator":"@ch_swissbaker","twitter_site":"@ch_swissbaker","twitter_misc":{"Written by":"azureart","Est. reading time":"1 minute"},"schema":{"@context":"https:\/\/schema.org","@graph":[{"@type":"Article","@id":"https:\/\/swissbaker.ch\/fr\/panissimo-news\/la-boulangerie-confiserie-zougoise-lutte-en-marge-de-la-fete\/#article","isPartOf":{"@id":"https:\/\/swissbaker.ch\/fr\/panissimo-news\/la-boulangerie-confiserie-zougoise-lutte-en-marge-de-la-fete\/"},"author":{"name":"azureart","@id":"https:\/\/swissbaker.ch\/fr\/#\/schema\/person\/058ac47619f7da53df62aba60f939b78"},"headline":"La boulangerie-confiserie zougoise lutte en marge de la f\u00eate","datePublished":"2019-08-07T13:43:00+00:00","dateModified":"2022-05-20T13:45:40+00:00","mainEntityOfPage":{"@id":"https:\/\/swissbaker.ch\/fr\/panissimo-news\/la-boulangerie-confiserie-zougoise-lutte-en-marge-de-la-fete\/"},"wordCount":223,"commentCount":0,"publisher":{"@id":"https:\/\/swissbaker.ch\/fr\/#organization"},"image":{"@id":"https:\/\/swissbaker.ch\/fr\/panissimo-news\/la-boulangerie-confiserie-zougoise-lutte-en-marge-de-la-fete\/#primaryimage"},"thumbnailUrl":"https:\/\/swissbaker.ch\/wp-content\/uploads\/2022\/05\/nl-15.1-esaf.jpg","articleSection":["Ev\u00e9nement"],"inLanguage":"fr-FR","potentialAction":[{"@type":"CommentAction","name":"Comment","target":["https:\/\/swissbaker.ch\/fr\/panissimo-news\/la-boulangerie-confiserie-zougoise-lutte-en-marge-de-la-fete\/#respond"]}]},{"@type":"WebPage","@id":"https:\/\/swissbaker.ch\/fr\/panissimo-news\/la-boulangerie-confiserie-zougoise-lutte-en-marge-de-la-fete\/","url":"https:\/\/swissbaker.ch\/fr\/panissimo-news\/la-boulangerie-confiserie-zougoise-lutte-en-marge-de-la-fete\/","name":"La boulangerie-confiserie zougoise lutte en marge de la f\u00eate | SBC","isPartOf":{"@id":"https:\/\/swissbaker.ch\/fr\/#website"},"primaryImageOfPage":{"@id":"https:\/\/swissbaker.ch\/fr\/panissimo-news\/la-boulangerie-confiserie-zougoise-lutte-en-marge-de-la-fete\/#primaryimage"},"image":{"@id":"https:\/\/swissbaker.ch\/fr\/panissimo-news\/la-boulangerie-confiserie-zougoise-lutte-en-marge-de-la-fete\/#primaryimage"},"thumbnailUrl":"https:\/\/swissbaker.ch\/wp-content\/uploads\/2022\/05\/nl-15.1-esaf.jpg","datePublished":"2019-08-07T13:43:00+00:00","dateModified":"2022-05-20T13:45:40+00:00","breadcrumb":{"@id":"https:\/\/swissbaker.ch\/fr\/panissimo-news\/la-boulangerie-confiserie-zougoise-lutte-en-marge-de-la-fete\/#breadcrumb"},"inLanguage":"fr-FR","potentialAction":[{"@type":"ReadAction","target":["https:\/\/swissbaker.ch\/fr\/panissimo-news\/la-boulangerie-confiserie-zougoise-lutte-en-marge-de-la-fete\/"]}]},{"@type":"ImageObject","inLanguage":"fr-FR","@id":"https:\/\/swissbaker.ch\/fr\/panissimo-news\/la-boulangerie-confiserie-zougoise-lutte-en-marge-de-la-fete\/#primaryimage","url":"https:\/\/swissbaker.ch\/wp-content\/uploads\/2022\/05\/nl-15.1-esaf.jpg","contentUrl":"https:\/\/swissbaker.ch\/wp-content\/uploads\/2022\/05\/nl-15.1-esaf.jpg","width":800,"height":474,"caption":"La boulangerie-confiserie zougoise lutte en marge de la f\u00eate"},{"@type":"BreadcrumbList","@id":"https:\/\/swissbaker.ch\/fr\/panissimo-news\/la-boulangerie-confiserie-zougoise-lutte-en-marge-de-la-fete\/#breadcrumb","itemListElement":[{"@type":"ListItem","position":1,"name":"","item":"https:\/\/swissbaker.ch\/fr\/"},{"@type":"ListItem","position":2,"name":"Ev\u00e9nement","item":"https:\/\/swissbaker.ch\/fr\/panissimo-news\/category\/evenement\/"},{"@type":"ListItem","position":3,"name":"La boulangerie-confiserie zougoise lutte en marge de la f\u00eate"}]},{"@type":"WebSite","@id":"https:\/\/swissbaker.ch\/fr\/#website","url":"https:\/\/swissbaker.ch\/fr\/","name":"SBC","description":"","publisher":{"@id":"https:\/\/swissbaker.ch\/fr\/#organization"},"potentialAction":[{"@type":"SearchAction","target":{"@type":"EntryPoint","urlTemplate":"https:\/\/swissbaker.ch\/fr\/?s={search_term_string}"},"query-input":{"@type":"PropertyValueSpecification","valueRequired":true,"valueName":"search_term_string"}}],"inLanguage":"fr-FR"},{"@type":"Organization","@id":"https:\/\/swissbaker.ch\/fr\/#organization","name":"Schweizerischer B\u00e4cker-Confiseurmeister-Verband","url":"https:\/\/swissbaker.ch\/fr\/","logo":{"@type":"ImageObject","inLanguage":"fr-FR","@id":"https:\/\/swissbaker.ch\/fr\/#\/schema\/logo\/image\/","url":"https:\/\/swissbaker.ch\/wp-content\/uploads\/2022\/04\/sbc-logo-yoast.jpg","contentUrl":"https:\/\/swissbaker.ch\/wp-content\/uploads\/2022\/04\/sbc-logo-yoast.jpg","width":512,"height":512,"caption":"Schweizerischer B\u00e4cker-Confiseurmeister-Verband"},"image":{"@id":"https:\/\/swissbaker.ch\/fr\/#\/schema\/logo\/image\/"},"sameAs":["https:\/\/www.facebook.com\/swissbaker.ch","https:\/\/x.com\/ch_swissbaker"]},{"@type":"Person","@id":"https:\/\/swissbaker.ch\/fr\/#\/schema\/person\/058ac47619f7da53df62aba60f939b78","name":"azureart","image":{"@type":"ImageObject","inLanguage":"fr-FR","@id":"https:\/\/swissbaker.ch\/fr\/#\/schema\/person\/image\/","url":"https:\/\/secure.gravatar.com\/avatar\/be04dd3098fd612c83067af4f7a295384c93cb6a9112f51beb9d2f477d25da61?s=96&d=mm&r=g","contentUrl":"https:\/\/secure.gravatar.com\/avatar\/be04dd3098fd612c83067af4f7a295384c93cb6a9112f51beb9d2f477d25da61?s=96&d=mm&r=g","caption":"azureart"},"sameAs":["https:\/\/swissbaker.ch"],"url":"https:\/\/swissbaker.ch\/fr\/panissimo-news\/author\/pixel-ahoi\/"}]}},"_links":{"self":[{"href":"https:\/\/swissbaker.ch\/fr\/wp-json\/wp\/v2\/posts\/10482","targetHints":{"allow":["GET"]}}],"collection":[{"href":"https:\/\/swissbaker.ch\/fr\/wp-json\/wp\/v2\/posts"}],"about":[{"href":"https:\/\/swissbaker.ch\/fr\/wp-json\/wp\/v2\/types\/post"}],"author":[{"embeddable":true,"href":"https:\/\/swissbaker.ch\/fr\/wp-json\/wp\/v2\/users\/1"}],"replies":[{"embeddable":true,"href":"https:\/\/swissbaker.ch\/fr\/wp-json\/wp\/v2\/comments?post=10482"}],"version-history":[{"count":0,"href":"https:\/\/swissbaker.ch\/fr\/wp-json\/wp\/v2\/posts\/10482\/revisions"}],"wp:featuredmedia":[{"embeddable":true,"href":"https:\/\/swissbaker.ch\/fr\/wp-json\/wp\/v2\/media\/10483"}],"wp:attachment":[{"href":"https:\/\/swissbaker.ch\/fr\/wp-json\/wp\/v2\/media?parent=10482"}],"wp:term":[{"taxonomy":"category","embeddable":true,"href":"https:\/\/swissbaker.ch\/fr\/wp-json\/wp\/v2\/categories?post=10482"},{"taxonomy":"post_tag","embeddable":true,"href":"https:\/\/swissbaker.ch\/fr\/wp-json\/wp\/v2\/tags?post=10482"}],"curies":[{"name":"wp","href":"https:\/\/api.w.org\/{rel}","templated":true}]}}