{"id":10465,"date":"2019-08-14T15:30:00","date_gmt":"2019-08-14T13:30:00","guid":{"rendered":"https:\/\/swissbaker.ch\/?p=10465"},"modified":"2022-05-20T15:31:47","modified_gmt":"2022-05-20T13:31:47","slug":"chevaliers-et-fete-equestre","status":"publish","type":"post","link":"https:\/\/swissbaker.ch\/fr\/panissimo-news\/chevaliers-et-fete-equestre\/","title":{"rendered":"Chevaliers et f\u00eate \u00e9questre"},"content":{"rendered":"\n<p><strong>La confr\u00e9rie jurassienne a intronis\u00e9 cinq chevaliers et une dame compagnon, lors du march\u00e9-concours de Saignel\u00e9gier (JU).<\/strong><\/p>\n\n\n\n<p><a href=\"https:\/\/www.swissbaker.ch\/de\/panissimo-news\/fotogalerien\/galerien-2019\/chevaliers-jurassiens\/\">Photos \u00e0 d\u00e9couvrir ici<\/a>.<\/p>\n\n\n\n<p>C\u00e9l\u00e9brant ses 50 ans, la Confr\u00e9rie jurassienne des chevaliers du bon pain a organis\u00e9 un chapitre solennel, le 11\u202fao\u00fbt \u00e0 Saignel\u00e9gier (JU). Dans le cadre du march\u00e9-concours national de chevaux, elle a fait chevalier cinq boulangers\u2009: Ghislaine Ris et Elisa Veron, repr\u00e9sent\u00e9es par Amaury Paques, au Noirmont, Edgar Claude aux Emibois, Micha\u00ebl Roelli \u00e0 Porrentruy et C\u00e9dric Zbinden \u00e0 Alle. Huit autres artisans ont re\u00e7u une \u00e9toile pour avoir confirm\u00e9 leur titre, \u00e0 l\u2019occasion des trois derni\u00e8res taxations\u2009: Eric Aubry (2e \u00e9toile, Del\u00e9mont), Michel Daetwyler (2e \u00e9toile, Bassecourt), Pascal Domin\u00e9 (2e \u00e9toile, Del\u00e9mont), David Parrat (2e \u00e9toile, Saignel\u00e9gier), la boulangerie Yerly repr\u00e9sent\u00e9e par Mathieu Yerly (2e \u00e9toile St-Ursanne), Jo\u00ebl Barthe (4e \u00e9toile Del\u00e9mont), Marco Bracelli (4e \u00e9toile, Malleray) et Fran\u00e7ois Goudron (6e \u00e9toile, Courroux).<br>La confr\u00e9rie a remerci\u00e9 le pr\u00e9sident du march\u00e9-concours, G\u00e9rard Queloz, d\u2019avoir pu prendre part \u00e0 la f\u00eate en le nommant Compagnon de soutien. Quant \u00e0 la directrice de la SBC Fiduciaire, Val\u00e9rie Morel, elle a \u00e9t\u00e9 \u00e9lev\u00e9e au rang de Dame compagnon du pain de l\u2019Ordre des chevaliers du bon pain de Suisse latine.<br>A pr\u00e9ciser que la c\u00e9r\u00e9monie a eu lieu en pr\u00e9sence de repr\u00e9sentant des diff\u00e9rentes confr\u00e9ries cantonales et du pr\u00e9sident des Boulangers-Confiseurs suisses, Silvan Hotz, accompagn\u00e9 de son \u00e9pouse. Dans l\u2019apr\u00e8s-midi, les chevaliers ont pris part au cort\u00e8ge du march\u00e9-concours, durant lequel ils ont distribu\u00e9 pas moins de 3000 petits-pains. \u00ab\u2009Cela a \u00e9t\u00e9 un beau succ\u00e8s et une magnifique vitrine pour notre artisanat\u2009\u00bb, s\u2019est r\u00e9joui le Grand Ma\u00eetre jurassien Yves Beuchat, avant de remercier les participants et la Chanceli\u00e8re de la confr\u00e9rie, Nicole Corso.<\/p>\n","protected":false},"excerpt":{"rendered":"<p>La confr\u00e9rie jurassienne a intronis\u00e9 cinq chevaliers et une dame compagnon, lors du march\u00e9-concours de Saignel\u00e9gier (JU). Photos \u00e0 d\u00e9couvrir ici. C\u00e9l\u00e9brant ses 50 ans, la Confr\u00e9rie jurassienne des chevaliers du bon pain a organis\u00e9 un chapitre solennel, le 11\u202fao\u00fbt \u00e0 Saignel\u00e9gier (JU). Dans le cadre du march\u00e9-concours national de chevaux, elle a fait chevalier cinq boulangers\u2009: Ghislaine Ris et [&hellip;]<\/p>\n","protected":false},"author":1,"featured_media":10466,"comment_status":"open","ping_status":"closed","sticky":false,"template":"","format":"standard","meta":{"_acf_changed":false,"footnotes":""},"categories":[41,46],"tags":[],"class_list":["post-10465","post","type-post","status-publish","format-standard","has-post-thumbnail","hentry","category-association","category-evenement"],"acf":[],"yoast_head":"<!-- This site is optimized with the Yoast SEO Premium plugin v26.8 (Yoast SEO v26.8) - https:\/\/yoast.com\/product\/yoast-seo-premium-wordpress\/ -->\n<title>Chevaliers et f\u00eate \u00e9questre | SBC<\/title>\n<meta name=\"robots\" content=\"index, follow, max-snippet:-1, max-image-preview:large, max-video-preview:-1\" \/>\n<link rel=\"canonical\" href=\"https:\/\/swissbaker.ch\/fr\/panissimo-news\/chevaliers-et-fete-equestre\/\" \/>\n<meta property=\"og:locale\" content=\"fr_FR\" \/>\n<meta property=\"og:type\" content=\"article\" \/>\n<meta property=\"og:title\" content=\"Chevaliers et f\u00eate \u00e9questre\" \/>\n<meta property=\"og:description\" content=\"La confr\u00e9rie jurassienne a intronis\u00e9 cinq chevaliers et une dame compagnon, lors du march\u00e9-concours de Saignel\u00e9gier (JU). Photos \u00e0 d\u00e9couvrir ici. C\u00e9l\u00e9brant ses 50 ans, la Confr\u00e9rie jurassienne des chevaliers du bon pain a organis\u00e9 un chapitre solennel, le 11\u202fao\u00fbt \u00e0 Saignel\u00e9gier (JU). Dans le cadre du march\u00e9-concours national de chevaux, elle a fait chevalier cinq boulangers\u2009: Ghislaine Ris et [&hellip;]\" \/>\n<meta property=\"og:url\" content=\"https:\/\/swissbaker.ch\/fr\/panissimo-news\/chevaliers-et-fete-equestre\/\" \/>\n<meta property=\"og:site_name\" content=\"SBC\" \/>\n<meta property=\"article:publisher\" content=\"https:\/\/www.facebook.com\/swissbaker.ch\" \/>\n<meta property=\"article:published_time\" content=\"2019-08-14T13:30:00+00:00\" \/>\n<meta property=\"article:modified_time\" content=\"2022-05-20T13:31:47+00:00\" \/>\n<meta property=\"og:image\" content=\"https:\/\/swissbaker.ch\/wp-content\/uploads\/2022\/05\/nl-16.1_chevaliers_2jpg.jpg\" \/>\n\t<meta property=\"og:image:width\" content=\"800\" \/>\n\t<meta property=\"og:image:height\" content=\"474\" \/>\n\t<meta property=\"og:image:type\" content=\"image\/jpeg\" \/>\n<meta name=\"author\" content=\"azureart\" \/>\n<meta name=\"twitter:card\" content=\"summary_large_image\" \/>\n<meta name=\"twitter:creator\" content=\"@ch_swissbaker\" \/>\n<meta name=\"twitter:site\" content=\"@ch_swissbaker\" \/>\n<meta name=\"twitter:label1\" content=\"Written by\" \/>\n\t<meta name=\"twitter:data1\" content=\"azureart\" \/>\n\t<meta name=\"twitter:label2\" content=\"Est. reading time\" \/>\n\t<meta name=\"twitter:data2\" content=\"2 minutes\" \/>\n<script type=\"application\/ld+json\" class=\"yoast-schema-graph\">{\"@context\":\"https:\/\/schema.org\",\"@graph\":[{\"@type\":\"Article\",\"@id\":\"https:\/\/swissbaker.ch\/fr\/panissimo-news\/chevaliers-et-fete-equestre\/#article\",\"isPartOf\":{\"@id\":\"https:\/\/swissbaker.ch\/fr\/panissimo-news\/chevaliers-et-fete-equestre\/\"},\"author\":{\"name\":\"azureart\",\"@id\":\"https:\/\/swissbaker.ch\/fr\/#\/schema\/person\/058ac47619f7da53df62aba60f939b78\"},\"headline\":\"Chevaliers et f\u00eate \u00e9questre\",\"datePublished\":\"2019-08-14T13:30:00+00:00\",\"dateModified\":\"2022-05-20T13:31:47+00:00\",\"mainEntityOfPage\":{\"@id\":\"https:\/\/swissbaker.ch\/fr\/panissimo-news\/chevaliers-et-fete-equestre\/\"},\"wordCount\":330,\"commentCount\":0,\"publisher\":{\"@id\":\"https:\/\/swissbaker.ch\/fr\/#organization\"},\"image\":{\"@id\":\"https:\/\/swissbaker.ch\/fr\/panissimo-news\/chevaliers-et-fete-equestre\/#primaryimage\"},\"thumbnailUrl\":\"https:\/\/swissbaker.ch\/wp-content\/uploads\/2022\/05\/nl-16.1_chevaliers_2jpg.jpg\",\"articleSection\":[\"Association\",\"Ev\u00e9nement\"],\"inLanguage\":\"fr-FR\",\"potentialAction\":[{\"@type\":\"CommentAction\",\"name\":\"Comment\",\"target\":[\"https:\/\/swissbaker.ch\/fr\/panissimo-news\/chevaliers-et-fete-equestre\/#respond\"]}]},{\"@type\":\"WebPage\",\"@id\":\"https:\/\/swissbaker.ch\/fr\/panissimo-news\/chevaliers-et-fete-equestre\/\",\"url\":\"https:\/\/swissbaker.ch\/fr\/panissimo-news\/chevaliers-et-fete-equestre\/\",\"name\":\"Chevaliers et f\u00eate \u00e9questre | SBC\",\"isPartOf\":{\"@id\":\"https:\/\/swissbaker.ch\/fr\/#website\"},\"primaryImageOfPage\":{\"@id\":\"https:\/\/swissbaker.ch\/fr\/panissimo-news\/chevaliers-et-fete-equestre\/#primaryimage\"},\"image\":{\"@id\":\"https:\/\/swissbaker.ch\/fr\/panissimo-news\/chevaliers-et-fete-equestre\/#primaryimage\"},\"thumbnailUrl\":\"https:\/\/swissbaker.ch\/wp-content\/uploads\/2022\/05\/nl-16.1_chevaliers_2jpg.jpg\",\"datePublished\":\"2019-08-14T13:30:00+00:00\",\"dateModified\":\"2022-05-20T13:31:47+00:00\",\"breadcrumb\":{\"@id\":\"https:\/\/swissbaker.ch\/fr\/panissimo-news\/chevaliers-et-fete-equestre\/#breadcrumb\"},\"inLanguage\":\"fr-FR\",\"potentialAction\":[{\"@type\":\"ReadAction\",\"target\":[\"https:\/\/swissbaker.ch\/fr\/panissimo-news\/chevaliers-et-fete-equestre\/\"]}]},{\"@type\":\"ImageObject\",\"inLanguage\":\"fr-FR\",\"@id\":\"https:\/\/swissbaker.ch\/fr\/panissimo-news\/chevaliers-et-fete-equestre\/#primaryimage\",\"url\":\"https:\/\/swissbaker.ch\/wp-content\/uploads\/2022\/05\/nl-16.1_chevaliers_2jpg.jpg\",\"contentUrl\":\"https:\/\/swissbaker.ch\/wp-content\/uploads\/2022\/05\/nl-16.1_chevaliers_2jpg.jpg\",\"width\":800,\"height\":474,\"caption\":\"Chevaliers et f\u00eate \u00e9questre\"},{\"@type\":\"BreadcrumbList\",\"@id\":\"https:\/\/swissbaker.ch\/fr\/panissimo-news\/chevaliers-et-fete-equestre\/#breadcrumb\",\"itemListElement\":[{\"@type\":\"ListItem\",\"position\":1,\"name\":\"\",\"item\":\"https:\/\/swissbaker.ch\/fr\/\"},{\"@type\":\"ListItem\",\"position\":2,\"name\":\"Association\",\"item\":\"https:\/\/swissbaker.ch\/fr\/panissimo-news\/category\/association\/\"},{\"@type\":\"ListItem\",\"position\":3,\"name\":\"Chevaliers et f\u00eate \u00e9questre\"}]},{\"@type\":\"WebSite\",\"@id\":\"https:\/\/swissbaker.ch\/fr\/#website\",\"url\":\"https:\/\/swissbaker.ch\/fr\/\",\"name\":\"SBC\",\"description\":\"\",\"publisher\":{\"@id\":\"https:\/\/swissbaker.ch\/fr\/#organization\"},\"potentialAction\":[{\"@type\":\"SearchAction\",\"target\":{\"@type\":\"EntryPoint\",\"urlTemplate\":\"https:\/\/swissbaker.ch\/fr\/?s={search_term_string}\"},\"query-input\":{\"@type\":\"PropertyValueSpecification\",\"valueRequired\":true,\"valueName\":\"search_term_string\"}}],\"inLanguage\":\"fr-FR\"},{\"@type\":\"Organization\",\"@id\":\"https:\/\/swissbaker.ch\/fr\/#organization\",\"name\":\"Schweizerischer B\u00e4cker-Confiseurmeister-Verband\",\"url\":\"https:\/\/swissbaker.ch\/fr\/\",\"logo\":{\"@type\":\"ImageObject\",\"inLanguage\":\"fr-FR\",\"@id\":\"https:\/\/swissbaker.ch\/fr\/#\/schema\/logo\/image\/\",\"url\":\"https:\/\/swissbaker.ch\/wp-content\/uploads\/2022\/04\/sbc-logo-yoast.jpg\",\"contentUrl\":\"https:\/\/swissbaker.ch\/wp-content\/uploads\/2022\/04\/sbc-logo-yoast.jpg\",\"width\":512,\"height\":512,\"caption\":\"Schweizerischer B\u00e4cker-Confiseurmeister-Verband\"},\"image\":{\"@id\":\"https:\/\/swissbaker.ch\/fr\/#\/schema\/logo\/image\/\"},\"sameAs\":[\"https:\/\/www.facebook.com\/swissbaker.ch\",\"https:\/\/x.com\/ch_swissbaker\"]},{\"@type\":\"Person\",\"@id\":\"https:\/\/swissbaker.ch\/fr\/#\/schema\/person\/058ac47619f7da53df62aba60f939b78\",\"name\":\"azureart\",\"image\":{\"@type\":\"ImageObject\",\"inLanguage\":\"fr-FR\",\"@id\":\"https:\/\/swissbaker.ch\/fr\/#\/schema\/person\/image\/\",\"url\":\"https:\/\/secure.gravatar.com\/avatar\/be04dd3098fd612c83067af4f7a295384c93cb6a9112f51beb9d2f477d25da61?s=96&d=mm&r=g\",\"contentUrl\":\"https:\/\/secure.gravatar.com\/avatar\/be04dd3098fd612c83067af4f7a295384c93cb6a9112f51beb9d2f477d25da61?s=96&d=mm&r=g\",\"caption\":\"azureart\"},\"sameAs\":[\"https:\/\/swissbaker.ch\"],\"url\":\"https:\/\/swissbaker.ch\/fr\/panissimo-news\/author\/pixel-ahoi\/\"}]}<\/script>\n<!-- \/ Yoast SEO Premium plugin. -->","yoast_head_json":{"title":"Chevaliers et f\u00eate \u00e9questre | SBC","robots":{"index":"index","follow":"follow","max-snippet":"max-snippet:-1","max-image-preview":"max-image-preview:large","max-video-preview":"max-video-preview:-1"},"canonical":"https:\/\/swissbaker.ch\/fr\/panissimo-news\/chevaliers-et-fete-equestre\/","og_locale":"fr_FR","og_type":"article","og_title":"Chevaliers et f\u00eate \u00e9questre","og_description":"La confr\u00e9rie jurassienne a intronis\u00e9 cinq chevaliers et une dame compagnon, lors du march\u00e9-concours de Saignel\u00e9gier (JU). Photos \u00e0 d\u00e9couvrir ici. C\u00e9l\u00e9brant ses 50 ans, la Confr\u00e9rie jurassienne des chevaliers du bon pain a organis\u00e9 un chapitre solennel, le 11\u202fao\u00fbt \u00e0 Saignel\u00e9gier (JU). Dans le cadre du march\u00e9-concours national de chevaux, elle a fait chevalier cinq boulangers\u2009: Ghislaine Ris et [&hellip;]","og_url":"https:\/\/swissbaker.ch\/fr\/panissimo-news\/chevaliers-et-fete-equestre\/","og_site_name":"SBC","article_publisher":"https:\/\/www.facebook.com\/swissbaker.ch","article_published_time":"2019-08-14T13:30:00+00:00","article_modified_time":"2022-05-20T13:31:47+00:00","og_image":[{"width":800,"height":474,"url":"https:\/\/swissbaker.ch\/wp-content\/uploads\/2022\/05\/nl-16.1_chevaliers_2jpg.jpg","type":"image\/jpeg"}],"author":"azureart","twitter_card":"summary_large_image","twitter_creator":"@ch_swissbaker","twitter_site":"@ch_swissbaker","twitter_misc":{"Written by":"azureart","Est. reading time":"2 minutes"},"schema":{"@context":"https:\/\/schema.org","@graph":[{"@type":"Article","@id":"https:\/\/swissbaker.ch\/fr\/panissimo-news\/chevaliers-et-fete-equestre\/#article","isPartOf":{"@id":"https:\/\/swissbaker.ch\/fr\/panissimo-news\/chevaliers-et-fete-equestre\/"},"author":{"name":"azureart","@id":"https:\/\/swissbaker.ch\/fr\/#\/schema\/person\/058ac47619f7da53df62aba60f939b78"},"headline":"Chevaliers et f\u00eate \u00e9questre","datePublished":"2019-08-14T13:30:00+00:00","dateModified":"2022-05-20T13:31:47+00:00","mainEntityOfPage":{"@id":"https:\/\/swissbaker.ch\/fr\/panissimo-news\/chevaliers-et-fete-equestre\/"},"wordCount":330,"commentCount":0,"publisher":{"@id":"https:\/\/swissbaker.ch\/fr\/#organization"},"image":{"@id":"https:\/\/swissbaker.ch\/fr\/panissimo-news\/chevaliers-et-fete-equestre\/#primaryimage"},"thumbnailUrl":"https:\/\/swissbaker.ch\/wp-content\/uploads\/2022\/05\/nl-16.1_chevaliers_2jpg.jpg","articleSection":["Association","Ev\u00e9nement"],"inLanguage":"fr-FR","potentialAction":[{"@type":"CommentAction","name":"Comment","target":["https:\/\/swissbaker.ch\/fr\/panissimo-news\/chevaliers-et-fete-equestre\/#respond"]}]},{"@type":"WebPage","@id":"https:\/\/swissbaker.ch\/fr\/panissimo-news\/chevaliers-et-fete-equestre\/","url":"https:\/\/swissbaker.ch\/fr\/panissimo-news\/chevaliers-et-fete-equestre\/","name":"Chevaliers et f\u00eate \u00e9questre | SBC","isPartOf":{"@id":"https:\/\/swissbaker.ch\/fr\/#website"},"primaryImageOfPage":{"@id":"https:\/\/swissbaker.ch\/fr\/panissimo-news\/chevaliers-et-fete-equestre\/#primaryimage"},"image":{"@id":"https:\/\/swissbaker.ch\/fr\/panissimo-news\/chevaliers-et-fete-equestre\/#primaryimage"},"thumbnailUrl":"https:\/\/swissbaker.ch\/wp-content\/uploads\/2022\/05\/nl-16.1_chevaliers_2jpg.jpg","datePublished":"2019-08-14T13:30:00+00:00","dateModified":"2022-05-20T13:31:47+00:00","breadcrumb":{"@id":"https:\/\/swissbaker.ch\/fr\/panissimo-news\/chevaliers-et-fete-equestre\/#breadcrumb"},"inLanguage":"fr-FR","potentialAction":[{"@type":"ReadAction","target":["https:\/\/swissbaker.ch\/fr\/panissimo-news\/chevaliers-et-fete-equestre\/"]}]},{"@type":"ImageObject","inLanguage":"fr-FR","@id":"https:\/\/swissbaker.ch\/fr\/panissimo-news\/chevaliers-et-fete-equestre\/#primaryimage","url":"https:\/\/swissbaker.ch\/wp-content\/uploads\/2022\/05\/nl-16.1_chevaliers_2jpg.jpg","contentUrl":"https:\/\/swissbaker.ch\/wp-content\/uploads\/2022\/05\/nl-16.1_chevaliers_2jpg.jpg","width":800,"height":474,"caption":"Chevaliers et f\u00eate \u00e9questre"},{"@type":"BreadcrumbList","@id":"https:\/\/swissbaker.ch\/fr\/panissimo-news\/chevaliers-et-fete-equestre\/#breadcrumb","itemListElement":[{"@type":"ListItem","position":1,"name":"","item":"https:\/\/swissbaker.ch\/fr\/"},{"@type":"ListItem","position":2,"name":"Association","item":"https:\/\/swissbaker.ch\/fr\/panissimo-news\/category\/association\/"},{"@type":"ListItem","position":3,"name":"Chevaliers et f\u00eate \u00e9questre"}]},{"@type":"WebSite","@id":"https:\/\/swissbaker.ch\/fr\/#website","url":"https:\/\/swissbaker.ch\/fr\/","name":"SBC","description":"","publisher":{"@id":"https:\/\/swissbaker.ch\/fr\/#organization"},"potentialAction":[{"@type":"SearchAction","target":{"@type":"EntryPoint","urlTemplate":"https:\/\/swissbaker.ch\/fr\/?s={search_term_string}"},"query-input":{"@type":"PropertyValueSpecification","valueRequired":true,"valueName":"search_term_string"}}],"inLanguage":"fr-FR"},{"@type":"Organization","@id":"https:\/\/swissbaker.ch\/fr\/#organization","name":"Schweizerischer B\u00e4cker-Confiseurmeister-Verband","url":"https:\/\/swissbaker.ch\/fr\/","logo":{"@type":"ImageObject","inLanguage":"fr-FR","@id":"https:\/\/swissbaker.ch\/fr\/#\/schema\/logo\/image\/","url":"https:\/\/swissbaker.ch\/wp-content\/uploads\/2022\/04\/sbc-logo-yoast.jpg","contentUrl":"https:\/\/swissbaker.ch\/wp-content\/uploads\/2022\/04\/sbc-logo-yoast.jpg","width":512,"height":512,"caption":"Schweizerischer B\u00e4cker-Confiseurmeister-Verband"},"image":{"@id":"https:\/\/swissbaker.ch\/fr\/#\/schema\/logo\/image\/"},"sameAs":["https:\/\/www.facebook.com\/swissbaker.ch","https:\/\/x.com\/ch_swissbaker"]},{"@type":"Person","@id":"https:\/\/swissbaker.ch\/fr\/#\/schema\/person\/058ac47619f7da53df62aba60f939b78","name":"azureart","image":{"@type":"ImageObject","inLanguage":"fr-FR","@id":"https:\/\/swissbaker.ch\/fr\/#\/schema\/person\/image\/","url":"https:\/\/secure.gravatar.com\/avatar\/be04dd3098fd612c83067af4f7a295384c93cb6a9112f51beb9d2f477d25da61?s=96&d=mm&r=g","contentUrl":"https:\/\/secure.gravatar.com\/avatar\/be04dd3098fd612c83067af4f7a295384c93cb6a9112f51beb9d2f477d25da61?s=96&d=mm&r=g","caption":"azureart"},"sameAs":["https:\/\/swissbaker.ch"],"url":"https:\/\/swissbaker.ch\/fr\/panissimo-news\/author\/pixel-ahoi\/"}]}},"_links":{"self":[{"href":"https:\/\/swissbaker.ch\/fr\/wp-json\/wp\/v2\/posts\/10465","targetHints":{"allow":["GET"]}}],"collection":[{"href":"https:\/\/swissbaker.ch\/fr\/wp-json\/wp\/v2\/posts"}],"about":[{"href":"https:\/\/swissbaker.ch\/fr\/wp-json\/wp\/v2\/types\/post"}],"author":[{"embeddable":true,"href":"https:\/\/swissbaker.ch\/fr\/wp-json\/wp\/v2\/users\/1"}],"replies":[{"embeddable":true,"href":"https:\/\/swissbaker.ch\/fr\/wp-json\/wp\/v2\/comments?post=10465"}],"version-history":[{"count":0,"href":"https:\/\/swissbaker.ch\/fr\/wp-json\/wp\/v2\/posts\/10465\/revisions"}],"wp:featuredmedia":[{"embeddable":true,"href":"https:\/\/swissbaker.ch\/fr\/wp-json\/wp\/v2\/media\/10466"}],"wp:attachment":[{"href":"https:\/\/swissbaker.ch\/fr\/wp-json\/wp\/v2\/media?parent=10465"}],"wp:term":[{"taxonomy":"category","embeddable":true,"href":"https:\/\/swissbaker.ch\/fr\/wp-json\/wp\/v2\/categories?post=10465"},{"taxonomy":"post_tag","embeddable":true,"href":"https:\/\/swissbaker.ch\/fr\/wp-json\/wp\/v2\/tags?post=10465"}],"curies":[{"name":"wp","href":"https:\/\/api.w.org\/{rel}","templated":true}]}}