{"id":10444,"date":"2019-08-28T10:05:00","date_gmt":"2019-08-28T08:05:00","guid":{"rendered":"https:\/\/swissbaker.ch\/?p=10444"},"modified":"2022-05-20T15:05:09","modified_gmt":"2022-05-20T13:05:09","slug":"medaille-dor-pour-sonja-durrer","status":"publish","type":"post","link":"https:\/\/swissbaker.ch\/fr\/panissimo-news\/medaille-dor-pour-sonja-durrer\/","title":{"rendered":"M\u00e9daille d\u2019or pour Sonja Durrer"},"content":{"rendered":"\n<p><strong>Mardi en Russie, la Suisse a d\u00e9croch\u00e9 l\u2019or dans la cat\u00e9gorie boulangerie-p\u00e2tisserie aux championnats du monde des m\u00e9tiers, les WorldSkills. Sonia Durrer a convaincu le jury avec sa prestation de haute qualit\u00e9. La Zurichoise Rahel Weber s\u2019est mesur\u00e9e aux meilleurs p\u00e2tissiers-confiseurs internationaux.<\/strong><\/p>\n\n\n\n<p><strong>Photos et vid\u00e9os:<\/strong><br><a href=\"https:\/\/www.swissbaker.ch\/fr\/news-panissimo\/galeries-de-photos\/galeries-2019\/worldskills-kazan-wettkampf\/\">Galerie Concours<\/a>&nbsp; &nbsp;\/&nbsp; &nbsp;<a href=\"https:\/\/www.swissbaker.ch\/fr\/news-panissimo\/galeries-de-photos\/galeries-2019\/worldskills-kazan-ceremonie-de-cloture\/\">Galerie c\u00e9r\u00e9monie de cl\u00f4ture<\/a>&nbsp; &nbsp;\/&nbsp;&nbsp;<a href=\"https:\/\/www.swissbaker.ch\/fr\/professions\/concours-professionnels\/worldskills\/kazan-2019\/\">sujets vid\u00e9o et audio<\/a><\/p>\n\n\n\n<p>A 19 ans, Sonja Durrer de Kerns (OW) a remport\u00e9 la m\u00e9daille d\u2019or en orientation boulangerie-p\u00e2tisserie lors des 45<sup>e<\/sup>&nbsp;WorldSkills. Les championnats du monde des m\u00e9tiers se sont d\u00e9roul\u00e9s du 22 au 25\u202fao\u00fbt \u00e0 Kazan. La boulang\u00e8re-p\u00e2tissi\u00e8re a fait sa formation dans la boulangerie Berwert \u00e0 Stalden (OW). Elle est actuellement championne suisse dans son orientation. Rahel Weber, \u00e2g\u00e9e de 21 ans, d\u2019Obfelden (ZH), \u00e9tait oppos\u00e9e aux meilleurs p\u00e2tissiers-confiseurs du monde. L\u2019actuelle championne suisse a fait sa formation dans la boulangerie-p\u00e2tisserie-confiserie von Rotz \u00e0 Cham (ZG).<\/p>\n\n\n\n<p>Les deux repr\u00e9sentantes de la branche travaillent \u00e0 l\u2019Ecole Richemont \u00e0 Lucerne, o\u00f9 elles se sont pr\u00e9par\u00e9es. Urs Wellauer, directeur&nbsp;de la BCS les f\u00e9licite ainsi, leur entreprise formatrice, leurs formateurs et leurs coachs.<\/p>\n\n\n\n<p>Les 23 p\u00e2tissiers-confiseurs de 23 pays et les 19 boulangers-p\u00e2tissiers de 19 nations ont fait preuve de comp\u00e9tences, de cr\u00e9ativit\u00e9, et d\u2019engagement pour effectuer leur programme devant de nombreux spectateurs. Le conseiller f\u00e9d\u00e9ral Guy Parmelin a rendu visite aux comp\u00e9titeurs. Mardi soir, la c\u00e9r\u00e9monie de cl\u00f4ture s\u2019est d\u00e9roul\u00e9e en pr\u00e9sence du pr\u00e9sident russe Vladimir Poutine.<\/p>\n\n\n\n<h2 class=\"wp-block-heading\" id=\"h-convaincante-nati\">Convaincante Nati<\/h2>\n\n\n\n<p>L\u2019\u00e9quipe nationale suisse a une fois de plus convaincu. Elle a remport\u00e9 16 m\u00e9dailles, dont cinq titres de champion du monde. Aux c\u00f4t\u00e9s de Sonia Durrer, les autres m\u00e9daill\u00e9s d\u2019or sont la sp\u00e9cialiste en restauration Martina Wick (SG), le carreleur Renato Meier (AG), l\u2019\u00e9lectronicien Florian Baumgartner (BE) ainsi que les deux paysagistes Mario Enz (OW) et Fabian Hodel (LU). La Romandie n\u2019est pas en reste. Elle ram\u00e8ne \u00e0 la maison trois m\u00e9dailles\u2009: l\u2019argent pour l\u2019informaticien Nicolas Ettlin de Cartigny (GE), le bronze pour le pl\u00e2trier-constructeur \u00e0 sec Loris Glauser de Moutier (BE) et le menuisier J\u00e9r\u00e9mie Droz de Blonay (VD).<\/p>\n\n\n\n<p>Au classement pond\u00e9r\u00e9 par nations, la Suisse, meilleure nation d\u2019Europe, occupe la troisi\u00e8me place. Seuls les participants chinois et cor\u00e9ens ont obtenu une moyenne de points plus \u00e9lev\u00e9e que les Suisses. \u00ab\u2009Nous sommes fiers de notre WorldSkills team\u2009\u00bb, s\u2019est exclam\u00e9 Urs Wellauer.<\/p>\n\n\n\n<p>En tout, 1600 jeunes professionnels issus de 63 pays ont particip\u00e9 aux WorldSkills.<\/p>\n","protected":false},"excerpt":{"rendered":"<p>Mardi en Russie, la Suisse a d\u00e9croch\u00e9 l\u2019or dans la cat\u00e9gorie boulangerie-p\u00e2tisserie aux championnats du monde des m\u00e9tiers, les WorldSkills. Sonia Durrer a convaincu le jury avec sa prestation de haute qualit\u00e9. La Zurichoise Rahel Weber s\u2019est mesur\u00e9e aux meilleurs p\u00e2tissiers-confiseurs internationaux. Photos et vid\u00e9os:Galerie Concours&nbsp; &nbsp;\/&nbsp; &nbsp;Galerie c\u00e9r\u00e9monie de cl\u00f4ture&nbsp; &nbsp;\/&nbsp;&nbsp;sujets vid\u00e9o et audio A 19 ans, Sonja Durrer [&hellip;]<\/p>\n","protected":false},"author":1,"featured_media":6131,"comment_status":"open","ping_status":"closed","sticky":false,"template":"","format":"standard","meta":{"_acf_changed":false,"footnotes":""},"categories":[43],"tags":[],"class_list":["post-10444","post","type-post","status-publish","format-standard","has-post-thumbnail","hentry","category-concours"],"acf":[],"yoast_head":"<!-- This site is optimized with the Yoast SEO Premium plugin v26.8 (Yoast SEO v26.8) - https:\/\/yoast.com\/product\/yoast-seo-premium-wordpress\/ -->\n<title>M\u00e9daille d\u2019or pour Sonja Durrer | SBC<\/title>\n<meta name=\"robots\" content=\"index, follow, max-snippet:-1, max-image-preview:large, max-video-preview:-1\" \/>\n<link rel=\"canonical\" href=\"https:\/\/swissbaker.ch\/fr\/panissimo-news\/medaille-dor-pour-sonja-durrer\/\" \/>\n<meta property=\"og:locale\" content=\"fr_FR\" \/>\n<meta property=\"og:type\" content=\"article\" \/>\n<meta property=\"og:title\" content=\"M\u00e9daille d\u2019or pour Sonja Durrer\" \/>\n<meta property=\"og:description\" content=\"Mardi en Russie, la Suisse a d\u00e9croch\u00e9 l\u2019or dans la cat\u00e9gorie boulangerie-p\u00e2tisserie aux championnats du monde des m\u00e9tiers, les WorldSkills. Sonia Durrer a convaincu le jury avec sa prestation de haute qualit\u00e9. La Zurichoise Rahel Weber s\u2019est mesur\u00e9e aux meilleurs p\u00e2tissiers-confiseurs internationaux. Photos et vid\u00e9os:Galerie Concours&nbsp; &nbsp;\/&nbsp; &nbsp;Galerie c\u00e9r\u00e9monie de cl\u00f4ture&nbsp; &nbsp;\/&nbsp;&nbsp;sujets vid\u00e9o et audio A 19 ans, Sonja Durrer [&hellip;]\" \/>\n<meta property=\"og:url\" content=\"https:\/\/swissbaker.ch\/fr\/panissimo-news\/medaille-dor-pour-sonja-durrer\/\" \/>\n<meta property=\"og:site_name\" content=\"SBC\" \/>\n<meta property=\"article:publisher\" content=\"https:\/\/www.facebook.com\/swissbaker.ch\" \/>\n<meta property=\"article:published_time\" content=\"2019-08-28T08:05:00+00:00\" \/>\n<meta property=\"article:modified_time\" content=\"2022-05-20T13:05:09+00:00\" \/>\n<meta property=\"og:image\" content=\"https:\/\/swissbaker.ch\/wp-content\/uploads\/2022\/04\/NL-17.1_worldskills_durrer_gold.jpg\" \/>\n\t<meta property=\"og:image:width\" content=\"800\" \/>\n\t<meta property=\"og:image:height\" content=\"474\" \/>\n\t<meta property=\"og:image:type\" content=\"image\/jpeg\" \/>\n<meta name=\"author\" content=\"azureart\" \/>\n<meta name=\"twitter:card\" content=\"summary_large_image\" \/>\n<meta name=\"twitter:creator\" content=\"@ch_swissbaker\" \/>\n<meta name=\"twitter:site\" content=\"@ch_swissbaker\" \/>\n<meta name=\"twitter:label1\" content=\"Written by\" \/>\n\t<meta name=\"twitter:data1\" content=\"azureart\" \/>\n\t<meta name=\"twitter:label2\" content=\"Est. reading time\" \/>\n\t<meta name=\"twitter:data2\" content=\"3 minutes\" \/>\n<script type=\"application\/ld+json\" class=\"yoast-schema-graph\">{\"@context\":\"https:\/\/schema.org\",\"@graph\":[{\"@type\":\"Article\",\"@id\":\"https:\/\/swissbaker.ch\/fr\/panissimo-news\/medaille-dor-pour-sonja-durrer\/#article\",\"isPartOf\":{\"@id\":\"https:\/\/swissbaker.ch\/fr\/panissimo-news\/medaille-dor-pour-sonja-durrer\/\"},\"author\":{\"name\":\"azureart\",\"@id\":\"https:\/\/swissbaker.ch\/fr\/#\/schema\/person\/058ac47619f7da53df62aba60f939b78\"},\"headline\":\"M\u00e9daille d\u2019or pour Sonja Durrer\",\"datePublished\":\"2019-08-28T08:05:00+00:00\",\"dateModified\":\"2022-05-20T13:05:09+00:00\",\"mainEntityOfPage\":{\"@id\":\"https:\/\/swissbaker.ch\/fr\/panissimo-news\/medaille-dor-pour-sonja-durrer\/\"},\"wordCount\":460,\"commentCount\":0,\"publisher\":{\"@id\":\"https:\/\/swissbaker.ch\/fr\/#organization\"},\"image\":{\"@id\":\"https:\/\/swissbaker.ch\/fr\/panissimo-news\/medaille-dor-pour-sonja-durrer\/#primaryimage\"},\"thumbnailUrl\":\"https:\/\/swissbaker.ch\/wp-content\/uploads\/2022\/04\/NL-17.1_worldskills_durrer_gold.jpg\",\"articleSection\":[\"Concours\"],\"inLanguage\":\"fr-FR\",\"potentialAction\":[{\"@type\":\"CommentAction\",\"name\":\"Comment\",\"target\":[\"https:\/\/swissbaker.ch\/fr\/panissimo-news\/medaille-dor-pour-sonja-durrer\/#respond\"]}]},{\"@type\":\"WebPage\",\"@id\":\"https:\/\/swissbaker.ch\/fr\/panissimo-news\/medaille-dor-pour-sonja-durrer\/\",\"url\":\"https:\/\/swissbaker.ch\/fr\/panissimo-news\/medaille-dor-pour-sonja-durrer\/\",\"name\":\"M\u00e9daille d\u2019or pour Sonja Durrer | SBC\",\"isPartOf\":{\"@id\":\"https:\/\/swissbaker.ch\/fr\/#website\"},\"primaryImageOfPage\":{\"@id\":\"https:\/\/swissbaker.ch\/fr\/panissimo-news\/medaille-dor-pour-sonja-durrer\/#primaryimage\"},\"image\":{\"@id\":\"https:\/\/swissbaker.ch\/fr\/panissimo-news\/medaille-dor-pour-sonja-durrer\/#primaryimage\"},\"thumbnailUrl\":\"https:\/\/swissbaker.ch\/wp-content\/uploads\/2022\/04\/NL-17.1_worldskills_durrer_gold.jpg\",\"datePublished\":\"2019-08-28T08:05:00+00:00\",\"dateModified\":\"2022-05-20T13:05:09+00:00\",\"breadcrumb\":{\"@id\":\"https:\/\/swissbaker.ch\/fr\/panissimo-news\/medaille-dor-pour-sonja-durrer\/#breadcrumb\"},\"inLanguage\":\"fr-FR\",\"potentialAction\":[{\"@type\":\"ReadAction\",\"target\":[\"https:\/\/swissbaker.ch\/fr\/panissimo-news\/medaille-dor-pour-sonja-durrer\/\"]}]},{\"@type\":\"ImageObject\",\"inLanguage\":\"fr-FR\",\"@id\":\"https:\/\/swissbaker.ch\/fr\/panissimo-news\/medaille-dor-pour-sonja-durrer\/#primaryimage\",\"url\":\"https:\/\/swissbaker.ch\/wp-content\/uploads\/2022\/04\/NL-17.1_worldskills_durrer_gold.jpg\",\"contentUrl\":\"https:\/\/swissbaker.ch\/wp-content\/uploads\/2022\/04\/NL-17.1_worldskills_durrer_gold.jpg\",\"width\":800,\"height\":474,\"caption\":\"M\u00e9daille d\u2019or pour Sonja Durrer\"},{\"@type\":\"BreadcrumbList\",\"@id\":\"https:\/\/swissbaker.ch\/fr\/panissimo-news\/medaille-dor-pour-sonja-durrer\/#breadcrumb\",\"itemListElement\":[{\"@type\":\"ListItem\",\"position\":1,\"name\":\"\",\"item\":\"https:\/\/swissbaker.ch\/fr\/\"},{\"@type\":\"ListItem\",\"position\":2,\"name\":\"Concours\",\"item\":\"https:\/\/swissbaker.ch\/fr\/panissimo-news\/category\/concours\/\"},{\"@type\":\"ListItem\",\"position\":3,\"name\":\"M\u00e9daille d\u2019or pour Sonja Durrer\"}]},{\"@type\":\"WebSite\",\"@id\":\"https:\/\/swissbaker.ch\/fr\/#website\",\"url\":\"https:\/\/swissbaker.ch\/fr\/\",\"name\":\"SBC\",\"description\":\"\",\"publisher\":{\"@id\":\"https:\/\/swissbaker.ch\/fr\/#organization\"},\"potentialAction\":[{\"@type\":\"SearchAction\",\"target\":{\"@type\":\"EntryPoint\",\"urlTemplate\":\"https:\/\/swissbaker.ch\/fr\/?s={search_term_string}\"},\"query-input\":{\"@type\":\"PropertyValueSpecification\",\"valueRequired\":true,\"valueName\":\"search_term_string\"}}],\"inLanguage\":\"fr-FR\"},{\"@type\":\"Organization\",\"@id\":\"https:\/\/swissbaker.ch\/fr\/#organization\",\"name\":\"Schweizerischer B\u00e4cker-Confiseurmeister-Verband\",\"url\":\"https:\/\/swissbaker.ch\/fr\/\",\"logo\":{\"@type\":\"ImageObject\",\"inLanguage\":\"fr-FR\",\"@id\":\"https:\/\/swissbaker.ch\/fr\/#\/schema\/logo\/image\/\",\"url\":\"https:\/\/swissbaker.ch\/wp-content\/uploads\/2022\/04\/sbc-logo-yoast.jpg\",\"contentUrl\":\"https:\/\/swissbaker.ch\/wp-content\/uploads\/2022\/04\/sbc-logo-yoast.jpg\",\"width\":512,\"height\":512,\"caption\":\"Schweizerischer B\u00e4cker-Confiseurmeister-Verband\"},\"image\":{\"@id\":\"https:\/\/swissbaker.ch\/fr\/#\/schema\/logo\/image\/\"},\"sameAs\":[\"https:\/\/www.facebook.com\/swissbaker.ch\",\"https:\/\/x.com\/ch_swissbaker\"]},{\"@type\":\"Person\",\"@id\":\"https:\/\/swissbaker.ch\/fr\/#\/schema\/person\/058ac47619f7da53df62aba60f939b78\",\"name\":\"azureart\",\"image\":{\"@type\":\"ImageObject\",\"inLanguage\":\"fr-FR\",\"@id\":\"https:\/\/swissbaker.ch\/fr\/#\/schema\/person\/image\/\",\"url\":\"https:\/\/secure.gravatar.com\/avatar\/be04dd3098fd612c83067af4f7a295384c93cb6a9112f51beb9d2f477d25da61?s=96&d=mm&r=g\",\"contentUrl\":\"https:\/\/secure.gravatar.com\/avatar\/be04dd3098fd612c83067af4f7a295384c93cb6a9112f51beb9d2f477d25da61?s=96&d=mm&r=g\",\"caption\":\"azureart\"},\"sameAs\":[\"https:\/\/swissbaker.ch\"],\"url\":\"https:\/\/swissbaker.ch\/fr\/panissimo-news\/author\/pixel-ahoi\/\"}]}<\/script>\n<!-- \/ Yoast SEO Premium plugin. -->","yoast_head_json":{"title":"M\u00e9daille d\u2019or pour Sonja Durrer | SBC","robots":{"index":"index","follow":"follow","max-snippet":"max-snippet:-1","max-image-preview":"max-image-preview:large","max-video-preview":"max-video-preview:-1"},"canonical":"https:\/\/swissbaker.ch\/fr\/panissimo-news\/medaille-dor-pour-sonja-durrer\/","og_locale":"fr_FR","og_type":"article","og_title":"M\u00e9daille d\u2019or pour Sonja Durrer","og_description":"Mardi en Russie, la Suisse a d\u00e9croch\u00e9 l\u2019or dans la cat\u00e9gorie boulangerie-p\u00e2tisserie aux championnats du monde des m\u00e9tiers, les WorldSkills. Sonia Durrer a convaincu le jury avec sa prestation de haute qualit\u00e9. La Zurichoise Rahel Weber s\u2019est mesur\u00e9e aux meilleurs p\u00e2tissiers-confiseurs internationaux. Photos et vid\u00e9os:Galerie Concours&nbsp; &nbsp;\/&nbsp; &nbsp;Galerie c\u00e9r\u00e9monie de cl\u00f4ture&nbsp; &nbsp;\/&nbsp;&nbsp;sujets vid\u00e9o et audio A 19 ans, Sonja Durrer [&hellip;]","og_url":"https:\/\/swissbaker.ch\/fr\/panissimo-news\/medaille-dor-pour-sonja-durrer\/","og_site_name":"SBC","article_publisher":"https:\/\/www.facebook.com\/swissbaker.ch","article_published_time":"2019-08-28T08:05:00+00:00","article_modified_time":"2022-05-20T13:05:09+00:00","og_image":[{"width":800,"height":474,"url":"https:\/\/swissbaker.ch\/wp-content\/uploads\/2022\/04\/NL-17.1_worldskills_durrer_gold.jpg","type":"image\/jpeg"}],"author":"azureart","twitter_card":"summary_large_image","twitter_creator":"@ch_swissbaker","twitter_site":"@ch_swissbaker","twitter_misc":{"Written by":"azureart","Est. reading time":"3 minutes"},"schema":{"@context":"https:\/\/schema.org","@graph":[{"@type":"Article","@id":"https:\/\/swissbaker.ch\/fr\/panissimo-news\/medaille-dor-pour-sonja-durrer\/#article","isPartOf":{"@id":"https:\/\/swissbaker.ch\/fr\/panissimo-news\/medaille-dor-pour-sonja-durrer\/"},"author":{"name":"azureart","@id":"https:\/\/swissbaker.ch\/fr\/#\/schema\/person\/058ac47619f7da53df62aba60f939b78"},"headline":"M\u00e9daille d\u2019or pour Sonja Durrer","datePublished":"2019-08-28T08:05:00+00:00","dateModified":"2022-05-20T13:05:09+00:00","mainEntityOfPage":{"@id":"https:\/\/swissbaker.ch\/fr\/panissimo-news\/medaille-dor-pour-sonja-durrer\/"},"wordCount":460,"commentCount":0,"publisher":{"@id":"https:\/\/swissbaker.ch\/fr\/#organization"},"image":{"@id":"https:\/\/swissbaker.ch\/fr\/panissimo-news\/medaille-dor-pour-sonja-durrer\/#primaryimage"},"thumbnailUrl":"https:\/\/swissbaker.ch\/wp-content\/uploads\/2022\/04\/NL-17.1_worldskills_durrer_gold.jpg","articleSection":["Concours"],"inLanguage":"fr-FR","potentialAction":[{"@type":"CommentAction","name":"Comment","target":["https:\/\/swissbaker.ch\/fr\/panissimo-news\/medaille-dor-pour-sonja-durrer\/#respond"]}]},{"@type":"WebPage","@id":"https:\/\/swissbaker.ch\/fr\/panissimo-news\/medaille-dor-pour-sonja-durrer\/","url":"https:\/\/swissbaker.ch\/fr\/panissimo-news\/medaille-dor-pour-sonja-durrer\/","name":"M\u00e9daille d\u2019or pour Sonja Durrer | SBC","isPartOf":{"@id":"https:\/\/swissbaker.ch\/fr\/#website"},"primaryImageOfPage":{"@id":"https:\/\/swissbaker.ch\/fr\/panissimo-news\/medaille-dor-pour-sonja-durrer\/#primaryimage"},"image":{"@id":"https:\/\/swissbaker.ch\/fr\/panissimo-news\/medaille-dor-pour-sonja-durrer\/#primaryimage"},"thumbnailUrl":"https:\/\/swissbaker.ch\/wp-content\/uploads\/2022\/04\/NL-17.1_worldskills_durrer_gold.jpg","datePublished":"2019-08-28T08:05:00+00:00","dateModified":"2022-05-20T13:05:09+00:00","breadcrumb":{"@id":"https:\/\/swissbaker.ch\/fr\/panissimo-news\/medaille-dor-pour-sonja-durrer\/#breadcrumb"},"inLanguage":"fr-FR","potentialAction":[{"@type":"ReadAction","target":["https:\/\/swissbaker.ch\/fr\/panissimo-news\/medaille-dor-pour-sonja-durrer\/"]}]},{"@type":"ImageObject","inLanguage":"fr-FR","@id":"https:\/\/swissbaker.ch\/fr\/panissimo-news\/medaille-dor-pour-sonja-durrer\/#primaryimage","url":"https:\/\/swissbaker.ch\/wp-content\/uploads\/2022\/04\/NL-17.1_worldskills_durrer_gold.jpg","contentUrl":"https:\/\/swissbaker.ch\/wp-content\/uploads\/2022\/04\/NL-17.1_worldskills_durrer_gold.jpg","width":800,"height":474,"caption":"M\u00e9daille d\u2019or pour Sonja Durrer"},{"@type":"BreadcrumbList","@id":"https:\/\/swissbaker.ch\/fr\/panissimo-news\/medaille-dor-pour-sonja-durrer\/#breadcrumb","itemListElement":[{"@type":"ListItem","position":1,"name":"","item":"https:\/\/swissbaker.ch\/fr\/"},{"@type":"ListItem","position":2,"name":"Concours","item":"https:\/\/swissbaker.ch\/fr\/panissimo-news\/category\/concours\/"},{"@type":"ListItem","position":3,"name":"M\u00e9daille d\u2019or pour Sonja Durrer"}]},{"@type":"WebSite","@id":"https:\/\/swissbaker.ch\/fr\/#website","url":"https:\/\/swissbaker.ch\/fr\/","name":"SBC","description":"","publisher":{"@id":"https:\/\/swissbaker.ch\/fr\/#organization"},"potentialAction":[{"@type":"SearchAction","target":{"@type":"EntryPoint","urlTemplate":"https:\/\/swissbaker.ch\/fr\/?s={search_term_string}"},"query-input":{"@type":"PropertyValueSpecification","valueRequired":true,"valueName":"search_term_string"}}],"inLanguage":"fr-FR"},{"@type":"Organization","@id":"https:\/\/swissbaker.ch\/fr\/#organization","name":"Schweizerischer B\u00e4cker-Confiseurmeister-Verband","url":"https:\/\/swissbaker.ch\/fr\/","logo":{"@type":"ImageObject","inLanguage":"fr-FR","@id":"https:\/\/swissbaker.ch\/fr\/#\/schema\/logo\/image\/","url":"https:\/\/swissbaker.ch\/wp-content\/uploads\/2022\/04\/sbc-logo-yoast.jpg","contentUrl":"https:\/\/swissbaker.ch\/wp-content\/uploads\/2022\/04\/sbc-logo-yoast.jpg","width":512,"height":512,"caption":"Schweizerischer B\u00e4cker-Confiseurmeister-Verband"},"image":{"@id":"https:\/\/swissbaker.ch\/fr\/#\/schema\/logo\/image\/"},"sameAs":["https:\/\/www.facebook.com\/swissbaker.ch","https:\/\/x.com\/ch_swissbaker"]},{"@type":"Person","@id":"https:\/\/swissbaker.ch\/fr\/#\/schema\/person\/058ac47619f7da53df62aba60f939b78","name":"azureart","image":{"@type":"ImageObject","inLanguage":"fr-FR","@id":"https:\/\/swissbaker.ch\/fr\/#\/schema\/person\/image\/","url":"https:\/\/secure.gravatar.com\/avatar\/be04dd3098fd612c83067af4f7a295384c93cb6a9112f51beb9d2f477d25da61?s=96&d=mm&r=g","contentUrl":"https:\/\/secure.gravatar.com\/avatar\/be04dd3098fd612c83067af4f7a295384c93cb6a9112f51beb9d2f477d25da61?s=96&d=mm&r=g","caption":"azureart"},"sameAs":["https:\/\/swissbaker.ch"],"url":"https:\/\/swissbaker.ch\/fr\/panissimo-news\/author\/pixel-ahoi\/"}]}},"_links":{"self":[{"href":"https:\/\/swissbaker.ch\/fr\/wp-json\/wp\/v2\/posts\/10444","targetHints":{"allow":["GET"]}}],"collection":[{"href":"https:\/\/swissbaker.ch\/fr\/wp-json\/wp\/v2\/posts"}],"about":[{"href":"https:\/\/swissbaker.ch\/fr\/wp-json\/wp\/v2\/types\/post"}],"author":[{"embeddable":true,"href":"https:\/\/swissbaker.ch\/fr\/wp-json\/wp\/v2\/users\/1"}],"replies":[{"embeddable":true,"href":"https:\/\/swissbaker.ch\/fr\/wp-json\/wp\/v2\/comments?post=10444"}],"version-history":[{"count":0,"href":"https:\/\/swissbaker.ch\/fr\/wp-json\/wp\/v2\/posts\/10444\/revisions"}],"wp:featuredmedia":[{"embeddable":true,"href":"https:\/\/swissbaker.ch\/fr\/wp-json\/wp\/v2\/media\/6131"}],"wp:attachment":[{"href":"https:\/\/swissbaker.ch\/fr\/wp-json\/wp\/v2\/media?parent=10444"}],"wp:term":[{"taxonomy":"category","embeddable":true,"href":"https:\/\/swissbaker.ch\/fr\/wp-json\/wp\/v2\/categories?post=10444"},{"taxonomy":"post_tag","embeddable":true,"href":"https:\/\/swissbaker.ch\/fr\/wp-json\/wp\/v2\/tags?post=10444"}],"curies":[{"name":"wp","href":"https:\/\/api.w.org\/{rel}","templated":true}]}}