{"id":10391,"date":"2019-09-25T13:57:00","date_gmt":"2019-09-25T11:57:00","guid":{"rendered":"https:\/\/swissbaker.ch\/?p=10391"},"modified":"2022-05-20T14:01:28","modified_gmt":"2022-05-20T12:01:28","slug":"elections-a-berne","status":"publish","type":"post","link":"https:\/\/swissbaker.ch\/fr\/panissimo-news\/elections-a-berne\/","title":{"rendered":"Elections \u00e0 Berne"},"content":{"rendered":"\n<p><strong>\u00ab\u2009panissimo\u2009\u00bb a questionn\u00e9 des candidats, que la BCS soutient et li\u00e9s au secteur, dont la Fribourgeoise Nadine Gobet.<\/strong><\/p>\n\n\n\n<p><strong>Pourquoi \u00eates-vous candidate au Conseil national ?<\/strong><br>Apr\u00e8s 13 ans d\u2019exp\u00e9rience au Grand Conseil, me pr\u00e9senter au Conseil national est pour moi une suite logique dans mon parcours politique. De plus, je suis r\u00e9guli\u00e8rement confront\u00e9e dans mon activit\u00e9 professionnelle aux d\u00e9cisions qui sont prises \u00e0 Berne.<\/p>\n\n\n\n<p><strong>Que ferez-vous au Parlement ?<\/strong><br>En tant que directrice d\u2019une F\u00e9d\u00e9ration patronale, il est clair que je d\u00e9fendrai les int\u00e9r\u00eats des entreprises et plus particuli\u00e8rement des PME, notamment des m\u00e9tiers de bouche qui sont nombreux dans les associations que nous g\u00e9rons.<\/p>\n\n\n\n<p><strong>Le manque de personnel qualifi\u00e9 et de personnel subalterne est g\u00e9n\u00e9ralement un sujet de m\u00e9tier et ne concerne pas uniquement notre secteur. Que doit faire<br>la politique\u2009?<\/strong><br>Pour combler ce manque de main-d\u2019\u0153uvre qualifi\u00e9e, nous devons encore plus miser sur la formation duale, une grande force de notre pays. Elle n\u2019est pas assez valoris\u00e9e par rapport \u00e0 la voie acad\u00e9mique. Il y a un gros travail \u00e0 faire sur l\u2019image de l\u2019apprentissage aupr\u00e8s des jeunes et des parents.<\/p>\n\n\n\n<p><strong>L\u2019effort administratif et les exigences r\u00e9glementaires prennent une ampleur presque insupportable pour les op\u00e9rations commerciales de la branche. O\u00f9 voulez-vous commencer le levier ?<\/strong><br>De mani\u00e8re g\u00e9n\u00e9rale, la num\u00e9risation devrait permettre de simplifier certaines proc\u00e9dures. Pour la boulangerie-confiserie plus sp\u00e9cifiquement, nous pourrions par exemple am\u00e9liorer l\u2019aspect r\u00e9glementaire en \u00e9tant plus flexible sur le travail de nuit pour les apprentis.<\/p>\n\n\n\n<p><strong>Quel est votre produit pr\u00e9f\u00e9r\u00e9 de boulangerie-confiserie ?<\/strong><br>En tant que Fribourgeoise, la Cuchaule AOP bien entendu.<\/p>\n\n\n\n<p><strong>Nadine Gobet,<\/strong> n\u00e9e en 1969, juriste, directrice de la F\u00e9d\u00e9ration patronale et \u00e9conomique qui g\u00e8re le secr\u00e9tariat de l\u2019ARABPC, d\u00e9put\u00e9e PLR au Grand Conseil, vice-pr\u00e9sidente du conseil d\u2019administration des Transports publics fribourgeois, vice-pr\u00e9sidente du conseil de fondation Les Buissonnets.<\/p>\n\n\n\n<p>Davantage d\u2019entrepreneuriat est n\u00e9cessaire au Palais f\u00e9d\u00e9ral. L\u2019augmentation des t\u00e2ches l\u00e9gales et des contraintes envers les entreprises artisanales pourront ainsi \u00eatre stopp\u00e9es.<a href=\"https:\/\/www.swissbaker.ch\/inhalte\/03_dokumente\/politik\/allgemein\/Wahlkampf2019_aber_richtig_Kandidaten.pdf\"> Recommandations de vote<\/a><\/p>\n","protected":false},"excerpt":{"rendered":"<p>\u00ab\u2009panissimo\u2009\u00bb a questionn\u00e9 des candidats, que la BCS soutient et li\u00e9s au secteur, dont la Fribourgeoise Nadine Gobet. Pourquoi \u00eates-vous candidate au Conseil national ?Apr\u00e8s 13 ans d\u2019exp\u00e9rience au Grand Conseil, me pr\u00e9senter au Conseil national est pour moi une suite logique dans mon parcours politique. De plus, je suis r\u00e9guli\u00e8rement confront\u00e9e dans mon activit\u00e9 professionnelle aux d\u00e9cisions qui sont [&hellip;]<\/p>\n","protected":false},"author":1,"featured_media":10392,"comment_status":"open","ping_status":"closed","sticky":false,"template":"","format":"standard","meta":{"_acf_changed":false,"footnotes":""},"categories":[44],"tags":[],"class_list":["post-10391","post","type-post","status-publish","format-standard","has-post-thumbnail","hentry","category-droit-politique"],"acf":[],"yoast_head":"<!-- This site is optimized with the Yoast SEO Premium plugin v26.8 (Yoast SEO v26.8) - https:\/\/yoast.com\/product\/yoast-seo-premium-wordpress\/ -->\n<title>Elections \u00e0 Berne | SBC<\/title>\n<meta name=\"robots\" content=\"index, follow, max-snippet:-1, max-image-preview:large, max-video-preview:-1\" \/>\n<link rel=\"canonical\" href=\"https:\/\/swissbaker.ch\/fr\/panissimo-news\/elections-a-berne\/\" \/>\n<meta property=\"og:locale\" content=\"fr_FR\" \/>\n<meta property=\"og:type\" content=\"article\" \/>\n<meta property=\"og:title\" content=\"Elections \u00e0 Berne\" \/>\n<meta property=\"og:description\" content=\"\u00ab\u2009panissimo\u2009\u00bb a questionn\u00e9 des candidats, que la BCS soutient et li\u00e9s au secteur, dont la Fribourgeoise Nadine Gobet. Pourquoi \u00eates-vous candidate au Conseil national ?Apr\u00e8s 13 ans d\u2019exp\u00e9rience au Grand Conseil, me pr\u00e9senter au Conseil national est pour moi une suite logique dans mon parcours politique. De plus, je suis r\u00e9guli\u00e8rement confront\u00e9e dans mon activit\u00e9 professionnelle aux d\u00e9cisions qui sont [&hellip;]\" \/>\n<meta property=\"og:url\" content=\"https:\/\/swissbaker.ch\/fr\/panissimo-news\/elections-a-berne\/\" \/>\n<meta property=\"og:site_name\" content=\"SBC\" \/>\n<meta property=\"article:publisher\" content=\"https:\/\/www.facebook.com\/swissbaker.ch\" \/>\n<meta property=\"article:published_time\" content=\"2019-09-25T11:57:00+00:00\" \/>\n<meta property=\"article:modified_time\" content=\"2022-05-20T12:01:28+00:00\" \/>\n<meta property=\"og:image\" content=\"https:\/\/swissbaker.ch\/wp-content\/uploads\/2022\/05\/nl-19.1_nadind_gobet.jpg\" \/>\n\t<meta property=\"og:image:width\" content=\"800\" \/>\n\t<meta property=\"og:image:height\" content=\"474\" \/>\n\t<meta property=\"og:image:type\" content=\"image\/jpeg\" \/>\n<meta name=\"author\" content=\"azureart\" \/>\n<meta name=\"twitter:card\" content=\"summary_large_image\" \/>\n<meta name=\"twitter:creator\" content=\"@ch_swissbaker\" \/>\n<meta name=\"twitter:site\" content=\"@ch_swissbaker\" \/>\n<meta name=\"twitter:label1\" content=\"Written by\" \/>\n\t<meta name=\"twitter:data1\" content=\"azureart\" \/>\n\t<meta name=\"twitter:label2\" content=\"Est. reading time\" \/>\n\t<meta name=\"twitter:data2\" content=\"2 minutes\" \/>\n<script type=\"application\/ld+json\" class=\"yoast-schema-graph\">{\"@context\":\"https:\/\/schema.org\",\"@graph\":[{\"@type\":\"Article\",\"@id\":\"https:\/\/swissbaker.ch\/fr\/panissimo-news\/elections-a-berne\/#article\",\"isPartOf\":{\"@id\":\"https:\/\/swissbaker.ch\/fr\/panissimo-news\/elections-a-berne\/\"},\"author\":{\"name\":\"azureart\",\"@id\":\"https:\/\/swissbaker.ch\/fr\/#\/schema\/person\/058ac47619f7da53df62aba60f939b78\"},\"headline\":\"Elections \u00e0 Berne\",\"datePublished\":\"2019-09-25T11:57:00+00:00\",\"dateModified\":\"2022-05-20T12:01:28+00:00\",\"mainEntityOfPage\":{\"@id\":\"https:\/\/swissbaker.ch\/fr\/panissimo-news\/elections-a-berne\/\"},\"wordCount\":377,\"commentCount\":0,\"publisher\":{\"@id\":\"https:\/\/swissbaker.ch\/fr\/#organization\"},\"image\":{\"@id\":\"https:\/\/swissbaker.ch\/fr\/panissimo-news\/elections-a-berne\/#primaryimage\"},\"thumbnailUrl\":\"https:\/\/swissbaker.ch\/wp-content\/uploads\/2022\/05\/nl-19.1_nadind_gobet.jpg\",\"articleSection\":[\"Droit &amp; politique\"],\"inLanguage\":\"fr-FR\",\"potentialAction\":[{\"@type\":\"CommentAction\",\"name\":\"Comment\",\"target\":[\"https:\/\/swissbaker.ch\/fr\/panissimo-news\/elections-a-berne\/#respond\"]}]},{\"@type\":\"WebPage\",\"@id\":\"https:\/\/swissbaker.ch\/fr\/panissimo-news\/elections-a-berne\/\",\"url\":\"https:\/\/swissbaker.ch\/fr\/panissimo-news\/elections-a-berne\/\",\"name\":\"Elections \u00e0 Berne | SBC\",\"isPartOf\":{\"@id\":\"https:\/\/swissbaker.ch\/fr\/#website\"},\"primaryImageOfPage\":{\"@id\":\"https:\/\/swissbaker.ch\/fr\/panissimo-news\/elections-a-berne\/#primaryimage\"},\"image\":{\"@id\":\"https:\/\/swissbaker.ch\/fr\/panissimo-news\/elections-a-berne\/#primaryimage\"},\"thumbnailUrl\":\"https:\/\/swissbaker.ch\/wp-content\/uploads\/2022\/05\/nl-19.1_nadind_gobet.jpg\",\"datePublished\":\"2019-09-25T11:57:00+00:00\",\"dateModified\":\"2022-05-20T12:01:28+00:00\",\"breadcrumb\":{\"@id\":\"https:\/\/swissbaker.ch\/fr\/panissimo-news\/elections-a-berne\/#breadcrumb\"},\"inLanguage\":\"fr-FR\",\"potentialAction\":[{\"@type\":\"ReadAction\",\"target\":[\"https:\/\/swissbaker.ch\/fr\/panissimo-news\/elections-a-berne\/\"]}]},{\"@type\":\"ImageObject\",\"inLanguage\":\"fr-FR\",\"@id\":\"https:\/\/swissbaker.ch\/fr\/panissimo-news\/elections-a-berne\/#primaryimage\",\"url\":\"https:\/\/swissbaker.ch\/wp-content\/uploads\/2022\/05\/nl-19.1_nadind_gobet.jpg\",\"contentUrl\":\"https:\/\/swissbaker.ch\/wp-content\/uploads\/2022\/05\/nl-19.1_nadind_gobet.jpg\",\"width\":800,\"height\":474,\"caption\":\"Elections \u00e0 Berne\"},{\"@type\":\"BreadcrumbList\",\"@id\":\"https:\/\/swissbaker.ch\/fr\/panissimo-news\/elections-a-berne\/#breadcrumb\",\"itemListElement\":[{\"@type\":\"ListItem\",\"position\":1,\"name\":\"\",\"item\":\"https:\/\/swissbaker.ch\/fr\/\"},{\"@type\":\"ListItem\",\"position\":2,\"name\":\"Droit &amp; politique\",\"item\":\"https:\/\/swissbaker.ch\/fr\/panissimo-news\/category\/droit-politique\/\"},{\"@type\":\"ListItem\",\"position\":3,\"name\":\"Elections \u00e0 Berne\"}]},{\"@type\":\"WebSite\",\"@id\":\"https:\/\/swissbaker.ch\/fr\/#website\",\"url\":\"https:\/\/swissbaker.ch\/fr\/\",\"name\":\"SBC\",\"description\":\"\",\"publisher\":{\"@id\":\"https:\/\/swissbaker.ch\/fr\/#organization\"},\"potentialAction\":[{\"@type\":\"SearchAction\",\"target\":{\"@type\":\"EntryPoint\",\"urlTemplate\":\"https:\/\/swissbaker.ch\/fr\/?s={search_term_string}\"},\"query-input\":{\"@type\":\"PropertyValueSpecification\",\"valueRequired\":true,\"valueName\":\"search_term_string\"}}],\"inLanguage\":\"fr-FR\"},{\"@type\":\"Organization\",\"@id\":\"https:\/\/swissbaker.ch\/fr\/#organization\",\"name\":\"Schweizerischer B\u00e4cker-Confiseurmeister-Verband\",\"url\":\"https:\/\/swissbaker.ch\/fr\/\",\"logo\":{\"@type\":\"ImageObject\",\"inLanguage\":\"fr-FR\",\"@id\":\"https:\/\/swissbaker.ch\/fr\/#\/schema\/logo\/image\/\",\"url\":\"https:\/\/swissbaker.ch\/wp-content\/uploads\/2022\/04\/sbc-logo-yoast.jpg\",\"contentUrl\":\"https:\/\/swissbaker.ch\/wp-content\/uploads\/2022\/04\/sbc-logo-yoast.jpg\",\"width\":512,\"height\":512,\"caption\":\"Schweizerischer B\u00e4cker-Confiseurmeister-Verband\"},\"image\":{\"@id\":\"https:\/\/swissbaker.ch\/fr\/#\/schema\/logo\/image\/\"},\"sameAs\":[\"https:\/\/www.facebook.com\/swissbaker.ch\",\"https:\/\/x.com\/ch_swissbaker\"]},{\"@type\":\"Person\",\"@id\":\"https:\/\/swissbaker.ch\/fr\/#\/schema\/person\/058ac47619f7da53df62aba60f939b78\",\"name\":\"azureart\",\"image\":{\"@type\":\"ImageObject\",\"inLanguage\":\"fr-FR\",\"@id\":\"https:\/\/swissbaker.ch\/fr\/#\/schema\/person\/image\/\",\"url\":\"https:\/\/secure.gravatar.com\/avatar\/be04dd3098fd612c83067af4f7a295384c93cb6a9112f51beb9d2f477d25da61?s=96&d=mm&r=g\",\"contentUrl\":\"https:\/\/secure.gravatar.com\/avatar\/be04dd3098fd612c83067af4f7a295384c93cb6a9112f51beb9d2f477d25da61?s=96&d=mm&r=g\",\"caption\":\"azureart\"},\"sameAs\":[\"https:\/\/swissbaker.ch\"],\"url\":\"https:\/\/swissbaker.ch\/fr\/panissimo-news\/author\/pixel-ahoi\/\"}]}<\/script>\n<!-- \/ Yoast SEO Premium plugin. -->","yoast_head_json":{"title":"Elections \u00e0 Berne | SBC","robots":{"index":"index","follow":"follow","max-snippet":"max-snippet:-1","max-image-preview":"max-image-preview:large","max-video-preview":"max-video-preview:-1"},"canonical":"https:\/\/swissbaker.ch\/fr\/panissimo-news\/elections-a-berne\/","og_locale":"fr_FR","og_type":"article","og_title":"Elections \u00e0 Berne","og_description":"\u00ab\u2009panissimo\u2009\u00bb a questionn\u00e9 des candidats, que la BCS soutient et li\u00e9s au secteur, dont la Fribourgeoise Nadine Gobet. Pourquoi \u00eates-vous candidate au Conseil national ?Apr\u00e8s 13 ans d\u2019exp\u00e9rience au Grand Conseil, me pr\u00e9senter au Conseil national est pour moi une suite logique dans mon parcours politique. De plus, je suis r\u00e9guli\u00e8rement confront\u00e9e dans mon activit\u00e9 professionnelle aux d\u00e9cisions qui sont [&hellip;]","og_url":"https:\/\/swissbaker.ch\/fr\/panissimo-news\/elections-a-berne\/","og_site_name":"SBC","article_publisher":"https:\/\/www.facebook.com\/swissbaker.ch","article_published_time":"2019-09-25T11:57:00+00:00","article_modified_time":"2022-05-20T12:01:28+00:00","og_image":[{"width":800,"height":474,"url":"https:\/\/swissbaker.ch\/wp-content\/uploads\/2022\/05\/nl-19.1_nadind_gobet.jpg","type":"image\/jpeg"}],"author":"azureart","twitter_card":"summary_large_image","twitter_creator":"@ch_swissbaker","twitter_site":"@ch_swissbaker","twitter_misc":{"Written by":"azureart","Est. reading time":"2 minutes"},"schema":{"@context":"https:\/\/schema.org","@graph":[{"@type":"Article","@id":"https:\/\/swissbaker.ch\/fr\/panissimo-news\/elections-a-berne\/#article","isPartOf":{"@id":"https:\/\/swissbaker.ch\/fr\/panissimo-news\/elections-a-berne\/"},"author":{"name":"azureart","@id":"https:\/\/swissbaker.ch\/fr\/#\/schema\/person\/058ac47619f7da53df62aba60f939b78"},"headline":"Elections \u00e0 Berne","datePublished":"2019-09-25T11:57:00+00:00","dateModified":"2022-05-20T12:01:28+00:00","mainEntityOfPage":{"@id":"https:\/\/swissbaker.ch\/fr\/panissimo-news\/elections-a-berne\/"},"wordCount":377,"commentCount":0,"publisher":{"@id":"https:\/\/swissbaker.ch\/fr\/#organization"},"image":{"@id":"https:\/\/swissbaker.ch\/fr\/panissimo-news\/elections-a-berne\/#primaryimage"},"thumbnailUrl":"https:\/\/swissbaker.ch\/wp-content\/uploads\/2022\/05\/nl-19.1_nadind_gobet.jpg","articleSection":["Droit &amp; politique"],"inLanguage":"fr-FR","potentialAction":[{"@type":"CommentAction","name":"Comment","target":["https:\/\/swissbaker.ch\/fr\/panissimo-news\/elections-a-berne\/#respond"]}]},{"@type":"WebPage","@id":"https:\/\/swissbaker.ch\/fr\/panissimo-news\/elections-a-berne\/","url":"https:\/\/swissbaker.ch\/fr\/panissimo-news\/elections-a-berne\/","name":"Elections \u00e0 Berne | SBC","isPartOf":{"@id":"https:\/\/swissbaker.ch\/fr\/#website"},"primaryImageOfPage":{"@id":"https:\/\/swissbaker.ch\/fr\/panissimo-news\/elections-a-berne\/#primaryimage"},"image":{"@id":"https:\/\/swissbaker.ch\/fr\/panissimo-news\/elections-a-berne\/#primaryimage"},"thumbnailUrl":"https:\/\/swissbaker.ch\/wp-content\/uploads\/2022\/05\/nl-19.1_nadind_gobet.jpg","datePublished":"2019-09-25T11:57:00+00:00","dateModified":"2022-05-20T12:01:28+00:00","breadcrumb":{"@id":"https:\/\/swissbaker.ch\/fr\/panissimo-news\/elections-a-berne\/#breadcrumb"},"inLanguage":"fr-FR","potentialAction":[{"@type":"ReadAction","target":["https:\/\/swissbaker.ch\/fr\/panissimo-news\/elections-a-berne\/"]}]},{"@type":"ImageObject","inLanguage":"fr-FR","@id":"https:\/\/swissbaker.ch\/fr\/panissimo-news\/elections-a-berne\/#primaryimage","url":"https:\/\/swissbaker.ch\/wp-content\/uploads\/2022\/05\/nl-19.1_nadind_gobet.jpg","contentUrl":"https:\/\/swissbaker.ch\/wp-content\/uploads\/2022\/05\/nl-19.1_nadind_gobet.jpg","width":800,"height":474,"caption":"Elections \u00e0 Berne"},{"@type":"BreadcrumbList","@id":"https:\/\/swissbaker.ch\/fr\/panissimo-news\/elections-a-berne\/#breadcrumb","itemListElement":[{"@type":"ListItem","position":1,"name":"","item":"https:\/\/swissbaker.ch\/fr\/"},{"@type":"ListItem","position":2,"name":"Droit &amp; politique","item":"https:\/\/swissbaker.ch\/fr\/panissimo-news\/category\/droit-politique\/"},{"@type":"ListItem","position":3,"name":"Elections \u00e0 Berne"}]},{"@type":"WebSite","@id":"https:\/\/swissbaker.ch\/fr\/#website","url":"https:\/\/swissbaker.ch\/fr\/","name":"SBC","description":"","publisher":{"@id":"https:\/\/swissbaker.ch\/fr\/#organization"},"potentialAction":[{"@type":"SearchAction","target":{"@type":"EntryPoint","urlTemplate":"https:\/\/swissbaker.ch\/fr\/?s={search_term_string}"},"query-input":{"@type":"PropertyValueSpecification","valueRequired":true,"valueName":"search_term_string"}}],"inLanguage":"fr-FR"},{"@type":"Organization","@id":"https:\/\/swissbaker.ch\/fr\/#organization","name":"Schweizerischer B\u00e4cker-Confiseurmeister-Verband","url":"https:\/\/swissbaker.ch\/fr\/","logo":{"@type":"ImageObject","inLanguage":"fr-FR","@id":"https:\/\/swissbaker.ch\/fr\/#\/schema\/logo\/image\/","url":"https:\/\/swissbaker.ch\/wp-content\/uploads\/2022\/04\/sbc-logo-yoast.jpg","contentUrl":"https:\/\/swissbaker.ch\/wp-content\/uploads\/2022\/04\/sbc-logo-yoast.jpg","width":512,"height":512,"caption":"Schweizerischer B\u00e4cker-Confiseurmeister-Verband"},"image":{"@id":"https:\/\/swissbaker.ch\/fr\/#\/schema\/logo\/image\/"},"sameAs":["https:\/\/www.facebook.com\/swissbaker.ch","https:\/\/x.com\/ch_swissbaker"]},{"@type":"Person","@id":"https:\/\/swissbaker.ch\/fr\/#\/schema\/person\/058ac47619f7da53df62aba60f939b78","name":"azureart","image":{"@type":"ImageObject","inLanguage":"fr-FR","@id":"https:\/\/swissbaker.ch\/fr\/#\/schema\/person\/image\/","url":"https:\/\/secure.gravatar.com\/avatar\/be04dd3098fd612c83067af4f7a295384c93cb6a9112f51beb9d2f477d25da61?s=96&d=mm&r=g","contentUrl":"https:\/\/secure.gravatar.com\/avatar\/be04dd3098fd612c83067af4f7a295384c93cb6a9112f51beb9d2f477d25da61?s=96&d=mm&r=g","caption":"azureart"},"sameAs":["https:\/\/swissbaker.ch"],"url":"https:\/\/swissbaker.ch\/fr\/panissimo-news\/author\/pixel-ahoi\/"}]}},"_links":{"self":[{"href":"https:\/\/swissbaker.ch\/fr\/wp-json\/wp\/v2\/posts\/10391","targetHints":{"allow":["GET"]}}],"collection":[{"href":"https:\/\/swissbaker.ch\/fr\/wp-json\/wp\/v2\/posts"}],"about":[{"href":"https:\/\/swissbaker.ch\/fr\/wp-json\/wp\/v2\/types\/post"}],"author":[{"embeddable":true,"href":"https:\/\/swissbaker.ch\/fr\/wp-json\/wp\/v2\/users\/1"}],"replies":[{"embeddable":true,"href":"https:\/\/swissbaker.ch\/fr\/wp-json\/wp\/v2\/comments?post=10391"}],"version-history":[{"count":0,"href":"https:\/\/swissbaker.ch\/fr\/wp-json\/wp\/v2\/posts\/10391\/revisions"}],"wp:featuredmedia":[{"embeddable":true,"href":"https:\/\/swissbaker.ch\/fr\/wp-json\/wp\/v2\/media\/10392"}],"wp:attachment":[{"href":"https:\/\/swissbaker.ch\/fr\/wp-json\/wp\/v2\/media?parent=10391"}],"wp:term":[{"taxonomy":"category","embeddable":true,"href":"https:\/\/swissbaker.ch\/fr\/wp-json\/wp\/v2\/categories?post=10391"},{"taxonomy":"post_tag","embeddable":true,"href":"https:\/\/swissbaker.ch\/fr\/wp-json\/wp\/v2\/tags?post=10391"}],"curies":[{"name":"wp","href":"https:\/\/api.w.org\/{rel}","templated":true}]}}